{"id":1554938,"date":"2022-04-03T10:16:05","date_gmt":"2022-04-03T09:16:05","guid":{"rendered":"https:\/\/www.pressenza.com\/?p=1554938"},"modified":"2022-04-03T10:16:05","modified_gmt":"2022-04-03T09:16:05","slug":"senegal-forum-humaniste-de-malika","status":"publish","type":"post","link":"https:\/\/www.pressenza.com\/fr\/2022\/04\/senegal-forum-humaniste-de-malika\/","title":{"rendered":"S\u00e9n\u00e9gal &#8211; Forum Humaniste de Malika"},"content":{"rendered":"<p align=\"justify\"><span lang=\"fr-FR\">Le premier Forum Humaniste de <strong>Malika<\/strong> a eu lieu samedi 26 mars au \u00ab\u00a0Foyer de la jeunesse\u00a0\u00bb de la commune de la banlieue de Dakar, au S\u00e9n\u00e9gal. L&rsquo;association italienne <\/span><span lang=\"fr-FR\"><i>Energia per i diritti umani Onlus <\/i><\/span><span lang=\"fr-FR\">a organis\u00e9 le forum en partenariat avec <\/span><span lang=\"fr-FR\"><i>Renken Onlus<\/i><\/span><span lang=\"fr-FR\"> et les associations locales \u00c9nergie pour les droits de l&rsquo;homme S\u00e9n\u00e9gal et AS Malika. L&rsquo;\u00e9v\u00e9nement s&rsquo;est inspir\u00e9 d&rsquo;exp\u00e9riences similaires d\u00e9j\u00e0 organis\u00e9es dans la commune de Pikine Est, en banlieue de Dakar, \u00e0 quatre reprises entre 2018 et 2021.<\/span><\/p>\n<p align=\"justify\"><span lang=\"fr-FR\">Ces moments de rencontre visent \u00e0 catalyser les \u00e9nergies et les id\u00e9es de la soci\u00e9t\u00e9 civile locale pour mettre en place des r\u00e9seaux sociaux et analyser ensemble les probl\u00e8mes du territoire. La journ\u00e9e de Malika s&rsquo;est d\u00e9roul\u00e9e en deux phases comme les pr\u00e9c\u00e9dentes \u00e0 Pikine. Dans une premi\u00e8re phase, les participants se sont r\u00e9partis en groupes de travail th\u00e9matiques visant \u00e0 discuter de divers sujets. Plus pr\u00e9cis\u00e9ment,\u00a0 cinq domaines de discussion ont \u00e9t\u00e9 identifi\u00e9s:<\/span><\/p>\n<p align=\"justify\"><span lang=\"fr-FR\">1. Femmes et d\u00e9veloppement<\/span><\/p>\n<p align=\"justify\"><span lang=\"fr-FR\">2. Sport et sant\u00e9<\/span><\/p>\n<p align=\"justify\"><span lang=\"fr-FR\">3. Jeunesse et entrepreneuriat<\/span><\/p>\n<p align=\"justify\"><span lang=\"fr-FR\">4. \u00c9ducation, art et culture<\/span><\/p>\n<p align=\"justify\"><span lang=\"fr-FR\">5. Environnement, s\u00e9curit\u00e9 et solidarit\u00e9<\/span><\/p>\n<p align=\"justify\"><span lang=\"fr-FR\">Les groupes ont d\u00e9battu chacun sur leur propre th\u00e8me et ont \u00e9labor\u00e9 des synth\u00e8ses sur des affiches, en suivant le sch\u00e9ma d&rsquo;analyse des probl\u00e8mes actuels et en proposant des pistes de solutions. Dans la deuxi\u00e8me phase du Forum, tous les participants, environ 60, se sont r\u00e9unis pour la restitution finale. Un porte-parole de chaque table de discussion a pr\u00e9sent\u00e9 le r\u00e9sum\u00e9 de la discussion \u00e0 l&rsquo;auditoire.<\/span><\/p>\n<p align=\"justify\"><span lang=\"fr-FR\">Le Forum a \u00e9t\u00e9 un succ\u00e8s, dans une atmosph\u00e8re d&rsquo;int\u00e9r\u00eat et le d\u00e9sir de contribuer \u00e0 l&rsquo;am\u00e9lioration des conditions de vie de la communaut\u00e9. En effet, l&rsquo;importance de l&rsquo;esprit d&rsquo;initiative des associations locales et des citoyens ordinaires a \u00e9t\u00e9 l&rsquo;un des th\u00e8mes r\u00e9currents de la rencontre, au regard\u00a0 de la prise de conscience que les institutions publiques n&rsquo;ont pas les moyens ni la possibilit\u00e9 d&rsquo;intervenir efficacement sur tous les fronts. La collaboration avec les citoyens s&rsquo;av\u00e8re n\u00e9cessaire pour atteindre des objectifs communs. Tout cela est possible gr\u00e2ce \u00e0 la prise de conscience renouvel\u00e9e des individus que leur contribution, organis\u00e9e en r\u00e9seau, est n\u00e9cessaire pour avoir un impact sur le d\u00e9veloppement du territoire. Le Forum a atteint l\u2019objectif de pousser la mobilisation des \u00e9nergies locales. Les organisateurs visent maintenant \u00e0 reproduire l&rsquo;exp\u00e9rience de Malika dans les mois \u00e0 venir, pour donner suite au chemin entam\u00e9.<\/span><\/p>\n<p align=\"LEFT\"><img loading=\"lazy\" decoding=\"async\" class=\"aligncenter wp-image-1553905 size-full\" src=\"https:\/\/www.pressenza.com\/wp-content\/uploads\/2022\/03\/Forum-Umanista-di-Malika-2.jpg\" alt=\"\" width=\"1920\" height=\"1080\" srcset=\"https:\/\/www.pressenza.com\/wp-content\/uploads\/2022\/03\/Forum-Umanista-di-Malika-2.jpg 1920w, https:\/\/www.pressenza.com\/wp-content\/uploads\/2022\/03\/Forum-Umanista-di-Malika-2-300x169.jpg 300w, https:\/\/www.pressenza.com\/wp-content\/uploads\/2022\/03\/Forum-Umanista-di-Malika-2-820x461.jpg 820w\" sizes=\"auto, (max-width: 1920px) 100vw, 1920px\" \/><\/p>\n","protected":false},"excerpt":{"rendered":"<p>Le premier Forum Humaniste de Malika a eu lieu samedi 26 mars au \u00ab\u00a0Foyer de la jeunesse\u00a0\u00bb de la commune de la banlieue de Dakar, au S\u00e9n\u00e9gal. L&rsquo;association italienne Energia per i diritti umani Onlus a organis\u00e9 le forum en&hellip;<\/p>\n","protected":false},"author":1398,"featured_media":1553915,"comment_status":"closed","ping_status":"closed","sticky":false,"template":"","format":"standard","meta":{"footnotes":""},"categories":[83,11386,98],"tags":[],"class_list":["post-1554938","post","type-post","status-publish","format-standard","has-post-thumbnail","hentry","category-africa-fr","category-contenu-original","category-droits-de-lhomme"],"yoast_head":"<!-- This site is optimized with the Yoast SEO plugin v27.1.1 - https:\/\/yoast.com\/product\/yoast-seo-wordpress\/ -->\n<title>S\u00e9n\u00e9gal - Forum Humaniste de Malika<\/title>\n<meta name=\"description\" content=\"Le premier Forum Humaniste de Malika a eu lieu samedi 26 mars au &quot;Foyer de la jeunesse&quot; de la commune de la banlieue de Dakar, au S\u00e9n\u00e9gal. L&#039;association\" \/>\n<meta name=\"robots\" content=\"index, follow, max-snippet:-1, max-image-preview:large, max-video-preview:-1\" \/>\n<link rel=\"canonical\" href=\"https:\/\/www.pressenza.com\/fr\/2022\/04\/senegal-forum-humaniste-de-malika\/\" \/>\n<meta property=\"og:locale\" content=\"fr_FR\" \/>\n<meta property=\"og:type\" content=\"article\" \/>\n<meta property=\"og:title\" content=\"S\u00e9n\u00e9gal - Forum Humaniste de Malika\" \/>\n<meta property=\"og:description\" content=\"Le premier Forum Humaniste de Malika a eu lieu samedi 26 mars au &quot;Foyer de la jeunesse&quot; de la commune de la banlieue de Dakar, au S\u00e9n\u00e9gal. L&#039;association\" \/>\n<meta property=\"og:url\" content=\"https:\/\/www.pressenza.com\/fr\/2022\/04\/senegal-forum-humaniste-de-malika\/\" \/>\n<meta property=\"og:site_name\" content=\"Pressenza\" \/>\n<meta property=\"article:publisher\" content=\"https:\/\/www.facebook.com\/PressenzaItalia\" \/>\n<meta property=\"article:published_time\" content=\"2022-04-03T09:16:05+00:00\" \/>\n<meta property=\"og:image\" content=\"https:\/\/www.pressenza.com\/wp-content\/uploads\/2022\/03\/Forum-Umanista-di-Malika-1.jpg\" \/>\n\t<meta property=\"og:image:width\" content=\"1280\" \/>\n\t<meta property=\"og:image:height\" content=\"960\" \/>\n\t<meta property=\"og:image:type\" content=\"image\/jpeg\" \/>\n<meta name=\"author\" content=\"Energia per i Diritti Umani\" \/>\n<meta name=\"twitter:card\" content=\"summary_large_image\" \/>\n<meta name=\"twitter:creator\" content=\"@PressenzaIPA\" \/>\n<meta name=\"twitter:site\" content=\"@PressenzaIPA\" \/>\n<meta name=\"twitter:label1\" content=\"\u00c9crit par\" \/>\n\t<meta name=\"twitter:data1\" content=\"Energia per i Diritti Umani\" \/>\n\t<meta name=\"twitter:label2\" content=\"Dur\u00e9e de lecture estim\u00e9e\" \/>\n\t<meta name=\"twitter:data2\" content=\"3 minutes\" \/>\n<script type=\"application\/ld+json\" class=\"yoast-schema-graph\">{\"@context\":\"https:\/\/schema.org\",\"@graph\":[{\"@type\":\"Article\",\"@id\":\"https:\/\/www.pressenza.com\/fr\/2022\/04\/senegal-forum-humaniste-de-malika\/#article\",\"isPartOf\":{\"@id\":\"https:\/\/www.pressenza.com\/fr\/2022\/04\/senegal-forum-humaniste-de-malika\/\"},\"author\":{\"name\":\"Energia per i Diritti Umani\",\"@id\":\"https:\/\/www.pressenza.com\/fr\/#\/schema\/person\/dd1fcddd8e85d3d407a3e898e88bb1df\"},\"headline\":\"S\u00e9n\u00e9gal &#8211; Forum Humaniste de Malika\",\"datePublished\":\"2022-04-03T09:16:05+00:00\",\"mainEntityOfPage\":{\"@id\":\"https:\/\/www.pressenza.com\/fr\/2022\/04\/senegal-forum-humaniste-de-malika\/\"},\"wordCount\":448,\"publisher\":{\"@id\":\"https:\/\/www.pressenza.com\/fr\/#organization\"},\"image\":{\"@id\":\"https:\/\/www.pressenza.com\/fr\/2022\/04\/senegal-forum-humaniste-de-malika\/#primaryimage\"},\"thumbnailUrl\":\"https:\/\/www.pressenza.com\/wp-content\/uploads\/2022\/03\/Forum-Umanista-di-Malika-1.jpg\",\"articleSection\":[\"Afrique\",\"Contenu Original\",\"Droits humains\"],\"inLanguage\":\"fr-FR\"},{\"@type\":\"WebPage\",\"@id\":\"https:\/\/www.pressenza.com\/fr\/2022\/04\/senegal-forum-humaniste-de-malika\/\",\"url\":\"https:\/\/www.pressenza.com\/fr\/2022\/04\/senegal-forum-humaniste-de-malika\/\",\"name\":\"S\u00e9n\u00e9gal - Forum Humaniste de Malika\",\"isPartOf\":{\"@id\":\"https:\/\/www.pressenza.com\/fr\/#website\"},\"primaryImageOfPage\":{\"@id\":\"https:\/\/www.pressenza.com\/fr\/2022\/04\/senegal-forum-humaniste-de-malika\/#primaryimage\"},\"image\":{\"@id\":\"https:\/\/www.pressenza.com\/fr\/2022\/04\/senegal-forum-humaniste-de-malika\/#primaryimage\"},\"thumbnailUrl\":\"https:\/\/www.pressenza.com\/wp-content\/uploads\/2022\/03\/Forum-Umanista-di-Malika-1.jpg\",\"datePublished\":\"2022-04-03T09:16:05+00:00\",\"description\":\"Le premier Forum Humaniste de Malika a eu lieu samedi 26 mars au \\\"Foyer de la jeunesse\\\" de la commune de la banlieue de Dakar, au S\u00e9n\u00e9gal. L'association\",\"breadcrumb\":{\"@id\":\"https:\/\/www.pressenza.com\/fr\/2022\/04\/senegal-forum-humaniste-de-malika\/#breadcrumb\"},\"inLanguage\":\"fr-FR\",\"potentialAction\":[{\"@type\":\"ReadAction\",\"target\":[\"https:\/\/www.pressenza.com\/fr\/2022\/04\/senegal-forum-humaniste-de-malika\/\"]}]},{\"@type\":\"ImageObject\",\"inLanguage\":\"fr-FR\",\"@id\":\"https:\/\/www.pressenza.com\/fr\/2022\/04\/senegal-forum-humaniste-de-malika\/#primaryimage\",\"url\":\"https:\/\/www.pressenza.com\/wp-content\/uploads\/2022\/03\/Forum-Umanista-di-Malika-1.jpg\",\"contentUrl\":\"https:\/\/www.pressenza.com\/wp-content\/uploads\/2022\/03\/Forum-Umanista-di-Malika-1.jpg\",\"width\":1280,\"height\":960},{\"@type\":\"BreadcrumbList\",\"@id\":\"https:\/\/www.pressenza.com\/fr\/2022\/04\/senegal-forum-humaniste-de-malika\/#breadcrumb\",\"itemListElement\":[{\"@type\":\"ListItem\",\"position\":1,\"name\":\"Accueil\",\"item\":\"https:\/\/www.pressenza.com\/fr\/\"},{\"@type\":\"ListItem\",\"position\":2,\"name\":\"S\u00e9n\u00e9gal &#8211; Forum Humaniste de Malika\"}]},{\"@type\":\"WebSite\",\"@id\":\"https:\/\/www.pressenza.com\/fr\/#website\",\"url\":\"https:\/\/www.pressenza.com\/fr\/\",\"name\":\"Pressenza\",\"description\":\"International Press Agency\",\"publisher\":{\"@id\":\"https:\/\/www.pressenza.com\/fr\/#organization\"},\"potentialAction\":[{\"@type\":\"SearchAction\",\"target\":{\"@type\":\"EntryPoint\",\"urlTemplate\":\"https:\/\/www.pressenza.com\/fr\/?s={search_term_string}\"},\"query-input\":{\"@type\":\"PropertyValueSpecification\",\"valueRequired\":true,\"valueName\":\"search_term_string\"}}],\"inLanguage\":\"fr-FR\"},{\"@type\":\"Organization\",\"@id\":\"https:\/\/www.pressenza.com\/fr\/#organization\",\"name\":\"Pressenza\",\"url\":\"https:\/\/www.pressenza.com\/fr\/\",\"logo\":{\"@type\":\"ImageObject\",\"inLanguage\":\"fr-FR\",\"@id\":\"https:\/\/www.pressenza.com\/fr\/#\/schema\/logo\/image\/\",\"url\":\"https:\/\/www.pressenza.com\/wp-content\/uploads\/2022\/10\/pressenza_logo_200x200.jpg\",\"contentUrl\":\"https:\/\/www.pressenza.com\/wp-content\/uploads\/2022\/10\/pressenza_logo_200x200.jpg\",\"width\":200,\"height\":200,\"caption\":\"Pressenza\"},\"image\":{\"@id\":\"https:\/\/www.pressenza.com\/fr\/#\/schema\/logo\/image\/\"},\"sameAs\":[\"https:\/\/www.facebook.com\/PressenzaItalia\",\"https:\/\/x.com\/PressenzaIPA\"]},{\"@type\":\"Person\",\"@id\":\"https:\/\/www.pressenza.com\/fr\/#\/schema\/person\/dd1fcddd8e85d3d407a3e898e88bb1df\",\"name\":\"Energia per i Diritti Umani\",\"description\":\"Energia per i diritti umani ONLUS is a non-religious, self-financed organization. It has ongoing activities in Italy from 1998, in Senegal from 2000, in Gambia from 2002 and in India from 2003. It was founded in 1998 in Rome with the aim of protecting human rights in the world. The organization inspires its mission and adhere to the principles and proposals of the Universal Humanism since its foundation. www.energiaperidirittiumani.it\",\"sameAs\":[\"http:\/\/energiaperidirittiumani.it\/\"],\"url\":\"https:\/\/www.pressenza.com\/fr\/author\/energia-per-i-diritti-umani\/\"}]}<\/script>\n<!-- \/ Yoast SEO plugin. -->","yoast_head_json":{"title":"S\u00e9n\u00e9gal - Forum Humaniste de Malika","description":"Le premier Forum Humaniste de Malika a eu lieu samedi 26 mars au \"Foyer de la jeunesse\" de la commune de la banlieue de Dakar, au S\u00e9n\u00e9gal. L'association","robots":{"index":"index","follow":"follow","max-snippet":"max-snippet:-1","max-image-preview":"max-image-preview:large","max-video-preview":"max-video-preview:-1"},"canonical":"https:\/\/www.pressenza.com\/fr\/2022\/04\/senegal-forum-humaniste-de-malika\/","og_locale":"fr_FR","og_type":"article","og_title":"S\u00e9n\u00e9gal - Forum Humaniste de Malika","og_description":"Le premier Forum Humaniste de Malika a eu lieu samedi 26 mars au \"Foyer de la jeunesse\" de la commune de la banlieue de Dakar, au S\u00e9n\u00e9gal. L'association","og_url":"https:\/\/www.pressenza.com\/fr\/2022\/04\/senegal-forum-humaniste-de-malika\/","og_site_name":"Pressenza","article_publisher":"https:\/\/www.facebook.com\/PressenzaItalia","article_published_time":"2022-04-03T09:16:05+00:00","og_image":[{"width":1280,"height":960,"url":"https:\/\/www.pressenza.com\/wp-content\/uploads\/2022\/03\/Forum-Umanista-di-Malika-1.jpg","type":"image\/jpeg"}],"author":"Energia per i Diritti Umani","twitter_card":"summary_large_image","twitter_creator":"@PressenzaIPA","twitter_site":"@PressenzaIPA","twitter_misc":{"\u00c9crit par":"Energia per i Diritti Umani","Dur\u00e9e de lecture estim\u00e9e":"3 minutes"},"schema":{"@context":"https:\/\/schema.org","@graph":[{"@type":"Article","@id":"https:\/\/www.pressenza.com\/fr\/2022\/04\/senegal-forum-humaniste-de-malika\/#article","isPartOf":{"@id":"https:\/\/www.pressenza.com\/fr\/2022\/04\/senegal-forum-humaniste-de-malika\/"},"author":{"name":"Energia per i Diritti Umani","@id":"https:\/\/www.pressenza.com\/fr\/#\/schema\/person\/dd1fcddd8e85d3d407a3e898e88bb1df"},"headline":"S\u00e9n\u00e9gal &#8211; Forum Humaniste de Malika","datePublished":"2022-04-03T09:16:05+00:00","mainEntityOfPage":{"@id":"https:\/\/www.pressenza.com\/fr\/2022\/04\/senegal-forum-humaniste-de-malika\/"},"wordCount":448,"publisher":{"@id":"https:\/\/www.pressenza.com\/fr\/#organization"},"image":{"@id":"https:\/\/www.pressenza.com\/fr\/2022\/04\/senegal-forum-humaniste-de-malika\/#primaryimage"},"thumbnailUrl":"https:\/\/www.pressenza.com\/wp-content\/uploads\/2022\/03\/Forum-Umanista-di-Malika-1.jpg","articleSection":["Afrique","Contenu Original","Droits humains"],"inLanguage":"fr-FR"},{"@type":"WebPage","@id":"https:\/\/www.pressenza.com\/fr\/2022\/04\/senegal-forum-humaniste-de-malika\/","url":"https:\/\/www.pressenza.com\/fr\/2022\/04\/senegal-forum-humaniste-de-malika\/","name":"S\u00e9n\u00e9gal - Forum Humaniste de Malika","isPartOf":{"@id":"https:\/\/www.pressenza.com\/fr\/#website"},"primaryImageOfPage":{"@id":"https:\/\/www.pressenza.com\/fr\/2022\/04\/senegal-forum-humaniste-de-malika\/#primaryimage"},"image":{"@id":"https:\/\/www.pressenza.com\/fr\/2022\/04\/senegal-forum-humaniste-de-malika\/#primaryimage"},"thumbnailUrl":"https:\/\/www.pressenza.com\/wp-content\/uploads\/2022\/03\/Forum-Umanista-di-Malika-1.jpg","datePublished":"2022-04-03T09:16:05+00:00","description":"Le premier Forum Humaniste de Malika a eu lieu samedi 26 mars au \"Foyer de la jeunesse\" de la commune de la banlieue de Dakar, au S\u00e9n\u00e9gal. L'association","breadcrumb":{"@id":"https:\/\/www.pressenza.com\/fr\/2022\/04\/senegal-forum-humaniste-de-malika\/#breadcrumb"},"inLanguage":"fr-FR","potentialAction":[{"@type":"ReadAction","target":["https:\/\/www.pressenza.com\/fr\/2022\/04\/senegal-forum-humaniste-de-malika\/"]}]},{"@type":"ImageObject","inLanguage":"fr-FR","@id":"https:\/\/www.pressenza.com\/fr\/2022\/04\/senegal-forum-humaniste-de-malika\/#primaryimage","url":"https:\/\/www.pressenza.com\/wp-content\/uploads\/2022\/03\/Forum-Umanista-di-Malika-1.jpg","contentUrl":"https:\/\/www.pressenza.com\/wp-content\/uploads\/2022\/03\/Forum-Umanista-di-Malika-1.jpg","width":1280,"height":960},{"@type":"BreadcrumbList","@id":"https:\/\/www.pressenza.com\/fr\/2022\/04\/senegal-forum-humaniste-de-malika\/#breadcrumb","itemListElement":[{"@type":"ListItem","position":1,"name":"Accueil","item":"https:\/\/www.pressenza.com\/fr\/"},{"@type":"ListItem","position":2,"name":"S\u00e9n\u00e9gal &#8211; Forum Humaniste de Malika"}]},{"@type":"WebSite","@id":"https:\/\/www.pressenza.com\/fr\/#website","url":"https:\/\/www.pressenza.com\/fr\/","name":"Pressenza","description":"International Press Agency","publisher":{"@id":"https:\/\/www.pressenza.com\/fr\/#organization"},"potentialAction":[{"@type":"SearchAction","target":{"@type":"EntryPoint","urlTemplate":"https:\/\/www.pressenza.com\/fr\/?s={search_term_string}"},"query-input":{"@type":"PropertyValueSpecification","valueRequired":true,"valueName":"search_term_string"}}],"inLanguage":"fr-FR"},{"@type":"Organization","@id":"https:\/\/www.pressenza.com\/fr\/#organization","name":"Pressenza","url":"https:\/\/www.pressenza.com\/fr\/","logo":{"@type":"ImageObject","inLanguage":"fr-FR","@id":"https:\/\/www.pressenza.com\/fr\/#\/schema\/logo\/image\/","url":"https:\/\/www.pressenza.com\/wp-content\/uploads\/2022\/10\/pressenza_logo_200x200.jpg","contentUrl":"https:\/\/www.pressenza.com\/wp-content\/uploads\/2022\/10\/pressenza_logo_200x200.jpg","width":200,"height":200,"caption":"Pressenza"},"image":{"@id":"https:\/\/www.pressenza.com\/fr\/#\/schema\/logo\/image\/"},"sameAs":["https:\/\/www.facebook.com\/PressenzaItalia","https:\/\/x.com\/PressenzaIPA"]},{"@type":"Person","@id":"https:\/\/www.pressenza.com\/fr\/#\/schema\/person\/dd1fcddd8e85d3d407a3e898e88bb1df","name":"Energia per i Diritti Umani","description":"Energia per i diritti umani ONLUS is a non-religious, self-financed organization. It has ongoing activities in Italy from 1998, in Senegal from 2000, in Gambia from 2002 and in India from 2003. It was founded in 1998 in Rome with the aim of protecting human rights in the world. The organization inspires its mission and adhere to the principles and proposals of the Universal Humanism since its foundation. www.energiaperidirittiumani.it","sameAs":["http:\/\/energiaperidirittiumani.it\/"],"url":"https:\/\/www.pressenza.com\/fr\/author\/energia-per-i-diritti-umani\/"}]}},"place":"S\u00e9n\u00e9gal","original_article_url":"","_links":{"self":[{"href":"https:\/\/www.pressenza.com\/fr\/wp-json\/wp\/v2\/posts\/1554938","targetHints":{"allow":["GET"]}}],"collection":[{"href":"https:\/\/www.pressenza.com\/fr\/wp-json\/wp\/v2\/posts"}],"about":[{"href":"https:\/\/www.pressenza.com\/fr\/wp-json\/wp\/v2\/types\/post"}],"author":[{"embeddable":true,"href":"https:\/\/www.pressenza.com\/fr\/wp-json\/wp\/v2\/users\/1398"}],"replies":[{"embeddable":true,"href":"https:\/\/www.pressenza.com\/fr\/wp-json\/wp\/v2\/comments?post=1554938"}],"version-history":[{"count":0,"href":"https:\/\/www.pressenza.com\/fr\/wp-json\/wp\/v2\/posts\/1554938\/revisions"}],"wp:featuredmedia":[{"embeddable":true,"href":"https:\/\/www.pressenza.com\/fr\/wp-json\/wp\/v2\/media\/1553915"}],"wp:attachment":[{"href":"https:\/\/www.pressenza.com\/fr\/wp-json\/wp\/v2\/media?parent=1554938"}],"wp:term":[{"taxonomy":"category","embeddable":true,"href":"https:\/\/www.pressenza.com\/fr\/wp-json\/wp\/v2\/categories?post=1554938"},{"taxonomy":"post_tag","embeddable":true,"href":"https:\/\/www.pressenza.com\/fr\/wp-json\/wp\/v2\/tags?post=1554938"}],"curies":[{"name":"wp","href":"https:\/\/api.w.org\/{rel}","templated":true}]}}