{"id":1550624,"date":"2022-03-23T22:39:45","date_gmt":"2022-03-23T22:39:45","guid":{"rendered":"https:\/\/www.pressenza.com\/?p=1550624"},"modified":"2022-03-23T22:39:45","modified_gmt":"2022-03-23T22:39:45","slug":"journee-mondiale-de-leau","status":"publish","type":"post","link":"https:\/\/www.pressenza.com\/fr\/2022\/03\/journee-mondiale-de-leau\/","title":{"rendered":"Journ\u00e9e mondiale de l&rsquo;eau"},"content":{"rendered":"<p>La Journ\u00e9e mondiale de l&rsquo;eau est c\u00e9l\u00e9br\u00e9e le 22 mars. Cette date a \u00e9t\u00e9 adopt\u00e9e par l&rsquo;Assembl\u00e9e g\u00e9n\u00e9rale des Nations Unies en 1992. Elle vise \u00e0 sensibiliser \u00e0 la crise globale de l&rsquo;eau et \u00e0 la n\u00e9cessit\u00e9 de mettre en \u0153uvre des solutions urgentes pour r\u00e9soudre cette crise qui touche des milliards de personnes et la plan\u00e8te dans son ensemble. L&rsquo;eau est la vie. La vie est menac\u00e9e.<\/p>\n<p>REHUNO Sant\u00e9 c\u00e9l\u00e8bre la Journ\u00e9e internationale de l&rsquo;eau en ajoutant sa voix \u00e0 celles de millions de personnes et d&rsquo;organisations qui demandent des r\u00e9ponses et des actions urgentes pour inverser la crise globale de l&rsquo;eau.<\/p>\n<p>L&rsquo;eau est un symbole de la vie. Notre corps est compos\u00e9 \u00e0 60 % d&rsquo;eau. 78 % de la surface de la plan\u00e8te est couverte d&rsquo;eau. Les diff\u00e9rentes cultures et l&rsquo;histoire de l&rsquo;humanit\u00e9 nous montrent l&rsquo;eau comme un symbole, un reflet et un moyen de subsistance de ce qui arrive \u00e0 la vie et \u00e0 son \u00e9volution sur la plan\u00e8te.<\/p>\n<p>Depuis REHUNO, dans diff\u00e9rentes notes, nous avons voulu montrer les conditions de violence sociale qu&rsquo;implique la crise de l&rsquo;eau.<\/p>\n<ul>\n<li>Dans le <a href=\"https:\/\/www.pressenza.com\/fr\/2019\/08\/1-personne-sur-3-dans-le-monde-na-pas-acces-a-de-leau-salubre-unicef-oms\/\">premier article<\/a>, nous avons d\u00e9nonc\u00e9 la situation actuelle o\u00f9 un tiers de la population mondiale n&rsquo;a pas acc\u00e8s \u00e0 l&rsquo;eau potable et on estime que d&rsquo;ici 2050 cette situation atteindra 50% de la population mondiale avec une augmentation des maladies, des famines et des d\u00e9c\u00e8s associ\u00e9s.<\/li>\n<li>Dans la <a href=\"https:\/\/www.pressenza.com\/fr\/2019\/08\/eau-2-systeme-de-transformation-de-leau-salee-en-eau-potable-peut-changer-la-vie-de-3-milliards-de-personnes\/\">deuxi\u00e8me note<\/a>, nous pr\u00e9sentons des solutions imm\u00e9diates et \u00e9prouv\u00e9es pour r\u00e9soudre l&rsquo;acc\u00e8s \u00e0 l&rsquo;eau potable, bas\u00e9es sur la conversion de l&rsquo;eau sal\u00e9e.<\/li>\n<li>Dans la<a href=\"https:\/\/rehunosalud.org\/agua-3-agua-potable-vs-armamento-humanizar-la-salud-o-financiar-la-guerra-que-eligen-los-gobiernos\/\"> troisi\u00e8me note<\/a>, nous d\u00e9non\u00e7ons le rapport monstrueux entre les budgets allou\u00e9s par les pays pour financer les d\u00e9penses d&rsquo;armement et de guerre et ceux allou\u00e9s pour r\u00e9soudre les probl\u00e8mes d&rsquo;acc\u00e8s \u00e0 la sant\u00e9 et plus pr\u00e9cis\u00e9ment \u00e0 l&rsquo;eau potable : \u00ab\u00a0Budgets pour la mort vs. budgets pour la vie\u00a0\u00bb.<\/li>\n<\/ul>\n<p>Mais cela n&rsquo;est pas nouveau. Des millions de personnes \u00e9l\u00e8vent des voix et des revendications similaires sous toutes les latitudes de la plan\u00e8te. Cette tendance peut-elle \u00eatre invers\u00e9e ? Une transformation profonde de cette situation est-elle possible ? Quelle est la racine de ce probl\u00e8me ?<\/p>\n<p>Il ne s&rsquo;agit pas d&rsquo;un probl\u00e8me politique ou g\u00e9opolitique, ni d&rsquo;un probl\u00e8me culturel ou ethnique. La racine du probl\u00e8me r\u00e9side dans la valeur fondamentale qui alimente le syst\u00e8me social mondial actuel : l&rsquo;argent, le pouvoir de l&rsquo;argent, le \u00ab\u00a0mythe\u00a0\u00bb de l&rsquo;argent. Ce mythe fondamental qui illusionne la soci\u00e9t\u00e9 comme symbole de pouvoir, de consommation, de permanence, de violence.<\/p>\n<p>La solution aux probl\u00e8mes \u00e9cologiques fondamentaux (y compris ceux li\u00e9s \u00e0 l&rsquo;eau) serait r\u00e9solue progressivement sur une p\u00e9riode de 30 \u00e0 50 ans si la soci\u00e9t\u00e9 mondiale affectait les ressources \u00e9conomiques et technologiques (d\u00e9j\u00e0 existantes) \u00e0 leur solution prioritaire.<\/p>\n<p>Est-ce possible ? Oui. Est-ce utopique ? Peut-\u00eatre.<\/p>\n<blockquote><p>La chute ou la transformation d&rsquo;un \u00ab\u00a0mythe\u00a0\u00bb comme celui, actuel, de l&rsquo;argent ne passera pas par des discussions politiques. Cela ne sera possible que si la soci\u00e9t\u00e9 commence \u00e0 nourrir et \u00e0 promouvoir un nouvel espoir, un nouvel horizon social, en d\u00e9passant la violence et la souffrance actuelles.<\/p>\n<p>Quelle utopie, quel nouveau \u00ab\u00a0mythe\u00a0\u00bb nourrira cet espoir ? L&rsquo;une d&rsquo;entre elles est sans aucun doute d&rsquo;avancer (directement ou indirectement) vers la constitution d&rsquo;une \u00ab\u00a0Nation humaine universelle\u00a0\u00bb qui donne la priorit\u00e9 au bien-\u00eatre humain sans pr\u00e9jug\u00e9s \u00e9conomiques, r\u00e9gionaux, ethniques ou culturels. Une seule plan\u00e8te, une seule nation, une seule soci\u00e9t\u00e9 mondiale.<\/p><\/blockquote>\n<p><span style=\"font-weight: 400;\">En ce 22 mars, Journ\u00e9e mondiale de l&rsquo;eau, \u00e9levons nos voix pour exiger que soit surmont\u00e9e la crise de l&rsquo;eau qui touche la plan\u00e8te. Dans le m\u00eame temps, levons les yeux et nourrissons dans nos c\u0153urs cet id\u00e9al qui se niche au fond de millions de personnes : la constitution d&rsquo;une Nation Humaine Universelle. Dans cette nouvelle perspective, toute r\u00e9ponse et toute solution aux probl\u00e8mes \u00e9cologiques et environnementaux actuels sera plus facile&#8230; elle sera possible.<\/span><\/p>\n<p><a href=\"http:\/\/www.rehunosalud.org\"><b>REHUNO Sant\u00e9<\/b><span style=\"font-weight: 400;\">\u00a0 <\/span><\/a><\/p>\n<p><a href=\"mailto:rehuno.salud@gmail.com\"><span style=\"font-weight: 400;\">rehuno.salud<\/span><span style=\"font-weight: 400;\">@<\/span><span style=\"font-weight: 400;\">gmail.com<\/span><\/a><\/p>\n","protected":false},"excerpt":{"rendered":"<p>La Journ\u00e9e mondiale de l&rsquo;eau est c\u00e9l\u00e9br\u00e9e le 22 mars. Cette date a \u00e9t\u00e9 adopt\u00e9e par l&rsquo;Assembl\u00e9e g\u00e9n\u00e9rale des Nations Unies en 1992. Elle vise \u00e0 sensibiliser \u00e0 la crise globale de l&rsquo;eau et \u00e0 la n\u00e9cessit\u00e9 de mettre en&hellip;<\/p>\n","protected":false},"author":1680,"featured_media":1548656,"comment_status":"closed","ping_status":"closed","sticky":false,"template":"","format":"standard","meta":{"footnotes":""},"categories":[98,97,40,1245],"tags":[2794,62529,4142,33349,5699,95491],"class_list":["post-1550624","post","type-post","status-publish","format-standard","has-post-thumbnail","hentry","category-droits-de-lhomme","category-environnement-et-ecologie","category-international-fr","category-sante-sujet","tag-droit-a-leau","tag-eau-publique","tag-journee-mondiale-de-leau","tag-nacion-humana-universal-fr","tag-nation-humaine-universelle","tag-rehuno-sante"],"yoast_head":"<!-- This site is optimized with the Yoast SEO plugin v27.1.1 - https:\/\/yoast.com\/product\/yoast-seo-wordpress\/ -->\n<title>Journ\u00e9e mondiale de l&#039;eau<\/title>\n<meta name=\"description\" content=\"La Journ\u00e9e mondiale de l&#039;eau est c\u00e9l\u00e9br\u00e9e le 22 mars. Cette date a \u00e9t\u00e9 adopt\u00e9e par l&#039;Assembl\u00e9e g\u00e9n\u00e9rale des Nations Unies en 1992. Elle vise \u00e0\" \/>\n<meta name=\"robots\" content=\"index, follow, max-snippet:-1, max-image-preview:large, max-video-preview:-1\" \/>\n<link rel=\"canonical\" href=\"https:\/\/www.pressenza.com\/fr\/2022\/03\/journee-mondiale-de-leau\/\" \/>\n<meta property=\"og:locale\" content=\"fr_FR\" \/>\n<meta property=\"og:type\" content=\"article\" \/>\n<meta property=\"og:title\" content=\"Journ\u00e9e mondiale de l&#039;eau\" \/>\n<meta property=\"og:description\" content=\"La Journ\u00e9e mondiale de l&#039;eau est c\u00e9l\u00e9br\u00e9e le 22 mars. Cette date a \u00e9t\u00e9 adopt\u00e9e par l&#039;Assembl\u00e9e g\u00e9n\u00e9rale des Nations Unies en 1992. Elle vise \u00e0\" \/>\n<meta property=\"og:url\" content=\"https:\/\/www.pressenza.com\/fr\/2022\/03\/journee-mondiale-de-leau\/\" \/>\n<meta property=\"og:site_name\" content=\"Pressenza\" \/>\n<meta property=\"article:publisher\" content=\"https:\/\/www.facebook.com\/PressenzaItalia\" \/>\n<meta property=\"article:author\" content=\"https:\/\/www.facebook.com\/rehunosalud\/\" \/>\n<meta property=\"article:published_time\" content=\"2022-03-23T22:39:45+00:00\" \/>\n<meta property=\"og:image\" content=\"https:\/\/www.pressenza.com\/wp-content\/uploads\/2022\/03\/drop-of-water-g5d5a10109_1920.jpg\" \/>\n\t<meta property=\"og:image:width\" content=\"1920\" \/>\n\t<meta property=\"og:image:height\" content=\"1280\" \/>\n\t<meta property=\"og:image:type\" content=\"image\/jpeg\" \/>\n<meta name=\"author\" content=\"REHUNO - Red Humanista de Noticias en Salud\" \/>\n<meta name=\"twitter:card\" content=\"summary_large_image\" \/>\n<meta name=\"twitter:creator\" content=\"@PressenzaIPA\" \/>\n<meta name=\"twitter:site\" content=\"@PressenzaIPA\" \/>\n<meta name=\"twitter:label1\" content=\"\u00c9crit par\" \/>\n\t<meta name=\"twitter:data1\" content=\"REHUNO - Red Humanista de Noticias en Salud\" \/>\n\t<meta name=\"twitter:label2\" content=\"Dur\u00e9e de lecture estim\u00e9e\" \/>\n\t<meta name=\"twitter:data2\" content=\"3 minutes\" \/>\n<script type=\"application\/ld+json\" class=\"yoast-schema-graph\">{\"@context\":\"https:\/\/schema.org\",\"@graph\":[{\"@type\":\"Article\",\"@id\":\"https:\/\/www.pressenza.com\/fr\/2022\/03\/journee-mondiale-de-leau\/#article\",\"isPartOf\":{\"@id\":\"https:\/\/www.pressenza.com\/fr\/2022\/03\/journee-mondiale-de-leau\/\"},\"author\":{\"name\":\"REHUNO - Red Humanista de Noticias en Salud\",\"@id\":\"https:\/\/www.pressenza.com\/fr\/#\/schema\/person\/5162be2bf75419d7e91acfc2c50c3870\"},\"headline\":\"Journ\u00e9e mondiale de l&rsquo;eau\",\"datePublished\":\"2022-03-23T22:39:45+00:00\",\"mainEntityOfPage\":{\"@id\":\"https:\/\/www.pressenza.com\/fr\/2022\/03\/journee-mondiale-de-leau\/\"},\"wordCount\":725,\"publisher\":{\"@id\":\"https:\/\/www.pressenza.com\/fr\/#organization\"},\"image\":{\"@id\":\"https:\/\/www.pressenza.com\/fr\/2022\/03\/journee-mondiale-de-leau\/#primaryimage\"},\"thumbnailUrl\":\"https:\/\/www.pressenza.com\/wp-content\/uploads\/2022\/03\/drop-of-water-g5d5a10109_1920.jpg\",\"keywords\":[\"droit \u00e0 l'eau\",\"eau publique\",\"Journ\u00e9e mondiale de l\u2019eau\",\"Naci\u00f3n Humana Universal\",\"Nation humaine universelle\",\"Rehuno Sant\u00e9\"],\"articleSection\":[\"Droits humains\",\"Ecologie et Environnement\",\"International\",\"Sant\u00e9\"],\"inLanguage\":\"fr-FR\"},{\"@type\":\"WebPage\",\"@id\":\"https:\/\/www.pressenza.com\/fr\/2022\/03\/journee-mondiale-de-leau\/\",\"url\":\"https:\/\/www.pressenza.com\/fr\/2022\/03\/journee-mondiale-de-leau\/\",\"name\":\"Journ\u00e9e mondiale de l'eau\",\"isPartOf\":{\"@id\":\"https:\/\/www.pressenza.com\/fr\/#website\"},\"primaryImageOfPage\":{\"@id\":\"https:\/\/www.pressenza.com\/fr\/2022\/03\/journee-mondiale-de-leau\/#primaryimage\"},\"image\":{\"@id\":\"https:\/\/www.pressenza.com\/fr\/2022\/03\/journee-mondiale-de-leau\/#primaryimage\"},\"thumbnailUrl\":\"https:\/\/www.pressenza.com\/wp-content\/uploads\/2022\/03\/drop-of-water-g5d5a10109_1920.jpg\",\"datePublished\":\"2022-03-23T22:39:45+00:00\",\"description\":\"La Journ\u00e9e mondiale de l'eau est c\u00e9l\u00e9br\u00e9e le 22 mars. Cette date a \u00e9t\u00e9 adopt\u00e9e par l'Assembl\u00e9e g\u00e9n\u00e9rale des Nations Unies en 1992. Elle vise \u00e0\",\"breadcrumb\":{\"@id\":\"https:\/\/www.pressenza.com\/fr\/2022\/03\/journee-mondiale-de-leau\/#breadcrumb\"},\"inLanguage\":\"fr-FR\",\"potentialAction\":[{\"@type\":\"ReadAction\",\"target\":[\"https:\/\/www.pressenza.com\/fr\/2022\/03\/journee-mondiale-de-leau\/\"]}]},{\"@type\":\"ImageObject\",\"inLanguage\":\"fr-FR\",\"@id\":\"https:\/\/www.pressenza.com\/fr\/2022\/03\/journee-mondiale-de-leau\/#primaryimage\",\"url\":\"https:\/\/www.pressenza.com\/wp-content\/uploads\/2022\/03\/drop-of-water-g5d5a10109_1920.jpg\",\"contentUrl\":\"https:\/\/www.pressenza.com\/wp-content\/uploads\/2022\/03\/drop-of-water-g5d5a10109_1920.jpg\",\"width\":1920,\"height\":1280},{\"@type\":\"BreadcrumbList\",\"@id\":\"https:\/\/www.pressenza.com\/fr\/2022\/03\/journee-mondiale-de-leau\/#breadcrumb\",\"itemListElement\":[{\"@type\":\"ListItem\",\"position\":1,\"name\":\"Accueil\",\"item\":\"https:\/\/www.pressenza.com\/fr\/\"},{\"@type\":\"ListItem\",\"position\":2,\"name\":\"Journ\u00e9e mondiale de l&rsquo;eau\"}]},{\"@type\":\"WebSite\",\"@id\":\"https:\/\/www.pressenza.com\/fr\/#website\",\"url\":\"https:\/\/www.pressenza.com\/fr\/\",\"name\":\"Pressenza\",\"description\":\"International Press Agency\",\"publisher\":{\"@id\":\"https:\/\/www.pressenza.com\/fr\/#organization\"},\"potentialAction\":[{\"@type\":\"SearchAction\",\"target\":{\"@type\":\"EntryPoint\",\"urlTemplate\":\"https:\/\/www.pressenza.com\/fr\/?s={search_term_string}\"},\"query-input\":{\"@type\":\"PropertyValueSpecification\",\"valueRequired\":true,\"valueName\":\"search_term_string\"}}],\"inLanguage\":\"fr-FR\"},{\"@type\":\"Organization\",\"@id\":\"https:\/\/www.pressenza.com\/fr\/#organization\",\"name\":\"Pressenza\",\"url\":\"https:\/\/www.pressenza.com\/fr\/\",\"logo\":{\"@type\":\"ImageObject\",\"inLanguage\":\"fr-FR\",\"@id\":\"https:\/\/www.pressenza.com\/fr\/#\/schema\/logo\/image\/\",\"url\":\"https:\/\/www.pressenza.com\/wp-content\/uploads\/2022\/10\/pressenza_logo_200x200.jpg\",\"contentUrl\":\"https:\/\/www.pressenza.com\/wp-content\/uploads\/2022\/10\/pressenza_logo_200x200.jpg\",\"width\":200,\"height\":200,\"caption\":\"Pressenza\"},\"image\":{\"@id\":\"https:\/\/www.pressenza.com\/fr\/#\/schema\/logo\/image\/\"},\"sameAs\":[\"https:\/\/www.facebook.com\/PressenzaItalia\",\"https:\/\/x.com\/PressenzaIPA\"]},{\"@type\":\"Person\",\"@id\":\"https:\/\/www.pressenza.com\/fr\/#\/schema\/person\/5162be2bf75419d7e91acfc2c50c3870\",\"name\":\"REHUNO - Red Humanista de Noticias en Salud\",\"description\":\"REHUNO is a group of volunteers from different countries, health professionals and\/or users of health services, who want to give voice to a \\\"humanizing view\\\" of health systems from a broad and comprehensive perspective. REHUNO wants to put into words and images the positive news that needs to be highlighted and the negative news that needs to be denounced and happening on a daily basis.http:\/\/rehunosalud.org\/\",\"sameAs\":[\"http:\/\/rehunosalud.org\/\",\"https:\/\/www.facebook.com\/rehunosalud\/\"],\"url\":\"https:\/\/www.pressenza.com\/fr\/author\/rehuno\/\"}]}<\/script>\n<!-- \/ Yoast SEO plugin. -->","yoast_head_json":{"title":"Journ\u00e9e mondiale de l'eau","description":"La Journ\u00e9e mondiale de l'eau est c\u00e9l\u00e9br\u00e9e le 22 mars. Cette date a \u00e9t\u00e9 adopt\u00e9e par l'Assembl\u00e9e g\u00e9n\u00e9rale des Nations Unies en 1992. Elle vise \u00e0","robots":{"index":"index","follow":"follow","max-snippet":"max-snippet:-1","max-image-preview":"max-image-preview:large","max-video-preview":"max-video-preview:-1"},"canonical":"https:\/\/www.pressenza.com\/fr\/2022\/03\/journee-mondiale-de-leau\/","og_locale":"fr_FR","og_type":"article","og_title":"Journ\u00e9e mondiale de l'eau","og_description":"La Journ\u00e9e mondiale de l'eau est c\u00e9l\u00e9br\u00e9e le 22 mars. Cette date a \u00e9t\u00e9 adopt\u00e9e par l'Assembl\u00e9e g\u00e9n\u00e9rale des Nations Unies en 1992. Elle vise \u00e0","og_url":"https:\/\/www.pressenza.com\/fr\/2022\/03\/journee-mondiale-de-leau\/","og_site_name":"Pressenza","article_publisher":"https:\/\/www.facebook.com\/PressenzaItalia","article_author":"https:\/\/www.facebook.com\/rehunosalud\/","article_published_time":"2022-03-23T22:39:45+00:00","og_image":[{"width":1920,"height":1280,"url":"https:\/\/www.pressenza.com\/wp-content\/uploads\/2022\/03\/drop-of-water-g5d5a10109_1920.jpg","type":"image\/jpeg"}],"author":"REHUNO - Red Humanista de Noticias en Salud","twitter_card":"summary_large_image","twitter_creator":"@PressenzaIPA","twitter_site":"@PressenzaIPA","twitter_misc":{"\u00c9crit par":"REHUNO - Red Humanista de Noticias en Salud","Dur\u00e9e de lecture estim\u00e9e":"3 minutes"},"schema":{"@context":"https:\/\/schema.org","@graph":[{"@type":"Article","@id":"https:\/\/www.pressenza.com\/fr\/2022\/03\/journee-mondiale-de-leau\/#article","isPartOf":{"@id":"https:\/\/www.pressenza.com\/fr\/2022\/03\/journee-mondiale-de-leau\/"},"author":{"name":"REHUNO - Red Humanista de Noticias en Salud","@id":"https:\/\/www.pressenza.com\/fr\/#\/schema\/person\/5162be2bf75419d7e91acfc2c50c3870"},"headline":"Journ\u00e9e mondiale de l&rsquo;eau","datePublished":"2022-03-23T22:39:45+00:00","mainEntityOfPage":{"@id":"https:\/\/www.pressenza.com\/fr\/2022\/03\/journee-mondiale-de-leau\/"},"wordCount":725,"publisher":{"@id":"https:\/\/www.pressenza.com\/fr\/#organization"},"image":{"@id":"https:\/\/www.pressenza.com\/fr\/2022\/03\/journee-mondiale-de-leau\/#primaryimage"},"thumbnailUrl":"https:\/\/www.pressenza.com\/wp-content\/uploads\/2022\/03\/drop-of-water-g5d5a10109_1920.jpg","keywords":["droit \u00e0 l'eau","eau publique","Journ\u00e9e mondiale de l\u2019eau","Naci\u00f3n Humana Universal","Nation humaine universelle","Rehuno Sant\u00e9"],"articleSection":["Droits humains","Ecologie et Environnement","International","Sant\u00e9"],"inLanguage":"fr-FR"},{"@type":"WebPage","@id":"https:\/\/www.pressenza.com\/fr\/2022\/03\/journee-mondiale-de-leau\/","url":"https:\/\/www.pressenza.com\/fr\/2022\/03\/journee-mondiale-de-leau\/","name":"Journ\u00e9e mondiale de l'eau","isPartOf":{"@id":"https:\/\/www.pressenza.com\/fr\/#website"},"primaryImageOfPage":{"@id":"https:\/\/www.pressenza.com\/fr\/2022\/03\/journee-mondiale-de-leau\/#primaryimage"},"image":{"@id":"https:\/\/www.pressenza.com\/fr\/2022\/03\/journee-mondiale-de-leau\/#primaryimage"},"thumbnailUrl":"https:\/\/www.pressenza.com\/wp-content\/uploads\/2022\/03\/drop-of-water-g5d5a10109_1920.jpg","datePublished":"2022-03-23T22:39:45+00:00","description":"La Journ\u00e9e mondiale de l'eau est c\u00e9l\u00e9br\u00e9e le 22 mars. Cette date a \u00e9t\u00e9 adopt\u00e9e par l'Assembl\u00e9e g\u00e9n\u00e9rale des Nations Unies en 1992. Elle vise \u00e0","breadcrumb":{"@id":"https:\/\/www.pressenza.com\/fr\/2022\/03\/journee-mondiale-de-leau\/#breadcrumb"},"inLanguage":"fr-FR","potentialAction":[{"@type":"ReadAction","target":["https:\/\/www.pressenza.com\/fr\/2022\/03\/journee-mondiale-de-leau\/"]}]},{"@type":"ImageObject","inLanguage":"fr-FR","@id":"https:\/\/www.pressenza.com\/fr\/2022\/03\/journee-mondiale-de-leau\/#primaryimage","url":"https:\/\/www.pressenza.com\/wp-content\/uploads\/2022\/03\/drop-of-water-g5d5a10109_1920.jpg","contentUrl":"https:\/\/www.pressenza.com\/wp-content\/uploads\/2022\/03\/drop-of-water-g5d5a10109_1920.jpg","width":1920,"height":1280},{"@type":"BreadcrumbList","@id":"https:\/\/www.pressenza.com\/fr\/2022\/03\/journee-mondiale-de-leau\/#breadcrumb","itemListElement":[{"@type":"ListItem","position":1,"name":"Accueil","item":"https:\/\/www.pressenza.com\/fr\/"},{"@type":"ListItem","position":2,"name":"Journ\u00e9e mondiale de l&rsquo;eau"}]},{"@type":"WebSite","@id":"https:\/\/www.pressenza.com\/fr\/#website","url":"https:\/\/www.pressenza.com\/fr\/","name":"Pressenza","description":"International Press Agency","publisher":{"@id":"https:\/\/www.pressenza.com\/fr\/#organization"},"potentialAction":[{"@type":"SearchAction","target":{"@type":"EntryPoint","urlTemplate":"https:\/\/www.pressenza.com\/fr\/?s={search_term_string}"},"query-input":{"@type":"PropertyValueSpecification","valueRequired":true,"valueName":"search_term_string"}}],"inLanguage":"fr-FR"},{"@type":"Organization","@id":"https:\/\/www.pressenza.com\/fr\/#organization","name":"Pressenza","url":"https:\/\/www.pressenza.com\/fr\/","logo":{"@type":"ImageObject","inLanguage":"fr-FR","@id":"https:\/\/www.pressenza.com\/fr\/#\/schema\/logo\/image\/","url":"https:\/\/www.pressenza.com\/wp-content\/uploads\/2022\/10\/pressenza_logo_200x200.jpg","contentUrl":"https:\/\/www.pressenza.com\/wp-content\/uploads\/2022\/10\/pressenza_logo_200x200.jpg","width":200,"height":200,"caption":"Pressenza"},"image":{"@id":"https:\/\/www.pressenza.com\/fr\/#\/schema\/logo\/image\/"},"sameAs":["https:\/\/www.facebook.com\/PressenzaItalia","https:\/\/x.com\/PressenzaIPA"]},{"@type":"Person","@id":"https:\/\/www.pressenza.com\/fr\/#\/schema\/person\/5162be2bf75419d7e91acfc2c50c3870","name":"REHUNO - Red Humanista de Noticias en Salud","description":"REHUNO is a group of volunteers from different countries, health professionals and\/or users of health services, who want to give voice to a \"humanizing view\" of health systems from a broad and comprehensive perspective. REHUNO wants to put into words and images the positive news that needs to be highlighted and the negative news that needs to be denounced and happening on a daily basis.http:\/\/rehunosalud.org\/","sameAs":["http:\/\/rehunosalud.org\/","https:\/\/www.facebook.com\/rehunosalud\/"],"url":"https:\/\/www.pressenza.com\/fr\/author\/rehuno\/"}]}},"place":"Buenos Aires, Argentine","original_article_url":"","_links":{"self":[{"href":"https:\/\/www.pressenza.com\/fr\/wp-json\/wp\/v2\/posts\/1550624","targetHints":{"allow":["GET"]}}],"collection":[{"href":"https:\/\/www.pressenza.com\/fr\/wp-json\/wp\/v2\/posts"}],"about":[{"href":"https:\/\/www.pressenza.com\/fr\/wp-json\/wp\/v2\/types\/post"}],"author":[{"embeddable":true,"href":"https:\/\/www.pressenza.com\/fr\/wp-json\/wp\/v2\/users\/1680"}],"replies":[{"embeddable":true,"href":"https:\/\/www.pressenza.com\/fr\/wp-json\/wp\/v2\/comments?post=1550624"}],"version-history":[{"count":0,"href":"https:\/\/www.pressenza.com\/fr\/wp-json\/wp\/v2\/posts\/1550624\/revisions"}],"wp:featuredmedia":[{"embeddable":true,"href":"https:\/\/www.pressenza.com\/fr\/wp-json\/wp\/v2\/media\/1548656"}],"wp:attachment":[{"href":"https:\/\/www.pressenza.com\/fr\/wp-json\/wp\/v2\/media?parent=1550624"}],"wp:term":[{"taxonomy":"category","embeddable":true,"href":"https:\/\/www.pressenza.com\/fr\/wp-json\/wp\/v2\/categories?post=1550624"},{"taxonomy":"post_tag","embeddable":true,"href":"https:\/\/www.pressenza.com\/fr\/wp-json\/wp\/v2\/tags?post=1550624"}],"curies":[{"name":"wp","href":"https:\/\/api.w.org\/{rel}","templated":true}]}}