{"id":154998,"date":"2014-12-30T21:44:43","date_gmt":"2014-12-30T21:44:43","guid":{"rendered":"http:\/\/www.pressenza.com\/?p=154998"},"modified":"2014-12-30T21:46:33","modified_gmt":"2014-12-30T21:46:33","slug":"cameroun-le-regime-autoritaire-cherche-intimider-la-population-et-augmente-la-dette","status":"publish","type":"post","link":"https:\/\/www.pressenza.com\/fr\/2014\/12\/cameroun-le-regime-autoritaire-cherche-intimider-la-population-et-augmente-la-dette\/","title":{"rendered":"Cameroun : le r\u00e9gime autoritaire cherche \u00e0 intimider la population et augmente la dette"},"content":{"rendered":"<p>La loi \u00ab\u00a0antiterroriste\u00a0\u00bb, adopt\u00e9e d\u00e9but d\u00e9cembre 2014 par le Parlement au Cameroun et qui instaure la peine de mort, provoque une lev\u00e9e de boucliers chez les opposants et les mouvements sociaux locaux. Les opposants \u00e0 la loi d\u00e9noncent en particulier l\u2019article 2, qui d\u00e9clare passible de la peine de mort quiconque \u00ab\u00a0<i>commet tout acte ou menace susceptible de causer la mort, de mettre en danger l\u2019int\u00e9grit\u00e9 physique, d\u2019occasionner des dommages corporels ou mat\u00e9riels, des dommages de ressources naturelles, \u00e0 l\u2019environnement ou au patrimoine culturel<\/i>\u00ab\u00a0. Le code p\u00e9nal camerounais pr\u00e9voit d\u00e9j\u00e0 la peine capitale pour les coupables de meurtres et d\u2019assassinats, le texte de la loi y ajoute donc d\u00e9sormais les personnes qui ne commettent qu\u2019une menace&#8230; On mesure la latitude que se donne le pouvoir pour renforcer brutalement la r\u00e9pression et criminaliser la protestation sociale.<\/p>\n<div class=\"texte entry-content\">\n<p>C\u2019est ainsi que mercredi 10 d\u00e9cembre 2014, des associations citoyennes et des mouvements sociaux ont manifest\u00e9 \u00e0 Yaound\u00e9 pour exiger du pr\u00e9sident Biya qu\u2019il ne promulgue pas cette loi\u00a0|<a id=\"nh3-1\" class=\"spip_note\" title=\"Voir Agence France Presse, \u00ab Vive pol\u00e9mique au Cameroun autour d\u2019une loi\u00a0(...)\" href=\"http:\/\/cadtm.org\/Cameroun-le-regime-autoritaire#nb3-1\" rel=\"footnote\">1<\/a>|, qui \u00ab\u00a0<i>criminalise les r\u00e9unions et manifestations publiques<\/i>\u00ab\u00a0, selon le collectif Dynamique citoyenne, qui regroupe une centaine d\u2019associations et qui est anim\u00e9e notamment par des membres de la <strong>Plate-forme d\u2019information et d\u2019action contre la <a class=\"cs_glossaire\" href=\"http:\/\/cadtm.org\/Dette,970\" name=\"mot970_0\"><span class=\"gl_mot\">dette<\/span><\/a> (membre du CADTM international)<\/strong>.<\/p>\n<p>Dynamique citoyenne explicite la d\u00e9nonciation\u00a0: \u00ab\u00a0<i>vous serez consid\u00e9r\u00e9 comme terroriste si, par exemple, lors d\u2019une manifestation publique organis\u00e9e pour exiger l\u2019am\u00e9lioration du code \u00e9lectoral, pour d\u00e9noncer l\u2019incurie des gouvernants en place, pour revendiquer la revalorisation des salaires ou l\u2019harmonisation de l\u2019\u00e2ge de d\u00e9part \u00e0 la retraite \u00e0 60 ans pour tous, votre action peut, selon les humeurs des tenants du pouvoir, tomber sous le coup de \u00ab\u00a0tout acte ou menace d\u2019acte susceptible de causer la mort, de mettre en danger l\u2019int\u00e9grit\u00e9 physique [si en d\u00e9fendant vos droits vous r\u00e9sistez \u00e0 Abraham ou Mamiwata et aux forces du d\u00e9sordre], d\u2019occasionner des dommages corporels ou mat\u00e9riels [si vous cassez les kiosques du PMU], des dommages aux ressources naturelles, \u00e0 l\u2019environnement [si vous br\u00fblez les pneus en polluant l\u2019atmosph\u00e8re] ou au patrimoine culturel [si vous vous en prenez \u00e0 la statue de Charles ATANGANA ou au monument LECLERC]<\/i>\u00a0\u00bb\u00a0\u00bb\u00a0|<a id=\"nh3-2\" class=\"spip_note\" title=\"Voir le dossier presse r\u00e9alis\u00e9 par Dynamique Citoyenne pour le 10 d\u00e9cembre\u00a0(...)\" href=\"http:\/\/cadtm.org\/Cameroun-le-regime-autoritaire#nb3-2\" rel=\"footnote\">2<\/a>|. \u00ab\u00a0<i>Si M.\u00a0Biya promulgue cette loi, nous allons l\u2019assimiler \u00e0 une d\u00e9claration de guerre et nous n\u2019entendons pas nous laisser faire<\/i>\u00ab\u00a0, pr\u00e9vient Jean-Marc Bikoko\u00a0|<a id=\"nh3-3\" class=\"spip_note\" title=\"Voir quelques interviews r\u00e9centes de Jean-Marc-Bikoko : http:\/\/cadtm.org\/Entretie\" href=\"http:\/\/cadtm.org\/Cameroun-le-regime-autoritaire#nb3-3\" rel=\"footnote\">3<\/a>|, porte-parole de Dynamique citoyenne, dirigeant syndical bien connu et membre<a class=\"cs_glossaire\" href=\"http:\/\/cadtm.org\/Actif\" name=\"mot806_1\"><span class=\"gl_mot\">actif<\/span><\/a> du CADTM international.<\/p>\n<p>Manifestement le pouvoir fort veut se pr\u00e9munir contre d\u2019\u00e9ventuels troubles avant la pr\u00e9sidentielle de 2018. Pr\u00e9sident depuis 1982, Paul Biya, 81 ans, entretient le myst\u00e8re sur ses intentions mais il est clair qu\u2019il est tent\u00e9 de prolonger une fois encore son mandat. Ce texte appara\u00eet manifestement comme sa r\u00e9ponse au soul\u00e8vement populaire qui a entra\u00een\u00e9 la chute du r\u00e9gime dans divers pays africains et en particulier au Burkina Faso en novembre 2014\u00a0: il cherche \u00e0 terroriser les mouvements sociaux et la jeunesse pour les emp\u00eacher de sortir en masse dans la rue, m\u00eame si le dispositif l\u00e9gal pour r\u00e9primer la protestation sociale est d\u00e9j\u00e0 tr\u00e8s grave avant m\u00eame l\u2019entr\u00e9e en vigueur de cette loi. Le pouvoir en use et abuse. Par exemple, la garde \u00e0 vue est d\u2019une dur\u00e9e de quinze jours renouvelables.<br \/>\nEn-dehors des activit\u00e9s organis\u00e9es par le parti au pouvoir et ses satellites, toute manifestation ayant trait \u00e0 la protestation, \u00e0 la d\u00e9nonciation ou \u00e0 la revendication se heurte toujours \u00e0 l\u2019abus d\u2019autorit\u00e9 et \u00e0 l\u2019exc\u00e8s de z\u00e8le de l\u2019administration qui cr\u00e9e sciemment l\u2019amalgame entre \u00ab\u00a0d\u00e9claration\u00a0\u00bb et \u00ab\u00a0autorisation\u00a0\u00bb, et pour qui ces r\u00e9unions et manifestations sont toujours susceptibles de troubler l\u2019ordre public.<\/p>\n<p>Tel a \u00e9t\u00e9 le cas en 2007 dans le cadre de la manifestation organis\u00e9e par les organisations membres de la CSP devant le si\u00e8ge du Parlement camerounais relative \u00e0 la revalorisation des salaires dans la fonction publique. La m\u00eame situation s\u2019\u00e9tait reproduite le 11 novembre 2010 dans le cadre de la mobilisation organis\u00e9e par la CSP \u00e0 Yaound\u00e9 devant les services du Premier ministre qui a vu l\u2019arrestation de 7 militants syndicalistes inculp\u00e9s pour \u00ab\u00a0d\u00e9lit de r\u00e9union et manifestation ill\u00e9gale\u00a0\u00bb, inculpation qui avait donn\u00e9 lieu \u00e0 un proc\u00e8s de 15 mois, lequel s\u2019est sold\u00e9 par l\u2019acquittement des pr\u00e9venus par le tribunal de premi\u00e8re instance de Yaound\u00e9\u00a0|<a id=\"nh3-4\" class=\"spip_note\" title=\"Voir le dossier presse r\u00e9alis\u00e9 par Dynamique Citoyenne pour le 10 d\u00e9cembre\u00a0(...)\" href=\"http:\/\/cadtm.org\/Cameroun-le-regime-autoritaire#nb3-4\" rel=\"footnote\">4<\/a>|.<\/p>\n<p>Dans la m\u00eame optique, les autorit\u00e9s n\u2019ont pas permis que se d\u00e9roule \u00e0 l\u2019endroit pr\u00e9vu la manifestation convoqu\u00e9e par Dynamique citoyenne le 10 d\u00e9cembre 2014. La veille, cette association a \u00e9t\u00e9 oblig\u00e9e de convoquer le public \u00e0 un autre endroit de la ville. L\u2019objectif du pouvoir \u00e9tait de d\u00e9courager les manifestants potentiels et de limiter strictement la possibilit\u00e9 d\u2019exprimer son opinion de mani\u00e8re organis\u00e9e sur la place publique. On peut constater que cette politique du r\u00e9gime atteint partiellement son objectif\u00a0: les mobilisations de rue sont faibles pour le moment.<\/p>\n<p><strong>La Grande palabre sur la dette<\/strong><\/p>\n<p>Le 11 d\u00e9cembre 2014, plusieurs associations avaient uni leurs efforts pour convoquer une conf\u00e9rence publique dans le cadre de \u00ab\u00a0La Grande Palabre\u00a0\u00bb. La veille, le public convoqu\u00e9 pouvait lire sur la toile de m\u00e9dias alternatifs\u00a0: \u00ab\u00a0La Grande Palabre a \u00e9t\u00e9 annul\u00e9e pour la troisi\u00e8me fois. L\u2019organisateur veut se plaindre aupr\u00e8s de la justice\u00a0\u00bb.<\/p>\n<p>Cet article pr\u00e9cisait\u00a0: \u00ab\u00a0<i>La session de La Grande Palabre, du 11 d\u00e9cembre 2014, avait pour th\u00e8me \u00ab\u00a0le Cameroun et l\u2019Afrique pris dans les tenailles de la <a class=\"cs_glossaire\" href=\"http:\/\/cadtm.org\/Dette-odieuse,760\" name=\"mot760_2\"><span class=\"gl_mot\">dette odieuse<\/span><\/a> et de l\u2019imaginaire occidental\u00a0\u00bb. Eric Toussaint devait entretenir l\u2019auditoire. \u00ab\u00a0Pour la troisi\u00e8me fois, nous sommes victimes des abus du sous-pr\u00e9fet de Yaound\u00e9 1er qui refuse de nous d\u00e9livrer le r\u00e9c\u00e9piss\u00e9 de d\u00e9claration de r\u00e9union publique en pr\u00e9textant que Germinal, personne morale, ayant une personnalit\u00e9 juridique conf\u00e9r\u00e9e par son r\u00e9c\u00e9piss\u00e9 de d\u00e9claration n\u00b0034\/RDDJ\/J06\/BASC d\u00e9livr\u00e9 le 25 juillet 2003, n\u2019est pas habilet\u00e9 \u00e0 organiser une r\u00e9union publique (conf\u00e9rence-d\u00e9bat). Pourtant 38 fois, ce m\u00eame sous-pr\u00e9fet et son pr\u00e9d\u00e9cesseur ont d\u00e9livr\u00e9 \u00e0 Germinal 38 r\u00e9c\u00e9piss\u00e9s de d\u00e9claration de r\u00e9union publique\u00a0\u00bb. Jean-Bosco Talla\u00a0|<a id=\"nh3-5\" class=\"spip_note\" title=\"Le journaliste Jean Bosco Talla, Directeur de Publication du Journal\u00a0(...)\" href=\"http:\/\/cadtm.org\/Cameroun-le-regime-autoritaire#nb3-5\" rel=\"footnote\">5<\/a>| le directeur de publication du journal Germinal est outr\u00e9. A cause des raisons qu\u2019il vient d\u2019\u00e9noncer, la session de la \u00ab\u00a0Grande Palabre\u00a0\u00bb, la conf\u00e9rence-d\u00e9bat qu\u2019il organise, ne se tiendra plus comme pr\u00e9vu \u00e0 l\u2019h\u00f4tel Franco de Yaound\u00e9, le 11 d\u00e9cembre 2014. Il annonce sa d\u00e9localisation \u00e0 l\u2019h\u00f4tel Jouvence 2000, toujours dans la capitale. Le sous-pr\u00e9fet Jean-Paul Tsanga Fo\u00e9 explique que l\u2019objet du d\u00e9bat de la \u00ab\u00a0Grande Palabre\u00a0\u00bb est contraire au r\u00e9c\u00e9piss\u00e9 de d\u00e9p\u00f4t de d\u00e9claration de l\u2019organe de presse de Jean-Bosco Talla. Une mesure que Jean-Bosco Talla conteste naturellement.<\/i>\u00a0\u00bb\u00a0|<a id=\"nh3-6\" class=\"spip_note\" title=\"Source : Cameroon-Info.Nethttp:\/\/www.cameroon-info.net\/storie...http:\/\/en.newhub\" href=\"http:\/\/cadtm.org\/Cameroun-le-regime-autoritaire#nb3-6\" rel=\"footnote\">6<\/a>|<\/p>\n<p>Cela donne une id\u00e9e des tracasseries et des obstacles mis par le pouvoir en travers de l\u2019action de toutes les associations ind\u00e9pendantes et critiques. La r\u00e9union a donc eu lieu dans un autre endroit alors qu\u2019une partie du public s\u2019\u00e9tait rendue vers l\u2019endroit initial. D\u2019autres, d\u00e9courag\u00e9s ou inqui\u00e9t\u00e9s par ce qui allait se passer, avaient d\u00e9cid\u00e9 de rester chez eux. Malgr\u00e9 cela, environ 70 personnes ont particip\u00e9 \u00e0 la conf\u00e9rence, retransmise en direct sur les ondes de la radio alternative Cheikh Anta Diop\u00a0|<a id=\"nh3-7\" class=\"spip_note\" title=\"Voir site de cette radio : http:\/\/www.radiocad.info\/contact\/\" href=\"http:\/\/cadtm.org\/Cameroun-le-regime-autoritaire#nb3-7\" rel=\"footnote\">7<\/a>|. Quatre jours plus tard, une deuxi\u00e8me conf\u00e9rence publique sur \u00ab\u00a0Les enjeux de l\u2019endettement\u00a0\u00bb prolongeait les d\u00e9bats du 11 d\u00e9cembre\u00a0|<a id=\"nh3-8\" class=\"spip_note\" title=\"Voir le compte-rendu publi\u00e9 dans la presse camerounaise : http:\/\/cadtm.org\/Camero\" href=\"http:\/\/cadtm.org\/Cameroun-le-regime-autoritaire#nb3-8\" rel=\"footnote\">8<\/a>|. Cette conf\u00e9rence \u00e9tait notamment convoqu\u00e9e par la plate d\u2019information et d\u2019action sur la dette et par la conf\u00e9d\u00e9ration syndicale des services publics (CSP).<\/p>\n<p>Le gouvernement camerounais a r\u00e9ussi jusqu\u2019ici \u00e0 convaincre la population que la dette ne constituait plus un probl\u00e8me r\u00e9el pour le pays. La dette publique interne et externe repr\u00e9sente moins de 20% du <a class=\"cs_glossaire\" href=\"http:\/\/cadtm.org\/PIB-Produit-interieur-brut\" name=\"mot1021_3\"><span class=\"gl_mot\">PIB<\/span><\/a> en 2014 alors qu\u2019en France elle atteint 96%, aux \u00c9tats-Unis elle atteint 100%, en Belgique elle d\u00e9passe 100%, en Italie 130%, sans parler de la Gr\u00e8ce dont la dette d\u00e9passe 170%. N\u00e9anmoins, le remboursement de la dette repr\u00e9sente 9% des d\u00e9penses du budget de l\u2019\u00c9tat en 2014 tandis que la sant\u00e9 publique ne repr\u00e9sente que 5% du budget. En 2015, selon le budget officiel, le remboursement de la dette augmentera de 33%. Ce sont les banques priv\u00e9es camerounaises qui en profitent largement car elle pr\u00eatent \u00e0 l\u2019Etat \u00e0 du 5,5%.<\/p>\n<p>En 2015, il faut \u00e9galement prendre en compte l\u2019impact de la chute du prix du p\u00e9trole sur le march\u00e9 mondial. Le Cameroun est un pays exportateur de p\u00e9trole et la chute du prix provoquera une chute des recettes de l\u2019Etat et rendra plus difficile le remboursement de la dette. Dans un pays o\u00f9 le salaire mensuel minimum l\u00e9gal n\u2019atteint que 50euros (32.000francs CFA) alors que la plupart des denr\u00e9es se vendent au prix du march\u00e9 mondial, les Camerounais paient une taxe unique de 19,5% de TVA sur tous ces produits (\u00e0 quelques exceptions pr\u00e8s), ce qui transforme la vie quotidienne en une lutte permanente, il est essentiel de trouver une solution au probl\u00e8me de la <a class=\"cs_glossaire\" href=\"http:\/\/cadtm.org\/Dette-illegitime,761\" name=\"mot761_4\"><span class=\"gl_mot\">dette ill\u00e9gitime<\/span><\/a>. C\u2019est pourquoi la Plate-forme d\u2019information et d\u2019action sur la dette, membre du CADTM, a d\u00e9cid\u00e9 de lancer une campagne en faveur de l\u2019audit citoyen de la dette. Le r\u00e9seau CADTM est mobilis\u00e9 sur le th\u00e8me de l\u2019audit citoyen et de l\u2019abolition de la dette odieuse, au Cameroun comme ailleurs.<\/p>\n<dl class=\"spip_document_12233 spip_documents\">\n<dt><a title=\"PDF - 601.3 ko\" href=\"http:\/\/cadtm.org\/IMG\/pdf\/CSP_declaration.pdf\" type=\"application\/pdf\"><img loading=\"lazy\" decoding=\"async\" src=\"http:\/\/cadtm.org\/local\/cache-vignettes\/L52xH52\/pdf-eb697.png\" alt=\"PDF - 601.3 ko\" width=\"52\" height=\"52\" \/><\/a><\/dt>\n<dt class=\"spip_doc_titre\"><a href=\"http:\/\/cadtm.org\/IMG\/pdf\/CSP_declaration.pdf\"><strong>D\u00e9claration CSP<\/strong><\/a><\/dt>\n<\/dl>\n<dl class=\"spip_document_12234 spip_documents\">\n<dt><a title=\"PDF - 351.4 ko\" href=\"http:\/\/cadtm.org\/IMG\/pdf\/declaration_sous-prefet_yde3.pdf\" type=\"application\/pdf\"><img loading=\"lazy\" decoding=\"async\" src=\"http:\/\/cadtm.org\/local\/cache-vignettes\/L52xH52\/pdf-eb697.png\" alt=\"PDF - 351.4 ko\" width=\"52\" height=\"52\" \/><\/a><\/dt>\n<dt class=\"spip_doc_titre\"><a href=\"http:\/\/cadtm.org\/IMG\/pdf\/declaration_sous-prefet_yde3.pdf\"><strong>D\u00e9claration du sous-pr\u00e9fet<\/strong><\/a><\/dt>\n<\/dl>\n<dl class=\"spip_document_12235 spip_documents\">\n<dt><a title=\"PDF - 138.3 ko\" href=\"http:\/\/cadtm.org\/IMG\/pdf\/Dossier_de_presse.pdf\" type=\"application\/pdf\"><img loading=\"lazy\" decoding=\"async\" src=\"http:\/\/cadtm.org\/local\/cache-vignettes\/L52xH52\/pdf-eb697.png\" alt=\"PDF - 138.3 ko\" width=\"52\" height=\"52\" \/><\/a><\/dt>\n<dt class=\"spip_doc_titre\"><a href=\"http:\/\/cadtm.org\/IMG\/pdf\/Dossier_de_presse.pdf\"><strong>Dossier de presse<\/strong><\/a><\/dt>\n<\/dl>\n<\/div>\n<div class=\"notes surlignable\">\n<p><strong>Notes<\/strong><\/p>\n<p>|<a id=\"nb3-1\" class=\"spip_note\" title=\"Notes 3-1\" href=\"http:\/\/cadtm.org\/Cameroun-le-regime-autoritaire#nh3-1\" rev=\"footnote\">1<\/a>| Voir Agence France Presse, \u00ab\u00a0Vive pol\u00e9mique au Cameroun autour d\u2019une loi \u00ab\u00a0antiterroriste\u00a0\u00bb jug\u00e9e<br \/>\n\u00ab\u00a0liberticide\u00a0\u00bb\u00a0\u00bb, 12\/12\/14<\/p>\n<p>|<a id=\"nb3-2\" class=\"spip_note\" title=\"Notes 3-2\" href=\"http:\/\/cadtm.org\/Cameroun-le-regime-autoritaire#nh3-2\" rev=\"footnote\">2<\/a>| Voir le dossier presse r\u00e9alis\u00e9 par Dynamique Citoyenne pour le 10 d\u00e9cembre 2014 &#8211; Journ\u00e9e internationale des droits de l\u2019Homme.<\/p>\n<p>|<a id=\"nb3-3\" class=\"spip_note\" title=\"Notes 3-3\" href=\"http:\/\/cadtm.org\/Cameroun-le-regime-autoritaire#nh3-3\" rev=\"footnote\">3<\/a>| Voir quelques interviews r\u00e9centes de Jean-Marc-Bikoko\u00a0: <a class=\"spip_url spip_out\" href=\"http:\/\/cadtm.org\/Entretien-avec-Jean-Marc-Bikoko-L\" rel=\"nofollow\">http:\/\/cadtm.org\/Entretien-avec-Jea&#8230;<\/a> ,<a class=\"spip_url spip_out\" href=\"http:\/\/cadtm.org\/Pourquoi-faut-il-realiser-un-audit\" rel=\"nofollow\">http:\/\/cadtm.org\/Pourquoi-faut-il-r&#8230;<\/a> , <a class=\"spip_url spip_out\" href=\"http:\/\/cadtm.org\/L-audit-de-la-dette-publique\" rel=\"nofollow\">http:\/\/cadtm.org\/L-audit-de-la-dett&#8230;<\/a><\/p>\n<p>|<a id=\"nb3-4\" class=\"spip_note\" title=\"Notes 3-4\" href=\"http:\/\/cadtm.org\/Cameroun-le-regime-autoritaire#nh3-4\" rev=\"footnote\">4<\/a>| Voir le dossier presse r\u00e9alis\u00e9 par Dynamique Citoyenne pour le 10 d\u00e9cembre 2014 &#8211; Journ\u00e9e internationale des droits de l\u2019Homme.<\/p>\n<p>|<a id=\"nb3-5\" class=\"spip_note\" title=\"Notes 3-5\" href=\"http:\/\/cadtm.org\/Cameroun-le-regime-autoritaire#nh3-5\" rev=\"footnote\">5<\/a>| Le journaliste Jean Bosco Talla, Directeur de Publication du Journal Germinal a \u00e9t\u00e9 victime \u00e0 plusieurs reprises de la r\u00e9pression du r\u00e9gime fort de Paul Biya\u00a0: emprisonnement, condamnation \u00e0 une lourde amende, arrestation muscl\u00e9e,&#8230; Voir\u00a0: <a class=\"spip_url spip_out\" href=\"http:\/\/www.afrik.com\/article18239.html\" rel=\"nofollow external\">http:\/\/www.afrik.com\/article18239.html<\/a> et<a class=\"spip_url spip_out\" href=\"http:\/\/www.survie-paris.org\/appel-a-la-solidarite-pour-la.html\" rel=\"nofollow external\">http:\/\/www.survie-paris.org\/appel-a&#8230;<\/a><\/p>\n<p>|<a id=\"nb3-6\" class=\"spip_note\" title=\"Notes 3-6\" href=\"http:\/\/cadtm.org\/Cameroun-le-regime-autoritaire#nh3-6\" rev=\"footnote\">6<\/a>| Source\u00a0: Cameroon-Info.Net<br \/>\n<a class=\"spip_url spip_out\" href=\"http:\/\/www.cameroon-info.net\/stories\/0,64587,@,cameroun-la-grande-palabre-un-sous-prefet-interdit-une-conference-debat-a-yaound.html\" rel=\"nofollow external\">http:\/\/www.cameroon-info.net\/storie&#8230;<\/a><br \/>\n<a class=\"spip_url spip_out\" href=\"http:\/\/en.newhub.shafaqna.com\/CM\/9206\" rel=\"nofollow external\">http:\/\/en.newhub.shafaqna.com\/CM\/9206<\/a><\/p>\n<p>|<a id=\"nb3-7\" class=\"spip_note\" title=\"Notes 3-7\" href=\"http:\/\/cadtm.org\/Cameroun-le-regime-autoritaire#nh3-7\" rev=\"footnote\">7<\/a>| Voir site de cette radio\u00a0: <a class=\"spip_url spip_out\" href=\"http:\/\/www.radiocad.info\/contact\/\" rel=\"nofollow external\">http:\/\/www.radiocad.info\/contact\/<\/a><\/p>\n<p>|<a id=\"nb3-8\" class=\"spip_note\" title=\"Notes 3-8\" href=\"http:\/\/cadtm.org\/Cameroun-le-regime-autoritaire#nh3-8\" rev=\"footnote\">8<\/a>| Voir le compte-rendu publi\u00e9 dans la presse camerounaise\u00a0: <a class=\"spip_url spip_out\" href=\"http:\/\/cadtm.org\/Cameroun-les-enjeux-de-l\" rel=\"nofollow\">http:\/\/cadtm.org\/Cameroun-les-enjeu&#8230;<\/a> ou <a class=\"spip_url spip_out\" href=\"http:\/\/www.yaoundeinfos.com\/2014\/12\/cameroun-les-enjeux-de-l-endettement-au-centre-d-une-conference-debat-a-yaounde.html\" rel=\"nofollow external\">http:\/\/www.yaoundeinfos.com\/2014\/12&#8230;<\/a><\/p>\n<p>&nbsp;<\/p>\n<p>Source :\u00a0<a href=\"http:\/\/cadtm.org\/Cameroun-le-regime-autoritaire\">http:\/\/cadtm.org\/Cameroun-le-regime-autoritaire<\/a><\/p>\n<\/div>\n","protected":false},"excerpt":{"rendered":"<p>La loi \u00ab\u00a0antiterroriste\u00a0\u00bb, adopt\u00e9e d\u00e9but d\u00e9cembre 2014 par le Parlement au Cameroun et qui instaure la peine de mort, provoque une lev\u00e9e de boucliers chez les opposants et les mouvements sociaux locaux. Les opposants \u00e0 la loi d\u00e9noncent en particulier&hellip;<\/p>\n","protected":false},"author":932,"featured_media":154999,"comment_status":"closed","ping_status":"open","sticky":false,"template":"","format":"standard","meta":{"footnotes":""},"categories":[83,98,100,40,163],"tags":[15159,2612,15158,3736],"class_list":["post-154998","post","type-post","status-publish","format-standard","has-post-thumbnail","hentry","category-africa-fr","category-droits-de-lhomme","category-economie","category-international-fr","category-opinion-fr","tag-augmentation-de-la-dette","tag-cameroun","tag-intimidation-de-la-population","tag-regime-autoritaire"],"yoast_head":"<!-- This site is optimized with the Yoast SEO plugin v27.1.1 - https:\/\/yoast.com\/product\/yoast-seo-wordpress\/ -->\n<title>Cameroun : le r\u00e9gime autoritaire cherche \u00e0 intimider la population et augmente la dette<\/title>\n<meta name=\"description\" content=\"La loi &quot;antiterroriste&quot;, adopt\u00e9e d\u00e9but d\u00e9cembre 2014 par le Parlement au Cameroun et qui instaure la peine de mort, provoque une lev\u00e9e de boucliers chez\" \/>\n<meta name=\"robots\" content=\"index, follow, max-snippet:-1, max-image-preview:large, max-video-preview:-1\" \/>\n<link rel=\"canonical\" href=\"https:\/\/www.pressenza.com\/fr\/2014\/12\/cameroun-le-regime-autoritaire-cherche-intimider-la-population-et-augmente-la-dette\/\" \/>\n<meta property=\"og:locale\" content=\"fr_FR\" \/>\n<meta property=\"og:type\" content=\"article\" \/>\n<meta property=\"og:title\" content=\"Cameroun : le r\u00e9gime autoritaire cherche \u00e0 intimider la population et augmente la dette\" \/>\n<meta property=\"og:description\" content=\"La loi &quot;antiterroriste&quot;, adopt\u00e9e d\u00e9but d\u00e9cembre 2014 par le Parlement au Cameroun et qui instaure la peine de mort, provoque une lev\u00e9e de boucliers chez\" \/>\n<meta property=\"og:url\" content=\"https:\/\/www.pressenza.com\/fr\/2014\/12\/cameroun-le-regime-autoritaire-cherche-intimider-la-population-et-augmente-la-dette\/\" \/>\n<meta property=\"og:site_name\" content=\"Pressenza\" \/>\n<meta property=\"article:publisher\" content=\"https:\/\/www.facebook.com\/PressenzaItalia\" \/>\n<meta property=\"article:author\" content=\"https:\/\/www.facebook.com\/CADTMNETWORK\/\" \/>\n<meta property=\"article:published_time\" content=\"2014-12-30T21:44:43+00:00\" \/>\n<meta property=\"article:modified_time\" content=\"2014-12-30T21:46:33+00:00\" \/>\n<meta property=\"og:image\" content=\"https:\/\/www.pressenza.com\/wp-content\/uploads\/2014\/12\/Cameroun-le-r--gime-autoritaire-cherche----intimider-la-population-et-augmente-la-dette.jpg\" \/>\n\t<meta property=\"og:image:width\" content=\"530\" \/>\n\t<meta property=\"og:image:height\" content=\"396\" \/>\n\t<meta property=\"og:image:type\" content=\"image\/jpeg\" \/>\n<meta name=\"author\" content=\"Eric Toussaint\" \/>\n<meta name=\"twitter:card\" content=\"summary_large_image\" \/>\n<meta name=\"twitter:creator\" content=\"@CADTM_int\" \/>\n<meta name=\"twitter:site\" content=\"@PressenzaIPA\" \/>\n<meta name=\"twitter:label1\" content=\"\u00c9crit par\" \/>\n\t<meta name=\"twitter:data1\" content=\"Eric Toussaint\" \/>\n\t<meta name=\"twitter:label2\" content=\"Dur\u00e9e de lecture estim\u00e9e\" \/>\n\t<meta name=\"twitter:data2\" content=\"9 minutes\" \/>\n<script type=\"application\/ld+json\" class=\"yoast-schema-graph\">{\"@context\":\"https:\/\/schema.org\",\"@graph\":[{\"@type\":\"Article\",\"@id\":\"https:\/\/www.pressenza.com\/fr\/2014\/12\/cameroun-le-regime-autoritaire-cherche-intimider-la-population-et-augmente-la-dette\/#article\",\"isPartOf\":{\"@id\":\"https:\/\/www.pressenza.com\/fr\/2014\/12\/cameroun-le-regime-autoritaire-cherche-intimider-la-population-et-augmente-la-dette\/\"},\"author\":{\"name\":\"Eric Toussaint\",\"@id\":\"https:\/\/www.pressenza.com\/fr\/#\/schema\/person\/6a3239957b642a71ddb8b074deedab2c\"},\"headline\":\"Cameroun : le r\u00e9gime autoritaire cherche \u00e0 intimider la population et augmente la dette\",\"datePublished\":\"2014-12-30T21:44:43+00:00\",\"dateModified\":\"2014-12-30T21:46:33+00:00\",\"mainEntityOfPage\":{\"@id\":\"https:\/\/www.pressenza.com\/fr\/2014\/12\/cameroun-le-regime-autoritaire-cherche-intimider-la-population-et-augmente-la-dette\/\"},\"wordCount\":1825,\"publisher\":{\"@id\":\"https:\/\/www.pressenza.com\/fr\/#organization\"},\"image\":{\"@id\":\"https:\/\/www.pressenza.com\/fr\/2014\/12\/cameroun-le-regime-autoritaire-cherche-intimider-la-population-et-augmente-la-dette\/#primaryimage\"},\"thumbnailUrl\":\"https:\/\/www.pressenza.com\/wp-content\/uploads\/2014\/12\/Cameroun-le-r--gime-autoritaire-cherche----intimider-la-population-et-augmente-la-dette.jpg\",\"keywords\":[\"augmentation de la dette\",\"Cameroun\",\"intimidation de la population\",\"r\u00e9gime autoritaire\"],\"articleSection\":[\"Afrique\",\"Droits humains\",\"Economie\",\"International\",\"Opinion\"],\"inLanguage\":\"fr-FR\"},{\"@type\":\"WebPage\",\"@id\":\"https:\/\/www.pressenza.com\/fr\/2014\/12\/cameroun-le-regime-autoritaire-cherche-intimider-la-population-et-augmente-la-dette\/\",\"url\":\"https:\/\/www.pressenza.com\/fr\/2014\/12\/cameroun-le-regime-autoritaire-cherche-intimider-la-population-et-augmente-la-dette\/\",\"name\":\"Cameroun : le r\u00e9gime autoritaire cherche \u00e0 intimider la population et augmente la dette\",\"isPartOf\":{\"@id\":\"https:\/\/www.pressenza.com\/fr\/#website\"},\"primaryImageOfPage\":{\"@id\":\"https:\/\/www.pressenza.com\/fr\/2014\/12\/cameroun-le-regime-autoritaire-cherche-intimider-la-population-et-augmente-la-dette\/#primaryimage\"},\"image\":{\"@id\":\"https:\/\/www.pressenza.com\/fr\/2014\/12\/cameroun-le-regime-autoritaire-cherche-intimider-la-population-et-augmente-la-dette\/#primaryimage\"},\"thumbnailUrl\":\"https:\/\/www.pressenza.com\/wp-content\/uploads\/2014\/12\/Cameroun-le-r--gime-autoritaire-cherche----intimider-la-population-et-augmente-la-dette.jpg\",\"datePublished\":\"2014-12-30T21:44:43+00:00\",\"dateModified\":\"2014-12-30T21:46:33+00:00\",\"description\":\"La loi \\\"antiterroriste\\\", adopt\u00e9e d\u00e9but d\u00e9cembre 2014 par le Parlement au Cameroun et qui instaure la peine de mort, provoque une lev\u00e9e de boucliers chez\",\"breadcrumb\":{\"@id\":\"https:\/\/www.pressenza.com\/fr\/2014\/12\/cameroun-le-regime-autoritaire-cherche-intimider-la-population-et-augmente-la-dette\/#breadcrumb\"},\"inLanguage\":\"fr-FR\",\"potentialAction\":[{\"@type\":\"ReadAction\",\"target\":[\"https:\/\/www.pressenza.com\/fr\/2014\/12\/cameroun-le-regime-autoritaire-cherche-intimider-la-population-et-augmente-la-dette\/\"]}]},{\"@type\":\"ImageObject\",\"inLanguage\":\"fr-FR\",\"@id\":\"https:\/\/www.pressenza.com\/fr\/2014\/12\/cameroun-le-regime-autoritaire-cherche-intimider-la-population-et-augmente-la-dette\/#primaryimage\",\"url\":\"https:\/\/www.pressenza.com\/wp-content\/uploads\/2014\/12\/Cameroun-le-r--gime-autoritaire-cherche----intimider-la-population-et-augmente-la-dette.jpg\",\"contentUrl\":\"https:\/\/www.pressenza.com\/wp-content\/uploads\/2014\/12\/Cameroun-le-r--gime-autoritaire-cherche----intimider-la-population-et-augmente-la-dette.jpg\",\"width\":530,\"height\":396},{\"@type\":\"BreadcrumbList\",\"@id\":\"https:\/\/www.pressenza.com\/fr\/2014\/12\/cameroun-le-regime-autoritaire-cherche-intimider-la-population-et-augmente-la-dette\/#breadcrumb\",\"itemListElement\":[{\"@type\":\"ListItem\",\"position\":1,\"name\":\"Accueil\",\"item\":\"https:\/\/www.pressenza.com\/fr\/\"},{\"@type\":\"ListItem\",\"position\":2,\"name\":\"Cameroun : le r\u00e9gime autoritaire cherche \u00e0 intimider la population et augmente la dette\"}]},{\"@type\":\"WebSite\",\"@id\":\"https:\/\/www.pressenza.com\/fr\/#website\",\"url\":\"https:\/\/www.pressenza.com\/fr\/\",\"name\":\"Pressenza\",\"description\":\"International Press Agency\",\"publisher\":{\"@id\":\"https:\/\/www.pressenza.com\/fr\/#organization\"},\"potentialAction\":[{\"@type\":\"SearchAction\",\"target\":{\"@type\":\"EntryPoint\",\"urlTemplate\":\"https:\/\/www.pressenza.com\/fr\/?s={search_term_string}\"},\"query-input\":{\"@type\":\"PropertyValueSpecification\",\"valueRequired\":true,\"valueName\":\"search_term_string\"}}],\"inLanguage\":\"fr-FR\"},{\"@type\":\"Organization\",\"@id\":\"https:\/\/www.pressenza.com\/fr\/#organization\",\"name\":\"Pressenza\",\"url\":\"https:\/\/www.pressenza.com\/fr\/\",\"logo\":{\"@type\":\"ImageObject\",\"inLanguage\":\"fr-FR\",\"@id\":\"https:\/\/www.pressenza.com\/fr\/#\/schema\/logo\/image\/\",\"url\":\"https:\/\/www.pressenza.com\/wp-content\/uploads\/2022\/10\/pressenza_logo_200x200.jpg\",\"contentUrl\":\"https:\/\/www.pressenza.com\/wp-content\/uploads\/2022\/10\/pressenza_logo_200x200.jpg\",\"width\":200,\"height\":200,\"caption\":\"Pressenza\"},\"image\":{\"@id\":\"https:\/\/www.pressenza.com\/fr\/#\/schema\/logo\/image\/\"},\"sameAs\":[\"https:\/\/www.facebook.com\/PressenzaItalia\",\"https:\/\/x.com\/PressenzaIPA\"]},{\"@type\":\"Person\",\"@id\":\"https:\/\/www.pressenza.com\/fr\/#\/schema\/person\/6a3239957b642a71ddb8b074deedab2c\",\"name\":\"Eric Toussaint\",\"description\":\"Eric Toussaint, senior lecturer in the Universit\u00e9 de Li\u00e8ge, is chairman of CATDM Belgium (Comitee for the cancellation of third world debt) and member of the scientific council of ATTAC France. He wrote, with Damien Millet, of AAA, Audit Annulation Autre politique (Audit, cancellation, other politics), Seuil, Paris, 2012.\",\"sameAs\":[\"http:\/\/cadtm.org\",\"https:\/\/www.facebook.com\/CADTMNETWORK\/\",\"https:\/\/x.com\/CADTM_int\"],\"url\":\"https:\/\/www.pressenza.com\/fr\/author\/erictoussaint\/\"}]}<\/script>\n<!-- \/ Yoast SEO plugin. -->","yoast_head_json":{"title":"Cameroun : le r\u00e9gime autoritaire cherche \u00e0 intimider la population et augmente la dette","description":"La loi \"antiterroriste\", adopt\u00e9e d\u00e9but d\u00e9cembre 2014 par le Parlement au Cameroun et qui instaure la peine de mort, provoque une lev\u00e9e de boucliers chez","robots":{"index":"index","follow":"follow","max-snippet":"max-snippet:-1","max-image-preview":"max-image-preview:large","max-video-preview":"max-video-preview:-1"},"canonical":"https:\/\/www.pressenza.com\/fr\/2014\/12\/cameroun-le-regime-autoritaire-cherche-intimider-la-population-et-augmente-la-dette\/","og_locale":"fr_FR","og_type":"article","og_title":"Cameroun : le r\u00e9gime autoritaire cherche \u00e0 intimider la population et augmente la dette","og_description":"La loi \"antiterroriste\", adopt\u00e9e d\u00e9but d\u00e9cembre 2014 par le Parlement au Cameroun et qui instaure la peine de mort, provoque une lev\u00e9e de boucliers chez","og_url":"https:\/\/www.pressenza.com\/fr\/2014\/12\/cameroun-le-regime-autoritaire-cherche-intimider-la-population-et-augmente-la-dette\/","og_site_name":"Pressenza","article_publisher":"https:\/\/www.facebook.com\/PressenzaItalia","article_author":"https:\/\/www.facebook.com\/CADTMNETWORK\/","article_published_time":"2014-12-30T21:44:43+00:00","article_modified_time":"2014-12-30T21:46:33+00:00","og_image":[{"width":530,"height":396,"url":"https:\/\/www.pressenza.com\/wp-content\/uploads\/2014\/12\/Cameroun-le-r--gime-autoritaire-cherche----intimider-la-population-et-augmente-la-dette.jpg","type":"image\/jpeg"}],"author":"Eric Toussaint","twitter_card":"summary_large_image","twitter_creator":"@CADTM_int","twitter_site":"@PressenzaIPA","twitter_misc":{"\u00c9crit par":"Eric Toussaint","Dur\u00e9e de lecture estim\u00e9e":"9 minutes"},"schema":{"@context":"https:\/\/schema.org","@graph":[{"@type":"Article","@id":"https:\/\/www.pressenza.com\/fr\/2014\/12\/cameroun-le-regime-autoritaire-cherche-intimider-la-population-et-augmente-la-dette\/#article","isPartOf":{"@id":"https:\/\/www.pressenza.com\/fr\/2014\/12\/cameroun-le-regime-autoritaire-cherche-intimider-la-population-et-augmente-la-dette\/"},"author":{"name":"Eric Toussaint","@id":"https:\/\/www.pressenza.com\/fr\/#\/schema\/person\/6a3239957b642a71ddb8b074deedab2c"},"headline":"Cameroun : le r\u00e9gime autoritaire cherche \u00e0 intimider la population et augmente la dette","datePublished":"2014-12-30T21:44:43+00:00","dateModified":"2014-12-30T21:46:33+00:00","mainEntityOfPage":{"@id":"https:\/\/www.pressenza.com\/fr\/2014\/12\/cameroun-le-regime-autoritaire-cherche-intimider-la-population-et-augmente-la-dette\/"},"wordCount":1825,"publisher":{"@id":"https:\/\/www.pressenza.com\/fr\/#organization"},"image":{"@id":"https:\/\/www.pressenza.com\/fr\/2014\/12\/cameroun-le-regime-autoritaire-cherche-intimider-la-population-et-augmente-la-dette\/#primaryimage"},"thumbnailUrl":"https:\/\/www.pressenza.com\/wp-content\/uploads\/2014\/12\/Cameroun-le-r--gime-autoritaire-cherche----intimider-la-population-et-augmente-la-dette.jpg","keywords":["augmentation de la dette","Cameroun","intimidation de la population","r\u00e9gime autoritaire"],"articleSection":["Afrique","Droits humains","Economie","International","Opinion"],"inLanguage":"fr-FR"},{"@type":"WebPage","@id":"https:\/\/www.pressenza.com\/fr\/2014\/12\/cameroun-le-regime-autoritaire-cherche-intimider-la-population-et-augmente-la-dette\/","url":"https:\/\/www.pressenza.com\/fr\/2014\/12\/cameroun-le-regime-autoritaire-cherche-intimider-la-population-et-augmente-la-dette\/","name":"Cameroun : le r\u00e9gime autoritaire cherche \u00e0 intimider la population et augmente la dette","isPartOf":{"@id":"https:\/\/www.pressenza.com\/fr\/#website"},"primaryImageOfPage":{"@id":"https:\/\/www.pressenza.com\/fr\/2014\/12\/cameroun-le-regime-autoritaire-cherche-intimider-la-population-et-augmente-la-dette\/#primaryimage"},"image":{"@id":"https:\/\/www.pressenza.com\/fr\/2014\/12\/cameroun-le-regime-autoritaire-cherche-intimider-la-population-et-augmente-la-dette\/#primaryimage"},"thumbnailUrl":"https:\/\/www.pressenza.com\/wp-content\/uploads\/2014\/12\/Cameroun-le-r--gime-autoritaire-cherche----intimider-la-population-et-augmente-la-dette.jpg","datePublished":"2014-12-30T21:44:43+00:00","dateModified":"2014-12-30T21:46:33+00:00","description":"La loi \"antiterroriste\", adopt\u00e9e d\u00e9but d\u00e9cembre 2014 par le Parlement au Cameroun et qui instaure la peine de mort, provoque une lev\u00e9e de boucliers chez","breadcrumb":{"@id":"https:\/\/www.pressenza.com\/fr\/2014\/12\/cameroun-le-regime-autoritaire-cherche-intimider-la-population-et-augmente-la-dette\/#breadcrumb"},"inLanguage":"fr-FR","potentialAction":[{"@type":"ReadAction","target":["https:\/\/www.pressenza.com\/fr\/2014\/12\/cameroun-le-regime-autoritaire-cherche-intimider-la-population-et-augmente-la-dette\/"]}]},{"@type":"ImageObject","inLanguage":"fr-FR","@id":"https:\/\/www.pressenza.com\/fr\/2014\/12\/cameroun-le-regime-autoritaire-cherche-intimider-la-population-et-augmente-la-dette\/#primaryimage","url":"https:\/\/www.pressenza.com\/wp-content\/uploads\/2014\/12\/Cameroun-le-r--gime-autoritaire-cherche----intimider-la-population-et-augmente-la-dette.jpg","contentUrl":"https:\/\/www.pressenza.com\/wp-content\/uploads\/2014\/12\/Cameroun-le-r--gime-autoritaire-cherche----intimider-la-population-et-augmente-la-dette.jpg","width":530,"height":396},{"@type":"BreadcrumbList","@id":"https:\/\/www.pressenza.com\/fr\/2014\/12\/cameroun-le-regime-autoritaire-cherche-intimider-la-population-et-augmente-la-dette\/#breadcrumb","itemListElement":[{"@type":"ListItem","position":1,"name":"Accueil","item":"https:\/\/www.pressenza.com\/fr\/"},{"@type":"ListItem","position":2,"name":"Cameroun : le r\u00e9gime autoritaire cherche \u00e0 intimider la population et augmente la dette"}]},{"@type":"WebSite","@id":"https:\/\/www.pressenza.com\/fr\/#website","url":"https:\/\/www.pressenza.com\/fr\/","name":"Pressenza","description":"International Press Agency","publisher":{"@id":"https:\/\/www.pressenza.com\/fr\/#organization"},"potentialAction":[{"@type":"SearchAction","target":{"@type":"EntryPoint","urlTemplate":"https:\/\/www.pressenza.com\/fr\/?s={search_term_string}"},"query-input":{"@type":"PropertyValueSpecification","valueRequired":true,"valueName":"search_term_string"}}],"inLanguage":"fr-FR"},{"@type":"Organization","@id":"https:\/\/www.pressenza.com\/fr\/#organization","name":"Pressenza","url":"https:\/\/www.pressenza.com\/fr\/","logo":{"@type":"ImageObject","inLanguage":"fr-FR","@id":"https:\/\/www.pressenza.com\/fr\/#\/schema\/logo\/image\/","url":"https:\/\/www.pressenza.com\/wp-content\/uploads\/2022\/10\/pressenza_logo_200x200.jpg","contentUrl":"https:\/\/www.pressenza.com\/wp-content\/uploads\/2022\/10\/pressenza_logo_200x200.jpg","width":200,"height":200,"caption":"Pressenza"},"image":{"@id":"https:\/\/www.pressenza.com\/fr\/#\/schema\/logo\/image\/"},"sameAs":["https:\/\/www.facebook.com\/PressenzaItalia","https:\/\/x.com\/PressenzaIPA"]},{"@type":"Person","@id":"https:\/\/www.pressenza.com\/fr\/#\/schema\/person\/6a3239957b642a71ddb8b074deedab2c","name":"Eric Toussaint","description":"Eric Toussaint, senior lecturer in the Universit\u00e9 de Li\u00e8ge, is chairman of CATDM Belgium (Comitee for the cancellation of third world debt) and member of the scientific council of ATTAC France. He wrote, with Damien Millet, of AAA, Audit Annulation Autre politique (Audit, cancellation, other politics), Seuil, Paris, 2012.","sameAs":["http:\/\/cadtm.org","https:\/\/www.facebook.com\/CADTMNETWORK\/","https:\/\/x.com\/CADTM_int"],"url":"https:\/\/www.pressenza.com\/fr\/author\/erictoussaint\/"}]}},"place":"Bruxelles","original_article_url":"http:\/\/cadtm.org\/Cameroun-le-regime-autoritaire","_links":{"self":[{"href":"https:\/\/www.pressenza.com\/fr\/wp-json\/wp\/v2\/posts\/154998","targetHints":{"allow":["GET"]}}],"collection":[{"href":"https:\/\/www.pressenza.com\/fr\/wp-json\/wp\/v2\/posts"}],"about":[{"href":"https:\/\/www.pressenza.com\/fr\/wp-json\/wp\/v2\/types\/post"}],"author":[{"embeddable":true,"href":"https:\/\/www.pressenza.com\/fr\/wp-json\/wp\/v2\/users\/932"}],"replies":[{"embeddable":true,"href":"https:\/\/www.pressenza.com\/fr\/wp-json\/wp\/v2\/comments?post=154998"}],"version-history":[{"count":0,"href":"https:\/\/www.pressenza.com\/fr\/wp-json\/wp\/v2\/posts\/154998\/revisions"}],"wp:featuredmedia":[{"embeddable":true,"href":"https:\/\/www.pressenza.com\/fr\/wp-json\/wp\/v2\/media\/154999"}],"wp:attachment":[{"href":"https:\/\/www.pressenza.com\/fr\/wp-json\/wp\/v2\/media?parent=154998"}],"wp:term":[{"taxonomy":"category","embeddable":true,"href":"https:\/\/www.pressenza.com\/fr\/wp-json\/wp\/v2\/categories?post=154998"},{"taxonomy":"post_tag","embeddable":true,"href":"https:\/\/www.pressenza.com\/fr\/wp-json\/wp\/v2\/tags?post=154998"}],"curies":[{"name":"wp","href":"https:\/\/api.w.org\/{rel}","templated":true}]}}