{"id":154451,"date":"2014-12-26T15:03:15","date_gmt":"2014-12-26T15:03:15","guid":{"rendered":"http:\/\/www.pressenza.com\/?p=154451"},"modified":"2014-12-26T17:06:22","modified_gmt":"2014-12-26T17:06:22","slug":"le-senateur-francais-pierre-laurent-constate-les-degats-laisses-par-chevron-en-amazonie","status":"publish","type":"post","link":"https:\/\/www.pressenza.com\/fr\/2014\/12\/le-senateur-francais-pierre-laurent-constate-les-degats-laisses-par-chevron-en-amazonie\/","title":{"rendered":"[Equateur] Le s\u00e9nateur fran\u00e7ais Pierre Laurent constate les d\u00e9g\u00e2ts laiss\u00e9s par Chevron en Amazonie"},"content":{"rendered":"<p>Aguarico (Sucumbios).- Ce 17 d\u00e9cembre, le s\u00e9nateur fran\u00e7ais et Secr\u00e9taire national du Parti communiste fran\u00e7ais, Pierre Laurent, avec une d\u00e9l\u00e9gation de membres de son parti, ont visit\u00e9 l\u2019un des endroits qui d\u00e9montre la catastrophe \u00e9cologique provoqu\u00e9e par Chevron-Texaco au cours de ses op\u00e9rations en Amazonie \u00e9quatorienne.<span id=\"more-41136\"><\/span><\/p>\n<p>Le s\u00e9nateur et la d\u00e9l\u00e9gation ont visit\u00e9 le pays dans le cadre d\u2019une visite de travail dans divers pays de la r\u00e9gion, la d\u00e9l\u00e9gation fran\u00e7aise en a profit\u00e9 pour visiter le puits Aguarico 4, zone p\u00e9troli\u00e8re dans la province de Sucumbios, o\u00f9 la transnationale p\u00e9troli\u00e8re a op\u00e9r\u00e9 entre 1974 et 1986.<\/p>\n<p>Dans les environs du puits de p\u00e9trole, Pierre Laurent a pu sentir de pr\u00e8s l\u2019impact caus\u00e9 par l\u2019utilisation de techniques obsol\u00e8tes par Chevron pour l\u2019exploitation du p\u00e9trole en Equateur.<\/p>\n<p>\u201cIl \u00e9tait tr\u00e8s important pour moi et la d\u00e9l\u00e9gation de nous rendre sur les lieux des faits et d\u2019observer concr\u00e8tement l\u2019ampleur de la catastrophe. Pour nous, cela rend cette situation insupportable. Il est important que le peuple \u00e9quatorien obtienne justice face \u00e0 l\u2019injustice commise par Chevron. Cette visite nous rend encore plus d\u00e9termin\u00e9s dans cette lutte en solidarit\u00e9 avec le peuple \u00e9quatorien pour obtenir justice et r\u00e9paration\u201d, a d\u00e9clar\u00e9 Laurent en concluant sa visite.<\/p>\n<p>Lundi dernier, lors d\u2019une r\u00e9union au minist\u00e8re des Affaires \u00e9trang\u00e8res et de la mobilit\u00e9 humaine d\u2019Equateur, Laurent et ses compagnons ont exprim\u00e9 leur solidarit\u00e9 et leur engagement pour la justice, quant \u00e0 l\u2019\u00e9cocide commis par Chevron en Equateur. \/ Apoya Ecuador \u2013 AVN El Ciudadano<\/p>\n<p>Source : <a href=\"http:\/\/www.elciudadano.gob.ec\/fr\/le-senateur-francais-pierre-laurent-constate-les-degats-laisses-par-chevron-en-amazonie\/\">http:\/\/www.elciudadano.gob.ec\/fr\/le-senateur-francais-pierre-laurent-constate-les-degats-laisses-par-chevron-en-amazonie\/<\/a><\/p>\n","protected":false},"excerpt":{"rendered":"<p>Aguarico (Sucumbios).- Ce 17 d\u00e9cembre, le s\u00e9nateur fran\u00e7ais et Secr\u00e9taire national du Parti communiste fran\u00e7ais, Pierre Laurent, avec une d\u00e9l\u00e9gation de membres de son parti, ont visit\u00e9 l\u2019un des endroits qui d\u00e9montre la catastrophe \u00e9cologique provoqu\u00e9e par Chevron-Texaco au cours&hellip;<\/p>\n","protected":false},"author":926,"featured_media":154457,"comment_status":"closed","ping_status":"open","sticky":false,"template":"","format":"standard","meta":{"footnotes":""},"categories":[86,97,40],"tags":[10564,6847,15092,15091],"class_list":["post-154451","post","type-post","status-publish","format-standard","has-post-thumbnail","hentry","category-amerique-du-sud","category-environnement-et-ecologie","category-international-fr","tag-amazonie-equatorienne","tag-chevron-fr","tag-degats","tag-pierre-laurent"],"yoast_head":"<!-- This site is optimized with the Yoast SEO plugin v27.1.1 - https:\/\/yoast.com\/product\/yoast-seo-wordpress\/ -->\n<title>[Equateur] Le s\u00e9nateur fran\u00e7ais Pierre Laurent constate les d\u00e9g\u00e2ts laiss\u00e9s par Chevron en Amazonie<\/title>\n<meta name=\"description\" content=\"Aguarico (Sucumbios).- Ce 17 d\u00e9cembre, le s\u00e9nateur fran\u00e7ais et Secr\u00e9taire national du Parti communiste fran\u00e7ais, Pierre Laurent, avec une d\u00e9l\u00e9gation de\" \/>\n<meta name=\"robots\" content=\"index, follow, max-snippet:-1, max-image-preview:large, max-video-preview:-1\" \/>\n<link rel=\"canonical\" href=\"https:\/\/www.pressenza.com\/fr\/2014\/12\/le-senateur-francais-pierre-laurent-constate-les-degats-laisses-par-chevron-en-amazonie\/\" \/>\n<meta property=\"og:locale\" content=\"fr_FR\" \/>\n<meta property=\"og:type\" content=\"article\" \/>\n<meta property=\"og:title\" content=\"[Equateur] Le s\u00e9nateur fran\u00e7ais Pierre Laurent constate les d\u00e9g\u00e2ts laiss\u00e9s par Chevron en Amazonie\" \/>\n<meta property=\"og:description\" content=\"Aguarico (Sucumbios).- Ce 17 d\u00e9cembre, le s\u00e9nateur fran\u00e7ais et Secr\u00e9taire national du Parti communiste fran\u00e7ais, Pierre Laurent, avec une d\u00e9l\u00e9gation de\" \/>\n<meta property=\"og:url\" content=\"https:\/\/www.pressenza.com\/fr\/2014\/12\/le-senateur-francais-pierre-laurent-constate-les-degats-laisses-par-chevron-en-amazonie\/\" \/>\n<meta property=\"og:site_name\" content=\"Pressenza\" \/>\n<meta property=\"article:publisher\" content=\"https:\/\/www.facebook.com\/PressenzaItalia\" \/>\n<meta property=\"article:published_time\" content=\"2014-12-26T15:03:15+00:00\" \/>\n<meta property=\"article:modified_time\" content=\"2014-12-26T17:06:22+00:00\" \/>\n<meta property=\"og:image\" content=\"https:\/\/www.pressenza.com\/wp-content\/uploads\/2014\/12\/Equateur-Le-s--nateur-fran--ais-Pierre-Laurent-constate-les-d--g--ts-laiss--s-par-Chevron-en-Amazonie.jpg\" \/>\n\t<meta property=\"og:image:width\" content=\"850\" \/>\n\t<meta property=\"og:image:height\" content=\"423\" \/>\n\t<meta property=\"og:image:type\" content=\"image\/jpeg\" \/>\n<meta name=\"author\" content=\"R\u00e9daction France\" \/>\n<meta name=\"twitter:card\" content=\"summary_large_image\" \/>\n<meta name=\"twitter:creator\" content=\"@PressenzaIPA\" \/>\n<meta name=\"twitter:site\" content=\"@PressenzaIPA\" \/>\n<meta name=\"twitter:label1\" content=\"\u00c9crit par\" \/>\n\t<meta name=\"twitter:data1\" content=\"R\u00e9daction France\" \/>\n\t<meta name=\"twitter:label2\" content=\"Dur\u00e9e de lecture estim\u00e9e\" \/>\n\t<meta name=\"twitter:data2\" content=\"1 minute\" \/>\n<script type=\"application\/ld+json\" class=\"yoast-schema-graph\">{\"@context\":\"https:\/\/schema.org\",\"@graph\":[{\"@type\":\"Article\",\"@id\":\"https:\/\/www.pressenza.com\/fr\/2014\/12\/le-senateur-francais-pierre-laurent-constate-les-degats-laisses-par-chevron-en-amazonie\/#article\",\"isPartOf\":{\"@id\":\"https:\/\/www.pressenza.com\/fr\/2014\/12\/le-senateur-francais-pierre-laurent-constate-les-degats-laisses-par-chevron-en-amazonie\/\"},\"author\":{\"name\":\"R\u00e9daction France\",\"@id\":\"https:\/\/www.pressenza.com\/fr\/#\/schema\/person\/3c9fe6670cc2cffbd37562f87b98e869\"},\"headline\":\"[Equateur] Le s\u00e9nateur fran\u00e7ais Pierre Laurent constate les d\u00e9g\u00e2ts laiss\u00e9s par Chevron en Amazonie\",\"datePublished\":\"2014-12-26T15:03:15+00:00\",\"dateModified\":\"2014-12-26T17:06:22+00:00\",\"mainEntityOfPage\":{\"@id\":\"https:\/\/www.pressenza.com\/fr\/2014\/12\/le-senateur-francais-pierre-laurent-constate-les-degats-laisses-par-chevron-en-amazonie\/\"},\"wordCount\":313,\"publisher\":{\"@id\":\"https:\/\/www.pressenza.com\/fr\/#organization\"},\"image\":{\"@id\":\"https:\/\/www.pressenza.com\/fr\/2014\/12\/le-senateur-francais-pierre-laurent-constate-les-degats-laisses-par-chevron-en-amazonie\/#primaryimage\"},\"thumbnailUrl\":\"https:\/\/www.pressenza.com\/wp-content\/uploads\/2014\/12\/Equateur-Le-s--nateur-fran--ais-Pierre-Laurent-constate-les-d--g--ts-laiss--s-par-Chevron-en-Amazonie.jpg\",\"keywords\":[\"Amazonie \u00e9quatorienne\",\"Chevron\",\"d\u00e9g\u00e2ts\",\"Pierre Laurent\"],\"articleSection\":[\"Am\u00e9rique du Sud\",\"Ecologie et Environnement\",\"International\"],\"inLanguage\":\"fr-FR\"},{\"@type\":\"WebPage\",\"@id\":\"https:\/\/www.pressenza.com\/fr\/2014\/12\/le-senateur-francais-pierre-laurent-constate-les-degats-laisses-par-chevron-en-amazonie\/\",\"url\":\"https:\/\/www.pressenza.com\/fr\/2014\/12\/le-senateur-francais-pierre-laurent-constate-les-degats-laisses-par-chevron-en-amazonie\/\",\"name\":\"[Equateur] Le s\u00e9nateur fran\u00e7ais Pierre Laurent constate les d\u00e9g\u00e2ts laiss\u00e9s par Chevron en Amazonie\",\"isPartOf\":{\"@id\":\"https:\/\/www.pressenza.com\/fr\/#website\"},\"primaryImageOfPage\":{\"@id\":\"https:\/\/www.pressenza.com\/fr\/2014\/12\/le-senateur-francais-pierre-laurent-constate-les-degats-laisses-par-chevron-en-amazonie\/#primaryimage\"},\"image\":{\"@id\":\"https:\/\/www.pressenza.com\/fr\/2014\/12\/le-senateur-francais-pierre-laurent-constate-les-degats-laisses-par-chevron-en-amazonie\/#primaryimage\"},\"thumbnailUrl\":\"https:\/\/www.pressenza.com\/wp-content\/uploads\/2014\/12\/Equateur-Le-s--nateur-fran--ais-Pierre-Laurent-constate-les-d--g--ts-laiss--s-par-Chevron-en-Amazonie.jpg\",\"datePublished\":\"2014-12-26T15:03:15+00:00\",\"dateModified\":\"2014-12-26T17:06:22+00:00\",\"description\":\"Aguarico (Sucumbios).- Ce 17 d\u00e9cembre, le s\u00e9nateur fran\u00e7ais et Secr\u00e9taire national du Parti communiste fran\u00e7ais, Pierre Laurent, avec une d\u00e9l\u00e9gation de\",\"breadcrumb\":{\"@id\":\"https:\/\/www.pressenza.com\/fr\/2014\/12\/le-senateur-francais-pierre-laurent-constate-les-degats-laisses-par-chevron-en-amazonie\/#breadcrumb\"},\"inLanguage\":\"fr-FR\",\"potentialAction\":[{\"@type\":\"ReadAction\",\"target\":[\"https:\/\/www.pressenza.com\/fr\/2014\/12\/le-senateur-francais-pierre-laurent-constate-les-degats-laisses-par-chevron-en-amazonie\/\"]}]},{\"@type\":\"ImageObject\",\"inLanguage\":\"fr-FR\",\"@id\":\"https:\/\/www.pressenza.com\/fr\/2014\/12\/le-senateur-francais-pierre-laurent-constate-les-degats-laisses-par-chevron-en-amazonie\/#primaryimage\",\"url\":\"https:\/\/www.pressenza.com\/wp-content\/uploads\/2014\/12\/Equateur-Le-s--nateur-fran--ais-Pierre-Laurent-constate-les-d--g--ts-laiss--s-par-Chevron-en-Amazonie.jpg\",\"contentUrl\":\"https:\/\/www.pressenza.com\/wp-content\/uploads\/2014\/12\/Equateur-Le-s--nateur-fran--ais-Pierre-Laurent-constate-les-d--g--ts-laiss--s-par-Chevron-en-Amazonie.jpg\",\"width\":850,\"height\":423},{\"@type\":\"BreadcrumbList\",\"@id\":\"https:\/\/www.pressenza.com\/fr\/2014\/12\/le-senateur-francais-pierre-laurent-constate-les-degats-laisses-par-chevron-en-amazonie\/#breadcrumb\",\"itemListElement\":[{\"@type\":\"ListItem\",\"position\":1,\"name\":\"Accueil\",\"item\":\"https:\/\/www.pressenza.com\/fr\/\"},{\"@type\":\"ListItem\",\"position\":2,\"name\":\"[Equateur] Le s\u00e9nateur fran\u00e7ais Pierre Laurent constate les d\u00e9g\u00e2ts laiss\u00e9s par Chevron en Amazonie\"}]},{\"@type\":\"WebSite\",\"@id\":\"https:\/\/www.pressenza.com\/fr\/#website\",\"url\":\"https:\/\/www.pressenza.com\/fr\/\",\"name\":\"Pressenza\",\"description\":\"International Press Agency\",\"publisher\":{\"@id\":\"https:\/\/www.pressenza.com\/fr\/#organization\"},\"potentialAction\":[{\"@type\":\"SearchAction\",\"target\":{\"@type\":\"EntryPoint\",\"urlTemplate\":\"https:\/\/www.pressenza.com\/fr\/?s={search_term_string}\"},\"query-input\":{\"@type\":\"PropertyValueSpecification\",\"valueRequired\":true,\"valueName\":\"search_term_string\"}}],\"inLanguage\":\"fr-FR\"},{\"@type\":\"Organization\",\"@id\":\"https:\/\/www.pressenza.com\/fr\/#organization\",\"name\":\"Pressenza\",\"url\":\"https:\/\/www.pressenza.com\/fr\/\",\"logo\":{\"@type\":\"ImageObject\",\"inLanguage\":\"fr-FR\",\"@id\":\"https:\/\/www.pressenza.com\/fr\/#\/schema\/logo\/image\/\",\"url\":\"https:\/\/www.pressenza.com\/wp-content\/uploads\/2022\/10\/pressenza_logo_200x200.jpg\",\"contentUrl\":\"https:\/\/www.pressenza.com\/wp-content\/uploads\/2022\/10\/pressenza_logo_200x200.jpg\",\"width\":200,\"height\":200,\"caption\":\"Pressenza\"},\"image\":{\"@id\":\"https:\/\/www.pressenza.com\/fr\/#\/schema\/logo\/image\/\"},\"sameAs\":[\"https:\/\/www.facebook.com\/PressenzaItalia\",\"https:\/\/x.com\/PressenzaIPA\"]},{\"@type\":\"Person\",\"@id\":\"https:\/\/www.pressenza.com\/fr\/#\/schema\/person\/3c9fe6670cc2cffbd37562f87b98e869\",\"name\":\"R\u00e9daction France\",\"description\":\"News published by the Pressenza bureau in France\",\"sameAs\":[\"http:\/\/www.pressenza.com\/fr\"],\"url\":\"https:\/\/www.pressenza.com\/fr\/author\/redactionfrance\/\"}]}<\/script>\n<!-- \/ Yoast SEO plugin. -->","yoast_head_json":{"title":"[Equateur] Le s\u00e9nateur fran\u00e7ais Pierre Laurent constate les d\u00e9g\u00e2ts laiss\u00e9s par Chevron en Amazonie","description":"Aguarico (Sucumbios).- Ce 17 d\u00e9cembre, le s\u00e9nateur fran\u00e7ais et Secr\u00e9taire national du Parti communiste fran\u00e7ais, Pierre Laurent, avec une d\u00e9l\u00e9gation de","robots":{"index":"index","follow":"follow","max-snippet":"max-snippet:-1","max-image-preview":"max-image-preview:large","max-video-preview":"max-video-preview:-1"},"canonical":"https:\/\/www.pressenza.com\/fr\/2014\/12\/le-senateur-francais-pierre-laurent-constate-les-degats-laisses-par-chevron-en-amazonie\/","og_locale":"fr_FR","og_type":"article","og_title":"[Equateur] Le s\u00e9nateur fran\u00e7ais Pierre Laurent constate les d\u00e9g\u00e2ts laiss\u00e9s par Chevron en Amazonie","og_description":"Aguarico (Sucumbios).- Ce 17 d\u00e9cembre, le s\u00e9nateur fran\u00e7ais et Secr\u00e9taire national du Parti communiste fran\u00e7ais, Pierre Laurent, avec une d\u00e9l\u00e9gation de","og_url":"https:\/\/www.pressenza.com\/fr\/2014\/12\/le-senateur-francais-pierre-laurent-constate-les-degats-laisses-par-chevron-en-amazonie\/","og_site_name":"Pressenza","article_publisher":"https:\/\/www.facebook.com\/PressenzaItalia","article_published_time":"2014-12-26T15:03:15+00:00","article_modified_time":"2014-12-26T17:06:22+00:00","og_image":[{"width":850,"height":423,"url":"https:\/\/www.pressenza.com\/wp-content\/uploads\/2014\/12\/Equateur-Le-s--nateur-fran--ais-Pierre-Laurent-constate-les-d--g--ts-laiss--s-par-Chevron-en-Amazonie.jpg","type":"image\/jpeg"}],"author":"R\u00e9daction France","twitter_card":"summary_large_image","twitter_creator":"@PressenzaIPA","twitter_site":"@PressenzaIPA","twitter_misc":{"\u00c9crit par":"R\u00e9daction France","Dur\u00e9e de lecture estim\u00e9e":"1 minute"},"schema":{"@context":"https:\/\/schema.org","@graph":[{"@type":"Article","@id":"https:\/\/www.pressenza.com\/fr\/2014\/12\/le-senateur-francais-pierre-laurent-constate-les-degats-laisses-par-chevron-en-amazonie\/#article","isPartOf":{"@id":"https:\/\/www.pressenza.com\/fr\/2014\/12\/le-senateur-francais-pierre-laurent-constate-les-degats-laisses-par-chevron-en-amazonie\/"},"author":{"name":"R\u00e9daction France","@id":"https:\/\/www.pressenza.com\/fr\/#\/schema\/person\/3c9fe6670cc2cffbd37562f87b98e869"},"headline":"[Equateur] Le s\u00e9nateur fran\u00e7ais Pierre Laurent constate les d\u00e9g\u00e2ts laiss\u00e9s par Chevron en Amazonie","datePublished":"2014-12-26T15:03:15+00:00","dateModified":"2014-12-26T17:06:22+00:00","mainEntityOfPage":{"@id":"https:\/\/www.pressenza.com\/fr\/2014\/12\/le-senateur-francais-pierre-laurent-constate-les-degats-laisses-par-chevron-en-amazonie\/"},"wordCount":313,"publisher":{"@id":"https:\/\/www.pressenza.com\/fr\/#organization"},"image":{"@id":"https:\/\/www.pressenza.com\/fr\/2014\/12\/le-senateur-francais-pierre-laurent-constate-les-degats-laisses-par-chevron-en-amazonie\/#primaryimage"},"thumbnailUrl":"https:\/\/www.pressenza.com\/wp-content\/uploads\/2014\/12\/Equateur-Le-s--nateur-fran--ais-Pierre-Laurent-constate-les-d--g--ts-laiss--s-par-Chevron-en-Amazonie.jpg","keywords":["Amazonie \u00e9quatorienne","Chevron","d\u00e9g\u00e2ts","Pierre Laurent"],"articleSection":["Am\u00e9rique du Sud","Ecologie et Environnement","International"],"inLanguage":"fr-FR"},{"@type":"WebPage","@id":"https:\/\/www.pressenza.com\/fr\/2014\/12\/le-senateur-francais-pierre-laurent-constate-les-degats-laisses-par-chevron-en-amazonie\/","url":"https:\/\/www.pressenza.com\/fr\/2014\/12\/le-senateur-francais-pierre-laurent-constate-les-degats-laisses-par-chevron-en-amazonie\/","name":"[Equateur] Le s\u00e9nateur fran\u00e7ais Pierre Laurent constate les d\u00e9g\u00e2ts laiss\u00e9s par Chevron en Amazonie","isPartOf":{"@id":"https:\/\/www.pressenza.com\/fr\/#website"},"primaryImageOfPage":{"@id":"https:\/\/www.pressenza.com\/fr\/2014\/12\/le-senateur-francais-pierre-laurent-constate-les-degats-laisses-par-chevron-en-amazonie\/#primaryimage"},"image":{"@id":"https:\/\/www.pressenza.com\/fr\/2014\/12\/le-senateur-francais-pierre-laurent-constate-les-degats-laisses-par-chevron-en-amazonie\/#primaryimage"},"thumbnailUrl":"https:\/\/www.pressenza.com\/wp-content\/uploads\/2014\/12\/Equateur-Le-s--nateur-fran--ais-Pierre-Laurent-constate-les-d--g--ts-laiss--s-par-Chevron-en-Amazonie.jpg","datePublished":"2014-12-26T15:03:15+00:00","dateModified":"2014-12-26T17:06:22+00:00","description":"Aguarico (Sucumbios).- Ce 17 d\u00e9cembre, le s\u00e9nateur fran\u00e7ais et Secr\u00e9taire national du Parti communiste fran\u00e7ais, Pierre Laurent, avec une d\u00e9l\u00e9gation de","breadcrumb":{"@id":"https:\/\/www.pressenza.com\/fr\/2014\/12\/le-senateur-francais-pierre-laurent-constate-les-degats-laisses-par-chevron-en-amazonie\/#breadcrumb"},"inLanguage":"fr-FR","potentialAction":[{"@type":"ReadAction","target":["https:\/\/www.pressenza.com\/fr\/2014\/12\/le-senateur-francais-pierre-laurent-constate-les-degats-laisses-par-chevron-en-amazonie\/"]}]},{"@type":"ImageObject","inLanguage":"fr-FR","@id":"https:\/\/www.pressenza.com\/fr\/2014\/12\/le-senateur-francais-pierre-laurent-constate-les-degats-laisses-par-chevron-en-amazonie\/#primaryimage","url":"https:\/\/www.pressenza.com\/wp-content\/uploads\/2014\/12\/Equateur-Le-s--nateur-fran--ais-Pierre-Laurent-constate-les-d--g--ts-laiss--s-par-Chevron-en-Amazonie.jpg","contentUrl":"https:\/\/www.pressenza.com\/wp-content\/uploads\/2014\/12\/Equateur-Le-s--nateur-fran--ais-Pierre-Laurent-constate-les-d--g--ts-laiss--s-par-Chevron-en-Amazonie.jpg","width":850,"height":423},{"@type":"BreadcrumbList","@id":"https:\/\/www.pressenza.com\/fr\/2014\/12\/le-senateur-francais-pierre-laurent-constate-les-degats-laisses-par-chevron-en-amazonie\/#breadcrumb","itemListElement":[{"@type":"ListItem","position":1,"name":"Accueil","item":"https:\/\/www.pressenza.com\/fr\/"},{"@type":"ListItem","position":2,"name":"[Equateur] Le s\u00e9nateur fran\u00e7ais Pierre Laurent constate les d\u00e9g\u00e2ts laiss\u00e9s par Chevron en Amazonie"}]},{"@type":"WebSite","@id":"https:\/\/www.pressenza.com\/fr\/#website","url":"https:\/\/www.pressenza.com\/fr\/","name":"Pressenza","description":"International Press Agency","publisher":{"@id":"https:\/\/www.pressenza.com\/fr\/#organization"},"potentialAction":[{"@type":"SearchAction","target":{"@type":"EntryPoint","urlTemplate":"https:\/\/www.pressenza.com\/fr\/?s={search_term_string}"},"query-input":{"@type":"PropertyValueSpecification","valueRequired":true,"valueName":"search_term_string"}}],"inLanguage":"fr-FR"},{"@type":"Organization","@id":"https:\/\/www.pressenza.com\/fr\/#organization","name":"Pressenza","url":"https:\/\/www.pressenza.com\/fr\/","logo":{"@type":"ImageObject","inLanguage":"fr-FR","@id":"https:\/\/www.pressenza.com\/fr\/#\/schema\/logo\/image\/","url":"https:\/\/www.pressenza.com\/wp-content\/uploads\/2022\/10\/pressenza_logo_200x200.jpg","contentUrl":"https:\/\/www.pressenza.com\/wp-content\/uploads\/2022\/10\/pressenza_logo_200x200.jpg","width":200,"height":200,"caption":"Pressenza"},"image":{"@id":"https:\/\/www.pressenza.com\/fr\/#\/schema\/logo\/image\/"},"sameAs":["https:\/\/www.facebook.com\/PressenzaItalia","https:\/\/x.com\/PressenzaIPA"]},{"@type":"Person","@id":"https:\/\/www.pressenza.com\/fr\/#\/schema\/person\/3c9fe6670cc2cffbd37562f87b98e869","name":"R\u00e9daction France","description":"News published by the Pressenza bureau in France","sameAs":["http:\/\/www.pressenza.com\/fr"],"url":"https:\/\/www.pressenza.com\/fr\/author\/redactionfrance\/"}]}},"place":"","original_article_url":"http:\/\/www.elciudadano.gob.ec\/fr\/le-senateur-francais-pierre-laurent-constate-les-degats-laisses-par-chevron-en-amazonie\/","_links":{"self":[{"href":"https:\/\/www.pressenza.com\/fr\/wp-json\/wp\/v2\/posts\/154451","targetHints":{"allow":["GET"]}}],"collection":[{"href":"https:\/\/www.pressenza.com\/fr\/wp-json\/wp\/v2\/posts"}],"about":[{"href":"https:\/\/www.pressenza.com\/fr\/wp-json\/wp\/v2\/types\/post"}],"author":[{"embeddable":true,"href":"https:\/\/www.pressenza.com\/fr\/wp-json\/wp\/v2\/users\/926"}],"replies":[{"embeddable":true,"href":"https:\/\/www.pressenza.com\/fr\/wp-json\/wp\/v2\/comments?post=154451"}],"version-history":[{"count":0,"href":"https:\/\/www.pressenza.com\/fr\/wp-json\/wp\/v2\/posts\/154451\/revisions"}],"wp:featuredmedia":[{"embeddable":true,"href":"https:\/\/www.pressenza.com\/fr\/wp-json\/wp\/v2\/media\/154457"}],"wp:attachment":[{"href":"https:\/\/www.pressenza.com\/fr\/wp-json\/wp\/v2\/media?parent=154451"}],"wp:term":[{"taxonomy":"category","embeddable":true,"href":"https:\/\/www.pressenza.com\/fr\/wp-json\/wp\/v2\/categories?post=154451"},{"taxonomy":"post_tag","embeddable":true,"href":"https:\/\/www.pressenza.com\/fr\/wp-json\/wp\/v2\/tags?post=154451"}],"curies":[{"name":"wp","href":"https:\/\/api.w.org\/{rel}","templated":true}]}}