{"id":1540349,"date":"2022-03-11T17:22:54","date_gmt":"2022-03-11T17:22:54","guid":{"rendered":"https:\/\/www.pressenza.com\/?p=1540349"},"modified":"2022-03-11T17:27:42","modified_gmt":"2022-03-11T17:27:42","slug":"les-heros-de-la-classe-ouvriere","status":"publish","type":"post","link":"https:\/\/www.pressenza.com\/fr\/2022\/03\/les-heros-de-la-classe-ouvriere\/","title":{"rendered":"Les h\u00e9ros de la classe ouvri\u00e8re"},"content":{"rendered":"<p><strong>Fred Rose (officiellement Fishel Rosenberg) est le seul communiste qui n\u2019ait jamais \u00e9t\u00e9 \u00e9lu au Parlement canadien. Un succ\u00e8s pour la classe ouvri\u00e8re canadienne, qui a \u00e9t\u00e9 rapidement r\u00e9duit \u00e0 n\u00e9ant par les efforts de la bourgeoisie.<\/strong><\/p>\n<p>Par\u00a0: Andreas P. Pittler<\/p>\n<p><strong>De la Pologne au Canada<\/strong><\/p>\n<p>Fred Rose (officiellement Fishel Rosenberg) est n\u00e9 le 7 d\u00e9cembre 1907 dans la ville polonaise de Lublin, o\u00f9 il a grandi dans une famille nombreuse juive de la classe ouvri\u00e8re. En 1920, la premi\u00e8re guerre mondiale venait juste de finir et le p\u00e8re de Rose ne voyait plus de perspectives en Europe du fait des tensions \u00e9conomiques. Il d\u00e9cide alors, comme beaucoup d\u2019actifs, de migrer vers le Canada, o\u00f9 Fred Rose \u00e9tudia dans une \u00e9cole juive jusqu\u2019\u00e0 ses 18 ans, avant de se mettre \u00e0 travailler dans une conserverie.<\/p>\n<p>C\u2019est l\u00e0 qu\u2019il entra en contact avec le relativement petit parti communiste canadien, auquel il adh\u00e9ra d\u00e8s 1925. \u00c9videmment, il ne fallut pas longtemps avant que la police canadienne (la c\u00e9l\u00e8bre police mont\u00e9e) le rep\u00e8re ; d\u00e8s 1928, elle le soumit \u00e0 une surveillance permanente. En 1931, il publia une brochure dans laquelle il d\u00e9fendait la sovi\u00e9tisation du Canada, ce qui lui valut d\u2019\u00eatre promptement jet\u00e9 en prison pour \u00ab appel \u00e0 l\u2019insurrection \u00bb et \u00ab atteinte \u00e0 l\u2019ordre public. Il publia plusieurs articles tr\u00e8s embarrassants sur le premier ministre du Qu\u00e9bec, dans lesquels il d\u00e9non\u00e7ait aussi bien ses sympathies pour le r\u00e9gime nazi que les relations du chef du gouvernement avec Mussolini. Et comme Rose s\u2019\u00e9tait engag\u00e9 dans une propagande \u00e9nergique en faveur des \u00ab brigades internationales \u00bb en Espagne, il devint rapidement la b\u00eate noire des dirigeants canadiens.<\/p>\n<p><strong>Un antifasciste engag\u00e9<\/strong><\/p>\n<p>C\u2019est exactement \u00e0 ce moment que le parti communiste qui avait \u00e9t\u00e9 fond\u00e9 en 1921 prit la rel\u00e8ve. En 1930, il se pr\u00e9senta pour la premi\u00e8re fois aux \u00e9lections au Parlement \u2013 avec le m\u00eame succ\u00e8s que son organisation s\u0153ur des Etats-Unis : en 1930, les candidats du CPC recueillirent \u00e0 peine 5 000 voix sur l\u2019ensemble du pays, en 1935, \u00e0 peine plus de 20 000.<\/p>\n<p>Et pourtant, si faibles qu\u2019ils aient \u00e9t\u00e9, ces scores semblaient inqui\u00e9ter les dirigeants, qui prirent pr\u00e9texte de la deuxi\u00e8me guerre mondiale pour interdire le CPC. Pour d\u00e9passer cette interdiction, les communistes fond\u00e8rent le \u00ab Progressive Labor Party \u00bb, sous les couleurs duquel Fred Rose prit part \u00e0 une \u00e9lection partielle au Qu\u00e9bec en 1943.<\/p>\n<p><strong>Succ\u00e8s \u00e9lectoral au Qu\u00e9bec<\/strong><\/p>\n<p>Le grand favori \u00e9tait le candidat du parti lib\u00e9ral au pouvoir, dont le pr\u00e9d\u00e9cesseur (c\u2019est son d\u00e9c\u00e8s qui avait occasionn\u00e9 cette \u00e9lection partielle) avait remport\u00e9 65 % des voix de la circonscription \u00e9lectorale. Si les conservateurs s\u2019attendaient \u00e0 remporter un tiers des voix, pas un seul bookmaker n\u2019aurait os\u00e9 parier sur Rose. Le r\u00e9sultat de cette \u00e9lection n\u2019en est que plus \u00e9tonnant : les lib\u00e9raux remport\u00e8rent 4 200 voix, les conservateurs 5 600, et Rose, 5 789, si bien que ce fut le communiste qui fut \u00e9lu au Parlement. Pour le gouvernement, ce fut un affront, qu\u2019il lui fallut avaler en grin\u00e7ant des dents, d\u2019autant plus qu\u2019au m\u00eame moment, en tant que membre du Commonwealth, le Canada se retrouvait associ\u00e9 avec l\u2019URSS dans la coalition anti-Hitler. En outre, le refus de reconna\u00eetre la victoire \u00e9lectorale des communistes aurait pu avoir en politique ext\u00e9rieure des cons\u00e9quences auxquelles le gouvernement canadien ne voulait pas (encore) se risquer. La r\u00e9serve dont il fit preuve en l\u2019occurrence lui \u00e9tait inspir\u00e9e par le Parlement, qui, en ces temps de guerre, jouait parfaitement son r\u00f4le de godillot.<\/p>\n<p>Mais la Victoire des Alli\u00e9s en mai 1945 changea la donne. William Mackenzie King, le premier ministre canadien d\u00e9cida de jouer \u00e0 qui perd gagne en transformant tout de suite la victoire sur les champs de bataille en une victoire dans les urnes. Il convoqua de nouvelles \u00e9lections, qui se tinrent le 11 juin 1945. Dans sa circonscription \u00e9lectorale du Qu\u00e9bec, Fred Rose obtint 40 % des voix et fut donc r\u00e9\u00e9lu.<\/p>\n<div id=\"attachment_1526594\" class=\"wp-caption aligncenter\"><img loading=\"lazy\" decoding=\"async\" aria-describedby=\"caption-attachment-1526594\" class=\"wp-image-1526597 size-medium\" src=\"https:\/\/www.pressenza.com\/wp-content\/uploads\/2022\/02\/Fred_rose2-210x300.jpg\" alt=\"Working Class Hero\" width=\"210\" height=\"300\" srcset=\"https:\/\/www.pressenza.com\/wp-content\/uploads\/2022\/02\/Fred_rose2-210x300.jpg 210w, https:\/\/www.pressenza.com\/wp-content\/uploads\/2022\/02\/Fred_rose2.jpg 334w\" sizes=\"auto, (max-width: 210px) 100vw, 210px\" \/><p id=\"caption-attachment-1526594\" class=\"wp-caption-text\">Affiche \u00e9lectorale de 1945 de Fred Rose (Public Domain)<\/p><\/div>\n<p><strong>Medicare<\/strong><\/p>\n<p>Pour Mackenzie King et ses amis lib\u00e9raux, en revanche, ces \u00e9lections tourn\u00e8rent au d\u00e9sastre. Ils perdirent plus de 11 % des voix et 61 mandats, ce qui les convainquit de s\u2019affirmer davantage comme des patriotes purs et durs. La lutte contre le communisme mondial devenait soudain une pr\u00e9occupation, m\u00eame pour le gouvernement d\u2019Ottawa. Si bien que Rose, le seul d\u00e9put\u00e9 de gauche de la Chambre Haute se retrouva sous les feux des projecteurs, lui qui avait exig\u00e9 pour les travailleurs dans ses toutes premi\u00e8res initiatives parlementaires une assurance maladie publique et une couverture universelle des soins de sant\u00e9 (\u00ab Medicare-Act \u00bb).<\/p>\n<p>C\u2019est \u00e0 ce moment-l\u00e0 qu\u2019un membre du cabinet de Mackenzie Kings se souvint d\u2019une affaire peu rago\u00fbtante qui tournait autour d\u2019un diplomate sovi\u00e9tique. En juillet 1945, au moment o\u00f9 il demandait l\u2019asile politique au Canada, Igor Gusenko avait transmis au gouvernement canadien des \u00ab documents \u00bb prouvant l\u2019existence d\u2019un r\u00e9seau d\u2019espionnage sovi\u00e9tique dont les ramifications couvraient tout le Canada. En f\u00e9vrier 1946, peu apr\u00e8s le d\u00e9bat sur le Medicare, on retrouve sur l\u2019un des documents de Gusenko le nom de Fred Rose, que ce document pr\u00e9sente comme le chef d\u2019un groupe de plus de 20 espions sovi\u00e9tiques.<\/p>\n<p><strong>McCarthy au Canada<\/strong><\/p>\n<p>Malgr\u00e9 son immunit\u00e9 parlementaire, Rose et de nombreuses autres personnalit\u00e9s de gauche soup\u00e7onn\u00e9es d\u2019\u00eatre sur la liste de Gusenko, ont \u00e9t\u00e9 enferm\u00e9s et intern\u00e9s, comme on l\u2019aurait fait de malfrats, sans m\u00eame que leur soit accord\u00e9 le droit \u00e0 un avocat ou m\u00eame simplement le droit au contact avec le monde ext\u00e9rieur.<\/p>\n<p>Concr\u00e8tement, on reprocha \u00e0 Rose et \u00e0 ses espions d\u2019avoir cherch\u00e9 \u00e0 acc\u00e9der aux documents du programme am\u00e9ricain (!) sur la bombe atomique (\u00c0 cette \u00e9poque, l\u2019Union sovi\u00e9tique ne disposait pas encore de cette arme). Parmi les intern\u00e9s, il s\u2019en est finalement trouv\u00e9 un qui \u00e9tait dispos\u00e9 \u00e0 t\u00e9moigner contre Rose. En revanche, Rose refusa de participer au tribunal en expliquant que tout cela n\u2019\u00e9tait qu\u2019une mascarade politique dirig\u00e9e contre des travailleurs honn\u00eates. Finalement, le proc\u00e8s s\u2019est d\u00e9roul\u00e9 en l\u2019absence de Rose. Le tribunal sp\u00e9cial canadien le d\u00e9clara coupable d\u2019avoir livr\u00e9 les d\u00e9tails du programme canadien (!) aux Sovi\u00e9tiques et le condamna \u00e0 la prison.<\/p>\n<p>Se tournant vers le pr\u00e9sident du Parlement canadien, Rose lui fit observer qu\u2019il ne pouvait pas \u00eatre condamn\u00e9 sans l\u2019assentiment du Parlement, raison pour laquelle il allait continuer \u00e0 si\u00e9ger au Parlement plut\u00f4t qu\u2019en prison jusqu\u2019\u00e0 ce que l\u2019ensemble des d\u00e9put\u00e9s donnent leur accord au tribunal pour son arrestation. La lettre lui a \u00e9t\u00e9 retourn\u00e9e non ouverte et, le 30 janvier 1947, il a \u00e9t\u00e9 d\u00e9clar\u00e9 d\u00e9chu de son mandat.<\/p>\n<p>Rose n\u2019est sorti de prison que cinq ans plus tard, presque, en 1951, tr\u00e8s affaibli sur le plan de la sant\u00e9. Il tenta de renouer avec ses anciennes relations, de simples travailleurs, mais o\u00f9 qu\u2019il se pr\u00e9sente, il \u00e9tait toujours attendu par des hommes de la police mont\u00e9e qui \u00e9taient pr\u00eats \u00e0 le chicaner et \u00e0 mettre en garde les patrons qui \u00e9taient susceptibles de l\u2019embaucher. Ils ne se privaient pas de monter les travailleurs contre lui en leur expliquant sans cesse que Rose \u00e9tait un espion sovi\u00e9tique.<\/p>\n<p><strong>Retour en Pologne<\/strong><\/p>\n<p>\u00c9puis\u00e9 par des ann\u00e9es de poursuites et d\u2019\u00e9checs dans ses d\u00e9marches juridiques pour \u00eatre r\u00e9habilit\u00e9, en 1953, Rose partit se soigner en R\u00e9publique polonaise. Les autorit\u00e9s canadiennes le laiss\u00e8rent partir et, apr\u00e8s son d\u00e9part, lui retir\u00e8rent sa nationalit\u00e9 canadienne sans aucune justification l\u00e9gale, ce qui l\u2019emp\u00eacha de retourner chez lui et de r\u00e9aliser son projet de laver juridiquement son honneur.<\/p>\n<p>Rose allait sur ses 50 ans et il n\u2019en pouvait plus de lutter. Il s\u2019accommoda de sa nouvelle situation et resta en Pologne, o\u00f9 il trouva un emploi comme r\u00e9dacteur du journal anglophone<\/p>\n<p>\u00ab Poland \u00bb, dont le but \u00e9tait de propager \u00e0 l\u2019\u00e9tranger la culture et la politique polonaise, qu\u2019il exer\u00e7a jusqu\u2019\u00e0 sa retraite. Il finit sa vie \u00e0 Varsovie, o\u00f9 il mourut en 1983 dans la plus grande solitude, sans \u00eatre jamais retourn\u00e9 au Canada.<\/p>\n<p>En 1957, le parti lib\u00e9ral fut \u00e9vinc\u00e9 du pouvoir et, ironiquement, c\u2019est le gouvernement conservateur de John Diefenbakers qui, en 1958, promulgua le \u00ab Fred Rose Amendment \u00bb, qui exclut d\u00e9finitivement la peine de d\u00e9ch\u00e9ance de nationalit\u00e9 de la l\u00e9gislation canadienne. Il n\u2019est pas moins ironique de constater que la loi qui porte son nom n\u2019a m\u00eame pas pu lui \u00eatre appliqu\u00e9 r\u00e9troactivement ; on peut donc dire que la personne pr\u00e9cis\u00e9ment dont cette loi porte le nom n\u2019a pas pu en b\u00e9n\u00e9ficier.<\/p>\n<p>En 1983, au moment de sa mort, les d\u00e9bats sur l\u2019affaire \u00ab Fred Rose \u00bb reprirent. Le gouvernement du lib\u00e9ral Pierre Trudeau (le p\u00e8re de l\u2019actuel chef du gouvernement) fut contraint de reconna\u00eetre que, \u00e9tonnamment, les pi\u00e8ces du dossier de l\u2019affaire Fred Rose violaient la loi, tandis que, dans les actes de Mackenzie King, il manquait les documents correspondants. Si bien que, m\u00eame de fa\u00e7on posthume, il n\u2019a pas \u00e9t\u00e9 possible de rendre justice \u00e0 Rose.<\/p>\n<p>Le parti communiste du Canada lui non plus ne r\u00e9ussit pas \u00e0 se remettre de ce mauvais coup. Une seule fois il a r\u00e9ussi \u00e0 r\u00e9unir plus de 10 000 voix sur son nom, c\u2019\u00e9tait en 1974, mais jamais il n\u2019a pu approcher l\u2019\u00e9tiage n\u00e9cessaire \u00e0 un nouveau mandat. Malgr\u00e9 tout, il continue \u00e0 se pr\u00e9senter aux \u00e9lections sans se d\u00e9courager. Et il a obtenu en 2019, ann\u00e9e du dernier scrutin au Canada, 3 905 voix, ce qui le met \u00e0 219 voix des mao\u00efstes \u00ab marxistes-l\u00e9ninistes \u00bb, qui, pour autant, ne repr\u00e9sentent pas plus un danger pour la majorit\u00e9 parlementaire de droite. Et comme derni\u00e8rement le \u00ab Nouveau parti d\u00e9mocratique \u00bb, que l\u2019on suppose d\u2019orientation social-d\u00e9mocrate, s\u2019est encore nettement droitis\u00e9, la bourgeoisie canadienne peut se r\u00e9jouir.<\/p>\n<p>Pour le moment, elle n\u2019a m\u00eame plus besoin de mettre les mains dans le cambouis, le danger de gauche au Canada est invisible \u2013 pour le moment au moins.<\/p>\n<p>&nbsp;<\/p>\n<p><em>Traduction de l\u2019allemand, Didier Aviat<\/em><\/p>\n","protected":false},"excerpt":{"rendered":"<p>Fred Rose (officiellement Fishel Rosenberg) est le seul communiste qui n\u2019ait jamais \u00e9t\u00e9 \u00e9lu au Parlement canadien. Un succ\u00e8s pour la classe ouvri\u00e8re canadienne, qui a \u00e9t\u00e9 rapidement r\u00e9duit \u00e0 n\u00e9ant par les efforts de la bourgeoisie. Par\u00a0: Andreas P.&hellip;<\/p>\n","protected":false},"author":1408,"featured_media":1526736,"comment_status":"closed","ping_status":"closed","sticky":false,"template":"","format":"standard","meta":{"footnotes":""},"categories":[93],"tags":[2899,99961,35064,262,99962],"class_list":["post-1540349","post","type-post","status-publish","format-standard","has-post-thumbnail","hentry","category-politique","tag-canada-fr","tag-classe-ouvriere","tag-communisme","tag-democratie","tag-fred-rose-fr"],"yoast_head":"<!-- This site is optimized with the Yoast SEO plugin v27.1.1 - https:\/\/yoast.com\/product\/yoast-seo-wordpress\/ -->\n<title>Les h\u00e9ros de la classe ouvri\u00e8re<\/title>\n<meta name=\"description\" content=\"Fred Rose (officiellement Fishel Rosenberg) est le seul communiste qui n\u2019ait jamais \u00e9t\u00e9 \u00e9lu au Parlement canadien. Un succ\u00e8s pour la classe ouvri\u00e8re\" \/>\n<meta name=\"robots\" content=\"index, follow, max-snippet:-1, max-image-preview:large, max-video-preview:-1\" \/>\n<link rel=\"canonical\" href=\"https:\/\/www.pressenza.com\/fr\/2022\/03\/les-heros-de-la-classe-ouvriere\/\" \/>\n<meta property=\"og:locale\" content=\"fr_FR\" \/>\n<meta property=\"og:type\" content=\"article\" \/>\n<meta property=\"og:title\" content=\"Les h\u00e9ros de la classe ouvri\u00e8re\" \/>\n<meta property=\"og:description\" content=\"Fred Rose (officiellement Fishel Rosenberg) est le seul communiste qui n\u2019ait jamais \u00e9t\u00e9 \u00e9lu au Parlement canadien. Un succ\u00e8s pour la classe ouvri\u00e8re\" \/>\n<meta property=\"og:url\" content=\"https:\/\/www.pressenza.com\/fr\/2022\/03\/les-heros-de-la-classe-ouvriere\/\" \/>\n<meta property=\"og:site_name\" content=\"Pressenza\" \/>\n<meta property=\"article:publisher\" content=\"https:\/\/www.facebook.com\/PressenzaItalia\" \/>\n<meta property=\"article:published_time\" content=\"2022-03-11T17:22:54+00:00\" \/>\n<meta property=\"article:modified_time\" content=\"2022-03-11T17:27:42+00:00\" \/>\n<meta property=\"og:image\" content=\"https:\/\/www.pressenza.com\/wp-content\/uploads\/2022\/02\/F213890A-BB7C-4886-8100-34FAB637CC1E.jpeg\" \/>\n\t<meta property=\"og:image:width\" content=\"1920\" \/>\n\t<meta property=\"og:image:height\" content=\"1068\" \/>\n\t<meta property=\"og:image:type\" content=\"image\/jpeg\" \/>\n<meta name=\"author\" content=\"Unsere Zeitung\" \/>\n<meta name=\"twitter:card\" content=\"summary_large_image\" \/>\n<meta name=\"twitter:creator\" content=\"@PressenzaIPA\" \/>\n<meta name=\"twitter:site\" content=\"@PressenzaIPA\" \/>\n<meta name=\"twitter:label1\" content=\"\u00c9crit par\" \/>\n\t<meta name=\"twitter:data1\" content=\"Unsere Zeitung\" \/>\n\t<meta name=\"twitter:label2\" content=\"Dur\u00e9e de lecture estim\u00e9e\" \/>\n\t<meta name=\"twitter:data2\" content=\"9 minutes\" \/>\n<script type=\"application\/ld+json\" class=\"yoast-schema-graph\">{\"@context\":\"https:\/\/schema.org\",\"@graph\":[{\"@type\":\"Article\",\"@id\":\"https:\/\/www.pressenza.com\/fr\/2022\/03\/les-heros-de-la-classe-ouvriere\/#article\",\"isPartOf\":{\"@id\":\"https:\/\/www.pressenza.com\/fr\/2022\/03\/les-heros-de-la-classe-ouvriere\/\"},\"author\":{\"name\":\"Unsere Zeitung\",\"@id\":\"https:\/\/www.pressenza.com\/fr\/#\/schema\/person\/204e67ffc5ecb05d81ec7dbb33ded555\"},\"headline\":\"Les h\u00e9ros de la classe ouvri\u00e8re\",\"datePublished\":\"2022-03-11T17:22:54+00:00\",\"dateModified\":\"2022-03-11T17:27:42+00:00\",\"mainEntityOfPage\":{\"@id\":\"https:\/\/www.pressenza.com\/fr\/2022\/03\/les-heros-de-la-classe-ouvriere\/\"},\"wordCount\":1774,\"publisher\":{\"@id\":\"https:\/\/www.pressenza.com\/fr\/#organization\"},\"image\":{\"@id\":\"https:\/\/www.pressenza.com\/fr\/2022\/03\/les-heros-de-la-classe-ouvriere\/#primaryimage\"},\"thumbnailUrl\":\"https:\/\/www.pressenza.com\/wp-content\/uploads\/2022\/02\/F213890A-BB7C-4886-8100-34FAB637CC1E.jpeg\",\"keywords\":[\"Canada\",\"classe ouvri\u00e8re\",\"communisme\",\"D\u00e9mocratie\",\"Fred Rose\"],\"articleSection\":[\"Politique\"],\"inLanguage\":\"fr-FR\"},{\"@type\":\"WebPage\",\"@id\":\"https:\/\/www.pressenza.com\/fr\/2022\/03\/les-heros-de-la-classe-ouvriere\/\",\"url\":\"https:\/\/www.pressenza.com\/fr\/2022\/03\/les-heros-de-la-classe-ouvriere\/\",\"name\":\"Les h\u00e9ros de la classe ouvri\u00e8re\",\"isPartOf\":{\"@id\":\"https:\/\/www.pressenza.com\/fr\/#website\"},\"primaryImageOfPage\":{\"@id\":\"https:\/\/www.pressenza.com\/fr\/2022\/03\/les-heros-de-la-classe-ouvriere\/#primaryimage\"},\"image\":{\"@id\":\"https:\/\/www.pressenza.com\/fr\/2022\/03\/les-heros-de-la-classe-ouvriere\/#primaryimage\"},\"thumbnailUrl\":\"https:\/\/www.pressenza.com\/wp-content\/uploads\/2022\/02\/F213890A-BB7C-4886-8100-34FAB637CC1E.jpeg\",\"datePublished\":\"2022-03-11T17:22:54+00:00\",\"dateModified\":\"2022-03-11T17:27:42+00:00\",\"description\":\"Fred Rose (officiellement Fishel Rosenberg) est le seul communiste qui n\u2019ait jamais \u00e9t\u00e9 \u00e9lu au Parlement canadien. Un succ\u00e8s pour la classe ouvri\u00e8re\",\"breadcrumb\":{\"@id\":\"https:\/\/www.pressenza.com\/fr\/2022\/03\/les-heros-de-la-classe-ouvriere\/#breadcrumb\"},\"inLanguage\":\"fr-FR\",\"potentialAction\":[{\"@type\":\"ReadAction\",\"target\":[\"https:\/\/www.pressenza.com\/fr\/2022\/03\/les-heros-de-la-classe-ouvriere\/\"]}]},{\"@type\":\"ImageObject\",\"inLanguage\":\"fr-FR\",\"@id\":\"https:\/\/www.pressenza.com\/fr\/2022\/03\/les-heros-de-la-classe-ouvriere\/#primaryimage\",\"url\":\"https:\/\/www.pressenza.com\/wp-content\/uploads\/2022\/02\/F213890A-BB7C-4886-8100-34FAB637CC1E.jpeg\",\"contentUrl\":\"https:\/\/www.pressenza.com\/wp-content\/uploads\/2022\/02\/F213890A-BB7C-4886-8100-34FAB637CC1E.jpeg\",\"width\":1920,\"height\":1068},{\"@type\":\"BreadcrumbList\",\"@id\":\"https:\/\/www.pressenza.com\/fr\/2022\/03\/les-heros-de-la-classe-ouvriere\/#breadcrumb\",\"itemListElement\":[{\"@type\":\"ListItem\",\"position\":1,\"name\":\"Accueil\",\"item\":\"https:\/\/www.pressenza.com\/fr\/\"},{\"@type\":\"ListItem\",\"position\":2,\"name\":\"Les h\u00e9ros de la classe ouvri\u00e8re\"}]},{\"@type\":\"WebSite\",\"@id\":\"https:\/\/www.pressenza.com\/fr\/#website\",\"url\":\"https:\/\/www.pressenza.com\/fr\/\",\"name\":\"Pressenza\",\"description\":\"International Press Agency\",\"publisher\":{\"@id\":\"https:\/\/www.pressenza.com\/fr\/#organization\"},\"potentialAction\":[{\"@type\":\"SearchAction\",\"target\":{\"@type\":\"EntryPoint\",\"urlTemplate\":\"https:\/\/www.pressenza.com\/fr\/?s={search_term_string}\"},\"query-input\":{\"@type\":\"PropertyValueSpecification\",\"valueRequired\":true,\"valueName\":\"search_term_string\"}}],\"inLanguage\":\"fr-FR\"},{\"@type\":\"Organization\",\"@id\":\"https:\/\/www.pressenza.com\/fr\/#organization\",\"name\":\"Pressenza\",\"url\":\"https:\/\/www.pressenza.com\/fr\/\",\"logo\":{\"@type\":\"ImageObject\",\"inLanguage\":\"fr-FR\",\"@id\":\"https:\/\/www.pressenza.com\/fr\/#\/schema\/logo\/image\/\",\"url\":\"https:\/\/www.pressenza.com\/wp-content\/uploads\/2022\/10\/pressenza_logo_200x200.jpg\",\"contentUrl\":\"https:\/\/www.pressenza.com\/wp-content\/uploads\/2022\/10\/pressenza_logo_200x200.jpg\",\"width\":200,\"height\":200,\"caption\":\"Pressenza\"},\"image\":{\"@id\":\"https:\/\/www.pressenza.com\/fr\/#\/schema\/logo\/image\/\"},\"sameAs\":[\"https:\/\/www.facebook.com\/PressenzaItalia\",\"https:\/\/x.com\/PressenzaIPA\"]},{\"@type\":\"Person\",\"@id\":\"https:\/\/www.pressenza.com\/fr\/#\/schema\/person\/204e67ffc5ecb05d81ec7dbb33ded555\",\"name\":\"Unsere Zeitung\",\"url\":\"https:\/\/www.pressenza.com\/fr\/author\/unsere-zeitung\/\"}]}<\/script>\n<!-- \/ Yoast SEO plugin. -->","yoast_head_json":{"title":"Les h\u00e9ros de la classe ouvri\u00e8re","description":"Fred Rose (officiellement Fishel Rosenberg) est le seul communiste qui n\u2019ait jamais \u00e9t\u00e9 \u00e9lu au Parlement canadien. Un succ\u00e8s pour la classe ouvri\u00e8re","robots":{"index":"index","follow":"follow","max-snippet":"max-snippet:-1","max-image-preview":"max-image-preview:large","max-video-preview":"max-video-preview:-1"},"canonical":"https:\/\/www.pressenza.com\/fr\/2022\/03\/les-heros-de-la-classe-ouvriere\/","og_locale":"fr_FR","og_type":"article","og_title":"Les h\u00e9ros de la classe ouvri\u00e8re","og_description":"Fred Rose (officiellement Fishel Rosenberg) est le seul communiste qui n\u2019ait jamais \u00e9t\u00e9 \u00e9lu au Parlement canadien. Un succ\u00e8s pour la classe ouvri\u00e8re","og_url":"https:\/\/www.pressenza.com\/fr\/2022\/03\/les-heros-de-la-classe-ouvriere\/","og_site_name":"Pressenza","article_publisher":"https:\/\/www.facebook.com\/PressenzaItalia","article_published_time":"2022-03-11T17:22:54+00:00","article_modified_time":"2022-03-11T17:27:42+00:00","og_image":[{"width":1920,"height":1068,"url":"https:\/\/www.pressenza.com\/wp-content\/uploads\/2022\/02\/F213890A-BB7C-4886-8100-34FAB637CC1E.jpeg","type":"image\/jpeg"}],"author":"Unsere Zeitung","twitter_card":"summary_large_image","twitter_creator":"@PressenzaIPA","twitter_site":"@PressenzaIPA","twitter_misc":{"\u00c9crit par":"Unsere Zeitung","Dur\u00e9e de lecture estim\u00e9e":"9 minutes"},"schema":{"@context":"https:\/\/schema.org","@graph":[{"@type":"Article","@id":"https:\/\/www.pressenza.com\/fr\/2022\/03\/les-heros-de-la-classe-ouvriere\/#article","isPartOf":{"@id":"https:\/\/www.pressenza.com\/fr\/2022\/03\/les-heros-de-la-classe-ouvriere\/"},"author":{"name":"Unsere Zeitung","@id":"https:\/\/www.pressenza.com\/fr\/#\/schema\/person\/204e67ffc5ecb05d81ec7dbb33ded555"},"headline":"Les h\u00e9ros de la classe ouvri\u00e8re","datePublished":"2022-03-11T17:22:54+00:00","dateModified":"2022-03-11T17:27:42+00:00","mainEntityOfPage":{"@id":"https:\/\/www.pressenza.com\/fr\/2022\/03\/les-heros-de-la-classe-ouvriere\/"},"wordCount":1774,"publisher":{"@id":"https:\/\/www.pressenza.com\/fr\/#organization"},"image":{"@id":"https:\/\/www.pressenza.com\/fr\/2022\/03\/les-heros-de-la-classe-ouvriere\/#primaryimage"},"thumbnailUrl":"https:\/\/www.pressenza.com\/wp-content\/uploads\/2022\/02\/F213890A-BB7C-4886-8100-34FAB637CC1E.jpeg","keywords":["Canada","classe ouvri\u00e8re","communisme","D\u00e9mocratie","Fred Rose"],"articleSection":["Politique"],"inLanguage":"fr-FR"},{"@type":"WebPage","@id":"https:\/\/www.pressenza.com\/fr\/2022\/03\/les-heros-de-la-classe-ouvriere\/","url":"https:\/\/www.pressenza.com\/fr\/2022\/03\/les-heros-de-la-classe-ouvriere\/","name":"Les h\u00e9ros de la classe ouvri\u00e8re","isPartOf":{"@id":"https:\/\/www.pressenza.com\/fr\/#website"},"primaryImageOfPage":{"@id":"https:\/\/www.pressenza.com\/fr\/2022\/03\/les-heros-de-la-classe-ouvriere\/#primaryimage"},"image":{"@id":"https:\/\/www.pressenza.com\/fr\/2022\/03\/les-heros-de-la-classe-ouvriere\/#primaryimage"},"thumbnailUrl":"https:\/\/www.pressenza.com\/wp-content\/uploads\/2022\/02\/F213890A-BB7C-4886-8100-34FAB637CC1E.jpeg","datePublished":"2022-03-11T17:22:54+00:00","dateModified":"2022-03-11T17:27:42+00:00","description":"Fred Rose (officiellement Fishel Rosenberg) est le seul communiste qui n\u2019ait jamais \u00e9t\u00e9 \u00e9lu au Parlement canadien. Un succ\u00e8s pour la classe ouvri\u00e8re","breadcrumb":{"@id":"https:\/\/www.pressenza.com\/fr\/2022\/03\/les-heros-de-la-classe-ouvriere\/#breadcrumb"},"inLanguage":"fr-FR","potentialAction":[{"@type":"ReadAction","target":["https:\/\/www.pressenza.com\/fr\/2022\/03\/les-heros-de-la-classe-ouvriere\/"]}]},{"@type":"ImageObject","inLanguage":"fr-FR","@id":"https:\/\/www.pressenza.com\/fr\/2022\/03\/les-heros-de-la-classe-ouvriere\/#primaryimage","url":"https:\/\/www.pressenza.com\/wp-content\/uploads\/2022\/02\/F213890A-BB7C-4886-8100-34FAB637CC1E.jpeg","contentUrl":"https:\/\/www.pressenza.com\/wp-content\/uploads\/2022\/02\/F213890A-BB7C-4886-8100-34FAB637CC1E.jpeg","width":1920,"height":1068},{"@type":"BreadcrumbList","@id":"https:\/\/www.pressenza.com\/fr\/2022\/03\/les-heros-de-la-classe-ouvriere\/#breadcrumb","itemListElement":[{"@type":"ListItem","position":1,"name":"Accueil","item":"https:\/\/www.pressenza.com\/fr\/"},{"@type":"ListItem","position":2,"name":"Les h\u00e9ros de la classe ouvri\u00e8re"}]},{"@type":"WebSite","@id":"https:\/\/www.pressenza.com\/fr\/#website","url":"https:\/\/www.pressenza.com\/fr\/","name":"Pressenza","description":"International Press Agency","publisher":{"@id":"https:\/\/www.pressenza.com\/fr\/#organization"},"potentialAction":[{"@type":"SearchAction","target":{"@type":"EntryPoint","urlTemplate":"https:\/\/www.pressenza.com\/fr\/?s={search_term_string}"},"query-input":{"@type":"PropertyValueSpecification","valueRequired":true,"valueName":"search_term_string"}}],"inLanguage":"fr-FR"},{"@type":"Organization","@id":"https:\/\/www.pressenza.com\/fr\/#organization","name":"Pressenza","url":"https:\/\/www.pressenza.com\/fr\/","logo":{"@type":"ImageObject","inLanguage":"fr-FR","@id":"https:\/\/www.pressenza.com\/fr\/#\/schema\/logo\/image\/","url":"https:\/\/www.pressenza.com\/wp-content\/uploads\/2022\/10\/pressenza_logo_200x200.jpg","contentUrl":"https:\/\/www.pressenza.com\/wp-content\/uploads\/2022\/10\/pressenza_logo_200x200.jpg","width":200,"height":200,"caption":"Pressenza"},"image":{"@id":"https:\/\/www.pressenza.com\/fr\/#\/schema\/logo\/image\/"},"sameAs":["https:\/\/www.facebook.com\/PressenzaItalia","https:\/\/x.com\/PressenzaIPA"]},{"@type":"Person","@id":"https:\/\/www.pressenza.com\/fr\/#\/schema\/person\/204e67ffc5ecb05d81ec7dbb33ded555","name":"Unsere Zeitung","url":"https:\/\/www.pressenza.com\/fr\/author\/unsere-zeitung\/"}]}},"place":"","original_article_url":"https:\/\/www.unsere-zeitung.at\/2022\/02\/22\/working-class-hero\/","_links":{"self":[{"href":"https:\/\/www.pressenza.com\/fr\/wp-json\/wp\/v2\/posts\/1540349","targetHints":{"allow":["GET"]}}],"collection":[{"href":"https:\/\/www.pressenza.com\/fr\/wp-json\/wp\/v2\/posts"}],"about":[{"href":"https:\/\/www.pressenza.com\/fr\/wp-json\/wp\/v2\/types\/post"}],"author":[{"embeddable":true,"href":"https:\/\/www.pressenza.com\/fr\/wp-json\/wp\/v2\/users\/1408"}],"replies":[{"embeddable":true,"href":"https:\/\/www.pressenza.com\/fr\/wp-json\/wp\/v2\/comments?post=1540349"}],"version-history":[{"count":0,"href":"https:\/\/www.pressenza.com\/fr\/wp-json\/wp\/v2\/posts\/1540349\/revisions"}],"wp:featuredmedia":[{"embeddable":true,"href":"https:\/\/www.pressenza.com\/fr\/wp-json\/wp\/v2\/media\/1526736"}],"wp:attachment":[{"href":"https:\/\/www.pressenza.com\/fr\/wp-json\/wp\/v2\/media?parent=1540349"}],"wp:term":[{"taxonomy":"category","embeddable":true,"href":"https:\/\/www.pressenza.com\/fr\/wp-json\/wp\/v2\/categories?post=1540349"},{"taxonomy":"post_tag","embeddable":true,"href":"https:\/\/www.pressenza.com\/fr\/wp-json\/wp\/v2\/tags?post=1540349"}],"curies":[{"name":"wp","href":"https:\/\/api.w.org\/{rel}","templated":true}]}}