{"id":1536327,"date":"2022-03-08T16:34:37","date_gmt":"2022-03-08T16:34:37","guid":{"rendered":"https:\/\/www.pressenza.com\/?p=1536327"},"modified":"2022-03-08T16:34:37","modified_gmt":"2022-03-08T16:34:37","slug":"8m-les-meres-qui-demandent-justice-en-iran","status":"publish","type":"post","link":"https:\/\/www.pressenza.com\/fr\/2022\/03\/8m-les-meres-qui-demandent-justice-en-iran\/","title":{"rendered":"#8M : Les m\u00e8res qui demandent justice en Iran"},"content":{"rendered":"<p>La journ\u00e9e de la femme en Iran est une journ\u00e9e \u00e9trange. D&rsquo;une part, il s&rsquo;agit d&rsquo;un pays traditionnellement marqu\u00e9 par le patriarcat et, d&rsquo;autre part, ses habitants doivent faire face aux lois de l&rsquo;Islam dans les moindres d\u00e9tails de leur vie quotidienne. Pour cette raison, le chemin \u00e0 parcourir pour que les femmes parviennent \u00e0 l&rsquo;\u00e9galit\u00e9 est tr\u00e8s difficile. En plus de ces circonstances, nous vivons sous un r\u00e9gime de dictature qui ne tol\u00e8re ni les opinions et discours dissidents ni aucune critique. Il tue, s\u00e9questre les opposants et les critiques, et une femme s&rsquo;afflige \u00e0 chaque acte d&rsquo;injustice.<\/p>\n<p>Ces conditions rendent le chemin difficile pour les femmes iraniennes. Malgr\u00e9 le d\u00e9veloppement rapide des m\u00e9dias \u00e0 l&rsquo;\u00e8re moderne et des innombrables m\u00e8res qui ont accompli des r\u00e9alisations extraordinaires au cours des quatre derni\u00e8res d\u00e9cennies en Iran, il n&rsquo;y a pas eu de m\u00e9dias internationaux pour faire entendre leurs voix. Dans les ann\u00e9es 1960, des milliers de m\u00e8res, dont beaucoup ne sont plus en vie, ont assist\u00e9 \u00e0 l&rsquo;ex\u00e9cution de leurs fils. Des milliers de fils de m\u00e8res kurdes ont \u00e9t\u00e9 enlev\u00e9s et ex\u00e9cut\u00e9s pendant le Djihad de l&rsquo;ayatollah Khomeini contre le Kurdistan.<\/p>\n<p>En 1999, de nombreux jeunes \u00e9tudiants ont \u00e9t\u00e9 tu\u00e9s ou enlev\u00e9s lors de l&rsquo;attaque men\u00e9e par les forces iraniennes. De nombreuses m\u00e8res sont encore \u00e0 la recherche de leurs fils. De nombreuses autres ont perdu leurs proches lors des manifestations de 2009 contre les r\u00e9sultats des \u00e9lections. D&rsquo;autres ont perdu leurs fils lors des manifestations de d\u00e9cembre 1996. D&rsquo;autres m\u00e8res ont perdu leurs fils lors des manifestations de novembre 2019, lorsqu&rsquo;ils ont \u00e9t\u00e9 assassin\u00e9s dans ce qui a \u00e9t\u00e9 surnomm\u00e9 le \u00ab\u00a0massacre de novembre\u00a0\u00bb. Des milliers d&rsquo;autres crimes ont \u00e9t\u00e9 commis, comme les personnes condamn\u00e9es \u00e0 la peine de mort. Chaque jour, une m\u00e8re est priv\u00e9e de son enfant, une \u00e9pouse de son mari, et une s\u0153ur de son fr\u00e8re. Depuis quatre d\u00e9cennies, ces femmes et ces m\u00e8res vivent seules avec leur chagrin dans une soci\u00e9t\u00e9 o\u00f9 un syst\u00e8me de dictature islamique coexiste avec le patriarcat<\/p>\n<p>Aujourd&rsquo;hui, en raison des conditions cr\u00e9\u00e9es par la soci\u00e9t\u00e9 et le gouvernement, ces femmes et ces m\u00e8res savent qu&rsquo;elles seront vuln\u00e9rables si elles restent seules. Elles savent que la seule voie possible pour elles est la solidarit\u00e9 et l&rsquo;unit\u00e9. Apr\u00e8s le novembre sanglant de 1998, les m\u00e8res endeuill\u00e9es par ce massacre ont d\u00e9cid\u00e9 de s&rsquo;unir. Malgr\u00e9 les nombreuses diff\u00e9rences linguistiques et culturelles en Iran, les m\u00e8res des diff\u00e9rentes r\u00e9gions ethniques de l&rsquo;Iran, comme les Kurdes, les Baloutches, les Perses, les Turcs, les Arabes, les Lors et les Gilaks, se sont unies pour faire entendre une voix plus forte contre la tyrannie de la dictature patriarcale et demandent justice. Ces m\u00e8res sont en train de changer le discours masculin en Iran gr\u00e2ce \u00e0 leur qu\u00eate de justice. Ces m\u00e8res sont connues sous le nom de <strong>\u00ab\u00a0m\u00e8res exigeant la justice en Iran\u00a0\u00bb.<\/strong> Leur nombre augmente de jour en jour, et leurs voix se font de plus en plus entendre au sein du peuple iranien. Elles sont si d\u00e9termin\u00e9es dans leur qu\u00eate de justice que de nombreux membres de la soci\u00e9t\u00e9 patriarcale iranienne ont sympathis\u00e9 avec elles. Les m\u00e8res qui r\u00e9clament justice en Iran lancent un cri unanime \u00e0 l&rsquo;occasion de la Journ\u00e9e internationale de la femme de cette ann\u00e9e :\u00a0\u00ab\u00a0<em>Nos enfants sont vivants en nous. Ils ne mourront jamais car le cri de la justice ne mourra jamais. Il absorbera les particules du temps et finira par renverser le dictateur\u00a0\u00bb. <\/em>Enfin, les <strong>M\u00e8res r\u00e9clamant justice en Iran<\/strong> demandent aux m\u00e9dias du monde entier <em>\u00ab\u00a0s&rsquo;il n&rsquo;est pas temps pour eux de faire \u00e9cho \u00e0 notre voix et de faire conna\u00eetre notre cause au monde entier<\/em>\u00a0\u00bb.<\/p>\n<p>&nbsp;<\/p>\n<p><em>Traduction de l\u2019espagnol, Ginette Baudelet <\/em><\/p>\n","protected":false},"excerpt":{"rendered":"<p>La journ\u00e9e de la femme en Iran est une journ\u00e9e \u00e9trange. D&rsquo;une part, il s&rsquo;agit d&rsquo;un pays traditionnellement marqu\u00e9 par le patriarcat et, d&rsquo;autre part, ses habitants doivent faire face aux lois de l&rsquo;Islam dans les moindres d\u00e9tails de leur&hellip;<\/p>\n","protected":false},"author":94,"featured_media":1537235,"comment_status":"closed","ping_status":"closed","sticky":false,"template":"","format":"standard","meta":{"footnotes":""},"categories":[151,11386,98,54509,90],"tags":[55165,471,9648,3352],"class_list":["post-1536327","post","type-post","status-publish","format-standard","has-post-thumbnail","hentry","category-communique-de-presse","category-contenu-original","category-droits-de-lhomme","category-genre-et-feminismes","category-moyen-orient","tag-8m-fr","tag-iran-fr","tag-journee-internationale-de-la-femme","tag-justice"],"yoast_head":"<!-- This site is optimized with the Yoast SEO plugin v27.1.1 - https:\/\/yoast.com\/product\/yoast-seo-wordpress\/ -->\n<title>#8M : Les m\u00e8res qui demandent justice en Iran<\/title>\n<meta name=\"description\" content=\"La journ\u00e9e de la femme en Iran est une journ\u00e9e \u00e9trange. D&#039;une part, il s&#039;agit d&#039;un pays traditionnellement marqu\u00e9 par le patriarcat et, d&#039;autre part, ses\" \/>\n<meta name=\"robots\" content=\"index, follow, max-snippet:-1, max-image-preview:large, max-video-preview:-1\" \/>\n<link rel=\"canonical\" href=\"https:\/\/www.pressenza.com\/fr\/2022\/03\/8m-les-meres-qui-demandent-justice-en-iran\/\" \/>\n<meta property=\"og:locale\" content=\"fr_FR\" \/>\n<meta property=\"og:type\" content=\"article\" \/>\n<meta property=\"og:title\" content=\"#8M : Les m\u00e8res qui demandent justice en Iran\" \/>\n<meta property=\"og:description\" content=\"La journ\u00e9e de la femme en Iran est une journ\u00e9e \u00e9trange. D&#039;une part, il s&#039;agit d&#039;un pays traditionnellement marqu\u00e9 par le patriarcat et, d&#039;autre part, ses\" \/>\n<meta property=\"og:url\" content=\"https:\/\/www.pressenza.com\/fr\/2022\/03\/8m-les-meres-qui-demandent-justice-en-iran\/\" \/>\n<meta property=\"og:site_name\" content=\"Pressenza\" \/>\n<meta property=\"article:publisher\" content=\"https:\/\/www.facebook.com\/PressenzaItalia\" \/>\n<meta property=\"article:author\" content=\"https:\/\/www.facebook.com\/pressenza\" \/>\n<meta property=\"article:published_time\" content=\"2022-03-08T16:34:37+00:00\" \/>\n<meta property=\"og:image\" content=\"https:\/\/www.pressenza.com\/wp-content\/uploads\/2022\/03\/WhatsApp-Image-2022-03-08-at-3.04.32-PM.jpeg\" \/>\n\t<meta property=\"og:image:width\" content=\"1600\" \/>\n\t<meta property=\"og:image:height\" content=\"621\" \/>\n\t<meta property=\"og:image:type\" content=\"image\/jpeg\" \/>\n<meta name=\"author\" content=\"Redacci\u00f3n Madrid\" \/>\n<meta name=\"twitter:card\" content=\"summary_large_image\" \/>\n<meta name=\"twitter:creator\" content=\"@pressenza\" \/>\n<meta name=\"twitter:site\" content=\"@PressenzaIPA\" \/>\n<meta name=\"twitter:label1\" content=\"\u00c9crit par\" \/>\n\t<meta name=\"twitter:data1\" content=\"Redacci\u00f3n Madrid\" \/>\n\t<meta name=\"twitter:label2\" content=\"Dur\u00e9e de lecture estim\u00e9e\" \/>\n\t<meta name=\"twitter:data2\" content=\"3 minutes\" \/>\n<script type=\"application\/ld+json\" class=\"yoast-schema-graph\">{\"@context\":\"https:\/\/schema.org\",\"@graph\":[{\"@type\":\"Article\",\"@id\":\"https:\/\/www.pressenza.com\/fr\/2022\/03\/8m-les-meres-qui-demandent-justice-en-iran\/#article\",\"isPartOf\":{\"@id\":\"https:\/\/www.pressenza.com\/fr\/2022\/03\/8m-les-meres-qui-demandent-justice-en-iran\/\"},\"author\":{\"name\":\"Redacci\u00f3n Madrid\",\"@id\":\"https:\/\/www.pressenza.com\/fr\/#\/schema\/person\/828fc40eeca2ad7be3630e5a46adba94\"},\"headline\":\"#8M : Les m\u00e8res qui demandent justice en Iran\",\"datePublished\":\"2022-03-08T16:34:37+00:00\",\"mainEntityOfPage\":{\"@id\":\"https:\/\/www.pressenza.com\/fr\/2022\/03\/8m-les-meres-qui-demandent-justice-en-iran\/\"},\"wordCount\":702,\"publisher\":{\"@id\":\"https:\/\/www.pressenza.com\/fr\/#organization\"},\"image\":{\"@id\":\"https:\/\/www.pressenza.com\/fr\/2022\/03\/8m-les-meres-qui-demandent-justice-en-iran\/#primaryimage\"},\"thumbnailUrl\":\"https:\/\/www.pressenza.com\/wp-content\/uploads\/2022\/03\/WhatsApp-Image-2022-03-08-at-3.04.32-PM.jpeg\",\"keywords\":[\"8M\",\"Iran\",\"Journ\u00e9e Internationale de la femme\",\"justice\"],\"articleSection\":[\"Communiqu\u00e9s de Presse\",\"Contenu Original\",\"Droits humains\",\"Genre et f\u00e9minismes\",\"Proche et Moyen-Orient\"],\"inLanguage\":\"fr-FR\"},{\"@type\":\"WebPage\",\"@id\":\"https:\/\/www.pressenza.com\/fr\/2022\/03\/8m-les-meres-qui-demandent-justice-en-iran\/\",\"url\":\"https:\/\/www.pressenza.com\/fr\/2022\/03\/8m-les-meres-qui-demandent-justice-en-iran\/\",\"name\":\"#8M : Les m\u00e8res qui demandent justice en Iran\",\"isPartOf\":{\"@id\":\"https:\/\/www.pressenza.com\/fr\/#website\"},\"primaryImageOfPage\":{\"@id\":\"https:\/\/www.pressenza.com\/fr\/2022\/03\/8m-les-meres-qui-demandent-justice-en-iran\/#primaryimage\"},\"image\":{\"@id\":\"https:\/\/www.pressenza.com\/fr\/2022\/03\/8m-les-meres-qui-demandent-justice-en-iran\/#primaryimage\"},\"thumbnailUrl\":\"https:\/\/www.pressenza.com\/wp-content\/uploads\/2022\/03\/WhatsApp-Image-2022-03-08-at-3.04.32-PM.jpeg\",\"datePublished\":\"2022-03-08T16:34:37+00:00\",\"description\":\"La journ\u00e9e de la femme en Iran est une journ\u00e9e \u00e9trange. D'une part, il s'agit d'un pays traditionnellement marqu\u00e9 par le patriarcat et, d'autre part, ses\",\"breadcrumb\":{\"@id\":\"https:\/\/www.pressenza.com\/fr\/2022\/03\/8m-les-meres-qui-demandent-justice-en-iran\/#breadcrumb\"},\"inLanguage\":\"fr-FR\",\"potentialAction\":[{\"@type\":\"ReadAction\",\"target\":[\"https:\/\/www.pressenza.com\/fr\/2022\/03\/8m-les-meres-qui-demandent-justice-en-iran\/\"]}]},{\"@type\":\"ImageObject\",\"inLanguage\":\"fr-FR\",\"@id\":\"https:\/\/www.pressenza.com\/fr\/2022\/03\/8m-les-meres-qui-demandent-justice-en-iran\/#primaryimage\",\"url\":\"https:\/\/www.pressenza.com\/wp-content\/uploads\/2022\/03\/WhatsApp-Image-2022-03-08-at-3.04.32-PM.jpeg\",\"contentUrl\":\"https:\/\/www.pressenza.com\/wp-content\/uploads\/2022\/03\/WhatsApp-Image-2022-03-08-at-3.04.32-PM.jpeg\",\"width\":1600,\"height\":621,\"caption\":\"Debajo de cada composici\u00f3n, est\u00e1 escrito \\\"Yo soy (el nombre de su hijo asesinado en rojo) cuyo amor por la vida, ha creado mi resistencia.\"},{\"@type\":\"BreadcrumbList\",\"@id\":\"https:\/\/www.pressenza.com\/fr\/2022\/03\/8m-les-meres-qui-demandent-justice-en-iran\/#breadcrumb\",\"itemListElement\":[{\"@type\":\"ListItem\",\"position\":1,\"name\":\"Accueil\",\"item\":\"https:\/\/www.pressenza.com\/fr\/\"},{\"@type\":\"ListItem\",\"position\":2,\"name\":\"#8M : Les m\u00e8res qui demandent justice en Iran\"}]},{\"@type\":\"WebSite\",\"@id\":\"https:\/\/www.pressenza.com\/fr\/#website\",\"url\":\"https:\/\/www.pressenza.com\/fr\/\",\"name\":\"Pressenza\",\"description\":\"International Press Agency\",\"publisher\":{\"@id\":\"https:\/\/www.pressenza.com\/fr\/#organization\"},\"potentialAction\":[{\"@type\":\"SearchAction\",\"target\":{\"@type\":\"EntryPoint\",\"urlTemplate\":\"https:\/\/www.pressenza.com\/fr\/?s={search_term_string}\"},\"query-input\":{\"@type\":\"PropertyValueSpecification\",\"valueRequired\":true,\"valueName\":\"search_term_string\"}}],\"inLanguage\":\"fr-FR\"},{\"@type\":\"Organization\",\"@id\":\"https:\/\/www.pressenza.com\/fr\/#organization\",\"name\":\"Pressenza\",\"url\":\"https:\/\/www.pressenza.com\/fr\/\",\"logo\":{\"@type\":\"ImageObject\",\"inLanguage\":\"fr-FR\",\"@id\":\"https:\/\/www.pressenza.com\/fr\/#\/schema\/logo\/image\/\",\"url\":\"https:\/\/www.pressenza.com\/wp-content\/uploads\/2022\/10\/pressenza_logo_200x200.jpg\",\"contentUrl\":\"https:\/\/www.pressenza.com\/wp-content\/uploads\/2022\/10\/pressenza_logo_200x200.jpg\",\"width\":200,\"height\":200,\"caption\":\"Pressenza\"},\"image\":{\"@id\":\"https:\/\/www.pressenza.com\/fr\/#\/schema\/logo\/image\/\"},\"sameAs\":[\"https:\/\/www.facebook.com\/PressenzaItalia\",\"https:\/\/x.com\/PressenzaIPA\"]},{\"@type\":\"Person\",\"@id\":\"https:\/\/www.pressenza.com\/fr\/#\/schema\/person\/828fc40eeca2ad7be3630e5a46adba94\",\"name\":\"Redacci\u00f3n Madrid\",\"description\":\"News from the Pressenza Bureau in Madrid, Spain\",\"sameAs\":[\"https:\/\/www.facebook.com\/pressenza\",\"https:\/\/x.com\/pressenza\"],\"url\":\"https:\/\/www.pressenza.com\/fr\/author\/redaccion-madrid\/\"}]}<\/script>\n<!-- \/ Yoast SEO plugin. -->","yoast_head_json":{"title":"#8M : Les m\u00e8res qui demandent justice en Iran","description":"La journ\u00e9e de la femme en Iran est une journ\u00e9e \u00e9trange. D'une part, il s'agit d'un pays traditionnellement marqu\u00e9 par le patriarcat et, d'autre part, ses","robots":{"index":"index","follow":"follow","max-snippet":"max-snippet:-1","max-image-preview":"max-image-preview:large","max-video-preview":"max-video-preview:-1"},"canonical":"https:\/\/www.pressenza.com\/fr\/2022\/03\/8m-les-meres-qui-demandent-justice-en-iran\/","og_locale":"fr_FR","og_type":"article","og_title":"#8M : Les m\u00e8res qui demandent justice en Iran","og_description":"La journ\u00e9e de la femme en Iran est une journ\u00e9e \u00e9trange. D'une part, il s'agit d'un pays traditionnellement marqu\u00e9 par le patriarcat et, d'autre part, ses","og_url":"https:\/\/www.pressenza.com\/fr\/2022\/03\/8m-les-meres-qui-demandent-justice-en-iran\/","og_site_name":"Pressenza","article_publisher":"https:\/\/www.facebook.com\/PressenzaItalia","article_author":"https:\/\/www.facebook.com\/pressenza","article_published_time":"2022-03-08T16:34:37+00:00","og_image":[{"width":1600,"height":621,"url":"https:\/\/www.pressenza.com\/wp-content\/uploads\/2022\/03\/WhatsApp-Image-2022-03-08-at-3.04.32-PM.jpeg","type":"image\/jpeg"}],"author":"Redacci\u00f3n Madrid","twitter_card":"summary_large_image","twitter_creator":"@pressenza","twitter_site":"@PressenzaIPA","twitter_misc":{"\u00c9crit par":"Redacci\u00f3n Madrid","Dur\u00e9e de lecture estim\u00e9e":"3 minutes"},"schema":{"@context":"https:\/\/schema.org","@graph":[{"@type":"Article","@id":"https:\/\/www.pressenza.com\/fr\/2022\/03\/8m-les-meres-qui-demandent-justice-en-iran\/#article","isPartOf":{"@id":"https:\/\/www.pressenza.com\/fr\/2022\/03\/8m-les-meres-qui-demandent-justice-en-iran\/"},"author":{"name":"Redacci\u00f3n Madrid","@id":"https:\/\/www.pressenza.com\/fr\/#\/schema\/person\/828fc40eeca2ad7be3630e5a46adba94"},"headline":"#8M : Les m\u00e8res qui demandent justice en Iran","datePublished":"2022-03-08T16:34:37+00:00","mainEntityOfPage":{"@id":"https:\/\/www.pressenza.com\/fr\/2022\/03\/8m-les-meres-qui-demandent-justice-en-iran\/"},"wordCount":702,"publisher":{"@id":"https:\/\/www.pressenza.com\/fr\/#organization"},"image":{"@id":"https:\/\/www.pressenza.com\/fr\/2022\/03\/8m-les-meres-qui-demandent-justice-en-iran\/#primaryimage"},"thumbnailUrl":"https:\/\/www.pressenza.com\/wp-content\/uploads\/2022\/03\/WhatsApp-Image-2022-03-08-at-3.04.32-PM.jpeg","keywords":["8M","Iran","Journ\u00e9e Internationale de la femme","justice"],"articleSection":["Communiqu\u00e9s de Presse","Contenu Original","Droits humains","Genre et f\u00e9minismes","Proche et Moyen-Orient"],"inLanguage":"fr-FR"},{"@type":"WebPage","@id":"https:\/\/www.pressenza.com\/fr\/2022\/03\/8m-les-meres-qui-demandent-justice-en-iran\/","url":"https:\/\/www.pressenza.com\/fr\/2022\/03\/8m-les-meres-qui-demandent-justice-en-iran\/","name":"#8M : Les m\u00e8res qui demandent justice en Iran","isPartOf":{"@id":"https:\/\/www.pressenza.com\/fr\/#website"},"primaryImageOfPage":{"@id":"https:\/\/www.pressenza.com\/fr\/2022\/03\/8m-les-meres-qui-demandent-justice-en-iran\/#primaryimage"},"image":{"@id":"https:\/\/www.pressenza.com\/fr\/2022\/03\/8m-les-meres-qui-demandent-justice-en-iran\/#primaryimage"},"thumbnailUrl":"https:\/\/www.pressenza.com\/wp-content\/uploads\/2022\/03\/WhatsApp-Image-2022-03-08-at-3.04.32-PM.jpeg","datePublished":"2022-03-08T16:34:37+00:00","description":"La journ\u00e9e de la femme en Iran est une journ\u00e9e \u00e9trange. D'une part, il s'agit d'un pays traditionnellement marqu\u00e9 par le patriarcat et, d'autre part, ses","breadcrumb":{"@id":"https:\/\/www.pressenza.com\/fr\/2022\/03\/8m-les-meres-qui-demandent-justice-en-iran\/#breadcrumb"},"inLanguage":"fr-FR","potentialAction":[{"@type":"ReadAction","target":["https:\/\/www.pressenza.com\/fr\/2022\/03\/8m-les-meres-qui-demandent-justice-en-iran\/"]}]},{"@type":"ImageObject","inLanguage":"fr-FR","@id":"https:\/\/www.pressenza.com\/fr\/2022\/03\/8m-les-meres-qui-demandent-justice-en-iran\/#primaryimage","url":"https:\/\/www.pressenza.com\/wp-content\/uploads\/2022\/03\/WhatsApp-Image-2022-03-08-at-3.04.32-PM.jpeg","contentUrl":"https:\/\/www.pressenza.com\/wp-content\/uploads\/2022\/03\/WhatsApp-Image-2022-03-08-at-3.04.32-PM.jpeg","width":1600,"height":621,"caption":"Debajo de cada composici\u00f3n, est\u00e1 escrito \"Yo soy (el nombre de su hijo asesinado en rojo) cuyo amor por la vida, ha creado mi resistencia."},{"@type":"BreadcrumbList","@id":"https:\/\/www.pressenza.com\/fr\/2022\/03\/8m-les-meres-qui-demandent-justice-en-iran\/#breadcrumb","itemListElement":[{"@type":"ListItem","position":1,"name":"Accueil","item":"https:\/\/www.pressenza.com\/fr\/"},{"@type":"ListItem","position":2,"name":"#8M : Les m\u00e8res qui demandent justice en Iran"}]},{"@type":"WebSite","@id":"https:\/\/www.pressenza.com\/fr\/#website","url":"https:\/\/www.pressenza.com\/fr\/","name":"Pressenza","description":"International Press Agency","publisher":{"@id":"https:\/\/www.pressenza.com\/fr\/#organization"},"potentialAction":[{"@type":"SearchAction","target":{"@type":"EntryPoint","urlTemplate":"https:\/\/www.pressenza.com\/fr\/?s={search_term_string}"},"query-input":{"@type":"PropertyValueSpecification","valueRequired":true,"valueName":"search_term_string"}}],"inLanguage":"fr-FR"},{"@type":"Organization","@id":"https:\/\/www.pressenza.com\/fr\/#organization","name":"Pressenza","url":"https:\/\/www.pressenza.com\/fr\/","logo":{"@type":"ImageObject","inLanguage":"fr-FR","@id":"https:\/\/www.pressenza.com\/fr\/#\/schema\/logo\/image\/","url":"https:\/\/www.pressenza.com\/wp-content\/uploads\/2022\/10\/pressenza_logo_200x200.jpg","contentUrl":"https:\/\/www.pressenza.com\/wp-content\/uploads\/2022\/10\/pressenza_logo_200x200.jpg","width":200,"height":200,"caption":"Pressenza"},"image":{"@id":"https:\/\/www.pressenza.com\/fr\/#\/schema\/logo\/image\/"},"sameAs":["https:\/\/www.facebook.com\/PressenzaItalia","https:\/\/x.com\/PressenzaIPA"]},{"@type":"Person","@id":"https:\/\/www.pressenza.com\/fr\/#\/schema\/person\/828fc40eeca2ad7be3630e5a46adba94","name":"Redacci\u00f3n Madrid","description":"News from the Pressenza Bureau in Madrid, Spain","sameAs":["https:\/\/www.facebook.com\/pressenza","https:\/\/x.com\/pressenza"],"url":"https:\/\/www.pressenza.com\/fr\/author\/redaccion-madrid\/"}]}},"place":"Iran","original_article_url":"","_links":{"self":[{"href":"https:\/\/www.pressenza.com\/fr\/wp-json\/wp\/v2\/posts\/1536327","targetHints":{"allow":["GET"]}}],"collection":[{"href":"https:\/\/www.pressenza.com\/fr\/wp-json\/wp\/v2\/posts"}],"about":[{"href":"https:\/\/www.pressenza.com\/fr\/wp-json\/wp\/v2\/types\/post"}],"author":[{"embeddable":true,"href":"https:\/\/www.pressenza.com\/fr\/wp-json\/wp\/v2\/users\/94"}],"replies":[{"embeddable":true,"href":"https:\/\/www.pressenza.com\/fr\/wp-json\/wp\/v2\/comments?post=1536327"}],"version-history":[{"count":0,"href":"https:\/\/www.pressenza.com\/fr\/wp-json\/wp\/v2\/posts\/1536327\/revisions"}],"wp:featuredmedia":[{"embeddable":true,"href":"https:\/\/www.pressenza.com\/fr\/wp-json\/wp\/v2\/media\/1537235"}],"wp:attachment":[{"href":"https:\/\/www.pressenza.com\/fr\/wp-json\/wp\/v2\/media?parent=1536327"}],"wp:term":[{"taxonomy":"category","embeddable":true,"href":"https:\/\/www.pressenza.com\/fr\/wp-json\/wp\/v2\/categories?post=1536327"},{"taxonomy":"post_tag","embeddable":true,"href":"https:\/\/www.pressenza.com\/fr\/wp-json\/wp\/v2\/tags?post=1536327"}],"curies":[{"name":"wp","href":"https:\/\/api.w.org\/{rel}","templated":true}]}}