{"id":153577,"date":"2014-12-17T21:45:14","date_gmt":"2014-12-17T21:45:14","guid":{"rendered":"http:\/\/www.pressenza.com\/?p=153577"},"modified":"2014-12-17T21:45:14","modified_gmt":"2014-12-17T21:45:14","slug":"projet-daccord-ue-canada-des-choix-importants-de-lassemblee-nationale-qui-valent-pour-le-gmttafta-et-les-apes","status":"publish","type":"post","link":"https:\/\/www.pressenza.com\/fr\/2014\/12\/projet-daccord-ue-canada-des-choix-importants-de-lassemblee-nationale-qui-valent-pour-le-gmttafta-et-les-apes\/","title":{"rendered":"Projet d\u2019accord UE-Canada : des choix importants de l\u2019Assembl\u00e9e nationale qui valent pour le GMT\/TAFTA et les APEs"},"content":{"rendered":"<p>Le 23 novembre dernier, l\u2019Assembl\u00e9e nationale a adopt\u00e9 une R\u00e9solution dont l\u2019importance ne peut \u00e9chapper aux citoyennes et aux citoyens qui, en France, mais aussi dans un grand nombre de pays d\u2019Europe, sont oppos\u00e9s \u00e0 l\u2019accord avec le Canada (CETA selon l\u2019acronyme anglais) comme \u00e0 l\u2019accord avec les USA (TTIP selon l\u2019acronyme anglais, mieux connu sous les sigles <a class=\"st_tag internal_tag\" title=\"Posts tagged with GMT\" href=\"http:\/\/www.jennar.fr\/?tag=gmt\">GMT<\/a> ou <a class=\"st_tag internal_tag\" title=\"Posts tagged with TAFTA\" href=\"http:\/\/www.jennar.fr\/?tag=tafta\">TAFTA<\/a>), comme \u00e0 d\u2019autres documents du m\u00eame genre (la n\u00e9gociation sur les services \u2013 <a class=\"st_tag internal_tag\" title=\"Posts tagged with ACS\" href=\"http:\/\/www.jennar.fr\/?tag=acs\">ACS<\/a> ou <a class=\"st_tag internal_tag\" title=\"Posts tagged with TISA\" href=\"http:\/\/www.jennar.fr\/?tag=tisa\">TISA<\/a>&#8211; ou les Accords de partenariat \u00e9conomique avec les pays d\u2019Afrique, des Cara\u00efbes et du Pacifique \u2013 APEs). Car, ce que l\u2019Assembl\u00e9e nationale vient d\u2019affirmer pour l\u2019accord n\u00e9goci\u00e9 avec le Canada vaut pour tous ces autres accords n\u00e9goci\u00e9s dans le secret, sans mandat des peuples ou de leurs repr\u00e9sentants.<\/p>\n<p>Dans ce document accessible sur la toile (<a href=\"http:\/\/www.assemblee-nationale.fr\/14\/ta\/ta0428.asp\">http:\/\/www.assemblee-nationale.fr\/14\/ta\/ta0428.asp<\/a> ), la repr\u00e9sentation nationale fran\u00e7aise s\u2019exprime sur 5 points essentiels\u00a0:<span id=\"more-4031\"><\/span><\/p>\n<p><strong>1<\/strong>. Elle demande que le projet d\u2019accord UE-Canada soit consid\u00e9r\u00e9 comme un \u00ab\u00a0accord mixte\u00a0\u00bb, c\u2019est-\u00e0-dire un accord qui doit non seulement \u00eatre ratifi\u00e9 par le Parlement europ\u00e9en, mais \u00e9galement par chacun des 28 parlements nationaux. Rappelons qu\u2019en la mati\u00e8re, l\u2019unanimit\u00e9 est requise. Comme l\u2019accord avec le Canada est en tous points identique au mandat europ\u00e9en pour l\u2019accord avec les USA, cette exigence vaut \u00e9galement pour ce dernier si la n\u00e9gociation aboutit. Elle s\u2019applique \u00e9galement \u00e0 la ratification des<a class=\"st_tag internal_tag\" title=\"Posts tagged with APE\" href=\"http:\/\/www.jennar.fr\/?tag=ape\">APE<\/a>.<\/p>\n<p><strong>2<\/strong>. Elle demande que ce projet d\u2019accord ne puisse remettre en cause l\u2019article 191 du TFUE (trait\u00e9 sur le fonctionnement de l\u2019UE) en ce qui concerne la port\u00e9e et l\u2019invocation du principe de pr\u00e9caution. Or, c\u2019est bien la cons\u00e9quence redout\u00e9e de nombreuses dispositions de ce projet d\u2019accord avec le Canada comme du mandat europ\u00e9en de n\u00e9gociation pour l\u2019accord avec les USA.<\/p>\n<p><strong>3<\/strong>. Elle s\u2019oppose \u00e0 ce que les dispositions relatives aux organismes g\u00e9n\u00e9tiquement modifi\u00e9s dans cet accord UE-Canada soient contraires \u00e0 la r\u00e9glementation europ\u00e9enne en la mati\u00e8re. Cela vaut \u00e9galement pour le mandat europ\u00e9en de la n\u00e9gociation UE-USA.<\/p>\n<p><strong>4<\/strong>. Elle demande que soit d\u00e9fini avec pr\u00e9cision le mandat du processus de coop\u00e9ration r\u00e9glementaire lui aussi pr\u00e9vu dans le mandat de n\u00e9gociation avec les USA (article 43).<\/p>\n<p><strong>5<\/strong>. Elle s\u2019oppose \u00e0 tout m\u00e9canisme d\u2019arbitrage des diff\u00e9rends et demande la r\u00e9vision des chapitres de l\u2019accord UE-Canada \u00e0 ce propos. Ce qui signifie \u00e0 la fois une exigence de ren\u00e9gociation avec le Canada et un rejet des articles 23, 32 et 45 du mandat europ\u00e9en pour la n\u00e9gociation UE-USA.<\/p>\n<p>Certes, on aurait pr\u00e9f\u00e9r\u00e9 que l\u2019Assembl\u00e9e nationale rejette en bloc un accord n\u00e9goci\u00e9 dans le plus grand secret qui conduit \u00e0 la mort de la souverainet\u00e9 populaire et au transfert du gouvernement des humains aux firmes transnationales. Mais les exigences formul\u00e9es dans cette R\u00e9solution rendent, \u00e0 terme, ce rejet possible.<\/p>\n<p>Si on compare cette R\u00e9solution avec celle vot\u00e9e en mai dernier \u00e0 propos de la n\u00e9gociation avec les USA, on mesure le progr\u00e8s accompli, c\u2019est-\u00e0-dire l\u2019impact des mobilisations n\u00e9es d\u2019une prise de conscience grandissante dans la population des dangers majeurs de ce genre d\u2019accords dits de libre-\u00e9change.<\/p>\n<p>Ceci doit nous encourager \u00e0 pers\u00e9v\u00e9rer. Il faut que davantage de Fran\u00e7aises et de Fran\u00e7ais soient inform\u00e9s, sensibilis\u00e9s, convaincus de la n\u00e9cessit\u00e9 et de l\u2019utilit\u00e9 de la r\u00e9sistance. Il faut que la pression sur les \u00e9lus locaux, nationaux et europ\u00e9ens soit plus vive encore. L\u2019initiative citoyenne europ\u00e9enne volontaire qui a recueilli plus d\u2019un million de signatures doit maintenant se donner l\u2019objectif des deux millions et c\u2019est en France qu\u2019un effort plus grand doit \u00eatre accompli \u00e0 cet \u00e9gard. Si vous ne l\u2019avez fait, signez\u00a0! (<a href=\"https:\/\/stop-ttip.org\/fr\/signer\/?noredirect=fr_FR\">https:\/\/stop-ttip.org\/fr\/signer\/?noredirect=fr_FR<\/a> ). Les collectivit\u00e9s territoriales qui r\u00e9clament l\u2019arr\u00eat de ces n\u00e9gociations ou le retrait du soutien des la France \u00e0 celles-ci doivent devenir de plus en plus nombreuses.<\/p>\n<p>La r\u00e9sistance produit ses effets.<\/p>\n<p>Source :\u00a0<a href=\"http:\/\/www.jennar.fr\/?p=4031\">http:\/\/www.jennar.fr\/?p=4031<\/a><\/p>\n","protected":false},"excerpt":{"rendered":"<p>Le 23 novembre dernier, l\u2019Assembl\u00e9e nationale a adopt\u00e9 une R\u00e9solution dont l\u2019importance ne peut \u00e9chapper aux citoyennes et aux citoyens qui, en France, mais aussi dans un grand nombre de pays d\u2019Europe, sont oppos\u00e9s \u00e0 l\u2019accord avec le Canada (CETA&hellip;<\/p>\n","protected":false},"author":946,"featured_media":153582,"comment_status":"closed","ping_status":"open","sticky":false,"template":"","format":"standard","meta":{"footnotes":""},"categories":[87,100,85,40,163],"tags":[14920,7344,7961,6803,6622],"class_list":["post-153577","post","type-post","status-publish","format-standard","has-post-thumbnail","hentry","category-amerique-du-nord","category-economie","category-europe-fr","category-international-fr","category-opinion-fr","tag-accord-ue-canada","tag-ceta","tag-grand-marche-transatlantique","tag-tafta","tag-ttip"],"yoast_head":"<!-- This site is optimized with the Yoast SEO plugin v27.1.1 - https:\/\/yoast.com\/product\/yoast-seo-wordpress\/ -->\n<title>Projet d\u2019accord UE-Canada : des choix importants de l\u2019Assembl\u00e9e nationale qui valent pour le GMT\/TAFTA et les APEs<\/title>\n<meta name=\"description\" content=\"Le 23 novembre dernier, l\u2019Assembl\u00e9e nationale a adopt\u00e9 une R\u00e9solution dont l\u2019importance ne peut \u00e9chapper aux citoyennes et aux citoyens qui, en France,\" \/>\n<meta name=\"robots\" content=\"index, follow, max-snippet:-1, max-image-preview:large, max-video-preview:-1\" \/>\n<link rel=\"canonical\" href=\"https:\/\/www.pressenza.com\/fr\/2014\/12\/projet-daccord-ue-canada-des-choix-importants-de-lassemblee-nationale-qui-valent-pour-le-gmttafta-et-les-apes\/\" \/>\n<meta property=\"og:locale\" content=\"fr_FR\" \/>\n<meta property=\"og:type\" content=\"article\" \/>\n<meta property=\"og:title\" content=\"Projet d\u2019accord UE-Canada : des choix importants de l\u2019Assembl\u00e9e nationale qui valent pour le GMT\/TAFTA et les APEs\" \/>\n<meta property=\"og:description\" content=\"Le 23 novembre dernier, l\u2019Assembl\u00e9e nationale a adopt\u00e9 une R\u00e9solution dont l\u2019importance ne peut \u00e9chapper aux citoyennes et aux citoyens qui, en France,\" \/>\n<meta property=\"og:url\" content=\"https:\/\/www.pressenza.com\/fr\/2014\/12\/projet-daccord-ue-canada-des-choix-importants-de-lassemblee-nationale-qui-valent-pour-le-gmttafta-et-les-apes\/\" \/>\n<meta property=\"og:site_name\" content=\"Pressenza\" \/>\n<meta property=\"article:publisher\" content=\"https:\/\/www.facebook.com\/PressenzaItalia\" \/>\n<meta property=\"article:published_time\" content=\"2014-12-17T21:45:14+00:00\" \/>\n<meta property=\"og:image\" content=\"https:\/\/www.pressenza.com\/wp-content\/uploads\/2014\/12\/Projet-d---accord-UE-Canada.jpg\" \/>\n\t<meta property=\"og:image:width\" content=\"800\" \/>\n\t<meta property=\"og:image:height\" content=\"600\" \/>\n\t<meta property=\"og:image:type\" content=\"image\/jpeg\" \/>\n<meta name=\"author\" content=\"Raoul Marc Jennar\" \/>\n<meta name=\"twitter:card\" content=\"summary_large_image\" \/>\n<meta name=\"twitter:creator\" content=\"@PressenzaIPA\" \/>\n<meta name=\"twitter:site\" content=\"@PressenzaIPA\" \/>\n<meta name=\"twitter:label1\" content=\"\u00c9crit par\" \/>\n\t<meta name=\"twitter:data1\" content=\"Raoul Marc Jennar\" \/>\n\t<meta name=\"twitter:label2\" content=\"Dur\u00e9e de lecture estim\u00e9e\" \/>\n\t<meta name=\"twitter:data2\" content=\"4 minutes\" \/>\n<script type=\"application\/ld+json\" class=\"yoast-schema-graph\">{\"@context\":\"https:\/\/schema.org\",\"@graph\":[{\"@type\":\"Article\",\"@id\":\"https:\/\/www.pressenza.com\/fr\/2014\/12\/projet-daccord-ue-canada-des-choix-importants-de-lassemblee-nationale-qui-valent-pour-le-gmttafta-et-les-apes\/#article\",\"isPartOf\":{\"@id\":\"https:\/\/www.pressenza.com\/fr\/2014\/12\/projet-daccord-ue-canada-des-choix-importants-de-lassemblee-nationale-qui-valent-pour-le-gmttafta-et-les-apes\/\"},\"author\":{\"name\":\"Raoul Marc Jennar\",\"@id\":\"https:\/\/www.pressenza.com\/fr\/#\/schema\/person\/b4135d12e6152af637ffb2a0226afa90\"},\"headline\":\"Projet d\u2019accord UE-Canada : des choix importants de l\u2019Assembl\u00e9e nationale qui valent pour le GMT\/TAFTA et les APEs\",\"datePublished\":\"2014-12-17T21:45:14+00:00\",\"mainEntityOfPage\":{\"@id\":\"https:\/\/www.pressenza.com\/fr\/2014\/12\/projet-daccord-ue-canada-des-choix-importants-de-lassemblee-nationale-qui-valent-pour-le-gmttafta-et-les-apes\/\"},\"wordCount\":736,\"publisher\":{\"@id\":\"https:\/\/www.pressenza.com\/fr\/#organization\"},\"image\":{\"@id\":\"https:\/\/www.pressenza.com\/fr\/2014\/12\/projet-daccord-ue-canada-des-choix-importants-de-lassemblee-nationale-qui-valent-pour-le-gmttafta-et-les-apes\/#primaryimage\"},\"thumbnailUrl\":\"https:\/\/www.pressenza.com\/wp-content\/uploads\/2014\/12\/Projet-d---accord-UE-Canada.jpg\",\"keywords\":[\"Accord UE-Canada\",\"CETA\",\"grand march\u00e9 transatlantique\",\"TAFTA\",\"TTIP\"],\"articleSection\":[\"Am\u00e9rique du Nord\",\"Economie\",\"Europe\",\"International\",\"Opinion\"],\"inLanguage\":\"fr-FR\"},{\"@type\":\"WebPage\",\"@id\":\"https:\/\/www.pressenza.com\/fr\/2014\/12\/projet-daccord-ue-canada-des-choix-importants-de-lassemblee-nationale-qui-valent-pour-le-gmttafta-et-les-apes\/\",\"url\":\"https:\/\/www.pressenza.com\/fr\/2014\/12\/projet-daccord-ue-canada-des-choix-importants-de-lassemblee-nationale-qui-valent-pour-le-gmttafta-et-les-apes\/\",\"name\":\"Projet d\u2019accord UE-Canada : des choix importants de l\u2019Assembl\u00e9e nationale qui valent pour le GMT\/TAFTA et les APEs\",\"isPartOf\":{\"@id\":\"https:\/\/www.pressenza.com\/fr\/#website\"},\"primaryImageOfPage\":{\"@id\":\"https:\/\/www.pressenza.com\/fr\/2014\/12\/projet-daccord-ue-canada-des-choix-importants-de-lassemblee-nationale-qui-valent-pour-le-gmttafta-et-les-apes\/#primaryimage\"},\"image\":{\"@id\":\"https:\/\/www.pressenza.com\/fr\/2014\/12\/projet-daccord-ue-canada-des-choix-importants-de-lassemblee-nationale-qui-valent-pour-le-gmttafta-et-les-apes\/#primaryimage\"},\"thumbnailUrl\":\"https:\/\/www.pressenza.com\/wp-content\/uploads\/2014\/12\/Projet-d---accord-UE-Canada.jpg\",\"datePublished\":\"2014-12-17T21:45:14+00:00\",\"description\":\"Le 23 novembre dernier, l\u2019Assembl\u00e9e nationale a adopt\u00e9 une R\u00e9solution dont l\u2019importance ne peut \u00e9chapper aux citoyennes et aux citoyens qui, en France,\",\"breadcrumb\":{\"@id\":\"https:\/\/www.pressenza.com\/fr\/2014\/12\/projet-daccord-ue-canada-des-choix-importants-de-lassemblee-nationale-qui-valent-pour-le-gmttafta-et-les-apes\/#breadcrumb\"},\"inLanguage\":\"fr-FR\",\"potentialAction\":[{\"@type\":\"ReadAction\",\"target\":[\"https:\/\/www.pressenza.com\/fr\/2014\/12\/projet-daccord-ue-canada-des-choix-importants-de-lassemblee-nationale-qui-valent-pour-le-gmttafta-et-les-apes\/\"]}]},{\"@type\":\"ImageObject\",\"inLanguage\":\"fr-FR\",\"@id\":\"https:\/\/www.pressenza.com\/fr\/2014\/12\/projet-daccord-ue-canada-des-choix-importants-de-lassemblee-nationale-qui-valent-pour-le-gmttafta-et-les-apes\/#primaryimage\",\"url\":\"https:\/\/www.pressenza.com\/wp-content\/uploads\/2014\/12\/Projet-d---accord-UE-Canada.jpg\",\"contentUrl\":\"https:\/\/www.pressenza.com\/wp-content\/uploads\/2014\/12\/Projet-d---accord-UE-Canada.jpg\",\"width\":800,\"height\":600},{\"@type\":\"BreadcrumbList\",\"@id\":\"https:\/\/www.pressenza.com\/fr\/2014\/12\/projet-daccord-ue-canada-des-choix-importants-de-lassemblee-nationale-qui-valent-pour-le-gmttafta-et-les-apes\/#breadcrumb\",\"itemListElement\":[{\"@type\":\"ListItem\",\"position\":1,\"name\":\"Accueil\",\"item\":\"https:\/\/www.pressenza.com\/fr\/\"},{\"@type\":\"ListItem\",\"position\":2,\"name\":\"Projet d\u2019accord UE-Canada : des choix importants de l\u2019Assembl\u00e9e nationale qui valent pour le GMT\/TAFTA et les APEs\"}]},{\"@type\":\"WebSite\",\"@id\":\"https:\/\/www.pressenza.com\/fr\/#website\",\"url\":\"https:\/\/www.pressenza.com\/fr\/\",\"name\":\"Pressenza\",\"description\":\"International Press Agency\",\"publisher\":{\"@id\":\"https:\/\/www.pressenza.com\/fr\/#organization\"},\"potentialAction\":[{\"@type\":\"SearchAction\",\"target\":{\"@type\":\"EntryPoint\",\"urlTemplate\":\"https:\/\/www.pressenza.com\/fr\/?s={search_term_string}\"},\"query-input\":{\"@type\":\"PropertyValueSpecification\",\"valueRequired\":true,\"valueName\":\"search_term_string\"}}],\"inLanguage\":\"fr-FR\"},{\"@type\":\"Organization\",\"@id\":\"https:\/\/www.pressenza.com\/fr\/#organization\",\"name\":\"Pressenza\",\"url\":\"https:\/\/www.pressenza.com\/fr\/\",\"logo\":{\"@type\":\"ImageObject\",\"inLanguage\":\"fr-FR\",\"@id\":\"https:\/\/www.pressenza.com\/fr\/#\/schema\/logo\/image\/\",\"url\":\"https:\/\/www.pressenza.com\/wp-content\/uploads\/2022\/10\/pressenza_logo_200x200.jpg\",\"contentUrl\":\"https:\/\/www.pressenza.com\/wp-content\/uploads\/2022\/10\/pressenza_logo_200x200.jpg\",\"width\":200,\"height\":200,\"caption\":\"Pressenza\"},\"image\":{\"@id\":\"https:\/\/www.pressenza.com\/fr\/#\/schema\/logo\/image\/\"},\"sameAs\":[\"https:\/\/www.facebook.com\/PressenzaItalia\",\"https:\/\/x.com\/PressenzaIPA\"]},{\"@type\":\"Person\",\"@id\":\"https:\/\/www.pressenza.com\/fr\/#\/schema\/person\/b4135d12e6152af637ffb2a0226afa90\",\"name\":\"Raoul Marc Jennar\",\"description\":\"Raoul-Marc Jennar est un essayiste belge, sp\u00e9cialiste de politique internationale notamment en ce qui concerne l'Europe mais aussi le Cambodge. Il est docteur en science politique, dipl\u00f4m\u00e9 des universit\u00e9s belge et fran\u00e7aise. Militant politique.\",\"sameAs\":[\"http:\/\/www.jennar.fr\"],\"url\":\"https:\/\/www.pressenza.com\/fr\/author\/raoul-marc-jennar\/\"}]}<\/script>\n<!-- \/ Yoast SEO plugin. -->","yoast_head_json":{"title":"Projet d\u2019accord UE-Canada : des choix importants de l\u2019Assembl\u00e9e nationale qui valent pour le GMT\/TAFTA et les APEs","description":"Le 23 novembre dernier, l\u2019Assembl\u00e9e nationale a adopt\u00e9 une R\u00e9solution dont l\u2019importance ne peut \u00e9chapper aux citoyennes et aux citoyens qui, en France,","robots":{"index":"index","follow":"follow","max-snippet":"max-snippet:-1","max-image-preview":"max-image-preview:large","max-video-preview":"max-video-preview:-1"},"canonical":"https:\/\/www.pressenza.com\/fr\/2014\/12\/projet-daccord-ue-canada-des-choix-importants-de-lassemblee-nationale-qui-valent-pour-le-gmttafta-et-les-apes\/","og_locale":"fr_FR","og_type":"article","og_title":"Projet d\u2019accord UE-Canada : des choix importants de l\u2019Assembl\u00e9e nationale qui valent pour le GMT\/TAFTA et les APEs","og_description":"Le 23 novembre dernier, l\u2019Assembl\u00e9e nationale a adopt\u00e9 une R\u00e9solution dont l\u2019importance ne peut \u00e9chapper aux citoyennes et aux citoyens qui, en France,","og_url":"https:\/\/www.pressenza.com\/fr\/2014\/12\/projet-daccord-ue-canada-des-choix-importants-de-lassemblee-nationale-qui-valent-pour-le-gmttafta-et-les-apes\/","og_site_name":"Pressenza","article_publisher":"https:\/\/www.facebook.com\/PressenzaItalia","article_published_time":"2014-12-17T21:45:14+00:00","og_image":[{"width":800,"height":600,"url":"https:\/\/www.pressenza.com\/wp-content\/uploads\/2014\/12\/Projet-d---accord-UE-Canada.jpg","type":"image\/jpeg"}],"author":"Raoul Marc Jennar","twitter_card":"summary_large_image","twitter_creator":"@PressenzaIPA","twitter_site":"@PressenzaIPA","twitter_misc":{"\u00c9crit par":"Raoul Marc Jennar","Dur\u00e9e de lecture estim\u00e9e":"4 minutes"},"schema":{"@context":"https:\/\/schema.org","@graph":[{"@type":"Article","@id":"https:\/\/www.pressenza.com\/fr\/2014\/12\/projet-daccord-ue-canada-des-choix-importants-de-lassemblee-nationale-qui-valent-pour-le-gmttafta-et-les-apes\/#article","isPartOf":{"@id":"https:\/\/www.pressenza.com\/fr\/2014\/12\/projet-daccord-ue-canada-des-choix-importants-de-lassemblee-nationale-qui-valent-pour-le-gmttafta-et-les-apes\/"},"author":{"name":"Raoul Marc Jennar","@id":"https:\/\/www.pressenza.com\/fr\/#\/schema\/person\/b4135d12e6152af637ffb2a0226afa90"},"headline":"Projet d\u2019accord UE-Canada : des choix importants de l\u2019Assembl\u00e9e nationale qui valent pour le GMT\/TAFTA et les APEs","datePublished":"2014-12-17T21:45:14+00:00","mainEntityOfPage":{"@id":"https:\/\/www.pressenza.com\/fr\/2014\/12\/projet-daccord-ue-canada-des-choix-importants-de-lassemblee-nationale-qui-valent-pour-le-gmttafta-et-les-apes\/"},"wordCount":736,"publisher":{"@id":"https:\/\/www.pressenza.com\/fr\/#organization"},"image":{"@id":"https:\/\/www.pressenza.com\/fr\/2014\/12\/projet-daccord-ue-canada-des-choix-importants-de-lassemblee-nationale-qui-valent-pour-le-gmttafta-et-les-apes\/#primaryimage"},"thumbnailUrl":"https:\/\/www.pressenza.com\/wp-content\/uploads\/2014\/12\/Projet-d---accord-UE-Canada.jpg","keywords":["Accord UE-Canada","CETA","grand march\u00e9 transatlantique","TAFTA","TTIP"],"articleSection":["Am\u00e9rique du Nord","Economie","Europe","International","Opinion"],"inLanguage":"fr-FR"},{"@type":"WebPage","@id":"https:\/\/www.pressenza.com\/fr\/2014\/12\/projet-daccord-ue-canada-des-choix-importants-de-lassemblee-nationale-qui-valent-pour-le-gmttafta-et-les-apes\/","url":"https:\/\/www.pressenza.com\/fr\/2014\/12\/projet-daccord-ue-canada-des-choix-importants-de-lassemblee-nationale-qui-valent-pour-le-gmttafta-et-les-apes\/","name":"Projet d\u2019accord UE-Canada : des choix importants de l\u2019Assembl\u00e9e nationale qui valent pour le GMT\/TAFTA et les APEs","isPartOf":{"@id":"https:\/\/www.pressenza.com\/fr\/#website"},"primaryImageOfPage":{"@id":"https:\/\/www.pressenza.com\/fr\/2014\/12\/projet-daccord-ue-canada-des-choix-importants-de-lassemblee-nationale-qui-valent-pour-le-gmttafta-et-les-apes\/#primaryimage"},"image":{"@id":"https:\/\/www.pressenza.com\/fr\/2014\/12\/projet-daccord-ue-canada-des-choix-importants-de-lassemblee-nationale-qui-valent-pour-le-gmttafta-et-les-apes\/#primaryimage"},"thumbnailUrl":"https:\/\/www.pressenza.com\/wp-content\/uploads\/2014\/12\/Projet-d---accord-UE-Canada.jpg","datePublished":"2014-12-17T21:45:14+00:00","description":"Le 23 novembre dernier, l\u2019Assembl\u00e9e nationale a adopt\u00e9 une R\u00e9solution dont l\u2019importance ne peut \u00e9chapper aux citoyennes et aux citoyens qui, en France,","breadcrumb":{"@id":"https:\/\/www.pressenza.com\/fr\/2014\/12\/projet-daccord-ue-canada-des-choix-importants-de-lassemblee-nationale-qui-valent-pour-le-gmttafta-et-les-apes\/#breadcrumb"},"inLanguage":"fr-FR","potentialAction":[{"@type":"ReadAction","target":["https:\/\/www.pressenza.com\/fr\/2014\/12\/projet-daccord-ue-canada-des-choix-importants-de-lassemblee-nationale-qui-valent-pour-le-gmttafta-et-les-apes\/"]}]},{"@type":"ImageObject","inLanguage":"fr-FR","@id":"https:\/\/www.pressenza.com\/fr\/2014\/12\/projet-daccord-ue-canada-des-choix-importants-de-lassemblee-nationale-qui-valent-pour-le-gmttafta-et-les-apes\/#primaryimage","url":"https:\/\/www.pressenza.com\/wp-content\/uploads\/2014\/12\/Projet-d---accord-UE-Canada.jpg","contentUrl":"https:\/\/www.pressenza.com\/wp-content\/uploads\/2014\/12\/Projet-d---accord-UE-Canada.jpg","width":800,"height":600},{"@type":"BreadcrumbList","@id":"https:\/\/www.pressenza.com\/fr\/2014\/12\/projet-daccord-ue-canada-des-choix-importants-de-lassemblee-nationale-qui-valent-pour-le-gmttafta-et-les-apes\/#breadcrumb","itemListElement":[{"@type":"ListItem","position":1,"name":"Accueil","item":"https:\/\/www.pressenza.com\/fr\/"},{"@type":"ListItem","position":2,"name":"Projet d\u2019accord UE-Canada : des choix importants de l\u2019Assembl\u00e9e nationale qui valent pour le GMT\/TAFTA et les APEs"}]},{"@type":"WebSite","@id":"https:\/\/www.pressenza.com\/fr\/#website","url":"https:\/\/www.pressenza.com\/fr\/","name":"Pressenza","description":"International Press Agency","publisher":{"@id":"https:\/\/www.pressenza.com\/fr\/#organization"},"potentialAction":[{"@type":"SearchAction","target":{"@type":"EntryPoint","urlTemplate":"https:\/\/www.pressenza.com\/fr\/?s={search_term_string}"},"query-input":{"@type":"PropertyValueSpecification","valueRequired":true,"valueName":"search_term_string"}}],"inLanguage":"fr-FR"},{"@type":"Organization","@id":"https:\/\/www.pressenza.com\/fr\/#organization","name":"Pressenza","url":"https:\/\/www.pressenza.com\/fr\/","logo":{"@type":"ImageObject","inLanguage":"fr-FR","@id":"https:\/\/www.pressenza.com\/fr\/#\/schema\/logo\/image\/","url":"https:\/\/www.pressenza.com\/wp-content\/uploads\/2022\/10\/pressenza_logo_200x200.jpg","contentUrl":"https:\/\/www.pressenza.com\/wp-content\/uploads\/2022\/10\/pressenza_logo_200x200.jpg","width":200,"height":200,"caption":"Pressenza"},"image":{"@id":"https:\/\/www.pressenza.com\/fr\/#\/schema\/logo\/image\/"},"sameAs":["https:\/\/www.facebook.com\/PressenzaItalia","https:\/\/x.com\/PressenzaIPA"]},{"@type":"Person","@id":"https:\/\/www.pressenza.com\/fr\/#\/schema\/person\/b4135d12e6152af637ffb2a0226afa90","name":"Raoul Marc Jennar","description":"Raoul-Marc Jennar est un essayiste belge, sp\u00e9cialiste de politique internationale notamment en ce qui concerne l'Europe mais aussi le Cambodge. Il est docteur en science politique, dipl\u00f4m\u00e9 des universit\u00e9s belge et fran\u00e7aise. Militant politique.","sameAs":["http:\/\/www.jennar.fr"],"url":"https:\/\/www.pressenza.com\/fr\/author\/raoul-marc-jennar\/"}]}},"place":"","original_article_url":"http:\/\/www.jennar.fr\/?p=4031","_links":{"self":[{"href":"https:\/\/www.pressenza.com\/fr\/wp-json\/wp\/v2\/posts\/153577","targetHints":{"allow":["GET"]}}],"collection":[{"href":"https:\/\/www.pressenza.com\/fr\/wp-json\/wp\/v2\/posts"}],"about":[{"href":"https:\/\/www.pressenza.com\/fr\/wp-json\/wp\/v2\/types\/post"}],"author":[{"embeddable":true,"href":"https:\/\/www.pressenza.com\/fr\/wp-json\/wp\/v2\/users\/946"}],"replies":[{"embeddable":true,"href":"https:\/\/www.pressenza.com\/fr\/wp-json\/wp\/v2\/comments?post=153577"}],"version-history":[{"count":0,"href":"https:\/\/www.pressenza.com\/fr\/wp-json\/wp\/v2\/posts\/153577\/revisions"}],"wp:featuredmedia":[{"embeddable":true,"href":"https:\/\/www.pressenza.com\/fr\/wp-json\/wp\/v2\/media\/153582"}],"wp:attachment":[{"href":"https:\/\/www.pressenza.com\/fr\/wp-json\/wp\/v2\/media?parent=153577"}],"wp:term":[{"taxonomy":"category","embeddable":true,"href":"https:\/\/www.pressenza.com\/fr\/wp-json\/wp\/v2\/categories?post=153577"},{"taxonomy":"post_tag","embeddable":true,"href":"https:\/\/www.pressenza.com\/fr\/wp-json\/wp\/v2\/tags?post=153577"}],"curies":[{"name":"wp","href":"https:\/\/api.w.org\/{rel}","templated":true}]}}