{"id":1521427,"date":"2022-02-15T09:53:11","date_gmt":"2022-02-15T09:53:11","guid":{"rendered":"https:\/\/www.pressenza.com\/?p=1521427"},"modified":"2022-02-15T14:18:46","modified_gmt":"2022-02-15T14:18:46","slug":"sondage-sur-la-presidentielle-de-2022","status":"publish","type":"post","link":"https:\/\/www.pressenza.com\/fr\/2022\/02\/sondage-sur-la-presidentielle-de-2022\/","title":{"rendered":"Sondage sur la pr\u00e9sidentielle de 2022"},"content":{"rendered":"<p><em>Par Camilo Morales<\/em><\/p>\n<p>Le 25 janvier 2022, j\u2019ai voulu faire un sondage anonyme pour mesurer les tendances li\u00e9es \u00e0 la pr\u00e9sidentielle qui arrive en avril. Mon sondage a recueilli 203 participants qui ont tous donn\u00e9 leur point de vue. Ce sondage avait en son sein une vingtaine de questions dont des questions sur le vote blanc, pour qui les gens allaient voter, s\u2019ils \u00e9taient abstentionnistes, mais \u00e9galement des questions sur les m\u00e9dias et leur impartialit\u00e9.<\/p>\n<p><b>La question du vote<\/b><\/p>\n<p>Ce sondage repr\u00e9sente une majorit\u00e9 de jeunes, entre 18 et 25 ans, avec 145 personnes. Sur les 203 r\u00e9ponses, il y a \u00e9galement une majorit\u00e9 de femmes (55,7%). Je constate \u00e9galement une forte envie de mobilisation pour les \u00e9lections pr\u00e9sidentielles, avec 95% des personnes interrog\u00e9es qui pensent aller voter, ce qui est encourageant vu la proportion croissante d&rsquo;abstentionnistes pour chaque \u00e9lection. De plus, seulement 19,1% des personnes interrog\u00e9es pensent voter blanc, ce qui montre qu\u2019un certain nombre de citoyens ne se retrouve pas dans les programmes politiques propos\u00e9s par les candidats. Au sujet du vote blanc, 89,5% pensent que celui-ci doit \u00eatre pris en compte, ce qui montre un affect particulier de la population pour un changement politique majeur, celui d\u2019une meilleur repr\u00e9sentativit\u00e9 du chef de l\u2019Etat. Les citoyens ne veulent plus que le Pr\u00e9sident ne repr\u00e9sente qu\u2019une partie des fran\u00e7ais.<\/p>\n<p>La prochaine question traitait du candidat, pour qui les citoyens pensaient voter ? J\u2019ai donc fait une liste avec les candidats d\u00e9clar\u00e9s et le Pr\u00e9sident qui ne s\u2019est toujours pas d\u00e9clar\u00e9. Il y a dans ma liste, M\u00e9lenchon, Jadot, Le Pen, Zemmour, Macron, P\u00e9cresse, Poutou, Lasalle, Dupont-Aignan, Hidalgo et Roussel. J\u2019ai d\u00e9cid\u00e9 de ne pas mettre la candidate Taubira car le r\u00e9sultat de la Primaire populaire n\u2019\u00e9tait pas encore sorti quand j\u2019ai organis\u00e9 ce sondage.<\/p>\n<p>Parmi les 203 r\u00e9ponses, 164 ont d\u00e9cid\u00e9 de r\u00e9pondre \u00e0 cette question. Macron arrive premier avec 25,6% des intentions de vote, vient en deuxi\u00e8me M\u00e9lenchon avec 20,7%, puis Jadot avec 12,2%, Zemmour avec 11%, Poutou avec 7,9%, P\u00e9cresse et Le Pen a \u00e9galit\u00e9 avec 6,7%. On retrouve enfin les derniers candidats que sont Hidalgo, Lasalle, Roussel et Dupont-Aignan avec respectivement 4,3%, 1,8%, 1,8% et 1,2%. Au sujet de l&rsquo;abstention, je remarque que la majorit\u00e9 des abstentionnistes le sont car aucun candidat ne correspond \u00e0 leur vision du monde, les candidats manquent de cr\u00e9dibilit\u00e9, un manque de confiance envers les personnages politiques. De plus, je remarque que les gens ne veulent plus faire barrage \u00e0 l\u2019extr\u00eame droite, s\u00fbrement d\u00e9\u00e7u du quinquennat de Macron, qui a \u00e9t\u00e9 port\u00e9 au pouvoir contre Le Pen mais qui n\u2019a pas satisfait les citoyens.<\/p>\n<p>Ensuite, ma prochaine question portait sur la raison du vote, le vote se portera-t-il pour le programme ou pour le candidat ? 86,3% des votants vont d\u00e9cider de voter pour le programme, tandis que 34% veulent voter pour le candidat.<\/p>\n<p>Au sujet des programmes, les sond\u00e9s pouvaient choisir les diff\u00e9rentes mesures (sociales, \u00e9conomiques, migratoires, s\u00e9curitaires et \u00e9cologiques). Les th\u00e8mes principaux qui int\u00e9ressent les fran\u00e7ais sont donc les questions sociales, \u00e9conomiques et \u00e9cologiques, qui d\u00e9passent toutes plus de 50% des th\u00e8mes importants, tandis que les mesures migratoires et s\u00e9curitaires sont r\u00e9ellement minoritaires avec 22,1% et 29,7%. (Les sond\u00e9s avaient la possibilit\u00e9 de choisir les quatre th\u00e8mes principaux, c\u2019est pour cela que certains th\u00e8mes d\u00e9passent les 50%).<\/p>\n<p>Pour ce qui est du candidat Macron, qui a \u00e9t\u00e9 choisi par 42 personnes, la majorit\u00e9 des sond\u00e9s pensent que l\u2019important dans son programme (qui n\u2019a toujours pas \u00e9t\u00e9 d\u00e9voil\u00e9), les mesures \u00e9conomiques en premier, puis sociales en second et enfin \u00e9cologiques sont les th\u00e8mes qui feront voter pour lui. On peut penser que s\u2019il est r\u00e9\u00e9lu, il continuera d\u2019appliquer ses mesures \u00e9conomiques qui font d\u00e9bat chez les sp\u00e9cialistes, notamment la lib\u00e9ralisation du march\u00e9, avec une d\u00e9r\u00e9gulation \u00e9conomique et une privatisation continue.<\/p>\n<p>Pour le candidat M\u00e9lenchon, qui a \u00e9t\u00e9 choisi par 34 personnes, les th\u00e8mes principaux qui apparaissent sont les mesures sociales (1), \u00e9cologiques (2) et \u00e9conomiques. On peut penser que s\u2019il est \u00e9lu, il appliquera son programme \u201cL\u2019Avenir en Commun\u201d, avec une nouvelle Constitution qui fera davantage participer le peuple.<\/p>\n<p>Pour le candidat Jadot, choisi par 20 personnes, les th\u00e8mes principaux sont notamment les mesures \u00e9cologiques, au coude \u00e0 coude avec les mesures sociales puis \u00e9conomiques.<\/p>\n<p>Pour le candidat Zemmour, choisi par 18 personnes, les th\u00e8mes principaux qui ressortent sont les mesures migratoires et s\u00e9curitaires, puis \u00e9conomiques.<\/p>\n<p><b>La question des m\u00e9dias<\/b><\/p>\n<p>Suite aux questions sur le vote, j\u2019ai voulu aborder un th\u00e8me important, voir fondamental en p\u00e9riode \u00e9lectorale, la question des m\u00e9dias. En effet, nos opinions se forment en partie par la fa\u00e7on dont nous nous informons. Cette information est primordiale car plus on est inform\u00e9 sur le programme et le candidat, plus notre vote va \u00eatre r\u00e9fl\u00e9chi et va \u00eatre pris en \u00e2me et conscience. De plus, les \u00ab\u00a0fake news\u00a0\u00bb, les fausses informations, depuis le d\u00e9but de la pand\u00e9mie de Covid-19, se sont multipli\u00e9es sur les r\u00e9seaux sociaux. J\u2019ai donc demand\u00e9 aux citoyens par quels moyens s&rsquo;informent-ils et ce qu\u2019ils pensaient de cette couverture m\u00e9diatique : celle-ci est-elle bonne, mauvaise, partiale ou excellente ?<\/p>\n<p>Les sond\u00e9s s\u2019informent en majorit\u00e9 par les r\u00e9seaux sociaux, \u00e0 80,2%, mais \u00e9galement par la TV, a 64,9%. Viennent ensuite les journaux, \u00e0 42,1% puis la radio avec 35,1%. (Les sond\u00e9s pouvaient \u00e9galement choisir plusieurs moyens d\u2019informations.)<\/p>\n<p>Comme dit plut\u00f4t, la majorit\u00e9 des sond\u00e9s sont des jeunes de 18 \u00e0 25 ans, ce qui montre que cette g\u00e9n\u00e9ration s\u2019\u00e9carte de plus en plus des sources d\u2019information \u201ctraditionnelles\u201d telles que la radio ou les journaux. Cette g\u00e9n\u00e9ration regarde, commente l\u2019information sur les r\u00e9seaux sociaux, ce qui est une bonne chose si nous v\u00e9rifions les informations ou si nous les croisons avec d\u2019autres sources pour v\u00e9rifier si une information n\u2019est pas en r\u00e9alit\u00e9 une \u201cfake news\u201d. De plus, la TV est une bonne source d\u2019information pour les JT de 20h par exemple, mais si les citoyens regardent d\u2019autres cha\u00eenes, comme les cha\u00eenes d\u2019informations en continue, il faut faire attention au sensationnalisme de ces cha\u00eenes d\u2019information.<\/p>\n<p>Au sujet de la neutralit\u00e9 des m\u00e9dias, les personnes sond\u00e9s sont unanimes, la neutralit\u00e9 des m\u00e9dias n&rsquo;existe pas : \u201cles journalistes ne sont pas neutres\u201d, \u201cles petits candidats n\u2019ont pas de temps d\u2019antenne \u00e0 des heures de grande \u00e9coute, contrairement aux candidats pol\u00e9mistes\u201d, \u201ccertains m\u00e9dias ont des int\u00e9r\u00eats financiers derri\u00e8re, ce qui pousse \u00e0 la surm\u00e9diatisation de certains candidats\u201d. Cependant, certains sond\u00e9s voient la non neutralit\u00e9 d\u2019une mani\u00e8re int\u00e9ressante. En effet, pour certains, les m\u00e9dias ne sont par essence pas neutres, mais comme il existe diff\u00e9rents m\u00e9dias avec diff\u00e9rents points de vue politiques, les citoyens regardent les m\u00e9dias qui sont en accord avec leur point de vue, ce qui ne pose pas de probl\u00e8me. De plus, je note que certains sond\u00e9s remarquent une surm\u00e9diatisation de l\u2019extr\u00eame droite, notamment la figure de Zemmour car ce candidat \u201cfait vendre en pol\u00e9miquant \u00e0 longueur de journ\u00e9e\u201d.<\/p>\n<p>De plus, certains passages d\u2019\u00e9mission TV sont diffus\u00e9s sur les r\u00e9seaux sociaux, et pour 87,6% des sond\u00e9s, ces extraits ne suffisent pas pour se forger une opinion, tandis que 8,9% estiment que ces extraits n\u2019ont pas d\u2019importance sur le choix de vote. D\u2019ailleurs, 89,1% des sond\u00e9s pensent qu\u2019il faut davantage mettre en avant les programmes politiques. Pour les sond\u00e9s qui ne se sentent pas assez inform\u00e9s, ils rapportent eux-m\u00eames que la recherche et la lecture des programmes pourrait permettre un meilleur choix de candidats. Certains rapportent que les \u00e9lecteurs sont d\u00e9courag\u00e9s \u00e0 la lecture de programmes trop complexes et qu\u2019il n\u2019existe pas de comparateur pour permettre une d\u00e9cision. Un autre sond\u00e9 aimerait savoir qui finance les candidats pour savoir s\u2019ils sont influenc\u00e9s par les grands groupes industriels ou financiers. Ils sugg\u00e8rent \u00e9galement de regarder des\u00a0 \u00e9missions TV de d\u00e9bat entre candidats sans journalistes car ils ont forc\u00e9ment un parti pris.<\/p>\n<p>Par exemple, le meeting de candidat est une bonne fa\u00e7on de s\u2019informer car le candidat d\u00e9roule ses propositions. Cependant, ce format est peu suivi par les sond\u00e9s car seulement 16,3% ont d\u00e9j\u00e0 assist\u00e9 \u00e0 un meeting, tandis que 39,4% ont d\u00e9j\u00e0 assist\u00e9 \u00e0 un meeting sur les r\u00e9seaux sociaux ou \u00e0 la TV.<\/p>\n<p><b>La culture familiale du vote<\/b><\/p>\n<p>Pour ma derni\u00e8re partie, j\u2019ai voulu conna\u00eetre la culture politique de la famille des sond\u00e9s, est-ce que ceux-ci ont une culture politique dans leur famille ? Pensent-ils que cette culture influence le choix du vote ? Ou encore si l\u2019appartenance \u00e0 une certaine cat\u00e9gorie socio-professionnelle influence leur vote ?<\/p>\n<p>Tout d\u2019abord, je remarque que les r\u00e9sultats sont quasiment identiques sur la question de la culture politique familiale. En effet, 52,2% des sond\u00e9s ont une culture politique dans leur famille. Cela peut se traduire par un engagement particulier dans une organisation politique, syndicale ou associative, o\u00f9 encore plus simplement avoir des conversations qui parlent de politique.<\/p>\n<p>Cependant, seulement 34,4% pensent que cette culture familiale influence leur vote. Cette statistique est particuli\u00e8re car Pierre Bourdieu \u00e9nonce que la famille est souvent le groupe social auquel l\u2019individu se sent le plus li\u00e9. Le sond\u00e9 va donc avoir tendance, au moins pour les premi\u00e8res \u00e9lections, \u00e0 reproduire le comportement de vote de ses parents. Par la suite, avec le d\u00e9veloppement de \u201cl\u2019enfant\u201d, au fil de ses interactions sociales et donc, de ses diff\u00e9rentes exp\u00e9riences et groupes sociaux, \u201cl\u2019enfant\u201d va avoir tendance \u00e0 s\u2019\u00e9manciper des habitudes de ses parents. \u00c9tant donn\u00e9e que pour la plupart des sond\u00e9s, ce sera la premi\u00e8re, ou la deuxi\u00e8me \u00e9lection pr\u00e9sidentielle de leur vie, ce r\u00e9sultat est \u00e9tonnant. Cependant, la statistique suivante est logique. Cette statistique porte sur la conditionnalit\u00e9 du vote en fonction de la cat\u00e9gorie socio-professionnelle. En effet, 73,9% des sond\u00e9s estiment que l\u2019appartenance \u00e0 une certaine cat\u00e9gorie sociale influence leur vote, ce qui est logique avec les r\u00e9sultats de diverses \u00e9tudes sociologiques men\u00e9es par Pierre Bourdieu ou encore Durkheim.<\/p>\n<p>Et pour finir avec cet article, ma derni\u00e8re question portait sur la peur des sond\u00e9s quant au r\u00e9sultat de l\u2019\u00e9lection pr\u00e9sidentielle de 2022. Or, 69,5% des sond\u00e9s pensent avoir peur du futur quinquennat. Pour \u00e9viter cela, je ne peux que pr\u00e9coniser, aux lecteurs qui sont arriv\u00e9s au bout de l\u2019article, de se renseigner le plus possible sur les candidats qui les int\u00e9ressent, qu\u2019ils soient de droite, de gauche ou du centre, et de voter en votre \u00e2me et conscience. D\u2019un point de vue personnel, je pense que cette \u00e9lection sera fondamentale pour les temps qui arrivent et je vous encourage \u00e0 ne pas d\u00e9sesp\u00e9rer, \u00e0 motiver le plus de monde possible pour que le monde change.<\/p>\n","protected":false},"excerpt":{"rendered":"<p>Par Camilo Morales Le 25 janvier 2022, j\u2019ai voulu faire un sondage anonyme pour mesurer les tendances li\u00e9es \u00e0 la pr\u00e9sidentielle qui arrive en avril. Mon sondage a recueilli 203 participants qui ont tous donn\u00e9 leur point de vue. Ce&hellip;<\/p>\n","protected":false},"author":926,"featured_media":1521476,"comment_status":"closed","ping_status":"closed","sticky":false,"template":"","format":"standard","meta":{"footnotes":""},"categories":[11386,46977,93],"tags":[98075,1034,99303,99304],"class_list":["post-1521427","post","type-post","status-publish","format-standard","has-post-thumbnail","hentry","category-contenu-original","category-jeunes","category-politique","tag-2022-fr","tag-france-fr","tag-presidentielle","tag-sondage"],"yoast_head":"<!-- This site is optimized with the Yoast SEO plugin v27.1.1 - https:\/\/yoast.com\/product\/yoast-seo-wordpress\/ -->\n<title>Sondage sur la pr\u00e9sidentielle de 2022<\/title>\n<meta name=\"description\" content=\"Par Camilo Morales Le 25 janvier 2022, j\u2019ai voulu faire un sondage anonyme pour mesurer les tendances li\u00e9es \u00e0 la pr\u00e9sidentielle qui arrive en avril. Mon\" \/>\n<meta name=\"robots\" content=\"index, follow, max-snippet:-1, max-image-preview:large, max-video-preview:-1\" \/>\n<link rel=\"canonical\" href=\"https:\/\/www.pressenza.com\/fr\/2022\/02\/sondage-sur-la-presidentielle-de-2022\/\" \/>\n<meta property=\"og:locale\" content=\"fr_FR\" \/>\n<meta property=\"og:type\" content=\"article\" \/>\n<meta property=\"og:title\" content=\"Sondage sur la pr\u00e9sidentielle de 2022\" \/>\n<meta property=\"og:description\" content=\"Par Camilo Morales Le 25 janvier 2022, j\u2019ai voulu faire un sondage anonyme pour mesurer les tendances li\u00e9es \u00e0 la pr\u00e9sidentielle qui arrive en avril. Mon\" \/>\n<meta property=\"og:url\" content=\"https:\/\/www.pressenza.com\/fr\/2022\/02\/sondage-sur-la-presidentielle-de-2022\/\" \/>\n<meta property=\"og:site_name\" content=\"Pressenza\" \/>\n<meta property=\"article:publisher\" content=\"https:\/\/www.facebook.com\/PressenzaItalia\" \/>\n<meta property=\"article:published_time\" content=\"2022-02-15T09:53:11+00:00\" \/>\n<meta property=\"article:modified_time\" content=\"2022-02-15T14:18:46+00:00\" \/>\n<meta property=\"og:image\" content=\"https:\/\/www.pressenza.com\/wp-content\/uploads\/2022\/02\/Vote-2022-02-15-unsplash.png\" \/>\n\t<meta property=\"og:image:width\" content=\"820\" \/>\n\t<meta property=\"og:image:height\" content=\"546\" \/>\n\t<meta property=\"og:image:type\" content=\"image\/png\" \/>\n<meta name=\"author\" content=\"R\u00e9daction France\" \/>\n<meta name=\"twitter:card\" content=\"summary_large_image\" \/>\n<meta name=\"twitter:creator\" content=\"@PressenzaIPA\" \/>\n<meta name=\"twitter:site\" content=\"@PressenzaIPA\" \/>\n<meta name=\"twitter:label1\" content=\"\u00c9crit par\" \/>\n\t<meta name=\"twitter:data1\" content=\"R\u00e9daction France\" \/>\n\t<meta name=\"twitter:label2\" content=\"Dur\u00e9e de lecture estim\u00e9e\" \/>\n\t<meta name=\"twitter:data2\" content=\"9 minutes\" \/>\n<script type=\"application\/ld+json\" class=\"yoast-schema-graph\">{\"@context\":\"https:\/\/schema.org\",\"@graph\":[{\"@type\":\"Article\",\"@id\":\"https:\/\/www.pressenza.com\/fr\/2022\/02\/sondage-sur-la-presidentielle-de-2022\/#article\",\"isPartOf\":{\"@id\":\"https:\/\/www.pressenza.com\/fr\/2022\/02\/sondage-sur-la-presidentielle-de-2022\/\"},\"author\":{\"name\":\"R\u00e9daction France\",\"@id\":\"https:\/\/www.pressenza.com\/fr\/#\/schema\/person\/3c9fe6670cc2cffbd37562f87b98e869\"},\"headline\":\"Sondage sur la pr\u00e9sidentielle de 2022\",\"datePublished\":\"2022-02-15T09:53:11+00:00\",\"dateModified\":\"2022-02-15T14:18:46+00:00\",\"mainEntityOfPage\":{\"@id\":\"https:\/\/www.pressenza.com\/fr\/2022\/02\/sondage-sur-la-presidentielle-de-2022\/\"},\"wordCount\":1888,\"publisher\":{\"@id\":\"https:\/\/www.pressenza.com\/fr\/#organization\"},\"image\":{\"@id\":\"https:\/\/www.pressenza.com\/fr\/2022\/02\/sondage-sur-la-presidentielle-de-2022\/#primaryimage\"},\"thumbnailUrl\":\"https:\/\/www.pressenza.com\/wp-content\/uploads\/2022\/02\/Vote-2022-02-15-unsplash.png\",\"keywords\":[\"2022\",\"France\",\"Pr\u00e9sidentielle\",\"Sondage\"],\"articleSection\":[\"Contenu Original\",\"Jeunes\",\"Politique\"],\"inLanguage\":\"fr-FR\"},{\"@type\":\"WebPage\",\"@id\":\"https:\/\/www.pressenza.com\/fr\/2022\/02\/sondage-sur-la-presidentielle-de-2022\/\",\"url\":\"https:\/\/www.pressenza.com\/fr\/2022\/02\/sondage-sur-la-presidentielle-de-2022\/\",\"name\":\"Sondage sur la pr\u00e9sidentielle de 2022\",\"isPartOf\":{\"@id\":\"https:\/\/www.pressenza.com\/fr\/#website\"},\"primaryImageOfPage\":{\"@id\":\"https:\/\/www.pressenza.com\/fr\/2022\/02\/sondage-sur-la-presidentielle-de-2022\/#primaryimage\"},\"image\":{\"@id\":\"https:\/\/www.pressenza.com\/fr\/2022\/02\/sondage-sur-la-presidentielle-de-2022\/#primaryimage\"},\"thumbnailUrl\":\"https:\/\/www.pressenza.com\/wp-content\/uploads\/2022\/02\/Vote-2022-02-15-unsplash.png\",\"datePublished\":\"2022-02-15T09:53:11+00:00\",\"dateModified\":\"2022-02-15T14:18:46+00:00\",\"description\":\"Par Camilo Morales Le 25 janvier 2022, j\u2019ai voulu faire un sondage anonyme pour mesurer les tendances li\u00e9es \u00e0 la pr\u00e9sidentielle qui arrive en avril. Mon\",\"breadcrumb\":{\"@id\":\"https:\/\/www.pressenza.com\/fr\/2022\/02\/sondage-sur-la-presidentielle-de-2022\/#breadcrumb\"},\"inLanguage\":\"fr-FR\",\"potentialAction\":[{\"@type\":\"ReadAction\",\"target\":[\"https:\/\/www.pressenza.com\/fr\/2022\/02\/sondage-sur-la-presidentielle-de-2022\/\"]}]},{\"@type\":\"ImageObject\",\"inLanguage\":\"fr-FR\",\"@id\":\"https:\/\/www.pressenza.com\/fr\/2022\/02\/sondage-sur-la-presidentielle-de-2022\/#primaryimage\",\"url\":\"https:\/\/www.pressenza.com\/wp-content\/uploads\/2022\/02\/Vote-2022-02-15-unsplash.png\",\"contentUrl\":\"https:\/\/www.pressenza.com\/wp-content\/uploads\/2022\/02\/Vote-2022-02-15-unsplash.png\",\"width\":820,\"height\":546},{\"@type\":\"BreadcrumbList\",\"@id\":\"https:\/\/www.pressenza.com\/fr\/2022\/02\/sondage-sur-la-presidentielle-de-2022\/#breadcrumb\",\"itemListElement\":[{\"@type\":\"ListItem\",\"position\":1,\"name\":\"Accueil\",\"item\":\"https:\/\/www.pressenza.com\/fr\/\"},{\"@type\":\"ListItem\",\"position\":2,\"name\":\"Sondage sur la pr\u00e9sidentielle de 2022\"}]},{\"@type\":\"WebSite\",\"@id\":\"https:\/\/www.pressenza.com\/fr\/#website\",\"url\":\"https:\/\/www.pressenza.com\/fr\/\",\"name\":\"Pressenza\",\"description\":\"International Press Agency\",\"publisher\":{\"@id\":\"https:\/\/www.pressenza.com\/fr\/#organization\"},\"potentialAction\":[{\"@type\":\"SearchAction\",\"target\":{\"@type\":\"EntryPoint\",\"urlTemplate\":\"https:\/\/www.pressenza.com\/fr\/?s={search_term_string}\"},\"query-input\":{\"@type\":\"PropertyValueSpecification\",\"valueRequired\":true,\"valueName\":\"search_term_string\"}}],\"inLanguage\":\"fr-FR\"},{\"@type\":\"Organization\",\"@id\":\"https:\/\/www.pressenza.com\/fr\/#organization\",\"name\":\"Pressenza\",\"url\":\"https:\/\/www.pressenza.com\/fr\/\",\"logo\":{\"@type\":\"ImageObject\",\"inLanguage\":\"fr-FR\",\"@id\":\"https:\/\/www.pressenza.com\/fr\/#\/schema\/logo\/image\/\",\"url\":\"https:\/\/www.pressenza.com\/wp-content\/uploads\/2022\/10\/pressenza_logo_200x200.jpg\",\"contentUrl\":\"https:\/\/www.pressenza.com\/wp-content\/uploads\/2022\/10\/pressenza_logo_200x200.jpg\",\"width\":200,\"height\":200,\"caption\":\"Pressenza\"},\"image\":{\"@id\":\"https:\/\/www.pressenza.com\/fr\/#\/schema\/logo\/image\/\"},\"sameAs\":[\"https:\/\/www.facebook.com\/PressenzaItalia\",\"https:\/\/x.com\/PressenzaIPA\"]},{\"@type\":\"Person\",\"@id\":\"https:\/\/www.pressenza.com\/fr\/#\/schema\/person\/3c9fe6670cc2cffbd37562f87b98e869\",\"name\":\"R\u00e9daction France\",\"description\":\"News published by the Pressenza bureau in France\",\"sameAs\":[\"http:\/\/www.pressenza.com\/fr\"],\"url\":\"https:\/\/www.pressenza.com\/fr\/author\/redactionfrance\/\"}]}<\/script>\n<!-- \/ Yoast SEO plugin. -->","yoast_head_json":{"title":"Sondage sur la pr\u00e9sidentielle de 2022","description":"Par Camilo Morales Le 25 janvier 2022, j\u2019ai voulu faire un sondage anonyme pour mesurer les tendances li\u00e9es \u00e0 la pr\u00e9sidentielle qui arrive en avril. Mon","robots":{"index":"index","follow":"follow","max-snippet":"max-snippet:-1","max-image-preview":"max-image-preview:large","max-video-preview":"max-video-preview:-1"},"canonical":"https:\/\/www.pressenza.com\/fr\/2022\/02\/sondage-sur-la-presidentielle-de-2022\/","og_locale":"fr_FR","og_type":"article","og_title":"Sondage sur la pr\u00e9sidentielle de 2022","og_description":"Par Camilo Morales Le 25 janvier 2022, j\u2019ai voulu faire un sondage anonyme pour mesurer les tendances li\u00e9es \u00e0 la pr\u00e9sidentielle qui arrive en avril. Mon","og_url":"https:\/\/www.pressenza.com\/fr\/2022\/02\/sondage-sur-la-presidentielle-de-2022\/","og_site_name":"Pressenza","article_publisher":"https:\/\/www.facebook.com\/PressenzaItalia","article_published_time":"2022-02-15T09:53:11+00:00","article_modified_time":"2022-02-15T14:18:46+00:00","og_image":[{"width":820,"height":546,"url":"https:\/\/www.pressenza.com\/wp-content\/uploads\/2022\/02\/Vote-2022-02-15-unsplash.png","type":"image\/png"}],"author":"R\u00e9daction France","twitter_card":"summary_large_image","twitter_creator":"@PressenzaIPA","twitter_site":"@PressenzaIPA","twitter_misc":{"\u00c9crit par":"R\u00e9daction France","Dur\u00e9e de lecture estim\u00e9e":"9 minutes"},"schema":{"@context":"https:\/\/schema.org","@graph":[{"@type":"Article","@id":"https:\/\/www.pressenza.com\/fr\/2022\/02\/sondage-sur-la-presidentielle-de-2022\/#article","isPartOf":{"@id":"https:\/\/www.pressenza.com\/fr\/2022\/02\/sondage-sur-la-presidentielle-de-2022\/"},"author":{"name":"R\u00e9daction France","@id":"https:\/\/www.pressenza.com\/fr\/#\/schema\/person\/3c9fe6670cc2cffbd37562f87b98e869"},"headline":"Sondage sur la pr\u00e9sidentielle de 2022","datePublished":"2022-02-15T09:53:11+00:00","dateModified":"2022-02-15T14:18:46+00:00","mainEntityOfPage":{"@id":"https:\/\/www.pressenza.com\/fr\/2022\/02\/sondage-sur-la-presidentielle-de-2022\/"},"wordCount":1888,"publisher":{"@id":"https:\/\/www.pressenza.com\/fr\/#organization"},"image":{"@id":"https:\/\/www.pressenza.com\/fr\/2022\/02\/sondage-sur-la-presidentielle-de-2022\/#primaryimage"},"thumbnailUrl":"https:\/\/www.pressenza.com\/wp-content\/uploads\/2022\/02\/Vote-2022-02-15-unsplash.png","keywords":["2022","France","Pr\u00e9sidentielle","Sondage"],"articleSection":["Contenu Original","Jeunes","Politique"],"inLanguage":"fr-FR"},{"@type":"WebPage","@id":"https:\/\/www.pressenza.com\/fr\/2022\/02\/sondage-sur-la-presidentielle-de-2022\/","url":"https:\/\/www.pressenza.com\/fr\/2022\/02\/sondage-sur-la-presidentielle-de-2022\/","name":"Sondage sur la pr\u00e9sidentielle de 2022","isPartOf":{"@id":"https:\/\/www.pressenza.com\/fr\/#website"},"primaryImageOfPage":{"@id":"https:\/\/www.pressenza.com\/fr\/2022\/02\/sondage-sur-la-presidentielle-de-2022\/#primaryimage"},"image":{"@id":"https:\/\/www.pressenza.com\/fr\/2022\/02\/sondage-sur-la-presidentielle-de-2022\/#primaryimage"},"thumbnailUrl":"https:\/\/www.pressenza.com\/wp-content\/uploads\/2022\/02\/Vote-2022-02-15-unsplash.png","datePublished":"2022-02-15T09:53:11+00:00","dateModified":"2022-02-15T14:18:46+00:00","description":"Par Camilo Morales Le 25 janvier 2022, j\u2019ai voulu faire un sondage anonyme pour mesurer les tendances li\u00e9es \u00e0 la pr\u00e9sidentielle qui arrive en avril. Mon","breadcrumb":{"@id":"https:\/\/www.pressenza.com\/fr\/2022\/02\/sondage-sur-la-presidentielle-de-2022\/#breadcrumb"},"inLanguage":"fr-FR","potentialAction":[{"@type":"ReadAction","target":["https:\/\/www.pressenza.com\/fr\/2022\/02\/sondage-sur-la-presidentielle-de-2022\/"]}]},{"@type":"ImageObject","inLanguage":"fr-FR","@id":"https:\/\/www.pressenza.com\/fr\/2022\/02\/sondage-sur-la-presidentielle-de-2022\/#primaryimage","url":"https:\/\/www.pressenza.com\/wp-content\/uploads\/2022\/02\/Vote-2022-02-15-unsplash.png","contentUrl":"https:\/\/www.pressenza.com\/wp-content\/uploads\/2022\/02\/Vote-2022-02-15-unsplash.png","width":820,"height":546},{"@type":"BreadcrumbList","@id":"https:\/\/www.pressenza.com\/fr\/2022\/02\/sondage-sur-la-presidentielle-de-2022\/#breadcrumb","itemListElement":[{"@type":"ListItem","position":1,"name":"Accueil","item":"https:\/\/www.pressenza.com\/fr\/"},{"@type":"ListItem","position":2,"name":"Sondage sur la pr\u00e9sidentielle de 2022"}]},{"@type":"WebSite","@id":"https:\/\/www.pressenza.com\/fr\/#website","url":"https:\/\/www.pressenza.com\/fr\/","name":"Pressenza","description":"International Press Agency","publisher":{"@id":"https:\/\/www.pressenza.com\/fr\/#organization"},"potentialAction":[{"@type":"SearchAction","target":{"@type":"EntryPoint","urlTemplate":"https:\/\/www.pressenza.com\/fr\/?s={search_term_string}"},"query-input":{"@type":"PropertyValueSpecification","valueRequired":true,"valueName":"search_term_string"}}],"inLanguage":"fr-FR"},{"@type":"Organization","@id":"https:\/\/www.pressenza.com\/fr\/#organization","name":"Pressenza","url":"https:\/\/www.pressenza.com\/fr\/","logo":{"@type":"ImageObject","inLanguage":"fr-FR","@id":"https:\/\/www.pressenza.com\/fr\/#\/schema\/logo\/image\/","url":"https:\/\/www.pressenza.com\/wp-content\/uploads\/2022\/10\/pressenza_logo_200x200.jpg","contentUrl":"https:\/\/www.pressenza.com\/wp-content\/uploads\/2022\/10\/pressenza_logo_200x200.jpg","width":200,"height":200,"caption":"Pressenza"},"image":{"@id":"https:\/\/www.pressenza.com\/fr\/#\/schema\/logo\/image\/"},"sameAs":["https:\/\/www.facebook.com\/PressenzaItalia","https:\/\/x.com\/PressenzaIPA"]},{"@type":"Person","@id":"https:\/\/www.pressenza.com\/fr\/#\/schema\/person\/3c9fe6670cc2cffbd37562f87b98e869","name":"R\u00e9daction France","description":"News published by the Pressenza bureau in France","sameAs":["http:\/\/www.pressenza.com\/fr"],"url":"https:\/\/www.pressenza.com\/fr\/author\/redactionfrance\/"}]}},"place":"France","original_article_url":"","_links":{"self":[{"href":"https:\/\/www.pressenza.com\/fr\/wp-json\/wp\/v2\/posts\/1521427","targetHints":{"allow":["GET"]}}],"collection":[{"href":"https:\/\/www.pressenza.com\/fr\/wp-json\/wp\/v2\/posts"}],"about":[{"href":"https:\/\/www.pressenza.com\/fr\/wp-json\/wp\/v2\/types\/post"}],"author":[{"embeddable":true,"href":"https:\/\/www.pressenza.com\/fr\/wp-json\/wp\/v2\/users\/926"}],"replies":[{"embeddable":true,"href":"https:\/\/www.pressenza.com\/fr\/wp-json\/wp\/v2\/comments?post=1521427"}],"version-history":[{"count":0,"href":"https:\/\/www.pressenza.com\/fr\/wp-json\/wp\/v2\/posts\/1521427\/revisions"}],"wp:featuredmedia":[{"embeddable":true,"href":"https:\/\/www.pressenza.com\/fr\/wp-json\/wp\/v2\/media\/1521476"}],"wp:attachment":[{"href":"https:\/\/www.pressenza.com\/fr\/wp-json\/wp\/v2\/media?parent=1521427"}],"wp:term":[{"taxonomy":"category","embeddable":true,"href":"https:\/\/www.pressenza.com\/fr\/wp-json\/wp\/v2\/categories?post=1521427"},{"taxonomy":"post_tag","embeddable":true,"href":"https:\/\/www.pressenza.com\/fr\/wp-json\/wp\/v2\/tags?post=1521427"}],"curies":[{"name":"wp","href":"https:\/\/api.w.org\/{rel}","templated":true}]}}