{"id":1520322,"date":"2022-02-14T06:00:59","date_gmt":"2022-02-14T06:00:59","guid":{"rendered":"https:\/\/www.pressenza.com\/?p=1520322"},"modified":"2022-02-14T19:34:12","modified_gmt":"2022-02-14T19:34:12","slug":"a-paris-pas-de-convoi-mais-des-milliers-de-manifestants-pour-la-liberte","status":"publish","type":"post","link":"https:\/\/www.pressenza.com\/fr\/2022\/02\/a-paris-pas-de-convoi-mais-des-milliers-de-manifestants-pour-la-liberte\/","title":{"rendered":"\u00c0 Paris, pas de convoi mais des milliers de manifestants pour : la libert\u00e9"},"content":{"rendered":"<p>Pendant plusieurs semaines, ils s&rsquo;organisaient activement sur les r\u00e9seaux sociaux pour converger tous ensemble vers la capitale. Objectif : un Paris, comme Ottawa. Mais, ce Samedi 12 F\u00e9vrier, les voitures, camping-cars, camions et motos sont rest\u00e9s bloqu\u00e9s, pour la plupart, aux portes du boulevard p\u00e9riph\u00e9rique. Plusieurs ont pu duper les contr\u00f4les et bloquer une partie des Champs-Elys\u00e9e, malgr\u00e9 un rassemblement interdit par la pr\u00e9fecture de police.<\/p>\n<p>La manifestation, autoris\u00e9e et pr\u00e9vue par les gilets jaunes, s\u2019est \u00e9lanc\u00e9e quant \u00e0 elle \u00e0 14h, place d\u2019Italie.\u00a0\u00ab\u00a0Libert\u00e9, R\u00e9sistance\u00a0! \u00bb pouvions-nous entendre scander au sein du cort\u00e8ge, qui r\u00e9clame la suppression du pass vacinal.\u00a0Plusieurs portaient fi\u00e8rement sur leur blouson : \u00ab\u00a0je soutiens le convoi de la libert\u00e9\u00a0\u00bb. Le mouvement, apolitique et sans meneur, se voulait pacifique. La baisse des taxes, du prix de l&rsquo;essence, et une am\u00e9lioration globale des\u00a0retraites comptaient parmi les autres revendications.\u00a0 Vers 18h, la manifestation s\u2019est finie dans le calme, en chanson, \u00e0 la place de la Nation, sous le regard des nombreuses forces de l&rsquo;ordre\u00a0d\u00e9ploy\u00e9es toute l&rsquo;apr\u00e8s-midi.<\/p>\n<div class=\"post-gallery\">\n\t\t\t<figure class=\"post-gallery-item\">\n\t\t\t\t<img decoding=\"async\" src=\"https:\/\/www.pressenza.com\/wp-content\/uploads\/2022\/02\/DSC3610-820x547.jpg\" loading=\"lazy\">\n\t\t\t\t<figcaption>\n\t\t\t\t\t\n\t\t\t\t<\/figcaption>\n\t\t\t<\/figure>\n\t\t\t<figure class=\"post-gallery-item\">\n\t\t\t\t<img decoding=\"async\" src=\"https:\/\/www.pressenza.com\/wp-content\/uploads\/2022\/02\/DSC3606-820x547.jpg\" loading=\"lazy\">\n\t\t\t\t<figcaption>\n\t\t\t\t\t\n\t\t\t\t<\/figcaption>\n\t\t\t<\/figure>\n\t\t\t<figure class=\"post-gallery-item\">\n\t\t\t\t<img decoding=\"async\" src=\"https:\/\/www.pressenza.com\/wp-content\/uploads\/2022\/02\/DSC3572-820x547.jpg\" loading=\"lazy\">\n\t\t\t\t<figcaption>\n\t\t\t\t\t\n\t\t\t\t<\/figcaption>\n\t\t\t<\/figure>\n\t\t\t<figure class=\"post-gallery-item\">\n\t\t\t\t<img decoding=\"async\" src=\"https:\/\/www.pressenza.com\/wp-content\/uploads\/2022\/02\/DSC3564-820x547.jpg\" loading=\"lazy\">\n\t\t\t\t<figcaption>\n\t\t\t\t\t\n\t\t\t\t<\/figcaption>\n\t\t\t<\/figure>\n\t\t\t<figure class=\"post-gallery-item\">\n\t\t\t\t<img decoding=\"async\" src=\"https:\/\/www.pressenza.com\/wp-content\/uploads\/2022\/02\/DSC3547-820x547.jpg\" loading=\"lazy\">\n\t\t\t\t<figcaption>\n\t\t\t\t\t\n\t\t\t\t<\/figcaption>\n\t\t\t<\/figure>\n\t\t\t<figure class=\"post-gallery-item\">\n\t\t\t\t<img decoding=\"async\" src=\"https:\/\/www.pressenza.com\/wp-content\/uploads\/2022\/02\/DSC3521-820x547.jpg\" loading=\"lazy\">\n\t\t\t\t<figcaption>\n\t\t\t\t\t\n\t\t\t\t<\/figcaption>\n\t\t\t<\/figure>\n\t\t\t<figure class=\"post-gallery-item\">\n\t\t\t\t<img decoding=\"async\" src=\"https:\/\/www.pressenza.com\/wp-content\/uploads\/2022\/02\/DSC3509-820x547.jpg\" loading=\"lazy\">\n\t\t\t\t<figcaption>\n\t\t\t\t\t\n\t\t\t\t<\/figcaption>\n\t\t\t<\/figure>\n\t\t\t<figure class=\"post-gallery-item\">\n\t\t\t\t<img decoding=\"async\" src=\"https:\/\/www.pressenza.com\/wp-content\/uploads\/2022\/02\/DSC3492-820x547.jpg\" loading=\"lazy\">\n\t\t\t\t<figcaption>\n\t\t\t\t\t\n\t\t\t\t<\/figcaption>\n\t\t\t<\/figure>\n\t\t\t<figure class=\"post-gallery-item\">\n\t\t\t\t<img decoding=\"async\" src=\"https:\/\/www.pressenza.com\/wp-content\/uploads\/2022\/02\/DSC3472-820x547.jpg\" loading=\"lazy\">\n\t\t\t\t<figcaption>\n\t\t\t\t\t\n\t\t\t\t<\/figcaption>\n\t\t\t<\/figure>\n\t\t\t<figure class=\"post-gallery-item\">\n\t\t\t\t<img decoding=\"async\" src=\"https:\/\/www.pressenza.com\/wp-content\/uploads\/2022\/02\/DSC3471-683x1024.jpg\" loading=\"lazy\">\n\t\t\t\t<figcaption>\n\t\t\t\t\t\n\t\t\t\t<\/figcaption>\n\t\t\t<\/figure>\n\t\t\t<figure class=\"post-gallery-item\">\n\t\t\t\t<img decoding=\"async\" src=\"https:\/\/www.pressenza.com\/wp-content\/uploads\/2022\/02\/DSC3438-820x547.jpg\" loading=\"lazy\">\n\t\t\t\t<figcaption>\n\t\t\t\t\t\n\t\t\t\t<\/figcaption>\n\t\t\t<\/figure>\n\t\t\t<figure class=\"post-gallery-item\">\n\t\t\t\t<img decoding=\"async\" src=\"https:\/\/www.pressenza.com\/wp-content\/uploads\/2022\/02\/DSC3431-820x547.jpg\" loading=\"lazy\">\n\t\t\t\t<figcaption>\n\t\t\t\t\t\n\t\t\t\t<\/figcaption>\n\t\t\t<\/figure>\n\t\t\t<figure class=\"post-gallery-item\">\n\t\t\t\t<img decoding=\"async\" src=\"https:\/\/www.pressenza.com\/wp-content\/uploads\/2022\/02\/DSC3422-820x547.jpg\" loading=\"lazy\">\n\t\t\t\t<figcaption>\n\t\t\t\t\t\n\t\t\t\t<\/figcaption>\n\t\t\t<\/figure>\n\t\t\t<figure class=\"post-gallery-item\">\n\t\t\t\t<img decoding=\"async\" src=\"https:\/\/www.pressenza.com\/wp-content\/uploads\/2022\/02\/DSC3411-820x547.jpg\" loading=\"lazy\">\n\t\t\t\t<figcaption>\n\t\t\t\t\t\n\t\t\t\t<\/figcaption>\n\t\t\t<\/figure>\n\t\t\t<figure class=\"post-gallery-item\">\n\t\t\t\t<img decoding=\"async\" src=\"https:\/\/www.pressenza.com\/wp-content\/uploads\/2022\/02\/DSC3402-820x547.jpg\" loading=\"lazy\">\n\t\t\t\t<figcaption>\n\t\t\t\t\t\n\t\t\t\t<\/figcaption>\n\t\t\t<\/figure>\n\t\t\t<figure class=\"post-gallery-item\">\n\t\t\t\t<img decoding=\"async\" src=\"https:\/\/www.pressenza.com\/wp-content\/uploads\/2022\/02\/DSC3380-683x1024.jpg\" loading=\"lazy\">\n\t\t\t\t<figcaption>\n\t\t\t\t\t\n\t\t\t\t<\/figcaption>\n\t\t\t<\/figure>\n\t\t\t<figure class=\"post-gallery-item\">\n\t\t\t\t<img decoding=\"async\" src=\"https:\/\/www.pressenza.com\/wp-content\/uploads\/2022\/02\/DSC3376-683x1024.jpg\" loading=\"lazy\">\n\t\t\t\t<figcaption>\n\t\t\t\t\t\n\t\t\t\t<\/figcaption>\n\t\t\t<\/figure>\n\t\t\t<figure class=\"post-gallery-item\">\n\t\t\t\t<img decoding=\"async\" src=\"https:\/\/www.pressenza.com\/wp-content\/uploads\/2022\/02\/DSC3363-820x547.jpg\" loading=\"lazy\">\n\t\t\t\t<figcaption>\n\t\t\t\t\t\n\t\t\t\t<\/figcaption>\n\t\t\t<\/figure>\n\t\t\t<figure class=\"post-gallery-item\">\n\t\t\t\t<img decoding=\"async\" src=\"https:\/\/www.pressenza.com\/wp-content\/uploads\/2022\/02\/DSC3358-820x547.jpg\" loading=\"lazy\">\n\t\t\t\t<figcaption>\n\t\t\t\t\t\n\t\t\t\t<\/figcaption>\n\t\t\t<\/figure>\n\t\t\t<figure class=\"post-gallery-item\">\n\t\t\t\t<img decoding=\"async\" src=\"https:\/\/www.pressenza.com\/wp-content\/uploads\/2022\/02\/DSC3349-820x547.jpg\" loading=\"lazy\">\n\t\t\t\t<figcaption>\n\t\t\t\t\t\n\t\t\t\t<\/figcaption>\n\t\t\t<\/figure>\n\t\t\t<figure class=\"post-gallery-item\">\n\t\t\t\t<img decoding=\"async\" src=\"https:\/\/www.pressenza.com\/wp-content\/uploads\/2022\/02\/DSC3333-820x547.jpg\" loading=\"lazy\">\n\t\t\t\t<figcaption>\n\t\t\t\t\t\n\t\t\t\t<\/figcaption>\n\t\t\t<\/figure>\n\t\t\t<figure class=\"post-gallery-item\">\n\t\t\t\t<img decoding=\"async\" src=\"https:\/\/www.pressenza.com\/wp-content\/uploads\/2022\/02\/DSC3302-820x547.jpg\" loading=\"lazy\">\n\t\t\t\t<figcaption>\n\t\t\t\t\t\n\t\t\t\t<\/figcaption>\n\t\t\t<\/figure>\n\t\t\t<figure class=\"post-gallery-item\">\n\t\t\t\t<img decoding=\"async\" src=\"https:\/\/www.pressenza.com\/wp-content\/uploads\/2022\/02\/DSC3256-820x547.jpg\" loading=\"lazy\">\n\t\t\t\t<figcaption>\n\t\t\t\t\t\n\t\t\t\t<\/figcaption>\n\t\t\t<\/figure>\n\t\t\t<figure class=\"post-gallery-item\">\n\t\t\t\t<img decoding=\"async\" src=\"https:\/\/www.pressenza.com\/wp-content\/uploads\/2022\/02\/DSC3229-820x547.jpg\" loading=\"lazy\">\n\t\t\t\t<figcaption>\n\t\t\t\t\t\n\t\t\t\t<\/figcaption>\n\t\t\t<\/figure>\n\t\t\t<figure class=\"post-gallery-item\">\n\t\t\t\t<img decoding=\"async\" src=\"https:\/\/www.pressenza.com\/wp-content\/uploads\/2022\/02\/DSC3203-820x547.jpg\" loading=\"lazy\">\n\t\t\t\t<figcaption>\n\t\t\t\t\t\n\t\t\t\t<\/figcaption>\n\t\t\t<\/figure>\n\t\t\t<figure class=\"post-gallery-item\">\n\t\t\t\t<img decoding=\"async\" src=\"https:\/\/www.pressenza.com\/wp-content\/uploads\/2022\/02\/DSC3187-820x547.jpg\" loading=\"lazy\">\n\t\t\t\t<figcaption>\n\t\t\t\t\t\n\t\t\t\t<\/figcaption>\n\t\t\t<\/figure>\n\t\t\t<figure class=\"post-gallery-item\">\n\t\t\t\t<img decoding=\"async\" src=\"https:\/\/www.pressenza.com\/wp-content\/uploads\/2022\/02\/DSC3183-820x547.jpg\" loading=\"lazy\">\n\t\t\t\t<figcaption>\n\t\t\t\t\t\n\t\t\t\t<\/figcaption>\n\t\t\t<\/figure>\n\t\t\t<figure class=\"post-gallery-item\">\n\t\t\t\t<img decoding=\"async\" src=\"https:\/\/www.pressenza.com\/wp-content\/uploads\/2022\/02\/DSC3180-820x547.jpg\" loading=\"lazy\">\n\t\t\t\t<figcaption>\n\t\t\t\t\t\n\t\t\t\t<\/figcaption>\n\t\t\t<\/figure>\n\t\t\t<figure class=\"post-gallery-item\">\n\t\t\t\t<img decoding=\"async\" src=\"https:\/\/www.pressenza.com\/wp-content\/uploads\/2022\/02\/DSC3176-820x547.jpg\" loading=\"lazy\">\n\t\t\t\t<figcaption>\n\t\t\t\t\t\n\t\t\t\t<\/figcaption>\n\t\t\t<\/figure>\n\t\t\t<figure class=\"post-gallery-item\">\n\t\t\t\t<img decoding=\"async\" src=\"https:\/\/www.pressenza.com\/wp-content\/uploads\/2022\/02\/DSC3153-820x547.jpg\" loading=\"lazy\">\n\t\t\t\t<figcaption>\n\t\t\t\t\t\n\t\t\t\t<\/figcaption>\n\t\t\t<\/figure>\n\t\t\t<figure class=\"post-gallery-item\">\n\t\t\t\t<img decoding=\"async\" src=\"https:\/\/www.pressenza.com\/wp-content\/uploads\/2022\/02\/DSC3126-820x547.jpg\" loading=\"lazy\">\n\t\t\t\t<figcaption>\n\t\t\t\t\t\n\t\t\t\t<\/figcaption>\n\t\t\t<\/figure>\n\t\t\t<figure class=\"post-gallery-item\">\n\t\t\t\t<img decoding=\"async\" src=\"https:\/\/www.pressenza.com\/wp-content\/uploads\/2022\/02\/DSC3121-820x547.jpg\" loading=\"lazy\">\n\t\t\t\t<figcaption>\n\t\t\t\t\t\n\t\t\t\t<\/figcaption>\n\t\t\t<\/figure><\/div>\n","protected":false},"excerpt":{"rendered":"<p>Pendant plusieurs semaines, ils s&rsquo;organisaient activement sur les r\u00e9seaux sociaux pour converger tous ensemble vers la capitale. Objectif : un Paris, comme Ottawa. Mais, ce Samedi 12 F\u00e9vrier, les voitures, camping-cars, camions et motos sont rest\u00e9s bloqu\u00e9s, pour la plupart,&hellip;<\/p>\n","protected":false},"author":2081,"featured_media":1520002,"comment_status":"closed","ping_status":"closed","sticky":false,"template":"","format":"standard","meta":{"footnotes":""},"categories":[98,85,40,5700],"tags":[99231,1034,53996,8258,93044],"class_list":["post-1520322","post","type-post","status-publish","format-standard","has-post-thumbnail","hentry","category-droits-de-lhomme","category-europe-fr","category-international-fr","category-reportages-photo","tag-convoi-de-la-liberte","tag-france-fr","tag-gilets-jaunes-fr","tag-liberte","tag-pass-sanitaire"],"yoast_head":"<!-- This site is optimized with the Yoast SEO plugin v27.1.1 - https:\/\/yoast.com\/product\/yoast-seo-wordpress\/ -->\n<title>\u00c0 Paris, pas de convoi mais des milliers de manifestants pour : la libert\u00e9<\/title>\n<meta name=\"description\" content=\"Pendant plusieurs semaines, ils s&#039;organisaient activement sur les r\u00e9seaux sociaux pour converger tous ensemble vers la capitale. Objectif : un Paris,\" \/>\n<meta name=\"robots\" content=\"index, follow, max-snippet:-1, max-image-preview:large, max-video-preview:-1\" \/>\n<link rel=\"canonical\" href=\"https:\/\/www.pressenza.com\/fr\/2022\/02\/a-paris-pas-de-convoi-mais-des-milliers-de-manifestants-pour-la-liberte\/\" \/>\n<meta property=\"og:locale\" content=\"fr_FR\" \/>\n<meta property=\"og:type\" content=\"article\" \/>\n<meta property=\"og:title\" content=\"\u00c0 Paris, pas de convoi mais des milliers de manifestants pour : la libert\u00e9\" \/>\n<meta property=\"og:description\" content=\"Pendant plusieurs semaines, ils s&#039;organisaient activement sur les r\u00e9seaux sociaux pour converger tous ensemble vers la capitale. Objectif : un Paris,\" \/>\n<meta property=\"og:url\" content=\"https:\/\/www.pressenza.com\/fr\/2022\/02\/a-paris-pas-de-convoi-mais-des-milliers-de-manifestants-pour-la-liberte\/\" \/>\n<meta property=\"og:site_name\" content=\"Pressenza\" \/>\n<meta property=\"article:publisher\" content=\"https:\/\/www.facebook.com\/PressenzaItalia\" \/>\n<meta property=\"article:published_time\" content=\"2022-02-14T06:00:59+00:00\" \/>\n<meta property=\"article:modified_time\" content=\"2022-02-14T19:34:12+00:00\" \/>\n<meta property=\"og:image\" content=\"https:\/\/www.pressenza.com\/wp-content\/uploads\/2022\/02\/DSC3126.jpg\" \/>\n\t<meta property=\"og:image:width\" content=\"1920\" \/>\n\t<meta property=\"og:image:height\" content=\"1280\" \/>\n\t<meta property=\"og:image:type\" content=\"image\/jpeg\" \/>\n<meta name=\"author\" content=\"Ana\u00efs Dupuis\" \/>\n<meta name=\"twitter:card\" content=\"summary_large_image\" \/>\n<meta name=\"twitter:creator\" content=\"@PressenzaIPA\" \/>\n<meta name=\"twitter:site\" content=\"@PressenzaIPA\" \/>\n<meta name=\"twitter:label1\" content=\"\u00c9crit par\" \/>\n\t<meta name=\"twitter:data1\" content=\"Ana\u00efs Dupuis\" \/>\n\t<meta name=\"twitter:label2\" content=\"Dur\u00e9e de lecture estim\u00e9e\" \/>\n\t<meta name=\"twitter:data2\" content=\"1 minute\" \/>\n<script type=\"application\/ld+json\" class=\"yoast-schema-graph\">{\"@context\":\"https:\/\/schema.org\",\"@graph\":[{\"@type\":\"Article\",\"@id\":\"https:\/\/www.pressenza.com\/fr\/2022\/02\/a-paris-pas-de-convoi-mais-des-milliers-de-manifestants-pour-la-liberte\/#article\",\"isPartOf\":{\"@id\":\"https:\/\/www.pressenza.com\/fr\/2022\/02\/a-paris-pas-de-convoi-mais-des-milliers-de-manifestants-pour-la-liberte\/\"},\"author\":{\"name\":\"Ana\u00efs Dupuis\",\"@id\":\"https:\/\/www.pressenza.com\/fr\/#\/schema\/person\/12775556baa768f6b7f4141a96cdea7a\"},\"headline\":\"\u00c0 Paris, pas de convoi mais des milliers de manifestants pour : la libert\u00e9\",\"datePublished\":\"2022-02-14T06:00:59+00:00\",\"dateModified\":\"2022-02-14T19:34:12+00:00\",\"mainEntityOfPage\":{\"@id\":\"https:\/\/www.pressenza.com\/fr\/2022\/02\/a-paris-pas-de-convoi-mais-des-milliers-de-manifestants-pour-la-liberte\/\"},\"wordCount\":205,\"publisher\":{\"@id\":\"https:\/\/www.pressenza.com\/fr\/#organization\"},\"image\":{\"@id\":\"https:\/\/www.pressenza.com\/fr\/2022\/02\/a-paris-pas-de-convoi-mais-des-milliers-de-manifestants-pour-la-liberte\/#primaryimage\"},\"thumbnailUrl\":\"https:\/\/www.pressenza.com\/wp-content\/uploads\/2022\/02\/DSC3126.jpg\",\"keywords\":[\"convoi de la libert\u00e9\",\"France\",\"Gilets Jaunes\",\"libert\u00e9\",\"pass sanitaire\"],\"articleSection\":[\"Droits humains\",\"Europe\",\"International\",\"Reportages photo\"],\"inLanguage\":\"fr-FR\"},{\"@type\":\"WebPage\",\"@id\":\"https:\/\/www.pressenza.com\/fr\/2022\/02\/a-paris-pas-de-convoi-mais-des-milliers-de-manifestants-pour-la-liberte\/\",\"url\":\"https:\/\/www.pressenza.com\/fr\/2022\/02\/a-paris-pas-de-convoi-mais-des-milliers-de-manifestants-pour-la-liberte\/\",\"name\":\"\u00c0 Paris, pas de convoi mais des milliers de manifestants pour : la libert\u00e9\",\"isPartOf\":{\"@id\":\"https:\/\/www.pressenza.com\/fr\/#website\"},\"primaryImageOfPage\":{\"@id\":\"https:\/\/www.pressenza.com\/fr\/2022\/02\/a-paris-pas-de-convoi-mais-des-milliers-de-manifestants-pour-la-liberte\/#primaryimage\"},\"image\":{\"@id\":\"https:\/\/www.pressenza.com\/fr\/2022\/02\/a-paris-pas-de-convoi-mais-des-milliers-de-manifestants-pour-la-liberte\/#primaryimage\"},\"thumbnailUrl\":\"https:\/\/www.pressenza.com\/wp-content\/uploads\/2022\/02\/DSC3126.jpg\",\"datePublished\":\"2022-02-14T06:00:59+00:00\",\"dateModified\":\"2022-02-14T19:34:12+00:00\",\"description\":\"Pendant plusieurs semaines, ils s'organisaient activement sur les r\u00e9seaux sociaux pour converger tous ensemble vers la capitale. Objectif : un Paris,\",\"breadcrumb\":{\"@id\":\"https:\/\/www.pressenza.com\/fr\/2022\/02\/a-paris-pas-de-convoi-mais-des-milliers-de-manifestants-pour-la-liberte\/#breadcrumb\"},\"inLanguage\":\"fr-FR\",\"potentialAction\":[{\"@type\":\"ReadAction\",\"target\":[\"https:\/\/www.pressenza.com\/fr\/2022\/02\/a-paris-pas-de-convoi-mais-des-milliers-de-manifestants-pour-la-liberte\/\"]}]},{\"@type\":\"ImageObject\",\"inLanguage\":\"fr-FR\",\"@id\":\"https:\/\/www.pressenza.com\/fr\/2022\/02\/a-paris-pas-de-convoi-mais-des-milliers-de-manifestants-pour-la-liberte\/#primaryimage\",\"url\":\"https:\/\/www.pressenza.com\/wp-content\/uploads\/2022\/02\/DSC3126.jpg\",\"contentUrl\":\"https:\/\/www.pressenza.com\/wp-content\/uploads\/2022\/02\/DSC3126.jpg\",\"width\":1920,\"height\":1280},{\"@type\":\"BreadcrumbList\",\"@id\":\"https:\/\/www.pressenza.com\/fr\/2022\/02\/a-paris-pas-de-convoi-mais-des-milliers-de-manifestants-pour-la-liberte\/#breadcrumb\",\"itemListElement\":[{\"@type\":\"ListItem\",\"position\":1,\"name\":\"Accueil\",\"item\":\"https:\/\/www.pressenza.com\/fr\/\"},{\"@type\":\"ListItem\",\"position\":2,\"name\":\"\u00c0 Paris, pas de convoi mais des milliers de manifestants pour : la libert\u00e9\"}]},{\"@type\":\"WebSite\",\"@id\":\"https:\/\/www.pressenza.com\/fr\/#website\",\"url\":\"https:\/\/www.pressenza.com\/fr\/\",\"name\":\"Pressenza\",\"description\":\"International Press Agency\",\"publisher\":{\"@id\":\"https:\/\/www.pressenza.com\/fr\/#organization\"},\"potentialAction\":[{\"@type\":\"SearchAction\",\"target\":{\"@type\":\"EntryPoint\",\"urlTemplate\":\"https:\/\/www.pressenza.com\/fr\/?s={search_term_string}\"},\"query-input\":{\"@type\":\"PropertyValueSpecification\",\"valueRequired\":true,\"valueName\":\"search_term_string\"}}],\"inLanguage\":\"fr-FR\"},{\"@type\":\"Organization\",\"@id\":\"https:\/\/www.pressenza.com\/fr\/#organization\",\"name\":\"Pressenza\",\"url\":\"https:\/\/www.pressenza.com\/fr\/\",\"logo\":{\"@type\":\"ImageObject\",\"inLanguage\":\"fr-FR\",\"@id\":\"https:\/\/www.pressenza.com\/fr\/#\/schema\/logo\/image\/\",\"url\":\"https:\/\/www.pressenza.com\/wp-content\/uploads\/2022\/10\/pressenza_logo_200x200.jpg\",\"contentUrl\":\"https:\/\/www.pressenza.com\/wp-content\/uploads\/2022\/10\/pressenza_logo_200x200.jpg\",\"width\":200,\"height\":200,\"caption\":\"Pressenza\"},\"image\":{\"@id\":\"https:\/\/www.pressenza.com\/fr\/#\/schema\/logo\/image\/\"},\"sameAs\":[\"https:\/\/www.facebook.com\/PressenzaItalia\",\"https:\/\/x.com\/PressenzaIPA\"]},{\"@type\":\"Person\",\"@id\":\"https:\/\/www.pressenza.com\/fr\/#\/schema\/person\/12775556baa768f6b7f4141a96cdea7a\",\"name\":\"Ana\u00efs Dupuis\",\"description\":\"Apr\u00e8s 3 ans d'\u00e9tudes dans une \u00e9cole de cin\u00e9ma, Ana\u00efs y obtient un dipl\u00f4me d'assistante-r\u00e9alisateur. Elle fait ensuite une ann\u00e9e en Master dans une \u00e9cole de journalisme o\u00f9 elle peut\u00a0lier sa passion pour l'audiovisuel et sa soif de comprendre et parcourir le monde, le partager. Instagram : ninis_dps Mail : anaisdupuis1808@gmail.com\",\"url\":\"https:\/\/www.pressenza.com\/fr\/author\/anais-dupuis\/\"}]}<\/script>\n<!-- \/ Yoast SEO plugin. -->","yoast_head_json":{"title":"\u00c0 Paris, pas de convoi mais des milliers de manifestants pour : la libert\u00e9","description":"Pendant plusieurs semaines, ils s'organisaient activement sur les r\u00e9seaux sociaux pour converger tous ensemble vers la capitale. Objectif : un Paris,","robots":{"index":"index","follow":"follow","max-snippet":"max-snippet:-1","max-image-preview":"max-image-preview:large","max-video-preview":"max-video-preview:-1"},"canonical":"https:\/\/www.pressenza.com\/fr\/2022\/02\/a-paris-pas-de-convoi-mais-des-milliers-de-manifestants-pour-la-liberte\/","og_locale":"fr_FR","og_type":"article","og_title":"\u00c0 Paris, pas de convoi mais des milliers de manifestants pour : la libert\u00e9","og_description":"Pendant plusieurs semaines, ils s'organisaient activement sur les r\u00e9seaux sociaux pour converger tous ensemble vers la capitale. Objectif : un Paris,","og_url":"https:\/\/www.pressenza.com\/fr\/2022\/02\/a-paris-pas-de-convoi-mais-des-milliers-de-manifestants-pour-la-liberte\/","og_site_name":"Pressenza","article_publisher":"https:\/\/www.facebook.com\/PressenzaItalia","article_published_time":"2022-02-14T06:00:59+00:00","article_modified_time":"2022-02-14T19:34:12+00:00","og_image":[{"width":1920,"height":1280,"url":"https:\/\/www.pressenza.com\/wp-content\/uploads\/2022\/02\/DSC3126.jpg","type":"image\/jpeg"}],"author":"Ana\u00efs Dupuis","twitter_card":"summary_large_image","twitter_creator":"@PressenzaIPA","twitter_site":"@PressenzaIPA","twitter_misc":{"\u00c9crit par":"Ana\u00efs Dupuis","Dur\u00e9e de lecture estim\u00e9e":"1 minute"},"schema":{"@context":"https:\/\/schema.org","@graph":[{"@type":"Article","@id":"https:\/\/www.pressenza.com\/fr\/2022\/02\/a-paris-pas-de-convoi-mais-des-milliers-de-manifestants-pour-la-liberte\/#article","isPartOf":{"@id":"https:\/\/www.pressenza.com\/fr\/2022\/02\/a-paris-pas-de-convoi-mais-des-milliers-de-manifestants-pour-la-liberte\/"},"author":{"name":"Ana\u00efs Dupuis","@id":"https:\/\/www.pressenza.com\/fr\/#\/schema\/person\/12775556baa768f6b7f4141a96cdea7a"},"headline":"\u00c0 Paris, pas de convoi mais des milliers de manifestants pour : la libert\u00e9","datePublished":"2022-02-14T06:00:59+00:00","dateModified":"2022-02-14T19:34:12+00:00","mainEntityOfPage":{"@id":"https:\/\/www.pressenza.com\/fr\/2022\/02\/a-paris-pas-de-convoi-mais-des-milliers-de-manifestants-pour-la-liberte\/"},"wordCount":205,"publisher":{"@id":"https:\/\/www.pressenza.com\/fr\/#organization"},"image":{"@id":"https:\/\/www.pressenza.com\/fr\/2022\/02\/a-paris-pas-de-convoi-mais-des-milliers-de-manifestants-pour-la-liberte\/#primaryimage"},"thumbnailUrl":"https:\/\/www.pressenza.com\/wp-content\/uploads\/2022\/02\/DSC3126.jpg","keywords":["convoi de la libert\u00e9","France","Gilets Jaunes","libert\u00e9","pass sanitaire"],"articleSection":["Droits humains","Europe","International","Reportages photo"],"inLanguage":"fr-FR"},{"@type":"WebPage","@id":"https:\/\/www.pressenza.com\/fr\/2022\/02\/a-paris-pas-de-convoi-mais-des-milliers-de-manifestants-pour-la-liberte\/","url":"https:\/\/www.pressenza.com\/fr\/2022\/02\/a-paris-pas-de-convoi-mais-des-milliers-de-manifestants-pour-la-liberte\/","name":"\u00c0 Paris, pas de convoi mais des milliers de manifestants pour : la libert\u00e9","isPartOf":{"@id":"https:\/\/www.pressenza.com\/fr\/#website"},"primaryImageOfPage":{"@id":"https:\/\/www.pressenza.com\/fr\/2022\/02\/a-paris-pas-de-convoi-mais-des-milliers-de-manifestants-pour-la-liberte\/#primaryimage"},"image":{"@id":"https:\/\/www.pressenza.com\/fr\/2022\/02\/a-paris-pas-de-convoi-mais-des-milliers-de-manifestants-pour-la-liberte\/#primaryimage"},"thumbnailUrl":"https:\/\/www.pressenza.com\/wp-content\/uploads\/2022\/02\/DSC3126.jpg","datePublished":"2022-02-14T06:00:59+00:00","dateModified":"2022-02-14T19:34:12+00:00","description":"Pendant plusieurs semaines, ils s'organisaient activement sur les r\u00e9seaux sociaux pour converger tous ensemble vers la capitale. Objectif : un Paris,","breadcrumb":{"@id":"https:\/\/www.pressenza.com\/fr\/2022\/02\/a-paris-pas-de-convoi-mais-des-milliers-de-manifestants-pour-la-liberte\/#breadcrumb"},"inLanguage":"fr-FR","potentialAction":[{"@type":"ReadAction","target":["https:\/\/www.pressenza.com\/fr\/2022\/02\/a-paris-pas-de-convoi-mais-des-milliers-de-manifestants-pour-la-liberte\/"]}]},{"@type":"ImageObject","inLanguage":"fr-FR","@id":"https:\/\/www.pressenza.com\/fr\/2022\/02\/a-paris-pas-de-convoi-mais-des-milliers-de-manifestants-pour-la-liberte\/#primaryimage","url":"https:\/\/www.pressenza.com\/wp-content\/uploads\/2022\/02\/DSC3126.jpg","contentUrl":"https:\/\/www.pressenza.com\/wp-content\/uploads\/2022\/02\/DSC3126.jpg","width":1920,"height":1280},{"@type":"BreadcrumbList","@id":"https:\/\/www.pressenza.com\/fr\/2022\/02\/a-paris-pas-de-convoi-mais-des-milliers-de-manifestants-pour-la-liberte\/#breadcrumb","itemListElement":[{"@type":"ListItem","position":1,"name":"Accueil","item":"https:\/\/www.pressenza.com\/fr\/"},{"@type":"ListItem","position":2,"name":"\u00c0 Paris, pas de convoi mais des milliers de manifestants pour : la libert\u00e9"}]},{"@type":"WebSite","@id":"https:\/\/www.pressenza.com\/fr\/#website","url":"https:\/\/www.pressenza.com\/fr\/","name":"Pressenza","description":"International Press Agency","publisher":{"@id":"https:\/\/www.pressenza.com\/fr\/#organization"},"potentialAction":[{"@type":"SearchAction","target":{"@type":"EntryPoint","urlTemplate":"https:\/\/www.pressenza.com\/fr\/?s={search_term_string}"},"query-input":{"@type":"PropertyValueSpecification","valueRequired":true,"valueName":"search_term_string"}}],"inLanguage":"fr-FR"},{"@type":"Organization","@id":"https:\/\/www.pressenza.com\/fr\/#organization","name":"Pressenza","url":"https:\/\/www.pressenza.com\/fr\/","logo":{"@type":"ImageObject","inLanguage":"fr-FR","@id":"https:\/\/www.pressenza.com\/fr\/#\/schema\/logo\/image\/","url":"https:\/\/www.pressenza.com\/wp-content\/uploads\/2022\/10\/pressenza_logo_200x200.jpg","contentUrl":"https:\/\/www.pressenza.com\/wp-content\/uploads\/2022\/10\/pressenza_logo_200x200.jpg","width":200,"height":200,"caption":"Pressenza"},"image":{"@id":"https:\/\/www.pressenza.com\/fr\/#\/schema\/logo\/image\/"},"sameAs":["https:\/\/www.facebook.com\/PressenzaItalia","https:\/\/x.com\/PressenzaIPA"]},{"@type":"Person","@id":"https:\/\/www.pressenza.com\/fr\/#\/schema\/person\/12775556baa768f6b7f4141a96cdea7a","name":"Ana\u00efs Dupuis","description":"Apr\u00e8s 3 ans d'\u00e9tudes dans une \u00e9cole de cin\u00e9ma, Ana\u00efs y obtient un dipl\u00f4me d'assistante-r\u00e9alisateur. Elle fait ensuite une ann\u00e9e en Master dans une \u00e9cole de journalisme o\u00f9 elle peut\u00a0lier sa passion pour l'audiovisuel et sa soif de comprendre et parcourir le monde, le partager. Instagram : ninis_dps Mail : anaisdupuis1808@gmail.com","url":"https:\/\/www.pressenza.com\/fr\/author\/anais-dupuis\/"}]}},"place":"","original_article_url":"","_links":{"self":[{"href":"https:\/\/www.pressenza.com\/fr\/wp-json\/wp\/v2\/posts\/1520322","targetHints":{"allow":["GET"]}}],"collection":[{"href":"https:\/\/www.pressenza.com\/fr\/wp-json\/wp\/v2\/posts"}],"about":[{"href":"https:\/\/www.pressenza.com\/fr\/wp-json\/wp\/v2\/types\/post"}],"author":[{"embeddable":true,"href":"https:\/\/www.pressenza.com\/fr\/wp-json\/wp\/v2\/users\/2081"}],"replies":[{"embeddable":true,"href":"https:\/\/www.pressenza.com\/fr\/wp-json\/wp\/v2\/comments?post=1520322"}],"version-history":[{"count":0,"href":"https:\/\/www.pressenza.com\/fr\/wp-json\/wp\/v2\/posts\/1520322\/revisions"}],"wp:featuredmedia":[{"embeddable":true,"href":"https:\/\/www.pressenza.com\/fr\/wp-json\/wp\/v2\/media\/1520002"}],"wp:attachment":[{"href":"https:\/\/www.pressenza.com\/fr\/wp-json\/wp\/v2\/media?parent=1520322"}],"wp:term":[{"taxonomy":"category","embeddable":true,"href":"https:\/\/www.pressenza.com\/fr\/wp-json\/wp\/v2\/categories?post=1520322"},{"taxonomy":"post_tag","embeddable":true,"href":"https:\/\/www.pressenza.com\/fr\/wp-json\/wp\/v2\/tags?post=1520322"}],"curies":[{"name":"wp","href":"https:\/\/api.w.org\/{rel}","templated":true}]}}