{"id":151333,"date":"2014-12-27T18:40:55","date_gmt":"2014-12-27T18:40:55","guid":{"rendered":"http:\/\/www.pressenza.com\/?p=151333"},"modified":"2014-12-27T18:41:28","modified_gmt":"2014-12-27T18:41:28","slug":"amma-le-monde-bras-le-corps","status":"publish","type":"post","link":"https:\/\/www.pressenza.com\/fr\/2014\/12\/amma-le-monde-bras-le-corps\/","title":{"rendered":"Amma : Le monde \u00e0 bras-le-corps"},"content":{"rendered":"<div class=\"bulle30 padMagdesc\"><strong>Par R\u00e9jane Ereau<\/strong><\/div>\n<div class=\"bulle30 padMagdesc\">.<\/div>\n<div class=\"bulle30 padMagdesc\"><em>L\u2019image a fait le tour du monde : Mata Amritanandamayi, dite Amma, serrant dans ses bras des milliers de personnes. Sainte pour les uns, curiosit\u00e9 pour les autres, l\u2019indienne bouscule plus qu\u2019il n\u2019y para\u00eet. Qui est-elle ? Que bouleverse-t-elle ?<\/em><\/div>\n<div class=\"bulle20\" align=\"justify\">\n<p>Un reflet sur une mer d\u2019argent. Le soleil qui se couche sur l\u2019oc\u00e9an. Il est 18 heures sur la plage d\u2019Amritapuri, l\u2019ashram \u00e9difi\u00e9 par Amma sur sa terre natale, au sud de l\u2019Inde. Une lagune, des palmiers\u2026 et un immense sentiment de s\u00e9r\u00e9nit\u00e9.<\/p>\n<p>Hier encore, pourtant, l\u2019id\u00e9e de me retrouver l\u00e0 ne me faisait ni chaud, ni froid. <em>\u00ab Puisque tu remontes vers Cochin, tu devrais t\u2019arr\u00eater voir Amma \u00bb<\/em>, m\u2019avait conseill\u00e9 le Dr Sambhu Pillai, m\u00e9decin ayurv\u00e9dique \u00e0 Trivandrum. La fille qui fait des c\u00e2lins au monde entier ? Vu par le prisme des reportages t\u00e9l\u00e9, son charisme ne m\u2019avait pas frapp\u00e9e, son initiative me paraissait gentiment exotique. Mais connaissant Sambhu, son intuition et sa fine connaissance de l\u2019\u00e2me humaine\u2026 Me voil\u00e0 devant l\u2019ashram. <em>\u00ab Il y a trente ans, il n\u2019y avait que des huttes, se souvient le chauffeur de taxi. Amma n\u2019\u00e9tait pas aussi connue, on pouvait l\u2019approcher facilement ! Maintenant, il faut faire la queue pendant des heures. Les gens d\u2019ici n\u2019ont pas vu grandir sa popularit\u00e9 d\u2019un bon \u0153il \u2013 elle attirait trop de monde. Mais d\u00e9sormais, ils sont contents : Amma les soutient et leur donne du travail. \u00bb<\/em><\/p>\n<p>La porte franchie, avec ses \u00e9choppes, ses temples, ses tours d\u2019habitation, ses disciples de toutes origines qui d\u00e9ambulent, conversent ou vaquent \u00e0 leurs occupations, Amritapuri \u00e0 tout l\u2019air d\u2019un village affair\u00e9. <em>\u00ab Vous venez d\u2019arriver ?<\/em> m\u2019interpelle une dame.<em> Filez au petit temple, Amma y donne son darshan. Posez vos sacs, je vous les garde. \u00bb<\/em> Etonnante bienveillance ! A l\u2019int\u00e9rieur, l\u2019ambiance est au recueillement. Assis par terre, des fid\u00e8les v\u00eatus de blanc tendent leur visage vers Amma. Dans leur regard, une douce ferveur. A leurs c\u00f4t\u00e9s, une vingtaine de personnes attendent leur tour en silence : touristes de passage, familles indiennes venues parfois de loin pour que la gourou les embrasse, b\u00e9nisse un enfant, prodigue un conseil, r\u00e9solve comme par miracle une difficult\u00e9\u2026<\/p>\n<\/div>\n<p class=\"bulle20\" align=\"justify\"><strong>La force de l\u2019\u00e9treinte<\/strong><br \/>\nA Amritapuri, ce jour-l\u00e0, il suffit d\u2019une demie-heure pour se retrouver devant elle. Dans la file, l\u2019\u00e9motion est perceptible. Les gens avancent, Amma les enlace, leur susurre <em>\u00ab mon fils ch\u00e9ri \u00bb<\/em> ou<em> \u00ab ma fille ch\u00e9rie \u00bb<\/em> dans leur langue, leur glisse un bonbon et quelques cendres sacr\u00e9es entre les mains.<\/p>\n<p>Arrive mon tour. Ma nationalit\u00e9 ? <em>\u00ab French. \u00bb<\/em> Pendant qu\u2019elle m\u2019\u00e9treint, son assistante cherche f\u00e9brilement dans son ordinateur la formule en fran\u00e7ais. La t\u00eate entre ses seins, j\u2019attends. Amma aussi. Tout \u00e0 coup, nous \u00e9clatons de rire ; peu importe les mots, l\u2019essentiel n\u2019est pas l\u00e0 ! L\u2019essentiel, c\u2019est la sinc\u00e9rit\u00e9 de cette \u00e9treinte, la chaleur qu\u2019elle incarne. Simple bon moment pour certains, sensation bouleversante pour d\u2019autres.<\/p>\n<p><em>\u00ab Un ami m\u2019avait parl\u00e9 d\u2019elle, mais sur le moment, je n\u2019avais pas fait tr\u00e8s attention,<\/em> raconte ainsi Nadouchka. <em>Lorsque mon mari m\u2019a offert un voyage en Inde, je m\u2019en suis souvenue. En voyant sa photo sur le web, j\u2019ai su qu\u2019il fallait que j\u2019essaie de la croiser. Mon \u00e9poux a accept\u00e9 que nous allions assister \u00e0 l\u2019un de ses darshans \u2013 sans attente particuli\u00e8re, juste par curiosit\u00e9. Quand nous sommes arriv\u00e9s, le lieu \u00e9tait noir de monde. Je me suis dit :<\/em> \u201claisse tomber\u201d<em>. Plut\u00f4t que de me mettre dans la queue, je me suis adoss\u00e9e \u00e0 un mur. De l\u00e0, je l\u2019ai regard\u00e9e\u2026 \u00e7a m\u2019a fait un coup au c\u0153ur. Deux minutes apr\u00e8s, quelqu\u2019un est venu m\u2019aborder.<\/em> \u201cVous n\u2019avez jamais rencontr\u00e9 Amma ? Alors suivez-moi.\u201d<em> Nous avons remont\u00e9 la foule jusqu\u2019\u00e0 l\u2019estrade. Tout s\u2019est pass\u00e9 tr\u00e8s vite. Amma m\u2019a prise dans ses bras. Son \u00e9treinte m\u2019a transport\u00e9e. Par ce simple contact, j\u2019ai compris que j\u2019\u00e9tais prot\u00e9g\u00e9e, que la vie avait un sens, qu\u2019il ne fallait pas que je m\u2019inqui\u00e8te ni que je perde courage, malgr\u00e9 les terribles \u00e9preuves que j\u2019ai travers\u00e9es. &#8230; <\/em><\/p>\n<div class=\"bulle20\" align=\"justify\">.<\/div>\n<div class=\"bulle20\" align=\"justify\">Source : <a href=\"http:\/\/www.inrees.com\/articles\/Amma-Le-monde-a-bras-le-corps\/\">http:\/\/www.inrees.com\/articles\/Amma-Le-monde-a-bras-le-corps\/<\/a><\/div>\n","protected":false},"excerpt":{"rendered":"<p>Par R\u00e9jane Ereau . L\u2019image a fait le tour du monde : Mata Amritanandamayi, dite Amma, serrant dans ses bras des milliers de personnes. Sainte pour les uns, curiosit\u00e9 pour les autres, l\u2019indienne bouscule plus qu\u2019il n\u2019y para\u00eet. Qui est-elle&hellip;<\/p>\n","protected":false},"author":1142,"featured_media":154625,"comment_status":"closed","ping_status":"open","sticky":false,"template":"","format":"standard","meta":{"footnotes":""},"categories":[84,1246,40],"tags":[15113],"class_list":["post-151333","post","type-post","status-publish","format-standard","has-post-thumbnail","hentry","category-asia-fr","category-humanisme-spiritualite","category-international-fr","tag-amma"],"yoast_head":"<!-- This site is optimized with the Yoast SEO plugin v27.1.1 - https:\/\/yoast.com\/product\/yoast-seo-wordpress\/ -->\n<title>Amma : Le monde \u00e0 bras-le-corps<\/title>\n<meta name=\"description\" content=\"Par R\u00e9jane Ereau . L\u2019image a fait le tour du monde : Mata Amritanandamayi, dite Amma, serrant dans ses bras des milliers de personnes. Sainte pour les\" \/>\n<meta name=\"robots\" content=\"index, follow, max-snippet:-1, max-image-preview:large, max-video-preview:-1\" \/>\n<link rel=\"canonical\" href=\"https:\/\/www.pressenza.com\/fr\/2014\/12\/amma-le-monde-bras-le-corps\/\" \/>\n<meta property=\"og:locale\" content=\"fr_FR\" \/>\n<meta property=\"og:type\" content=\"article\" \/>\n<meta property=\"og:title\" content=\"Amma : Le monde \u00e0 bras-le-corps\" \/>\n<meta property=\"og:description\" content=\"Par R\u00e9jane Ereau . L\u2019image a fait le tour du monde : Mata Amritanandamayi, dite Amma, serrant dans ses bras des milliers de personnes. Sainte pour les\" \/>\n<meta property=\"og:url\" content=\"https:\/\/www.pressenza.com\/fr\/2014\/12\/amma-le-monde-bras-le-corps\/\" \/>\n<meta property=\"og:site_name\" content=\"Pressenza\" \/>\n<meta property=\"article:publisher\" content=\"https:\/\/www.facebook.com\/PressenzaItalia\" \/>\n<meta property=\"article:author\" content=\"https:\/\/www.facebook.com\/INREES-135097866516826\/\" \/>\n<meta property=\"article:published_time\" content=\"2014-12-27T18:40:55+00:00\" \/>\n<meta property=\"article:modified_time\" content=\"2014-12-27T18:41:28+00:00\" \/>\n<meta property=\"og:image\" content=\"https:\/\/www.pressenza.com\/wp-content\/uploads\/2014\/12\/Amma-le-monde-a-bras-le-corps-640px-Mata_Amritanandamayi.jpg\" \/>\n\t<meta property=\"og:image:width\" content=\"640\" \/>\n\t<meta property=\"og:image:height\" content=\"640\" \/>\n\t<meta property=\"og:image:type\" content=\"image\/jpeg\" \/>\n<meta name=\"author\" content=\"INREES - Institut de Recherche sur les Exp\u00e9riences Extraordinaires\" \/>\n<meta name=\"twitter:card\" content=\"summary_large_image\" \/>\n<meta name=\"twitter:creator\" content=\"@INREES\" \/>\n<meta name=\"twitter:site\" content=\"@PressenzaIPA\" \/>\n<meta name=\"twitter:label1\" content=\"\u00c9crit par\" \/>\n\t<meta name=\"twitter:data1\" content=\"INREES - Institut de Recherche sur les Exp\u00e9riences Extraordinaires\" \/>\n\t<meta name=\"twitter:label2\" content=\"Dur\u00e9e de lecture estim\u00e9e\" \/>\n\t<meta name=\"twitter:data2\" content=\"4 minutes\" \/>\n<script type=\"application\/ld+json\" class=\"yoast-schema-graph\">{\"@context\":\"https:\/\/schema.org\",\"@graph\":[{\"@type\":\"Article\",\"@id\":\"https:\/\/www.pressenza.com\/fr\/2014\/12\/amma-le-monde-bras-le-corps\/#article\",\"isPartOf\":{\"@id\":\"https:\/\/www.pressenza.com\/fr\/2014\/12\/amma-le-monde-bras-le-corps\/\"},\"author\":{\"name\":\"INREES - Institut de Recherche sur les Exp\u00e9riences Extraordinaires\",\"@id\":\"https:\/\/www.pressenza.com\/fr\/#\/schema\/person\/ed412555e0d02523a5d1502d2a3d47d6\"},\"headline\":\"Amma : Le monde \u00e0 bras-le-corps\",\"datePublished\":\"2014-12-27T18:40:55+00:00\",\"dateModified\":\"2014-12-27T18:41:28+00:00\",\"mainEntityOfPage\":{\"@id\":\"https:\/\/www.pressenza.com\/fr\/2014\/12\/amma-le-monde-bras-le-corps\/\"},\"wordCount\":749,\"publisher\":{\"@id\":\"https:\/\/www.pressenza.com\/fr\/#organization\"},\"image\":{\"@id\":\"https:\/\/www.pressenza.com\/fr\/2014\/12\/amma-le-monde-bras-le-corps\/#primaryimage\"},\"thumbnailUrl\":\"https:\/\/www.pressenza.com\/wp-content\/uploads\/2014\/12\/Amma-le-monde-a-bras-le-corps-640px-Mata_Amritanandamayi.jpg\",\"keywords\":[\"Amma\"],\"articleSection\":[\"Asie\",\"Humanisme et Spiritualit\u00e9\",\"International\"],\"inLanguage\":\"fr-FR\"},{\"@type\":\"WebPage\",\"@id\":\"https:\/\/www.pressenza.com\/fr\/2014\/12\/amma-le-monde-bras-le-corps\/\",\"url\":\"https:\/\/www.pressenza.com\/fr\/2014\/12\/amma-le-monde-bras-le-corps\/\",\"name\":\"Amma : Le monde \u00e0 bras-le-corps\",\"isPartOf\":{\"@id\":\"https:\/\/www.pressenza.com\/fr\/#website\"},\"primaryImageOfPage\":{\"@id\":\"https:\/\/www.pressenza.com\/fr\/2014\/12\/amma-le-monde-bras-le-corps\/#primaryimage\"},\"image\":{\"@id\":\"https:\/\/www.pressenza.com\/fr\/2014\/12\/amma-le-monde-bras-le-corps\/#primaryimage\"},\"thumbnailUrl\":\"https:\/\/www.pressenza.com\/wp-content\/uploads\/2014\/12\/Amma-le-monde-a-bras-le-corps-640px-Mata_Amritanandamayi.jpg\",\"datePublished\":\"2014-12-27T18:40:55+00:00\",\"dateModified\":\"2014-12-27T18:41:28+00:00\",\"description\":\"Par R\u00e9jane Ereau . L\u2019image a fait le tour du monde : Mata Amritanandamayi, dite Amma, serrant dans ses bras des milliers de personnes. Sainte pour les\",\"breadcrumb\":{\"@id\":\"https:\/\/www.pressenza.com\/fr\/2014\/12\/amma-le-monde-bras-le-corps\/#breadcrumb\"},\"inLanguage\":\"fr-FR\",\"potentialAction\":[{\"@type\":\"ReadAction\",\"target\":[\"https:\/\/www.pressenza.com\/fr\/2014\/12\/amma-le-monde-bras-le-corps\/\"]}]},{\"@type\":\"ImageObject\",\"inLanguage\":\"fr-FR\",\"@id\":\"https:\/\/www.pressenza.com\/fr\/2014\/12\/amma-le-monde-bras-le-corps\/#primaryimage\",\"url\":\"https:\/\/www.pressenza.com\/wp-content\/uploads\/2014\/12\/Amma-le-monde-a-bras-le-corps-640px-Mata_Amritanandamayi.jpg\",\"contentUrl\":\"https:\/\/www.pressenza.com\/wp-content\/uploads\/2014\/12\/Amma-le-monde-a-bras-le-corps-640px-Mata_Amritanandamayi.jpg\",\"width\":640,\"height\":640},{\"@type\":\"BreadcrumbList\",\"@id\":\"https:\/\/www.pressenza.com\/fr\/2014\/12\/amma-le-monde-bras-le-corps\/#breadcrumb\",\"itemListElement\":[{\"@type\":\"ListItem\",\"position\":1,\"name\":\"Accueil\",\"item\":\"https:\/\/www.pressenza.com\/fr\/\"},{\"@type\":\"ListItem\",\"position\":2,\"name\":\"Amma : Le monde \u00e0 bras-le-corps\"}]},{\"@type\":\"WebSite\",\"@id\":\"https:\/\/www.pressenza.com\/fr\/#website\",\"url\":\"https:\/\/www.pressenza.com\/fr\/\",\"name\":\"Pressenza\",\"description\":\"International Press Agency\",\"publisher\":{\"@id\":\"https:\/\/www.pressenza.com\/fr\/#organization\"},\"potentialAction\":[{\"@type\":\"SearchAction\",\"target\":{\"@type\":\"EntryPoint\",\"urlTemplate\":\"https:\/\/www.pressenza.com\/fr\/?s={search_term_string}\"},\"query-input\":{\"@type\":\"PropertyValueSpecification\",\"valueRequired\":true,\"valueName\":\"search_term_string\"}}],\"inLanguage\":\"fr-FR\"},{\"@type\":\"Organization\",\"@id\":\"https:\/\/www.pressenza.com\/fr\/#organization\",\"name\":\"Pressenza\",\"url\":\"https:\/\/www.pressenza.com\/fr\/\",\"logo\":{\"@type\":\"ImageObject\",\"inLanguage\":\"fr-FR\",\"@id\":\"https:\/\/www.pressenza.com\/fr\/#\/schema\/logo\/image\/\",\"url\":\"https:\/\/www.pressenza.com\/wp-content\/uploads\/2022\/10\/pressenza_logo_200x200.jpg\",\"contentUrl\":\"https:\/\/www.pressenza.com\/wp-content\/uploads\/2022\/10\/pressenza_logo_200x200.jpg\",\"width\":200,\"height\":200,\"caption\":\"Pressenza\"},\"image\":{\"@id\":\"https:\/\/www.pressenza.com\/fr\/#\/schema\/logo\/image\/\"},\"sameAs\":[\"https:\/\/www.facebook.com\/PressenzaItalia\",\"https:\/\/x.com\/PressenzaIPA\"]},{\"@type\":\"Person\",\"@id\":\"https:\/\/www.pressenza.com\/fr\/#\/schema\/person\/ed412555e0d02523a5d1502d2a3d47d6\",\"name\":\"INREES - Institut de Recherche sur les Exp\u00e9riences Extraordinaires\",\"description\":\"L\u2019INREES - Institut de Recherche sur les Exp\u00e9riences Extraordinaires - est n\u00e9 du constat suivant : il est possible de s\u2019int\u00e9resser \u00e0 ces exp\u00e9riences que nous n\u2019arrivons pas \u00e0 expliquer et que nous qualifions d\u2019extraordinaires, voir de \u00ab surnaturelles \u00bb, tout en conservant les deux pieds sur terre. Pour cela l\u2019INREES s\u2019appuie sur un questionnement scientifique rigoureux tout en gardant \u00e0 l\u2019esprit, comme le soulignent d\u2019ailleurs les scientifiques eux-m\u00eames, que les connaissances que nous poss\u00e9dons sur la nature de la r\u00e9alit\u00e9 sont limit\u00e9es. www.inrees.com\",\"sameAs\":[\"https:\/\/www.inrees.com\/\",\"https:\/\/www.facebook.com\/INREES-135097866516826\/\",\"https:\/\/x.com\/INREES\"],\"url\":\"https:\/\/www.pressenza.com\/fr\/author\/inrees\/\"}]}<\/script>\n<!-- \/ Yoast SEO plugin. -->","yoast_head_json":{"title":"Amma : Le monde \u00e0 bras-le-corps","description":"Par R\u00e9jane Ereau . L\u2019image a fait le tour du monde : Mata Amritanandamayi, dite Amma, serrant dans ses bras des milliers de personnes. Sainte pour les","robots":{"index":"index","follow":"follow","max-snippet":"max-snippet:-1","max-image-preview":"max-image-preview:large","max-video-preview":"max-video-preview:-1"},"canonical":"https:\/\/www.pressenza.com\/fr\/2014\/12\/amma-le-monde-bras-le-corps\/","og_locale":"fr_FR","og_type":"article","og_title":"Amma : Le monde \u00e0 bras-le-corps","og_description":"Par R\u00e9jane Ereau . L\u2019image a fait le tour du monde : Mata Amritanandamayi, dite Amma, serrant dans ses bras des milliers de personnes. Sainte pour les","og_url":"https:\/\/www.pressenza.com\/fr\/2014\/12\/amma-le-monde-bras-le-corps\/","og_site_name":"Pressenza","article_publisher":"https:\/\/www.facebook.com\/PressenzaItalia","article_author":"https:\/\/www.facebook.com\/INREES-135097866516826\/","article_published_time":"2014-12-27T18:40:55+00:00","article_modified_time":"2014-12-27T18:41:28+00:00","og_image":[{"width":640,"height":640,"url":"https:\/\/www.pressenza.com\/wp-content\/uploads\/2014\/12\/Amma-le-monde-a-bras-le-corps-640px-Mata_Amritanandamayi.jpg","type":"image\/jpeg"}],"author":"INREES - Institut de Recherche sur les Exp\u00e9riences Extraordinaires","twitter_card":"summary_large_image","twitter_creator":"@INREES","twitter_site":"@PressenzaIPA","twitter_misc":{"\u00c9crit par":"INREES - Institut de Recherche sur les Exp\u00e9riences Extraordinaires","Dur\u00e9e de lecture estim\u00e9e":"4 minutes"},"schema":{"@context":"https:\/\/schema.org","@graph":[{"@type":"Article","@id":"https:\/\/www.pressenza.com\/fr\/2014\/12\/amma-le-monde-bras-le-corps\/#article","isPartOf":{"@id":"https:\/\/www.pressenza.com\/fr\/2014\/12\/amma-le-monde-bras-le-corps\/"},"author":{"name":"INREES - Institut de Recherche sur les Exp\u00e9riences Extraordinaires","@id":"https:\/\/www.pressenza.com\/fr\/#\/schema\/person\/ed412555e0d02523a5d1502d2a3d47d6"},"headline":"Amma : Le monde \u00e0 bras-le-corps","datePublished":"2014-12-27T18:40:55+00:00","dateModified":"2014-12-27T18:41:28+00:00","mainEntityOfPage":{"@id":"https:\/\/www.pressenza.com\/fr\/2014\/12\/amma-le-monde-bras-le-corps\/"},"wordCount":749,"publisher":{"@id":"https:\/\/www.pressenza.com\/fr\/#organization"},"image":{"@id":"https:\/\/www.pressenza.com\/fr\/2014\/12\/amma-le-monde-bras-le-corps\/#primaryimage"},"thumbnailUrl":"https:\/\/www.pressenza.com\/wp-content\/uploads\/2014\/12\/Amma-le-monde-a-bras-le-corps-640px-Mata_Amritanandamayi.jpg","keywords":["Amma"],"articleSection":["Asie","Humanisme et Spiritualit\u00e9","International"],"inLanguage":"fr-FR"},{"@type":"WebPage","@id":"https:\/\/www.pressenza.com\/fr\/2014\/12\/amma-le-monde-bras-le-corps\/","url":"https:\/\/www.pressenza.com\/fr\/2014\/12\/amma-le-monde-bras-le-corps\/","name":"Amma : Le monde \u00e0 bras-le-corps","isPartOf":{"@id":"https:\/\/www.pressenza.com\/fr\/#website"},"primaryImageOfPage":{"@id":"https:\/\/www.pressenza.com\/fr\/2014\/12\/amma-le-monde-bras-le-corps\/#primaryimage"},"image":{"@id":"https:\/\/www.pressenza.com\/fr\/2014\/12\/amma-le-monde-bras-le-corps\/#primaryimage"},"thumbnailUrl":"https:\/\/www.pressenza.com\/wp-content\/uploads\/2014\/12\/Amma-le-monde-a-bras-le-corps-640px-Mata_Amritanandamayi.jpg","datePublished":"2014-12-27T18:40:55+00:00","dateModified":"2014-12-27T18:41:28+00:00","description":"Par R\u00e9jane Ereau . L\u2019image a fait le tour du monde : Mata Amritanandamayi, dite Amma, serrant dans ses bras des milliers de personnes. Sainte pour les","breadcrumb":{"@id":"https:\/\/www.pressenza.com\/fr\/2014\/12\/amma-le-monde-bras-le-corps\/#breadcrumb"},"inLanguage":"fr-FR","potentialAction":[{"@type":"ReadAction","target":["https:\/\/www.pressenza.com\/fr\/2014\/12\/amma-le-monde-bras-le-corps\/"]}]},{"@type":"ImageObject","inLanguage":"fr-FR","@id":"https:\/\/www.pressenza.com\/fr\/2014\/12\/amma-le-monde-bras-le-corps\/#primaryimage","url":"https:\/\/www.pressenza.com\/wp-content\/uploads\/2014\/12\/Amma-le-monde-a-bras-le-corps-640px-Mata_Amritanandamayi.jpg","contentUrl":"https:\/\/www.pressenza.com\/wp-content\/uploads\/2014\/12\/Amma-le-monde-a-bras-le-corps-640px-Mata_Amritanandamayi.jpg","width":640,"height":640},{"@type":"BreadcrumbList","@id":"https:\/\/www.pressenza.com\/fr\/2014\/12\/amma-le-monde-bras-le-corps\/#breadcrumb","itemListElement":[{"@type":"ListItem","position":1,"name":"Accueil","item":"https:\/\/www.pressenza.com\/fr\/"},{"@type":"ListItem","position":2,"name":"Amma : Le monde \u00e0 bras-le-corps"}]},{"@type":"WebSite","@id":"https:\/\/www.pressenza.com\/fr\/#website","url":"https:\/\/www.pressenza.com\/fr\/","name":"Pressenza","description":"International Press Agency","publisher":{"@id":"https:\/\/www.pressenza.com\/fr\/#organization"},"potentialAction":[{"@type":"SearchAction","target":{"@type":"EntryPoint","urlTemplate":"https:\/\/www.pressenza.com\/fr\/?s={search_term_string}"},"query-input":{"@type":"PropertyValueSpecification","valueRequired":true,"valueName":"search_term_string"}}],"inLanguage":"fr-FR"},{"@type":"Organization","@id":"https:\/\/www.pressenza.com\/fr\/#organization","name":"Pressenza","url":"https:\/\/www.pressenza.com\/fr\/","logo":{"@type":"ImageObject","inLanguage":"fr-FR","@id":"https:\/\/www.pressenza.com\/fr\/#\/schema\/logo\/image\/","url":"https:\/\/www.pressenza.com\/wp-content\/uploads\/2022\/10\/pressenza_logo_200x200.jpg","contentUrl":"https:\/\/www.pressenza.com\/wp-content\/uploads\/2022\/10\/pressenza_logo_200x200.jpg","width":200,"height":200,"caption":"Pressenza"},"image":{"@id":"https:\/\/www.pressenza.com\/fr\/#\/schema\/logo\/image\/"},"sameAs":["https:\/\/www.facebook.com\/PressenzaItalia","https:\/\/x.com\/PressenzaIPA"]},{"@type":"Person","@id":"https:\/\/www.pressenza.com\/fr\/#\/schema\/person\/ed412555e0d02523a5d1502d2a3d47d6","name":"INREES - Institut de Recherche sur les Exp\u00e9riences Extraordinaires","description":"L\u2019INREES - Institut de Recherche sur les Exp\u00e9riences Extraordinaires - est n\u00e9 du constat suivant : il est possible de s\u2019int\u00e9resser \u00e0 ces exp\u00e9riences que nous n\u2019arrivons pas \u00e0 expliquer et que nous qualifions d\u2019extraordinaires, voir de \u00ab surnaturelles \u00bb, tout en conservant les deux pieds sur terre. Pour cela l\u2019INREES s\u2019appuie sur un questionnement scientifique rigoureux tout en gardant \u00e0 l\u2019esprit, comme le soulignent d\u2019ailleurs les scientifiques eux-m\u00eames, que les connaissances que nous poss\u00e9dons sur la nature de la r\u00e9alit\u00e9 sont limit\u00e9es. www.inrees.com","sameAs":["https:\/\/www.inrees.com\/","https:\/\/www.facebook.com\/INREES-135097866516826\/","https:\/\/x.com\/INREES"],"url":"https:\/\/www.pressenza.com\/fr\/author\/inrees\/"}]}},"place":"","original_article_url":"http:\/\/www.inrees.com\/articles\/Amma-Le-monde-a-bras-le-corps\/","_links":{"self":[{"href":"https:\/\/www.pressenza.com\/fr\/wp-json\/wp\/v2\/posts\/151333","targetHints":{"allow":["GET"]}}],"collection":[{"href":"https:\/\/www.pressenza.com\/fr\/wp-json\/wp\/v2\/posts"}],"about":[{"href":"https:\/\/www.pressenza.com\/fr\/wp-json\/wp\/v2\/types\/post"}],"author":[{"embeddable":true,"href":"https:\/\/www.pressenza.com\/fr\/wp-json\/wp\/v2\/users\/1142"}],"replies":[{"embeddable":true,"href":"https:\/\/www.pressenza.com\/fr\/wp-json\/wp\/v2\/comments?post=151333"}],"version-history":[{"count":0,"href":"https:\/\/www.pressenza.com\/fr\/wp-json\/wp\/v2\/posts\/151333\/revisions"}],"wp:featuredmedia":[{"embeddable":true,"href":"https:\/\/www.pressenza.com\/fr\/wp-json\/wp\/v2\/media\/154625"}],"wp:attachment":[{"href":"https:\/\/www.pressenza.com\/fr\/wp-json\/wp\/v2\/media?parent=151333"}],"wp:term":[{"taxonomy":"category","embeddable":true,"href":"https:\/\/www.pressenza.com\/fr\/wp-json\/wp\/v2\/categories?post=151333"},{"taxonomy":"post_tag","embeddable":true,"href":"https:\/\/www.pressenza.com\/fr\/wp-json\/wp\/v2\/tags?post=151333"}],"curies":[{"name":"wp","href":"https:\/\/api.w.org\/{rel}","templated":true}]}}