{"id":1511649,"date":"2022-01-28T17:03:33","date_gmt":"2022-01-28T17:03:33","guid":{"rendered":"https:\/\/www.pressenza.com\/?p=1511649"},"modified":"2022-01-28T17:03:33","modified_gmt":"2022-01-28T17:03:33","slug":"manifestations-intersyndicales-greves-et-revendications-pour-laugmentation-des-salaires","status":"publish","type":"post","link":"https:\/\/www.pressenza.com\/fr\/2022\/01\/manifestations-intersyndicales-greves-et-revendications-pour-laugmentation-des-salaires\/","title":{"rendered":"Manifestations intersyndicales, gr\u00e8ves et revendications pour l\u2019augmentation des salaires"},"content":{"rendered":"<p>Par Camilo Morales<\/p>\n<p>Ce jeudi 27 janvier, de grandes manifestations ainsi que des gr\u00e8ves se sont d\u00e9roul\u00e9es dans la plupart des villes de France par tous les mouvements syndicaux pour une augmentation cons\u00e9quente des salaires\u00a0 et pour un meilleur pouvoir d\u2019achat. C\u2019est \u00e9galement la troisi\u00e8me semaine d&rsquo;affil\u00e9e que les profs se mobilisent contre la gestion de l\u2019\u00e9ducation par le ministre Jean-Michel Blanquer.<\/p>\n<p>Voici un diaporama de la manifestation de la ville d&rsquo;Orl\u00e9ans<\/p>\n<div class=\"post-gallery\">\n\t\t\t<figure class=\"post-gallery-item\">\n\t\t\t\t<img decoding=\"async\" src=\"https:\/\/www.pressenza.com\/wp-content\/uploads\/2022\/01\/Banderole-CGT.jpg\" loading=\"lazy\">\n\t\t\t\t<figcaption>\n\t\t\t\t\t\n\t\t\t\t<\/figcaption>\n\t\t\t<\/figure>\n\t\t\t<figure class=\"post-gallery-item\">\n\t\t\t\t<img decoding=\"async\" src=\"https:\/\/www.pressenza.com\/wp-content\/uploads\/2022\/01\/Traverser-tram.jpg\" loading=\"lazy\">\n\t\t\t\t<figcaption>\n\t\t\t\t\t\n\t\t\t\t<\/figcaption>\n\t\t\t<\/figure>\n\t\t\t<figure class=\"post-gallery-item\">\n\t\t\t\t<img decoding=\"async\" src=\"https:\/\/www.pressenza.com\/wp-content\/uploads\/2022\/01\/Slogan-manif.jpg\" loading=\"lazy\">\n\t\t\t\t<figcaption>\n\t\t\t\t\t\n\t\t\t\t<\/figcaption>\n\t\t\t<\/figure>\n\t\t\t<figure class=\"post-gallery-item\">\n\t\t\t\t<img decoding=\"async\" src=\"https:\/\/www.pressenza.com\/wp-content\/uploads\/2022\/01\/Pancarte-antiMacron.jpg\" loading=\"lazy\">\n\t\t\t\t<figcaption>\n\t\t\t\t\t\n\t\t\t\t<\/figcaption>\n\t\t\t<\/figure>\n\t\t\t<figure class=\"post-gallery-item\">\n\t\t\t\t<img decoding=\"async\" src=\"https:\/\/www.pressenza.com\/wp-content\/uploads\/2022\/01\/Nouvelle-banderole.jpg\" loading=\"lazy\">\n\t\t\t\t<figcaption>\n\t\t\t\t\t\n\t\t\t\t<\/figcaption>\n\t\t\t<\/figure>\n\t\t\t<figure class=\"post-gallery-item\">\n\t\t\t\t<img decoding=\"async\" src=\"https:\/\/www.pressenza.com\/wp-content\/uploads\/2022\/01\/Milieu-cortege.jpg\" loading=\"lazy\">\n\t\t\t\t<figcaption>\n\t\t\t\t\t\n\t\t\t\t<\/figcaption>\n\t\t\t<\/figure>\n\t\t\t<figure class=\"post-gallery-item\">\n\t\t\t\t<img decoding=\"async\" src=\"https:\/\/www.pressenza.com\/wp-content\/uploads\/2022\/01\/Masse-de-manifestants.jpg\" loading=\"lazy\">\n\t\t\t\t<figcaption>\n\t\t\t\t\t\n\t\t\t\t<\/figcaption>\n\t\t\t<\/figure>\n\t\t\t<figure class=\"post-gallery-item\">\n\t\t\t\t<img decoding=\"async\" src=\"https:\/\/www.pressenza.com\/wp-content\/uploads\/2022\/01\/manif-cortege-CGT.jpg\" loading=\"lazy\">\n\t\t\t\t<figcaption>\n\t\t\t\t\t\n\t\t\t\t<\/figcaption>\n\t\t\t<\/figure>\n\t\t\t<figure class=\"post-gallery-item\">\n\t\t\t\t<img decoding=\"async\" src=\"https:\/\/www.pressenza.com\/wp-content\/uploads\/2022\/01\/Fin-cortege.jpg\" loading=\"lazy\">\n\t\t\t\t<figcaption>\n\t\t\t\t\t\n\t\t\t\t<\/figcaption>\n\t\t\t<\/figure>\n\t\t\t<figure class=\"post-gallery-item\">\n\t\t\t\t<img decoding=\"async\" src=\"https:\/\/www.pressenza.com\/wp-content\/uploads\/2022\/01\/Drapeau-prof.jpg\" loading=\"lazy\">\n\t\t\t\t<figcaption>\n\t\t\t\t\t\n\t\t\t\t<\/figcaption>\n\t\t\t<\/figure><\/div>\n","protected":false},"excerpt":{"rendered":"<p>Par Camilo Morales Ce jeudi 27 janvier, de grandes manifestations ainsi que des gr\u00e8ves se sont d\u00e9roul\u00e9es dans la plupart des villes de France par tous les mouvements syndicaux pour une augmentation cons\u00e9quente des salaires\u00a0 et pour un meilleur pouvoir&hellip;<\/p>\n","protected":false},"author":926,"featured_media":1511753,"comment_status":"closed","ping_status":"closed","sticky":false,"template":"","format":"standard","meta":{"footnotes":""},"categories":[11386,20604,1248,5700],"tags":[307,98792,24681],"class_list":["post-1511649","post","type-post","status-publish","format-standard","has-post-thumbnail","hentry","category-contenu-original","category-non-classifiee","category-nonviolence-sujet","category-reportages-photo","tag-manifestation","tag-orleans","tag-syndicat"],"yoast_head":"<!-- This site is optimized with the Yoast SEO plugin v27.1.1 - https:\/\/yoast.com\/product\/yoast-seo-wordpress\/ -->\n<title>Manifestations intersyndicales, gr\u00e8ves et revendications pour l\u2019augmentation des salaires<\/title>\n<meta name=\"description\" content=\"Par Camilo Morales Ce jeudi 27 janvier, de grandes manifestations ainsi que des gr\u00e8ves se sont d\u00e9roul\u00e9es dans la plupart des villes de France par tous les\" \/>\n<meta name=\"robots\" content=\"index, follow, max-snippet:-1, max-image-preview:large, max-video-preview:-1\" \/>\n<link rel=\"canonical\" href=\"https:\/\/www.pressenza.com\/fr\/2022\/01\/manifestations-intersyndicales-greves-et-revendications-pour-laugmentation-des-salaires\/\" \/>\n<meta property=\"og:locale\" content=\"fr_FR\" \/>\n<meta property=\"og:type\" content=\"article\" \/>\n<meta property=\"og:title\" content=\"Manifestations intersyndicales, gr\u00e8ves et revendications pour l\u2019augmentation des salaires\" \/>\n<meta property=\"og:description\" content=\"Par Camilo Morales Ce jeudi 27 janvier, de grandes manifestations ainsi que des gr\u00e8ves se sont d\u00e9roul\u00e9es dans la plupart des villes de France par tous les\" \/>\n<meta property=\"og:url\" content=\"https:\/\/www.pressenza.com\/fr\/2022\/01\/manifestations-intersyndicales-greves-et-revendications-pour-laugmentation-des-salaires\/\" \/>\n<meta property=\"og:site_name\" content=\"Pressenza\" \/>\n<meta property=\"article:publisher\" content=\"https:\/\/www.facebook.com\/PressenzaItalia\" \/>\n<meta property=\"article:published_time\" content=\"2022-01-28T17:03:33+00:00\" \/>\n<meta property=\"og:image\" content=\"https:\/\/www.pressenza.com\/wp-content\/uploads\/2022\/01\/Banderole-CGT.jpg\" \/>\n\t<meta property=\"og:image:width\" content=\"820\" \/>\n\t<meta property=\"og:image:height\" content=\"546\" \/>\n\t<meta property=\"og:image:type\" content=\"image\/jpeg\" \/>\n<meta name=\"author\" content=\"R\u00e9daction France\" \/>\n<meta name=\"twitter:card\" content=\"summary_large_image\" \/>\n<meta name=\"twitter:creator\" content=\"@PressenzaIPA\" \/>\n<meta name=\"twitter:site\" content=\"@PressenzaIPA\" \/>\n<meta name=\"twitter:label1\" content=\"\u00c9crit par\" \/>\n\t<meta name=\"twitter:data1\" content=\"R\u00e9daction France\" \/>\n<script type=\"application\/ld+json\" class=\"yoast-schema-graph\">{\"@context\":\"https:\/\/schema.org\",\"@graph\":[{\"@type\":\"Article\",\"@id\":\"https:\/\/www.pressenza.com\/fr\/2022\/01\/manifestations-intersyndicales-greves-et-revendications-pour-laugmentation-des-salaires\/#article\",\"isPartOf\":{\"@id\":\"https:\/\/www.pressenza.com\/fr\/2022\/01\/manifestations-intersyndicales-greves-et-revendications-pour-laugmentation-des-salaires\/\"},\"author\":{\"name\":\"R\u00e9daction France\",\"@id\":\"https:\/\/www.pressenza.com\/fr\/#\/schema\/person\/3c9fe6670cc2cffbd37562f87b98e869\"},\"headline\":\"Manifestations intersyndicales, gr\u00e8ves et revendications pour l\u2019augmentation des salaires\",\"datePublished\":\"2022-01-28T17:03:33+00:00\",\"mainEntityOfPage\":{\"@id\":\"https:\/\/www.pressenza.com\/fr\/2022\/01\/manifestations-intersyndicales-greves-et-revendications-pour-laugmentation-des-salaires\/\"},\"wordCount\":96,\"publisher\":{\"@id\":\"https:\/\/www.pressenza.com\/fr\/#organization\"},\"image\":{\"@id\":\"https:\/\/www.pressenza.com\/fr\/2022\/01\/manifestations-intersyndicales-greves-et-revendications-pour-laugmentation-des-salaires\/#primaryimage\"},\"thumbnailUrl\":\"https:\/\/www.pressenza.com\/wp-content\/uploads\/2022\/01\/Banderole-CGT.jpg\",\"keywords\":[\"manifestation\",\"Orl\u00e9ans\",\"syndicat\"],\"articleSection\":[\"Contenu Original\",\"Non classifi\u00e9(e)\",\"Non-violence\",\"Reportages photo\"],\"inLanguage\":\"fr-FR\"},{\"@type\":\"WebPage\",\"@id\":\"https:\/\/www.pressenza.com\/fr\/2022\/01\/manifestations-intersyndicales-greves-et-revendications-pour-laugmentation-des-salaires\/\",\"url\":\"https:\/\/www.pressenza.com\/fr\/2022\/01\/manifestations-intersyndicales-greves-et-revendications-pour-laugmentation-des-salaires\/\",\"name\":\"Manifestations intersyndicales, gr\u00e8ves et revendications pour l\u2019augmentation des salaires\",\"isPartOf\":{\"@id\":\"https:\/\/www.pressenza.com\/fr\/#website\"},\"primaryImageOfPage\":{\"@id\":\"https:\/\/www.pressenza.com\/fr\/2022\/01\/manifestations-intersyndicales-greves-et-revendications-pour-laugmentation-des-salaires\/#primaryimage\"},\"image\":{\"@id\":\"https:\/\/www.pressenza.com\/fr\/2022\/01\/manifestations-intersyndicales-greves-et-revendications-pour-laugmentation-des-salaires\/#primaryimage\"},\"thumbnailUrl\":\"https:\/\/www.pressenza.com\/wp-content\/uploads\/2022\/01\/Banderole-CGT.jpg\",\"datePublished\":\"2022-01-28T17:03:33+00:00\",\"description\":\"Par Camilo Morales Ce jeudi 27 janvier, de grandes manifestations ainsi que des gr\u00e8ves se sont d\u00e9roul\u00e9es dans la plupart des villes de France par tous les\",\"breadcrumb\":{\"@id\":\"https:\/\/www.pressenza.com\/fr\/2022\/01\/manifestations-intersyndicales-greves-et-revendications-pour-laugmentation-des-salaires\/#breadcrumb\"},\"inLanguage\":\"fr-FR\",\"potentialAction\":[{\"@type\":\"ReadAction\",\"target\":[\"https:\/\/www.pressenza.com\/fr\/2022\/01\/manifestations-intersyndicales-greves-et-revendications-pour-laugmentation-des-salaires\/\"]}]},{\"@type\":\"ImageObject\",\"inLanguage\":\"fr-FR\",\"@id\":\"https:\/\/www.pressenza.com\/fr\/2022\/01\/manifestations-intersyndicales-greves-et-revendications-pour-laugmentation-des-salaires\/#primaryimage\",\"url\":\"https:\/\/www.pressenza.com\/wp-content\/uploads\/2022\/01\/Banderole-CGT.jpg\",\"contentUrl\":\"https:\/\/www.pressenza.com\/wp-content\/uploads\/2022\/01\/Banderole-CGT.jpg\",\"width\":820,\"height\":546},{\"@type\":\"BreadcrumbList\",\"@id\":\"https:\/\/www.pressenza.com\/fr\/2022\/01\/manifestations-intersyndicales-greves-et-revendications-pour-laugmentation-des-salaires\/#breadcrumb\",\"itemListElement\":[{\"@type\":\"ListItem\",\"position\":1,\"name\":\"Accueil\",\"item\":\"https:\/\/www.pressenza.com\/fr\/\"},{\"@type\":\"ListItem\",\"position\":2,\"name\":\"Manifestations intersyndicales, gr\u00e8ves et revendications pour l\u2019augmentation des salaires\"}]},{\"@type\":\"WebSite\",\"@id\":\"https:\/\/www.pressenza.com\/fr\/#website\",\"url\":\"https:\/\/www.pressenza.com\/fr\/\",\"name\":\"Pressenza\",\"description\":\"International Press Agency\",\"publisher\":{\"@id\":\"https:\/\/www.pressenza.com\/fr\/#organization\"},\"potentialAction\":[{\"@type\":\"SearchAction\",\"target\":{\"@type\":\"EntryPoint\",\"urlTemplate\":\"https:\/\/www.pressenza.com\/fr\/?s={search_term_string}\"},\"query-input\":{\"@type\":\"PropertyValueSpecification\",\"valueRequired\":true,\"valueName\":\"search_term_string\"}}],\"inLanguage\":\"fr-FR\"},{\"@type\":\"Organization\",\"@id\":\"https:\/\/www.pressenza.com\/fr\/#organization\",\"name\":\"Pressenza\",\"url\":\"https:\/\/www.pressenza.com\/fr\/\",\"logo\":{\"@type\":\"ImageObject\",\"inLanguage\":\"fr-FR\",\"@id\":\"https:\/\/www.pressenza.com\/fr\/#\/schema\/logo\/image\/\",\"url\":\"https:\/\/www.pressenza.com\/wp-content\/uploads\/2022\/10\/pressenza_logo_200x200.jpg\",\"contentUrl\":\"https:\/\/www.pressenza.com\/wp-content\/uploads\/2022\/10\/pressenza_logo_200x200.jpg\",\"width\":200,\"height\":200,\"caption\":\"Pressenza\"},\"image\":{\"@id\":\"https:\/\/www.pressenza.com\/fr\/#\/schema\/logo\/image\/\"},\"sameAs\":[\"https:\/\/www.facebook.com\/PressenzaItalia\",\"https:\/\/x.com\/PressenzaIPA\"]},{\"@type\":\"Person\",\"@id\":\"https:\/\/www.pressenza.com\/fr\/#\/schema\/person\/3c9fe6670cc2cffbd37562f87b98e869\",\"name\":\"R\u00e9daction France\",\"description\":\"News published by the Pressenza bureau in France\",\"sameAs\":[\"http:\/\/www.pressenza.com\/fr\"],\"url\":\"https:\/\/www.pressenza.com\/fr\/author\/redactionfrance\/\"}]}<\/script>\n<!-- \/ Yoast SEO plugin. -->","yoast_head_json":{"title":"Manifestations intersyndicales, gr\u00e8ves et revendications pour l\u2019augmentation des salaires","description":"Par Camilo Morales Ce jeudi 27 janvier, de grandes manifestations ainsi que des gr\u00e8ves se sont d\u00e9roul\u00e9es dans la plupart des villes de France par tous les","robots":{"index":"index","follow":"follow","max-snippet":"max-snippet:-1","max-image-preview":"max-image-preview:large","max-video-preview":"max-video-preview:-1"},"canonical":"https:\/\/www.pressenza.com\/fr\/2022\/01\/manifestations-intersyndicales-greves-et-revendications-pour-laugmentation-des-salaires\/","og_locale":"fr_FR","og_type":"article","og_title":"Manifestations intersyndicales, gr\u00e8ves et revendications pour l\u2019augmentation des salaires","og_description":"Par Camilo Morales Ce jeudi 27 janvier, de grandes manifestations ainsi que des gr\u00e8ves se sont d\u00e9roul\u00e9es dans la plupart des villes de France par tous les","og_url":"https:\/\/www.pressenza.com\/fr\/2022\/01\/manifestations-intersyndicales-greves-et-revendications-pour-laugmentation-des-salaires\/","og_site_name":"Pressenza","article_publisher":"https:\/\/www.facebook.com\/PressenzaItalia","article_published_time":"2022-01-28T17:03:33+00:00","og_image":[{"width":820,"height":546,"url":"https:\/\/www.pressenza.com\/wp-content\/uploads\/2022\/01\/Banderole-CGT.jpg","type":"image\/jpeg"}],"author":"R\u00e9daction France","twitter_card":"summary_large_image","twitter_creator":"@PressenzaIPA","twitter_site":"@PressenzaIPA","twitter_misc":{"\u00c9crit par":"R\u00e9daction France"},"schema":{"@context":"https:\/\/schema.org","@graph":[{"@type":"Article","@id":"https:\/\/www.pressenza.com\/fr\/2022\/01\/manifestations-intersyndicales-greves-et-revendications-pour-laugmentation-des-salaires\/#article","isPartOf":{"@id":"https:\/\/www.pressenza.com\/fr\/2022\/01\/manifestations-intersyndicales-greves-et-revendications-pour-laugmentation-des-salaires\/"},"author":{"name":"R\u00e9daction France","@id":"https:\/\/www.pressenza.com\/fr\/#\/schema\/person\/3c9fe6670cc2cffbd37562f87b98e869"},"headline":"Manifestations intersyndicales, gr\u00e8ves et revendications pour l\u2019augmentation des salaires","datePublished":"2022-01-28T17:03:33+00:00","mainEntityOfPage":{"@id":"https:\/\/www.pressenza.com\/fr\/2022\/01\/manifestations-intersyndicales-greves-et-revendications-pour-laugmentation-des-salaires\/"},"wordCount":96,"publisher":{"@id":"https:\/\/www.pressenza.com\/fr\/#organization"},"image":{"@id":"https:\/\/www.pressenza.com\/fr\/2022\/01\/manifestations-intersyndicales-greves-et-revendications-pour-laugmentation-des-salaires\/#primaryimage"},"thumbnailUrl":"https:\/\/www.pressenza.com\/wp-content\/uploads\/2022\/01\/Banderole-CGT.jpg","keywords":["manifestation","Orl\u00e9ans","syndicat"],"articleSection":["Contenu Original","Non classifi\u00e9(e)","Non-violence","Reportages photo"],"inLanguage":"fr-FR"},{"@type":"WebPage","@id":"https:\/\/www.pressenza.com\/fr\/2022\/01\/manifestations-intersyndicales-greves-et-revendications-pour-laugmentation-des-salaires\/","url":"https:\/\/www.pressenza.com\/fr\/2022\/01\/manifestations-intersyndicales-greves-et-revendications-pour-laugmentation-des-salaires\/","name":"Manifestations intersyndicales, gr\u00e8ves et revendications pour l\u2019augmentation des salaires","isPartOf":{"@id":"https:\/\/www.pressenza.com\/fr\/#website"},"primaryImageOfPage":{"@id":"https:\/\/www.pressenza.com\/fr\/2022\/01\/manifestations-intersyndicales-greves-et-revendications-pour-laugmentation-des-salaires\/#primaryimage"},"image":{"@id":"https:\/\/www.pressenza.com\/fr\/2022\/01\/manifestations-intersyndicales-greves-et-revendications-pour-laugmentation-des-salaires\/#primaryimage"},"thumbnailUrl":"https:\/\/www.pressenza.com\/wp-content\/uploads\/2022\/01\/Banderole-CGT.jpg","datePublished":"2022-01-28T17:03:33+00:00","description":"Par Camilo Morales Ce jeudi 27 janvier, de grandes manifestations ainsi que des gr\u00e8ves se sont d\u00e9roul\u00e9es dans la plupart des villes de France par tous les","breadcrumb":{"@id":"https:\/\/www.pressenza.com\/fr\/2022\/01\/manifestations-intersyndicales-greves-et-revendications-pour-laugmentation-des-salaires\/#breadcrumb"},"inLanguage":"fr-FR","potentialAction":[{"@type":"ReadAction","target":["https:\/\/www.pressenza.com\/fr\/2022\/01\/manifestations-intersyndicales-greves-et-revendications-pour-laugmentation-des-salaires\/"]}]},{"@type":"ImageObject","inLanguage":"fr-FR","@id":"https:\/\/www.pressenza.com\/fr\/2022\/01\/manifestations-intersyndicales-greves-et-revendications-pour-laugmentation-des-salaires\/#primaryimage","url":"https:\/\/www.pressenza.com\/wp-content\/uploads\/2022\/01\/Banderole-CGT.jpg","contentUrl":"https:\/\/www.pressenza.com\/wp-content\/uploads\/2022\/01\/Banderole-CGT.jpg","width":820,"height":546},{"@type":"BreadcrumbList","@id":"https:\/\/www.pressenza.com\/fr\/2022\/01\/manifestations-intersyndicales-greves-et-revendications-pour-laugmentation-des-salaires\/#breadcrumb","itemListElement":[{"@type":"ListItem","position":1,"name":"Accueil","item":"https:\/\/www.pressenza.com\/fr\/"},{"@type":"ListItem","position":2,"name":"Manifestations intersyndicales, gr\u00e8ves et revendications pour l\u2019augmentation des salaires"}]},{"@type":"WebSite","@id":"https:\/\/www.pressenza.com\/fr\/#website","url":"https:\/\/www.pressenza.com\/fr\/","name":"Pressenza","description":"International Press Agency","publisher":{"@id":"https:\/\/www.pressenza.com\/fr\/#organization"},"potentialAction":[{"@type":"SearchAction","target":{"@type":"EntryPoint","urlTemplate":"https:\/\/www.pressenza.com\/fr\/?s={search_term_string}"},"query-input":{"@type":"PropertyValueSpecification","valueRequired":true,"valueName":"search_term_string"}}],"inLanguage":"fr-FR"},{"@type":"Organization","@id":"https:\/\/www.pressenza.com\/fr\/#organization","name":"Pressenza","url":"https:\/\/www.pressenza.com\/fr\/","logo":{"@type":"ImageObject","inLanguage":"fr-FR","@id":"https:\/\/www.pressenza.com\/fr\/#\/schema\/logo\/image\/","url":"https:\/\/www.pressenza.com\/wp-content\/uploads\/2022\/10\/pressenza_logo_200x200.jpg","contentUrl":"https:\/\/www.pressenza.com\/wp-content\/uploads\/2022\/10\/pressenza_logo_200x200.jpg","width":200,"height":200,"caption":"Pressenza"},"image":{"@id":"https:\/\/www.pressenza.com\/fr\/#\/schema\/logo\/image\/"},"sameAs":["https:\/\/www.facebook.com\/PressenzaItalia","https:\/\/x.com\/PressenzaIPA"]},{"@type":"Person","@id":"https:\/\/www.pressenza.com\/fr\/#\/schema\/person\/3c9fe6670cc2cffbd37562f87b98e869","name":"R\u00e9daction France","description":"News published by the Pressenza bureau in France","sameAs":["http:\/\/www.pressenza.com\/fr"],"url":"https:\/\/www.pressenza.com\/fr\/author\/redactionfrance\/"}]}},"place":"Orl\u00e9ans, France","original_article_url":"","_links":{"self":[{"href":"https:\/\/www.pressenza.com\/fr\/wp-json\/wp\/v2\/posts\/1511649","targetHints":{"allow":["GET"]}}],"collection":[{"href":"https:\/\/www.pressenza.com\/fr\/wp-json\/wp\/v2\/posts"}],"about":[{"href":"https:\/\/www.pressenza.com\/fr\/wp-json\/wp\/v2\/types\/post"}],"author":[{"embeddable":true,"href":"https:\/\/www.pressenza.com\/fr\/wp-json\/wp\/v2\/users\/926"}],"replies":[{"embeddable":true,"href":"https:\/\/www.pressenza.com\/fr\/wp-json\/wp\/v2\/comments?post=1511649"}],"version-history":[{"count":0,"href":"https:\/\/www.pressenza.com\/fr\/wp-json\/wp\/v2\/posts\/1511649\/revisions"}],"wp:featuredmedia":[{"embeddable":true,"href":"https:\/\/www.pressenza.com\/fr\/wp-json\/wp\/v2\/media\/1511753"}],"wp:attachment":[{"href":"https:\/\/www.pressenza.com\/fr\/wp-json\/wp\/v2\/media?parent=1511649"}],"wp:term":[{"taxonomy":"category","embeddable":true,"href":"https:\/\/www.pressenza.com\/fr\/wp-json\/wp\/v2\/categories?post=1511649"},{"taxonomy":"post_tag","embeddable":true,"href":"https:\/\/www.pressenza.com\/fr\/wp-json\/wp\/v2\/tags?post=1511649"}],"curies":[{"name":"wp","href":"https:\/\/api.w.org\/{rel}","templated":true}]}}