{"id":1510282,"date":"2022-01-26T17:46:02","date_gmt":"2022-01-26T17:46:02","guid":{"rendered":"https:\/\/www.pressenza.com\/?p=1510282"},"modified":"2022-01-26T17:46:02","modified_gmt":"2022-01-26T17:46:02","slug":"rehuno-depasser-la-violence-dans-le-domaine-de-la-sante","status":"publish","type":"post","link":"https:\/\/www.pressenza.com\/fr\/2022\/01\/rehuno-depasser-la-violence-dans-le-domaine-de-la-sante\/","title":{"rendered":"REHuNo : d\u00e9passer la violence dans le domaine de la sant\u00e9"},"content":{"rendered":"<p>A l&rsquo;occasion de la r\u00e9union internationale semestrielle de notre agence, qui s&rsquo;est tenue les 15 et 16 janvier, nous avons entendu le t\u00e9moignage de V\u00edctor Piccininni, l&rsquo;un des promoteurs de REHuNo, R\u00e9seau Humaniste d&rsquo;Informations sur la Sant\u00e9. Nous publions ci-dessous la vid\u00e9o de son intervention en espagnol, avec des sous-titres en anglais et une transcription en fran\u00e7ais.<\/p>\n<p><em>Pour voir la vid\u00e9o ( 2\u2032 20\u2032\u2032 ) avec les sous-titres en fran\u00e7ais sur un ordinateur : <strong>1.<\/strong>\u00a0Cliquez sur l\u2019ic\u00f4ne\u00a0<strong>Sous-titres\u00a0<\/strong>(rectangle blanc en bas \u00e0 droite de la fen\u00eatre du lecteur vid\u00e9o<\/em><em>).\u00a0 \u00a0<strong>2.<\/strong>\u00a0<\/em><em>Cliquez sur l\u2019ic\u00f4ne\u00a0<strong>Param\u00e8tres\u00a0<\/strong>(roue dent\u00e9e\u00a0en bas \u00e0 droite<\/em><em>), puis cliquez\u00a0<\/em><em>successivement sur\u00a0<strong>Sous-titres<\/strong>, puis sur\u00a0<strong>Traduire automatiquement<\/strong>.\u00a0\u00a0\u00a0\u00a0<strong>3.<\/strong>\u00a0Dans la fen\u00eatre qui s\u2019ouvre, faites d\u00e9filer la liste des langues et cliquez sur\u00a0<strong>Fran\u00e7ais<\/strong>.<\/em><\/p>\n<p><iframe loading=\"lazy\" title=\"salud victor piccininni\" width=\"500\" height=\"281\" src=\"https:\/\/www.youtube.com\/embed\/7sWeA5Cn_Mk?feature=oembed\" frameborder=\"0\" allow=\"accelerometer; autoplay; clipboard-write; encrypted-media; gyroscope; picture-in-picture; web-share\" referrerpolicy=\"strict-origin-when-cross-origin\" allowfullscreen><\/iframe><\/p>\n<p><strong>Transcription:<\/strong><\/p>\n<p>REHuNo R\u00e9seau Humaniste de Nouvelles de la Sant\u00e9, en collaboration avec l&rsquo;Agence Pressenza International, continuera \u00e0 promouvoir la diffusion et la g\u00e9n\u00e9ration d&rsquo;informations qui collaborent au d\u00e9passement des situations de violence dans le domaine de la Sant\u00e9.<\/p>\n<p>L\u2019objectif de cette information est\u00a0 :<\/p>\n<p>&#8211; D\u2019atteindre l&rsquo;\u00e9galit\u00e9 d&rsquo;acc\u00e8s \u00e0 la sant\u00e9 int\u00e9grale, quelle que soit la situation sociale, \u00e9conomique, culturelle ou de genre de la population. Nous comprenons la sant\u00e9 int\u00e9grale comme \u00e9tant celle qui traite simultan\u00e9ment les aspects physiques, psychologiques, mentaux, environnementaux et spirituels.<\/p>\n<p>&#8211; De vaincre la violence en mati\u00e8re de sant\u00e9 li\u00e9e \u00e0 la discrimination fond\u00e9e sur le sexe ou l&rsquo;appartenance \u00e0 des groupes vuln\u00e9rables.<\/p>\n<p>-De d\u00e9passer les situations de violence obst\u00e9tricale g\u00e9n\u00e9r\u00e9es \u00e0 la naissance, au d\u00e9but d&rsquo;une vie, et aussi celles li\u00e9es au manque d&rsquo;accompagnement et de soins ad\u00e9quats \u00e0 la fin de la vie d&rsquo;une personne.<\/p>\n<p>&#8211; De promouvoir les d\u00e9couvertes et les informations qui luttent pour l&rsquo;acc\u00e8s universel \u00e0 une alimentation et un logement ad\u00e9quats, l&rsquo;acc\u00e8s \u00e0 l&rsquo;eau potable et, dans la situation actuelle, la distribution \u00e9quitable et sans but lucratif du vaccin contre le Covid, ind\u00e9pendamment de la r\u00e9gion et de la situation \u00e9conomique de la population.<\/p>\n<p>Tout cela fait partie des objectifs et des aspirations humanistes de Pressenza et de REHuNO, le r\u00e9seau d&rsquo;information sanitaire humaniste.<\/p>\n","protected":false},"excerpt":{"rendered":"<p>A l&rsquo;occasion de la r\u00e9union internationale semestrielle de notre agence, qui s&rsquo;est tenue les 15 et 16 janvier, nous avons entendu le t\u00e9moignage de V\u00edctor Piccininni, l&rsquo;un des promoteurs de REHuNo, R\u00e9seau Humaniste d&rsquo;Informations sur la Sant\u00e9. Nous publions ci-dessous&hellip;<\/p>\n","protected":false},"author":1680,"featured_media":1510054,"comment_status":"closed","ping_status":"closed","sticky":false,"template":"","format":"standard","meta":{"footnotes":""},"categories":[86,11386,1245,27989],"tags":[61113,98759,296,82993,269],"class_list":["post-1510282","post","type-post","status-publish","format-standard","has-post-thumbnail","hentry","category-amerique-du-sud","category-contenu-original","category-sante-sujet","category-video-fr","tag-rehuno-fr","tag-aspirations-humanistes","tag-discrimination","tag-sante-integrale","tag-violence"],"yoast_head":"<!-- This site is optimized with the Yoast SEO plugin v27.1.1 - https:\/\/yoast.com\/product\/yoast-seo-wordpress\/ -->\n<title>REHuNo : d\u00e9passer la violence dans le domaine de la sant\u00e9<\/title>\n<meta name=\"description\" content=\"A l&#039;occasion de la r\u00e9union internationale semestrielle de notre agence, qui s&#039;est tenue les 15 et 16 janvier, nous avons entendu le t\u00e9moignage de V\u00edctor\" \/>\n<meta name=\"robots\" content=\"index, follow, max-snippet:-1, max-image-preview:large, max-video-preview:-1\" \/>\n<link rel=\"canonical\" href=\"https:\/\/www.pressenza.com\/fr\/2022\/01\/rehuno-depasser-la-violence-dans-le-domaine-de-la-sante\/\" \/>\n<meta property=\"og:locale\" content=\"fr_FR\" \/>\n<meta property=\"og:type\" content=\"article\" \/>\n<meta property=\"og:title\" content=\"REHuNo : d\u00e9passer la violence dans le domaine de la sant\u00e9\" \/>\n<meta property=\"og:description\" content=\"A l&#039;occasion de la r\u00e9union internationale semestrielle de notre agence, qui s&#039;est tenue les 15 et 16 janvier, nous avons entendu le t\u00e9moignage de V\u00edctor\" \/>\n<meta property=\"og:url\" content=\"https:\/\/www.pressenza.com\/fr\/2022\/01\/rehuno-depasser-la-violence-dans-le-domaine-de-la-sante\/\" \/>\n<meta property=\"og:site_name\" content=\"Pressenza\" \/>\n<meta property=\"article:publisher\" content=\"https:\/\/www.facebook.com\/PressenzaItalia\" \/>\n<meta property=\"article:author\" content=\"https:\/\/www.facebook.com\/rehunosalud\/\" \/>\n<meta property=\"article:published_time\" content=\"2022-01-26T17:46:02+00:00\" \/>\n<meta property=\"og:image\" content=\"https:\/\/www.pressenza.com\/wp-content\/uploads\/2022\/01\/logo-Rehuno-1.jpg\" \/>\n\t<meta property=\"og:image:width\" content=\"1313\" \/>\n\t<meta property=\"og:image:height\" content=\"835\" \/>\n\t<meta property=\"og:image:type\" content=\"image\/jpeg\" \/>\n<meta name=\"author\" content=\"REHUNO - Red Humanista de Noticias en Salud\" \/>\n<meta name=\"twitter:card\" content=\"summary_large_image\" \/>\n<meta name=\"twitter:creator\" content=\"@PressenzaIPA\" \/>\n<meta name=\"twitter:site\" content=\"@PressenzaIPA\" \/>\n<meta name=\"twitter:label1\" content=\"\u00c9crit par\" \/>\n\t<meta name=\"twitter:data1\" content=\"REHUNO - Red Humanista de Noticias en Salud\" \/>\n\t<meta name=\"twitter:label2\" content=\"Dur\u00e9e de lecture estim\u00e9e\" \/>\n\t<meta name=\"twitter:data2\" content=\"2 minutes\" \/>\n<script type=\"application\/ld+json\" class=\"yoast-schema-graph\">{\"@context\":\"https:\/\/schema.org\",\"@graph\":[{\"@type\":\"Article\",\"@id\":\"https:\/\/www.pressenza.com\/fr\/2022\/01\/rehuno-depasser-la-violence-dans-le-domaine-de-la-sante\/#article\",\"isPartOf\":{\"@id\":\"https:\/\/www.pressenza.com\/fr\/2022\/01\/rehuno-depasser-la-violence-dans-le-domaine-de-la-sante\/\"},\"author\":{\"name\":\"REHUNO - Red Humanista de Noticias en Salud\",\"@id\":\"https:\/\/www.pressenza.com\/fr\/#\/schema\/person\/5162be2bf75419d7e91acfc2c50c3870\"},\"headline\":\"REHuNo : d\u00e9passer la violence dans le domaine de la sant\u00e9\",\"datePublished\":\"2022-01-26T17:46:02+00:00\",\"mainEntityOfPage\":{\"@id\":\"https:\/\/www.pressenza.com\/fr\/2022\/01\/rehuno-depasser-la-violence-dans-le-domaine-de-la-sante\/\"},\"wordCount\":403,\"publisher\":{\"@id\":\"https:\/\/www.pressenza.com\/fr\/#organization\"},\"image\":{\"@id\":\"https:\/\/www.pressenza.com\/fr\/2022\/01\/rehuno-depasser-la-violence-dans-le-domaine-de-la-sante\/#primaryimage\"},\"thumbnailUrl\":\"https:\/\/www.pressenza.com\/wp-content\/uploads\/2022\/01\/logo-Rehuno-1.jpg\",\"keywords\":[\"#REHUNO\",\"aspirations humanistes\",\"discrimination\",\"sant\u00e9 int\u00e9grale\",\"violence\"],\"articleSection\":[\"Am\u00e9rique du Sud\",\"Contenu Original\",\"Sant\u00e9\",\"Video\"],\"inLanguage\":\"fr-FR\"},{\"@type\":\"WebPage\",\"@id\":\"https:\/\/www.pressenza.com\/fr\/2022\/01\/rehuno-depasser-la-violence-dans-le-domaine-de-la-sante\/\",\"url\":\"https:\/\/www.pressenza.com\/fr\/2022\/01\/rehuno-depasser-la-violence-dans-le-domaine-de-la-sante\/\",\"name\":\"REHuNo : d\u00e9passer la violence dans le domaine de la sant\u00e9\",\"isPartOf\":{\"@id\":\"https:\/\/www.pressenza.com\/fr\/#website\"},\"primaryImageOfPage\":{\"@id\":\"https:\/\/www.pressenza.com\/fr\/2022\/01\/rehuno-depasser-la-violence-dans-le-domaine-de-la-sante\/#primaryimage\"},\"image\":{\"@id\":\"https:\/\/www.pressenza.com\/fr\/2022\/01\/rehuno-depasser-la-violence-dans-le-domaine-de-la-sante\/#primaryimage\"},\"thumbnailUrl\":\"https:\/\/www.pressenza.com\/wp-content\/uploads\/2022\/01\/logo-Rehuno-1.jpg\",\"datePublished\":\"2022-01-26T17:46:02+00:00\",\"description\":\"A l'occasion de la r\u00e9union internationale semestrielle de notre agence, qui s'est tenue les 15 et 16 janvier, nous avons entendu le t\u00e9moignage de V\u00edctor\",\"breadcrumb\":{\"@id\":\"https:\/\/www.pressenza.com\/fr\/2022\/01\/rehuno-depasser-la-violence-dans-le-domaine-de-la-sante\/#breadcrumb\"},\"inLanguage\":\"fr-FR\",\"potentialAction\":[{\"@type\":\"ReadAction\",\"target\":[\"https:\/\/www.pressenza.com\/fr\/2022\/01\/rehuno-depasser-la-violence-dans-le-domaine-de-la-sante\/\"]}]},{\"@type\":\"ImageObject\",\"inLanguage\":\"fr-FR\",\"@id\":\"https:\/\/www.pressenza.com\/fr\/2022\/01\/rehuno-depasser-la-violence-dans-le-domaine-de-la-sante\/#primaryimage\",\"url\":\"https:\/\/www.pressenza.com\/wp-content\/uploads\/2022\/01\/logo-Rehuno-1.jpg\",\"contentUrl\":\"https:\/\/www.pressenza.com\/wp-content\/uploads\/2022\/01\/logo-Rehuno-1.jpg\",\"width\":1313,\"height\":835},{\"@type\":\"BreadcrumbList\",\"@id\":\"https:\/\/www.pressenza.com\/fr\/2022\/01\/rehuno-depasser-la-violence-dans-le-domaine-de-la-sante\/#breadcrumb\",\"itemListElement\":[{\"@type\":\"ListItem\",\"position\":1,\"name\":\"Accueil\",\"item\":\"https:\/\/www.pressenza.com\/fr\/\"},{\"@type\":\"ListItem\",\"position\":2,\"name\":\"REHuNo : d\u00e9passer la violence dans le domaine de la sant\u00e9\"}]},{\"@type\":\"WebSite\",\"@id\":\"https:\/\/www.pressenza.com\/fr\/#website\",\"url\":\"https:\/\/www.pressenza.com\/fr\/\",\"name\":\"Pressenza\",\"description\":\"International Press Agency\",\"publisher\":{\"@id\":\"https:\/\/www.pressenza.com\/fr\/#organization\"},\"potentialAction\":[{\"@type\":\"SearchAction\",\"target\":{\"@type\":\"EntryPoint\",\"urlTemplate\":\"https:\/\/www.pressenza.com\/fr\/?s={search_term_string}\"},\"query-input\":{\"@type\":\"PropertyValueSpecification\",\"valueRequired\":true,\"valueName\":\"search_term_string\"}}],\"inLanguage\":\"fr-FR\"},{\"@type\":\"Organization\",\"@id\":\"https:\/\/www.pressenza.com\/fr\/#organization\",\"name\":\"Pressenza\",\"url\":\"https:\/\/www.pressenza.com\/fr\/\",\"logo\":{\"@type\":\"ImageObject\",\"inLanguage\":\"fr-FR\",\"@id\":\"https:\/\/www.pressenza.com\/fr\/#\/schema\/logo\/image\/\",\"url\":\"https:\/\/www.pressenza.com\/wp-content\/uploads\/2022\/10\/pressenza_logo_200x200.jpg\",\"contentUrl\":\"https:\/\/www.pressenza.com\/wp-content\/uploads\/2022\/10\/pressenza_logo_200x200.jpg\",\"width\":200,\"height\":200,\"caption\":\"Pressenza\"},\"image\":{\"@id\":\"https:\/\/www.pressenza.com\/fr\/#\/schema\/logo\/image\/\"},\"sameAs\":[\"https:\/\/www.facebook.com\/PressenzaItalia\",\"https:\/\/x.com\/PressenzaIPA\"]},{\"@type\":\"Person\",\"@id\":\"https:\/\/www.pressenza.com\/fr\/#\/schema\/person\/5162be2bf75419d7e91acfc2c50c3870\",\"name\":\"REHUNO - Red Humanista de Noticias en Salud\",\"description\":\"REHUNO is a group of volunteers from different countries, health professionals and\/or users of health services, who want to give voice to a \\\"humanizing view\\\" of health systems from a broad and comprehensive perspective. REHUNO wants to put into words and images the positive news that needs to be highlighted and the negative news that needs to be denounced and happening on a daily basis.http:\/\/rehunosalud.org\/\",\"sameAs\":[\"http:\/\/rehunosalud.org\/\",\"https:\/\/www.facebook.com\/rehunosalud\/\"],\"url\":\"https:\/\/www.pressenza.com\/fr\/author\/rehuno\/\"}]}<\/script>\n<!-- \/ Yoast SEO plugin. -->","yoast_head_json":{"title":"REHuNo : d\u00e9passer la violence dans le domaine de la sant\u00e9","description":"A l'occasion de la r\u00e9union internationale semestrielle de notre agence, qui s'est tenue les 15 et 16 janvier, nous avons entendu le t\u00e9moignage de V\u00edctor","robots":{"index":"index","follow":"follow","max-snippet":"max-snippet:-1","max-image-preview":"max-image-preview:large","max-video-preview":"max-video-preview:-1"},"canonical":"https:\/\/www.pressenza.com\/fr\/2022\/01\/rehuno-depasser-la-violence-dans-le-domaine-de-la-sante\/","og_locale":"fr_FR","og_type":"article","og_title":"REHuNo : d\u00e9passer la violence dans le domaine de la sant\u00e9","og_description":"A l'occasion de la r\u00e9union internationale semestrielle de notre agence, qui s'est tenue les 15 et 16 janvier, nous avons entendu le t\u00e9moignage de V\u00edctor","og_url":"https:\/\/www.pressenza.com\/fr\/2022\/01\/rehuno-depasser-la-violence-dans-le-domaine-de-la-sante\/","og_site_name":"Pressenza","article_publisher":"https:\/\/www.facebook.com\/PressenzaItalia","article_author":"https:\/\/www.facebook.com\/rehunosalud\/","article_published_time":"2022-01-26T17:46:02+00:00","og_image":[{"width":1313,"height":835,"url":"https:\/\/www.pressenza.com\/wp-content\/uploads\/2022\/01\/logo-Rehuno-1.jpg","type":"image\/jpeg"}],"author":"REHUNO - Red Humanista de Noticias en Salud","twitter_card":"summary_large_image","twitter_creator":"@PressenzaIPA","twitter_site":"@PressenzaIPA","twitter_misc":{"\u00c9crit par":"REHUNO - Red Humanista de Noticias en Salud","Dur\u00e9e de lecture estim\u00e9e":"2 minutes"},"schema":{"@context":"https:\/\/schema.org","@graph":[{"@type":"Article","@id":"https:\/\/www.pressenza.com\/fr\/2022\/01\/rehuno-depasser-la-violence-dans-le-domaine-de-la-sante\/#article","isPartOf":{"@id":"https:\/\/www.pressenza.com\/fr\/2022\/01\/rehuno-depasser-la-violence-dans-le-domaine-de-la-sante\/"},"author":{"name":"REHUNO - Red Humanista de Noticias en Salud","@id":"https:\/\/www.pressenza.com\/fr\/#\/schema\/person\/5162be2bf75419d7e91acfc2c50c3870"},"headline":"REHuNo : d\u00e9passer la violence dans le domaine de la sant\u00e9","datePublished":"2022-01-26T17:46:02+00:00","mainEntityOfPage":{"@id":"https:\/\/www.pressenza.com\/fr\/2022\/01\/rehuno-depasser-la-violence-dans-le-domaine-de-la-sante\/"},"wordCount":403,"publisher":{"@id":"https:\/\/www.pressenza.com\/fr\/#organization"},"image":{"@id":"https:\/\/www.pressenza.com\/fr\/2022\/01\/rehuno-depasser-la-violence-dans-le-domaine-de-la-sante\/#primaryimage"},"thumbnailUrl":"https:\/\/www.pressenza.com\/wp-content\/uploads\/2022\/01\/logo-Rehuno-1.jpg","keywords":["#REHUNO","aspirations humanistes","discrimination","sant\u00e9 int\u00e9grale","violence"],"articleSection":["Am\u00e9rique du Sud","Contenu Original","Sant\u00e9","Video"],"inLanguage":"fr-FR"},{"@type":"WebPage","@id":"https:\/\/www.pressenza.com\/fr\/2022\/01\/rehuno-depasser-la-violence-dans-le-domaine-de-la-sante\/","url":"https:\/\/www.pressenza.com\/fr\/2022\/01\/rehuno-depasser-la-violence-dans-le-domaine-de-la-sante\/","name":"REHuNo : d\u00e9passer la violence dans le domaine de la sant\u00e9","isPartOf":{"@id":"https:\/\/www.pressenza.com\/fr\/#website"},"primaryImageOfPage":{"@id":"https:\/\/www.pressenza.com\/fr\/2022\/01\/rehuno-depasser-la-violence-dans-le-domaine-de-la-sante\/#primaryimage"},"image":{"@id":"https:\/\/www.pressenza.com\/fr\/2022\/01\/rehuno-depasser-la-violence-dans-le-domaine-de-la-sante\/#primaryimage"},"thumbnailUrl":"https:\/\/www.pressenza.com\/wp-content\/uploads\/2022\/01\/logo-Rehuno-1.jpg","datePublished":"2022-01-26T17:46:02+00:00","description":"A l'occasion de la r\u00e9union internationale semestrielle de notre agence, qui s'est tenue les 15 et 16 janvier, nous avons entendu le t\u00e9moignage de V\u00edctor","breadcrumb":{"@id":"https:\/\/www.pressenza.com\/fr\/2022\/01\/rehuno-depasser-la-violence-dans-le-domaine-de-la-sante\/#breadcrumb"},"inLanguage":"fr-FR","potentialAction":[{"@type":"ReadAction","target":["https:\/\/www.pressenza.com\/fr\/2022\/01\/rehuno-depasser-la-violence-dans-le-domaine-de-la-sante\/"]}]},{"@type":"ImageObject","inLanguage":"fr-FR","@id":"https:\/\/www.pressenza.com\/fr\/2022\/01\/rehuno-depasser-la-violence-dans-le-domaine-de-la-sante\/#primaryimage","url":"https:\/\/www.pressenza.com\/wp-content\/uploads\/2022\/01\/logo-Rehuno-1.jpg","contentUrl":"https:\/\/www.pressenza.com\/wp-content\/uploads\/2022\/01\/logo-Rehuno-1.jpg","width":1313,"height":835},{"@type":"BreadcrumbList","@id":"https:\/\/www.pressenza.com\/fr\/2022\/01\/rehuno-depasser-la-violence-dans-le-domaine-de-la-sante\/#breadcrumb","itemListElement":[{"@type":"ListItem","position":1,"name":"Accueil","item":"https:\/\/www.pressenza.com\/fr\/"},{"@type":"ListItem","position":2,"name":"REHuNo : d\u00e9passer la violence dans le domaine de la sant\u00e9"}]},{"@type":"WebSite","@id":"https:\/\/www.pressenza.com\/fr\/#website","url":"https:\/\/www.pressenza.com\/fr\/","name":"Pressenza","description":"International Press Agency","publisher":{"@id":"https:\/\/www.pressenza.com\/fr\/#organization"},"potentialAction":[{"@type":"SearchAction","target":{"@type":"EntryPoint","urlTemplate":"https:\/\/www.pressenza.com\/fr\/?s={search_term_string}"},"query-input":{"@type":"PropertyValueSpecification","valueRequired":true,"valueName":"search_term_string"}}],"inLanguage":"fr-FR"},{"@type":"Organization","@id":"https:\/\/www.pressenza.com\/fr\/#organization","name":"Pressenza","url":"https:\/\/www.pressenza.com\/fr\/","logo":{"@type":"ImageObject","inLanguage":"fr-FR","@id":"https:\/\/www.pressenza.com\/fr\/#\/schema\/logo\/image\/","url":"https:\/\/www.pressenza.com\/wp-content\/uploads\/2022\/10\/pressenza_logo_200x200.jpg","contentUrl":"https:\/\/www.pressenza.com\/wp-content\/uploads\/2022\/10\/pressenza_logo_200x200.jpg","width":200,"height":200,"caption":"Pressenza"},"image":{"@id":"https:\/\/www.pressenza.com\/fr\/#\/schema\/logo\/image\/"},"sameAs":["https:\/\/www.facebook.com\/PressenzaItalia","https:\/\/x.com\/PressenzaIPA"]},{"@type":"Person","@id":"https:\/\/www.pressenza.com\/fr\/#\/schema\/person\/5162be2bf75419d7e91acfc2c50c3870","name":"REHUNO - Red Humanista de Noticias en Salud","description":"REHUNO is a group of volunteers from different countries, health professionals and\/or users of health services, who want to give voice to a \"humanizing view\" of health systems from a broad and comprehensive perspective. REHUNO wants to put into words and images the positive news that needs to be highlighted and the negative news that needs to be denounced and happening on a daily basis.http:\/\/rehunosalud.org\/","sameAs":["http:\/\/rehunosalud.org\/","https:\/\/www.facebook.com\/rehunosalud\/"],"url":"https:\/\/www.pressenza.com\/fr\/author\/rehuno\/"}]}},"place":"","original_article_url":"","_links":{"self":[{"href":"https:\/\/www.pressenza.com\/fr\/wp-json\/wp\/v2\/posts\/1510282","targetHints":{"allow":["GET"]}}],"collection":[{"href":"https:\/\/www.pressenza.com\/fr\/wp-json\/wp\/v2\/posts"}],"about":[{"href":"https:\/\/www.pressenza.com\/fr\/wp-json\/wp\/v2\/types\/post"}],"author":[{"embeddable":true,"href":"https:\/\/www.pressenza.com\/fr\/wp-json\/wp\/v2\/users\/1680"}],"replies":[{"embeddable":true,"href":"https:\/\/www.pressenza.com\/fr\/wp-json\/wp\/v2\/comments?post=1510282"}],"version-history":[{"count":0,"href":"https:\/\/www.pressenza.com\/fr\/wp-json\/wp\/v2\/posts\/1510282\/revisions"}],"wp:featuredmedia":[{"embeddable":true,"href":"https:\/\/www.pressenza.com\/fr\/wp-json\/wp\/v2\/media\/1510054"}],"wp:attachment":[{"href":"https:\/\/www.pressenza.com\/fr\/wp-json\/wp\/v2\/media?parent=1510282"}],"wp:term":[{"taxonomy":"category","embeddable":true,"href":"https:\/\/www.pressenza.com\/fr\/wp-json\/wp\/v2\/categories?post=1510282"},{"taxonomy":"post_tag","embeddable":true,"href":"https:\/\/www.pressenza.com\/fr\/wp-json\/wp\/v2\/tags?post=1510282"}],"curies":[{"name":"wp","href":"https:\/\/api.w.org\/{rel}","templated":true}]}}