{"id":1509897,"date":"2022-01-25T21:56:33","date_gmt":"2022-01-25T21:56:33","guid":{"rendered":"https:\/\/www.pressenza.com\/?p=1509897"},"modified":"2022-01-25T21:57:20","modified_gmt":"2022-01-25T21:57:20","slug":"en-hommage-a-lenvol-de-thich-nhat-hanh","status":"publish","type":"post","link":"https:\/\/www.pressenza.com\/fr\/2022\/01\/en-hommage-a-lenvol-de-thich-nhat-hanh\/","title":{"rendered":"En hommage \u00e0 l&rsquo;envol de Thich Nhat Hanh"},"content":{"rendered":"<p><strong>Unicit\u00e9<br \/>\n<\/strong><\/p>\n<p>Au moment o\u00f9 je mourrai,<br \/>\nj&rsquo;essaierai de revenir vers vous<br \/>\naussi vite que possible.<br \/>\nJe vous promets que ce ne sera pas long.<br \/>\nN&rsquo;est-il pas vrai<br \/>\nque je suis d\u00e9j\u00e0 avec toi<br \/>\n\u00e0 chaque instant ?<\/p>\n<p>Je reviens vers vous<br \/>\n\u00e0 chaque instant.<br \/>\nRegarde simplement,<br \/>\nressens ma pr\u00e9sence.<\/p>\n<p>Si tu veux pleurer,<br \/>\npleure, s&rsquo;il te pla\u00eet.<br \/>\nEt sache<br \/>\nque je pleurerai avec toi.<br \/>\nLes larmes que tu verses<br \/>\nnous gu\u00e9riront tous les deux.<br \/>\nTes larmes sont les miennes.<\/p>\n<p>La terre que je foule ce matin<br \/>\ntranscende l&rsquo;histoire.<br \/>\nLe printemps et l&rsquo;hiver sont tous deux pr\u00e9sents dans l&rsquo;instant.<br \/>\nLa jeune feuille et la feuille morte ne font qu&rsquo;un.<\/p>\n<p>Mes pieds touchent l&rsquo;immortalit\u00e9,<br \/>\net mes pieds sont les tiens.<br \/>\nMarche avec moi maintenant.<br \/>\nEntrons dans la dimension de l&rsquo;unicit\u00e9<br \/>\net voyons le cerisier fleurir en hiver.<\/p>\n<p>Pourquoi devrions-nous parler de la mort ?<br \/>\nJe n&rsquo;ai pas besoin de mourir<br \/>\npour \u00eatre de retour avec toi.<\/p>\n<p><em>(po\u00e8me de Thich Nhat Hanh)<\/em><\/p>\n<p>&nbsp;<\/p>\n<div class=\"et_pb_column et_pb_column_3_4 et_pb_column_3_tb_body et_pb_css_mix_blend_mode_passthrough\">\n<div class=\"et_pb_module et_pb_post_title et_pb_post_title_2_tb_body et_pb_bg_layout_light et_pb_text_align_left et_pb_featured_bg\">\n<div class=\"et_pb_title_container\">\n<p class=\"entry-title\"><strong>Thich Nhat Hanh<\/strong><\/p>\n<\/div>\n<\/div>\n<div class=\"et_pb_module et_pb_post_content et_pb_post_content_0_tb_body\">\n<p>Ma\u00eetre bouddhiste zen (n\u00e9 en 1926 &#8211; mort le <time class=\"nowrap date-lien dday\" datetime=\"2022-01-22\" data-sort-value=\"2022-01-22\">22 janvier 2022<\/time>)<\/p>\n<p>Po\u00e8te, \u00e9crivain vietnamien, activiste pour la paix.<\/p>\n<p>Vivre en pleine conscience, \u00c9ditions Belfond, 2017.<br \/>\nChanger l\u2019avenir. Pour une vie harmonieuse, \u00c9ditions Albin Michel, 2008.<br \/>\nLa Col\u00e8re. Transformer son \u00e9nergie en sagesse, \u00c9ditions Pocket, 2004.<br \/>\nL\u2019Art de communiquer en pleine conscience, \u00c9ditions Le Courrier du Livre, 2014.<\/p>\n<\/div>\n<\/div>\n","protected":false},"excerpt":{"rendered":"<p>Unicit\u00e9 Au moment o\u00f9 je mourrai, j&rsquo;essaierai de revenir vers vous aussi vite que possible. Je vous promets que ce ne sera pas long. N&rsquo;est-il pas vrai que je suis d\u00e9j\u00e0 avec toi \u00e0 chaque instant ? Je reviens vers&hellip;<\/p>\n","protected":false},"author":926,"featured_media":1509923,"comment_status":"closed","ping_status":"closed","sticky":false,"template":"","format":"standard","meta":{"footnotes":""},"categories":[84,94,1246],"tags":[77329,98727],"class_list":["post-1509897","post","type-post","status-publish","format-standard","has-post-thumbnail","hentry","category-asia-fr","category-culture-fr","category-humanisme-spiritualite","tag-cahier-de-culture","tag-thich-nhat-hanh-fr"],"yoast_head":"<!-- This site is optimized with the Yoast SEO plugin v27.1.1 - https:\/\/yoast.com\/product\/yoast-seo-wordpress\/ -->\n<title>En hommage \u00e0 l&#039;envol de Thich Nhat Hanh<\/title>\n<meta name=\"description\" content=\"Unicit\u00e9 Au moment o\u00f9 je mourrai, j&#039;essaierai de revenir vers vous aussi vite que possible. Je vous promets que ce ne sera pas long. N&#039;est-il pas vrai que\" \/>\n<meta name=\"robots\" content=\"index, follow, max-snippet:-1, max-image-preview:large, max-video-preview:-1\" \/>\n<link rel=\"canonical\" href=\"https:\/\/www.pressenza.com\/fr\/2022\/01\/en-hommage-a-lenvol-de-thich-nhat-hanh\/\" \/>\n<meta property=\"og:locale\" content=\"fr_FR\" \/>\n<meta property=\"og:type\" content=\"article\" \/>\n<meta property=\"og:title\" content=\"En hommage \u00e0 l&#039;envol de Thich Nhat Hanh\" \/>\n<meta property=\"og:description\" content=\"Unicit\u00e9 Au moment o\u00f9 je mourrai, j&#039;essaierai de revenir vers vous aussi vite que possible. Je vous promets que ce ne sera pas long. N&#039;est-il pas vrai que\" \/>\n<meta property=\"og:url\" content=\"https:\/\/www.pressenza.com\/fr\/2022\/01\/en-hommage-a-lenvol-de-thich-nhat-hanh\/\" \/>\n<meta property=\"og:site_name\" content=\"Pressenza\" \/>\n<meta property=\"article:publisher\" content=\"https:\/\/www.facebook.com\/PressenzaItalia\" \/>\n<meta property=\"article:published_time\" content=\"2022-01-25T21:56:33+00:00\" \/>\n<meta property=\"article:modified_time\" content=\"2022-01-25T21:57:20+00:00\" \/>\n<meta property=\"og:image\" content=\"https:\/\/www.pressenza.com\/wp-content\/uploads\/2022\/01\/Thich_Nhat_Hanh.jpg\" \/>\n\t<meta property=\"og:image:width\" content=\"820\" \/>\n\t<meta property=\"og:image:height\" content=\"546\" \/>\n\t<meta property=\"og:image:type\" content=\"image\/jpeg\" \/>\n<meta name=\"author\" content=\"R\u00e9daction France\" \/>\n<meta name=\"twitter:card\" content=\"summary_large_image\" \/>\n<meta name=\"twitter:creator\" content=\"@PressenzaIPA\" \/>\n<meta name=\"twitter:site\" content=\"@PressenzaIPA\" \/>\n<meta name=\"twitter:label1\" content=\"\u00c9crit par\" \/>\n\t<meta name=\"twitter:data1\" content=\"R\u00e9daction France\" \/>\n\t<meta name=\"twitter:label2\" content=\"Dur\u00e9e de lecture estim\u00e9e\" \/>\n\t<meta name=\"twitter:data2\" content=\"1 minute\" \/>\n<script type=\"application\/ld+json\" class=\"yoast-schema-graph\">{\"@context\":\"https:\/\/schema.org\",\"@graph\":[{\"@type\":\"Article\",\"@id\":\"https:\/\/www.pressenza.com\/fr\/2022\/01\/en-hommage-a-lenvol-de-thich-nhat-hanh\/#article\",\"isPartOf\":{\"@id\":\"https:\/\/www.pressenza.com\/fr\/2022\/01\/en-hommage-a-lenvol-de-thich-nhat-hanh\/\"},\"author\":{\"name\":\"R\u00e9daction France\",\"@id\":\"https:\/\/www.pressenza.com\/fr\/#\/schema\/person\/3c9fe6670cc2cffbd37562f87b98e869\"},\"headline\":\"En hommage \u00e0 l&rsquo;envol de Thich Nhat Hanh\",\"datePublished\":\"2022-01-25T21:56:33+00:00\",\"dateModified\":\"2022-01-25T21:57:20+00:00\",\"mainEntityOfPage\":{\"@id\":\"https:\/\/www.pressenza.com\/fr\/2022\/01\/en-hommage-a-lenvol-de-thich-nhat-hanh\/\"},\"wordCount\":239,\"publisher\":{\"@id\":\"https:\/\/www.pressenza.com\/fr\/#organization\"},\"image\":{\"@id\":\"https:\/\/www.pressenza.com\/fr\/2022\/01\/en-hommage-a-lenvol-de-thich-nhat-hanh\/#primaryimage\"},\"thumbnailUrl\":\"https:\/\/www.pressenza.com\/wp-content\/uploads\/2022\/01\/Thich_Nhat_Hanh.jpg\",\"keywords\":[\"cahier de culture\",\"Thich Nhat Hanh\"],\"articleSection\":[\"Asie\",\"Culture et M\u00e9dias\",\"Humanisme et Spiritualit\u00e9\"],\"inLanguage\":\"fr-FR\"},{\"@type\":\"WebPage\",\"@id\":\"https:\/\/www.pressenza.com\/fr\/2022\/01\/en-hommage-a-lenvol-de-thich-nhat-hanh\/\",\"url\":\"https:\/\/www.pressenza.com\/fr\/2022\/01\/en-hommage-a-lenvol-de-thich-nhat-hanh\/\",\"name\":\"En hommage \u00e0 l'envol de Thich Nhat Hanh\",\"isPartOf\":{\"@id\":\"https:\/\/www.pressenza.com\/fr\/#website\"},\"primaryImageOfPage\":{\"@id\":\"https:\/\/www.pressenza.com\/fr\/2022\/01\/en-hommage-a-lenvol-de-thich-nhat-hanh\/#primaryimage\"},\"image\":{\"@id\":\"https:\/\/www.pressenza.com\/fr\/2022\/01\/en-hommage-a-lenvol-de-thich-nhat-hanh\/#primaryimage\"},\"thumbnailUrl\":\"https:\/\/www.pressenza.com\/wp-content\/uploads\/2022\/01\/Thich_Nhat_Hanh.jpg\",\"datePublished\":\"2022-01-25T21:56:33+00:00\",\"dateModified\":\"2022-01-25T21:57:20+00:00\",\"description\":\"Unicit\u00e9 Au moment o\u00f9 je mourrai, j'essaierai de revenir vers vous aussi vite que possible. Je vous promets que ce ne sera pas long. N'est-il pas vrai que\",\"breadcrumb\":{\"@id\":\"https:\/\/www.pressenza.com\/fr\/2022\/01\/en-hommage-a-lenvol-de-thich-nhat-hanh\/#breadcrumb\"},\"inLanguage\":\"fr-FR\",\"potentialAction\":[{\"@type\":\"ReadAction\",\"target\":[\"https:\/\/www.pressenza.com\/fr\/2022\/01\/en-hommage-a-lenvol-de-thich-nhat-hanh\/\"]}]},{\"@type\":\"ImageObject\",\"inLanguage\":\"fr-FR\",\"@id\":\"https:\/\/www.pressenza.com\/fr\/2022\/01\/en-hommage-a-lenvol-de-thich-nhat-hanh\/#primaryimage\",\"url\":\"https:\/\/www.pressenza.com\/wp-content\/uploads\/2022\/01\/Thich_Nhat_Hanh.jpg\",\"contentUrl\":\"https:\/\/www.pressenza.com\/wp-content\/uploads\/2022\/01\/Thich_Nhat_Hanh.jpg\",\"width\":820,\"height\":546,\"caption\":\"Thich_Nhat_Hanh\"},{\"@type\":\"BreadcrumbList\",\"@id\":\"https:\/\/www.pressenza.com\/fr\/2022\/01\/en-hommage-a-lenvol-de-thich-nhat-hanh\/#breadcrumb\",\"itemListElement\":[{\"@type\":\"ListItem\",\"position\":1,\"name\":\"Accueil\",\"item\":\"https:\/\/www.pressenza.com\/fr\/\"},{\"@type\":\"ListItem\",\"position\":2,\"name\":\"En hommage \u00e0 l&rsquo;envol de Thich Nhat Hanh\"}]},{\"@type\":\"WebSite\",\"@id\":\"https:\/\/www.pressenza.com\/fr\/#website\",\"url\":\"https:\/\/www.pressenza.com\/fr\/\",\"name\":\"Pressenza\",\"description\":\"International Press Agency\",\"publisher\":{\"@id\":\"https:\/\/www.pressenza.com\/fr\/#organization\"},\"potentialAction\":[{\"@type\":\"SearchAction\",\"target\":{\"@type\":\"EntryPoint\",\"urlTemplate\":\"https:\/\/www.pressenza.com\/fr\/?s={search_term_string}\"},\"query-input\":{\"@type\":\"PropertyValueSpecification\",\"valueRequired\":true,\"valueName\":\"search_term_string\"}}],\"inLanguage\":\"fr-FR\"},{\"@type\":\"Organization\",\"@id\":\"https:\/\/www.pressenza.com\/fr\/#organization\",\"name\":\"Pressenza\",\"url\":\"https:\/\/www.pressenza.com\/fr\/\",\"logo\":{\"@type\":\"ImageObject\",\"inLanguage\":\"fr-FR\",\"@id\":\"https:\/\/www.pressenza.com\/fr\/#\/schema\/logo\/image\/\",\"url\":\"https:\/\/www.pressenza.com\/wp-content\/uploads\/2022\/10\/pressenza_logo_200x200.jpg\",\"contentUrl\":\"https:\/\/www.pressenza.com\/wp-content\/uploads\/2022\/10\/pressenza_logo_200x200.jpg\",\"width\":200,\"height\":200,\"caption\":\"Pressenza\"},\"image\":{\"@id\":\"https:\/\/www.pressenza.com\/fr\/#\/schema\/logo\/image\/\"},\"sameAs\":[\"https:\/\/www.facebook.com\/PressenzaItalia\",\"https:\/\/x.com\/PressenzaIPA\"]},{\"@type\":\"Person\",\"@id\":\"https:\/\/www.pressenza.com\/fr\/#\/schema\/person\/3c9fe6670cc2cffbd37562f87b98e869\",\"name\":\"R\u00e9daction France\",\"description\":\"News published by the Pressenza bureau in France\",\"sameAs\":[\"http:\/\/www.pressenza.com\/fr\"],\"url\":\"https:\/\/www.pressenza.com\/fr\/author\/redactionfrance\/\"}]}<\/script>\n<!-- \/ Yoast SEO plugin. -->","yoast_head_json":{"title":"En hommage \u00e0 l'envol de Thich Nhat Hanh","description":"Unicit\u00e9 Au moment o\u00f9 je mourrai, j'essaierai de revenir vers vous aussi vite que possible. Je vous promets que ce ne sera pas long. N'est-il pas vrai que","robots":{"index":"index","follow":"follow","max-snippet":"max-snippet:-1","max-image-preview":"max-image-preview:large","max-video-preview":"max-video-preview:-1"},"canonical":"https:\/\/www.pressenza.com\/fr\/2022\/01\/en-hommage-a-lenvol-de-thich-nhat-hanh\/","og_locale":"fr_FR","og_type":"article","og_title":"En hommage \u00e0 l'envol de Thich Nhat Hanh","og_description":"Unicit\u00e9 Au moment o\u00f9 je mourrai, j'essaierai de revenir vers vous aussi vite que possible. Je vous promets que ce ne sera pas long. N'est-il pas vrai que","og_url":"https:\/\/www.pressenza.com\/fr\/2022\/01\/en-hommage-a-lenvol-de-thich-nhat-hanh\/","og_site_name":"Pressenza","article_publisher":"https:\/\/www.facebook.com\/PressenzaItalia","article_published_time":"2022-01-25T21:56:33+00:00","article_modified_time":"2022-01-25T21:57:20+00:00","og_image":[{"width":820,"height":546,"url":"https:\/\/www.pressenza.com\/wp-content\/uploads\/2022\/01\/Thich_Nhat_Hanh.jpg","type":"image\/jpeg"}],"author":"R\u00e9daction France","twitter_card":"summary_large_image","twitter_creator":"@PressenzaIPA","twitter_site":"@PressenzaIPA","twitter_misc":{"\u00c9crit par":"R\u00e9daction France","Dur\u00e9e de lecture estim\u00e9e":"1 minute"},"schema":{"@context":"https:\/\/schema.org","@graph":[{"@type":"Article","@id":"https:\/\/www.pressenza.com\/fr\/2022\/01\/en-hommage-a-lenvol-de-thich-nhat-hanh\/#article","isPartOf":{"@id":"https:\/\/www.pressenza.com\/fr\/2022\/01\/en-hommage-a-lenvol-de-thich-nhat-hanh\/"},"author":{"name":"R\u00e9daction France","@id":"https:\/\/www.pressenza.com\/fr\/#\/schema\/person\/3c9fe6670cc2cffbd37562f87b98e869"},"headline":"En hommage \u00e0 l&rsquo;envol de Thich Nhat Hanh","datePublished":"2022-01-25T21:56:33+00:00","dateModified":"2022-01-25T21:57:20+00:00","mainEntityOfPage":{"@id":"https:\/\/www.pressenza.com\/fr\/2022\/01\/en-hommage-a-lenvol-de-thich-nhat-hanh\/"},"wordCount":239,"publisher":{"@id":"https:\/\/www.pressenza.com\/fr\/#organization"},"image":{"@id":"https:\/\/www.pressenza.com\/fr\/2022\/01\/en-hommage-a-lenvol-de-thich-nhat-hanh\/#primaryimage"},"thumbnailUrl":"https:\/\/www.pressenza.com\/wp-content\/uploads\/2022\/01\/Thich_Nhat_Hanh.jpg","keywords":["cahier de culture","Thich Nhat Hanh"],"articleSection":["Asie","Culture et M\u00e9dias","Humanisme et Spiritualit\u00e9"],"inLanguage":"fr-FR"},{"@type":"WebPage","@id":"https:\/\/www.pressenza.com\/fr\/2022\/01\/en-hommage-a-lenvol-de-thich-nhat-hanh\/","url":"https:\/\/www.pressenza.com\/fr\/2022\/01\/en-hommage-a-lenvol-de-thich-nhat-hanh\/","name":"En hommage \u00e0 l'envol de Thich Nhat Hanh","isPartOf":{"@id":"https:\/\/www.pressenza.com\/fr\/#website"},"primaryImageOfPage":{"@id":"https:\/\/www.pressenza.com\/fr\/2022\/01\/en-hommage-a-lenvol-de-thich-nhat-hanh\/#primaryimage"},"image":{"@id":"https:\/\/www.pressenza.com\/fr\/2022\/01\/en-hommage-a-lenvol-de-thich-nhat-hanh\/#primaryimage"},"thumbnailUrl":"https:\/\/www.pressenza.com\/wp-content\/uploads\/2022\/01\/Thich_Nhat_Hanh.jpg","datePublished":"2022-01-25T21:56:33+00:00","dateModified":"2022-01-25T21:57:20+00:00","description":"Unicit\u00e9 Au moment o\u00f9 je mourrai, j'essaierai de revenir vers vous aussi vite que possible. Je vous promets que ce ne sera pas long. N'est-il pas vrai que","breadcrumb":{"@id":"https:\/\/www.pressenza.com\/fr\/2022\/01\/en-hommage-a-lenvol-de-thich-nhat-hanh\/#breadcrumb"},"inLanguage":"fr-FR","potentialAction":[{"@type":"ReadAction","target":["https:\/\/www.pressenza.com\/fr\/2022\/01\/en-hommage-a-lenvol-de-thich-nhat-hanh\/"]}]},{"@type":"ImageObject","inLanguage":"fr-FR","@id":"https:\/\/www.pressenza.com\/fr\/2022\/01\/en-hommage-a-lenvol-de-thich-nhat-hanh\/#primaryimage","url":"https:\/\/www.pressenza.com\/wp-content\/uploads\/2022\/01\/Thich_Nhat_Hanh.jpg","contentUrl":"https:\/\/www.pressenza.com\/wp-content\/uploads\/2022\/01\/Thich_Nhat_Hanh.jpg","width":820,"height":546,"caption":"Thich_Nhat_Hanh"},{"@type":"BreadcrumbList","@id":"https:\/\/www.pressenza.com\/fr\/2022\/01\/en-hommage-a-lenvol-de-thich-nhat-hanh\/#breadcrumb","itemListElement":[{"@type":"ListItem","position":1,"name":"Accueil","item":"https:\/\/www.pressenza.com\/fr\/"},{"@type":"ListItem","position":2,"name":"En hommage \u00e0 l&rsquo;envol de Thich Nhat Hanh"}]},{"@type":"WebSite","@id":"https:\/\/www.pressenza.com\/fr\/#website","url":"https:\/\/www.pressenza.com\/fr\/","name":"Pressenza","description":"International Press Agency","publisher":{"@id":"https:\/\/www.pressenza.com\/fr\/#organization"},"potentialAction":[{"@type":"SearchAction","target":{"@type":"EntryPoint","urlTemplate":"https:\/\/www.pressenza.com\/fr\/?s={search_term_string}"},"query-input":{"@type":"PropertyValueSpecification","valueRequired":true,"valueName":"search_term_string"}}],"inLanguage":"fr-FR"},{"@type":"Organization","@id":"https:\/\/www.pressenza.com\/fr\/#organization","name":"Pressenza","url":"https:\/\/www.pressenza.com\/fr\/","logo":{"@type":"ImageObject","inLanguage":"fr-FR","@id":"https:\/\/www.pressenza.com\/fr\/#\/schema\/logo\/image\/","url":"https:\/\/www.pressenza.com\/wp-content\/uploads\/2022\/10\/pressenza_logo_200x200.jpg","contentUrl":"https:\/\/www.pressenza.com\/wp-content\/uploads\/2022\/10\/pressenza_logo_200x200.jpg","width":200,"height":200,"caption":"Pressenza"},"image":{"@id":"https:\/\/www.pressenza.com\/fr\/#\/schema\/logo\/image\/"},"sameAs":["https:\/\/www.facebook.com\/PressenzaItalia","https:\/\/x.com\/PressenzaIPA"]},{"@type":"Person","@id":"https:\/\/www.pressenza.com\/fr\/#\/schema\/person\/3c9fe6670cc2cffbd37562f87b98e869","name":"R\u00e9daction France","description":"News published by the Pressenza bureau in France","sameAs":["http:\/\/www.pressenza.com\/fr"],"url":"https:\/\/www.pressenza.com\/fr\/author\/redactionfrance\/"}]}},"place":"","original_article_url":"","_links":{"self":[{"href":"https:\/\/www.pressenza.com\/fr\/wp-json\/wp\/v2\/posts\/1509897","targetHints":{"allow":["GET"]}}],"collection":[{"href":"https:\/\/www.pressenza.com\/fr\/wp-json\/wp\/v2\/posts"}],"about":[{"href":"https:\/\/www.pressenza.com\/fr\/wp-json\/wp\/v2\/types\/post"}],"author":[{"embeddable":true,"href":"https:\/\/www.pressenza.com\/fr\/wp-json\/wp\/v2\/users\/926"}],"replies":[{"embeddable":true,"href":"https:\/\/www.pressenza.com\/fr\/wp-json\/wp\/v2\/comments?post=1509897"}],"version-history":[{"count":0,"href":"https:\/\/www.pressenza.com\/fr\/wp-json\/wp\/v2\/posts\/1509897\/revisions"}],"wp:featuredmedia":[{"embeddable":true,"href":"https:\/\/www.pressenza.com\/fr\/wp-json\/wp\/v2\/media\/1509923"}],"wp:attachment":[{"href":"https:\/\/www.pressenza.com\/fr\/wp-json\/wp\/v2\/media?parent=1509897"}],"wp:term":[{"taxonomy":"category","embeddable":true,"href":"https:\/\/www.pressenza.com\/fr\/wp-json\/wp\/v2\/categories?post=1509897"},{"taxonomy":"post_tag","embeddable":true,"href":"https:\/\/www.pressenza.com\/fr\/wp-json\/wp\/v2\/tags?post=1509897"}],"curies":[{"name":"wp","href":"https:\/\/api.w.org\/{rel}","templated":true}]}}