{"id":1507848,"date":"2022-01-22T22:33:08","date_gmt":"2022-01-22T22:33:08","guid":{"rendered":"https:\/\/www.pressenza.com\/?p=1507848"},"modified":"2022-01-22T22:33:08","modified_gmt":"2022-01-22T22:33:08","slug":"victoria-sur-chanter-est-lune-des-formes-les-plus-precieuses-de-liberte","status":"publish","type":"post","link":"https:\/\/www.pressenza.com\/fr\/2022\/01\/victoria-sur-chanter-est-lune-des-formes-les-plus-precieuses-de-liberte\/","title":{"rendered":"Victoria Sur : \u00ab Chanter est l&rsquo;une des formes les plus pr\u00e9cieuses de libert\u00e9 \u00bb"},"content":{"rendered":"<p>Par Sol Pozzi-Escot<\/p>\n<p><em>Avec six albums publi\u00e9s, Victoria Sur est l&rsquo;une des voix les plus puissantes de la musique colombienne. Nomin\u00e9e pour les Latin Grammy 2021, laur\u00e9ate d&rsquo;innombrables concours dans son pays, elle s&rsquo;est produite sur diverses sc\u00e8nes d&rsquo;Am\u00e9rique latine et d&rsquo;Europe.<\/em> <em>Apr\u00e8s des \u00e9tudes musicales \u00e0 La Havane, disciple de Barbara Maier \u00e0 New York, elle nous a rendu visite l&rsquo;ann\u00e9e derni\u00e8re pour cl\u00f4turer le Salon international du livre du bicentenaire. L&rsquo;\u00e9quipe d&rsquo;Estaci\u00f3n Central, en coordination avec la municipalit\u00e9 de Piura et le responsable culturel Jorge Hurtado, nous a annonc\u00e9 qu&rsquo;elle reviendra en f\u00e9vrier pour ce qui sera sa premi\u00e8re tourn\u00e9e au P\u00e9rou, en passant par Piura, Trujillo et Lima. Nous avons convers\u00e9 avec elle.<\/em><\/p>\n<p><strong>Il est difficile de classer une chanteuse-compositrice aussi polyvalente que vous. Nous vous avons entendu dans diff\u00e9rents registres et dans chacun d&rsquo;eux votre voix s&rsquo;\u00e9l\u00e8ve de mani\u00e8re impressionnante. Pourquoi cette fa\u00e7on intr\u00e9pide de passer d&rsquo;un style \u00e0 l&rsquo;autre, que recherche Victoria Sur ?<\/strong><\/p>\n<p>Le chant est pour moi l&rsquo;une des formes de libert\u00e9 les plus pr\u00e9cieuses et la composition est une fa\u00e7on de trouver des moyens de communiquer diff\u00e9rents \u00e9tats de l&rsquo;\u00e2me, de tout ce que j&rsquo;observe, de ce que je vis, tant au niveau personnel que collectif. La musique est mon laboratoire permanent, mon lieu de pr\u00e9dilection pour jouer, pour exp\u00e9rimenter, c&rsquo;est pourquoi chaque album est pour moi comme la d\u00e9couverte d&rsquo;un nouveau monde; j&rsquo;ai toujours un \u00e9norme vertige face \u00e0 un nouvel album et j&rsquo;ai compris petit \u00e0 petit que la polyvalence est un mode de vie c&rsquo;est mon langage, ma fa\u00e7on de dire au monde \u00e0 travers ma voix et mes chansons que je suis au service de la vie, de tout ce qui nous fait vibrer, de tout ce qui nous enseigne, de ce qui nous fait mal, ce qui nous encourage, ce qui nous pousse. J&rsquo;ai dit dans une publication r\u00e9cente que si l\u2019on me demande \u00e0 quoi je me consacre, je dirais que je me consacre \u00e0 chanter les \u00e9motions humaines, et celles-ci n&rsquo;ont ni sexe, ni \u00e2ge, je les traverse, je les habite et ensuite je les chante.<\/p>\n<p><strong>En 2021, vous avez \u00e9t\u00e9 nomm\u00e9e pour un Grammy latin, vous avez cl\u00f4tur\u00e9 la Foire internationale du livre du Bicentenaire, vous avez partag\u00e9 la sc\u00e8ne avec nos compatriotes Susana Baca, Andrea Echeverri, Marta G\u00f3mez, Tot\u00f3 la Momposina, et maintenant vous avez annonc\u00e9 votre retour au P\u00e9rou pour une tourn\u00e9e dans trois de ses r\u00e9gions les plus embl\u00e9matiques. Qu&rsquo;est-ce que \u00e7a fait de commencer 2022 \u00e0 ce niveau ?<\/strong><\/p>\n<p>2021 a \u00e9t\u00e9 une ann\u00e9e unique dans ma vie, une ann\u00e9e de renaissance, d&rsquo;envol, de r\u00e9coltes, de r\u00e9alisation de beaucoup de mes r\u00eaves, dont celui de partager avec toutes ces femmes chanteuses, lesquelles je suis, admire et aime depuis des ann\u00e9es. Obtenir une telle nomination comme celle-l\u00e0 pour le Latin Grammy de mani\u00e8re ind\u00e9pendante est quelque chose que je n&rsquo;avais pas imagin\u00e9, et comme je l&rsquo;ai dit \u00e0 d&rsquo;autres occasions, je re\u00e7ois cette reconnaissance avec une immense gratitude et comme un accomplissement non seulement pour moi mais aussi pour la sc\u00e8ne ind\u00e9pendante de mon pays, mais aussi pour les femmes et pour celles d&rsquo;entre nous qui assumons la maternit\u00e9 et l\u2019art en m\u00eame temps. Tout cela est une recharge d&rsquo;\u00e9nergie pour moi, c&rsquo;est un coup de pouce qui me remplit de confiance et de s\u00e9curit\u00e9 pour continuer \u00e0 chercher de plus en plus de r\u00eaves. C&rsquo;est le temps des manifestations, c&rsquo;est ce que je suppose, et tout ce dont je r\u00eave, je le d\u00e9cr\u00e8te. C&rsquo;est pour \u00e7a qu&rsquo;on sera au P\u00e9rou, j&rsquo;imagine<strong>.<\/strong><\/p>\n<p><strong>Nul n&rsquo;est proph\u00e8te en son pays, dit le proverbe, mais vous avez r\u00e9ussi \u00e0 vous imposer comme l&rsquo;une des voix les plus vigoureuses de Colombie, vous avez remport\u00e9 des prix, obtenu la reconnaissance et, sans vivre \u00e0 Bogota, vous avez fait du Quind\u00edo une r\u00e9gion que nous avons appris \u00e0 regarder \u00e0 travers des chansons comme Estrella de agua. (N.d.T.\u00a0: \u00c9toile d&rsquo;eau). Au-del\u00e0 de l&rsquo;anecdote de l&rsquo;homonymie, que veut repr\u00e9senter Victoria lorsqu&rsquo;elle se baptise Sur ?<\/strong><\/p>\n<p>Eh bien, c&rsquo;est flatteur d&rsquo;entendre cela, je me sens tr\u00e8s reconnaissante envers ma terre, envers mon pays, il y a toujours eu un grand soutien de la part des m\u00e9dias des festivals, des personnes qui me suivent et me programment, je pense que lorsque l&rsquo;on travaille avec d\u00e9vouement, discipline et passion, la vie vous fait des cadeaux. C&rsquo;est ce que je ressens. Je suis n\u00e9e dans le d\u00e9partement de Quind\u00edo, une r\u00e9gion montagneuse et productrice de caf\u00e9, pleine d&rsquo;oiseaux, de papillons et d&rsquo;arbres. Ensuite, je suis all\u00e9e vivre \u00e0 Bogota pendant de nombreuses ann\u00e9es, c&rsquo;\u00e9tait ma maison pendant longtemps, et maintenant je suis revenue, sur ma terre pour me connecter \u00e0 nouveau \u00e0 mes racines, avec ma source, avec mon origine. De l\u00e0, je renais pour continuer \u00e0 partager mon chant dans avec le monde entier. Sur est n\u00e9 \u00e0 un moment o\u00f9 je devais d\u00e9cider de mon nom d&rsquo;artiste, et j&rsquo;ai \u00e9t\u00e9 influenc\u00e9e par le film Sud de Fernando Solanas ; j&rsquo;ai \u00e9t\u00e9 enthousiasm\u00e9e par la sensation po\u00e9tique du mot, sa fuite, sa raison politique, sociale et \u00e9rotique. J&rsquo;ai \u00e9t\u00e9 particuli\u00e8rement influenc\u00e9e par la musique du sud. Je suis originaire du Sud. Notre nord c\u2019est le Sud.<\/p>\n<p><strong>Vous \u00eates l&rsquo;auteure des paroles et la compositrice de la musique de vos chansons ; je sais que vous \u00e9crivez des po\u00e8mes en vers classiques et que vous \u00eates une virtuose du sonnet. Quels auteurs vous ont aid\u00e9e \u00e0 capter ces images, comment parvenez-vous \u00e0 la clart\u00e9 dans vos histoires ?<\/strong><\/p>\n<p>Je compose mes chansons, j&rsquo;aime la po\u00e9sie, je l&rsquo;ai abord\u00e9e avec plus de d\u00e9termination dans les derniers temps de ma vie, mais je ne me consid\u00e8re pas du tout comme une virtuose en la mati\u00e8re ; j&rsquo;ai abord\u00e9 les vers classiques avec le plus grand respect, et pendant le confinement j&rsquo;ai \u00e9t\u00e9 tr\u00e8s assidue en tant qu&rsquo;\u00e9tudiante en suivant plusieurs cours de po\u00e9sie, par exemple, \u00e0 l&rsquo;Acad\u00e9mie Oralitura, j&rsquo;ai suivi plusieurs cours, dont le cours de D\u00e9cima donn\u00e9 par le plus grand po\u00e8te cubain, Alexis D\u00edaz Pimienta, et j&rsquo;ai \u00e9galement suivi le cours Sonnet et Chanson donn\u00e9 par mon grand ami, le po\u00e8te et auteur-compositeur-interpr\u00e8te colombien Pala. Je me suis donc laiss\u00e9e enchanter par cette forme po\u00e9tique et je ne nierai pas que parfois je me passionne pour les vers. J&rsquo;\u00e9cris de plus en plus sous forme de sonnet, je suis dans une sorte d&rsquo;enchantement et de romance avec cette forme po\u00e9tique, tout comme je le faisais aussi pendant le confinement avec la D\u00e9cima. Po\u00e8tes que j&rsquo;aime : la po\u00e9tesse roumaine Ana Blandiana, la po\u00e9tesse de Quindio Carmelina Soto, le Colombien Carlos Castro Saavedra et la Cubaine Carilda Oliver. Il y a un po\u00e8te qui a influenc\u00e9 ma vie de mani\u00e8re radicale, c&rsquo;est Walt Whitman, avec Feuilles d\u2019herbe.<\/p>\n<p>&nbsp;<\/p>\n<p><em>Traduction de l\u2019espagnol, Ginette Baudelet<\/em><\/p>\n","protected":false},"excerpt":{"rendered":"<p>Par Sol Pozzi-Escot Avec six albums publi\u00e9s, Victoria Sur est l&rsquo;une des voix les plus puissantes de la musique colombienne. Nomin\u00e9e pour les Latin Grammy 2021, laur\u00e9ate d&rsquo;innombrables concours dans son pays, elle s&rsquo;est produite sur diverses sc\u00e8nes d&rsquo;Am\u00e9rique latine&hellip;<\/p>\n","protected":false},"author":831,"featured_media":1505285,"comment_status":"closed","ping_status":"closed","sticky":false,"template":"","format":"standard","meta":{"footnotes":""},"categories":[86,94,156],"tags":[77329,98631,1016,8258,98632],"class_list":["post-1507848","post","type-post","status-publish","format-standard","has-post-thumbnail","hentry","category-amerique-du-sud","category-culture-fr","category-interview-fr","tag-cahier-de-culture","tag-chanter","tag-colombie","tag-liberte","tag-victoria-sur-fr"],"yoast_head":"<!-- This site is optimized with the Yoast SEO plugin v27.1.1 - https:\/\/yoast.com\/product\/yoast-seo-wordpress\/ -->\n<title>Victoria Sur : \u00ab Chanter est l&#039;une des formes les plus pr\u00e9cieuses de libert\u00e9 \u00bb<\/title>\n<meta name=\"description\" content=\"Par Sol Pozzi-Escot Avec six albums publi\u00e9s, Victoria Sur est l&#039;une des voix les plus puissantes de la musique colombienne. Nomin\u00e9e pour les Latin Grammy\" \/>\n<meta name=\"robots\" content=\"index, follow, max-snippet:-1, max-image-preview:large, max-video-preview:-1\" \/>\n<link rel=\"canonical\" href=\"https:\/\/www.pressenza.com\/fr\/2022\/01\/victoria-sur-chanter-est-lune-des-formes-les-plus-precieuses-de-liberte\/\" \/>\n<meta property=\"og:locale\" content=\"fr_FR\" \/>\n<meta property=\"og:type\" content=\"article\" \/>\n<meta property=\"og:title\" content=\"Victoria Sur : \u00ab Chanter est l&#039;une des formes les plus pr\u00e9cieuses de libert\u00e9 \u00bb\" \/>\n<meta property=\"og:description\" content=\"Par Sol Pozzi-Escot Avec six albums publi\u00e9s, Victoria Sur est l&#039;une des voix les plus puissantes de la musique colombienne. Nomin\u00e9e pour les Latin Grammy\" \/>\n<meta property=\"og:url\" content=\"https:\/\/www.pressenza.com\/fr\/2022\/01\/victoria-sur-chanter-est-lune-des-formes-les-plus-precieuses-de-liberte\/\" \/>\n<meta property=\"og:site_name\" content=\"Pressenza\" \/>\n<meta property=\"article:publisher\" content=\"https:\/\/www.facebook.com\/PressenzaItalia\" \/>\n<meta property=\"article:published_time\" content=\"2022-01-22T22:33:08+00:00\" \/>\n<meta property=\"og:image\" content=\"https:\/\/www.pressenza.com\/wp-content\/uploads\/2022\/01\/victoria-foto.jpg\" \/>\n\t<meta property=\"og:image:width\" content=\"950\" \/>\n\t<meta property=\"og:image:height\" content=\"533\" \/>\n\t<meta property=\"og:image:type\" content=\"image\/jpeg\" \/>\n<meta name=\"author\" content=\"Redacci\u00f3n Per\u00fa\" \/>\n<meta name=\"twitter:card\" content=\"summary_large_image\" \/>\n<meta name=\"twitter:creator\" content=\"@PressenzaIPA\" \/>\n<meta name=\"twitter:site\" content=\"@PressenzaIPA\" \/>\n<meta name=\"twitter:label1\" content=\"\u00c9crit par\" \/>\n\t<meta name=\"twitter:data1\" content=\"Redacci\u00f3n Per\u00fa\" \/>\n\t<meta name=\"twitter:label2\" content=\"Dur\u00e9e de lecture estim\u00e9e\" \/>\n\t<meta name=\"twitter:data2\" content=\"6 minutes\" \/>\n<script type=\"application\/ld+json\" class=\"yoast-schema-graph\">{\"@context\":\"https:\/\/schema.org\",\"@graph\":[{\"@type\":\"Article\",\"@id\":\"https:\/\/www.pressenza.com\/fr\/2022\/01\/victoria-sur-chanter-est-lune-des-formes-les-plus-precieuses-de-liberte\/#article\",\"isPartOf\":{\"@id\":\"https:\/\/www.pressenza.com\/fr\/2022\/01\/victoria-sur-chanter-est-lune-des-formes-les-plus-precieuses-de-liberte\/\"},\"author\":{\"name\":\"Redacci\u00f3n Per\u00fa\",\"@id\":\"https:\/\/www.pressenza.com\/fr\/#\/schema\/person\/e86c29a41185b85084a478822f5de81b\"},\"headline\":\"Victoria Sur : \u00ab Chanter est l&rsquo;une des formes les plus pr\u00e9cieuses de libert\u00e9 \u00bb\",\"datePublished\":\"2022-01-22T22:33:08+00:00\",\"mainEntityOfPage\":{\"@id\":\"https:\/\/www.pressenza.com\/fr\/2022\/01\/victoria-sur-chanter-est-lune-des-formes-les-plus-precieuses-de-liberte\/\"},\"wordCount\":1279,\"publisher\":{\"@id\":\"https:\/\/www.pressenza.com\/fr\/#organization\"},\"image\":{\"@id\":\"https:\/\/www.pressenza.com\/fr\/2022\/01\/victoria-sur-chanter-est-lune-des-formes-les-plus-precieuses-de-liberte\/#primaryimage\"},\"thumbnailUrl\":\"https:\/\/www.pressenza.com\/wp-content\/uploads\/2022\/01\/victoria-foto.jpg\",\"keywords\":[\"cahier de culture\",\"chanter\",\"Colombie\",\"libert\u00e9\",\"Victoria Sur\"],\"articleSection\":[\"Am\u00e9rique du Sud\",\"Culture et M\u00e9dias\",\"Interviews\"],\"inLanguage\":\"fr-FR\"},{\"@type\":\"WebPage\",\"@id\":\"https:\/\/www.pressenza.com\/fr\/2022\/01\/victoria-sur-chanter-est-lune-des-formes-les-plus-precieuses-de-liberte\/\",\"url\":\"https:\/\/www.pressenza.com\/fr\/2022\/01\/victoria-sur-chanter-est-lune-des-formes-les-plus-precieuses-de-liberte\/\",\"name\":\"Victoria Sur : \u00ab Chanter est l'une des formes les plus pr\u00e9cieuses de libert\u00e9 \u00bb\",\"isPartOf\":{\"@id\":\"https:\/\/www.pressenza.com\/fr\/#website\"},\"primaryImageOfPage\":{\"@id\":\"https:\/\/www.pressenza.com\/fr\/2022\/01\/victoria-sur-chanter-est-lune-des-formes-les-plus-precieuses-de-liberte\/#primaryimage\"},\"image\":{\"@id\":\"https:\/\/www.pressenza.com\/fr\/2022\/01\/victoria-sur-chanter-est-lune-des-formes-les-plus-precieuses-de-liberte\/#primaryimage\"},\"thumbnailUrl\":\"https:\/\/www.pressenza.com\/wp-content\/uploads\/2022\/01\/victoria-foto.jpg\",\"datePublished\":\"2022-01-22T22:33:08+00:00\",\"description\":\"Par Sol Pozzi-Escot Avec six albums publi\u00e9s, Victoria Sur est l'une des voix les plus puissantes de la musique colombienne. Nomin\u00e9e pour les Latin Grammy\",\"breadcrumb\":{\"@id\":\"https:\/\/www.pressenza.com\/fr\/2022\/01\/victoria-sur-chanter-est-lune-des-formes-les-plus-precieuses-de-liberte\/#breadcrumb\"},\"inLanguage\":\"fr-FR\",\"potentialAction\":[{\"@type\":\"ReadAction\",\"target\":[\"https:\/\/www.pressenza.com\/fr\/2022\/01\/victoria-sur-chanter-est-lune-des-formes-les-plus-precieuses-de-liberte\/\"]}]},{\"@type\":\"ImageObject\",\"inLanguage\":\"fr-FR\",\"@id\":\"https:\/\/www.pressenza.com\/fr\/2022\/01\/victoria-sur-chanter-est-lune-des-formes-les-plus-precieuses-de-liberte\/#primaryimage\",\"url\":\"https:\/\/www.pressenza.com\/wp-content\/uploads\/2022\/01\/victoria-foto.jpg\",\"contentUrl\":\"https:\/\/www.pressenza.com\/wp-content\/uploads\/2022\/01\/victoria-foto.jpg\",\"width\":950,\"height\":533},{\"@type\":\"BreadcrumbList\",\"@id\":\"https:\/\/www.pressenza.com\/fr\/2022\/01\/victoria-sur-chanter-est-lune-des-formes-les-plus-precieuses-de-liberte\/#breadcrumb\",\"itemListElement\":[{\"@type\":\"ListItem\",\"position\":1,\"name\":\"Accueil\",\"item\":\"https:\/\/www.pressenza.com\/fr\/\"},{\"@type\":\"ListItem\",\"position\":2,\"name\":\"Victoria Sur : \u00ab Chanter est l&rsquo;une des formes les plus pr\u00e9cieuses de libert\u00e9 \u00bb\"}]},{\"@type\":\"WebSite\",\"@id\":\"https:\/\/www.pressenza.com\/fr\/#website\",\"url\":\"https:\/\/www.pressenza.com\/fr\/\",\"name\":\"Pressenza\",\"description\":\"International Press Agency\",\"publisher\":{\"@id\":\"https:\/\/www.pressenza.com\/fr\/#organization\"},\"potentialAction\":[{\"@type\":\"SearchAction\",\"target\":{\"@type\":\"EntryPoint\",\"urlTemplate\":\"https:\/\/www.pressenza.com\/fr\/?s={search_term_string}\"},\"query-input\":{\"@type\":\"PropertyValueSpecification\",\"valueRequired\":true,\"valueName\":\"search_term_string\"}}],\"inLanguage\":\"fr-FR\"},{\"@type\":\"Organization\",\"@id\":\"https:\/\/www.pressenza.com\/fr\/#organization\",\"name\":\"Pressenza\",\"url\":\"https:\/\/www.pressenza.com\/fr\/\",\"logo\":{\"@type\":\"ImageObject\",\"inLanguage\":\"fr-FR\",\"@id\":\"https:\/\/www.pressenza.com\/fr\/#\/schema\/logo\/image\/\",\"url\":\"https:\/\/www.pressenza.com\/wp-content\/uploads\/2022\/10\/pressenza_logo_200x200.jpg\",\"contentUrl\":\"https:\/\/www.pressenza.com\/wp-content\/uploads\/2022\/10\/pressenza_logo_200x200.jpg\",\"width\":200,\"height\":200,\"caption\":\"Pressenza\"},\"image\":{\"@id\":\"https:\/\/www.pressenza.com\/fr\/#\/schema\/logo\/image\/\"},\"sameAs\":[\"https:\/\/www.facebook.com\/PressenzaItalia\",\"https:\/\/x.com\/PressenzaIPA\"]},{\"@type\":\"Person\",\"@id\":\"https:\/\/www.pressenza.com\/fr\/#\/schema\/person\/e86c29a41185b85084a478822f5de81b\",\"name\":\"Redacci\u00f3n Per\u00fa\",\"description\":\"News published by the Pressenza bureau in Peru\",\"url\":\"https:\/\/www.pressenza.com\/fr\/author\/redaccion-peru\/\"}]}<\/script>\n<!-- \/ Yoast SEO plugin. -->","yoast_head_json":{"title":"Victoria Sur : \u00ab Chanter est l'une des formes les plus pr\u00e9cieuses de libert\u00e9 \u00bb","description":"Par Sol Pozzi-Escot Avec six albums publi\u00e9s, Victoria Sur est l'une des voix les plus puissantes de la musique colombienne. Nomin\u00e9e pour les Latin Grammy","robots":{"index":"index","follow":"follow","max-snippet":"max-snippet:-1","max-image-preview":"max-image-preview:large","max-video-preview":"max-video-preview:-1"},"canonical":"https:\/\/www.pressenza.com\/fr\/2022\/01\/victoria-sur-chanter-est-lune-des-formes-les-plus-precieuses-de-liberte\/","og_locale":"fr_FR","og_type":"article","og_title":"Victoria Sur : \u00ab Chanter est l'une des formes les plus pr\u00e9cieuses de libert\u00e9 \u00bb","og_description":"Par Sol Pozzi-Escot Avec six albums publi\u00e9s, Victoria Sur est l'une des voix les plus puissantes de la musique colombienne. Nomin\u00e9e pour les Latin Grammy","og_url":"https:\/\/www.pressenza.com\/fr\/2022\/01\/victoria-sur-chanter-est-lune-des-formes-les-plus-precieuses-de-liberte\/","og_site_name":"Pressenza","article_publisher":"https:\/\/www.facebook.com\/PressenzaItalia","article_published_time":"2022-01-22T22:33:08+00:00","og_image":[{"width":950,"height":533,"url":"https:\/\/www.pressenza.com\/wp-content\/uploads\/2022\/01\/victoria-foto.jpg","type":"image\/jpeg"}],"author":"Redacci\u00f3n Per\u00fa","twitter_card":"summary_large_image","twitter_creator":"@PressenzaIPA","twitter_site":"@PressenzaIPA","twitter_misc":{"\u00c9crit par":"Redacci\u00f3n Per\u00fa","Dur\u00e9e de lecture estim\u00e9e":"6 minutes"},"schema":{"@context":"https:\/\/schema.org","@graph":[{"@type":"Article","@id":"https:\/\/www.pressenza.com\/fr\/2022\/01\/victoria-sur-chanter-est-lune-des-formes-les-plus-precieuses-de-liberte\/#article","isPartOf":{"@id":"https:\/\/www.pressenza.com\/fr\/2022\/01\/victoria-sur-chanter-est-lune-des-formes-les-plus-precieuses-de-liberte\/"},"author":{"name":"Redacci\u00f3n Per\u00fa","@id":"https:\/\/www.pressenza.com\/fr\/#\/schema\/person\/e86c29a41185b85084a478822f5de81b"},"headline":"Victoria Sur : \u00ab Chanter est l&rsquo;une des formes les plus pr\u00e9cieuses de libert\u00e9 \u00bb","datePublished":"2022-01-22T22:33:08+00:00","mainEntityOfPage":{"@id":"https:\/\/www.pressenza.com\/fr\/2022\/01\/victoria-sur-chanter-est-lune-des-formes-les-plus-precieuses-de-liberte\/"},"wordCount":1279,"publisher":{"@id":"https:\/\/www.pressenza.com\/fr\/#organization"},"image":{"@id":"https:\/\/www.pressenza.com\/fr\/2022\/01\/victoria-sur-chanter-est-lune-des-formes-les-plus-precieuses-de-liberte\/#primaryimage"},"thumbnailUrl":"https:\/\/www.pressenza.com\/wp-content\/uploads\/2022\/01\/victoria-foto.jpg","keywords":["cahier de culture","chanter","Colombie","libert\u00e9","Victoria Sur"],"articleSection":["Am\u00e9rique du Sud","Culture et M\u00e9dias","Interviews"],"inLanguage":"fr-FR"},{"@type":"WebPage","@id":"https:\/\/www.pressenza.com\/fr\/2022\/01\/victoria-sur-chanter-est-lune-des-formes-les-plus-precieuses-de-liberte\/","url":"https:\/\/www.pressenza.com\/fr\/2022\/01\/victoria-sur-chanter-est-lune-des-formes-les-plus-precieuses-de-liberte\/","name":"Victoria Sur : \u00ab Chanter est l'une des formes les plus pr\u00e9cieuses de libert\u00e9 \u00bb","isPartOf":{"@id":"https:\/\/www.pressenza.com\/fr\/#website"},"primaryImageOfPage":{"@id":"https:\/\/www.pressenza.com\/fr\/2022\/01\/victoria-sur-chanter-est-lune-des-formes-les-plus-precieuses-de-liberte\/#primaryimage"},"image":{"@id":"https:\/\/www.pressenza.com\/fr\/2022\/01\/victoria-sur-chanter-est-lune-des-formes-les-plus-precieuses-de-liberte\/#primaryimage"},"thumbnailUrl":"https:\/\/www.pressenza.com\/wp-content\/uploads\/2022\/01\/victoria-foto.jpg","datePublished":"2022-01-22T22:33:08+00:00","description":"Par Sol Pozzi-Escot Avec six albums publi\u00e9s, Victoria Sur est l'une des voix les plus puissantes de la musique colombienne. Nomin\u00e9e pour les Latin Grammy","breadcrumb":{"@id":"https:\/\/www.pressenza.com\/fr\/2022\/01\/victoria-sur-chanter-est-lune-des-formes-les-plus-precieuses-de-liberte\/#breadcrumb"},"inLanguage":"fr-FR","potentialAction":[{"@type":"ReadAction","target":["https:\/\/www.pressenza.com\/fr\/2022\/01\/victoria-sur-chanter-est-lune-des-formes-les-plus-precieuses-de-liberte\/"]}]},{"@type":"ImageObject","inLanguage":"fr-FR","@id":"https:\/\/www.pressenza.com\/fr\/2022\/01\/victoria-sur-chanter-est-lune-des-formes-les-plus-precieuses-de-liberte\/#primaryimage","url":"https:\/\/www.pressenza.com\/wp-content\/uploads\/2022\/01\/victoria-foto.jpg","contentUrl":"https:\/\/www.pressenza.com\/wp-content\/uploads\/2022\/01\/victoria-foto.jpg","width":950,"height":533},{"@type":"BreadcrumbList","@id":"https:\/\/www.pressenza.com\/fr\/2022\/01\/victoria-sur-chanter-est-lune-des-formes-les-plus-precieuses-de-liberte\/#breadcrumb","itemListElement":[{"@type":"ListItem","position":1,"name":"Accueil","item":"https:\/\/www.pressenza.com\/fr\/"},{"@type":"ListItem","position":2,"name":"Victoria Sur : \u00ab Chanter est l&rsquo;une des formes les plus pr\u00e9cieuses de libert\u00e9 \u00bb"}]},{"@type":"WebSite","@id":"https:\/\/www.pressenza.com\/fr\/#website","url":"https:\/\/www.pressenza.com\/fr\/","name":"Pressenza","description":"International Press Agency","publisher":{"@id":"https:\/\/www.pressenza.com\/fr\/#organization"},"potentialAction":[{"@type":"SearchAction","target":{"@type":"EntryPoint","urlTemplate":"https:\/\/www.pressenza.com\/fr\/?s={search_term_string}"},"query-input":{"@type":"PropertyValueSpecification","valueRequired":true,"valueName":"search_term_string"}}],"inLanguage":"fr-FR"},{"@type":"Organization","@id":"https:\/\/www.pressenza.com\/fr\/#organization","name":"Pressenza","url":"https:\/\/www.pressenza.com\/fr\/","logo":{"@type":"ImageObject","inLanguage":"fr-FR","@id":"https:\/\/www.pressenza.com\/fr\/#\/schema\/logo\/image\/","url":"https:\/\/www.pressenza.com\/wp-content\/uploads\/2022\/10\/pressenza_logo_200x200.jpg","contentUrl":"https:\/\/www.pressenza.com\/wp-content\/uploads\/2022\/10\/pressenza_logo_200x200.jpg","width":200,"height":200,"caption":"Pressenza"},"image":{"@id":"https:\/\/www.pressenza.com\/fr\/#\/schema\/logo\/image\/"},"sameAs":["https:\/\/www.facebook.com\/PressenzaItalia","https:\/\/x.com\/PressenzaIPA"]},{"@type":"Person","@id":"https:\/\/www.pressenza.com\/fr\/#\/schema\/person\/e86c29a41185b85084a478822f5de81b","name":"Redacci\u00f3n Per\u00fa","description":"News published by the Pressenza bureau in Peru","url":"https:\/\/www.pressenza.com\/fr\/author\/redaccion-peru\/"}]}},"place":"Lima, P\u00e9rou","original_article_url":"","_links":{"self":[{"href":"https:\/\/www.pressenza.com\/fr\/wp-json\/wp\/v2\/posts\/1507848","targetHints":{"allow":["GET"]}}],"collection":[{"href":"https:\/\/www.pressenza.com\/fr\/wp-json\/wp\/v2\/posts"}],"about":[{"href":"https:\/\/www.pressenza.com\/fr\/wp-json\/wp\/v2\/types\/post"}],"author":[{"embeddable":true,"href":"https:\/\/www.pressenza.com\/fr\/wp-json\/wp\/v2\/users\/831"}],"replies":[{"embeddable":true,"href":"https:\/\/www.pressenza.com\/fr\/wp-json\/wp\/v2\/comments?post=1507848"}],"version-history":[{"count":0,"href":"https:\/\/www.pressenza.com\/fr\/wp-json\/wp\/v2\/posts\/1507848\/revisions"}],"wp:featuredmedia":[{"embeddable":true,"href":"https:\/\/www.pressenza.com\/fr\/wp-json\/wp\/v2\/media\/1505285"}],"wp:attachment":[{"href":"https:\/\/www.pressenza.com\/fr\/wp-json\/wp\/v2\/media?parent=1507848"}],"wp:term":[{"taxonomy":"category","embeddable":true,"href":"https:\/\/www.pressenza.com\/fr\/wp-json\/wp\/v2\/categories?post=1507848"},{"taxonomy":"post_tag","embeddable":true,"href":"https:\/\/www.pressenza.com\/fr\/wp-json\/wp\/v2\/tags?post=1507848"}],"curies":[{"name":"wp","href":"https:\/\/api.w.org\/{rel}","templated":true}]}}