{"id":1500348,"date":"2022-01-09T22:55:45","date_gmt":"2022-01-09T22:55:45","guid":{"rendered":"https:\/\/www.pressenza.com\/?p=1500348"},"modified":"2022-01-09T22:57:08","modified_gmt":"2022-01-09T22:57:08","slug":"le-mexique-renouvelle-son-offre-dasile-a-julian-assange","status":"publish","type":"post","link":"https:\/\/www.pressenza.com\/fr\/2022\/01\/le-mexique-renouvelle-son-offre-dasile-a-julian-assange\/","title":{"rendered":"Le Mexique renouvelle son offre d\u2019asile \u00e0 Julian Assange"},"content":{"rendered":"<p>Le Mexique a r\u00e9it\u00e9r\u00e9 lundi 3 janvier 2022 sa proposition d\u2019accorder l\u2019asile \u00e0 Julian Assange et a assur\u00e9 qu\u2019il demanderait au gouvernement des \u00c9tats-Unis d\u2019agir \u00ab\u00a0avec humanisme \u00bb \u00e0 l\u2019\u00e9gard du fondateur de WikiLeaks, qui risque l\u2019extradition du Royaume-Uni.<\/p>\n<p>Cette offre a \u00e9t\u00e9 r\u00e9it\u00e9r\u00e9e par le pr\u00e9sident Andr\u00e9s Manuel L\u00f3pez Obrador, qui a pr\u00e9cis\u00e9 : \u00ab\u00a0Nous avons \u00e9tabli notre position et nous sommes pr\u00eats \u00e0 offrir l&rsquo;asile \u00e0 Assange au Mexique\u00a0\u00bb.<\/p>\n<p>\u00ab\u00a0Nous pensons que le gouvernement des \u00c9tats-Unis doit agir de mani\u00e8re humaniste. Assange est malade et ce serait une preuve de solidarit\u00e9, de fraternit\u00e9, que de lui permettre de recevoir l&rsquo;asile dans un pays de son choix, dont le Mexique.\u00a0\u00bb<\/p>\n<p>L\u00f3pez Obrador a pr\u00e9cis\u00e9 que la l\u00e9gislation mexicaine cr\u00e9erait les conditions assurant qu\u2019Assange ne pourrait pas intervenir dans les affaires \u00e9trang\u00e8res s&rsquo;il recevait l&rsquo;asile, et a expliqu\u00e9 en ce sens : \u00ab\u00a0Il ne repr\u00e9sente aucun danger au Mexique\u00a0\u00bb.<\/p>\n<p>Le chef d\u2019\u00c9tat mexicain a r\u00e9v\u00e9l\u00e9 : \u00ab Avant la fin de son mandat, j\u2019ai envoy\u00e9 une lettre au pr\u00e9sident Donald Trump, lui demandant de gracier Julian Assange. \u00bb<\/p>\n<p>Lors de sa conf\u00e9rence de presse matinale, L\u00f3pez Obrador a d\u00e9clar\u00e9 \u00ab\u00a0ne pas avoir re\u00e7u de r\u00e9ponse \u00e0 cette lettre. Mais je propose de la rendre publique aujourd&rsquo;hui et je confirme que le Mexique s\u2019engage \u00e0 offrir l\u2019asile et demande au gouvernement \u00e9tatsunien d\u2019agir avec humanisme.\u00a0\u00bb<\/p>\n<p>En janvier 2020, le pr\u00e9sident mexicain a rendu publique son intention d&rsquo;accorder l&rsquo;asile au fondateur de WikiLeaks, qui est poursuivi sans rel\u00e2che par les \u00c9tats-Unis pour avoir publi\u00e9 des milliers de pages de documents militaires secrets et de c\u00e2bles diplomatiques sur les activit\u00e9s des \u00c9tats-Unis dans les guerres d\u2019Irak et d\u2019Afghanistan.<\/p>\n<p>La Haute Cour de justice de Londres a approuv\u00e9 l&rsquo;extradition d&rsquo;Assange vers les \u00c9tats-Unis le 10 d\u00e9cembre 2021. Il est actuellement d\u00e9tenu dans la prison de haute s\u00e9curit\u00e9 de Belmarsh, au Royaume-Uni.<\/p>\n<p>&nbsp;<\/p>\n<p>Source en espagnol : <a href=\"https:\/\/www.telesurtv.net\/news\/mexico-reitera-ofrecimiento-asilo-politico-julian-assange-20220103-0015.html\">https:\/\/www.telesurtv.net\/news\/mexico-reitera-ofrecimiento-asilo-politico-julian-assange-20220103-0015.html<\/a><\/p>\n","protected":false},"excerpt":{"rendered":"<p>Le Mexique a r\u00e9it\u00e9r\u00e9 lundi 3 janvier 2022 sa proposition d\u2019accorder l\u2019asile \u00e0 Julian Assange et a assur\u00e9 qu\u2019il demanderait au gouvernement des \u00c9tats-Unis d\u2019agir \u00ab\u00a0avec humanisme \u00bb \u00e0 l\u2019\u00e9gard du fondateur de WikiLeaks, qui risque l\u2019extradition du Royaume-Uni. Cette&hellip;<\/p>\n","protected":false},"author":594,"featured_media":1470587,"comment_status":"closed","ping_status":"closed","sticky":false,"template":"","format":"standard","meta":{"footnotes":""},"categories":[87,98],"tags":[54880,312,9477,3524,687,59393],"class_list":["post-1500348","post","type-post","status-publish","format-standard","has-post-thumbnail","hentry","category-amerique-du-nord","category-droits-de-lhomme","tag-andres-manuel-lopez-obrador-fr","tag-etats-unis","tag-extradition","tag-julian-assange-fr","tag-mexique","tag-usa-fr"],"yoast_head":"<!-- This site is optimized with the Yoast SEO plugin v27.1.1 - https:\/\/yoast.com\/product\/yoast-seo-wordpress\/ -->\n<title>Le Mexique renouvelle son offre d\u2019asile \u00e0 Julian Assange<\/title>\n<meta name=\"description\" content=\"Le Mexique a r\u00e9it\u00e9r\u00e9 lundi 3 janvier 2022 sa proposition d\u2019accorder l\u2019asile \u00e0 Julian Assange et a assur\u00e9 qu\u2019il demanderait au gouvernement des \u00c9tats-Unis\" \/>\n<meta name=\"robots\" content=\"index, follow, max-snippet:-1, max-image-preview:large, max-video-preview:-1\" \/>\n<link rel=\"canonical\" href=\"https:\/\/www.pressenza.com\/fr\/2022\/01\/le-mexique-renouvelle-son-offre-dasile-a-julian-assange\/\" \/>\n<meta property=\"og:locale\" content=\"fr_FR\" \/>\n<meta property=\"og:type\" content=\"article\" \/>\n<meta property=\"og:title\" content=\"Le Mexique renouvelle son offre d\u2019asile \u00e0 Julian Assange\" \/>\n<meta property=\"og:description\" content=\"Le Mexique a r\u00e9it\u00e9r\u00e9 lundi 3 janvier 2022 sa proposition d\u2019accorder l\u2019asile \u00e0 Julian Assange et a assur\u00e9 qu\u2019il demanderait au gouvernement des \u00c9tats-Unis\" \/>\n<meta property=\"og:url\" content=\"https:\/\/www.pressenza.com\/fr\/2022\/01\/le-mexique-renouvelle-son-offre-dasile-a-julian-assange\/\" \/>\n<meta property=\"og:site_name\" content=\"Pressenza\" \/>\n<meta property=\"article:publisher\" content=\"https:\/\/www.facebook.com\/PressenzaItalia\" \/>\n<meta property=\"article:author\" content=\"https:\/\/www.facebook.com\/PressenzaItalia\" \/>\n<meta property=\"article:published_time\" content=\"2022-01-09T22:55:45+00:00\" \/>\n<meta property=\"article:modified_time\" content=\"2022-01-09T22:57:08+00:00\" \/>\n<meta property=\"og:image\" content=\"https:\/\/www.pressenza.com\/wp-content\/uploads\/2021\/11\/Free-Press-Journalism-Julian-Assange-Assange-5883620.png\" \/>\n\t<meta property=\"og:image:width\" content=\"960\" \/>\n\t<meta property=\"og:image:height\" content=\"533\" \/>\n\t<meta property=\"og:image:type\" content=\"image\/png\" \/>\n<meta name=\"author\" content=\"Redazione Italia\" \/>\n<meta name=\"twitter:card\" content=\"summary_large_image\" \/>\n<meta name=\"twitter:creator\" content=\"@pressenza_it\" \/>\n<meta name=\"twitter:site\" content=\"@PressenzaIPA\" \/>\n<meta name=\"twitter:label1\" content=\"\u00c9crit par\" \/>\n\t<meta name=\"twitter:data1\" content=\"Redazione Italia\" \/>\n\t<meta name=\"twitter:label2\" content=\"Dur\u00e9e de lecture estim\u00e9e\" \/>\n\t<meta name=\"twitter:data2\" content=\"2 minutes\" \/>\n<script type=\"application\/ld+json\" class=\"yoast-schema-graph\">{\"@context\":\"https:\/\/schema.org\",\"@graph\":[{\"@type\":\"Article\",\"@id\":\"https:\/\/www.pressenza.com\/fr\/2022\/01\/le-mexique-renouvelle-son-offre-dasile-a-julian-assange\/#article\",\"isPartOf\":{\"@id\":\"https:\/\/www.pressenza.com\/fr\/2022\/01\/le-mexique-renouvelle-son-offre-dasile-a-julian-assange\/\"},\"author\":{\"name\":\"Redazione Italia\",\"@id\":\"https:\/\/www.pressenza.com\/fr\/#\/schema\/person\/d983e81827ae24f2c7b1a2123d197f8d\"},\"headline\":\"Le Mexique renouvelle son offre d\u2019asile \u00e0 Julian Assange\",\"datePublished\":\"2022-01-09T22:55:45+00:00\",\"dateModified\":\"2022-01-09T22:57:08+00:00\",\"mainEntityOfPage\":{\"@id\":\"https:\/\/www.pressenza.com\/fr\/2022\/01\/le-mexique-renouvelle-son-offre-dasile-a-julian-assange\/\"},\"wordCount\":366,\"publisher\":{\"@id\":\"https:\/\/www.pressenza.com\/fr\/#organization\"},\"image\":{\"@id\":\"https:\/\/www.pressenza.com\/fr\/2022\/01\/le-mexique-renouvelle-son-offre-dasile-a-julian-assange\/#primaryimage\"},\"thumbnailUrl\":\"https:\/\/www.pressenza.com\/wp-content\/uploads\/2021\/11\/Free-Press-Journalism-Julian-Assange-Assange-5883620.png\",\"keywords\":[\"Andr\u00e9s Manuel L\u00f3pez Obrador\",\"\u00c9tats-Unis\",\"extradition\",\"Julian Assange\",\"Mexique\",\"USA\"],\"articleSection\":[\"Am\u00e9rique du Nord\",\"Droits humains\"],\"inLanguage\":\"fr-FR\"},{\"@type\":\"WebPage\",\"@id\":\"https:\/\/www.pressenza.com\/fr\/2022\/01\/le-mexique-renouvelle-son-offre-dasile-a-julian-assange\/\",\"url\":\"https:\/\/www.pressenza.com\/fr\/2022\/01\/le-mexique-renouvelle-son-offre-dasile-a-julian-assange\/\",\"name\":\"Le Mexique renouvelle son offre d\u2019asile \u00e0 Julian Assange\",\"isPartOf\":{\"@id\":\"https:\/\/www.pressenza.com\/fr\/#website\"},\"primaryImageOfPage\":{\"@id\":\"https:\/\/www.pressenza.com\/fr\/2022\/01\/le-mexique-renouvelle-son-offre-dasile-a-julian-assange\/#primaryimage\"},\"image\":{\"@id\":\"https:\/\/www.pressenza.com\/fr\/2022\/01\/le-mexique-renouvelle-son-offre-dasile-a-julian-assange\/#primaryimage\"},\"thumbnailUrl\":\"https:\/\/www.pressenza.com\/wp-content\/uploads\/2021\/11\/Free-Press-Journalism-Julian-Assange-Assange-5883620.png\",\"datePublished\":\"2022-01-09T22:55:45+00:00\",\"dateModified\":\"2022-01-09T22:57:08+00:00\",\"description\":\"Le Mexique a r\u00e9it\u00e9r\u00e9 lundi 3 janvier 2022 sa proposition d\u2019accorder l\u2019asile \u00e0 Julian Assange et a assur\u00e9 qu\u2019il demanderait au gouvernement des \u00c9tats-Unis\",\"breadcrumb\":{\"@id\":\"https:\/\/www.pressenza.com\/fr\/2022\/01\/le-mexique-renouvelle-son-offre-dasile-a-julian-assange\/#breadcrumb\"},\"inLanguage\":\"fr-FR\",\"potentialAction\":[{\"@type\":\"ReadAction\",\"target\":[\"https:\/\/www.pressenza.com\/fr\/2022\/01\/le-mexique-renouvelle-son-offre-dasile-a-julian-assange\/\"]}]},{\"@type\":\"ImageObject\",\"inLanguage\":\"fr-FR\",\"@id\":\"https:\/\/www.pressenza.com\/fr\/2022\/01\/le-mexique-renouvelle-son-offre-dasile-a-julian-assange\/#primaryimage\",\"url\":\"https:\/\/www.pressenza.com\/wp-content\/uploads\/2021\/11\/Free-Press-Journalism-Julian-Assange-Assange-5883620.png\",\"contentUrl\":\"https:\/\/www.pressenza.com\/wp-content\/uploads\/2021\/11\/Free-Press-Journalism-Julian-Assange-Assange-5883620.png\",\"width\":960,\"height\":533,\"caption\":\"Julian Assange remains locked away in Belmarsh Prison.\"},{\"@type\":\"BreadcrumbList\",\"@id\":\"https:\/\/www.pressenza.com\/fr\/2022\/01\/le-mexique-renouvelle-son-offre-dasile-a-julian-assange\/#breadcrumb\",\"itemListElement\":[{\"@type\":\"ListItem\",\"position\":1,\"name\":\"Accueil\",\"item\":\"https:\/\/www.pressenza.com\/fr\/\"},{\"@type\":\"ListItem\",\"position\":2,\"name\":\"Le Mexique renouvelle son offre d\u2019asile \u00e0 Julian Assange\"}]},{\"@type\":\"WebSite\",\"@id\":\"https:\/\/www.pressenza.com\/fr\/#website\",\"url\":\"https:\/\/www.pressenza.com\/fr\/\",\"name\":\"Pressenza\",\"description\":\"International Press Agency\",\"publisher\":{\"@id\":\"https:\/\/www.pressenza.com\/fr\/#organization\"},\"potentialAction\":[{\"@type\":\"SearchAction\",\"target\":{\"@type\":\"EntryPoint\",\"urlTemplate\":\"https:\/\/www.pressenza.com\/fr\/?s={search_term_string}\"},\"query-input\":{\"@type\":\"PropertyValueSpecification\",\"valueRequired\":true,\"valueName\":\"search_term_string\"}}],\"inLanguage\":\"fr-FR\"},{\"@type\":\"Organization\",\"@id\":\"https:\/\/www.pressenza.com\/fr\/#organization\",\"name\":\"Pressenza\",\"url\":\"https:\/\/www.pressenza.com\/fr\/\",\"logo\":{\"@type\":\"ImageObject\",\"inLanguage\":\"fr-FR\",\"@id\":\"https:\/\/www.pressenza.com\/fr\/#\/schema\/logo\/image\/\",\"url\":\"https:\/\/www.pressenza.com\/wp-content\/uploads\/2022\/10\/pressenza_logo_200x200.jpg\",\"contentUrl\":\"https:\/\/www.pressenza.com\/wp-content\/uploads\/2022\/10\/pressenza_logo_200x200.jpg\",\"width\":200,\"height\":200,\"caption\":\"Pressenza\"},\"image\":{\"@id\":\"https:\/\/www.pressenza.com\/fr\/#\/schema\/logo\/image\/\"},\"sameAs\":[\"https:\/\/www.facebook.com\/PressenzaItalia\",\"https:\/\/x.com\/PressenzaIPA\"]},{\"@type\":\"Person\",\"@id\":\"https:\/\/www.pressenza.com\/fr\/#\/schema\/person\/d983e81827ae24f2c7b1a2123d197f8d\",\"name\":\"Redazione Italia\",\"description\":\"News from the Pressenza Bureau in Italy\",\"sameAs\":[\"https:\/\/www.pressenza.com\/it\/author\/redazione-italia\/\",\"https:\/\/www.facebook.com\/PressenzaItalia\",\"https:\/\/www.instagram.com\/pressenza_italia\/\",\"https:\/\/x.com\/pressenza_it\",\"https:\/\/www.youtube.com\/channel\/UCSalEIWjE1RSxkwjfftFuqg\"],\"url\":\"https:\/\/www.pressenza.com\/fr\/author\/redazione-italia\/\"}]}<\/script>\n<!-- \/ Yoast SEO plugin. -->","yoast_head_json":{"title":"Le Mexique renouvelle son offre d\u2019asile \u00e0 Julian Assange","description":"Le Mexique a r\u00e9it\u00e9r\u00e9 lundi 3 janvier 2022 sa proposition d\u2019accorder l\u2019asile \u00e0 Julian Assange et a assur\u00e9 qu\u2019il demanderait au gouvernement des \u00c9tats-Unis","robots":{"index":"index","follow":"follow","max-snippet":"max-snippet:-1","max-image-preview":"max-image-preview:large","max-video-preview":"max-video-preview:-1"},"canonical":"https:\/\/www.pressenza.com\/fr\/2022\/01\/le-mexique-renouvelle-son-offre-dasile-a-julian-assange\/","og_locale":"fr_FR","og_type":"article","og_title":"Le Mexique renouvelle son offre d\u2019asile \u00e0 Julian Assange","og_description":"Le Mexique a r\u00e9it\u00e9r\u00e9 lundi 3 janvier 2022 sa proposition d\u2019accorder l\u2019asile \u00e0 Julian Assange et a assur\u00e9 qu\u2019il demanderait au gouvernement des \u00c9tats-Unis","og_url":"https:\/\/www.pressenza.com\/fr\/2022\/01\/le-mexique-renouvelle-son-offre-dasile-a-julian-assange\/","og_site_name":"Pressenza","article_publisher":"https:\/\/www.facebook.com\/PressenzaItalia","article_author":"https:\/\/www.facebook.com\/PressenzaItalia","article_published_time":"2022-01-09T22:55:45+00:00","article_modified_time":"2022-01-09T22:57:08+00:00","og_image":[{"width":960,"height":533,"url":"https:\/\/www.pressenza.com\/wp-content\/uploads\/2021\/11\/Free-Press-Journalism-Julian-Assange-Assange-5883620.png","type":"image\/png"}],"author":"Redazione Italia","twitter_card":"summary_large_image","twitter_creator":"@pressenza_it","twitter_site":"@PressenzaIPA","twitter_misc":{"\u00c9crit par":"Redazione Italia","Dur\u00e9e de lecture estim\u00e9e":"2 minutes"},"schema":{"@context":"https:\/\/schema.org","@graph":[{"@type":"Article","@id":"https:\/\/www.pressenza.com\/fr\/2022\/01\/le-mexique-renouvelle-son-offre-dasile-a-julian-assange\/#article","isPartOf":{"@id":"https:\/\/www.pressenza.com\/fr\/2022\/01\/le-mexique-renouvelle-son-offre-dasile-a-julian-assange\/"},"author":{"name":"Redazione Italia","@id":"https:\/\/www.pressenza.com\/fr\/#\/schema\/person\/d983e81827ae24f2c7b1a2123d197f8d"},"headline":"Le Mexique renouvelle son offre d\u2019asile \u00e0 Julian Assange","datePublished":"2022-01-09T22:55:45+00:00","dateModified":"2022-01-09T22:57:08+00:00","mainEntityOfPage":{"@id":"https:\/\/www.pressenza.com\/fr\/2022\/01\/le-mexique-renouvelle-son-offre-dasile-a-julian-assange\/"},"wordCount":366,"publisher":{"@id":"https:\/\/www.pressenza.com\/fr\/#organization"},"image":{"@id":"https:\/\/www.pressenza.com\/fr\/2022\/01\/le-mexique-renouvelle-son-offre-dasile-a-julian-assange\/#primaryimage"},"thumbnailUrl":"https:\/\/www.pressenza.com\/wp-content\/uploads\/2021\/11\/Free-Press-Journalism-Julian-Assange-Assange-5883620.png","keywords":["Andr\u00e9s Manuel L\u00f3pez Obrador","\u00c9tats-Unis","extradition","Julian Assange","Mexique","USA"],"articleSection":["Am\u00e9rique du Nord","Droits humains"],"inLanguage":"fr-FR"},{"@type":"WebPage","@id":"https:\/\/www.pressenza.com\/fr\/2022\/01\/le-mexique-renouvelle-son-offre-dasile-a-julian-assange\/","url":"https:\/\/www.pressenza.com\/fr\/2022\/01\/le-mexique-renouvelle-son-offre-dasile-a-julian-assange\/","name":"Le Mexique renouvelle son offre d\u2019asile \u00e0 Julian Assange","isPartOf":{"@id":"https:\/\/www.pressenza.com\/fr\/#website"},"primaryImageOfPage":{"@id":"https:\/\/www.pressenza.com\/fr\/2022\/01\/le-mexique-renouvelle-son-offre-dasile-a-julian-assange\/#primaryimage"},"image":{"@id":"https:\/\/www.pressenza.com\/fr\/2022\/01\/le-mexique-renouvelle-son-offre-dasile-a-julian-assange\/#primaryimage"},"thumbnailUrl":"https:\/\/www.pressenza.com\/wp-content\/uploads\/2021\/11\/Free-Press-Journalism-Julian-Assange-Assange-5883620.png","datePublished":"2022-01-09T22:55:45+00:00","dateModified":"2022-01-09T22:57:08+00:00","description":"Le Mexique a r\u00e9it\u00e9r\u00e9 lundi 3 janvier 2022 sa proposition d\u2019accorder l\u2019asile \u00e0 Julian Assange et a assur\u00e9 qu\u2019il demanderait au gouvernement des \u00c9tats-Unis","breadcrumb":{"@id":"https:\/\/www.pressenza.com\/fr\/2022\/01\/le-mexique-renouvelle-son-offre-dasile-a-julian-assange\/#breadcrumb"},"inLanguage":"fr-FR","potentialAction":[{"@type":"ReadAction","target":["https:\/\/www.pressenza.com\/fr\/2022\/01\/le-mexique-renouvelle-son-offre-dasile-a-julian-assange\/"]}]},{"@type":"ImageObject","inLanguage":"fr-FR","@id":"https:\/\/www.pressenza.com\/fr\/2022\/01\/le-mexique-renouvelle-son-offre-dasile-a-julian-assange\/#primaryimage","url":"https:\/\/www.pressenza.com\/wp-content\/uploads\/2021\/11\/Free-Press-Journalism-Julian-Assange-Assange-5883620.png","contentUrl":"https:\/\/www.pressenza.com\/wp-content\/uploads\/2021\/11\/Free-Press-Journalism-Julian-Assange-Assange-5883620.png","width":960,"height":533,"caption":"Julian Assange remains locked away in Belmarsh Prison."},{"@type":"BreadcrumbList","@id":"https:\/\/www.pressenza.com\/fr\/2022\/01\/le-mexique-renouvelle-son-offre-dasile-a-julian-assange\/#breadcrumb","itemListElement":[{"@type":"ListItem","position":1,"name":"Accueil","item":"https:\/\/www.pressenza.com\/fr\/"},{"@type":"ListItem","position":2,"name":"Le Mexique renouvelle son offre d\u2019asile \u00e0 Julian Assange"}]},{"@type":"WebSite","@id":"https:\/\/www.pressenza.com\/fr\/#website","url":"https:\/\/www.pressenza.com\/fr\/","name":"Pressenza","description":"International Press Agency","publisher":{"@id":"https:\/\/www.pressenza.com\/fr\/#organization"},"potentialAction":[{"@type":"SearchAction","target":{"@type":"EntryPoint","urlTemplate":"https:\/\/www.pressenza.com\/fr\/?s={search_term_string}"},"query-input":{"@type":"PropertyValueSpecification","valueRequired":true,"valueName":"search_term_string"}}],"inLanguage":"fr-FR"},{"@type":"Organization","@id":"https:\/\/www.pressenza.com\/fr\/#organization","name":"Pressenza","url":"https:\/\/www.pressenza.com\/fr\/","logo":{"@type":"ImageObject","inLanguage":"fr-FR","@id":"https:\/\/www.pressenza.com\/fr\/#\/schema\/logo\/image\/","url":"https:\/\/www.pressenza.com\/wp-content\/uploads\/2022\/10\/pressenza_logo_200x200.jpg","contentUrl":"https:\/\/www.pressenza.com\/wp-content\/uploads\/2022\/10\/pressenza_logo_200x200.jpg","width":200,"height":200,"caption":"Pressenza"},"image":{"@id":"https:\/\/www.pressenza.com\/fr\/#\/schema\/logo\/image\/"},"sameAs":["https:\/\/www.facebook.com\/PressenzaItalia","https:\/\/x.com\/PressenzaIPA"]},{"@type":"Person","@id":"https:\/\/www.pressenza.com\/fr\/#\/schema\/person\/d983e81827ae24f2c7b1a2123d197f8d","name":"Redazione Italia","description":"News from the Pressenza Bureau in Italy","sameAs":["https:\/\/www.pressenza.com\/it\/author\/redazione-italia\/","https:\/\/www.facebook.com\/PressenzaItalia","https:\/\/www.instagram.com\/pressenza_italia\/","https:\/\/x.com\/pressenza_it","https:\/\/www.youtube.com\/channel\/UCSalEIWjE1RSxkwjfftFuqg"],"url":"https:\/\/www.pressenza.com\/fr\/author\/redazione-italia\/"}]}},"place":"","original_article_url":"","_links":{"self":[{"href":"https:\/\/www.pressenza.com\/fr\/wp-json\/wp\/v2\/posts\/1500348","targetHints":{"allow":["GET"]}}],"collection":[{"href":"https:\/\/www.pressenza.com\/fr\/wp-json\/wp\/v2\/posts"}],"about":[{"href":"https:\/\/www.pressenza.com\/fr\/wp-json\/wp\/v2\/types\/post"}],"author":[{"embeddable":true,"href":"https:\/\/www.pressenza.com\/fr\/wp-json\/wp\/v2\/users\/594"}],"replies":[{"embeddable":true,"href":"https:\/\/www.pressenza.com\/fr\/wp-json\/wp\/v2\/comments?post=1500348"}],"version-history":[{"count":0,"href":"https:\/\/www.pressenza.com\/fr\/wp-json\/wp\/v2\/posts\/1500348\/revisions"}],"wp:featuredmedia":[{"embeddable":true,"href":"https:\/\/www.pressenza.com\/fr\/wp-json\/wp\/v2\/media\/1470587"}],"wp:attachment":[{"href":"https:\/\/www.pressenza.com\/fr\/wp-json\/wp\/v2\/media?parent=1500348"}],"wp:term":[{"taxonomy":"category","embeddable":true,"href":"https:\/\/www.pressenza.com\/fr\/wp-json\/wp\/v2\/categories?post=1500348"},{"taxonomy":"post_tag","embeddable":true,"href":"https:\/\/www.pressenza.com\/fr\/wp-json\/wp\/v2\/tags?post=1500348"}],"curies":[{"name":"wp","href":"https:\/\/api.w.org\/{rel}","templated":true}]}}