{"id":1495147,"date":"2021-12-26T16:02:48","date_gmt":"2021-12-26T16:02:48","guid":{"rendered":"https:\/\/www.pressenza.com\/?p=1495147"},"modified":"2022-01-14T16:06:29","modified_gmt":"2022-01-14T16:06:29","slug":"jean-marie-muller-philosophe-et-militant-non-violent","status":"publish","type":"post","link":"https:\/\/www.pressenza.com\/fr\/2021\/12\/jean-marie-muller-philosophe-et-militant-non-violent\/","title":{"rendered":"Jean Marie Muller, philosophe et militant non-violent"},"content":{"rendered":"<div class=\"cxmmr5t8 oygrvhab hcukyx3x c1et5uql o9v6fnle\">\n<p dir=\"auto\">Notre grand ami, cher fr\u00e8re, Jean-Marie Muller, philosophe et militant non-violent, est d\u00e9c\u00e9d\u00e9 le 18 d\u00e9cembre dernier suite \u00e0 une maladie qui l\u2019affaiblissait depuis plusieurs ann\u00e9es.<\/p>\n<p dir=\"auto\">La famille d\u2019AUNOHR plonge dans une profonde tristesse. Et c&rsquo;est avec grand regret que nous avons annonc\u00e9 la triste nouvelle, en particulier aux \u00e9tudiants\/es qui ont poursuivi ses cours de philosophie et \u00e0 ceux et celles qui l&rsquo;ont connu et admir\u00e9 au Liban et dans le monde arabe.<\/p>\n<\/div>\n<div dir=\"auto\">Il quitte ce monde toujours \u00ab malade de violence \u00bb, comme l\u2019a bien exprim\u00e9 lors de son allocution \u00e0 l\u2019inauguration du projet pilote de l\u2019universit\u00e9 en 2009 (vid\u00e9o en annexe), en laissant \u00e0 la France et l\u2019Europe en particulier de continuer ce combat non-violent.<\/div>\n<div dir=\"auto\">Lecturer (maitre de conf\u00e9rences) \u00e0 AUNOHR jusqu\u2019en 2015; son premier mot adress\u00e9 \u00e0 l\u2019universit\u00e9 et ses fondateurs, fut une f\u00e9licitation et une d\u00e9termination \u00ab \u00e0 re-penser la violence\u2026 et penser la non-violence \u00bb. (Voir le texte entier \u00e0 la fin)<\/div>\n<div class=\"cxmmr5t8 oygrvhab hcukyx3x c1et5uql o9v6fnle\">\n<p dir=\"auto\">Apr\u00e8s Gandhi, Muller a insist\u00e9 \u00e0 \u2018baptiser\u2019 le terme de NON-VIOLENCE en philosophie, dot\u00e9e de 44 livres et brochures r\u00e9fl\u00e9chis et \u00e9crits au courant de 50 ann\u00e9es de sa vie active.<\/p>\n<\/div>\n<div class=\"cxmmr5t8 oygrvhab hcukyx3x c1et5uql o9v6fnle\">\n<p dir=\"auto\">Jean-Marie Muller fut d\u2019abord l\u2019ami des fondateurs de l&rsquo;universit\u00e9, Walid Slaybi et Ogarit Younan, depuis 1989, leur premi\u00e8re rencontre \u00e0 Paris. Et d\u00e8s le d\u00e9part, ils ont pris l\u2019initiative d\u2019introduire Muller dans le monde arabe, \u00e0 partir du Liban \u00e9videmment, depuis 1990, \u00ab son deuxi\u00e8me pays \u00bb dit-il, puis en Syrie, Jordanie, Palestine, Irak et Kurdistan. Une bonne partie de ses livres et ses textes philosophiques et strat\u00e9giques, traduite en plusieurs langues, le fut de m\u00eame en arabe, et derni\u00e8rement ses amis en France viennent de d\u00e9couvrir qu\u2019il a \u00e9t\u00e9 le plus traduit en langue arabe.<\/p>\n<\/div>\n<div dir=\"auto\">En 2019, c\u2019\u00e9tait la derni\u00e8re visite chez lui \u00e0 Chanteau ; le dernier \u00e9change t\u00e9l\u00e9phonique le 21 octobre 2021, jour de son 82\u00e8me anniversaire ; et les deux derniers livres traduits en arabe \u00e0 sortir prochainement portent sur Camus et Mandela.<\/div>\n<p dir=\"auto\">Nos Condol\u00e9ances sinc\u00e8res \u00e0 sa famille, son \u00e9pouse H\u00e9l\u00e8ne et ses deux enfants, \u00e0 nos amis\/es du mouvement fran\u00e7ais de la non-violence dont Muller fut l&rsquo;un de ses principaux fondateurs, ainsi qu\u2019aux membres de l&rsquo;universit\u00e9, ses Conseils, ses professeurs, \u00e9tudiants et amis\/es.<\/p>\n<p dir=\"auto\">Adieu, Jean-Marie MULLER;<\/p>\n<p>La famille d\u2019AUNOHR<\/p>\n<div dir=\"auto\">&#8212;&#8212;&#8212;&#8212;&#8212;&#8212;&#8212;&#8211;<\/div>\n<p dir=\"auto\"><strong>Texte de l\u2019allocution de Jean-Marie Muller au lancement du projet pilote d\u2019AUNOHR en 2009 :<\/strong><\/p>\n<p dir=\"auto\">\u00abLorsque mes amis le Dr. Ogarit Younan et le Dr. Walid Slaybi m\u2019ont annonc\u00e9, lors de notre rencontre en juillet 2008 \u00e0 Beyrouth, qu\u2019ils allaient cr\u00e9er l\u2019Universit\u00e9 Arabe pour la Non-violence, c\u2019est avec une immense joie que j\u2019ai accueilli cette nouvelle.<\/p>\n<p dir=\"auto\">Cette cr\u00e9ation est l\u2019aboutissement de nombreuses ann\u00e9es de travail tout au long desquelles Ogarit et Walid n\u2019ont cess\u00e9 de creuser un large et profond sillon dans lequel ils ont sem\u00e9 des graines de non-violence. Permettez-moi de rendre hommage \u00e0 leur d\u00e9termination et \u00e0 leur pers\u00e9v\u00e9rance qui ont permis que nous soyons rassembl\u00e9s aujourd\u2019hui.<\/p>\n<div class=\"cxmmr5t8 oygrvhab hcukyx3x c1et5uql o9v6fnle\">\n<p dir=\"auto\">C\u2019est en septembre 1990 que je suis venu pour la premi\u00e8re fois au Liban, invit\u00e9 par eux. Je me souviens, la guerre civile n\u2019\u00e9tait pas encore tout \u00e0 fait termin\u00e9e et nombre de mes amis fran\u00e7ais me d\u00e9conseillaient vivement d\u2019accepter une invitation qu\u2019ils jugeaient trop dangereuse. Je n\u2019ai \u00e9videmment jamais regrett\u00e9 de ne pas les avoir \u00e9cout\u00e9s. Durant les trois semaines que je suis rest\u00e9, je suis devenu amoureux du Liban et je le suis rest\u00e9.<\/p>\n<\/div>\n<div class=\"cxmmr5t8 oygrvhab hcukyx3x c1et5uql o9v6fnle\">\n<p dir=\"auto\">Avec Ogarit et Walid, nous avons eu de nombreuses occasions de nous rencontrer, que ce soit en France ou au Liban, et ce sont des liens d\u2019une profonde amiti\u00e9 qui se sont tiss\u00e9s entre nous, des liens d\u2019autant plus forts qu\u2019ils sont tiss\u00e9s par la m\u00eame conviction que la non-violence exprime \u00e0 la fois la v\u00e9rit\u00e9 de l\u2019homme et l\u2019esp\u00e9rance de l\u2019humanit\u00e9.<\/p>\n<p dir=\"auto\">C\u2019est donc avec beaucoup d\u2019\u00e9motion que je me retrouve aujourd&rsquo;hui parmi vous.<\/p>\n<\/div>\n<div class=\"cxmmr5t8 oygrvhab hcukyx3x c1et5uql o9v6fnle\">\n<p dir=\"auto\">Le Liban est malade de la violence. Le Moyen-Orient est malade de la violence. Le monde arabe est malade de la violence. L\u2019Occident est malade de la violence. Le monde est malade de la violence.<\/p>\n<p dir=\"auto\">Jamais, nulle part, la violence n\u2019est capable d\u2019apporter une solution humaine aux in\u00e9vitables conflits qui divisent et opposent les \u00eatres humains, les communaut\u00e9s, les peuples et les nations.<\/p>\n<p dir=\"auto\">Jamais, nulle part, la violence n\u2019est la solution. Toujours, partout, la violence est le probl\u00e8me.<\/p>\n<p dir=\"auto\">Jamais, nulle part, la violence ne d\u00e9noue le n\u0153ud du conflit. Toujours, partout, elle ne fait que le resserrer.<\/p>\n<p dir=\"auto\">Jamais, nulle part, la violence n\u2019apporte la justice. Toujours, partout, la violence redouble l\u2019injustice.<\/p>\n<p dir=\"auto\">Jamais, nulle part, le meurtre n\u2019\u00e9tablit la paix. Toujours, partout, le meurtre entretient la vengeance. Ind\u00e9finiment.<\/p>\n<p dir=\"auto\">Jamais, nulle part, la violence n\u2019apporte la victoire. Toujours, partout, la violence est une d\u00e9faite, un drame, un malheur, une trag\u00e9die.<\/p>\n<p dir=\"auto\">Chacun pr\u00e9tend d\u00e9fendre sa cause. Mais tuer un homme, ce n\u2019est pas d\u00e9fendre une cause c\u2019est tuer un homme. Et pervertir toute cause.<\/p>\n<p dir=\"auto\">Jamais, nulle part, la violence ne tient sa promesse d\u2019offrir des lendemains qui chantent. Toujours, partout, la violence apporte des aujourd\u2019hui qui pleurent.<\/p>\n<\/div>\n<div class=\"cxmmr5t8 oygrvhab hcukyx3x c1et5uql o9v6fnle\">\n<p dir=\"auto\">D\u00e8s lors, le d\u00e9fi qui est lanc\u00e9 aux femmes et aux hommes de bonne volont\u00e9 en ce d\u00e9but du vingt-et-uni\u00e8me si\u00e8cle est d\u2019avoir l\u2019intelligence d\u2019inventer une solution au probl\u00e8me de la violence. Tout au long des cours qui seront dispens\u00e9s dans le cadre de cette Universit\u00e9, il sera propos\u00e9 de rechercher cette solution en faisant valoir les possibilit\u00e9s offertes par la strat\u00e9gie de l\u2019action non-violente.<\/p>\n<p dir=\"auto\">D\u00e8s lors, le d\u00e9fi est de construire une philosophie de la non-violence. Une philosophie de la vie. Une philosophie de l\u2019esp\u00e9rance. Une philosophie, c\u2019est-\u00e0-dire une sagesse pratique qui invite \u00e0 l\u2019action.<\/p>\n<p dir=\"auto\">Ce sont pr\u00e9cis\u00e9ment ces d\u00e9fis que veut relever l\u2019Universit\u00e9 Arabe pour la Non-violence<\/p>\n<\/div>\n<div dir=\"auto\">Le moment est venu de re-penser la violence.<\/div>\n<div dir=\"auto\">Le moment est venu de penser la non-violence.<\/div>\n<div dir=\"auto\">La vocation de cette Universit\u00e9 est d\u2019offrir aux g\u00e9n\u00e9rations, qui ont d\u2019ores et d\u00e9j\u00e0 la responsabilit\u00e9 de l\u2019avenir de l\u2019humanit\u00e9 la possibilit\u00e9 d\u2019acqu\u00e9rir la formation intellectuelle qui leur permettra de d\u00e9celer les principes et les m\u00e9thodes de la non-violence \u00e0 travers les \u00e9crits et les actions des grands t\u00e9moins de la non-violence.<\/div>\n<div class=\"cxmmr5t8 oygrvhab hcukyx3x c1et5uql o9v6fnle\">\n<p dir=\"auto\">Il existe en r\u00e9alit\u00e9 une histoire de la r\u00e9sistance non-violente qui a ses lettres et ses actes de noblesse. Une histoire \u00e9crite par des femmes et des hommes qui ont refus\u00e9 de se r\u00e9signer \u00e0 l\u2019injustice qui outrageait leur dignit\u00e9 et bafouait leur libert\u00e9, et qui ont su imaginer d\u2019autres moyens de r\u00e9sistance que ceux de la violence meurtri\u00e8re. \u00c1 maintes reprises, leurs luttes non-violentes ont fait montre d\u2019une r\u00e9elle efficacit\u00e9. De leurs mains nues, ils sont parvenus \u00e0 d\u00e9sarmer leurs ennemis. Malheureusement, leur histoire est m\u00e9connue, ignor\u00e9e, occult\u00e9e. \u00c1 travers le prisme d\u00e9formant de l\u2019id\u00e9ologie de la violence, notre m\u00e9moire collective n\u2019a retenu que l\u2019histoire des r\u00e9volutions arm\u00e9es et des guerres meurtri\u00e8res. L\u2019Universit\u00e9 Arabe pour la Non-violence veut permettre \u00e0 ses \u00e9tudiants de se ressouvenir de cette histoire des luttes non-violentes et de se les approprier.<\/p>\n<p dir=\"auto\">Au c\u0153ur de chacune de nos cultures, se trouve l\u2019exigence de non-violence qui conf\u00e8re \u00e0 tout \u00eatre humain dignit\u00e9, grandeur et noblesse. Chacune de nos cultures est invit\u00e9e \u00e0 d\u00e9couvrir cette exigence qui s\u2019est trouv\u00e9e recouverte par les scories de l\u2019id\u00e9ologie de la violence. Chacune de nos cultures est invit\u00e9e \u00e0 construire une philosophie de la non-violence et de dialoguer avec toutes les autres cultures pour exprimer ensemble l\u2019universel humain. Chacune de nos cultures donnera sa propre couleur \u00e0 sa philosophie qui viendra s\u2019inscrire dans l\u2019arc-en-ciel de la non-violence annonciateur, au c\u0153ur des t\u00e9n\u00e8bres qui recouvrent les mondes, d\u2019une nouvelle aurore.<\/p>\n<\/div>\n<div dir=\"auto\">Je ne doute pas que cette Universit\u00e9 pour la Non-violence contribuera \u00e0 faire lever cette aurore sur le mode arabe. Permettez-moi de vous confier que je suis particuli\u00e8rement heureux d\u2019\u00eatre \u00e0 vos c\u00f4t\u00e9s pour participer \u00e0 cette aventure exaltante.<\/div>\n<div class=\"cxmmr5t8 oygrvhab hcukyx3x c1et5uql o9v6fnle\">\n<p dir=\"auto\">Je vous remercie.<\/p>\n<p dir=\"auto\">Jean-Marie Muller<\/p>\n<p dir=\"auto\">Liban, le 17 Aout 2009 \u00bb<\/p>\n<\/div>\n","protected":false},"excerpt":{"rendered":"<p>Notre grand ami, cher fr\u00e8re, Jean-Marie Muller, philosophe et militant non-violent, est d\u00e9c\u00e9d\u00e9 le 18 d\u00e9cembre dernier suite \u00e0 une maladie qui l\u2019affaiblissait depuis plusieurs ann\u00e9es. La famille d\u2019AUNOHR plonge dans une profonde tristesse. Et c&rsquo;est avec grand regret que&hellip;<\/p>\n","protected":false},"author":19,"featured_media":1495150,"comment_status":"closed","ping_status":"closed","sticky":false,"template":"","format":"standard","meta":{"footnotes":""},"categories":[11386,85,1248,90],"tags":[97943,97944,4990,4324,28903],"class_list":["post-1495147","post","type-post","status-publish","format-standard","has-post-thumbnail","hentry","category-contenu-original","category-europe-fr","category-nonviolence-sujet","category-moyen-orient","tag-aunohr","tag-jean-marie-muller-fr","tag-liban","tag-monde-arabe","tag-non-violence"],"yoast_head":"<!-- This site is optimized with the Yoast SEO plugin v27.1.1 - https:\/\/yoast.com\/product\/yoast-seo-wordpress\/ -->\n<title>Jean Marie Muller, philosophe et militant non-violent<\/title>\n<meta name=\"description\" content=\"Notre grand ami, cher fr\u00e8re, Jean-Marie Muller, philosophe et militant non-violent, est d\u00e9c\u00e9d\u00e9 le 18 d\u00e9cembre dernier suite \u00e0 une maladie qui\" \/>\n<meta name=\"robots\" content=\"index, follow, max-snippet:-1, max-image-preview:large, max-video-preview:-1\" \/>\n<link rel=\"canonical\" href=\"https:\/\/www.pressenza.com\/fr\/2021\/12\/jean-marie-muller-philosophe-et-militant-non-violent\/\" \/>\n<meta property=\"og:locale\" content=\"fr_FR\" \/>\n<meta property=\"og:type\" content=\"article\" \/>\n<meta property=\"og:title\" content=\"Jean Marie Muller, philosophe et militant non-violent\" \/>\n<meta property=\"og:description\" content=\"Notre grand ami, cher fr\u00e8re, Jean-Marie Muller, philosophe et militant non-violent, est d\u00e9c\u00e9d\u00e9 le 18 d\u00e9cembre dernier suite \u00e0 une maladie qui\" \/>\n<meta property=\"og:url\" content=\"https:\/\/www.pressenza.com\/fr\/2021\/12\/jean-marie-muller-philosophe-et-militant-non-violent\/\" \/>\n<meta property=\"og:site_name\" content=\"Pressenza\" \/>\n<meta property=\"article:publisher\" content=\"https:\/\/www.facebook.com\/PressenzaItalia\" \/>\n<meta property=\"article:author\" content=\"https:\/\/www.facebook.com\/pressenza\" \/>\n<meta property=\"article:published_time\" content=\"2021-12-26T16:02:48+00:00\" \/>\n<meta property=\"article:modified_time\" content=\"2022-01-14T16:06:29+00:00\" \/>\n<meta property=\"og:image\" content=\"https:\/\/www.pressenza.com\/wp-content\/uploads\/2021\/12\/Jean-Marie-Muller-Ogarit-Younan-Rome-2016.jpg\" \/>\n\t<meta property=\"og:image:width\" content=\"850\" \/>\n\t<meta property=\"og:image:height\" content=\"650\" \/>\n\t<meta property=\"og:image:type\" content=\"image\/jpeg\" \/>\n<meta name=\"author\" content=\"Pressenza IPA\" \/>\n<meta name=\"twitter:card\" content=\"summary_large_image\" \/>\n<meta name=\"twitter:creator\" content=\"@PressenzaIPA\" \/>\n<meta name=\"twitter:site\" content=\"@PressenzaIPA\" \/>\n<meta name=\"twitter:label1\" content=\"\u00c9crit par\" \/>\n\t<meta name=\"twitter:data1\" content=\"Pressenza IPA\" \/>\n\t<meta name=\"twitter:label2\" content=\"Dur\u00e9e de lecture estim\u00e9e\" \/>\n\t<meta name=\"twitter:data2\" content=\"7 minutes\" \/>\n<script type=\"application\/ld+json\" class=\"yoast-schema-graph\">{\"@context\":\"https:\/\/schema.org\",\"@graph\":[{\"@type\":\"Article\",\"@id\":\"https:\/\/www.pressenza.com\/fr\/2021\/12\/jean-marie-muller-philosophe-et-militant-non-violent\/#article\",\"isPartOf\":{\"@id\":\"https:\/\/www.pressenza.com\/fr\/2021\/12\/jean-marie-muller-philosophe-et-militant-non-violent\/\"},\"author\":{\"name\":\"Pressenza IPA\",\"@id\":\"https:\/\/www.pressenza.com\/fr\/#\/schema\/person\/010e5d02bcf40965427a1289a4cc8d75\"},\"headline\":\"Jean Marie Muller, philosophe et militant non-violent\",\"datePublished\":\"2021-12-26T16:02:48+00:00\",\"dateModified\":\"2022-01-14T16:06:29+00:00\",\"mainEntityOfPage\":{\"@id\":\"https:\/\/www.pressenza.com\/fr\/2021\/12\/jean-marie-muller-philosophe-et-militant-non-violent\/\"},\"wordCount\":1439,\"publisher\":{\"@id\":\"https:\/\/www.pressenza.com\/fr\/#organization\"},\"image\":{\"@id\":\"https:\/\/www.pressenza.com\/fr\/2021\/12\/jean-marie-muller-philosophe-et-militant-non-violent\/#primaryimage\"},\"thumbnailUrl\":\"https:\/\/www.pressenza.com\/wp-content\/uploads\/2021\/12\/Jean-Marie-Muller-Ogarit-Younan-Rome-2016.jpg\",\"keywords\":[\"AUNOHR\",\"Jean-Marie Muller\",\"Liban\",\"monde arabe\",\"non-violence\"],\"articleSection\":[\"Contenu Original\",\"Europe\",\"Non-violence\",\"Proche et Moyen-Orient\"],\"inLanguage\":\"fr-FR\"},{\"@type\":\"WebPage\",\"@id\":\"https:\/\/www.pressenza.com\/fr\/2021\/12\/jean-marie-muller-philosophe-et-militant-non-violent\/\",\"url\":\"https:\/\/www.pressenza.com\/fr\/2021\/12\/jean-marie-muller-philosophe-et-militant-non-violent\/\",\"name\":\"Jean Marie Muller, philosophe et militant non-violent\",\"isPartOf\":{\"@id\":\"https:\/\/www.pressenza.com\/fr\/#website\"},\"primaryImageOfPage\":{\"@id\":\"https:\/\/www.pressenza.com\/fr\/2021\/12\/jean-marie-muller-philosophe-et-militant-non-violent\/#primaryimage\"},\"image\":{\"@id\":\"https:\/\/www.pressenza.com\/fr\/2021\/12\/jean-marie-muller-philosophe-et-militant-non-violent\/#primaryimage\"},\"thumbnailUrl\":\"https:\/\/www.pressenza.com\/wp-content\/uploads\/2021\/12\/Jean-Marie-Muller-Ogarit-Younan-Rome-2016.jpg\",\"datePublished\":\"2021-12-26T16:02:48+00:00\",\"dateModified\":\"2022-01-14T16:06:29+00:00\",\"description\":\"Notre grand ami, cher fr\u00e8re, Jean-Marie Muller, philosophe et militant non-violent, est d\u00e9c\u00e9d\u00e9 le 18 d\u00e9cembre dernier suite \u00e0 une maladie qui\",\"breadcrumb\":{\"@id\":\"https:\/\/www.pressenza.com\/fr\/2021\/12\/jean-marie-muller-philosophe-et-militant-non-violent\/#breadcrumb\"},\"inLanguage\":\"fr-FR\",\"potentialAction\":[{\"@type\":\"ReadAction\",\"target\":[\"https:\/\/www.pressenza.com\/fr\/2021\/12\/jean-marie-muller-philosophe-et-militant-non-violent\/\"]}]},{\"@type\":\"ImageObject\",\"inLanguage\":\"fr-FR\",\"@id\":\"https:\/\/www.pressenza.com\/fr\/2021\/12\/jean-marie-muller-philosophe-et-militant-non-violent\/#primaryimage\",\"url\":\"https:\/\/www.pressenza.com\/wp-content\/uploads\/2021\/12\/Jean-Marie-Muller-Ogarit-Younan-Rome-2016.jpg\",\"contentUrl\":\"https:\/\/www.pressenza.com\/wp-content\/uploads\/2021\/12\/Jean-Marie-Muller-Ogarit-Younan-Rome-2016.jpg\",\"width\":850,\"height\":650},{\"@type\":\"BreadcrumbList\",\"@id\":\"https:\/\/www.pressenza.com\/fr\/2021\/12\/jean-marie-muller-philosophe-et-militant-non-violent\/#breadcrumb\",\"itemListElement\":[{\"@type\":\"ListItem\",\"position\":1,\"name\":\"Accueil\",\"item\":\"https:\/\/www.pressenza.com\/fr\/\"},{\"@type\":\"ListItem\",\"position\":2,\"name\":\"Jean Marie Muller, philosophe et militant non-violent\"}]},{\"@type\":\"WebSite\",\"@id\":\"https:\/\/www.pressenza.com\/fr\/#website\",\"url\":\"https:\/\/www.pressenza.com\/fr\/\",\"name\":\"Pressenza\",\"description\":\"International Press Agency\",\"publisher\":{\"@id\":\"https:\/\/www.pressenza.com\/fr\/#organization\"},\"potentialAction\":[{\"@type\":\"SearchAction\",\"target\":{\"@type\":\"EntryPoint\",\"urlTemplate\":\"https:\/\/www.pressenza.com\/fr\/?s={search_term_string}\"},\"query-input\":{\"@type\":\"PropertyValueSpecification\",\"valueRequired\":true,\"valueName\":\"search_term_string\"}}],\"inLanguage\":\"fr-FR\"},{\"@type\":\"Organization\",\"@id\":\"https:\/\/www.pressenza.com\/fr\/#organization\",\"name\":\"Pressenza\",\"url\":\"https:\/\/www.pressenza.com\/fr\/\",\"logo\":{\"@type\":\"ImageObject\",\"inLanguage\":\"fr-FR\",\"@id\":\"https:\/\/www.pressenza.com\/fr\/#\/schema\/logo\/image\/\",\"url\":\"https:\/\/www.pressenza.com\/wp-content\/uploads\/2022\/10\/pressenza_logo_200x200.jpg\",\"contentUrl\":\"https:\/\/www.pressenza.com\/wp-content\/uploads\/2022\/10\/pressenza_logo_200x200.jpg\",\"width\":200,\"height\":200,\"caption\":\"Pressenza\"},\"image\":{\"@id\":\"https:\/\/www.pressenza.com\/fr\/#\/schema\/logo\/image\/\"},\"sameAs\":[\"https:\/\/www.facebook.com\/PressenzaItalia\",\"https:\/\/x.com\/PressenzaIPA\"]},{\"@type\":\"Person\",\"@id\":\"https:\/\/www.pressenza.com\/fr\/#\/schema\/person\/010e5d02bcf40965427a1289a4cc8d75\",\"name\":\"Pressenza IPA\",\"description\":\"News from Pressenza IPA correspondents\",\"sameAs\":[\"https:\/\/www.facebook.com\/pressenza\",\"https:\/\/x.com\/PressenzaIPA\"],\"url\":\"https:\/\/www.pressenza.com\/fr\/author\/pressenza-ipa\/\"}]}<\/script>\n<!-- \/ Yoast SEO plugin. -->","yoast_head_json":{"title":"Jean Marie Muller, philosophe et militant non-violent","description":"Notre grand ami, cher fr\u00e8re, Jean-Marie Muller, philosophe et militant non-violent, est d\u00e9c\u00e9d\u00e9 le 18 d\u00e9cembre dernier suite \u00e0 une maladie qui","robots":{"index":"index","follow":"follow","max-snippet":"max-snippet:-1","max-image-preview":"max-image-preview:large","max-video-preview":"max-video-preview:-1"},"canonical":"https:\/\/www.pressenza.com\/fr\/2021\/12\/jean-marie-muller-philosophe-et-militant-non-violent\/","og_locale":"fr_FR","og_type":"article","og_title":"Jean Marie Muller, philosophe et militant non-violent","og_description":"Notre grand ami, cher fr\u00e8re, Jean-Marie Muller, philosophe et militant non-violent, est d\u00e9c\u00e9d\u00e9 le 18 d\u00e9cembre dernier suite \u00e0 une maladie qui","og_url":"https:\/\/www.pressenza.com\/fr\/2021\/12\/jean-marie-muller-philosophe-et-militant-non-violent\/","og_site_name":"Pressenza","article_publisher":"https:\/\/www.facebook.com\/PressenzaItalia","article_author":"https:\/\/www.facebook.com\/pressenza","article_published_time":"2021-12-26T16:02:48+00:00","article_modified_time":"2022-01-14T16:06:29+00:00","og_image":[{"width":850,"height":650,"url":"https:\/\/www.pressenza.com\/wp-content\/uploads\/2021\/12\/Jean-Marie-Muller-Ogarit-Younan-Rome-2016.jpg","type":"image\/jpeg"}],"author":"Pressenza IPA","twitter_card":"summary_large_image","twitter_creator":"@PressenzaIPA","twitter_site":"@PressenzaIPA","twitter_misc":{"\u00c9crit par":"Pressenza IPA","Dur\u00e9e de lecture estim\u00e9e":"7 minutes"},"schema":{"@context":"https:\/\/schema.org","@graph":[{"@type":"Article","@id":"https:\/\/www.pressenza.com\/fr\/2021\/12\/jean-marie-muller-philosophe-et-militant-non-violent\/#article","isPartOf":{"@id":"https:\/\/www.pressenza.com\/fr\/2021\/12\/jean-marie-muller-philosophe-et-militant-non-violent\/"},"author":{"name":"Pressenza IPA","@id":"https:\/\/www.pressenza.com\/fr\/#\/schema\/person\/010e5d02bcf40965427a1289a4cc8d75"},"headline":"Jean Marie Muller, philosophe et militant non-violent","datePublished":"2021-12-26T16:02:48+00:00","dateModified":"2022-01-14T16:06:29+00:00","mainEntityOfPage":{"@id":"https:\/\/www.pressenza.com\/fr\/2021\/12\/jean-marie-muller-philosophe-et-militant-non-violent\/"},"wordCount":1439,"publisher":{"@id":"https:\/\/www.pressenza.com\/fr\/#organization"},"image":{"@id":"https:\/\/www.pressenza.com\/fr\/2021\/12\/jean-marie-muller-philosophe-et-militant-non-violent\/#primaryimage"},"thumbnailUrl":"https:\/\/www.pressenza.com\/wp-content\/uploads\/2021\/12\/Jean-Marie-Muller-Ogarit-Younan-Rome-2016.jpg","keywords":["AUNOHR","Jean-Marie Muller","Liban","monde arabe","non-violence"],"articleSection":["Contenu Original","Europe","Non-violence","Proche et Moyen-Orient"],"inLanguage":"fr-FR"},{"@type":"WebPage","@id":"https:\/\/www.pressenza.com\/fr\/2021\/12\/jean-marie-muller-philosophe-et-militant-non-violent\/","url":"https:\/\/www.pressenza.com\/fr\/2021\/12\/jean-marie-muller-philosophe-et-militant-non-violent\/","name":"Jean Marie Muller, philosophe et militant non-violent","isPartOf":{"@id":"https:\/\/www.pressenza.com\/fr\/#website"},"primaryImageOfPage":{"@id":"https:\/\/www.pressenza.com\/fr\/2021\/12\/jean-marie-muller-philosophe-et-militant-non-violent\/#primaryimage"},"image":{"@id":"https:\/\/www.pressenza.com\/fr\/2021\/12\/jean-marie-muller-philosophe-et-militant-non-violent\/#primaryimage"},"thumbnailUrl":"https:\/\/www.pressenza.com\/wp-content\/uploads\/2021\/12\/Jean-Marie-Muller-Ogarit-Younan-Rome-2016.jpg","datePublished":"2021-12-26T16:02:48+00:00","dateModified":"2022-01-14T16:06:29+00:00","description":"Notre grand ami, cher fr\u00e8re, Jean-Marie Muller, philosophe et militant non-violent, est d\u00e9c\u00e9d\u00e9 le 18 d\u00e9cembre dernier suite \u00e0 une maladie qui","breadcrumb":{"@id":"https:\/\/www.pressenza.com\/fr\/2021\/12\/jean-marie-muller-philosophe-et-militant-non-violent\/#breadcrumb"},"inLanguage":"fr-FR","potentialAction":[{"@type":"ReadAction","target":["https:\/\/www.pressenza.com\/fr\/2021\/12\/jean-marie-muller-philosophe-et-militant-non-violent\/"]}]},{"@type":"ImageObject","inLanguage":"fr-FR","@id":"https:\/\/www.pressenza.com\/fr\/2021\/12\/jean-marie-muller-philosophe-et-militant-non-violent\/#primaryimage","url":"https:\/\/www.pressenza.com\/wp-content\/uploads\/2021\/12\/Jean-Marie-Muller-Ogarit-Younan-Rome-2016.jpg","contentUrl":"https:\/\/www.pressenza.com\/wp-content\/uploads\/2021\/12\/Jean-Marie-Muller-Ogarit-Younan-Rome-2016.jpg","width":850,"height":650},{"@type":"BreadcrumbList","@id":"https:\/\/www.pressenza.com\/fr\/2021\/12\/jean-marie-muller-philosophe-et-militant-non-violent\/#breadcrumb","itemListElement":[{"@type":"ListItem","position":1,"name":"Accueil","item":"https:\/\/www.pressenza.com\/fr\/"},{"@type":"ListItem","position":2,"name":"Jean Marie Muller, philosophe et militant non-violent"}]},{"@type":"WebSite","@id":"https:\/\/www.pressenza.com\/fr\/#website","url":"https:\/\/www.pressenza.com\/fr\/","name":"Pressenza","description":"International Press Agency","publisher":{"@id":"https:\/\/www.pressenza.com\/fr\/#organization"},"potentialAction":[{"@type":"SearchAction","target":{"@type":"EntryPoint","urlTemplate":"https:\/\/www.pressenza.com\/fr\/?s={search_term_string}"},"query-input":{"@type":"PropertyValueSpecification","valueRequired":true,"valueName":"search_term_string"}}],"inLanguage":"fr-FR"},{"@type":"Organization","@id":"https:\/\/www.pressenza.com\/fr\/#organization","name":"Pressenza","url":"https:\/\/www.pressenza.com\/fr\/","logo":{"@type":"ImageObject","inLanguage":"fr-FR","@id":"https:\/\/www.pressenza.com\/fr\/#\/schema\/logo\/image\/","url":"https:\/\/www.pressenza.com\/wp-content\/uploads\/2022\/10\/pressenza_logo_200x200.jpg","contentUrl":"https:\/\/www.pressenza.com\/wp-content\/uploads\/2022\/10\/pressenza_logo_200x200.jpg","width":200,"height":200,"caption":"Pressenza"},"image":{"@id":"https:\/\/www.pressenza.com\/fr\/#\/schema\/logo\/image\/"},"sameAs":["https:\/\/www.facebook.com\/PressenzaItalia","https:\/\/x.com\/PressenzaIPA"]},{"@type":"Person","@id":"https:\/\/www.pressenza.com\/fr\/#\/schema\/person\/010e5d02bcf40965427a1289a4cc8d75","name":"Pressenza IPA","description":"News from Pressenza IPA correspondents","sameAs":["https:\/\/www.facebook.com\/pressenza","https:\/\/x.com\/PressenzaIPA"],"url":"https:\/\/www.pressenza.com\/fr\/author\/pressenza-ipa\/"}]}},"place":"Beirut, AUNOHR","original_article_url":"","_links":{"self":[{"href":"https:\/\/www.pressenza.com\/fr\/wp-json\/wp\/v2\/posts\/1495147","targetHints":{"allow":["GET"]}}],"collection":[{"href":"https:\/\/www.pressenza.com\/fr\/wp-json\/wp\/v2\/posts"}],"about":[{"href":"https:\/\/www.pressenza.com\/fr\/wp-json\/wp\/v2\/types\/post"}],"author":[{"embeddable":true,"href":"https:\/\/www.pressenza.com\/fr\/wp-json\/wp\/v2\/users\/19"}],"replies":[{"embeddable":true,"href":"https:\/\/www.pressenza.com\/fr\/wp-json\/wp\/v2\/comments?post=1495147"}],"version-history":[{"count":0,"href":"https:\/\/www.pressenza.com\/fr\/wp-json\/wp\/v2\/posts\/1495147\/revisions"}],"wp:featuredmedia":[{"embeddable":true,"href":"https:\/\/www.pressenza.com\/fr\/wp-json\/wp\/v2\/media\/1495150"}],"wp:attachment":[{"href":"https:\/\/www.pressenza.com\/fr\/wp-json\/wp\/v2\/media?parent=1495147"}],"wp:term":[{"taxonomy":"category","embeddable":true,"href":"https:\/\/www.pressenza.com\/fr\/wp-json\/wp\/v2\/categories?post=1495147"},{"taxonomy":"post_tag","embeddable":true,"href":"https:\/\/www.pressenza.com\/fr\/wp-json\/wp\/v2\/tags?post=1495147"}],"curies":[{"name":"wp","href":"https:\/\/api.w.org\/{rel}","templated":true}]}}