{"id":1473455,"date":"2021-11-19T01:25:13","date_gmt":"2021-11-19T01:25:13","guid":{"rendered":"https:\/\/www.pressenza.com\/?p=1473455"},"modified":"2021-11-19T17:17:44","modified_gmt":"2021-11-19T17:17:44","slug":"ateliers-quelques-pistes-pour-la-non-violence-le-rejet-visceral-de-la-violence","status":"publish","type":"post","link":"https:\/\/www.pressenza.com\/fr\/2021\/11\/ateliers-quelques-pistes-pour-la-non-violence-le-rejet-visceral-de-la-violence\/","title":{"rendered":"Ateliers : Quelques pistes pour la non-violence \/ Le rejet visc\u00e9ral de la violence"},"content":{"rendered":"<p><em>Deux ateliers th\u00e9matiques seront pr\u00e9sent\u00e9s par Philippe Moal \u00e0 Paris le vendredi 26 et le samedi 27 novembre.<\/em><\/p>\n<p>Lors du premier atelier, Philippe Moal nous pr\u00e9sentera l&rsquo;\u00e9tude &lsquo;<em>Quelques pistes pour la non-violence<\/em>&lsquo; et plus particuli\u00e8rement le th\u00e8me de <a href=\"https:\/\/www.pressenza.com\/fr\/2021\/11\/quelques-pistes-pour-la-non-violence-8-deconnexion-fuite-et-hyper-connexion-c-hyper-connexion\/\">l\u2019hyper-connexion \u00e0 la violence<\/a> o\u00f9 il d\u00e9crit le ph\u00e9nom\u00e8ne et propose quelques pratiques destin\u00e9es \u00e0 s\u2019en lib\u00e9rer. L\u2019expos\u00e9 sera suivi d\u2019un \u00e9change informel avec les participants :<\/p>\n<p style=\"text-align: center;\"><em><strong>Atelier &lsquo;Quelques pistes pour la non-violence&rsquo;<\/strong><\/em><\/p>\n<p style=\"text-align: center;\"><em><strong>Vendredi 26 novembre 19h30<\/strong><\/em><\/p>\n<p style=\"text-align: center;\"><em>\u00e0 l\u2019Association AECS<\/em><\/p>\n<p style=\"text-align: center;\"><strong><em>9, Villa Saint-Ange 75017 Paris<\/em><\/strong><\/p>\n<p>&nbsp;<\/p>\n<p>Dans le deuxi\u00e8me atelier, &lsquo;<em>Le rejet visc\u00e9ral de la violence&rsquo;<\/em> est abord\u00e9, aliment\u00e9 d&rsquo;\u00e9changes et d&rsquo;exercices pratiques.<\/p>\n<p style=\"text-align: center;\"><strong>Atelier &lsquo;Le rejet visc\u00e9ral de la violence&rsquo;<\/strong><\/p>\n<p style=\"text-align: center;\"><strong>Samedi 27 novembre\u00a0 15h<\/strong><\/p>\n<p style=\"text-align: center;\">\u00e0 La Petite Salle du <em>Message de Silo<\/em><\/p>\n<p style=\"text-align: center;\"><strong>1 rue Barban\u00e8gre\u00a0 75019 Paris<\/strong><\/p>\n<p>&nbsp;<\/p>\n<p>Philippe Moal, fondateur de l&rsquo;<a href=\"https:\/\/o-nv.org\/fr\/\"><strong>Observatoire de la non-violence<\/strong><\/a>, membre du <strong>Centre d&rsquo;\u00e9tudes humanistes Noesis<\/strong>, est l\u2019auteur du livre <strong><em>Violence, conscience, non-violence<\/em><\/strong>, parrain\u00e9 par la Commission nationale fran\u00e7aise pour l&rsquo;<strong>UNESCO<\/strong>.\u00a0 Depuis le d\u00e9but des ann\u00e9es 80, il diffuse la m\u00e9thodologie de la non-violence active dans diff\u00e9rents pays et se consacre \u00e0 la recherche, l&rsquo;\u00e9criture et l&rsquo;organisation de conf\u00e9rences et d&rsquo;ateliers destin\u00e9s \u00e0 tout public.<\/p>\n<p>Pour s&rsquo;inscrire \u00e0 un ou les deux ateliers, envoyer un mail \u00e0 <a href=\"mailto:sylvief1812@gmail.com\">sylvief1812@gmail.com<\/a><\/p>\n<p><img loading=\"lazy\" decoding=\"async\" class=\"alignnone size-medium\" src=\"https:\/\/www.pressenza.com\/wp-content\/uploads\/2021\/11\/support-ateliers-Philippe-Moal.jpg\" width=\"1216\" height=\"223\" \/><\/p>\n","protected":false},"excerpt":{"rendered":"<p>Deux ateliers th\u00e9matiques seront pr\u00e9sent\u00e9s par Philippe Moal \u00e0 Paris le vendredi 26 et le samedi 27 novembre. Lors du premier atelier, Philippe Moal nous pr\u00e9sentera l&rsquo;\u00e9tude &lsquo;Quelques pistes pour la non-violence&lsquo; et plus particuli\u00e8rement le th\u00e8me de l\u2019hyper-connexion \u00e0&hellip;<\/p>\n","protected":false},"author":752,"featured_media":1473530,"comment_status":"closed","ping_status":"closed","sticky":false,"template":"","format":"standard","meta":{"footnotes":""},"categories":[11386,94,85,1248],"tags":[28903,72671,96923,269],"class_list":["post-1473455","post","type-post","status-publish","format-standard","has-post-thumbnail","hentry","category-contenu-original","category-culture-fr","category-europe-fr","category-nonviolence-sujet","tag-non-violence","tag-observatoire-de-la-non-violence","tag-philippe-moal-fr","tag-violence"],"yoast_head":"<!-- This site is optimized with the Yoast SEO plugin v27.1.1 - https:\/\/yoast.com\/product\/yoast-seo-wordpress\/ -->\n<title>Ateliers : Quelques pistes pour la non-violence \/ Le rejet visc\u00e9ral de la violence<\/title>\n<meta name=\"description\" content=\"Deux ateliers th\u00e9matiques seront pr\u00e9sent\u00e9s par Philippe Moal \u00e0 Paris le vendredi 26 et le samedi 27 novembre. Lors du premier atelier, Philippe Moal nous\" \/>\n<meta name=\"robots\" content=\"index, follow, max-snippet:-1, max-image-preview:large, max-video-preview:-1\" \/>\n<link rel=\"canonical\" href=\"https:\/\/www.pressenza.com\/fr\/2021\/11\/ateliers-quelques-pistes-pour-la-non-violence-le-rejet-visceral-de-la-violence\/\" \/>\n<meta property=\"og:locale\" content=\"fr_FR\" \/>\n<meta property=\"og:type\" content=\"article\" \/>\n<meta property=\"og:title\" content=\"Ateliers : Quelques pistes pour la non-violence \/ Le rejet visc\u00e9ral de la violence\" \/>\n<meta property=\"og:description\" content=\"Deux ateliers th\u00e9matiques seront pr\u00e9sent\u00e9s par Philippe Moal \u00e0 Paris le vendredi 26 et le samedi 27 novembre. Lors du premier atelier, Philippe Moal nous\" \/>\n<meta property=\"og:url\" content=\"https:\/\/www.pressenza.com\/fr\/2021\/11\/ateliers-quelques-pistes-pour-la-non-violence-le-rejet-visceral-de-la-violence\/\" \/>\n<meta property=\"og:site_name\" content=\"Pressenza\" \/>\n<meta property=\"article:publisher\" content=\"https:\/\/www.facebook.com\/PressenzaItalia\" \/>\n<meta property=\"article:published_time\" content=\"2021-11-19T01:25:13+00:00\" \/>\n<meta property=\"article:modified_time\" content=\"2021-11-19T17:17:44+00:00\" \/>\n<meta property=\"og:image\" content=\"https:\/\/www.pressenza.com\/wp-content\/uploads\/2021\/11\/ateliers-pistes-non-violence2-1.jpg\" \/>\n\t<meta property=\"og:image:width\" content=\"820\" \/>\n\t<meta property=\"og:image:height\" content=\"460\" \/>\n\t<meta property=\"og:image:type\" content=\"image\/jpeg\" \/>\n<meta name=\"author\" content=\"R\u00e9daction Paris\" \/>\n<meta name=\"twitter:card\" content=\"summary_large_image\" \/>\n<meta name=\"twitter:creator\" content=\"@PressenzaIPA\" \/>\n<meta name=\"twitter:site\" content=\"@PressenzaIPA\" \/>\n<meta name=\"twitter:label1\" content=\"\u00c9crit par\" \/>\n\t<meta name=\"twitter:data1\" content=\"R\u00e9daction Paris\" \/>\n\t<meta name=\"twitter:label2\" content=\"Dur\u00e9e de lecture estim\u00e9e\" \/>\n\t<meta name=\"twitter:data2\" content=\"1 minute\" \/>\n<script type=\"application\/ld+json\" class=\"yoast-schema-graph\">{\"@context\":\"https:\/\/schema.org\",\"@graph\":[{\"@type\":\"Article\",\"@id\":\"https:\/\/www.pressenza.com\/fr\/2021\/11\/ateliers-quelques-pistes-pour-la-non-violence-le-rejet-visceral-de-la-violence\/#article\",\"isPartOf\":{\"@id\":\"https:\/\/www.pressenza.com\/fr\/2021\/11\/ateliers-quelques-pistes-pour-la-non-violence-le-rejet-visceral-de-la-violence\/\"},\"author\":{\"name\":\"R\u00e9daction Paris\",\"@id\":\"https:\/\/www.pressenza.com\/fr\/#\/schema\/person\/5698ef8d4c2a370cbdd59d5b17455af6\"},\"headline\":\"Ateliers : Quelques pistes pour la non-violence \/ Le rejet visc\u00e9ral de la violence\",\"datePublished\":\"2021-11-19T01:25:13+00:00\",\"dateModified\":\"2021-11-19T17:17:44+00:00\",\"mainEntityOfPage\":{\"@id\":\"https:\/\/www.pressenza.com\/fr\/2021\/11\/ateliers-quelques-pistes-pour-la-non-violence-le-rejet-visceral-de-la-violence\/\"},\"wordCount\":236,\"publisher\":{\"@id\":\"https:\/\/www.pressenza.com\/fr\/#organization\"},\"image\":{\"@id\":\"https:\/\/www.pressenza.com\/fr\/2021\/11\/ateliers-quelques-pistes-pour-la-non-violence-le-rejet-visceral-de-la-violence\/#primaryimage\"},\"thumbnailUrl\":\"https:\/\/www.pressenza.com\/wp-content\/uploads\/2021\/11\/ateliers-pistes-non-violence2-1.jpg\",\"keywords\":[\"non-violence\",\"Observatoire de la non-violence\",\"Philippe Moal\",\"violence\"],\"articleSection\":[\"Contenu Original\",\"Culture et M\u00e9dias\",\"Europe\",\"Non-violence\"],\"inLanguage\":\"fr-FR\"},{\"@type\":\"WebPage\",\"@id\":\"https:\/\/www.pressenza.com\/fr\/2021\/11\/ateliers-quelques-pistes-pour-la-non-violence-le-rejet-visceral-de-la-violence\/\",\"url\":\"https:\/\/www.pressenza.com\/fr\/2021\/11\/ateliers-quelques-pistes-pour-la-non-violence-le-rejet-visceral-de-la-violence\/\",\"name\":\"Ateliers : Quelques pistes pour la non-violence \/ Le rejet visc\u00e9ral de la violence\",\"isPartOf\":{\"@id\":\"https:\/\/www.pressenza.com\/fr\/#website\"},\"primaryImageOfPage\":{\"@id\":\"https:\/\/www.pressenza.com\/fr\/2021\/11\/ateliers-quelques-pistes-pour-la-non-violence-le-rejet-visceral-de-la-violence\/#primaryimage\"},\"image\":{\"@id\":\"https:\/\/www.pressenza.com\/fr\/2021\/11\/ateliers-quelques-pistes-pour-la-non-violence-le-rejet-visceral-de-la-violence\/#primaryimage\"},\"thumbnailUrl\":\"https:\/\/www.pressenza.com\/wp-content\/uploads\/2021\/11\/ateliers-pistes-non-violence2-1.jpg\",\"datePublished\":\"2021-11-19T01:25:13+00:00\",\"dateModified\":\"2021-11-19T17:17:44+00:00\",\"description\":\"Deux ateliers th\u00e9matiques seront pr\u00e9sent\u00e9s par Philippe Moal \u00e0 Paris le vendredi 26 et le samedi 27 novembre. Lors du premier atelier, Philippe Moal nous\",\"breadcrumb\":{\"@id\":\"https:\/\/www.pressenza.com\/fr\/2021\/11\/ateliers-quelques-pistes-pour-la-non-violence-le-rejet-visceral-de-la-violence\/#breadcrumb\"},\"inLanguage\":\"fr-FR\",\"potentialAction\":[{\"@type\":\"ReadAction\",\"target\":[\"https:\/\/www.pressenza.com\/fr\/2021\/11\/ateliers-quelques-pistes-pour-la-non-violence-le-rejet-visceral-de-la-violence\/\"]}]},{\"@type\":\"ImageObject\",\"inLanguage\":\"fr-FR\",\"@id\":\"https:\/\/www.pressenza.com\/fr\/2021\/11\/ateliers-quelques-pistes-pour-la-non-violence-le-rejet-visceral-de-la-violence\/#primaryimage\",\"url\":\"https:\/\/www.pressenza.com\/wp-content\/uploads\/2021\/11\/ateliers-pistes-non-violence2-1.jpg\",\"contentUrl\":\"https:\/\/www.pressenza.com\/wp-content\/uploads\/2021\/11\/ateliers-pistes-non-violence2-1.jpg\",\"width\":820,\"height\":460,\"caption\":\"Ateliers : Quelques pistes pour la non-violence \/ Le rejet visc\u00e9ral de la violence\"},{\"@type\":\"BreadcrumbList\",\"@id\":\"https:\/\/www.pressenza.com\/fr\/2021\/11\/ateliers-quelques-pistes-pour-la-non-violence-le-rejet-visceral-de-la-violence\/#breadcrumb\",\"itemListElement\":[{\"@type\":\"ListItem\",\"position\":1,\"name\":\"Accueil\",\"item\":\"https:\/\/www.pressenza.com\/fr\/\"},{\"@type\":\"ListItem\",\"position\":2,\"name\":\"Ateliers : Quelques pistes pour la non-violence \/ Le rejet visc\u00e9ral de la violence\"}]},{\"@type\":\"WebSite\",\"@id\":\"https:\/\/www.pressenza.com\/fr\/#website\",\"url\":\"https:\/\/www.pressenza.com\/fr\/\",\"name\":\"Pressenza\",\"description\":\"International Press Agency\",\"publisher\":{\"@id\":\"https:\/\/www.pressenza.com\/fr\/#organization\"},\"potentialAction\":[{\"@type\":\"SearchAction\",\"target\":{\"@type\":\"EntryPoint\",\"urlTemplate\":\"https:\/\/www.pressenza.com\/fr\/?s={search_term_string}\"},\"query-input\":{\"@type\":\"PropertyValueSpecification\",\"valueRequired\":true,\"valueName\":\"search_term_string\"}}],\"inLanguage\":\"fr-FR\"},{\"@type\":\"Organization\",\"@id\":\"https:\/\/www.pressenza.com\/fr\/#organization\",\"name\":\"Pressenza\",\"url\":\"https:\/\/www.pressenza.com\/fr\/\",\"logo\":{\"@type\":\"ImageObject\",\"inLanguage\":\"fr-FR\",\"@id\":\"https:\/\/www.pressenza.com\/fr\/#\/schema\/logo\/image\/\",\"url\":\"https:\/\/www.pressenza.com\/wp-content\/uploads\/2022\/10\/pressenza_logo_200x200.jpg\",\"contentUrl\":\"https:\/\/www.pressenza.com\/wp-content\/uploads\/2022\/10\/pressenza_logo_200x200.jpg\",\"width\":200,\"height\":200,\"caption\":\"Pressenza\"},\"image\":{\"@id\":\"https:\/\/www.pressenza.com\/fr\/#\/schema\/logo\/image\/\"},\"sameAs\":[\"https:\/\/www.facebook.com\/PressenzaItalia\",\"https:\/\/x.com\/PressenzaIPA\"]},{\"@type\":\"Person\",\"@id\":\"https:\/\/www.pressenza.com\/fr\/#\/schema\/person\/5698ef8d4c2a370cbdd59d5b17455af6\",\"name\":\"R\u00e9daction Paris\",\"description\":\"News published by the Pressenza bureau in Paris, France\",\"url\":\"https:\/\/www.pressenza.com\/fr\/author\/redaction-paris\/\"}]}<\/script>\n<!-- \/ Yoast SEO plugin. -->","yoast_head_json":{"title":"Ateliers : Quelques pistes pour la non-violence \/ Le rejet visc\u00e9ral de la violence","description":"Deux ateliers th\u00e9matiques seront pr\u00e9sent\u00e9s par Philippe Moal \u00e0 Paris le vendredi 26 et le samedi 27 novembre. Lors du premier atelier, Philippe Moal nous","robots":{"index":"index","follow":"follow","max-snippet":"max-snippet:-1","max-image-preview":"max-image-preview:large","max-video-preview":"max-video-preview:-1"},"canonical":"https:\/\/www.pressenza.com\/fr\/2021\/11\/ateliers-quelques-pistes-pour-la-non-violence-le-rejet-visceral-de-la-violence\/","og_locale":"fr_FR","og_type":"article","og_title":"Ateliers : Quelques pistes pour la non-violence \/ Le rejet visc\u00e9ral de la violence","og_description":"Deux ateliers th\u00e9matiques seront pr\u00e9sent\u00e9s par Philippe Moal \u00e0 Paris le vendredi 26 et le samedi 27 novembre. Lors du premier atelier, Philippe Moal nous","og_url":"https:\/\/www.pressenza.com\/fr\/2021\/11\/ateliers-quelques-pistes-pour-la-non-violence-le-rejet-visceral-de-la-violence\/","og_site_name":"Pressenza","article_publisher":"https:\/\/www.facebook.com\/PressenzaItalia","article_published_time":"2021-11-19T01:25:13+00:00","article_modified_time":"2021-11-19T17:17:44+00:00","og_image":[{"width":820,"height":460,"url":"https:\/\/www.pressenza.com\/wp-content\/uploads\/2021\/11\/ateliers-pistes-non-violence2-1.jpg","type":"image\/jpeg"}],"author":"R\u00e9daction Paris","twitter_card":"summary_large_image","twitter_creator":"@PressenzaIPA","twitter_site":"@PressenzaIPA","twitter_misc":{"\u00c9crit par":"R\u00e9daction Paris","Dur\u00e9e de lecture estim\u00e9e":"1 minute"},"schema":{"@context":"https:\/\/schema.org","@graph":[{"@type":"Article","@id":"https:\/\/www.pressenza.com\/fr\/2021\/11\/ateliers-quelques-pistes-pour-la-non-violence-le-rejet-visceral-de-la-violence\/#article","isPartOf":{"@id":"https:\/\/www.pressenza.com\/fr\/2021\/11\/ateliers-quelques-pistes-pour-la-non-violence-le-rejet-visceral-de-la-violence\/"},"author":{"name":"R\u00e9daction Paris","@id":"https:\/\/www.pressenza.com\/fr\/#\/schema\/person\/5698ef8d4c2a370cbdd59d5b17455af6"},"headline":"Ateliers : Quelques pistes pour la non-violence \/ Le rejet visc\u00e9ral de la violence","datePublished":"2021-11-19T01:25:13+00:00","dateModified":"2021-11-19T17:17:44+00:00","mainEntityOfPage":{"@id":"https:\/\/www.pressenza.com\/fr\/2021\/11\/ateliers-quelques-pistes-pour-la-non-violence-le-rejet-visceral-de-la-violence\/"},"wordCount":236,"publisher":{"@id":"https:\/\/www.pressenza.com\/fr\/#organization"},"image":{"@id":"https:\/\/www.pressenza.com\/fr\/2021\/11\/ateliers-quelques-pistes-pour-la-non-violence-le-rejet-visceral-de-la-violence\/#primaryimage"},"thumbnailUrl":"https:\/\/www.pressenza.com\/wp-content\/uploads\/2021\/11\/ateliers-pistes-non-violence2-1.jpg","keywords":["non-violence","Observatoire de la non-violence","Philippe Moal","violence"],"articleSection":["Contenu Original","Culture et M\u00e9dias","Europe","Non-violence"],"inLanguage":"fr-FR"},{"@type":"WebPage","@id":"https:\/\/www.pressenza.com\/fr\/2021\/11\/ateliers-quelques-pistes-pour-la-non-violence-le-rejet-visceral-de-la-violence\/","url":"https:\/\/www.pressenza.com\/fr\/2021\/11\/ateliers-quelques-pistes-pour-la-non-violence-le-rejet-visceral-de-la-violence\/","name":"Ateliers : Quelques pistes pour la non-violence \/ Le rejet visc\u00e9ral de la violence","isPartOf":{"@id":"https:\/\/www.pressenza.com\/fr\/#website"},"primaryImageOfPage":{"@id":"https:\/\/www.pressenza.com\/fr\/2021\/11\/ateliers-quelques-pistes-pour-la-non-violence-le-rejet-visceral-de-la-violence\/#primaryimage"},"image":{"@id":"https:\/\/www.pressenza.com\/fr\/2021\/11\/ateliers-quelques-pistes-pour-la-non-violence-le-rejet-visceral-de-la-violence\/#primaryimage"},"thumbnailUrl":"https:\/\/www.pressenza.com\/wp-content\/uploads\/2021\/11\/ateliers-pistes-non-violence2-1.jpg","datePublished":"2021-11-19T01:25:13+00:00","dateModified":"2021-11-19T17:17:44+00:00","description":"Deux ateliers th\u00e9matiques seront pr\u00e9sent\u00e9s par Philippe Moal \u00e0 Paris le vendredi 26 et le samedi 27 novembre. Lors du premier atelier, Philippe Moal nous","breadcrumb":{"@id":"https:\/\/www.pressenza.com\/fr\/2021\/11\/ateliers-quelques-pistes-pour-la-non-violence-le-rejet-visceral-de-la-violence\/#breadcrumb"},"inLanguage":"fr-FR","potentialAction":[{"@type":"ReadAction","target":["https:\/\/www.pressenza.com\/fr\/2021\/11\/ateliers-quelques-pistes-pour-la-non-violence-le-rejet-visceral-de-la-violence\/"]}]},{"@type":"ImageObject","inLanguage":"fr-FR","@id":"https:\/\/www.pressenza.com\/fr\/2021\/11\/ateliers-quelques-pistes-pour-la-non-violence-le-rejet-visceral-de-la-violence\/#primaryimage","url":"https:\/\/www.pressenza.com\/wp-content\/uploads\/2021\/11\/ateliers-pistes-non-violence2-1.jpg","contentUrl":"https:\/\/www.pressenza.com\/wp-content\/uploads\/2021\/11\/ateliers-pistes-non-violence2-1.jpg","width":820,"height":460,"caption":"Ateliers : Quelques pistes pour la non-violence \/ Le rejet visc\u00e9ral de la violence"},{"@type":"BreadcrumbList","@id":"https:\/\/www.pressenza.com\/fr\/2021\/11\/ateliers-quelques-pistes-pour-la-non-violence-le-rejet-visceral-de-la-violence\/#breadcrumb","itemListElement":[{"@type":"ListItem","position":1,"name":"Accueil","item":"https:\/\/www.pressenza.com\/fr\/"},{"@type":"ListItem","position":2,"name":"Ateliers : Quelques pistes pour la non-violence \/ Le rejet visc\u00e9ral de la violence"}]},{"@type":"WebSite","@id":"https:\/\/www.pressenza.com\/fr\/#website","url":"https:\/\/www.pressenza.com\/fr\/","name":"Pressenza","description":"International Press Agency","publisher":{"@id":"https:\/\/www.pressenza.com\/fr\/#organization"},"potentialAction":[{"@type":"SearchAction","target":{"@type":"EntryPoint","urlTemplate":"https:\/\/www.pressenza.com\/fr\/?s={search_term_string}"},"query-input":{"@type":"PropertyValueSpecification","valueRequired":true,"valueName":"search_term_string"}}],"inLanguage":"fr-FR"},{"@type":"Organization","@id":"https:\/\/www.pressenza.com\/fr\/#organization","name":"Pressenza","url":"https:\/\/www.pressenza.com\/fr\/","logo":{"@type":"ImageObject","inLanguage":"fr-FR","@id":"https:\/\/www.pressenza.com\/fr\/#\/schema\/logo\/image\/","url":"https:\/\/www.pressenza.com\/wp-content\/uploads\/2022\/10\/pressenza_logo_200x200.jpg","contentUrl":"https:\/\/www.pressenza.com\/wp-content\/uploads\/2022\/10\/pressenza_logo_200x200.jpg","width":200,"height":200,"caption":"Pressenza"},"image":{"@id":"https:\/\/www.pressenza.com\/fr\/#\/schema\/logo\/image\/"},"sameAs":["https:\/\/www.facebook.com\/PressenzaItalia","https:\/\/x.com\/PressenzaIPA"]},{"@type":"Person","@id":"https:\/\/www.pressenza.com\/fr\/#\/schema\/person\/5698ef8d4c2a370cbdd59d5b17455af6","name":"R\u00e9daction Paris","description":"News published by the Pressenza bureau in Paris, France","url":"https:\/\/www.pressenza.com\/fr\/author\/redaction-paris\/"}]}},"place":"Paris","original_article_url":"","_links":{"self":[{"href":"https:\/\/www.pressenza.com\/fr\/wp-json\/wp\/v2\/posts\/1473455","targetHints":{"allow":["GET"]}}],"collection":[{"href":"https:\/\/www.pressenza.com\/fr\/wp-json\/wp\/v2\/posts"}],"about":[{"href":"https:\/\/www.pressenza.com\/fr\/wp-json\/wp\/v2\/types\/post"}],"author":[{"embeddable":true,"href":"https:\/\/www.pressenza.com\/fr\/wp-json\/wp\/v2\/users\/752"}],"replies":[{"embeddable":true,"href":"https:\/\/www.pressenza.com\/fr\/wp-json\/wp\/v2\/comments?post=1473455"}],"version-history":[{"count":0,"href":"https:\/\/www.pressenza.com\/fr\/wp-json\/wp\/v2\/posts\/1473455\/revisions"}],"wp:featuredmedia":[{"embeddable":true,"href":"https:\/\/www.pressenza.com\/fr\/wp-json\/wp\/v2\/media\/1473530"}],"wp:attachment":[{"href":"https:\/\/www.pressenza.com\/fr\/wp-json\/wp\/v2\/media?parent=1473455"}],"wp:term":[{"taxonomy":"category","embeddable":true,"href":"https:\/\/www.pressenza.com\/fr\/wp-json\/wp\/v2\/categories?post=1473455"},{"taxonomy":"post_tag","embeddable":true,"href":"https:\/\/www.pressenza.com\/fr\/wp-json\/wp\/v2\/tags?post=1473455"}],"curies":[{"name":"wp","href":"https:\/\/api.w.org\/{rel}","templated":true}]}}