{"id":1473412,"date":"2021-11-18T21:52:03","date_gmt":"2021-11-18T21:52:03","guid":{"rendered":"https:\/\/www.pressenza.com\/?p=1473412"},"modified":"2021-11-18T21:52:03","modified_gmt":"2021-11-18T21:52:03","slug":"5e-conference-europeenne-sur-la-reduction-des-risques-lies-a-la-consommation-de-substances-psychoactives","status":"publish","type":"post","link":"https:\/\/www.pressenza.com\/fr\/2021\/11\/5e-conference-europeenne-sur-la-reduction-des-risques-lies-a-la-consommation-de-substances-psychoactives\/","title":{"rendered":"5e Conf\u00e9rence europ\u00e9enne sur la r\u00e9duction des risques li\u00e9s \u00e0 la consommation de substances psychoactives"},"content":{"rendered":"<p>Plus de 400 professionnels, activistes et militants communautaires se sont r\u00e9unis \u00e0 Prague pour assister \u00e0 la 5e Conf\u00e9rence europ\u00e9enne sur la r\u00e9duction des risques li\u00e9s \u00e0 la consommation de substances psychoactives.<\/p>\n<p>Par Peter Sarossi<\/p>\n<p>Malgr\u00e9 l&rsquo;aggravation de la pand\u00e9mie, le mouvement europ\u00e9en de r\u00e9duction des risques li\u00e9s \u00e0 l&rsquo;usage de substances psychoactives a finalement r\u00e9ussi \u00e0 organiser une r\u00e9union en pr\u00e9sentiel apr\u00e8s une longue pause d&rsquo;interdictions et de quarantaine. L&rsquo;\u00e9v\u00e9nement, organis\u00e9 par le r\u00e9seau Correlation, EHRA et l&rsquo;organisation tch\u00e8que SANANIM, a fourni une plate-forme pour des interactions sociales bien n\u00e9cessaires entre les chercheurs, les d\u00e9cideurs, les prestataires de services, les activistes, les utilisateurs de drogues et les travailleurs du sexe.<\/p>\n<p>La participation communautaire \u00e0 cet \u00e9v\u00e9nement a \u00e9t\u00e9 sans pr\u00e9c\u00e9dent : nous avons vu de nombreux jeunes pour qui c&rsquo;\u00e9tait la premi\u00e8re conf\u00e9rence internationale sur la r\u00e9duction des risques \u00e0 l&rsquo;usage de substances psychoactives \u00e0 laquelle ils assistaient. Ils ont apport\u00e9 de nouvelles perspectives et une nouvelle \u00e9nergie au mouvement. Notre \u00e9quipe de reporters a travaill\u00e9 sans rel\u00e2che pour documenter l&rsquo;\u00e9v\u00e9nement, nous avons interview\u00e9 plusieurs intervenants et pr\u00e9sent\u00e9 les principaux th\u00e8mes de la conf\u00e9rence.<\/p>\n<p>Regardez et partagez le reportage vid\u00e9o (en anglais) :<\/p>\n<p><em>Pour voir la vid\u00e9o ( 7\u2032 14\u2032\u2032 ) sur un ordinateur avec les sous-titres en fran\u00e7ais : <strong>1.<\/strong>\u00a0Cliquez sur l\u2019ic\u00f4ne\u00a0<strong>Sous-titres\u00a0<\/strong>(rectangle blanc en bas \u00e0 droite de la fen\u00eatre du lecteur vid\u00e9o<\/em><em>).\u00a0 \u00a0<strong>2.<\/strong>\u00a0<\/em><em>Cliquez sur l\u2019ic\u00f4ne\u00a0<strong>Param\u00e8tres\u00a0<\/strong>(roue dent\u00e9e\u00a0en bas \u00e0 droite<\/em><em>), puis cliquez\u00a0<\/em><em>successivement sur\u00a0<strong>Sous-titres<\/strong>, puis sur\u00a0<strong>Traduire automatiquement<\/strong>.\u00a0\u00a0\u00a0\u00a0<strong>3.<\/strong>\u00a0Dans la fen\u00eatre qui s\u2019ouvre, faites d\u00e9filer la liste des langues et cliquez sur\u00a0<strong>Fran\u00e7ais<\/strong>.<\/em><\/p>\n<p><iframe loading=\"lazy\" title=\"Harm Reduction Unmuted - 5th European Harm Reduction Conference 2021\" width=\"500\" height=\"281\" src=\"https:\/\/www.youtube.com\/embed\/5-E0q9PJWqw?feature=oembed\" frameborder=\"0\" allow=\"accelerometer; autoplay; clipboard-write; encrypted-media; gyroscope; picture-in-picture; web-share\" referrerpolicy=\"strict-origin-when-cross-origin\" allowfullscreen><\/iframe><\/p>\n","protected":false},"excerpt":{"rendered":"<p>Plus de 400 professionnels, activistes et militants communautaires se sont r\u00e9unis \u00e0 Prague pour assister \u00e0 la 5e Conf\u00e9rence europ\u00e9enne sur la r\u00e9duction des risques li\u00e9s \u00e0 la consommation de substances psychoactives. Par Peter Sarossi Malgr\u00e9 l&rsquo;aggravation de la pand\u00e9mie,&hellip;<\/p>\n","protected":false},"author":1220,"featured_media":1468746,"comment_status":"closed","ping_status":"closed","sticky":false,"template":"","format":"standard","meta":{"footnotes":""},"categories":[98,85,46977,1245],"tags":[60238,96914,1791,96915,96916],"class_list":["post-1473412","post","type-post","status-publish","format-standard","has-post-thumbnail","hentry","category-droits-de-lhomme","category-europe-fr","category-jeunes","category-sante-sujet","tag-prague-fr","tag-reduction-des-risques","tag-republique-tcheque","tag-sexe","tag-substances-psychoactives"],"yoast_head":"<!-- This site is optimized with the Yoast SEO plugin v27.1.1 - https:\/\/yoast.com\/product\/yoast-seo-wordpress\/ -->\n<title>5e Conf\u00e9rence europ\u00e9enne sur la r\u00e9duction des risques li\u00e9s \u00e0 la consommation de substances psychoactives<\/title>\n<meta name=\"description\" content=\"Plus de 400 professionnels, activistes et militants communautaires se sont r\u00e9unis \u00e0 Prague pour assister \u00e0 la 5e Conf\u00e9rence europ\u00e9enne sur la r\u00e9duction\" \/>\n<meta name=\"robots\" content=\"index, follow, max-snippet:-1, max-image-preview:large, max-video-preview:-1\" \/>\n<link rel=\"canonical\" href=\"https:\/\/www.pressenza.com\/fr\/2021\/11\/5e-conference-europeenne-sur-la-reduction-des-risques-lies-a-la-consommation-de-substances-psychoactives\/\" \/>\n<meta property=\"og:locale\" content=\"fr_FR\" \/>\n<meta property=\"og:type\" content=\"article\" \/>\n<meta property=\"og:title\" content=\"5e Conf\u00e9rence europ\u00e9enne sur la r\u00e9duction des risques li\u00e9s \u00e0 la consommation de substances psychoactives\" \/>\n<meta property=\"og:description\" content=\"Plus de 400 professionnels, activistes et militants communautaires se sont r\u00e9unis \u00e0 Prague pour assister \u00e0 la 5e Conf\u00e9rence europ\u00e9enne sur la r\u00e9duction\" \/>\n<meta property=\"og:url\" content=\"https:\/\/www.pressenza.com\/fr\/2021\/11\/5e-conference-europeenne-sur-la-reduction-des-risques-lies-a-la-consommation-de-substances-psychoactives\/\" \/>\n<meta property=\"og:site_name\" content=\"Pressenza\" \/>\n<meta property=\"article:publisher\" content=\"https:\/\/www.facebook.com\/PressenzaItalia\" \/>\n<meta property=\"article:author\" content=\"https:\/\/www.facebook.com\/pressenzagr\/\" \/>\n<meta property=\"article:published_time\" content=\"2021-11-18T21:52:03+00:00\" \/>\n<meta property=\"og:image\" content=\"https:\/\/www.pressenza.com\/wp-content\/uploads\/2021\/11\/HR-Conference-Magda-Bartnik.jpg\" \/>\n\t<meta property=\"og:image:width\" content=\"2048\" \/>\n\t<meta property=\"og:image:height\" content=\"1536\" \/>\n\t<meta property=\"og:image:type\" content=\"image\/jpeg\" \/>\n<meta name=\"author\" content=\"Pressenza Athens\" \/>\n<meta name=\"twitter:card\" content=\"summary_large_image\" \/>\n<meta name=\"twitter:creator\" content=\"@Pressenza_ath\" \/>\n<meta name=\"twitter:site\" content=\"@PressenzaIPA\" \/>\n<meta name=\"twitter:label1\" content=\"\u00c9crit par\" \/>\n\t<meta name=\"twitter:data1\" content=\"Pressenza Athens\" \/>\n\t<meta name=\"twitter:label2\" content=\"Dur\u00e9e de lecture estim\u00e9e\" \/>\n\t<meta name=\"twitter:data2\" content=\"1 minute\" \/>\n<script type=\"application\/ld+json\" class=\"yoast-schema-graph\">{\"@context\":\"https:\/\/schema.org\",\"@graph\":[{\"@type\":\"Article\",\"@id\":\"https:\/\/www.pressenza.com\/fr\/2021\/11\/5e-conference-europeenne-sur-la-reduction-des-risques-lies-a-la-consommation-de-substances-psychoactives\/#article\",\"isPartOf\":{\"@id\":\"https:\/\/www.pressenza.com\/fr\/2021\/11\/5e-conference-europeenne-sur-la-reduction-des-risques-lies-a-la-consommation-de-substances-psychoactives\/\"},\"author\":{\"name\":\"Pressenza Athens\",\"@id\":\"https:\/\/www.pressenza.com\/fr\/#\/schema\/person\/9eae8d7f0aad5ec6a7f6f21ec94480fb\"},\"headline\":\"5e Conf\u00e9rence europ\u00e9enne sur la r\u00e9duction des risques li\u00e9s \u00e0 la consommation de substances psychoactives\",\"datePublished\":\"2021-11-18T21:52:03+00:00\",\"mainEntityOfPage\":{\"@id\":\"https:\/\/www.pressenza.com\/fr\/2021\/11\/5e-conference-europeenne-sur-la-reduction-des-risques-lies-a-la-consommation-de-substances-psychoactives\/\"},\"wordCount\":321,\"publisher\":{\"@id\":\"https:\/\/www.pressenza.com\/fr\/#organization\"},\"image\":{\"@id\":\"https:\/\/www.pressenza.com\/fr\/2021\/11\/5e-conference-europeenne-sur-la-reduction-des-risques-lies-a-la-consommation-de-substances-psychoactives\/#primaryimage\"},\"thumbnailUrl\":\"https:\/\/www.pressenza.com\/wp-content\/uploads\/2021\/11\/HR-Conference-Magda-Bartnik.jpg\",\"keywords\":[\"Prague\",\"r\u00e9duction des risques\",\"R\u00e9publique Tcheque\",\"sexe\",\"substances psychoactives\"],\"articleSection\":[\"Droits humains\",\"Europe\",\"Jeunes\",\"Sant\u00e9\"],\"inLanguage\":\"fr-FR\"},{\"@type\":\"WebPage\",\"@id\":\"https:\/\/www.pressenza.com\/fr\/2021\/11\/5e-conference-europeenne-sur-la-reduction-des-risques-lies-a-la-consommation-de-substances-psychoactives\/\",\"url\":\"https:\/\/www.pressenza.com\/fr\/2021\/11\/5e-conference-europeenne-sur-la-reduction-des-risques-lies-a-la-consommation-de-substances-psychoactives\/\",\"name\":\"5e Conf\u00e9rence europ\u00e9enne sur la r\u00e9duction des risques li\u00e9s \u00e0 la consommation de substances psychoactives\",\"isPartOf\":{\"@id\":\"https:\/\/www.pressenza.com\/fr\/#website\"},\"primaryImageOfPage\":{\"@id\":\"https:\/\/www.pressenza.com\/fr\/2021\/11\/5e-conference-europeenne-sur-la-reduction-des-risques-lies-a-la-consommation-de-substances-psychoactives\/#primaryimage\"},\"image\":{\"@id\":\"https:\/\/www.pressenza.com\/fr\/2021\/11\/5e-conference-europeenne-sur-la-reduction-des-risques-lies-a-la-consommation-de-substances-psychoactives\/#primaryimage\"},\"thumbnailUrl\":\"https:\/\/www.pressenza.com\/wp-content\/uploads\/2021\/11\/HR-Conference-Magda-Bartnik.jpg\",\"datePublished\":\"2021-11-18T21:52:03+00:00\",\"description\":\"Plus de 400 professionnels, activistes et militants communautaires se sont r\u00e9unis \u00e0 Prague pour assister \u00e0 la 5e Conf\u00e9rence europ\u00e9enne sur la r\u00e9duction\",\"breadcrumb\":{\"@id\":\"https:\/\/www.pressenza.com\/fr\/2021\/11\/5e-conference-europeenne-sur-la-reduction-des-risques-lies-a-la-consommation-de-substances-psychoactives\/#breadcrumb\"},\"inLanguage\":\"fr-FR\",\"potentialAction\":[{\"@type\":\"ReadAction\",\"target\":[\"https:\/\/www.pressenza.com\/fr\/2021\/11\/5e-conference-europeenne-sur-la-reduction-des-risques-lies-a-la-consommation-de-substances-psychoactives\/\"]}]},{\"@type\":\"ImageObject\",\"inLanguage\":\"fr-FR\",\"@id\":\"https:\/\/www.pressenza.com\/fr\/2021\/11\/5e-conference-europeenne-sur-la-reduction-des-risques-lies-a-la-consommation-de-substances-psychoactives\/#primaryimage\",\"url\":\"https:\/\/www.pressenza.com\/wp-content\/uploads\/2021\/11\/HR-Conference-Magda-Bartnik.jpg\",\"contentUrl\":\"https:\/\/www.pressenza.com\/wp-content\/uploads\/2021\/11\/HR-Conference-Magda-Bartnik.jpg\",\"width\":2048,\"height\":1536,\"caption\":\"5\u03b7 \u0395\u03c5\u03c1\u03c9\u03c0\u03b1\u03ca\u03ba\u03ae \u0394\u03b9\u03ac\u03c3\u03ba\u03b5\u03c8\u03b7 \u039c\u03b5\u03af\u03c9\u03c3\u03b7\u03c2 \u0392\u03bb\u03ac\u03b2\u03b7\u03c2, \u03c6\u03c9\u03c4\u03bf\u03b3\u03c1\u03b1\u03c6\u03af\u03b1 Magda Bartnik.\"},{\"@type\":\"BreadcrumbList\",\"@id\":\"https:\/\/www.pressenza.com\/fr\/2021\/11\/5e-conference-europeenne-sur-la-reduction-des-risques-lies-a-la-consommation-de-substances-psychoactives\/#breadcrumb\",\"itemListElement\":[{\"@type\":\"ListItem\",\"position\":1,\"name\":\"Accueil\",\"item\":\"https:\/\/www.pressenza.com\/fr\/\"},{\"@type\":\"ListItem\",\"position\":2,\"name\":\"5e Conf\u00e9rence europ\u00e9enne sur la r\u00e9duction des risques li\u00e9s \u00e0 la consommation de substances psychoactives\"}]},{\"@type\":\"WebSite\",\"@id\":\"https:\/\/www.pressenza.com\/fr\/#website\",\"url\":\"https:\/\/www.pressenza.com\/fr\/\",\"name\":\"Pressenza\",\"description\":\"International Press Agency\",\"publisher\":{\"@id\":\"https:\/\/www.pressenza.com\/fr\/#organization\"},\"potentialAction\":[{\"@type\":\"SearchAction\",\"target\":{\"@type\":\"EntryPoint\",\"urlTemplate\":\"https:\/\/www.pressenza.com\/fr\/?s={search_term_string}\"},\"query-input\":{\"@type\":\"PropertyValueSpecification\",\"valueRequired\":true,\"valueName\":\"search_term_string\"}}],\"inLanguage\":\"fr-FR\"},{\"@type\":\"Organization\",\"@id\":\"https:\/\/www.pressenza.com\/fr\/#organization\",\"name\":\"Pressenza\",\"url\":\"https:\/\/www.pressenza.com\/fr\/\",\"logo\":{\"@type\":\"ImageObject\",\"inLanguage\":\"fr-FR\",\"@id\":\"https:\/\/www.pressenza.com\/fr\/#\/schema\/logo\/image\/\",\"url\":\"https:\/\/www.pressenza.com\/wp-content\/uploads\/2022\/10\/pressenza_logo_200x200.jpg\",\"contentUrl\":\"https:\/\/www.pressenza.com\/wp-content\/uploads\/2022\/10\/pressenza_logo_200x200.jpg\",\"width\":200,\"height\":200,\"caption\":\"Pressenza\"},\"image\":{\"@id\":\"https:\/\/www.pressenza.com\/fr\/#\/schema\/logo\/image\/\"},\"sameAs\":[\"https:\/\/www.facebook.com\/PressenzaItalia\",\"https:\/\/x.com\/PressenzaIPA\"]},{\"@type\":\"Person\",\"@id\":\"https:\/\/www.pressenza.com\/fr\/#\/schema\/person\/9eae8d7f0aad5ec6a7f6f21ec94480fb\",\"name\":\"Pressenza Athens\",\"description\":\"News from the Pressenza Bureau in Athens, Greece\",\"sameAs\":[\"https:\/\/www.facebook.com\/pressenzagr\/\",\"https:\/\/x.com\/Pressenza_ath\"],\"url\":\"https:\/\/www.pressenza.com\/fr\/author\/pressenza-athens\/\"}]}<\/script>\n<!-- \/ Yoast SEO plugin. -->","yoast_head_json":{"title":"5e Conf\u00e9rence europ\u00e9enne sur la r\u00e9duction des risques li\u00e9s \u00e0 la consommation de substances psychoactives","description":"Plus de 400 professionnels, activistes et militants communautaires se sont r\u00e9unis \u00e0 Prague pour assister \u00e0 la 5e Conf\u00e9rence europ\u00e9enne sur la r\u00e9duction","robots":{"index":"index","follow":"follow","max-snippet":"max-snippet:-1","max-image-preview":"max-image-preview:large","max-video-preview":"max-video-preview:-1"},"canonical":"https:\/\/www.pressenza.com\/fr\/2021\/11\/5e-conference-europeenne-sur-la-reduction-des-risques-lies-a-la-consommation-de-substances-psychoactives\/","og_locale":"fr_FR","og_type":"article","og_title":"5e Conf\u00e9rence europ\u00e9enne sur la r\u00e9duction des risques li\u00e9s \u00e0 la consommation de substances psychoactives","og_description":"Plus de 400 professionnels, activistes et militants communautaires se sont r\u00e9unis \u00e0 Prague pour assister \u00e0 la 5e Conf\u00e9rence europ\u00e9enne sur la r\u00e9duction","og_url":"https:\/\/www.pressenza.com\/fr\/2021\/11\/5e-conference-europeenne-sur-la-reduction-des-risques-lies-a-la-consommation-de-substances-psychoactives\/","og_site_name":"Pressenza","article_publisher":"https:\/\/www.facebook.com\/PressenzaItalia","article_author":"https:\/\/www.facebook.com\/pressenzagr\/","article_published_time":"2021-11-18T21:52:03+00:00","og_image":[{"width":2048,"height":1536,"url":"https:\/\/www.pressenza.com\/wp-content\/uploads\/2021\/11\/HR-Conference-Magda-Bartnik.jpg","type":"image\/jpeg"}],"author":"Pressenza Athens","twitter_card":"summary_large_image","twitter_creator":"@Pressenza_ath","twitter_site":"@PressenzaIPA","twitter_misc":{"\u00c9crit par":"Pressenza Athens","Dur\u00e9e de lecture estim\u00e9e":"1 minute"},"schema":{"@context":"https:\/\/schema.org","@graph":[{"@type":"Article","@id":"https:\/\/www.pressenza.com\/fr\/2021\/11\/5e-conference-europeenne-sur-la-reduction-des-risques-lies-a-la-consommation-de-substances-psychoactives\/#article","isPartOf":{"@id":"https:\/\/www.pressenza.com\/fr\/2021\/11\/5e-conference-europeenne-sur-la-reduction-des-risques-lies-a-la-consommation-de-substances-psychoactives\/"},"author":{"name":"Pressenza Athens","@id":"https:\/\/www.pressenza.com\/fr\/#\/schema\/person\/9eae8d7f0aad5ec6a7f6f21ec94480fb"},"headline":"5e Conf\u00e9rence europ\u00e9enne sur la r\u00e9duction des risques li\u00e9s \u00e0 la consommation de substances psychoactives","datePublished":"2021-11-18T21:52:03+00:00","mainEntityOfPage":{"@id":"https:\/\/www.pressenza.com\/fr\/2021\/11\/5e-conference-europeenne-sur-la-reduction-des-risques-lies-a-la-consommation-de-substances-psychoactives\/"},"wordCount":321,"publisher":{"@id":"https:\/\/www.pressenza.com\/fr\/#organization"},"image":{"@id":"https:\/\/www.pressenza.com\/fr\/2021\/11\/5e-conference-europeenne-sur-la-reduction-des-risques-lies-a-la-consommation-de-substances-psychoactives\/#primaryimage"},"thumbnailUrl":"https:\/\/www.pressenza.com\/wp-content\/uploads\/2021\/11\/HR-Conference-Magda-Bartnik.jpg","keywords":["Prague","r\u00e9duction des risques","R\u00e9publique Tcheque","sexe","substances psychoactives"],"articleSection":["Droits humains","Europe","Jeunes","Sant\u00e9"],"inLanguage":"fr-FR"},{"@type":"WebPage","@id":"https:\/\/www.pressenza.com\/fr\/2021\/11\/5e-conference-europeenne-sur-la-reduction-des-risques-lies-a-la-consommation-de-substances-psychoactives\/","url":"https:\/\/www.pressenza.com\/fr\/2021\/11\/5e-conference-europeenne-sur-la-reduction-des-risques-lies-a-la-consommation-de-substances-psychoactives\/","name":"5e Conf\u00e9rence europ\u00e9enne sur la r\u00e9duction des risques li\u00e9s \u00e0 la consommation de substances psychoactives","isPartOf":{"@id":"https:\/\/www.pressenza.com\/fr\/#website"},"primaryImageOfPage":{"@id":"https:\/\/www.pressenza.com\/fr\/2021\/11\/5e-conference-europeenne-sur-la-reduction-des-risques-lies-a-la-consommation-de-substances-psychoactives\/#primaryimage"},"image":{"@id":"https:\/\/www.pressenza.com\/fr\/2021\/11\/5e-conference-europeenne-sur-la-reduction-des-risques-lies-a-la-consommation-de-substances-psychoactives\/#primaryimage"},"thumbnailUrl":"https:\/\/www.pressenza.com\/wp-content\/uploads\/2021\/11\/HR-Conference-Magda-Bartnik.jpg","datePublished":"2021-11-18T21:52:03+00:00","description":"Plus de 400 professionnels, activistes et militants communautaires se sont r\u00e9unis \u00e0 Prague pour assister \u00e0 la 5e Conf\u00e9rence europ\u00e9enne sur la r\u00e9duction","breadcrumb":{"@id":"https:\/\/www.pressenza.com\/fr\/2021\/11\/5e-conference-europeenne-sur-la-reduction-des-risques-lies-a-la-consommation-de-substances-psychoactives\/#breadcrumb"},"inLanguage":"fr-FR","potentialAction":[{"@type":"ReadAction","target":["https:\/\/www.pressenza.com\/fr\/2021\/11\/5e-conference-europeenne-sur-la-reduction-des-risques-lies-a-la-consommation-de-substances-psychoactives\/"]}]},{"@type":"ImageObject","inLanguage":"fr-FR","@id":"https:\/\/www.pressenza.com\/fr\/2021\/11\/5e-conference-europeenne-sur-la-reduction-des-risques-lies-a-la-consommation-de-substances-psychoactives\/#primaryimage","url":"https:\/\/www.pressenza.com\/wp-content\/uploads\/2021\/11\/HR-Conference-Magda-Bartnik.jpg","contentUrl":"https:\/\/www.pressenza.com\/wp-content\/uploads\/2021\/11\/HR-Conference-Magda-Bartnik.jpg","width":2048,"height":1536,"caption":"5\u03b7 \u0395\u03c5\u03c1\u03c9\u03c0\u03b1\u03ca\u03ba\u03ae \u0394\u03b9\u03ac\u03c3\u03ba\u03b5\u03c8\u03b7 \u039c\u03b5\u03af\u03c9\u03c3\u03b7\u03c2 \u0392\u03bb\u03ac\u03b2\u03b7\u03c2, \u03c6\u03c9\u03c4\u03bf\u03b3\u03c1\u03b1\u03c6\u03af\u03b1 Magda Bartnik."},{"@type":"BreadcrumbList","@id":"https:\/\/www.pressenza.com\/fr\/2021\/11\/5e-conference-europeenne-sur-la-reduction-des-risques-lies-a-la-consommation-de-substances-psychoactives\/#breadcrumb","itemListElement":[{"@type":"ListItem","position":1,"name":"Accueil","item":"https:\/\/www.pressenza.com\/fr\/"},{"@type":"ListItem","position":2,"name":"5e Conf\u00e9rence europ\u00e9enne sur la r\u00e9duction des risques li\u00e9s \u00e0 la consommation de substances psychoactives"}]},{"@type":"WebSite","@id":"https:\/\/www.pressenza.com\/fr\/#website","url":"https:\/\/www.pressenza.com\/fr\/","name":"Pressenza","description":"International Press Agency","publisher":{"@id":"https:\/\/www.pressenza.com\/fr\/#organization"},"potentialAction":[{"@type":"SearchAction","target":{"@type":"EntryPoint","urlTemplate":"https:\/\/www.pressenza.com\/fr\/?s={search_term_string}"},"query-input":{"@type":"PropertyValueSpecification","valueRequired":true,"valueName":"search_term_string"}}],"inLanguage":"fr-FR"},{"@type":"Organization","@id":"https:\/\/www.pressenza.com\/fr\/#organization","name":"Pressenza","url":"https:\/\/www.pressenza.com\/fr\/","logo":{"@type":"ImageObject","inLanguage":"fr-FR","@id":"https:\/\/www.pressenza.com\/fr\/#\/schema\/logo\/image\/","url":"https:\/\/www.pressenza.com\/wp-content\/uploads\/2022\/10\/pressenza_logo_200x200.jpg","contentUrl":"https:\/\/www.pressenza.com\/wp-content\/uploads\/2022\/10\/pressenza_logo_200x200.jpg","width":200,"height":200,"caption":"Pressenza"},"image":{"@id":"https:\/\/www.pressenza.com\/fr\/#\/schema\/logo\/image\/"},"sameAs":["https:\/\/www.facebook.com\/PressenzaItalia","https:\/\/x.com\/PressenzaIPA"]},{"@type":"Person","@id":"https:\/\/www.pressenza.com\/fr\/#\/schema\/person\/9eae8d7f0aad5ec6a7f6f21ec94480fb","name":"Pressenza Athens","description":"News from the Pressenza Bureau in Athens, Greece","sameAs":["https:\/\/www.facebook.com\/pressenzagr\/","https:\/\/x.com\/Pressenza_ath"],"url":"https:\/\/www.pressenza.com\/fr\/author\/pressenza-athens\/"}]}},"place":"Prague, R\u00e9publique tch\u00e8que","original_article_url":"https:\/\/drogriporter.hu\/en\/harm-reduction-unmuted\/","_links":{"self":[{"href":"https:\/\/www.pressenza.com\/fr\/wp-json\/wp\/v2\/posts\/1473412","targetHints":{"allow":["GET"]}}],"collection":[{"href":"https:\/\/www.pressenza.com\/fr\/wp-json\/wp\/v2\/posts"}],"about":[{"href":"https:\/\/www.pressenza.com\/fr\/wp-json\/wp\/v2\/types\/post"}],"author":[{"embeddable":true,"href":"https:\/\/www.pressenza.com\/fr\/wp-json\/wp\/v2\/users\/1220"}],"replies":[{"embeddable":true,"href":"https:\/\/www.pressenza.com\/fr\/wp-json\/wp\/v2\/comments?post=1473412"}],"version-history":[{"count":0,"href":"https:\/\/www.pressenza.com\/fr\/wp-json\/wp\/v2\/posts\/1473412\/revisions"}],"wp:featuredmedia":[{"embeddable":true,"href":"https:\/\/www.pressenza.com\/fr\/wp-json\/wp\/v2\/media\/1468746"}],"wp:attachment":[{"href":"https:\/\/www.pressenza.com\/fr\/wp-json\/wp\/v2\/media?parent=1473412"}],"wp:term":[{"taxonomy":"category","embeddable":true,"href":"https:\/\/www.pressenza.com\/fr\/wp-json\/wp\/v2\/categories?post=1473412"},{"taxonomy":"post_tag","embeddable":true,"href":"https:\/\/www.pressenza.com\/fr\/wp-json\/wp\/v2\/tags?post=1473412"}],"curies":[{"name":"wp","href":"https:\/\/api.w.org\/{rel}","templated":true}]}}