{"id":1470850,"date":"2021-11-16T05:02:04","date_gmt":"2021-11-16T05:02:04","guid":{"rendered":"https:\/\/www.pressenza.com\/?p=1470850"},"modified":"2021-12-12T19:29:08","modified_gmt":"2021-12-12T19:29:08","slug":"18e-semaine-de-mobilisation-contre-le-pass-sanitaire","status":"publish","type":"post","link":"https:\/\/www.pressenza.com\/fr\/2021\/11\/18e-semaine-de-mobilisation-contre-le-pass-sanitaire\/","title":{"rendered":"18e semaine de mobilisation contre le pass sanitaire"},"content":{"rendered":"<p>Encore une large foule pour la 18e semaine cons\u00e9cutive de mobilisation contre le pass sanitaire.<\/p>\n<p>Ce samedi 13 novembre, la manifestation du \u00ab D\u00e9fil\u00e9 national pour la libert\u00e9 \u00bb, avec \u00e0 sa t\u00eate Florian Philippot, a une nouvelle fois circul\u00e9e dans les rues parisiennes.<\/p>\n<p>Vers 14h30, le cort\u00e8ge est parti de la place du 18 Juin 1940 \u00e0 Montparnasse, pour se rendre \u00e0 la place Pierre-Laroque, proche des fen\u00eatres du minist\u00e8re de la sant\u00e9.<\/p>\n<p>Depuis l\u2019annonce d\u2019Emmanuel Macron, mardi 9 Novembre, les seniors de + de 65 ans devront se faire vacciner avant le 15 d\u00e9cembre pour conserver la validit\u00e9 de leur pass sanitaire. Cette nouvelle mesure suit le projet de loi \u00ab vigilance sanitaire \u00bb, adopt\u00e9 d\u00e9finitivement le 5 Novembre par l\u2019assembl\u00e9e nationale, pour la prolongation de \u00ab l\u2019\u00e9tat d\u2019urgence sanitaire \u00bb et le maintien du pass jusqu\u2019au 31 Juillet 2022.<\/p>\n<p><strong>Anais Dupuis<\/strong> est passionn\u00e9e de photographie. Elle est \u00e9tudiante en journalisme et a fait une \u00e9cole de cin\u00e9ma.<\/p>\n<div class=\"post-gallery\">\n\t\t\t<figure class=\"post-gallery-item\">\n\t\t\t\t<img decoding=\"async\" src=\"https:\/\/www.pressenza.com\/wp-content\/uploads\/2021\/11\/11_2021_11_13.jpg\" loading=\"lazy\">\n\t\t\t\t<figcaption>\n\t\t\t\t\t\n\t\t\t\t<\/figcaption>\n\t\t\t<\/figure>\n\t\t\t<figure class=\"post-gallery-item\">\n\t\t\t\t<img decoding=\"async\" src=\"https:\/\/www.pressenza.com\/wp-content\/uploads\/2021\/11\/10_2021_11_13.jpg\" loading=\"lazy\">\n\t\t\t\t<figcaption>\n\t\t\t\t\t\n\t\t\t\t<\/figcaption>\n\t\t\t<\/figure>\n\t\t\t<figure class=\"post-gallery-item\">\n\t\t\t\t<img decoding=\"async\" src=\"https:\/\/www.pressenza.com\/wp-content\/uploads\/2021\/11\/9_2021_11_13.jpg\" loading=\"lazy\">\n\t\t\t\t<figcaption>\n\t\t\t\t\t\n\t\t\t\t<\/figcaption>\n\t\t\t<\/figure>\n\t\t\t<figure class=\"post-gallery-item\">\n\t\t\t\t<img decoding=\"async\" src=\"https:\/\/www.pressenza.com\/wp-content\/uploads\/2021\/11\/8_2021_11_13.jpg\" loading=\"lazy\">\n\t\t\t\t<figcaption>\n\t\t\t\t\t\n\t\t\t\t<\/figcaption>\n\t\t\t<\/figure>\n\t\t\t<figure class=\"post-gallery-item\">\n\t\t\t\t<img decoding=\"async\" src=\"https:\/\/www.pressenza.com\/wp-content\/uploads\/2021\/11\/7_2021_11_13.jpg\" loading=\"lazy\">\n\t\t\t\t<figcaption>\n\t\t\t\t\t\n\t\t\t\t<\/figcaption>\n\t\t\t<\/figure>\n\t\t\t<figure class=\"post-gallery-item\">\n\t\t\t\t<img decoding=\"async\" src=\"https:\/\/www.pressenza.com\/wp-content\/uploads\/2021\/11\/6_2021_11_13.jpg\" loading=\"lazy\">\n\t\t\t\t<figcaption>\n\t\t\t\t\t\n\t\t\t\t<\/figcaption>\n\t\t\t<\/figure>\n\t\t\t<figure class=\"post-gallery-item\">\n\t\t\t\t<img decoding=\"async\" src=\"https:\/\/www.pressenza.com\/wp-content\/uploads\/2021\/11\/5_2021_11_13.jpg\" loading=\"lazy\">\n\t\t\t\t<figcaption>\n\t\t\t\t\t\n\t\t\t\t<\/figcaption>\n\t\t\t<\/figure>\n\t\t\t<figure class=\"post-gallery-item\">\n\t\t\t\t<img decoding=\"async\" src=\"https:\/\/www.pressenza.com\/wp-content\/uploads\/2021\/11\/4_2021_11_13-820x461.jpg\" loading=\"lazy\">\n\t\t\t\t<figcaption>\n\t\t\t\t\t\n\t\t\t\t<\/figcaption>\n\t\t\t<\/figure>\n\t\t\t<figure class=\"post-gallery-item\">\n\t\t\t\t<img decoding=\"async\" src=\"https:\/\/www.pressenza.com\/wp-content\/uploads\/2021\/11\/3_2021_11_13-820x461.jpg\" loading=\"lazy\">\n\t\t\t\t<figcaption>\n\t\t\t\t\t\n\t\t\t\t<\/figcaption>\n\t\t\t<\/figure><\/div>\n","protected":false},"excerpt":{"rendered":"<p>Encore une large foule pour la 18e semaine cons\u00e9cutive de mobilisation contre le pass sanitaire. Ce samedi 13 novembre, la manifestation du \u00ab D\u00e9fil\u00e9 national pour la libert\u00e9 \u00bb, avec \u00e0 sa t\u00eate Florian Philippot, a une nouvelle fois circul\u00e9e&hellip;<\/p>\n","protected":false},"author":2081,"featured_media":1470737,"comment_status":"closed","ping_status":"closed","sticky":false,"template":"","format":"standard","meta":{"footnotes":""},"categories":[11386,85,93,5700],"tags":[96801,1034,95201,93044,96800],"class_list":["post-1470850","post","type-post","status-publish","format-standard","has-post-thumbnail","hentry","category-contenu-original","category-europe-fr","category-politique","category-reportages-photo","tag-etat-durgence-sanitaire","tag-france-fr","tag-manifestation-anti-pass-sanitaire","tag-pass-sanitaire","tag-projet-de-loi-vigilance-sanitaire"],"yoast_head":"<!-- This site is optimized with the Yoast SEO plugin v27.1.1 - https:\/\/yoast.com\/product\/yoast-seo-wordpress\/ -->\n<title>18e semaine de mobilisation contre le pass sanitaire<\/title>\n<meta name=\"description\" content=\"Encore une large foule pour la 18e semaine cons\u00e9cutive de mobilisation contre le pass sanitaire. Ce samedi 13 novembre, la manifestation du \u00ab D\u00e9fil\u00e9\" \/>\n<meta name=\"robots\" content=\"index, follow, max-snippet:-1, max-image-preview:large, max-video-preview:-1\" \/>\n<link rel=\"canonical\" href=\"https:\/\/www.pressenza.com\/fr\/2021\/11\/18e-semaine-de-mobilisation-contre-le-pass-sanitaire\/\" \/>\n<meta property=\"og:locale\" content=\"fr_FR\" \/>\n<meta property=\"og:type\" content=\"article\" \/>\n<meta property=\"og:title\" content=\"18e semaine de mobilisation contre le pass sanitaire\" \/>\n<meta property=\"og:description\" content=\"Encore une large foule pour la 18e semaine cons\u00e9cutive de mobilisation contre le pass sanitaire. Ce samedi 13 novembre, la manifestation du \u00ab D\u00e9fil\u00e9\" \/>\n<meta property=\"og:url\" content=\"https:\/\/www.pressenza.com\/fr\/2021\/11\/18e-semaine-de-mobilisation-contre-le-pass-sanitaire\/\" \/>\n<meta property=\"og:site_name\" content=\"Pressenza\" \/>\n<meta property=\"article:publisher\" content=\"https:\/\/www.facebook.com\/PressenzaItalia\" \/>\n<meta property=\"article:published_time\" content=\"2021-11-16T05:02:04+00:00\" \/>\n<meta property=\"article:modified_time\" content=\"2021-12-12T19:29:08+00:00\" \/>\n<meta property=\"og:image\" content=\"https:\/\/www.pressenza.com\/wp-content\/uploads\/2021\/11\/1_2021_11_13.jpg\" \/>\n\t<meta property=\"og:image:width\" content=\"960\" \/>\n\t<meta property=\"og:image:height\" content=\"540\" \/>\n\t<meta property=\"og:image:type\" content=\"image\/jpeg\" \/>\n<meta name=\"author\" content=\"Ana\u00efs Dupuis\" \/>\n<meta name=\"twitter:card\" content=\"summary_large_image\" \/>\n<meta name=\"twitter:creator\" content=\"@PressenzaIPA\" \/>\n<meta name=\"twitter:site\" content=\"@PressenzaIPA\" \/>\n<meta name=\"twitter:label1\" content=\"\u00c9crit par\" \/>\n\t<meta name=\"twitter:data1\" content=\"Ana\u00efs Dupuis\" \/>\n\t<meta name=\"twitter:label2\" content=\"Dur\u00e9e de lecture estim\u00e9e\" \/>\n\t<meta name=\"twitter:data2\" content=\"1 minute\" \/>\n<script type=\"application\/ld+json\" class=\"yoast-schema-graph\">{\"@context\":\"https:\/\/schema.org\",\"@graph\":[{\"@type\":\"Article\",\"@id\":\"https:\/\/www.pressenza.com\/fr\/2021\/11\/18e-semaine-de-mobilisation-contre-le-pass-sanitaire\/#article\",\"isPartOf\":{\"@id\":\"https:\/\/www.pressenza.com\/fr\/2021\/11\/18e-semaine-de-mobilisation-contre-le-pass-sanitaire\/\"},\"author\":{\"name\":\"Ana\u00efs Dupuis\",\"@id\":\"https:\/\/www.pressenza.com\/fr\/#\/schema\/person\/12775556baa768f6b7f4141a96cdea7a\"},\"headline\":\"18e semaine de mobilisation contre le pass sanitaire\",\"datePublished\":\"2021-11-16T05:02:04+00:00\",\"dateModified\":\"2021-12-12T19:29:08+00:00\",\"mainEntityOfPage\":{\"@id\":\"https:\/\/www.pressenza.com\/fr\/2021\/11\/18e-semaine-de-mobilisation-contre-le-pass-sanitaire\/\"},\"wordCount\":171,\"publisher\":{\"@id\":\"https:\/\/www.pressenza.com\/fr\/#organization\"},\"image\":{\"@id\":\"https:\/\/www.pressenza.com\/fr\/2021\/11\/18e-semaine-de-mobilisation-contre-le-pass-sanitaire\/#primaryimage\"},\"thumbnailUrl\":\"https:\/\/www.pressenza.com\/wp-content\/uploads\/2021\/11\/1_2021_11_13.jpg\",\"keywords\":[\"\u00e9tat d\u2019urgence sanitaire\",\"France\",\"manifestation anti pass sanitaire\",\"pass sanitaire\",\"projet de loi \u00ab\u00a0vigilance sanitaire\"],\"articleSection\":[\"Contenu Original\",\"Europe\",\"Politique\",\"Reportages photo\"],\"inLanguage\":\"fr-FR\"},{\"@type\":\"WebPage\",\"@id\":\"https:\/\/www.pressenza.com\/fr\/2021\/11\/18e-semaine-de-mobilisation-contre-le-pass-sanitaire\/\",\"url\":\"https:\/\/www.pressenza.com\/fr\/2021\/11\/18e-semaine-de-mobilisation-contre-le-pass-sanitaire\/\",\"name\":\"18e semaine de mobilisation contre le pass sanitaire\",\"isPartOf\":{\"@id\":\"https:\/\/www.pressenza.com\/fr\/#website\"},\"primaryImageOfPage\":{\"@id\":\"https:\/\/www.pressenza.com\/fr\/2021\/11\/18e-semaine-de-mobilisation-contre-le-pass-sanitaire\/#primaryimage\"},\"image\":{\"@id\":\"https:\/\/www.pressenza.com\/fr\/2021\/11\/18e-semaine-de-mobilisation-contre-le-pass-sanitaire\/#primaryimage\"},\"thumbnailUrl\":\"https:\/\/www.pressenza.com\/wp-content\/uploads\/2021\/11\/1_2021_11_13.jpg\",\"datePublished\":\"2021-11-16T05:02:04+00:00\",\"dateModified\":\"2021-12-12T19:29:08+00:00\",\"description\":\"Encore une large foule pour la 18e semaine cons\u00e9cutive de mobilisation contre le pass sanitaire. Ce samedi 13 novembre, la manifestation du \u00ab D\u00e9fil\u00e9\",\"breadcrumb\":{\"@id\":\"https:\/\/www.pressenza.com\/fr\/2021\/11\/18e-semaine-de-mobilisation-contre-le-pass-sanitaire\/#breadcrumb\"},\"inLanguage\":\"fr-FR\",\"potentialAction\":[{\"@type\":\"ReadAction\",\"target\":[\"https:\/\/www.pressenza.com\/fr\/2021\/11\/18e-semaine-de-mobilisation-contre-le-pass-sanitaire\/\"]}]},{\"@type\":\"ImageObject\",\"inLanguage\":\"fr-FR\",\"@id\":\"https:\/\/www.pressenza.com\/fr\/2021\/11\/18e-semaine-de-mobilisation-contre-le-pass-sanitaire\/#primaryimage\",\"url\":\"https:\/\/www.pressenza.com\/wp-content\/uploads\/2021\/11\/1_2021_11_13.jpg\",\"contentUrl\":\"https:\/\/www.pressenza.com\/wp-content\/uploads\/2021\/11\/1_2021_11_13.jpg\",\"width\":960,\"height\":540},{\"@type\":\"BreadcrumbList\",\"@id\":\"https:\/\/www.pressenza.com\/fr\/2021\/11\/18e-semaine-de-mobilisation-contre-le-pass-sanitaire\/#breadcrumb\",\"itemListElement\":[{\"@type\":\"ListItem\",\"position\":1,\"name\":\"Accueil\",\"item\":\"https:\/\/www.pressenza.com\/fr\/\"},{\"@type\":\"ListItem\",\"position\":2,\"name\":\"18e semaine de mobilisation contre le pass sanitaire\"}]},{\"@type\":\"WebSite\",\"@id\":\"https:\/\/www.pressenza.com\/fr\/#website\",\"url\":\"https:\/\/www.pressenza.com\/fr\/\",\"name\":\"Pressenza\",\"description\":\"International Press Agency\",\"publisher\":{\"@id\":\"https:\/\/www.pressenza.com\/fr\/#organization\"},\"potentialAction\":[{\"@type\":\"SearchAction\",\"target\":{\"@type\":\"EntryPoint\",\"urlTemplate\":\"https:\/\/www.pressenza.com\/fr\/?s={search_term_string}\"},\"query-input\":{\"@type\":\"PropertyValueSpecification\",\"valueRequired\":true,\"valueName\":\"search_term_string\"}}],\"inLanguage\":\"fr-FR\"},{\"@type\":\"Organization\",\"@id\":\"https:\/\/www.pressenza.com\/fr\/#organization\",\"name\":\"Pressenza\",\"url\":\"https:\/\/www.pressenza.com\/fr\/\",\"logo\":{\"@type\":\"ImageObject\",\"inLanguage\":\"fr-FR\",\"@id\":\"https:\/\/www.pressenza.com\/fr\/#\/schema\/logo\/image\/\",\"url\":\"https:\/\/www.pressenza.com\/wp-content\/uploads\/2022\/10\/pressenza_logo_200x200.jpg\",\"contentUrl\":\"https:\/\/www.pressenza.com\/wp-content\/uploads\/2022\/10\/pressenza_logo_200x200.jpg\",\"width\":200,\"height\":200,\"caption\":\"Pressenza\"},\"image\":{\"@id\":\"https:\/\/www.pressenza.com\/fr\/#\/schema\/logo\/image\/\"},\"sameAs\":[\"https:\/\/www.facebook.com\/PressenzaItalia\",\"https:\/\/x.com\/PressenzaIPA\"]},{\"@type\":\"Person\",\"@id\":\"https:\/\/www.pressenza.com\/fr\/#\/schema\/person\/12775556baa768f6b7f4141a96cdea7a\",\"name\":\"Ana\u00efs Dupuis\",\"description\":\"Apr\u00e8s 3 ans d'\u00e9tudes dans une \u00e9cole de cin\u00e9ma, Ana\u00efs y obtient un dipl\u00f4me d'assistante-r\u00e9alisateur. Elle fait ensuite une ann\u00e9e en Master dans une \u00e9cole de journalisme o\u00f9 elle peut\u00a0lier sa passion pour l'audiovisuel et sa soif de comprendre et parcourir le monde, le partager. Instagram : ninis_dps Mail : anaisdupuis1808@gmail.com\",\"url\":\"https:\/\/www.pressenza.com\/fr\/author\/anais-dupuis\/\"}]}<\/script>\n<!-- \/ Yoast SEO plugin. -->","yoast_head_json":{"title":"18e semaine de mobilisation contre le pass sanitaire","description":"Encore une large foule pour la 18e semaine cons\u00e9cutive de mobilisation contre le pass sanitaire. Ce samedi 13 novembre, la manifestation du \u00ab D\u00e9fil\u00e9","robots":{"index":"index","follow":"follow","max-snippet":"max-snippet:-1","max-image-preview":"max-image-preview:large","max-video-preview":"max-video-preview:-1"},"canonical":"https:\/\/www.pressenza.com\/fr\/2021\/11\/18e-semaine-de-mobilisation-contre-le-pass-sanitaire\/","og_locale":"fr_FR","og_type":"article","og_title":"18e semaine de mobilisation contre le pass sanitaire","og_description":"Encore une large foule pour la 18e semaine cons\u00e9cutive de mobilisation contre le pass sanitaire. Ce samedi 13 novembre, la manifestation du \u00ab D\u00e9fil\u00e9","og_url":"https:\/\/www.pressenza.com\/fr\/2021\/11\/18e-semaine-de-mobilisation-contre-le-pass-sanitaire\/","og_site_name":"Pressenza","article_publisher":"https:\/\/www.facebook.com\/PressenzaItalia","article_published_time":"2021-11-16T05:02:04+00:00","article_modified_time":"2021-12-12T19:29:08+00:00","og_image":[{"width":960,"height":540,"url":"https:\/\/www.pressenza.com\/wp-content\/uploads\/2021\/11\/1_2021_11_13.jpg","type":"image\/jpeg"}],"author":"Ana\u00efs Dupuis","twitter_card":"summary_large_image","twitter_creator":"@PressenzaIPA","twitter_site":"@PressenzaIPA","twitter_misc":{"\u00c9crit par":"Ana\u00efs Dupuis","Dur\u00e9e de lecture estim\u00e9e":"1 minute"},"schema":{"@context":"https:\/\/schema.org","@graph":[{"@type":"Article","@id":"https:\/\/www.pressenza.com\/fr\/2021\/11\/18e-semaine-de-mobilisation-contre-le-pass-sanitaire\/#article","isPartOf":{"@id":"https:\/\/www.pressenza.com\/fr\/2021\/11\/18e-semaine-de-mobilisation-contre-le-pass-sanitaire\/"},"author":{"name":"Ana\u00efs Dupuis","@id":"https:\/\/www.pressenza.com\/fr\/#\/schema\/person\/12775556baa768f6b7f4141a96cdea7a"},"headline":"18e semaine de mobilisation contre le pass sanitaire","datePublished":"2021-11-16T05:02:04+00:00","dateModified":"2021-12-12T19:29:08+00:00","mainEntityOfPage":{"@id":"https:\/\/www.pressenza.com\/fr\/2021\/11\/18e-semaine-de-mobilisation-contre-le-pass-sanitaire\/"},"wordCount":171,"publisher":{"@id":"https:\/\/www.pressenza.com\/fr\/#organization"},"image":{"@id":"https:\/\/www.pressenza.com\/fr\/2021\/11\/18e-semaine-de-mobilisation-contre-le-pass-sanitaire\/#primaryimage"},"thumbnailUrl":"https:\/\/www.pressenza.com\/wp-content\/uploads\/2021\/11\/1_2021_11_13.jpg","keywords":["\u00e9tat d\u2019urgence sanitaire","France","manifestation anti pass sanitaire","pass sanitaire","projet de loi \u00ab\u00a0vigilance sanitaire"],"articleSection":["Contenu Original","Europe","Politique","Reportages photo"],"inLanguage":"fr-FR"},{"@type":"WebPage","@id":"https:\/\/www.pressenza.com\/fr\/2021\/11\/18e-semaine-de-mobilisation-contre-le-pass-sanitaire\/","url":"https:\/\/www.pressenza.com\/fr\/2021\/11\/18e-semaine-de-mobilisation-contre-le-pass-sanitaire\/","name":"18e semaine de mobilisation contre le pass sanitaire","isPartOf":{"@id":"https:\/\/www.pressenza.com\/fr\/#website"},"primaryImageOfPage":{"@id":"https:\/\/www.pressenza.com\/fr\/2021\/11\/18e-semaine-de-mobilisation-contre-le-pass-sanitaire\/#primaryimage"},"image":{"@id":"https:\/\/www.pressenza.com\/fr\/2021\/11\/18e-semaine-de-mobilisation-contre-le-pass-sanitaire\/#primaryimage"},"thumbnailUrl":"https:\/\/www.pressenza.com\/wp-content\/uploads\/2021\/11\/1_2021_11_13.jpg","datePublished":"2021-11-16T05:02:04+00:00","dateModified":"2021-12-12T19:29:08+00:00","description":"Encore une large foule pour la 18e semaine cons\u00e9cutive de mobilisation contre le pass sanitaire. Ce samedi 13 novembre, la manifestation du \u00ab D\u00e9fil\u00e9","breadcrumb":{"@id":"https:\/\/www.pressenza.com\/fr\/2021\/11\/18e-semaine-de-mobilisation-contre-le-pass-sanitaire\/#breadcrumb"},"inLanguage":"fr-FR","potentialAction":[{"@type":"ReadAction","target":["https:\/\/www.pressenza.com\/fr\/2021\/11\/18e-semaine-de-mobilisation-contre-le-pass-sanitaire\/"]}]},{"@type":"ImageObject","inLanguage":"fr-FR","@id":"https:\/\/www.pressenza.com\/fr\/2021\/11\/18e-semaine-de-mobilisation-contre-le-pass-sanitaire\/#primaryimage","url":"https:\/\/www.pressenza.com\/wp-content\/uploads\/2021\/11\/1_2021_11_13.jpg","contentUrl":"https:\/\/www.pressenza.com\/wp-content\/uploads\/2021\/11\/1_2021_11_13.jpg","width":960,"height":540},{"@type":"BreadcrumbList","@id":"https:\/\/www.pressenza.com\/fr\/2021\/11\/18e-semaine-de-mobilisation-contre-le-pass-sanitaire\/#breadcrumb","itemListElement":[{"@type":"ListItem","position":1,"name":"Accueil","item":"https:\/\/www.pressenza.com\/fr\/"},{"@type":"ListItem","position":2,"name":"18e semaine de mobilisation contre le pass sanitaire"}]},{"@type":"WebSite","@id":"https:\/\/www.pressenza.com\/fr\/#website","url":"https:\/\/www.pressenza.com\/fr\/","name":"Pressenza","description":"International Press Agency","publisher":{"@id":"https:\/\/www.pressenza.com\/fr\/#organization"},"potentialAction":[{"@type":"SearchAction","target":{"@type":"EntryPoint","urlTemplate":"https:\/\/www.pressenza.com\/fr\/?s={search_term_string}"},"query-input":{"@type":"PropertyValueSpecification","valueRequired":true,"valueName":"search_term_string"}}],"inLanguage":"fr-FR"},{"@type":"Organization","@id":"https:\/\/www.pressenza.com\/fr\/#organization","name":"Pressenza","url":"https:\/\/www.pressenza.com\/fr\/","logo":{"@type":"ImageObject","inLanguage":"fr-FR","@id":"https:\/\/www.pressenza.com\/fr\/#\/schema\/logo\/image\/","url":"https:\/\/www.pressenza.com\/wp-content\/uploads\/2022\/10\/pressenza_logo_200x200.jpg","contentUrl":"https:\/\/www.pressenza.com\/wp-content\/uploads\/2022\/10\/pressenza_logo_200x200.jpg","width":200,"height":200,"caption":"Pressenza"},"image":{"@id":"https:\/\/www.pressenza.com\/fr\/#\/schema\/logo\/image\/"},"sameAs":["https:\/\/www.facebook.com\/PressenzaItalia","https:\/\/x.com\/PressenzaIPA"]},{"@type":"Person","@id":"https:\/\/www.pressenza.com\/fr\/#\/schema\/person\/12775556baa768f6b7f4141a96cdea7a","name":"Ana\u00efs Dupuis","description":"Apr\u00e8s 3 ans d'\u00e9tudes dans une \u00e9cole de cin\u00e9ma, Ana\u00efs y obtient un dipl\u00f4me d'assistante-r\u00e9alisateur. Elle fait ensuite une ann\u00e9e en Master dans une \u00e9cole de journalisme o\u00f9 elle peut\u00a0lier sa passion pour l'audiovisuel et sa soif de comprendre et parcourir le monde, le partager. Instagram : ninis_dps Mail : anaisdupuis1808@gmail.com","url":"https:\/\/www.pressenza.com\/fr\/author\/anais-dupuis\/"}]}},"place":"Paris","original_article_url":"","_links":{"self":[{"href":"https:\/\/www.pressenza.com\/fr\/wp-json\/wp\/v2\/posts\/1470850","targetHints":{"allow":["GET"]}}],"collection":[{"href":"https:\/\/www.pressenza.com\/fr\/wp-json\/wp\/v2\/posts"}],"about":[{"href":"https:\/\/www.pressenza.com\/fr\/wp-json\/wp\/v2\/types\/post"}],"author":[{"embeddable":true,"href":"https:\/\/www.pressenza.com\/fr\/wp-json\/wp\/v2\/users\/2081"}],"replies":[{"embeddable":true,"href":"https:\/\/www.pressenza.com\/fr\/wp-json\/wp\/v2\/comments?post=1470850"}],"version-history":[{"count":0,"href":"https:\/\/www.pressenza.com\/fr\/wp-json\/wp\/v2\/posts\/1470850\/revisions"}],"wp:featuredmedia":[{"embeddable":true,"href":"https:\/\/www.pressenza.com\/fr\/wp-json\/wp\/v2\/media\/1470737"}],"wp:attachment":[{"href":"https:\/\/www.pressenza.com\/fr\/wp-json\/wp\/v2\/media?parent=1470850"}],"wp:term":[{"taxonomy":"category","embeddable":true,"href":"https:\/\/www.pressenza.com\/fr\/wp-json\/wp\/v2\/categories?post=1470850"},{"taxonomy":"post_tag","embeddable":true,"href":"https:\/\/www.pressenza.com\/fr\/wp-json\/wp\/v2\/tags?post=1470850"}],"curies":[{"name":"wp","href":"https:\/\/api.w.org\/{rel}","templated":true}]}}