{"id":1462962,"date":"2021-11-03T01:47:56","date_gmt":"2021-11-03T01:47:56","guid":{"rendered":"https:\/\/www.pressenza.com\/?p=1462962"},"modified":"2021-11-14T23:31:27","modified_gmt":"2021-11-14T23:31:27","slug":"la-norvege-est-le-premier-etat-de-lotan-a-sengager-a-participer-a-la-reunion-des-etats-parties-du-traite-sur-linterdiction-des-armes-nucleaires-tian","status":"publish","type":"post","link":"https:\/\/www.pressenza.com\/fr\/2021\/11\/la-norvege-est-le-premier-etat-de-lotan-a-sengager-a-participer-a-la-reunion-des-etats-parties-du-traite-sur-linterdiction-des-armes-nucleaires-tian\/","title":{"rendered":"La Norv\u00e8ge est le premier \u00c9tat de l&rsquo;OTAN \u00e0 s&rsquo;engager \u00e0 participer \u00e0 la r\u00e9union des \u00c9tats parties du Trait\u00e9 sur l&rsquo;interdiction des armes nucl\u00e9aires TIAN"},"content":{"rendered":"<p>La Norv\u00e8ge est devenue le premier \u00c9tat de l&rsquo;OTAN &#8211; et le premier \u00c9tat complice de l&rsquo;arme nucl\u00e9aire &#8211; \u00e0 s&rsquo;engager \u00e0 participer \u00e0 la premi\u00e8re r\u00e9union des \u00c9tats parties du Trait\u00e9 sur l&rsquo;interdiction des armes nucl\u00e9aires TIAN. L&rsquo;engagement a \u00e9t\u00e9 inclus dans l&rsquo;accord de coalition du gouvernement, publi\u00e9 le 13 octobre. Le geste de la Norv\u00e8ge rompt la ligne dure contre le TIAN que l&rsquo;OTAN avait cherch\u00e9 \u00e0 exercer sur ses \u00c9tats membres, et ouvre la porte aux autres membres de l&rsquo;alliance pour qu&rsquo;ils suivent le mouvement.<\/p>\n<p><strong>Un retour au leadership de la Norv\u00e8ge en mati\u00e8re de d\u00e9sarmement nucl\u00e9aire ?<\/strong><\/p>\n<p>Les \u00e9lections norv\u00e9giennes de septembre ont conduit \u00e0 un changement de gouvernement, Jonas Gahr St\u00f8re, du parti travailliste, \u00e9tant \u00e9lu Premier ministre. Gahr St\u00f8re est bien connu des partisans du d\u00e9sarmement nucl\u00e9aire, puisqu&rsquo;il a soutenu, en tant que ministre norv\u00e9gien des affaires \u00e9trang\u00e8res, le processus d&rsquo;\u00abinitiative humanitaire\u00bb qui a conduit aux n\u00e9gociations du TIAN.<\/p>\n<p>\u00ab\u00a0Le fait que la Norv\u00e8ge, en tant que premier pays de l&rsquo;OTAN, confirme qu&rsquo;elle participera en tant qu&rsquo;observateur \u00e0 la premi\u00e8re r\u00e9union des \u00c9tats parties au trait\u00e9 sur l&rsquo;interdiction des armes nucl\u00e9aires, envoie un signal important \u00e0 nos alli\u00e9s, \u00e0 savoir que les armes nucl\u00e9aires sont inacceptables\u00a0\u00bb, d\u00e9clare Tuva Widskjold, coordinateur du partenaire d&rsquo;ICAN, &lsquo;ICAN Norv\u00e8ge&rsquo;.<\/p>\n<p>\u00ab\u00a0Nous attendons du gouvernement qu&rsquo;il prenne rapidement des mesures pour faciliter le soutien de la Norv\u00e8ge \u00e0 l&rsquo;interdiction des armes nucl\u00e9aires, et qu&rsquo;il entame des discussions diplomatiques avec d&rsquo;autres pays de l&rsquo;OTAN sur la mani\u00e8re dont ils peuvent adh\u00e9rer ensemble \u00e0 l&rsquo;interdiction des armes nucl\u00e9aires\u00a0\u00bb, d\u00e9clare Lars Egeland, vice-pr\u00e9sident du partenaire d&rsquo;ICAN &lsquo;No to Nuclear Weapons&rsquo;.<\/p>\n<p>La plate-forme du gouvernement indique \u00e9galement qu&rsquo;il va accro\u00eetre les efforts de la Norv\u00e8ge en faveur du d\u00e9sarmement nucl\u00e9aire, prendre l&rsquo;initiative de se concentrer sur les cons\u00e9quences humanitaires des armes nucl\u00e9aires et collaborer avec les pays au sein et en dehors de l&rsquo;OTAN pour un monde sans armes nucl\u00e9aires.<\/p>\n<p><strong>Que signifie la d\u00e9cision de la Norv\u00e8ge pour les autres \u00c9tats de l&rsquo;OTAN ?<\/strong><\/p>\n<p>La Norv\u00e8ge aurait d\u00e9j\u00e0 subi des pressions de la part des \u00c9tats-Unis pour sa d\u00e9cision d&rsquo;assister \u00e0 la r\u00e9union des \u00c9tats parties du TIAN. Le gouvernement pr\u00e9c\u00e9dent avait refus\u00e9 cat\u00e9goriquement d&rsquo;observer la premi\u00e8re r\u00e9union des \u00c9tats parties, qui se tiendra \u00e0 l&rsquo;ONU \u00e0 Vienne du 22 au 24 mars 2022.<\/p>\n<p>\u00ab\u00a0Nous sommes tr\u00e8s heureux qu&rsquo;il y ait d\u00e9sormais une participation norv\u00e9gienne \u00e0 la r\u00e9union des \u00c9tats parties. Cela attirera l&rsquo;attention internationale. Nous consid\u00e9rons qu&rsquo;il est probable que d&rsquo;autres pays de l&rsquo;OTAN, comme l&rsquo;Allemagne et la Belgique, suivent la Norv\u00e8ge et participent en tant qu&rsquo;observateurs. \u00c0 long terme, cela pourrait avoir une grande importance pour le trait\u00e9\u00a0\u00bb, d\u00e9clare Henriette Westhrin, secr\u00e9taire g\u00e9n\u00e9rale partenaire d&rsquo;ICAN &lsquo;Norwegian People&rsquo;s Aid&rsquo;<\/p>\n<p>&nbsp;<\/p>\n<p>Source : <a href=\"https:\/\/www.icanw.org\/norway_msp_observer\">https:\/\/www.icanw.org\/norway_msp_observer<\/a><\/p>\n","protected":false},"excerpt":{"rendered":"<p>La Norv\u00e8ge est devenue le premier \u00c9tat de l&rsquo;OTAN &#8211; et le premier \u00c9tat complice de l&rsquo;arme nucl\u00e9aire &#8211; \u00e0 s&rsquo;engager \u00e0 participer \u00e0 la premi\u00e8re r\u00e9union des \u00c9tats parties du Trait\u00e9 sur l&rsquo;interdiction des armes nucl\u00e9aires TIAN. L&rsquo;engagement a&hellip;<\/p>\n","protected":false},"author":1000,"featured_media":1462979,"comment_status":"closed","ping_status":"closed","sticky":false,"template":"","format":"standard","meta":{"footnotes":""},"categories":[85,1250,93],"tags":[3682,995,64189],"class_list":["post-1462962","post","type-post","status-publish","format-standard","has-post-thumbnail","hentry","category-europe-fr","category-paix-desarmement","category-politique","tag-norvege","tag-otan-fr","tag-traite-sur-linterdiction-des-armes-nucleaires-tian"],"yoast_head":"<!-- This site is optimized with the Yoast SEO plugin v27.1.1 - https:\/\/yoast.com\/product\/yoast-seo-wordpress\/ -->\n<title>La Norv\u00e8ge est le premier \u00c9tat de l&#039;OTAN \u00e0 s&#039;engager \u00e0 participer \u00e0 la r\u00e9union des \u00c9tats parties du Trait\u00e9 sur l&#039;interdiction des armes nucl\u00e9aires TIAN<\/title>\n<meta name=\"description\" content=\"La Norv\u00e8ge est devenue le premier \u00c9tat de l&#039;OTAN - et le premier \u00c9tat complice de l&#039;arme nucl\u00e9aire - \u00e0 s&#039;engager \u00e0 participer \u00e0 la premi\u00e8re r\u00e9union des\" \/>\n<meta name=\"robots\" content=\"index, follow, max-snippet:-1, max-image-preview:large, max-video-preview:-1\" \/>\n<link rel=\"canonical\" href=\"https:\/\/www.pressenza.com\/fr\/2021\/11\/la-norvege-est-le-premier-etat-de-lotan-a-sengager-a-participer-a-la-reunion-des-etats-parties-du-traite-sur-linterdiction-des-armes-nucleaires-tian\/\" \/>\n<meta property=\"og:locale\" content=\"fr_FR\" \/>\n<meta property=\"og:type\" content=\"article\" \/>\n<meta property=\"og:title\" content=\"La Norv\u00e8ge est le premier \u00c9tat de l&#039;OTAN \u00e0 s&#039;engager \u00e0 participer \u00e0 la r\u00e9union des \u00c9tats parties du Trait\u00e9 sur l&#039;interdiction des armes nucl\u00e9aires TIAN\" \/>\n<meta property=\"og:description\" content=\"La Norv\u00e8ge est devenue le premier \u00c9tat de l&#039;OTAN - et le premier \u00c9tat complice de l&#039;arme nucl\u00e9aire - \u00e0 s&#039;engager \u00e0 participer \u00e0 la premi\u00e8re r\u00e9union des\" \/>\n<meta property=\"og:url\" content=\"https:\/\/www.pressenza.com\/fr\/2021\/11\/la-norvege-est-le-premier-etat-de-lotan-a-sengager-a-participer-a-la-reunion-des-etats-parties-du-traite-sur-linterdiction-des-armes-nucleaires-tian\/\" \/>\n<meta property=\"og:site_name\" content=\"Pressenza\" \/>\n<meta property=\"article:publisher\" content=\"https:\/\/www.facebook.com\/PressenzaItalia\" \/>\n<meta property=\"article:author\" content=\"https:\/\/www.facebook.com\/icanw.org\" \/>\n<meta property=\"article:published_time\" content=\"2021-11-03T01:47:56+00:00\" \/>\n<meta property=\"article:modified_time\" content=\"2021-11-14T23:31:27+00:00\" \/>\n<meta property=\"og:image\" content=\"https:\/\/www.pressenza.com\/wp-content\/uploads\/2021\/11\/Norvege-TIAN.jpg\" \/>\n\t<meta property=\"og:image:width\" content=\"820\" \/>\n\t<meta property=\"og:image:height\" content=\"546\" \/>\n\t<meta property=\"og:image:type\" content=\"image\/jpeg\" \/>\n<meta name=\"author\" content=\"International Campaign to Abolish Nuclear Weapons\" \/>\n<meta name=\"twitter:card\" content=\"summary_large_image\" \/>\n<meta name=\"twitter:creator\" content=\"@nuclearban\" \/>\n<meta name=\"twitter:site\" content=\"@PressenzaIPA\" \/>\n<meta name=\"twitter:label1\" content=\"\u00c9crit par\" \/>\n\t<meta name=\"twitter:data1\" content=\"International Campaign to Abolish Nuclear Weapons\" \/>\n\t<meta name=\"twitter:label2\" content=\"Dur\u00e9e de lecture estim\u00e9e\" \/>\n\t<meta name=\"twitter:data2\" content=\"2 minutes\" \/>\n<script type=\"application\/ld+json\" class=\"yoast-schema-graph\">{\"@context\":\"https:\/\/schema.org\",\"@graph\":[{\"@type\":\"Article\",\"@id\":\"https:\/\/www.pressenza.com\/fr\/2021\/11\/la-norvege-est-le-premier-etat-de-lotan-a-sengager-a-participer-a-la-reunion-des-etats-parties-du-traite-sur-linterdiction-des-armes-nucleaires-tian\/#article\",\"isPartOf\":{\"@id\":\"https:\/\/www.pressenza.com\/fr\/2021\/11\/la-norvege-est-le-premier-etat-de-lotan-a-sengager-a-participer-a-la-reunion-des-etats-parties-du-traite-sur-linterdiction-des-armes-nucleaires-tian\/\"},\"author\":{\"name\":\"International Campaign to Abolish Nuclear Weapons\",\"@id\":\"https:\/\/www.pressenza.com\/fr\/#\/schema\/person\/aa7c55b36390ee5908d729832f09fc22\"},\"headline\":\"La Norv\u00e8ge est le premier \u00c9tat de l&rsquo;OTAN \u00e0 s&rsquo;engager \u00e0 participer \u00e0 la r\u00e9union des \u00c9tats parties du Trait\u00e9 sur l&rsquo;interdiction des armes nucl\u00e9aires TIAN\",\"datePublished\":\"2021-11-03T01:47:56+00:00\",\"dateModified\":\"2021-11-14T23:31:27+00:00\",\"mainEntityOfPage\":{\"@id\":\"https:\/\/www.pressenza.com\/fr\/2021\/11\/la-norvege-est-le-premier-etat-de-lotan-a-sengager-a-participer-a-la-reunion-des-etats-parties-du-traite-sur-linterdiction-des-armes-nucleaires-tian\/\"},\"wordCount\":563,\"publisher\":{\"@id\":\"https:\/\/www.pressenza.com\/fr\/#organization\"},\"image\":{\"@id\":\"https:\/\/www.pressenza.com\/fr\/2021\/11\/la-norvege-est-le-premier-etat-de-lotan-a-sengager-a-participer-a-la-reunion-des-etats-parties-du-traite-sur-linterdiction-des-armes-nucleaires-tian\/#primaryimage\"},\"thumbnailUrl\":\"https:\/\/www.pressenza.com\/wp-content\/uploads\/2021\/11\/Norvege-TIAN.jpg\",\"keywords\":[\"Norv\u00e8ge\",\"OTAN\",\"Trait\u00e9 sur l\u2019interdiction des armes nucl\u00e9aires (TIAN)\"],\"articleSection\":[\"Europe\",\"Paix et D\u00e9sarmement\",\"Politique\"],\"inLanguage\":\"fr-FR\"},{\"@type\":\"WebPage\",\"@id\":\"https:\/\/www.pressenza.com\/fr\/2021\/11\/la-norvege-est-le-premier-etat-de-lotan-a-sengager-a-participer-a-la-reunion-des-etats-parties-du-traite-sur-linterdiction-des-armes-nucleaires-tian\/\",\"url\":\"https:\/\/www.pressenza.com\/fr\/2021\/11\/la-norvege-est-le-premier-etat-de-lotan-a-sengager-a-participer-a-la-reunion-des-etats-parties-du-traite-sur-linterdiction-des-armes-nucleaires-tian\/\",\"name\":\"La Norv\u00e8ge est le premier \u00c9tat de l'OTAN \u00e0 s'engager \u00e0 participer \u00e0 la r\u00e9union des \u00c9tats parties du Trait\u00e9 sur l'interdiction des armes nucl\u00e9aires TIAN\",\"isPartOf\":{\"@id\":\"https:\/\/www.pressenza.com\/fr\/#website\"},\"primaryImageOfPage\":{\"@id\":\"https:\/\/www.pressenza.com\/fr\/2021\/11\/la-norvege-est-le-premier-etat-de-lotan-a-sengager-a-participer-a-la-reunion-des-etats-parties-du-traite-sur-linterdiction-des-armes-nucleaires-tian\/#primaryimage\"},\"image\":{\"@id\":\"https:\/\/www.pressenza.com\/fr\/2021\/11\/la-norvege-est-le-premier-etat-de-lotan-a-sengager-a-participer-a-la-reunion-des-etats-parties-du-traite-sur-linterdiction-des-armes-nucleaires-tian\/#primaryimage\"},\"thumbnailUrl\":\"https:\/\/www.pressenza.com\/wp-content\/uploads\/2021\/11\/Norvege-TIAN.jpg\",\"datePublished\":\"2021-11-03T01:47:56+00:00\",\"dateModified\":\"2021-11-14T23:31:27+00:00\",\"description\":\"La Norv\u00e8ge est devenue le premier \u00c9tat de l'OTAN - et le premier \u00c9tat complice de l'arme nucl\u00e9aire - \u00e0 s'engager \u00e0 participer \u00e0 la premi\u00e8re r\u00e9union des\",\"breadcrumb\":{\"@id\":\"https:\/\/www.pressenza.com\/fr\/2021\/11\/la-norvege-est-le-premier-etat-de-lotan-a-sengager-a-participer-a-la-reunion-des-etats-parties-du-traite-sur-linterdiction-des-armes-nucleaires-tian\/#breadcrumb\"},\"inLanguage\":\"fr-FR\",\"potentialAction\":[{\"@type\":\"ReadAction\",\"target\":[\"https:\/\/www.pressenza.com\/fr\/2021\/11\/la-norvege-est-le-premier-etat-de-lotan-a-sengager-a-participer-a-la-reunion-des-etats-parties-du-traite-sur-linterdiction-des-armes-nucleaires-tian\/\"]}]},{\"@type\":\"ImageObject\",\"inLanguage\":\"fr-FR\",\"@id\":\"https:\/\/www.pressenza.com\/fr\/2021\/11\/la-norvege-est-le-premier-etat-de-lotan-a-sengager-a-participer-a-la-reunion-des-etats-parties-du-traite-sur-linterdiction-des-armes-nucleaires-tian\/#primaryimage\",\"url\":\"https:\/\/www.pressenza.com\/wp-content\/uploads\/2021\/11\/Norvege-TIAN.jpg\",\"contentUrl\":\"https:\/\/www.pressenza.com\/wp-content\/uploads\/2021\/11\/Norvege-TIAN.jpg\",\"width\":820,\"height\":546,\"caption\":\"La Norv\u00e8ge est le premier \u00c9tat de l\u2019OTAN \u00e0 s\u2019engager \u00e0 participer \u00e0 la r\u00e9union des \u00c9tats parties du Trait\u00e9 sur l\u2019interdiction des armes nucl\u00e9aires TIAN\"},{\"@type\":\"BreadcrumbList\",\"@id\":\"https:\/\/www.pressenza.com\/fr\/2021\/11\/la-norvege-est-le-premier-etat-de-lotan-a-sengager-a-participer-a-la-reunion-des-etats-parties-du-traite-sur-linterdiction-des-armes-nucleaires-tian\/#breadcrumb\",\"itemListElement\":[{\"@type\":\"ListItem\",\"position\":1,\"name\":\"Accueil\",\"item\":\"https:\/\/www.pressenza.com\/fr\/\"},{\"@type\":\"ListItem\",\"position\":2,\"name\":\"La Norv\u00e8ge est le premier \u00c9tat de l&rsquo;OTAN \u00e0 s&rsquo;engager \u00e0 participer \u00e0 la r\u00e9union des \u00c9tats parties du Trait\u00e9 sur l&rsquo;interdiction des armes nucl\u00e9aires TIAN\"}]},{\"@type\":\"WebSite\",\"@id\":\"https:\/\/www.pressenza.com\/fr\/#website\",\"url\":\"https:\/\/www.pressenza.com\/fr\/\",\"name\":\"Pressenza\",\"description\":\"International Press Agency\",\"publisher\":{\"@id\":\"https:\/\/www.pressenza.com\/fr\/#organization\"},\"potentialAction\":[{\"@type\":\"SearchAction\",\"target\":{\"@type\":\"EntryPoint\",\"urlTemplate\":\"https:\/\/www.pressenza.com\/fr\/?s={search_term_string}\"},\"query-input\":{\"@type\":\"PropertyValueSpecification\",\"valueRequired\":true,\"valueName\":\"search_term_string\"}}],\"inLanguage\":\"fr-FR\"},{\"@type\":\"Organization\",\"@id\":\"https:\/\/www.pressenza.com\/fr\/#organization\",\"name\":\"Pressenza\",\"url\":\"https:\/\/www.pressenza.com\/fr\/\",\"logo\":{\"@type\":\"ImageObject\",\"inLanguage\":\"fr-FR\",\"@id\":\"https:\/\/www.pressenza.com\/fr\/#\/schema\/logo\/image\/\",\"url\":\"https:\/\/www.pressenza.com\/wp-content\/uploads\/2022\/10\/pressenza_logo_200x200.jpg\",\"contentUrl\":\"https:\/\/www.pressenza.com\/wp-content\/uploads\/2022\/10\/pressenza_logo_200x200.jpg\",\"width\":200,\"height\":200,\"caption\":\"Pressenza\"},\"image\":{\"@id\":\"https:\/\/www.pressenza.com\/fr\/#\/schema\/logo\/image\/\"},\"sameAs\":[\"https:\/\/www.facebook.com\/PressenzaItalia\",\"https:\/\/x.com\/PressenzaIPA\"]},{\"@type\":\"Person\",\"@id\":\"https:\/\/www.pressenza.com\/fr\/#\/schema\/person\/aa7c55b36390ee5908d729832f09fc22\",\"name\":\"International Campaign to Abolish Nuclear Weapons\",\"description\":\"The International Campaign to Abolish Nuclear Weapons (ICAN) is a global campaign coalition working to mobilize people in all countries to inspire, persuade and pressure their governments to initiate negotiations for a treaty banning nuclear weapons. It has 500 partner organizations in 103 countries, and was launched in 2007. www.icanw.org\",\"sameAs\":[\"http:\/\/www.icanw.org\",\"https:\/\/www.facebook.com\/icanw.org\",\"https:\/\/x.com\/nuclearban\"],\"url\":\"https:\/\/www.pressenza.com\/fr\/author\/international-campaign-to-abolish-nuclear-weapons\/\"}]}<\/script>\n<!-- \/ Yoast SEO plugin. -->","yoast_head_json":{"title":"La Norv\u00e8ge est le premier \u00c9tat de l'OTAN \u00e0 s'engager \u00e0 participer \u00e0 la r\u00e9union des \u00c9tats parties du Trait\u00e9 sur l'interdiction des armes nucl\u00e9aires TIAN","description":"La Norv\u00e8ge est devenue le premier \u00c9tat de l'OTAN - et le premier \u00c9tat complice de l'arme nucl\u00e9aire - \u00e0 s'engager \u00e0 participer \u00e0 la premi\u00e8re r\u00e9union des","robots":{"index":"index","follow":"follow","max-snippet":"max-snippet:-1","max-image-preview":"max-image-preview:large","max-video-preview":"max-video-preview:-1"},"canonical":"https:\/\/www.pressenza.com\/fr\/2021\/11\/la-norvege-est-le-premier-etat-de-lotan-a-sengager-a-participer-a-la-reunion-des-etats-parties-du-traite-sur-linterdiction-des-armes-nucleaires-tian\/","og_locale":"fr_FR","og_type":"article","og_title":"La Norv\u00e8ge est le premier \u00c9tat de l'OTAN \u00e0 s'engager \u00e0 participer \u00e0 la r\u00e9union des \u00c9tats parties du Trait\u00e9 sur l'interdiction des armes nucl\u00e9aires TIAN","og_description":"La Norv\u00e8ge est devenue le premier \u00c9tat de l'OTAN - et le premier \u00c9tat complice de l'arme nucl\u00e9aire - \u00e0 s'engager \u00e0 participer \u00e0 la premi\u00e8re r\u00e9union des","og_url":"https:\/\/www.pressenza.com\/fr\/2021\/11\/la-norvege-est-le-premier-etat-de-lotan-a-sengager-a-participer-a-la-reunion-des-etats-parties-du-traite-sur-linterdiction-des-armes-nucleaires-tian\/","og_site_name":"Pressenza","article_publisher":"https:\/\/www.facebook.com\/PressenzaItalia","article_author":"https:\/\/www.facebook.com\/icanw.org","article_published_time":"2021-11-03T01:47:56+00:00","article_modified_time":"2021-11-14T23:31:27+00:00","og_image":[{"width":820,"height":546,"url":"https:\/\/www.pressenza.com\/wp-content\/uploads\/2021\/11\/Norvege-TIAN.jpg","type":"image\/jpeg"}],"author":"International Campaign to Abolish Nuclear Weapons","twitter_card":"summary_large_image","twitter_creator":"@nuclearban","twitter_site":"@PressenzaIPA","twitter_misc":{"\u00c9crit par":"International Campaign to Abolish Nuclear Weapons","Dur\u00e9e de lecture estim\u00e9e":"2 minutes"},"schema":{"@context":"https:\/\/schema.org","@graph":[{"@type":"Article","@id":"https:\/\/www.pressenza.com\/fr\/2021\/11\/la-norvege-est-le-premier-etat-de-lotan-a-sengager-a-participer-a-la-reunion-des-etats-parties-du-traite-sur-linterdiction-des-armes-nucleaires-tian\/#article","isPartOf":{"@id":"https:\/\/www.pressenza.com\/fr\/2021\/11\/la-norvege-est-le-premier-etat-de-lotan-a-sengager-a-participer-a-la-reunion-des-etats-parties-du-traite-sur-linterdiction-des-armes-nucleaires-tian\/"},"author":{"name":"International Campaign to Abolish Nuclear Weapons","@id":"https:\/\/www.pressenza.com\/fr\/#\/schema\/person\/aa7c55b36390ee5908d729832f09fc22"},"headline":"La Norv\u00e8ge est le premier \u00c9tat de l&rsquo;OTAN \u00e0 s&rsquo;engager \u00e0 participer \u00e0 la r\u00e9union des \u00c9tats parties du Trait\u00e9 sur l&rsquo;interdiction des armes nucl\u00e9aires TIAN","datePublished":"2021-11-03T01:47:56+00:00","dateModified":"2021-11-14T23:31:27+00:00","mainEntityOfPage":{"@id":"https:\/\/www.pressenza.com\/fr\/2021\/11\/la-norvege-est-le-premier-etat-de-lotan-a-sengager-a-participer-a-la-reunion-des-etats-parties-du-traite-sur-linterdiction-des-armes-nucleaires-tian\/"},"wordCount":563,"publisher":{"@id":"https:\/\/www.pressenza.com\/fr\/#organization"},"image":{"@id":"https:\/\/www.pressenza.com\/fr\/2021\/11\/la-norvege-est-le-premier-etat-de-lotan-a-sengager-a-participer-a-la-reunion-des-etats-parties-du-traite-sur-linterdiction-des-armes-nucleaires-tian\/#primaryimage"},"thumbnailUrl":"https:\/\/www.pressenza.com\/wp-content\/uploads\/2021\/11\/Norvege-TIAN.jpg","keywords":["Norv\u00e8ge","OTAN","Trait\u00e9 sur l\u2019interdiction des armes nucl\u00e9aires (TIAN)"],"articleSection":["Europe","Paix et D\u00e9sarmement","Politique"],"inLanguage":"fr-FR"},{"@type":"WebPage","@id":"https:\/\/www.pressenza.com\/fr\/2021\/11\/la-norvege-est-le-premier-etat-de-lotan-a-sengager-a-participer-a-la-reunion-des-etats-parties-du-traite-sur-linterdiction-des-armes-nucleaires-tian\/","url":"https:\/\/www.pressenza.com\/fr\/2021\/11\/la-norvege-est-le-premier-etat-de-lotan-a-sengager-a-participer-a-la-reunion-des-etats-parties-du-traite-sur-linterdiction-des-armes-nucleaires-tian\/","name":"La Norv\u00e8ge est le premier \u00c9tat de l'OTAN \u00e0 s'engager \u00e0 participer \u00e0 la r\u00e9union des \u00c9tats parties du Trait\u00e9 sur l'interdiction des armes nucl\u00e9aires TIAN","isPartOf":{"@id":"https:\/\/www.pressenza.com\/fr\/#website"},"primaryImageOfPage":{"@id":"https:\/\/www.pressenza.com\/fr\/2021\/11\/la-norvege-est-le-premier-etat-de-lotan-a-sengager-a-participer-a-la-reunion-des-etats-parties-du-traite-sur-linterdiction-des-armes-nucleaires-tian\/#primaryimage"},"image":{"@id":"https:\/\/www.pressenza.com\/fr\/2021\/11\/la-norvege-est-le-premier-etat-de-lotan-a-sengager-a-participer-a-la-reunion-des-etats-parties-du-traite-sur-linterdiction-des-armes-nucleaires-tian\/#primaryimage"},"thumbnailUrl":"https:\/\/www.pressenza.com\/wp-content\/uploads\/2021\/11\/Norvege-TIAN.jpg","datePublished":"2021-11-03T01:47:56+00:00","dateModified":"2021-11-14T23:31:27+00:00","description":"La Norv\u00e8ge est devenue le premier \u00c9tat de l'OTAN - et le premier \u00c9tat complice de l'arme nucl\u00e9aire - \u00e0 s'engager \u00e0 participer \u00e0 la premi\u00e8re r\u00e9union des","breadcrumb":{"@id":"https:\/\/www.pressenza.com\/fr\/2021\/11\/la-norvege-est-le-premier-etat-de-lotan-a-sengager-a-participer-a-la-reunion-des-etats-parties-du-traite-sur-linterdiction-des-armes-nucleaires-tian\/#breadcrumb"},"inLanguage":"fr-FR","potentialAction":[{"@type":"ReadAction","target":["https:\/\/www.pressenza.com\/fr\/2021\/11\/la-norvege-est-le-premier-etat-de-lotan-a-sengager-a-participer-a-la-reunion-des-etats-parties-du-traite-sur-linterdiction-des-armes-nucleaires-tian\/"]}]},{"@type":"ImageObject","inLanguage":"fr-FR","@id":"https:\/\/www.pressenza.com\/fr\/2021\/11\/la-norvege-est-le-premier-etat-de-lotan-a-sengager-a-participer-a-la-reunion-des-etats-parties-du-traite-sur-linterdiction-des-armes-nucleaires-tian\/#primaryimage","url":"https:\/\/www.pressenza.com\/wp-content\/uploads\/2021\/11\/Norvege-TIAN.jpg","contentUrl":"https:\/\/www.pressenza.com\/wp-content\/uploads\/2021\/11\/Norvege-TIAN.jpg","width":820,"height":546,"caption":"La Norv\u00e8ge est le premier \u00c9tat de l\u2019OTAN \u00e0 s\u2019engager \u00e0 participer \u00e0 la r\u00e9union des \u00c9tats parties du Trait\u00e9 sur l\u2019interdiction des armes nucl\u00e9aires TIAN"},{"@type":"BreadcrumbList","@id":"https:\/\/www.pressenza.com\/fr\/2021\/11\/la-norvege-est-le-premier-etat-de-lotan-a-sengager-a-participer-a-la-reunion-des-etats-parties-du-traite-sur-linterdiction-des-armes-nucleaires-tian\/#breadcrumb","itemListElement":[{"@type":"ListItem","position":1,"name":"Accueil","item":"https:\/\/www.pressenza.com\/fr\/"},{"@type":"ListItem","position":2,"name":"La Norv\u00e8ge est le premier \u00c9tat de l&rsquo;OTAN \u00e0 s&rsquo;engager \u00e0 participer \u00e0 la r\u00e9union des \u00c9tats parties du Trait\u00e9 sur l&rsquo;interdiction des armes nucl\u00e9aires TIAN"}]},{"@type":"WebSite","@id":"https:\/\/www.pressenza.com\/fr\/#website","url":"https:\/\/www.pressenza.com\/fr\/","name":"Pressenza","description":"International Press Agency","publisher":{"@id":"https:\/\/www.pressenza.com\/fr\/#organization"},"potentialAction":[{"@type":"SearchAction","target":{"@type":"EntryPoint","urlTemplate":"https:\/\/www.pressenza.com\/fr\/?s={search_term_string}"},"query-input":{"@type":"PropertyValueSpecification","valueRequired":true,"valueName":"search_term_string"}}],"inLanguage":"fr-FR"},{"@type":"Organization","@id":"https:\/\/www.pressenza.com\/fr\/#organization","name":"Pressenza","url":"https:\/\/www.pressenza.com\/fr\/","logo":{"@type":"ImageObject","inLanguage":"fr-FR","@id":"https:\/\/www.pressenza.com\/fr\/#\/schema\/logo\/image\/","url":"https:\/\/www.pressenza.com\/wp-content\/uploads\/2022\/10\/pressenza_logo_200x200.jpg","contentUrl":"https:\/\/www.pressenza.com\/wp-content\/uploads\/2022\/10\/pressenza_logo_200x200.jpg","width":200,"height":200,"caption":"Pressenza"},"image":{"@id":"https:\/\/www.pressenza.com\/fr\/#\/schema\/logo\/image\/"},"sameAs":["https:\/\/www.facebook.com\/PressenzaItalia","https:\/\/x.com\/PressenzaIPA"]},{"@type":"Person","@id":"https:\/\/www.pressenza.com\/fr\/#\/schema\/person\/aa7c55b36390ee5908d729832f09fc22","name":"International Campaign to Abolish Nuclear Weapons","description":"The International Campaign to Abolish Nuclear Weapons (ICAN) is a global campaign coalition working to mobilize people in all countries to inspire, persuade and pressure their governments to initiate negotiations for a treaty banning nuclear weapons. It has 500 partner organizations in 103 countries, and was launched in 2007. www.icanw.org","sameAs":["http:\/\/www.icanw.org","https:\/\/www.facebook.com\/icanw.org","https:\/\/x.com\/nuclearban"],"url":"https:\/\/www.pressenza.com\/fr\/author\/international-campaign-to-abolish-nuclear-weapons\/"}]}},"place":"","original_article_url":"","_links":{"self":[{"href":"https:\/\/www.pressenza.com\/fr\/wp-json\/wp\/v2\/posts\/1462962","targetHints":{"allow":["GET"]}}],"collection":[{"href":"https:\/\/www.pressenza.com\/fr\/wp-json\/wp\/v2\/posts"}],"about":[{"href":"https:\/\/www.pressenza.com\/fr\/wp-json\/wp\/v2\/types\/post"}],"author":[{"embeddable":true,"href":"https:\/\/www.pressenza.com\/fr\/wp-json\/wp\/v2\/users\/1000"}],"replies":[{"embeddable":true,"href":"https:\/\/www.pressenza.com\/fr\/wp-json\/wp\/v2\/comments?post=1462962"}],"version-history":[{"count":0,"href":"https:\/\/www.pressenza.com\/fr\/wp-json\/wp\/v2\/posts\/1462962\/revisions"}],"wp:featuredmedia":[{"embeddable":true,"href":"https:\/\/www.pressenza.com\/fr\/wp-json\/wp\/v2\/media\/1462979"}],"wp:attachment":[{"href":"https:\/\/www.pressenza.com\/fr\/wp-json\/wp\/v2\/media?parent=1462962"}],"wp:term":[{"taxonomy":"category","embeddable":true,"href":"https:\/\/www.pressenza.com\/fr\/wp-json\/wp\/v2\/categories?post=1462962"},{"taxonomy":"post_tag","embeddable":true,"href":"https:\/\/www.pressenza.com\/fr\/wp-json\/wp\/v2\/tags?post=1462962"}],"curies":[{"name":"wp","href":"https:\/\/api.w.org\/{rel}","templated":true}]}}