{"id":1460101,"date":"2021-10-28T23:40:36","date_gmt":"2021-10-28T22:40:36","guid":{"rendered":"https:\/\/www.pressenza.com\/?p=1460101"},"modified":"2021-10-29T11:41:06","modified_gmt":"2021-10-29T10:41:06","slug":"nicole-myers-definitivement-nous-sommes-en-train-de-travailler-sur-le-chemin-du-oui","status":"publish","type":"post","link":"https:\/\/www.pressenza.com\/fr\/2021\/10\/nicole-myers-definitivement-nous-sommes-en-train-de-travailler-sur-le-chemin-du-oui\/","title":{"rendered":"Nicole Myers : \u00ab\u00a0D\u00e9finitivement, nous agissons sur le chemin du Oui\u00a0\u00bb"},"content":{"rendered":"<p>Nous nous sommes entretenus avec Nicole Myers, New-Yorkaise, messag\u00e8re de Silo et co-promotrice du <a href=\"https:\/\/www.hudsonvalleypark.org\/\">Parcs d&rsquo;Etude et de R\u00e9flexion de la vall\u00e9e de l&rsquo;Hudson<\/a>, pr\u00e8s de New York.<\/p>\n<p>Cette conversation s&rsquo;inscrit dans le cadre de la comm\u00e9moration de la \u00ab\u00a0<strong>Mission des ann\u00e9es 80&Prime;<\/strong>, vaste tourn\u00e9e ponctu\u00e9e d&rsquo;\u00e9v\u00e9nements organis\u00e9s de par le monde par Silo et un groupe d&rsquo;amis, dont Nicole Myers.<\/p>\n<p>Quarante ans apr\u00e8s, ce dimanche 31 octobre, des participants de cette \u00e9pop\u00e9e nous invitent \u00e0 comm\u00e9morer l&rsquo;un es \u00e9v\u00e9nements les plus marquants qui a eu lieu \u00e0 Bombay, sur la plage de Chowpatty, o\u00f9 plus de 10 000 personnes se sont rassembl\u00e9es.<\/p>\n<p>Ci-dessous,\u00a0 la vid\u00e9o de l&rsquo;interview compl\u00e8te, ainsi qu&rsquo;une transcription \u00e9crite des principales id\u00e9es.<\/p>\n<p><em>Pour voir la vid\u00e9o ( 24\u2032 33\u2032\u2032 ) sur un ordinateur avec les sous-titres en fran\u00e7ais : <strong>1.<\/strong>\u00a0Cliquez sur l\u2019ic\u00f4ne\u00a0<strong>Sous-titres\u00a0<\/strong>(rectangle blanc en bas \u00e0 droite de la fen\u00eatre du lecteur vid\u00e9o<\/em><em>).\u00a0 \u00a0<strong>2.<\/strong>\u00a0<\/em><em>Cliquez sur l\u2019ic\u00f4ne\u00a0<strong>Param\u00e8tres\u00a0<\/strong>(roue dent\u00e9e\u00a0en bas \u00e0 droite<\/em><em>), puis cliquez\u00a0<\/em><em>successivement sur\u00a0<strong>Sous-titres<\/strong>, puis sur\u00a0<strong>Traduire automatiquement<\/strong>.\u00a0\u00a0\u00a0\u00a0<strong>3.<\/strong>\u00a0Dans la fen\u00eatre qui s\u2019ouvre, faites d\u00e9filer la liste des langues et cliquez sur\u00a0<strong>Fran\u00e7ais<\/strong>.<\/em><\/p>\n<p><iframe loading=\"lazy\" title=\"Nicole Myers: \u201cEstamos trabajando en el camino del S\u00ed\u201d\" width=\"500\" height=\"281\" src=\"https:\/\/www.youtube.com\/embed\/O6bLYbBcqRk?feature=oembed\" frameborder=\"0\" allow=\"accelerometer; autoplay; clipboard-write; encrypted-media; gyroscope; picture-in-picture; web-share\" referrerpolicy=\"strict-origin-when-cross-origin\" allowfullscreen><\/iframe><\/p>\n<p><strong>Pourquoi cet acte comm\u00e9moratif ?<\/strong><\/p>\n<p>A l&rsquo;\u00e9poque, Silo parlait tr\u00e8s clairement de la crise, mais c&rsquo;\u00e9tait quelque chose d&rsquo;assez inhabituel. Beaucoup de gens n&rsquo;ont pas tr\u00e8s bien compris ce qu&rsquo;\u00e9tait cette crise et \u00e0 quel point elle \u00e9tait profonde. Mais 40 ans plus tard, cette crise continue; elle est pr\u00e9sente, ici, sur tous les continents, dans tous les secteurs, dans tous les domaines.\u00a0 Aujourd&rsquo;hui, personne ne peut dire qu&rsquo;il n&rsquo;y a pas de crise et la question est de savoir comment en sortir\u00a0 et s&rsquo;il y a un futur. Nous avons le sentiment que, face \u00e0 cette situation de crise, les mots qui ont \u00e9t\u00e9 prononc\u00e9s \u00e0 l&rsquo;\u00e9poque commencent \u00e0 r\u00e9sonner, nous donnant un message sur ce que nous pouvons faire aujourd&rsquo;hui&#8230; Ces mots, c&rsquo;est le message dont nous avons besoin aujourd&rsquo;hui.<\/p>\n<p><strong>Qu&rsquo;est-ce qui a \u00e9t\u00e9 dit ? Quel \u00e9tait le message ?<\/strong><\/p>\n<p>C&rsquo;\u00e9tait le titre m\u00eame de l&rsquo;\u00e9v\u00e9nement : <strong>Il y a encore un futur<\/strong> ! Lors de tous les \u00e9v\u00e9nements, l&rsquo;importance de <strong>la foi int\u00e9rieure<\/strong> pour \u00e9viter la destruction a \u00e9t\u00e9 \u00e9voqu\u00e9e : <em>\u00ab\u00a0Sans foi int\u00e9rieure, sans foi en soi, il y a la peur ; la peur produit la souffrance, la souffrance produit la violence, la violence produit la destruction. Par cons\u00e9quent, la foi en soi permet de surmonter la destruction\u00a0\u00bb<\/em>.<\/p>\n<p>Silo a \u00e9galement parl\u00e9 de l&rsquo;importance de la <strong>r\u00e9conciliation,<\/strong> avec soi-m\u00eame, avec l&rsquo;autre, avec le pass\u00e9; \u00e0 tel point qu&rsquo;\u00e0 la fin des causeries, il nous a demand\u00e9 &#8211; ainsi qu&rsquo;aux participants\u00a0 &#8211; de se lever et de demander profond\u00e9ment de pouvoir se r\u00e9concilier ; d&rsquo;arr\u00eater de se culpabiliser et de commencer \u00e0 aller vers les autres. Il a \u00e9galement parl\u00e9 de l&rsquo;importance du message <em>\u00ab\u00a0traite les autres comme tu veux \u00eatre trait\u00e9<\/em>\u00ab\u00a0&#8230; Bien s\u00fbr, tout le monde dit cela, mais si nous le faisions vraiment, si nous en faisions notre pratique quotidienne, tout changerait et la vie des gens changerait&#8230;<\/p>\n<p>Nous avons besoin de cela pour humaniser la Terre.<\/p>\n<p><strong>Que cherchez-vous maintenant ?<\/strong><\/p>\n<p>Promouvoir une exp\u00e9rience qui nous donne du sens, voir quelles actions nous donnent r\u00e9ellement du sens et nous permettent ainsi d&rsquo;ouvrir le futur&#8230; Ce message \u00e9tant vrai \u00e0 l&rsquo;\u00e9poque, se retrouve particuli\u00e8rement valable aujourd&rsquo;hui et d&rsquo;un grand impact pour l&rsquo;avenir.<\/p>\n<p><strong>Quelles sont les autres activit\u00e9s auxquelles vous participez en tant que messag\u00e8re de Silo?<\/strong><\/p>\n<p>En d\u00e9veloppant le \u00ab\u00a0Parc d&rsquo;Etude et de R\u00e9flexion\u00a0\u00bb de la vall\u00e9e de l&rsquo;Hudson, juste \u00e0 proximit\u00e9 de New York. C&rsquo;est un point de lumi\u00e8re pour l&rsquo;humanit\u00e9. Nous sommes en train d&rsquo;y construire la salle de m\u00e9ditation.<\/p>\n<p>Je travaille \u00e9galement avec une \u00e9quipe internationale sur un programme intitul\u00e9 \u00a0\u00bb <strong>Sept jours de demandes<\/strong> \u00ab\u00a0. Une pratique qui se perp\u00e9tue depuis des si\u00e8cles et dont Silo a parl\u00e9 lors de l&rsquo;inauguration du Parc de la Reja \u00e0 Buenos Aires.<\/p>\n<p>C&rsquo;est une pratique tr\u00e8s simple mais profonde qui produit toute une transformation. C&rsquo;est ce que nous appelons la <strong>m\u00e9ditation du c\u0153ur.<\/strong> Cet amour profond que nous avons en nous, dans notre c\u0153ur, peut \u00eatre d\u00e9velopp\u00e9. Gr\u00e2ce \u00e0 cette demande, nous pouvons d\u00e9couvrir ce dont nous avons vraiment besoin et ce dont les autres ont besoin. Et l\u00e0, nous pouvons voir quelle est la beaut\u00e9 et le potentiel de ces intentions qui viennent du c\u0153ur ainsi que leur pouvoir dans le sens du bien-\u00eatre.<\/p>\n<p>La prochaine r\u00e9union aura lieu le 7 novembre. Nous sommes en train de d\u00e9velopper un <a href=\"http:\/\/www.pedido.org\">site web<\/a> pour que chacun puisse s&rsquo;informer et le faire lui-m\u00eame.<\/p>\n<p>C&rsquo;est un outil tr\u00e8s utile pour se r\u00e9concilier avec soi-m\u00eame et trouver de nouvelles r\u00e9ponses dans les profondeurs de notre \u00eatre. Il est tr\u00e8s utile et plein de joie. Il s&rsquo;agit d&rsquo;une technique tr\u00e8s simple. Il s&rsquo;agit de se connecter et de demander quelque chose ; ensuite, votre mental est directement dirig\u00e9 vers cette chose et &#8211; comme par magie &#8211; une nouvelle r\u00e9alit\u00e9 commence \u00e0 se dessiner.<\/p>\n<p><img loading=\"lazy\" decoding=\"async\" class=\"alignnone wp-image-1459750 size-full\" src=\"https:\/\/www.pressenza.com\/wp-content\/uploads\/2021\/10\/nicole3.jpg\" alt=\"\" width=\"1024\" height=\"578\" srcset=\"https:\/\/www.pressenza.com\/wp-content\/uploads\/2021\/10\/nicole3.jpg 1024w, https:\/\/www.pressenza.com\/wp-content\/uploads\/2021\/10\/nicole3-300x169.jpg 300w, https:\/\/www.pressenza.com\/wp-content\/uploads\/2021\/10\/nicole3-820x463.jpg 820w\" sizes=\"auto, (max-width: 1024px) 100vw, 1024px\" \/><\/p>\n<p><strong>Vous \u00eates impliqu\u00e9e dans le silo\u00efsme depuis des d\u00e9cennies. Pourquoi ?<\/strong><\/p>\n<p>J&rsquo;ai toujours \u00e9t\u00e9 \u00e0 la recherche d&rsquo;un sens \u00e0 la vie. J&rsquo;ai cherch\u00e9 dans diff\u00e9rentes directions et je me suis retrouv\u00e9e face au discours de Silo, \u00e0 sa fa\u00e7on de traiter la question de la <strong>transformation du non-sens en sens<\/strong>. Je n&rsquo;ai pas eu besoin d&rsquo;\u00eatre convaincue, c&rsquo;est quelque chose que j&rsquo;ai v\u00e9cu. C&rsquo;est une exp\u00e9rience qui m&rsquo;a beaucoup aid\u00e9e. Ce n&rsquo;est pas seulement une exp\u00e9rience individuelle;\u00a0 elle est li\u00e9e \u00e0 ce que l&rsquo;on fait avec les autres &#8211; un aller-retour- et cela m&rsquo;a sembl\u00e9 tr\u00e8s coh\u00e9rent.<\/p>\n<p>Nous travaillons sur le d\u00e9veloppement personnel et celui des autres \u00e0 travers des outils qui aident \u00e0 trouver le vrai sens de la vie, qui est<strong> la transcendanc<\/strong>e&#8230; au fur et \u00e0 mesure que ces actions s&rsquo;accumulent et produisent un bonheur croissant, nous avan\u00e7ons. Il est important de se connecter \u00e0 cette n\u00e9cessit\u00e9 de trouver des r\u00e9ponses \u00e0 son but dans la vie.<\/p>\n<p>&#8230; Je ne vois rien de plus int\u00e9ressant \u00e0 faire que de partager cela avec le plus grand nombre de personnes possible. Tout cela est un grand cadeau et chacun peut en faire l&rsquo;exp\u00e9rience sans n\u00e9cessairement croire en quoi que ce soit. Il ne s&rsquo;agit pas d&rsquo;une religion, mais d&rsquo;une pratique qui nous fait du bien dans la mesure o\u00f9 nous pouvons la faire avec d&rsquo;autres.<\/p>\n<p><strong>Nous travaillons d\u00e9finitivement sur le chemin du OUI<\/strong><\/p>\n<p>Je voudrais ajouter quelque chose qui d\u00e9finit ce moment. Dans cette mission, Silo a parl\u00e9 du \u00a0\u00bb <strong>chemin du oui et le chemin du non<\/strong> \u00ab\u00a0. Le chemin du oui est li\u00e9 \u00e0 tout ce qui unit les gens, qui les aide, et le chemin du non est li\u00e9 \u00e0 l&rsquo;individualisme, \u00e0 la cruaut\u00e9, \u00e0 la recherche du pouvoir. Dans cette ligne de d\u00e9marcation, nous voyons clairement la direction que chacun peut choisir. Et nous travaillons d\u00e9finitivement dans le sens du oui. Ce serait une tr\u00e8s bonne synth\u00e8se de l&rsquo;orientation de tous nos travaux.<\/p>\n<p><img loading=\"lazy\" decoding=\"async\" class=\"alignnone size-medium\" src=\"https:\/\/www.pressenza.com\/fr\/?attachment_id=1460334\" width=\"1067\" height=\"600\" \/><\/p>\n<p>Pour participer \u00e0 la comm\u00e9moration de l&rsquo;\u00e9v\u00e9nement de Mumbai, vous devez vous inscrire \u00e0 l&rsquo;avance en cliquant sur ce lien : <strong><a href=\"https:\/\/tiny.one\/3wucf7fd\" target=\"_blank\" rel=\"noopener\">https:\/\/tiny.one\/3wucf7fd<\/a><\/strong><\/p>\n<p>L&rsquo;\u00e9v\u00e9nement b\u00e9n\u00e9ficiera d&rsquo;une traduction simultan\u00e9e en plusieurs langues (voir image ci-dessus).<\/p>\n","protected":false},"excerpt":{"rendered":"<p>Nous nous sommes entretenus avec Nicole Myers, New-Yorkaise, messag\u00e8re de Silo et co-promotrice du Parcs d&rsquo;Etude et de R\u00e9flexion de la vall\u00e9e de l&rsquo;Hudson, pr\u00e8s de New York. Cette conversation s&rsquo;inscrit dans le cadre de la comm\u00e9moration de la \u00ab\u00a0Mission&hellip;<\/p>\n","protected":false},"author":1561,"featured_media":1459760,"comment_status":"closed","ping_status":"closed","sticky":false,"template":"","format":"standard","meta":{"footnotes":""},"categories":[11386,1246,156],"tags":[813,96229,95871,28903,3237,4886],"class_list":["post-1460101","post","type-post","status-publish","format-standard","has-post-thumbnail","hentry","category-contenu-original","category-humanisme-spiritualite","category-interview-fr","tag-inde","tag-mission-80","tag-mumbai","tag-non-violence","tag-sens","tag-silo-fr"],"yoast_head":"<!-- This site is optimized with the Yoast SEO plugin v27.1.1 - https:\/\/yoast.com\/product\/yoast-seo-wordpress\/ -->\n<title>Nicole Myers : &quot;D\u00e9finitivement, nous agissons sur le chemin du Oui&quot;<\/title>\n<meta name=\"description\" content=\"Nous nous sommes entretenus avec Nicole Myers, New-Yorkaise, messag\u00e8re de Silo et co-promotrice du Parcs d&#039;Etude et de R\u00e9flexion de la vall\u00e9e de l&#039;Hudson,\" \/>\n<meta name=\"robots\" content=\"index, follow, max-snippet:-1, max-image-preview:large, max-video-preview:-1\" \/>\n<link rel=\"canonical\" href=\"https:\/\/www.pressenza.com\/fr\/2021\/10\/nicole-myers-definitivement-nous-sommes-en-train-de-travailler-sur-le-chemin-du-oui\/\" \/>\n<meta property=\"og:locale\" content=\"fr_FR\" \/>\n<meta property=\"og:type\" content=\"article\" \/>\n<meta property=\"og:title\" content=\"Nicole Myers : &quot;D\u00e9finitivement, nous agissons sur le chemin du Oui&quot;\" \/>\n<meta property=\"og:description\" content=\"Nous nous sommes entretenus avec Nicole Myers, New-Yorkaise, messag\u00e8re de Silo et co-promotrice du Parcs d&#039;Etude et de R\u00e9flexion de la vall\u00e9e de l&#039;Hudson,\" \/>\n<meta property=\"og:url\" content=\"https:\/\/www.pressenza.com\/fr\/2021\/10\/nicole-myers-definitivement-nous-sommes-en-train-de-travailler-sur-le-chemin-du-oui\/\" \/>\n<meta property=\"og:site_name\" content=\"Pressenza\" \/>\n<meta property=\"article:publisher\" content=\"https:\/\/www.facebook.com\/PressenzaItalia\" \/>\n<meta property=\"article:published_time\" content=\"2021-10-28T22:40:36+00:00\" \/>\n<meta property=\"article:modified_time\" content=\"2021-10-29T10:41:06+00:00\" \/>\n<meta property=\"og:image\" content=\"https:\/\/www.pressenza.com\/wp-content\/uploads\/2021\/10\/Nicole6.jpg\" \/>\n\t<meta property=\"og:image:width\" content=\"1024\" \/>\n\t<meta property=\"og:image:height\" content=\"573\" \/>\n\t<meta property=\"og:image:type\" content=\"image\/jpeg\" \/>\n<meta name=\"author\" content=\"Juana P\u00e9rez Montero\" \/>\n<meta name=\"twitter:card\" content=\"summary_large_image\" \/>\n<meta name=\"twitter:creator\" content=\"@PressenzaIPA\" \/>\n<meta name=\"twitter:site\" content=\"@PressenzaIPA\" \/>\n<meta name=\"twitter:label1\" content=\"\u00c9crit par\" \/>\n\t<meta name=\"twitter:data1\" content=\"Juana P\u00e9rez Montero\" \/>\n\t<meta name=\"twitter:label2\" content=\"Dur\u00e9e de lecture estim\u00e9e\" \/>\n\t<meta name=\"twitter:data2\" content=\"6 minutes\" \/>\n<script type=\"application\/ld+json\" class=\"yoast-schema-graph\">{\"@context\":\"https:\/\/schema.org\",\"@graph\":[{\"@type\":\"Article\",\"@id\":\"https:\/\/www.pressenza.com\/fr\/2021\/10\/nicole-myers-definitivement-nous-sommes-en-train-de-travailler-sur-le-chemin-du-oui\/#article\",\"isPartOf\":{\"@id\":\"https:\/\/www.pressenza.com\/fr\/2021\/10\/nicole-myers-definitivement-nous-sommes-en-train-de-travailler-sur-le-chemin-du-oui\/\"},\"author\":{\"name\":\"Juana P\u00e9rez Montero\",\"@id\":\"https:\/\/www.pressenza.com\/fr\/#\/schema\/person\/606cbea0307458f18c06dd6b1ec227ec\"},\"headline\":\"Nicole Myers : \u00ab\u00a0D\u00e9finitivement, nous agissons sur le chemin du Oui\u00a0\u00bb\",\"datePublished\":\"2021-10-28T22:40:36+00:00\",\"dateModified\":\"2021-10-29T10:41:06+00:00\",\"mainEntityOfPage\":{\"@id\":\"https:\/\/www.pressenza.com\/fr\/2021\/10\/nicole-myers-definitivement-nous-sommes-en-train-de-travailler-sur-le-chemin-du-oui\/\"},\"wordCount\":1328,\"publisher\":{\"@id\":\"https:\/\/www.pressenza.com\/fr\/#organization\"},\"image\":{\"@id\":\"https:\/\/www.pressenza.com\/fr\/2021\/10\/nicole-myers-definitivement-nous-sommes-en-train-de-travailler-sur-le-chemin-du-oui\/#primaryimage\"},\"thumbnailUrl\":\"https:\/\/www.pressenza.com\/wp-content\/uploads\/2021\/10\/Nicole6.jpg\",\"keywords\":[\"Inde\",\"Mission 80\",\"Mumbai\",\"non-violence\",\"sens\",\"Silo\"],\"articleSection\":[\"Contenu Original\",\"Humanisme et Spiritualit\u00e9\",\"Interviews\"],\"inLanguage\":\"fr-FR\"},{\"@type\":\"WebPage\",\"@id\":\"https:\/\/www.pressenza.com\/fr\/2021\/10\/nicole-myers-definitivement-nous-sommes-en-train-de-travailler-sur-le-chemin-du-oui\/\",\"url\":\"https:\/\/www.pressenza.com\/fr\/2021\/10\/nicole-myers-definitivement-nous-sommes-en-train-de-travailler-sur-le-chemin-du-oui\/\",\"name\":\"Nicole Myers : \\\"D\u00e9finitivement, nous agissons sur le chemin du Oui\\\"\",\"isPartOf\":{\"@id\":\"https:\/\/www.pressenza.com\/fr\/#website\"},\"primaryImageOfPage\":{\"@id\":\"https:\/\/www.pressenza.com\/fr\/2021\/10\/nicole-myers-definitivement-nous-sommes-en-train-de-travailler-sur-le-chemin-du-oui\/#primaryimage\"},\"image\":{\"@id\":\"https:\/\/www.pressenza.com\/fr\/2021\/10\/nicole-myers-definitivement-nous-sommes-en-train-de-travailler-sur-le-chemin-du-oui\/#primaryimage\"},\"thumbnailUrl\":\"https:\/\/www.pressenza.com\/wp-content\/uploads\/2021\/10\/Nicole6.jpg\",\"datePublished\":\"2021-10-28T22:40:36+00:00\",\"dateModified\":\"2021-10-29T10:41:06+00:00\",\"description\":\"Nous nous sommes entretenus avec Nicole Myers, New-Yorkaise, messag\u00e8re de Silo et co-promotrice du Parcs d'Etude et de R\u00e9flexion de la vall\u00e9e de l'Hudson,\",\"breadcrumb\":{\"@id\":\"https:\/\/www.pressenza.com\/fr\/2021\/10\/nicole-myers-definitivement-nous-sommes-en-train-de-travailler-sur-le-chemin-du-oui\/#breadcrumb\"},\"inLanguage\":\"fr-FR\",\"potentialAction\":[{\"@type\":\"ReadAction\",\"target\":[\"https:\/\/www.pressenza.com\/fr\/2021\/10\/nicole-myers-definitivement-nous-sommes-en-train-de-travailler-sur-le-chemin-du-oui\/\"]}]},{\"@type\":\"ImageObject\",\"inLanguage\":\"fr-FR\",\"@id\":\"https:\/\/www.pressenza.com\/fr\/2021\/10\/nicole-myers-definitivement-nous-sommes-en-train-de-travailler-sur-le-chemin-du-oui\/#primaryimage\",\"url\":\"https:\/\/www.pressenza.com\/wp-content\/uploads\/2021\/10\/Nicole6.jpg\",\"contentUrl\":\"https:\/\/www.pressenza.com\/wp-content\/uploads\/2021\/10\/Nicole6.jpg\",\"width\":1024,\"height\":573},{\"@type\":\"BreadcrumbList\",\"@id\":\"https:\/\/www.pressenza.com\/fr\/2021\/10\/nicole-myers-definitivement-nous-sommes-en-train-de-travailler-sur-le-chemin-du-oui\/#breadcrumb\",\"itemListElement\":[{\"@type\":\"ListItem\",\"position\":1,\"name\":\"Accueil\",\"item\":\"https:\/\/www.pressenza.com\/fr\/\"},{\"@type\":\"ListItem\",\"position\":2,\"name\":\"Nicole Myers : \u00ab\u00a0D\u00e9finitivement, nous agissons sur le chemin du Oui\u00a0\u00bb\"}]},{\"@type\":\"WebSite\",\"@id\":\"https:\/\/www.pressenza.com\/fr\/#website\",\"url\":\"https:\/\/www.pressenza.com\/fr\/\",\"name\":\"Pressenza\",\"description\":\"International Press Agency\",\"publisher\":{\"@id\":\"https:\/\/www.pressenza.com\/fr\/#organization\"},\"potentialAction\":[{\"@type\":\"SearchAction\",\"target\":{\"@type\":\"EntryPoint\",\"urlTemplate\":\"https:\/\/www.pressenza.com\/fr\/?s={search_term_string}\"},\"query-input\":{\"@type\":\"PropertyValueSpecification\",\"valueRequired\":true,\"valueName\":\"search_term_string\"}}],\"inLanguage\":\"fr-FR\"},{\"@type\":\"Organization\",\"@id\":\"https:\/\/www.pressenza.com\/fr\/#organization\",\"name\":\"Pressenza\",\"url\":\"https:\/\/www.pressenza.com\/fr\/\",\"logo\":{\"@type\":\"ImageObject\",\"inLanguage\":\"fr-FR\",\"@id\":\"https:\/\/www.pressenza.com\/fr\/#\/schema\/logo\/image\/\",\"url\":\"https:\/\/www.pressenza.com\/wp-content\/uploads\/2022\/10\/pressenza_logo_200x200.jpg\",\"contentUrl\":\"https:\/\/www.pressenza.com\/wp-content\/uploads\/2022\/10\/pressenza_logo_200x200.jpg\",\"width\":200,\"height\":200,\"caption\":\"Pressenza\"},\"image\":{\"@id\":\"https:\/\/www.pressenza.com\/fr\/#\/schema\/logo\/image\/\"},\"sameAs\":[\"https:\/\/www.facebook.com\/PressenzaItalia\",\"https:\/\/x.com\/PressenzaIPA\"]},{\"@type\":\"Person\",\"@id\":\"https:\/\/www.pressenza.com\/fr\/#\/schema\/person\/606cbea0307458f18c06dd6b1ec227ec\",\"name\":\"Juana P\u00e9rez Montero\",\"description\":\"Juana P\u00e9rez Montero es periodista y activista humanista.\",\"url\":\"https:\/\/www.pressenza.com\/fr\/author\/juana-perez-montero\/\"}]}<\/script>\n<!-- \/ Yoast SEO plugin. -->","yoast_head_json":{"title":"Nicole Myers : \"D\u00e9finitivement, nous agissons sur le chemin du Oui\"","description":"Nous nous sommes entretenus avec Nicole Myers, New-Yorkaise, messag\u00e8re de Silo et co-promotrice du Parcs d'Etude et de R\u00e9flexion de la vall\u00e9e de l'Hudson,","robots":{"index":"index","follow":"follow","max-snippet":"max-snippet:-1","max-image-preview":"max-image-preview:large","max-video-preview":"max-video-preview:-1"},"canonical":"https:\/\/www.pressenza.com\/fr\/2021\/10\/nicole-myers-definitivement-nous-sommes-en-train-de-travailler-sur-le-chemin-du-oui\/","og_locale":"fr_FR","og_type":"article","og_title":"Nicole Myers : \"D\u00e9finitivement, nous agissons sur le chemin du Oui\"","og_description":"Nous nous sommes entretenus avec Nicole Myers, New-Yorkaise, messag\u00e8re de Silo et co-promotrice du Parcs d'Etude et de R\u00e9flexion de la vall\u00e9e de l'Hudson,","og_url":"https:\/\/www.pressenza.com\/fr\/2021\/10\/nicole-myers-definitivement-nous-sommes-en-train-de-travailler-sur-le-chemin-du-oui\/","og_site_name":"Pressenza","article_publisher":"https:\/\/www.facebook.com\/PressenzaItalia","article_published_time":"2021-10-28T22:40:36+00:00","article_modified_time":"2021-10-29T10:41:06+00:00","og_image":[{"width":1024,"height":573,"url":"https:\/\/www.pressenza.com\/wp-content\/uploads\/2021\/10\/Nicole6.jpg","type":"image\/jpeg"}],"author":"Juana P\u00e9rez Montero","twitter_card":"summary_large_image","twitter_creator":"@PressenzaIPA","twitter_site":"@PressenzaIPA","twitter_misc":{"\u00c9crit par":"Juana P\u00e9rez Montero","Dur\u00e9e de lecture estim\u00e9e":"6 minutes"},"schema":{"@context":"https:\/\/schema.org","@graph":[{"@type":"Article","@id":"https:\/\/www.pressenza.com\/fr\/2021\/10\/nicole-myers-definitivement-nous-sommes-en-train-de-travailler-sur-le-chemin-du-oui\/#article","isPartOf":{"@id":"https:\/\/www.pressenza.com\/fr\/2021\/10\/nicole-myers-definitivement-nous-sommes-en-train-de-travailler-sur-le-chemin-du-oui\/"},"author":{"name":"Juana P\u00e9rez Montero","@id":"https:\/\/www.pressenza.com\/fr\/#\/schema\/person\/606cbea0307458f18c06dd6b1ec227ec"},"headline":"Nicole Myers : \u00ab\u00a0D\u00e9finitivement, nous agissons sur le chemin du Oui\u00a0\u00bb","datePublished":"2021-10-28T22:40:36+00:00","dateModified":"2021-10-29T10:41:06+00:00","mainEntityOfPage":{"@id":"https:\/\/www.pressenza.com\/fr\/2021\/10\/nicole-myers-definitivement-nous-sommes-en-train-de-travailler-sur-le-chemin-du-oui\/"},"wordCount":1328,"publisher":{"@id":"https:\/\/www.pressenza.com\/fr\/#organization"},"image":{"@id":"https:\/\/www.pressenza.com\/fr\/2021\/10\/nicole-myers-definitivement-nous-sommes-en-train-de-travailler-sur-le-chemin-du-oui\/#primaryimage"},"thumbnailUrl":"https:\/\/www.pressenza.com\/wp-content\/uploads\/2021\/10\/Nicole6.jpg","keywords":["Inde","Mission 80","Mumbai","non-violence","sens","Silo"],"articleSection":["Contenu Original","Humanisme et Spiritualit\u00e9","Interviews"],"inLanguage":"fr-FR"},{"@type":"WebPage","@id":"https:\/\/www.pressenza.com\/fr\/2021\/10\/nicole-myers-definitivement-nous-sommes-en-train-de-travailler-sur-le-chemin-du-oui\/","url":"https:\/\/www.pressenza.com\/fr\/2021\/10\/nicole-myers-definitivement-nous-sommes-en-train-de-travailler-sur-le-chemin-du-oui\/","name":"Nicole Myers : \"D\u00e9finitivement, nous agissons sur le chemin du Oui\"","isPartOf":{"@id":"https:\/\/www.pressenza.com\/fr\/#website"},"primaryImageOfPage":{"@id":"https:\/\/www.pressenza.com\/fr\/2021\/10\/nicole-myers-definitivement-nous-sommes-en-train-de-travailler-sur-le-chemin-du-oui\/#primaryimage"},"image":{"@id":"https:\/\/www.pressenza.com\/fr\/2021\/10\/nicole-myers-definitivement-nous-sommes-en-train-de-travailler-sur-le-chemin-du-oui\/#primaryimage"},"thumbnailUrl":"https:\/\/www.pressenza.com\/wp-content\/uploads\/2021\/10\/Nicole6.jpg","datePublished":"2021-10-28T22:40:36+00:00","dateModified":"2021-10-29T10:41:06+00:00","description":"Nous nous sommes entretenus avec Nicole Myers, New-Yorkaise, messag\u00e8re de Silo et co-promotrice du Parcs d'Etude et de R\u00e9flexion de la vall\u00e9e de l'Hudson,","breadcrumb":{"@id":"https:\/\/www.pressenza.com\/fr\/2021\/10\/nicole-myers-definitivement-nous-sommes-en-train-de-travailler-sur-le-chemin-du-oui\/#breadcrumb"},"inLanguage":"fr-FR","potentialAction":[{"@type":"ReadAction","target":["https:\/\/www.pressenza.com\/fr\/2021\/10\/nicole-myers-definitivement-nous-sommes-en-train-de-travailler-sur-le-chemin-du-oui\/"]}]},{"@type":"ImageObject","inLanguage":"fr-FR","@id":"https:\/\/www.pressenza.com\/fr\/2021\/10\/nicole-myers-definitivement-nous-sommes-en-train-de-travailler-sur-le-chemin-du-oui\/#primaryimage","url":"https:\/\/www.pressenza.com\/wp-content\/uploads\/2021\/10\/Nicole6.jpg","contentUrl":"https:\/\/www.pressenza.com\/wp-content\/uploads\/2021\/10\/Nicole6.jpg","width":1024,"height":573},{"@type":"BreadcrumbList","@id":"https:\/\/www.pressenza.com\/fr\/2021\/10\/nicole-myers-definitivement-nous-sommes-en-train-de-travailler-sur-le-chemin-du-oui\/#breadcrumb","itemListElement":[{"@type":"ListItem","position":1,"name":"Accueil","item":"https:\/\/www.pressenza.com\/fr\/"},{"@type":"ListItem","position":2,"name":"Nicole Myers : \u00ab\u00a0D\u00e9finitivement, nous agissons sur le chemin du Oui\u00a0\u00bb"}]},{"@type":"WebSite","@id":"https:\/\/www.pressenza.com\/fr\/#website","url":"https:\/\/www.pressenza.com\/fr\/","name":"Pressenza","description":"International Press Agency","publisher":{"@id":"https:\/\/www.pressenza.com\/fr\/#organization"},"potentialAction":[{"@type":"SearchAction","target":{"@type":"EntryPoint","urlTemplate":"https:\/\/www.pressenza.com\/fr\/?s={search_term_string}"},"query-input":{"@type":"PropertyValueSpecification","valueRequired":true,"valueName":"search_term_string"}}],"inLanguage":"fr-FR"},{"@type":"Organization","@id":"https:\/\/www.pressenza.com\/fr\/#organization","name":"Pressenza","url":"https:\/\/www.pressenza.com\/fr\/","logo":{"@type":"ImageObject","inLanguage":"fr-FR","@id":"https:\/\/www.pressenza.com\/fr\/#\/schema\/logo\/image\/","url":"https:\/\/www.pressenza.com\/wp-content\/uploads\/2022\/10\/pressenza_logo_200x200.jpg","contentUrl":"https:\/\/www.pressenza.com\/wp-content\/uploads\/2022\/10\/pressenza_logo_200x200.jpg","width":200,"height":200,"caption":"Pressenza"},"image":{"@id":"https:\/\/www.pressenza.com\/fr\/#\/schema\/logo\/image\/"},"sameAs":["https:\/\/www.facebook.com\/PressenzaItalia","https:\/\/x.com\/PressenzaIPA"]},{"@type":"Person","@id":"https:\/\/www.pressenza.com\/fr\/#\/schema\/person\/606cbea0307458f18c06dd6b1ec227ec","name":"Juana P\u00e9rez Montero","description":"Juana P\u00e9rez Montero es periodista y activista humanista.","url":"https:\/\/www.pressenza.com\/fr\/author\/juana-perez-montero\/"}]}},"place":"","original_article_url":"","_links":{"self":[{"href":"https:\/\/www.pressenza.com\/fr\/wp-json\/wp\/v2\/posts\/1460101","targetHints":{"allow":["GET"]}}],"collection":[{"href":"https:\/\/www.pressenza.com\/fr\/wp-json\/wp\/v2\/posts"}],"about":[{"href":"https:\/\/www.pressenza.com\/fr\/wp-json\/wp\/v2\/types\/post"}],"author":[{"embeddable":true,"href":"https:\/\/www.pressenza.com\/fr\/wp-json\/wp\/v2\/users\/1561"}],"replies":[{"embeddable":true,"href":"https:\/\/www.pressenza.com\/fr\/wp-json\/wp\/v2\/comments?post=1460101"}],"version-history":[{"count":0,"href":"https:\/\/www.pressenza.com\/fr\/wp-json\/wp\/v2\/posts\/1460101\/revisions"}],"wp:featuredmedia":[{"embeddable":true,"href":"https:\/\/www.pressenza.com\/fr\/wp-json\/wp\/v2\/media\/1459760"}],"wp:attachment":[{"href":"https:\/\/www.pressenza.com\/fr\/wp-json\/wp\/v2\/media?parent=1460101"}],"wp:term":[{"taxonomy":"category","embeddable":true,"href":"https:\/\/www.pressenza.com\/fr\/wp-json\/wp\/v2\/categories?post=1460101"},{"taxonomy":"post_tag","embeddable":true,"href":"https:\/\/www.pressenza.com\/fr\/wp-json\/wp\/v2\/tags?post=1460101"}],"curies":[{"name":"wp","href":"https:\/\/api.w.org\/{rel}","templated":true}]}}