{"id":1457868,"date":"2021-10-24T21:27:30","date_gmt":"2021-10-24T20:27:30","guid":{"rendered":"https:\/\/www.pressenza.com\/?p=1457868"},"modified":"2021-10-24T21:32:45","modified_gmt":"2021-10-24T20:32:45","slug":"lavocat-specialise-dans-les-droits-de-lhomme-steven-donziger-condamne-a-6-mois-de-prison-par-un-tribunal-americain","status":"publish","type":"post","link":"https:\/\/www.pressenza.com\/fr\/2021\/10\/lavocat-specialise-dans-les-droits-de-lhomme-steven-donziger-condamne-a-6-mois-de-prison-par-un-tribunal-americain\/","title":{"rendered":"L\u2019avocat sp\u00e9cialis\u00e9 dans les droits de l\u2019homme Steven Donziger condamn\u00e9 \u00e0 6 mois de prison par un tribunal am\u00e9ricain"},"content":{"rendered":"<p><strong>Steven Donziger, l\u2019avocat qui a gagn\u00e9 en 2011 en \u00c9quateur un proc\u00e8s d\u2019un montant de 9,5 milliards de dollars contre l\u2019industriel p\u00e9trolier am\u00e9ricain Chevron, a \u00e9t\u00e9 condamn\u00e9 \u00e0 une peine de 6 mois de prison par un tribunal am\u00e9ricain<\/strong>.<\/p>\n<p>En 2019, Donziger a \u00e9t\u00e9 condamn\u00e9 pour outrage \u00e0 magistrat et assign\u00e9 \u00e0 r\u00e9sidence. Il est enferm\u00e9 dans son appartement de New York depuis plus de deux ans, parce qu\u2019il pr\u00e9sente un risque de fuite.<\/p>\n<p>Cette nouvelle condamnation survient un jour apr\u00e8s que les avocats de Donziger aient pr\u00e9sent\u00e9 \u00e0 la cour un rapport d\u2019un groupe de travail compos\u00e9 d\u2019experts ind\u00e9pendants des Nations-Unies qui condamnait son assignation \u00e0 r\u00e9sidence en raison de la violation du droit international des droits de l\u2019homme.<\/p>\n<p>Le groupe de travail des Nations Unies sur la d\u00e9tention arbitraire est un groupe de cinq juristes internationaux et experts en droits de l&rsquo;homme nomm\u00e9s par le Conseil des Droits de l&rsquo;Homme des Nations-Unies. L&rsquo;analyse de ce groupe de travail conclut que \u00ab la d\u00e9tention pr\u00e9ventive prolong\u00e9e de Mr. Donziger par ce tribunal est \u00ab arbitraire \u00bb au regard du droit international des droits de l&rsquo;homme, et donc ill\u00e9gale \u00bb.<\/p>\n<p>Le groupe a constat\u00e9 de \u00ab tr\u00e8s graves \u00bb\u00a0violations \u00e0 l\u2019encontre\u00a0de nombreux articles du Pacte International relatif aux droits civils et politiques, ainsi que de \u00ab terrifiantes \u00bb violations des principes de base des Nations-Unies concernant le r\u00f4le des avocats. Le groupe de travail a d\u00e9clar\u00e9 dans son rapport que le recours impos\u00e9 par le droit international est de \u00ab lib\u00e9rer imm\u00e9diatement Mr. Steven Donziger et de lui accorder une compensation et toute autre r\u00e9paration \u00bb.<\/p>\n<p>Enfin, le groupe de travail a demand\u00e9 au gouvernement am\u00e9ricain de \u00ab mener une enqu\u00eate compl\u00e8te et ind\u00e9pendante sur tous ces \u00e9l\u00e9ments \u00bb et d&rsquo;engager une proc\u00e9dure de suivi.<\/p>\n<p>La nouvelle condamnation de l&rsquo;avocat Steven Donziger est le tout dernier \u00e9pisode de vengeance politique exerc\u00e9e contre lui par le syst\u00e8me judiciaire am\u00e9ricain au nom de Chevron, de l&rsquo;industrie p\u00e9troli\u00e8re et des int\u00e9r\u00eats imp\u00e9rialistes am\u00e9ricains en Am\u00e9rique du Sud.<\/p>\n<p>En ao\u00fbt 2020, Mr. Donziger a \u00e9t\u00e9 radi\u00e9 du barreau par la juge Judith Gische de la cour d&rsquo;appel de New York pour \u00ab faute professionnelle scandaleuse \u00bb.<\/p>\n<p>M. Donziger a \u00e9t\u00e9 condamn\u00e9 pour avoir men\u00e9 pendant pr\u00e8s de dix ans un combat contre Texaco, rachet\u00e9 par Chevron Corporation en 2001, en raison de son r\u00f4le sur la pollution de la for\u00eat amazonienne et la contamination d&rsquo;un champ p\u00e9trolier en \u00c9quateur.<\/p>\n<p>Donziger et d&rsquo;autres avocats ont intent\u00e9 un recours collectif contre Texaco au nom de plus de 30 000 agriculteurs et autochtones, et accus\u00e9 la soci\u00e9t\u00e9 d&rsquo;\u00eatre responsable de cette contamination massive. Apr\u00e8s s\u2019\u00eatre rendu sur place, Steven Donziger a d\u00e9clar\u00e9 que la r\u00e9gion \u00e9tait le \u00ab\u00a0<a href=\"https:\/\/www.pressenza.com\/de\/2016\/03\/chevron-texaco-darf-nicht-straffrei-ausgehen-ein-interview-mit-pablo-fajardo\/\" target=\"_blank\" rel=\"nofollow noopener noreferrer\">Tchernobyl de l\u2019Amazonie<\/a>\u00a0\u00bb.<\/p>\n<p>A l\u2019origine, le recours collectif a \u00e9t\u00e9 d\u00e9pos\u00e9\u00a0\u00e0 New York, o\u00f9 se trouvait le si\u00e8ge de Texaco. Puisque les plaignants n\u2019\u00e9taient pas propri\u00e9taires, le proc\u00e8s a \u00e9t\u00e9 financ\u00e9 par l\u2019organisme Amazon Defense Coalition entre autre. Apr\u00e8s la fusion, Chevron a fait valoir que Texaco avait d\u00e9j\u00e0 nettoy\u00e9 ses installations de Lago Agrio et que son partenaire local \u00e9tait responsable de la pollution.<\/p>\n<p>L\u00e0-dessus, Chevron a convaincu le tribunal am\u00e9ricain que l&rsquo;affaire devait \u00eatre g\u00e9r\u00e9e en \u00c9quateur. En contrepartie, le tribunal am\u00e9ricain a exig\u00e9 que Chevron accepte la d\u00e9cision des tribunaux \u00e9quatoriens. Un documentaire intitul\u00e9\u00a0<a href=\"https:\/\/www.youtube.com\/watch?v=BvrZRvgwBS8\" target=\"_blank\" rel=\"nofollow noopener noreferrer\">Crude (2009)<\/a>\u00a0montre\u00a0tous ces d\u00e9g\u00e2ts.<\/p>\n<p>En 2011, un tribunal provincial \u00e9quatorien a d\u00e9clar\u00e9 Chevron coupable et l\u2019a condamn\u00e9 \u00e0 verser des dommages et int\u00e9r\u00eats pour un montant de 9,5 milliards de dollars. Pour \u00e9viter de payer, Chevron a transf\u00e9r\u00e9 tous ses actifs hors de l&rsquo;\u00c9quateur et a forc\u00e9 les plaignants \u00e0 faire valoir leur indemnisation devant les tribunaux du Canada, du Br\u00e9sil et d\u2019Argentine. Dans les trois pays, les tribunaux ont rejet\u00e9 la demande de Donziger de saisir les actifs de Chevron.<\/p>\n<p>Puis Chevron et le syst\u00e8me judiciaire am\u00e9ricain ont lanc\u00e9 une campagne de contre-poursuites. En 2011, Chevron a d\u00e9pos\u00e9 une plainte civile RICO (Racketeer Influenced and Corrupt Organizations Act) contre Donziger, l&rsquo;accusant d&rsquo;avoir soudoy\u00e9 un juge \u00e9quatorien, d&rsquo;avoir r\u00e9dig\u00e9 le jugement sur les dommages et int\u00e9r\u00eats et d&rsquo;avoir \u00ab corrig\u00e9 \u00bb des \u00e9tudes environnementales. La loi f\u00e9d\u00e9rale RICO est utilis\u00e9e \u00e0 l&rsquo;origine pour poursuivre le crime organis\u00e9.<\/p>\n<p>En 2014, le juge Kaplan a statu\u00e9 sur l\u2019invalidit\u00e9 du verdict du recours collectif \u00e9quatorien parce que Donziger l&rsquo;avait obtenu par le biais d&rsquo;activit\u00e9s \u00a0\u00ab criminelles \u00bb, notamment l&rsquo;extorsion, la fraude, le blanchiment d&rsquo;argent, l&rsquo;obstruction \u00e0 la justice, la corruption, la coercition, la subornation de t\u00e9moins et le chantage. Kaplan a \u00e9galement d\u00e9cid\u00e9 que Donziger devait payer 800 000 dollars \u00e0 Chevron en vertu de l&rsquo;accord RICO.<\/p>\n<p>L&rsquo;affaire du juge Kaplan reposait en grande partie sur le t\u00e9moignage d&rsquo;Alberto Guerra, un ancien juge \u00e9quatorien que Chevron avait transf\u00e9r\u00e9 aux \u00c9tats-Unis en 2013 pour \u00ab raison de s\u00e9curit\u00e9 \u00bb. Guerra a affirm\u00e9 que Donziger avait vers\u00e9 500 000 USD au juge \u00e9quatorien qui avait statu\u00e9 en faveur des plaignants. En 2015, Guerra est revenu sur son t\u00e9moignage devant un tribunal international, affirmant qu&rsquo;il avait menti au sujet du pot-de-vin.<\/p>\n<p>Au cours de l&rsquo;appel, Donziger a \u00e9t\u00e9 pri\u00e9 de remettre son ordinateur, ses t\u00e9l\u00e9phones portables et ses autres appareils \u00e9lectroniques \u00e0 Chevron. Donziger a refus\u00e9, l&rsquo;accusation a alors port\u00e9 plainte pour outrage \u00e0 la cour.<\/p>\n<p>Roger Waters, activiste politique et cofondateur du groupe de rock Pink Floyd, s&rsquo;est toujours prononc\u00e9 contre les poursuites engag\u00e9es contre Donziger et en faveur des droits des populations indig\u00e8nes en \u00c9quateur. Mr. Waters a d\u00e9nonc\u00e9 la condamnation lors d&rsquo;un rassemblement devant le tribunal f\u00e9d\u00e9ral de New York et a exig\u00e9 la lib\u00e9ration imm\u00e9diate de Mr. Donziger.<\/p>\n<p><em>Pour voir la vid\u00e9o ( 2\u2032 19\u2032\u2032 ) sur un ordinateur avec les sous-titres en fran\u00e7ais : <strong>1.<\/strong>\u00a0Cliquez sur l\u2019ic\u00f4ne\u00a0<strong>Sous-titres\u00a0<\/strong>(rectangle blanc en bas \u00e0 droite de la fen\u00eatre du lecteur vid\u00e9o<\/em><em>).\u00a0 \u00a0<strong>2.<\/strong>\u00a0<\/em><em>Cliquez sur l\u2019ic\u00f4ne\u00a0<strong>Param\u00e8tres\u00a0<\/strong>(roue dent\u00e9e\u00a0en bas \u00e0 droite<\/em><em>), puis cliquez\u00a0<\/em><em>successivement sur\u00a0<strong>Sous-titres<\/strong>, puis sur\u00a0<strong>Traduire automatiquement<\/strong>.\u00a0\u00a0\u00a0\u00a0<strong>3.<\/strong>\u00a0Dans la fen\u00eatre qui s\u2019ouvre, faites d\u00e9filer la liste des langues et cliquez sur\u00a0<strong>Fran\u00e7ais<\/strong>.<\/em><\/p>\n<p><iframe loading=\"lazy\" title=\"Roger Waters speaks in support of Steven Donziger\" width=\"500\" height=\"281\" src=\"https:\/\/www.youtube.com\/embed\/qkFPfQWfiwE?feature=oembed\" frameborder=\"0\" allow=\"accelerometer; autoplay; clipboard-write; encrypted-media; gyroscope; picture-in-picture; web-share\" referrerpolicy=\"strict-origin-when-cross-origin\" allowfullscreen><\/iframe><\/p>\n<p>&nbsp;<\/p>\n<p><em>Traduction de l\u2019allemand, Fr\u00e9d\u00e9rique Drouet<\/em><\/p>\n","protected":false},"excerpt":{"rendered":"<p>Steven Donziger, l\u2019avocat qui a gagn\u00e9 en 2011 en \u00c9quateur un proc\u00e8s d\u2019un montant de 9,5 milliards de dollars contre l\u2019industriel p\u00e9trolier am\u00e9ricain Chevron, a \u00e9t\u00e9 condamn\u00e9 \u00e0 une peine de 6 mois de prison par un tribunal am\u00e9ricain. En&hellip;<\/p>\n","protected":false},"author":1553,"featured_media":1451247,"comment_status":"closed","ping_status":"closed","sticky":false,"template":"","format":"standard","meta":{"footnotes":""},"categories":[87,86,98,99],"tags":[6849,6847,96073,1637,96074,66247,96075,6848],"class_list":["post-1457868","post","type-post","status-publish","format-standard","has-post-thumbnail","hentry","category-amerique-du-nord","category-amerique-du-sud","category-droits-de-lhomme","category-peuples-autochtones","tag-amazonie","tag-chevron-fr","tag-degradation-environnement","tag-equateur","tag-lewis-a-kaplan-fr","tag-roger-waters-fr","tag-steven-donziger-fr","tag-texaco"],"yoast_head":"<!-- This site is optimized with the Yoast SEO plugin v27.1.1 - https:\/\/yoast.com\/product\/yoast-seo-wordpress\/ -->\n<title>L\u2019avocat sp\u00e9cialis\u00e9 dans les droits de l\u2019homme Steven Donziger condamn\u00e9 \u00e0 6 mois de prison par un tribunal am\u00e9ricain<\/title>\n<meta name=\"description\" content=\"Steven Donziger, l\u2019avocat qui a gagn\u00e9 en 2011 en \u00c9quateur un proc\u00e8s d\u2019un montant de 9,5 milliards de dollars contre l\u2019industriel p\u00e9trolier am\u00e9ricain\" \/>\n<meta name=\"robots\" content=\"index, follow, max-snippet:-1, max-image-preview:large, max-video-preview:-1\" \/>\n<link rel=\"canonical\" href=\"https:\/\/www.pressenza.com\/fr\/2021\/10\/lavocat-specialise-dans-les-droits-de-lhomme-steven-donziger-condamne-a-6-mois-de-prison-par-un-tribunal-americain\/\" \/>\n<meta property=\"og:locale\" content=\"fr_FR\" \/>\n<meta property=\"og:type\" content=\"article\" \/>\n<meta property=\"og:title\" content=\"L\u2019avocat sp\u00e9cialis\u00e9 dans les droits de l\u2019homme Steven Donziger condamn\u00e9 \u00e0 6 mois de prison par un tribunal am\u00e9ricain\" \/>\n<meta property=\"og:description\" content=\"Steven Donziger, l\u2019avocat qui a gagn\u00e9 en 2011 en \u00c9quateur un proc\u00e8s d\u2019un montant de 9,5 milliards de dollars contre l\u2019industriel p\u00e9trolier am\u00e9ricain\" \/>\n<meta property=\"og:url\" content=\"https:\/\/www.pressenza.com\/fr\/2021\/10\/lavocat-specialise-dans-les-droits-de-lhomme-steven-donziger-condamne-a-6-mois-de-prison-par-un-tribunal-americain\/\" \/>\n<meta property=\"og:site_name\" content=\"Pressenza\" \/>\n<meta property=\"article:publisher\" content=\"https:\/\/www.facebook.com\/PressenzaItalia\" \/>\n<meta property=\"article:published_time\" content=\"2021-10-24T20:27:30+00:00\" \/>\n<meta property=\"article:modified_time\" content=\"2021-10-24T20:32:45+00:00\" \/>\n<meta property=\"og:image\" content=\"https:\/\/www.pressenza.com\/wp-content\/uploads\/2021\/10\/Donziger_Steven_Chevron-820x344-1.jpg\" \/>\n\t<meta property=\"og:image:width\" content=\"820\" \/>\n\t<meta property=\"og:image:height\" content=\"344\" \/>\n\t<meta property=\"og:image:type\" content=\"image\/jpeg\" \/>\n<meta name=\"author\" content=\"CO-OP News\" \/>\n<meta name=\"twitter:card\" content=\"summary_large_image\" \/>\n<meta name=\"twitter:creator\" content=\"@PressenzaIPA\" \/>\n<meta name=\"twitter:site\" content=\"@PressenzaIPA\" \/>\n<meta name=\"twitter:label1\" content=\"\u00c9crit par\" \/>\n\t<meta name=\"twitter:data1\" content=\"CO-OP News\" \/>\n\t<meta name=\"twitter:label2\" content=\"Dur\u00e9e de lecture estim\u00e9e\" \/>\n\t<meta name=\"twitter:data2\" content=\"5 minutes\" \/>\n<script type=\"application\/ld+json\" class=\"yoast-schema-graph\">{\"@context\":\"https:\/\/schema.org\",\"@graph\":[{\"@type\":\"Article\",\"@id\":\"https:\/\/www.pressenza.com\/fr\/2021\/10\/lavocat-specialise-dans-les-droits-de-lhomme-steven-donziger-condamne-a-6-mois-de-prison-par-un-tribunal-americain\/#article\",\"isPartOf\":{\"@id\":\"https:\/\/www.pressenza.com\/fr\/2021\/10\/lavocat-specialise-dans-les-droits-de-lhomme-steven-donziger-condamne-a-6-mois-de-prison-par-un-tribunal-americain\/\"},\"author\":{\"name\":\"CO-OP News\",\"@id\":\"https:\/\/www.pressenza.com\/fr\/#\/schema\/person\/67ec0b9bc316544e74bd8119188d8938\"},\"headline\":\"L\u2019avocat sp\u00e9cialis\u00e9 dans les droits de l\u2019homme Steven Donziger condamn\u00e9 \u00e0 6 mois de prison par un tribunal am\u00e9ricain\",\"datePublished\":\"2021-10-24T20:27:30+00:00\",\"dateModified\":\"2021-10-24T20:32:45+00:00\",\"mainEntityOfPage\":{\"@id\":\"https:\/\/www.pressenza.com\/fr\/2021\/10\/lavocat-specialise-dans-les-droits-de-lhomme-steven-donziger-condamne-a-6-mois-de-prison-par-un-tribunal-americain\/\"},\"wordCount\":1121,\"publisher\":{\"@id\":\"https:\/\/www.pressenza.com\/fr\/#organization\"},\"image\":{\"@id\":\"https:\/\/www.pressenza.com\/fr\/2021\/10\/lavocat-specialise-dans-les-droits-de-lhomme-steven-donziger-condamne-a-6-mois-de-prison-par-un-tribunal-americain\/#primaryimage\"},\"thumbnailUrl\":\"https:\/\/www.pressenza.com\/wp-content\/uploads\/2021\/10\/Donziger_Steven_Chevron-820x344-1.jpg\",\"keywords\":[\"Amazonie\",\"Chevron\",\"d\u00e9gradation environnement\",\"Equateur\",\"Lewis A. Kaplan\",\"Roger Waters\",\"Steven Donziger\",\"Texaco\"],\"articleSection\":[\"Am\u00e9rique du Nord\",\"Am\u00e9rique du Sud\",\"Droits humains\",\"Peuples originaires\"],\"inLanguage\":\"fr-FR\"},{\"@type\":\"WebPage\",\"@id\":\"https:\/\/www.pressenza.com\/fr\/2021\/10\/lavocat-specialise-dans-les-droits-de-lhomme-steven-donziger-condamne-a-6-mois-de-prison-par-un-tribunal-americain\/\",\"url\":\"https:\/\/www.pressenza.com\/fr\/2021\/10\/lavocat-specialise-dans-les-droits-de-lhomme-steven-donziger-condamne-a-6-mois-de-prison-par-un-tribunal-americain\/\",\"name\":\"L\u2019avocat sp\u00e9cialis\u00e9 dans les droits de l\u2019homme Steven Donziger condamn\u00e9 \u00e0 6 mois de prison par un tribunal am\u00e9ricain\",\"isPartOf\":{\"@id\":\"https:\/\/www.pressenza.com\/fr\/#website\"},\"primaryImageOfPage\":{\"@id\":\"https:\/\/www.pressenza.com\/fr\/2021\/10\/lavocat-specialise-dans-les-droits-de-lhomme-steven-donziger-condamne-a-6-mois-de-prison-par-un-tribunal-americain\/#primaryimage\"},\"image\":{\"@id\":\"https:\/\/www.pressenza.com\/fr\/2021\/10\/lavocat-specialise-dans-les-droits-de-lhomme-steven-donziger-condamne-a-6-mois-de-prison-par-un-tribunal-americain\/#primaryimage\"},\"thumbnailUrl\":\"https:\/\/www.pressenza.com\/wp-content\/uploads\/2021\/10\/Donziger_Steven_Chevron-820x344-1.jpg\",\"datePublished\":\"2021-10-24T20:27:30+00:00\",\"dateModified\":\"2021-10-24T20:32:45+00:00\",\"description\":\"Steven Donziger, l\u2019avocat qui a gagn\u00e9 en 2011 en \u00c9quateur un proc\u00e8s d\u2019un montant de 9,5 milliards de dollars contre l\u2019industriel p\u00e9trolier am\u00e9ricain\",\"breadcrumb\":{\"@id\":\"https:\/\/www.pressenza.com\/fr\/2021\/10\/lavocat-specialise-dans-les-droits-de-lhomme-steven-donziger-condamne-a-6-mois-de-prison-par-un-tribunal-americain\/#breadcrumb\"},\"inLanguage\":\"fr-FR\",\"potentialAction\":[{\"@type\":\"ReadAction\",\"target\":[\"https:\/\/www.pressenza.com\/fr\/2021\/10\/lavocat-specialise-dans-les-droits-de-lhomme-steven-donziger-condamne-a-6-mois-de-prison-par-un-tribunal-americain\/\"]}]},{\"@type\":\"ImageObject\",\"inLanguage\":\"fr-FR\",\"@id\":\"https:\/\/www.pressenza.com\/fr\/2021\/10\/lavocat-specialise-dans-les-droits-de-lhomme-steven-donziger-condamne-a-6-mois-de-prison-par-un-tribunal-americain\/#primaryimage\",\"url\":\"https:\/\/www.pressenza.com\/wp-content\/uploads\/2021\/10\/Donziger_Steven_Chevron-820x344-1.jpg\",\"contentUrl\":\"https:\/\/www.pressenza.com\/wp-content\/uploads\/2021\/10\/Donziger_Steven_Chevron-820x344-1.jpg\",\"width\":820,\"height\":344,\"caption\":\"Menschenrechtsanwalt Steven Donziger von einem US-Gericht zu sechs Monate Haft verurteilt\"},{\"@type\":\"BreadcrumbList\",\"@id\":\"https:\/\/www.pressenza.com\/fr\/2021\/10\/lavocat-specialise-dans-les-droits-de-lhomme-steven-donziger-condamne-a-6-mois-de-prison-par-un-tribunal-americain\/#breadcrumb\",\"itemListElement\":[{\"@type\":\"ListItem\",\"position\":1,\"name\":\"Accueil\",\"item\":\"https:\/\/www.pressenza.com\/fr\/\"},{\"@type\":\"ListItem\",\"position\":2,\"name\":\"L\u2019avocat sp\u00e9cialis\u00e9 dans les droits de l\u2019homme Steven Donziger condamn\u00e9 \u00e0 6 mois de prison par un tribunal am\u00e9ricain\"}]},{\"@type\":\"WebSite\",\"@id\":\"https:\/\/www.pressenza.com\/fr\/#website\",\"url\":\"https:\/\/www.pressenza.com\/fr\/\",\"name\":\"Pressenza\",\"description\":\"International Press Agency\",\"publisher\":{\"@id\":\"https:\/\/www.pressenza.com\/fr\/#organization\"},\"potentialAction\":[{\"@type\":\"SearchAction\",\"target\":{\"@type\":\"EntryPoint\",\"urlTemplate\":\"https:\/\/www.pressenza.com\/fr\/?s={search_term_string}\"},\"query-input\":{\"@type\":\"PropertyValueSpecification\",\"valueRequired\":true,\"valueName\":\"search_term_string\"}}],\"inLanguage\":\"fr-FR\"},{\"@type\":\"Organization\",\"@id\":\"https:\/\/www.pressenza.com\/fr\/#organization\",\"name\":\"Pressenza\",\"url\":\"https:\/\/www.pressenza.com\/fr\/\",\"logo\":{\"@type\":\"ImageObject\",\"inLanguage\":\"fr-FR\",\"@id\":\"https:\/\/www.pressenza.com\/fr\/#\/schema\/logo\/image\/\",\"url\":\"https:\/\/www.pressenza.com\/wp-content\/uploads\/2022\/10\/pressenza_logo_200x200.jpg\",\"contentUrl\":\"https:\/\/www.pressenza.com\/wp-content\/uploads\/2022\/10\/pressenza_logo_200x200.jpg\",\"width\":200,\"height\":200,\"caption\":\"Pressenza\"},\"image\":{\"@id\":\"https:\/\/www.pressenza.com\/fr\/#\/schema\/logo\/image\/\"},\"sameAs\":[\"https:\/\/www.facebook.com\/PressenzaItalia\",\"https:\/\/x.com\/PressenzaIPA\"]},{\"@type\":\"Person\",\"@id\":\"https:\/\/www.pressenza.com\/fr\/#\/schema\/person\/67ec0b9bc316544e74bd8119188d8938\",\"name\":\"CO-OP News\",\"description\":\"Dieser Blog wird betrieben vom Coop Antikriegscafe in Berlin, Rochstr. 3\",\"sameAs\":[\"https:\/\/cooptv.wordpress.com\/\"],\"url\":\"https:\/\/www.pressenza.com\/fr\/author\/co-op-news\/\"}]}<\/script>\n<!-- \/ Yoast SEO plugin. -->","yoast_head_json":{"title":"L\u2019avocat sp\u00e9cialis\u00e9 dans les droits de l\u2019homme Steven Donziger condamn\u00e9 \u00e0 6 mois de prison par un tribunal am\u00e9ricain","description":"Steven Donziger, l\u2019avocat qui a gagn\u00e9 en 2011 en \u00c9quateur un proc\u00e8s d\u2019un montant de 9,5 milliards de dollars contre l\u2019industriel p\u00e9trolier am\u00e9ricain","robots":{"index":"index","follow":"follow","max-snippet":"max-snippet:-1","max-image-preview":"max-image-preview:large","max-video-preview":"max-video-preview:-1"},"canonical":"https:\/\/www.pressenza.com\/fr\/2021\/10\/lavocat-specialise-dans-les-droits-de-lhomme-steven-donziger-condamne-a-6-mois-de-prison-par-un-tribunal-americain\/","og_locale":"fr_FR","og_type":"article","og_title":"L\u2019avocat sp\u00e9cialis\u00e9 dans les droits de l\u2019homme Steven Donziger condamn\u00e9 \u00e0 6 mois de prison par un tribunal am\u00e9ricain","og_description":"Steven Donziger, l\u2019avocat qui a gagn\u00e9 en 2011 en \u00c9quateur un proc\u00e8s d\u2019un montant de 9,5 milliards de dollars contre l\u2019industriel p\u00e9trolier am\u00e9ricain","og_url":"https:\/\/www.pressenza.com\/fr\/2021\/10\/lavocat-specialise-dans-les-droits-de-lhomme-steven-donziger-condamne-a-6-mois-de-prison-par-un-tribunal-americain\/","og_site_name":"Pressenza","article_publisher":"https:\/\/www.facebook.com\/PressenzaItalia","article_published_time":"2021-10-24T20:27:30+00:00","article_modified_time":"2021-10-24T20:32:45+00:00","og_image":[{"width":820,"height":344,"url":"https:\/\/www.pressenza.com\/wp-content\/uploads\/2021\/10\/Donziger_Steven_Chevron-820x344-1.jpg","type":"image\/jpeg"}],"author":"CO-OP News","twitter_card":"summary_large_image","twitter_creator":"@PressenzaIPA","twitter_site":"@PressenzaIPA","twitter_misc":{"\u00c9crit par":"CO-OP News","Dur\u00e9e de lecture estim\u00e9e":"5 minutes"},"schema":{"@context":"https:\/\/schema.org","@graph":[{"@type":"Article","@id":"https:\/\/www.pressenza.com\/fr\/2021\/10\/lavocat-specialise-dans-les-droits-de-lhomme-steven-donziger-condamne-a-6-mois-de-prison-par-un-tribunal-americain\/#article","isPartOf":{"@id":"https:\/\/www.pressenza.com\/fr\/2021\/10\/lavocat-specialise-dans-les-droits-de-lhomme-steven-donziger-condamne-a-6-mois-de-prison-par-un-tribunal-americain\/"},"author":{"name":"CO-OP News","@id":"https:\/\/www.pressenza.com\/fr\/#\/schema\/person\/67ec0b9bc316544e74bd8119188d8938"},"headline":"L\u2019avocat sp\u00e9cialis\u00e9 dans les droits de l\u2019homme Steven Donziger condamn\u00e9 \u00e0 6 mois de prison par un tribunal am\u00e9ricain","datePublished":"2021-10-24T20:27:30+00:00","dateModified":"2021-10-24T20:32:45+00:00","mainEntityOfPage":{"@id":"https:\/\/www.pressenza.com\/fr\/2021\/10\/lavocat-specialise-dans-les-droits-de-lhomme-steven-donziger-condamne-a-6-mois-de-prison-par-un-tribunal-americain\/"},"wordCount":1121,"publisher":{"@id":"https:\/\/www.pressenza.com\/fr\/#organization"},"image":{"@id":"https:\/\/www.pressenza.com\/fr\/2021\/10\/lavocat-specialise-dans-les-droits-de-lhomme-steven-donziger-condamne-a-6-mois-de-prison-par-un-tribunal-americain\/#primaryimage"},"thumbnailUrl":"https:\/\/www.pressenza.com\/wp-content\/uploads\/2021\/10\/Donziger_Steven_Chevron-820x344-1.jpg","keywords":["Amazonie","Chevron","d\u00e9gradation environnement","Equateur","Lewis A. Kaplan","Roger Waters","Steven Donziger","Texaco"],"articleSection":["Am\u00e9rique du Nord","Am\u00e9rique du Sud","Droits humains","Peuples originaires"],"inLanguage":"fr-FR"},{"@type":"WebPage","@id":"https:\/\/www.pressenza.com\/fr\/2021\/10\/lavocat-specialise-dans-les-droits-de-lhomme-steven-donziger-condamne-a-6-mois-de-prison-par-un-tribunal-americain\/","url":"https:\/\/www.pressenza.com\/fr\/2021\/10\/lavocat-specialise-dans-les-droits-de-lhomme-steven-donziger-condamne-a-6-mois-de-prison-par-un-tribunal-americain\/","name":"L\u2019avocat sp\u00e9cialis\u00e9 dans les droits de l\u2019homme Steven Donziger condamn\u00e9 \u00e0 6 mois de prison par un tribunal am\u00e9ricain","isPartOf":{"@id":"https:\/\/www.pressenza.com\/fr\/#website"},"primaryImageOfPage":{"@id":"https:\/\/www.pressenza.com\/fr\/2021\/10\/lavocat-specialise-dans-les-droits-de-lhomme-steven-donziger-condamne-a-6-mois-de-prison-par-un-tribunal-americain\/#primaryimage"},"image":{"@id":"https:\/\/www.pressenza.com\/fr\/2021\/10\/lavocat-specialise-dans-les-droits-de-lhomme-steven-donziger-condamne-a-6-mois-de-prison-par-un-tribunal-americain\/#primaryimage"},"thumbnailUrl":"https:\/\/www.pressenza.com\/wp-content\/uploads\/2021\/10\/Donziger_Steven_Chevron-820x344-1.jpg","datePublished":"2021-10-24T20:27:30+00:00","dateModified":"2021-10-24T20:32:45+00:00","description":"Steven Donziger, l\u2019avocat qui a gagn\u00e9 en 2011 en \u00c9quateur un proc\u00e8s d\u2019un montant de 9,5 milliards de dollars contre l\u2019industriel p\u00e9trolier am\u00e9ricain","breadcrumb":{"@id":"https:\/\/www.pressenza.com\/fr\/2021\/10\/lavocat-specialise-dans-les-droits-de-lhomme-steven-donziger-condamne-a-6-mois-de-prison-par-un-tribunal-americain\/#breadcrumb"},"inLanguage":"fr-FR","potentialAction":[{"@type":"ReadAction","target":["https:\/\/www.pressenza.com\/fr\/2021\/10\/lavocat-specialise-dans-les-droits-de-lhomme-steven-donziger-condamne-a-6-mois-de-prison-par-un-tribunal-americain\/"]}]},{"@type":"ImageObject","inLanguage":"fr-FR","@id":"https:\/\/www.pressenza.com\/fr\/2021\/10\/lavocat-specialise-dans-les-droits-de-lhomme-steven-donziger-condamne-a-6-mois-de-prison-par-un-tribunal-americain\/#primaryimage","url":"https:\/\/www.pressenza.com\/wp-content\/uploads\/2021\/10\/Donziger_Steven_Chevron-820x344-1.jpg","contentUrl":"https:\/\/www.pressenza.com\/wp-content\/uploads\/2021\/10\/Donziger_Steven_Chevron-820x344-1.jpg","width":820,"height":344,"caption":"Menschenrechtsanwalt Steven Donziger von einem US-Gericht zu sechs Monate Haft verurteilt"},{"@type":"BreadcrumbList","@id":"https:\/\/www.pressenza.com\/fr\/2021\/10\/lavocat-specialise-dans-les-droits-de-lhomme-steven-donziger-condamne-a-6-mois-de-prison-par-un-tribunal-americain\/#breadcrumb","itemListElement":[{"@type":"ListItem","position":1,"name":"Accueil","item":"https:\/\/www.pressenza.com\/fr\/"},{"@type":"ListItem","position":2,"name":"L\u2019avocat sp\u00e9cialis\u00e9 dans les droits de l\u2019homme Steven Donziger condamn\u00e9 \u00e0 6 mois de prison par un tribunal am\u00e9ricain"}]},{"@type":"WebSite","@id":"https:\/\/www.pressenza.com\/fr\/#website","url":"https:\/\/www.pressenza.com\/fr\/","name":"Pressenza","description":"International Press Agency","publisher":{"@id":"https:\/\/www.pressenza.com\/fr\/#organization"},"potentialAction":[{"@type":"SearchAction","target":{"@type":"EntryPoint","urlTemplate":"https:\/\/www.pressenza.com\/fr\/?s={search_term_string}"},"query-input":{"@type":"PropertyValueSpecification","valueRequired":true,"valueName":"search_term_string"}}],"inLanguage":"fr-FR"},{"@type":"Organization","@id":"https:\/\/www.pressenza.com\/fr\/#organization","name":"Pressenza","url":"https:\/\/www.pressenza.com\/fr\/","logo":{"@type":"ImageObject","inLanguage":"fr-FR","@id":"https:\/\/www.pressenza.com\/fr\/#\/schema\/logo\/image\/","url":"https:\/\/www.pressenza.com\/wp-content\/uploads\/2022\/10\/pressenza_logo_200x200.jpg","contentUrl":"https:\/\/www.pressenza.com\/wp-content\/uploads\/2022\/10\/pressenza_logo_200x200.jpg","width":200,"height":200,"caption":"Pressenza"},"image":{"@id":"https:\/\/www.pressenza.com\/fr\/#\/schema\/logo\/image\/"},"sameAs":["https:\/\/www.facebook.com\/PressenzaItalia","https:\/\/x.com\/PressenzaIPA"]},{"@type":"Person","@id":"https:\/\/www.pressenza.com\/fr\/#\/schema\/person\/67ec0b9bc316544e74bd8119188d8938","name":"CO-OP News","description":"Dieser Blog wird betrieben vom Coop Antikriegscafe in Berlin, Rochstr. 3","sameAs":["https:\/\/cooptv.wordpress.com\/"],"url":"https:\/\/www.pressenza.com\/fr\/author\/co-op-news\/"}]}},"place":"","original_article_url":"","_links":{"self":[{"href":"https:\/\/www.pressenza.com\/fr\/wp-json\/wp\/v2\/posts\/1457868","targetHints":{"allow":["GET"]}}],"collection":[{"href":"https:\/\/www.pressenza.com\/fr\/wp-json\/wp\/v2\/posts"}],"about":[{"href":"https:\/\/www.pressenza.com\/fr\/wp-json\/wp\/v2\/types\/post"}],"author":[{"embeddable":true,"href":"https:\/\/www.pressenza.com\/fr\/wp-json\/wp\/v2\/users\/1553"}],"replies":[{"embeddable":true,"href":"https:\/\/www.pressenza.com\/fr\/wp-json\/wp\/v2\/comments?post=1457868"}],"version-history":[{"count":0,"href":"https:\/\/www.pressenza.com\/fr\/wp-json\/wp\/v2\/posts\/1457868\/revisions"}],"wp:featuredmedia":[{"embeddable":true,"href":"https:\/\/www.pressenza.com\/fr\/wp-json\/wp\/v2\/media\/1451247"}],"wp:attachment":[{"href":"https:\/\/www.pressenza.com\/fr\/wp-json\/wp\/v2\/media?parent=1457868"}],"wp:term":[{"taxonomy":"category","embeddable":true,"href":"https:\/\/www.pressenza.com\/fr\/wp-json\/wp\/v2\/categories?post=1457868"},{"taxonomy":"post_tag","embeddable":true,"href":"https:\/\/www.pressenza.com\/fr\/wp-json\/wp\/v2\/tags?post=1457868"}],"curies":[{"name":"wp","href":"https:\/\/api.w.org\/{rel}","templated":true}]}}