{"id":1439330,"date":"2021-09-28T19:36:58","date_gmt":"2021-09-28T18:36:58","guid":{"rendered":"https:\/\/www.pressenza.com\/?p=1439330"},"modified":"2021-09-28T19:36:58","modified_gmt":"2021-09-28T18:36:58","slug":"la-vengeance-du-11-septembre-na-pas-fonctionne-et-ne-fonctionnera-jamais","status":"publish","type":"post","link":"https:\/\/www.pressenza.com\/fr\/2021\/09\/la-vengeance-du-11-septembre-na-pas-fonctionne-et-ne-fonctionnera-jamais\/","title":{"rendered":"La vengeance du 11 septembre n\u2019a pas fonctionn\u00e9 et ne fonctionnera jamais"},"content":{"rendered":"<p>Cette ann\u00e9e, la comm\u00e9moration du 11 septembre ouvre la voie \u00e0 une nouvelle analyse de ce qui a \u00e9chou\u00e9 dans la strat\u00e9gie am\u00e9ricaine en Afghanistan. Au d\u00e9but du mois d\u2019ao\u00fbt, le pr\u00e9sident Joe Biden a ordonn\u00e9 le retrait des troupes am\u00e9ricaines et a n\u00e9goci\u00e9 avec les talibans un passage s\u00fbr pour les civils am\u00e9ricains et afghans travaillant pour les \u00c9tats-Unis. En quelques semaines, les talibans ont pris le contr\u00f4le d\u2019une ville apr\u00e8s l\u2019autre, \u00e9crasant l\u2019arm\u00e9e du gouvernement afghan en un laps de temps \u00e9tonnamment court.<\/p>\n<p>Apr\u00e8s 20 ans d\u2019occupation am\u00e9ricaine, 2,26 trillions de dollars d\u00e9pens\u00e9s, des centaines de milliers de morts et le d\u00e9placement de millions de personnes, l\u2019Afghanistan revient \u00e0 la case d\u00e9part, avec les talibans au pouvoir. Nous ne pouvons qu&rsquo;esp\u00e9rer que cette exp\u00e9rience d&rsquo;apprentissage ne se r\u00e9p\u00e9tera plus jamais.<\/p>\n<p>En r\u00e9alit\u00e9, le plan \u00e9tait vou\u00e9 \u00e0 l\u2019\u00e9chec d\u00e8s le d\u00e9part. La principale motivation des \u00c9tats-Unis pour aller en Afghanistan, comme en t\u00e9moigne le tristement c\u00e9l\u00e8bre <a href=\"http:\/\/edition.cnn.com\/2001\/US\/09\/20\/gen.bush.transcript\/\">discours de George W. Bush<\/a> sur la \u00ab guerre contre la terreur \u00bb, prononc\u00e9 devant le Congr\u00e8s en septembre 2001, \u00e9tait la vengeance. \u00ab Notre guerre contre le terrorisme commence avec Al-Qa\u00efda, mais elle se n\u2019arr\u00eate pas l\u00e0 \u00bb avait-il alors d\u00e9clar\u00e9. \u00ab Elle ne prendra fin que lorsque tous les groupes terroristes de port\u00e9e mondiale auront \u00e9t\u00e9 trouv\u00e9s, arr\u00eat\u00e9s et vaincus. \u00bb<\/p>\n<p>La vengeance ne peut, en aucun cas, servir de pr\u00e9texte pour r\u00e9soudre un probl\u00e8me ou transformer un conflit. La vengeance est une r\u00e9action compulsive, irrationnelle et destructrice. Aucune action motiv\u00e9e par la vengeance ne trouve une issue positive et l\u2019Afghanistan en est un exemple tragique. La vengeance est un pi\u00e8ge, qui ferme une porte apr\u00e8s l\u2019autre, dans un processus d\u2019isolement croissant.<\/p>\n<p>La r\u00e9ponse des \u00c9tats-Unis au 11 septembre a probablement \u00e9t\u00e9 leur plus grande erreur de ce si\u00e8cle. Tout \u00e9tait en place afin que le pays consolide son empire, travaille avec l\u2019ONU, la renforce et intensifie la coop\u00e9ration internationale. La plupart des pays auraient particip\u00e9 et contribu\u00e9 \u00e0 un projet mondial visionnaire, s\u2019il avait \u00e9t\u00e9 pr\u00e9sent\u00e9 intelligemment, \u00e0 l\u2019instar de la construction europ\u00e9enne apr\u00e8s la Seconde Guerre mondiale. Malheureusement, les \u00c9tats-Unis ont apport\u00e9 une r\u00e9ponse compulsive, violente et \u00e9gocentrique ; d\u00e8s lors, tout \u00e0 commencer \u00e0 se d\u00e9structurer.<\/p>\n<p>Ces vingt derni\u00e8res ann\u00e9es ont \u00e9t\u00e9 vraiment sombres pour notre pauvre humanit\u00e9. Le monde doit d\u00e9sormais prendre une direction tr\u00e8s diff\u00e9rente si nous ne voulons pas reproduire cette grave erreur \u00e0 l\u2019avenir.<\/p>\n<p>&nbsp;<\/p>\n<p><em>Traduit de l\u2019italien par <\/em><a href=\"mailto:clemenceberger@hotmail.fr\"><em>Cl\u00e9mence Berger<\/em><\/a><\/p>\n","protected":false},"excerpt":{"rendered":"<p>Cette ann\u00e9e, la comm\u00e9moration du 11 septembre ouvre la voie \u00e0 une nouvelle analyse de ce qui a \u00e9chou\u00e9 dans la strat\u00e9gie am\u00e9ricaine en Afghanistan. Au d\u00e9but du mois d\u2019ao\u00fbt, le pr\u00e9sident Joe Biden a ordonn\u00e9 le retrait des troupes&hellip;<\/p>\n","protected":false},"author":33,"featured_media":1427847,"comment_status":"closed","ping_status":"closed","sticky":false,"template":"","format":"standard","meta":{"footnotes":""},"categories":[87,11386,1246,40,163],"tags":[572,55405,82262,94522,605,31026],"class_list":["post-1439330","post","type-post","status-publish","format-standard","has-post-thumbnail","hentry","category-amerique-du-nord","category-contenu-original","category-humanisme-spiritualite","category-international-fr","category-opinion-fr","tag-11-septembre","tag-afghanistan-fr","tag-joe-biden-fr","tag-taliban-fr","tag-terrorisme","tag-vengeance"],"yoast_head":"<!-- This site is optimized with the Yoast SEO plugin v27.1.1 - https:\/\/yoast.com\/product\/yoast-seo-wordpress\/ -->\n<title>La vengeance du 11 septembre n\u2019a pas fonctionn\u00e9 et ne fonctionnera jamais<\/title>\n<meta name=\"description\" content=\"Cette ann\u00e9e, la comm\u00e9moration du 11 septembre ouvre la voie \u00e0 une nouvelle analyse de ce qui a \u00e9chou\u00e9 dans la strat\u00e9gie am\u00e9ricaine en Afghanistan. Au\" \/>\n<meta name=\"robots\" content=\"index, follow, max-snippet:-1, max-image-preview:large, max-video-preview:-1\" \/>\n<link rel=\"canonical\" href=\"https:\/\/www.pressenza.com\/fr\/2021\/09\/la-vengeance-du-11-septembre-na-pas-fonctionne-et-ne-fonctionnera-jamais\/\" \/>\n<meta property=\"og:locale\" content=\"fr_FR\" \/>\n<meta property=\"og:type\" content=\"article\" \/>\n<meta property=\"og:title\" content=\"La vengeance du 11 septembre n\u2019a pas fonctionn\u00e9 et ne fonctionnera jamais\" \/>\n<meta property=\"og:description\" content=\"Cette ann\u00e9e, la comm\u00e9moration du 11 septembre ouvre la voie \u00e0 une nouvelle analyse de ce qui a \u00e9chou\u00e9 dans la strat\u00e9gie am\u00e9ricaine en Afghanistan. Au\" \/>\n<meta property=\"og:url\" content=\"https:\/\/www.pressenza.com\/fr\/2021\/09\/la-vengeance-du-11-septembre-na-pas-fonctionne-et-ne-fonctionnera-jamais\/\" \/>\n<meta property=\"og:site_name\" content=\"Pressenza\" \/>\n<meta property=\"article:publisher\" content=\"https:\/\/www.facebook.com\/PressenzaItalia\" \/>\n<meta property=\"article:author\" content=\"https:\/\/www.facebook.com\/DavidAnderssonNYC\" \/>\n<meta property=\"article:published_time\" content=\"2021-09-28T18:36:58+00:00\" \/>\n<meta property=\"og:image\" content=\"https:\/\/www.pressenza.com\/wp-content\/uploads\/2021\/09\/911.jpg\" \/>\n\t<meta property=\"og:image:width\" content=\"1600\" \/>\n\t<meta property=\"og:image:height\" content=\"1023\" \/>\n\t<meta property=\"og:image:type\" content=\"image\/jpeg\" \/>\n<meta name=\"author\" content=\"David Andersson\" \/>\n<meta name=\"twitter:card\" content=\"summary_large_image\" \/>\n<meta name=\"twitter:creator\" content=\"@davidandersson\" \/>\n<meta name=\"twitter:site\" content=\"@PressenzaIPA\" \/>\n<meta name=\"twitter:label1\" content=\"\u00c9crit par\" \/>\n\t<meta name=\"twitter:data1\" content=\"David Andersson\" \/>\n\t<meta name=\"twitter:label2\" content=\"Dur\u00e9e de lecture estim\u00e9e\" \/>\n\t<meta name=\"twitter:data2\" content=\"2 minutes\" \/>\n<script type=\"application\/ld+json\" class=\"yoast-schema-graph\">{\"@context\":\"https:\/\/schema.org\",\"@graph\":[{\"@type\":\"Article\",\"@id\":\"https:\/\/www.pressenza.com\/fr\/2021\/09\/la-vengeance-du-11-septembre-na-pas-fonctionne-et-ne-fonctionnera-jamais\/#article\",\"isPartOf\":{\"@id\":\"https:\/\/www.pressenza.com\/fr\/2021\/09\/la-vengeance-du-11-septembre-na-pas-fonctionne-et-ne-fonctionnera-jamais\/\"},\"author\":{\"name\":\"David Andersson\",\"@id\":\"https:\/\/www.pressenza.com\/fr\/#\/schema\/person\/ab79c1a9145b1ddd71272b5a4c0816d1\"},\"headline\":\"La vengeance du 11 septembre n\u2019a pas fonctionn\u00e9 et ne fonctionnera jamais\",\"datePublished\":\"2021-09-28T18:36:58+00:00\",\"mainEntityOfPage\":{\"@id\":\"https:\/\/www.pressenza.com\/fr\/2021\/09\/la-vengeance-du-11-septembre-na-pas-fonctionne-et-ne-fonctionnera-jamais\/\"},\"wordCount\":478,\"publisher\":{\"@id\":\"https:\/\/www.pressenza.com\/fr\/#organization\"},\"image\":{\"@id\":\"https:\/\/www.pressenza.com\/fr\/2021\/09\/la-vengeance-du-11-septembre-na-pas-fonctionne-et-ne-fonctionnera-jamais\/#primaryimage\"},\"thumbnailUrl\":\"https:\/\/www.pressenza.com\/wp-content\/uploads\/2021\/09\/911.jpg\",\"keywords\":[\"11 septembre\",\"Afghanistan\",\"Joe Biden\",\"Taliban\",\"terrorisme\",\"vengeance\"],\"articleSection\":[\"Am\u00e9rique du Nord\",\"Contenu Original\",\"Humanisme et Spiritualit\u00e9\",\"International\",\"Opinion\"],\"inLanguage\":\"fr-FR\"},{\"@type\":\"WebPage\",\"@id\":\"https:\/\/www.pressenza.com\/fr\/2021\/09\/la-vengeance-du-11-septembre-na-pas-fonctionne-et-ne-fonctionnera-jamais\/\",\"url\":\"https:\/\/www.pressenza.com\/fr\/2021\/09\/la-vengeance-du-11-septembre-na-pas-fonctionne-et-ne-fonctionnera-jamais\/\",\"name\":\"La vengeance du 11 septembre n\u2019a pas fonctionn\u00e9 et ne fonctionnera jamais\",\"isPartOf\":{\"@id\":\"https:\/\/www.pressenza.com\/fr\/#website\"},\"primaryImageOfPage\":{\"@id\":\"https:\/\/www.pressenza.com\/fr\/2021\/09\/la-vengeance-du-11-septembre-na-pas-fonctionne-et-ne-fonctionnera-jamais\/#primaryimage\"},\"image\":{\"@id\":\"https:\/\/www.pressenza.com\/fr\/2021\/09\/la-vengeance-du-11-septembre-na-pas-fonctionne-et-ne-fonctionnera-jamais\/#primaryimage\"},\"thumbnailUrl\":\"https:\/\/www.pressenza.com\/wp-content\/uploads\/2021\/09\/911.jpg\",\"datePublished\":\"2021-09-28T18:36:58+00:00\",\"description\":\"Cette ann\u00e9e, la comm\u00e9moration du 11 septembre ouvre la voie \u00e0 une nouvelle analyse de ce qui a \u00e9chou\u00e9 dans la strat\u00e9gie am\u00e9ricaine en Afghanistan. Au\",\"breadcrumb\":{\"@id\":\"https:\/\/www.pressenza.com\/fr\/2021\/09\/la-vengeance-du-11-septembre-na-pas-fonctionne-et-ne-fonctionnera-jamais\/#breadcrumb\"},\"inLanguage\":\"fr-FR\",\"potentialAction\":[{\"@type\":\"ReadAction\",\"target\":[\"https:\/\/www.pressenza.com\/fr\/2021\/09\/la-vengeance-du-11-septembre-na-pas-fonctionne-et-ne-fonctionnera-jamais\/\"]}]},{\"@type\":\"ImageObject\",\"inLanguage\":\"fr-FR\",\"@id\":\"https:\/\/www.pressenza.com\/fr\/2021\/09\/la-vengeance-du-11-septembre-na-pas-fonctionne-et-ne-fonctionnera-jamais\/#primaryimage\",\"url\":\"https:\/\/www.pressenza.com\/wp-content\/uploads\/2021\/09\/911.jpg\",\"contentUrl\":\"https:\/\/www.pressenza.com\/wp-content\/uploads\/2021\/09\/911.jpg\",\"width\":1600,\"height\":1023,\"caption\":\"911\"},{\"@type\":\"BreadcrumbList\",\"@id\":\"https:\/\/www.pressenza.com\/fr\/2021\/09\/la-vengeance-du-11-septembre-na-pas-fonctionne-et-ne-fonctionnera-jamais\/#breadcrumb\",\"itemListElement\":[{\"@type\":\"ListItem\",\"position\":1,\"name\":\"Accueil\",\"item\":\"https:\/\/www.pressenza.com\/fr\/\"},{\"@type\":\"ListItem\",\"position\":2,\"name\":\"La vengeance du 11 septembre n\u2019a pas fonctionn\u00e9 et ne fonctionnera jamais\"}]},{\"@type\":\"WebSite\",\"@id\":\"https:\/\/www.pressenza.com\/fr\/#website\",\"url\":\"https:\/\/www.pressenza.com\/fr\/\",\"name\":\"Pressenza\",\"description\":\"International Press Agency\",\"publisher\":{\"@id\":\"https:\/\/www.pressenza.com\/fr\/#organization\"},\"potentialAction\":[{\"@type\":\"SearchAction\",\"target\":{\"@type\":\"EntryPoint\",\"urlTemplate\":\"https:\/\/www.pressenza.com\/fr\/?s={search_term_string}\"},\"query-input\":{\"@type\":\"PropertyValueSpecification\",\"valueRequired\":true,\"valueName\":\"search_term_string\"}}],\"inLanguage\":\"fr-FR\"},{\"@type\":\"Organization\",\"@id\":\"https:\/\/www.pressenza.com\/fr\/#organization\",\"name\":\"Pressenza\",\"url\":\"https:\/\/www.pressenza.com\/fr\/\",\"logo\":{\"@type\":\"ImageObject\",\"inLanguage\":\"fr-FR\",\"@id\":\"https:\/\/www.pressenza.com\/fr\/#\/schema\/logo\/image\/\",\"url\":\"https:\/\/www.pressenza.com\/wp-content\/uploads\/2022\/10\/pressenza_logo_200x200.jpg\",\"contentUrl\":\"https:\/\/www.pressenza.com\/wp-content\/uploads\/2022\/10\/pressenza_logo_200x200.jpg\",\"width\":200,\"height\":200,\"caption\":\"Pressenza\"},\"image\":{\"@id\":\"https:\/\/www.pressenza.com\/fr\/#\/schema\/logo\/image\/\"},\"sameAs\":[\"https:\/\/www.facebook.com\/PressenzaItalia\",\"https:\/\/x.com\/PressenzaIPA\"]},{\"@type\":\"Person\",\"@id\":\"https:\/\/www.pressenza.com\/fr\/#\/schema\/person\/ab79c1a9145b1ddd71272b5a4c0816d1\",\"name\":\"David Andersson\",\"description\":\"David Andersson is a writer and humanist based in New York City. He focuses on issues of global justice, collective consciousness, and nonviolent transformation. English Editor with Pressenza International Press Agency and is the author of The White-West: A Look in the Mirror, a collection of op-eds examining the dynamics of Western identity and its global impact. CounterPunch, denikreferendum.cz, Mobilized News, Countercurrents, LA Progressive, and Dissident Voice have published his recent work. Many of his articles have been translated into more than five languages.\",\"sameAs\":[\"https:\/\/www.facebook.com\/DavidAnderssonNYC\",\"https:\/\/www.instagram.com\/davidanderssonnyc\/\",\"https:\/\/www.linkedin.com\/in\/david-andersson-269724232\/\",\"https:\/\/x.com\/davidandersson\"],\"url\":\"https:\/\/www.pressenza.com\/fr\/author\/david-andersson\/\"}]}<\/script>\n<!-- \/ Yoast SEO plugin. -->","yoast_head_json":{"title":"La vengeance du 11 septembre n\u2019a pas fonctionn\u00e9 et ne fonctionnera jamais","description":"Cette ann\u00e9e, la comm\u00e9moration du 11 septembre ouvre la voie \u00e0 une nouvelle analyse de ce qui a \u00e9chou\u00e9 dans la strat\u00e9gie am\u00e9ricaine en Afghanistan. Au","robots":{"index":"index","follow":"follow","max-snippet":"max-snippet:-1","max-image-preview":"max-image-preview:large","max-video-preview":"max-video-preview:-1"},"canonical":"https:\/\/www.pressenza.com\/fr\/2021\/09\/la-vengeance-du-11-septembre-na-pas-fonctionne-et-ne-fonctionnera-jamais\/","og_locale":"fr_FR","og_type":"article","og_title":"La vengeance du 11 septembre n\u2019a pas fonctionn\u00e9 et ne fonctionnera jamais","og_description":"Cette ann\u00e9e, la comm\u00e9moration du 11 septembre ouvre la voie \u00e0 une nouvelle analyse de ce qui a \u00e9chou\u00e9 dans la strat\u00e9gie am\u00e9ricaine en Afghanistan. Au","og_url":"https:\/\/www.pressenza.com\/fr\/2021\/09\/la-vengeance-du-11-septembre-na-pas-fonctionne-et-ne-fonctionnera-jamais\/","og_site_name":"Pressenza","article_publisher":"https:\/\/www.facebook.com\/PressenzaItalia","article_author":"https:\/\/www.facebook.com\/DavidAnderssonNYC","article_published_time":"2021-09-28T18:36:58+00:00","og_image":[{"width":1600,"height":1023,"url":"https:\/\/www.pressenza.com\/wp-content\/uploads\/2021\/09\/911.jpg","type":"image\/jpeg"}],"author":"David Andersson","twitter_card":"summary_large_image","twitter_creator":"@davidandersson","twitter_site":"@PressenzaIPA","twitter_misc":{"\u00c9crit par":"David Andersson","Dur\u00e9e de lecture estim\u00e9e":"2 minutes"},"schema":{"@context":"https:\/\/schema.org","@graph":[{"@type":"Article","@id":"https:\/\/www.pressenza.com\/fr\/2021\/09\/la-vengeance-du-11-septembre-na-pas-fonctionne-et-ne-fonctionnera-jamais\/#article","isPartOf":{"@id":"https:\/\/www.pressenza.com\/fr\/2021\/09\/la-vengeance-du-11-septembre-na-pas-fonctionne-et-ne-fonctionnera-jamais\/"},"author":{"name":"David Andersson","@id":"https:\/\/www.pressenza.com\/fr\/#\/schema\/person\/ab79c1a9145b1ddd71272b5a4c0816d1"},"headline":"La vengeance du 11 septembre n\u2019a pas fonctionn\u00e9 et ne fonctionnera jamais","datePublished":"2021-09-28T18:36:58+00:00","mainEntityOfPage":{"@id":"https:\/\/www.pressenza.com\/fr\/2021\/09\/la-vengeance-du-11-septembre-na-pas-fonctionne-et-ne-fonctionnera-jamais\/"},"wordCount":478,"publisher":{"@id":"https:\/\/www.pressenza.com\/fr\/#organization"},"image":{"@id":"https:\/\/www.pressenza.com\/fr\/2021\/09\/la-vengeance-du-11-septembre-na-pas-fonctionne-et-ne-fonctionnera-jamais\/#primaryimage"},"thumbnailUrl":"https:\/\/www.pressenza.com\/wp-content\/uploads\/2021\/09\/911.jpg","keywords":["11 septembre","Afghanistan","Joe Biden","Taliban","terrorisme","vengeance"],"articleSection":["Am\u00e9rique du Nord","Contenu Original","Humanisme et Spiritualit\u00e9","International","Opinion"],"inLanguage":"fr-FR"},{"@type":"WebPage","@id":"https:\/\/www.pressenza.com\/fr\/2021\/09\/la-vengeance-du-11-septembre-na-pas-fonctionne-et-ne-fonctionnera-jamais\/","url":"https:\/\/www.pressenza.com\/fr\/2021\/09\/la-vengeance-du-11-septembre-na-pas-fonctionne-et-ne-fonctionnera-jamais\/","name":"La vengeance du 11 septembre n\u2019a pas fonctionn\u00e9 et ne fonctionnera jamais","isPartOf":{"@id":"https:\/\/www.pressenza.com\/fr\/#website"},"primaryImageOfPage":{"@id":"https:\/\/www.pressenza.com\/fr\/2021\/09\/la-vengeance-du-11-septembre-na-pas-fonctionne-et-ne-fonctionnera-jamais\/#primaryimage"},"image":{"@id":"https:\/\/www.pressenza.com\/fr\/2021\/09\/la-vengeance-du-11-septembre-na-pas-fonctionne-et-ne-fonctionnera-jamais\/#primaryimage"},"thumbnailUrl":"https:\/\/www.pressenza.com\/wp-content\/uploads\/2021\/09\/911.jpg","datePublished":"2021-09-28T18:36:58+00:00","description":"Cette ann\u00e9e, la comm\u00e9moration du 11 septembre ouvre la voie \u00e0 une nouvelle analyse de ce qui a \u00e9chou\u00e9 dans la strat\u00e9gie am\u00e9ricaine en Afghanistan. Au","breadcrumb":{"@id":"https:\/\/www.pressenza.com\/fr\/2021\/09\/la-vengeance-du-11-septembre-na-pas-fonctionne-et-ne-fonctionnera-jamais\/#breadcrumb"},"inLanguage":"fr-FR","potentialAction":[{"@type":"ReadAction","target":["https:\/\/www.pressenza.com\/fr\/2021\/09\/la-vengeance-du-11-septembre-na-pas-fonctionne-et-ne-fonctionnera-jamais\/"]}]},{"@type":"ImageObject","inLanguage":"fr-FR","@id":"https:\/\/www.pressenza.com\/fr\/2021\/09\/la-vengeance-du-11-septembre-na-pas-fonctionne-et-ne-fonctionnera-jamais\/#primaryimage","url":"https:\/\/www.pressenza.com\/wp-content\/uploads\/2021\/09\/911.jpg","contentUrl":"https:\/\/www.pressenza.com\/wp-content\/uploads\/2021\/09\/911.jpg","width":1600,"height":1023,"caption":"911"},{"@type":"BreadcrumbList","@id":"https:\/\/www.pressenza.com\/fr\/2021\/09\/la-vengeance-du-11-septembre-na-pas-fonctionne-et-ne-fonctionnera-jamais\/#breadcrumb","itemListElement":[{"@type":"ListItem","position":1,"name":"Accueil","item":"https:\/\/www.pressenza.com\/fr\/"},{"@type":"ListItem","position":2,"name":"La vengeance du 11 septembre n\u2019a pas fonctionn\u00e9 et ne fonctionnera jamais"}]},{"@type":"WebSite","@id":"https:\/\/www.pressenza.com\/fr\/#website","url":"https:\/\/www.pressenza.com\/fr\/","name":"Pressenza","description":"International Press Agency","publisher":{"@id":"https:\/\/www.pressenza.com\/fr\/#organization"},"potentialAction":[{"@type":"SearchAction","target":{"@type":"EntryPoint","urlTemplate":"https:\/\/www.pressenza.com\/fr\/?s={search_term_string}"},"query-input":{"@type":"PropertyValueSpecification","valueRequired":true,"valueName":"search_term_string"}}],"inLanguage":"fr-FR"},{"@type":"Organization","@id":"https:\/\/www.pressenza.com\/fr\/#organization","name":"Pressenza","url":"https:\/\/www.pressenza.com\/fr\/","logo":{"@type":"ImageObject","inLanguage":"fr-FR","@id":"https:\/\/www.pressenza.com\/fr\/#\/schema\/logo\/image\/","url":"https:\/\/www.pressenza.com\/wp-content\/uploads\/2022\/10\/pressenza_logo_200x200.jpg","contentUrl":"https:\/\/www.pressenza.com\/wp-content\/uploads\/2022\/10\/pressenza_logo_200x200.jpg","width":200,"height":200,"caption":"Pressenza"},"image":{"@id":"https:\/\/www.pressenza.com\/fr\/#\/schema\/logo\/image\/"},"sameAs":["https:\/\/www.facebook.com\/PressenzaItalia","https:\/\/x.com\/PressenzaIPA"]},{"@type":"Person","@id":"https:\/\/www.pressenza.com\/fr\/#\/schema\/person\/ab79c1a9145b1ddd71272b5a4c0816d1","name":"David Andersson","description":"David Andersson is a writer and humanist based in New York City. He focuses on issues of global justice, collective consciousness, and nonviolent transformation. English Editor with Pressenza International Press Agency and is the author of The White-West: A Look in the Mirror, a collection of op-eds examining the dynamics of Western identity and its global impact. CounterPunch, denikreferendum.cz, Mobilized News, Countercurrents, LA Progressive, and Dissident Voice have published his recent work. Many of his articles have been translated into more than five languages.","sameAs":["https:\/\/www.facebook.com\/DavidAnderssonNYC","https:\/\/www.instagram.com\/davidanderssonnyc\/","https:\/\/www.linkedin.com\/in\/david-andersson-269724232\/","https:\/\/x.com\/davidandersson"],"url":"https:\/\/www.pressenza.com\/fr\/author\/david-andersson\/"}]}},"place":"Etats-Unis","original_article_url":"","_links":{"self":[{"href":"https:\/\/www.pressenza.com\/fr\/wp-json\/wp\/v2\/posts\/1439330","targetHints":{"allow":["GET"]}}],"collection":[{"href":"https:\/\/www.pressenza.com\/fr\/wp-json\/wp\/v2\/posts"}],"about":[{"href":"https:\/\/www.pressenza.com\/fr\/wp-json\/wp\/v2\/types\/post"}],"author":[{"embeddable":true,"href":"https:\/\/www.pressenza.com\/fr\/wp-json\/wp\/v2\/users\/33"}],"replies":[{"embeddable":true,"href":"https:\/\/www.pressenza.com\/fr\/wp-json\/wp\/v2\/comments?post=1439330"}],"version-history":[{"count":0,"href":"https:\/\/www.pressenza.com\/fr\/wp-json\/wp\/v2\/posts\/1439330\/revisions"}],"wp:featuredmedia":[{"embeddable":true,"href":"https:\/\/www.pressenza.com\/fr\/wp-json\/wp\/v2\/media\/1427847"}],"wp:attachment":[{"href":"https:\/\/www.pressenza.com\/fr\/wp-json\/wp\/v2\/media?parent=1439330"}],"wp:term":[{"taxonomy":"category","embeddable":true,"href":"https:\/\/www.pressenza.com\/fr\/wp-json\/wp\/v2\/categories?post=1439330"},{"taxonomy":"post_tag","embeddable":true,"href":"https:\/\/www.pressenza.com\/fr\/wp-json\/wp\/v2\/tags?post=1439330"}],"curies":[{"name":"wp","href":"https:\/\/api.w.org\/{rel}","templated":true}]}}