{"id":1437593,"date":"2021-09-26T06:00:47","date_gmt":"2021-09-26T05:00:47","guid":{"rendered":"https:\/\/www.pressenza.com\/?p=1437593"},"modified":"2021-09-26T20:34:14","modified_gmt":"2021-09-26T19:34:14","slug":"onzieme-manifestation-anti-pass-sanitaire","status":"publish","type":"post","link":"https:\/\/www.pressenza.com\/fr\/2021\/09\/onzieme-manifestation-anti-pass-sanitaire\/","title":{"rendered":"Onzi\u00e8me manifestation anti pass sanitaire"},"content":{"rendered":"<p>Cette onzi\u00e8me manifestation contre le pass sanitaire marque le soutien envers les personnels soignants qui refusent le vaccin et sont par cons\u00e9quent licenci\u00e9s. C&rsquo;est aussi le moment de se rem\u00e9morer leur long chemin depuis ce 17 mars 2020. Pr\u00e9sents sans aucune h\u00e9sitation affrontant le danger, sous le regard hagard des citoyens et leurs applaudissements. Ils ont fait face aux p\u00e9nuries du syst\u00e8me hospitalier; manque de masques, de sur-blouse, de lit &#8230;\u00e9puis\u00e9s ils ont fait acte de solidarit\u00e9 envers les r\u00e9gions les plus touch\u00e9es.<\/p>\n<p>Depuis le 15 septembre\u00a0 les sanctions sont mises en place pour les soignants et les salari\u00e9s du milieu sanitaire, \u00e9ducatif et social, menac\u00e9s de mise \u00e0 pied sans salaire en cas d\u2019opposition au pass ? Ils ont d\u00e9fil\u00e9 en t\u00eate de cort\u00e8ge et je me pose cette question : Qui applaudissons nous aujourd&rsquo;hui ?<\/p>\n<div class=\"post-gallery\">\n\t\t\t<figure class=\"post-gallery-item\">\n\t\t\t\t<img decoding=\"async\" src=\"https:\/\/www.pressenza.com\/wp-content\/uploads\/2021\/09\/DSCN5781-820x615.jpg\" loading=\"lazy\">\n\t\t\t\t<figcaption>\n\t\t\t\t\t\n\t\t\t\t<\/figcaption>\n\t\t\t<\/figure>\n\t\t\t<figure class=\"post-gallery-item\">\n\t\t\t\t<img decoding=\"async\" src=\"https:\/\/www.pressenza.com\/wp-content\/uploads\/2021\/09\/DSCN5775-820x615.jpg\" loading=\"lazy\">\n\t\t\t\t<figcaption>\n\t\t\t\t\t\n\t\t\t\t<\/figcaption>\n\t\t\t<\/figure>\n\t\t\t<figure class=\"post-gallery-item\">\n\t\t\t\t<img decoding=\"async\" src=\"https:\/\/www.pressenza.com\/wp-content\/uploads\/2021\/09\/DSCN5774-820x615.jpg\" loading=\"lazy\">\n\t\t\t\t<figcaption>\n\t\t\t\t\t\n\t\t\t\t<\/figcaption>\n\t\t\t<\/figure>\n\t\t\t<figure class=\"post-gallery-item\">\n\t\t\t\t<img decoding=\"async\" src=\"https:\/\/www.pressenza.com\/wp-content\/uploads\/2021\/09\/DSCN5756-820x615.jpg\" loading=\"lazy\">\n\t\t\t\t<figcaption>\n\t\t\t\t\t\n\t\t\t\t<\/figcaption>\n\t\t\t<\/figure>\n\t\t\t<figure class=\"post-gallery-item\">\n\t\t\t\t<img decoding=\"async\" src=\"https:\/\/www.pressenza.com\/wp-content\/uploads\/2021\/09\/DSCN5740-820x615.jpg\" loading=\"lazy\">\n\t\t\t\t<figcaption>\n\t\t\t\t\t\n\t\t\t\t<\/figcaption>\n\t\t\t<\/figure>\n\t\t\t<figure class=\"post-gallery-item\">\n\t\t\t\t<img decoding=\"async\" src=\"https:\/\/www.pressenza.com\/wp-content\/uploads\/2021\/09\/DSCN5738-820x615.jpg\" loading=\"lazy\">\n\t\t\t\t<figcaption>\n\t\t\t\t\t\n\t\t\t\t<\/figcaption>\n\t\t\t<\/figure>\n\t\t\t<figure class=\"post-gallery-item\">\n\t\t\t\t<img decoding=\"async\" src=\"https:\/\/www.pressenza.com\/wp-content\/uploads\/2021\/09\/DSCN5736-820x615.jpg\" loading=\"lazy\">\n\t\t\t\t<figcaption>\n\t\t\t\t\t\n\t\t\t\t<\/figcaption>\n\t\t\t<\/figure>\n\t\t\t<figure class=\"post-gallery-item\">\n\t\t\t\t<img decoding=\"async\" src=\"https:\/\/www.pressenza.com\/wp-content\/uploads\/2021\/09\/DSCN5735-820x615.jpg\" loading=\"lazy\">\n\t\t\t\t<figcaption>\n\t\t\t\t\t\n\t\t\t\t<\/figcaption>\n\t\t\t<\/figure>\n\t\t\t<figure class=\"post-gallery-item\">\n\t\t\t\t<img decoding=\"async\" src=\"https:\/\/www.pressenza.com\/wp-content\/uploads\/2021\/09\/DSCN5733-820x615.jpg\" loading=\"lazy\">\n\t\t\t\t<figcaption>\n\t\t\t\t\t\n\t\t\t\t<\/figcaption>\n\t\t\t<\/figure><\/div>\n","protected":false},"excerpt":{"rendered":"<p>Cette onzi\u00e8me manifestation contre le pass sanitaire marque le soutien envers les personnels soignants qui refusent le vaccin et sont par cons\u00e9quent licenci\u00e9s. C&rsquo;est aussi le moment de se rem\u00e9morer leur long chemin depuis ce 17 mars 2020. Pr\u00e9sents sans&hellip;<\/p>\n","protected":false},"author":1215,"featured_media":1437543,"comment_status":"closed","ping_status":"closed","sticky":false,"template":"","format":"standard","meta":{"footnotes":""},"categories":[98,85,40,5700],"tags":[307,95201,93044],"class_list":["post-1437593","post","type-post","status-publish","format-standard","has-post-thumbnail","hentry","category-droits-de-lhomme","category-europe-fr","category-international-fr","category-reportages-photo","tag-manifestation","tag-manifestation-anti-pass-sanitaire","tag-pass-sanitaire"],"yoast_head":"<!-- This site is optimized with the Yoast SEO plugin v27.1.1 - https:\/\/yoast.com\/product\/yoast-seo-wordpress\/ -->\n<title>Onzi\u00e8me manifestation anti pass sanitaire<\/title>\n<meta name=\"description\" content=\"Cette onzi\u00e8me manifestation contre le pass sanitaire marque le soutien envers les personnels soignants qui refusent le vaccin et sont par cons\u00e9quent\" \/>\n<meta name=\"robots\" content=\"index, follow, max-snippet:-1, max-image-preview:large, max-video-preview:-1\" \/>\n<link rel=\"canonical\" href=\"https:\/\/www.pressenza.com\/fr\/2021\/09\/onzieme-manifestation-anti-pass-sanitaire\/\" \/>\n<meta property=\"og:locale\" content=\"fr_FR\" \/>\n<meta property=\"og:type\" content=\"article\" \/>\n<meta property=\"og:title\" content=\"Onzi\u00e8me manifestation anti pass sanitaire\" \/>\n<meta property=\"og:description\" content=\"Cette onzi\u00e8me manifestation contre le pass sanitaire marque le soutien envers les personnels soignants qui refusent le vaccin et sont par cons\u00e9quent\" \/>\n<meta property=\"og:url\" content=\"https:\/\/www.pressenza.com\/fr\/2021\/09\/onzieme-manifestation-anti-pass-sanitaire\/\" \/>\n<meta property=\"og:site_name\" content=\"Pressenza\" \/>\n<meta property=\"article:publisher\" content=\"https:\/\/www.facebook.com\/PressenzaItalia\" \/>\n<meta property=\"article:published_time\" content=\"2021-09-26T05:00:47+00:00\" \/>\n<meta property=\"article:modified_time\" content=\"2021-09-26T19:34:14+00:00\" \/>\n<meta property=\"og:image\" content=\"https:\/\/www.pressenza.com\/wp-content\/uploads\/2021\/09\/DSCN5746.jpg\" \/>\n\t<meta property=\"og:image:width\" content=\"960\" \/>\n\t<meta property=\"og:image:height\" content=\"720\" \/>\n\t<meta property=\"og:image:type\" content=\"image\/jpeg\" \/>\n<meta name=\"author\" content=\"Brigitte Cano\" \/>\n<meta name=\"twitter:card\" content=\"summary_large_image\" \/>\n<meta name=\"twitter:creator\" content=\"@PressenzaIPA\" \/>\n<meta name=\"twitter:site\" content=\"@PressenzaIPA\" \/>\n<meta name=\"twitter:label1\" content=\"\u00c9crit par\" \/>\n\t<meta name=\"twitter:data1\" content=\"Brigitte Cano\" \/>\n\t<meta name=\"twitter:label2\" content=\"Dur\u00e9e de lecture estim\u00e9e\" \/>\n\t<meta name=\"twitter:data2\" content=\"1 minute\" \/>\n<script type=\"application\/ld+json\" class=\"yoast-schema-graph\">{\"@context\":\"https:\/\/schema.org\",\"@graph\":[{\"@type\":\"Article\",\"@id\":\"https:\/\/www.pressenza.com\/fr\/2021\/09\/onzieme-manifestation-anti-pass-sanitaire\/#article\",\"isPartOf\":{\"@id\":\"https:\/\/www.pressenza.com\/fr\/2021\/09\/onzieme-manifestation-anti-pass-sanitaire\/\"},\"author\":{\"name\":\"Brigitte Cano\",\"@id\":\"https:\/\/www.pressenza.com\/fr\/#\/schema\/person\/602645a77d2912fc1013c3f8ff496e97\"},\"headline\":\"Onzi\u00e8me manifestation anti pass sanitaire\",\"datePublished\":\"2021-09-26T05:00:47+00:00\",\"dateModified\":\"2021-09-26T19:34:14+00:00\",\"mainEntityOfPage\":{\"@id\":\"https:\/\/www.pressenza.com\/fr\/2021\/09\/onzieme-manifestation-anti-pass-sanitaire\/\"},\"wordCount\":159,\"publisher\":{\"@id\":\"https:\/\/www.pressenza.com\/fr\/#organization\"},\"image\":{\"@id\":\"https:\/\/www.pressenza.com\/fr\/2021\/09\/onzieme-manifestation-anti-pass-sanitaire\/#primaryimage\"},\"thumbnailUrl\":\"https:\/\/www.pressenza.com\/wp-content\/uploads\/2021\/09\/DSCN5746.jpg\",\"keywords\":[\"manifestation\",\"manifestation anti pass sanitaire\",\"pass sanitaire\"],\"articleSection\":[\"Droits humains\",\"Europe\",\"International\",\"Reportages photo\"],\"inLanguage\":\"fr-FR\"},{\"@type\":\"WebPage\",\"@id\":\"https:\/\/www.pressenza.com\/fr\/2021\/09\/onzieme-manifestation-anti-pass-sanitaire\/\",\"url\":\"https:\/\/www.pressenza.com\/fr\/2021\/09\/onzieme-manifestation-anti-pass-sanitaire\/\",\"name\":\"Onzi\u00e8me manifestation anti pass sanitaire\",\"isPartOf\":{\"@id\":\"https:\/\/www.pressenza.com\/fr\/#website\"},\"primaryImageOfPage\":{\"@id\":\"https:\/\/www.pressenza.com\/fr\/2021\/09\/onzieme-manifestation-anti-pass-sanitaire\/#primaryimage\"},\"image\":{\"@id\":\"https:\/\/www.pressenza.com\/fr\/2021\/09\/onzieme-manifestation-anti-pass-sanitaire\/#primaryimage\"},\"thumbnailUrl\":\"https:\/\/www.pressenza.com\/wp-content\/uploads\/2021\/09\/DSCN5746.jpg\",\"datePublished\":\"2021-09-26T05:00:47+00:00\",\"dateModified\":\"2021-09-26T19:34:14+00:00\",\"description\":\"Cette onzi\u00e8me manifestation contre le pass sanitaire marque le soutien envers les personnels soignants qui refusent le vaccin et sont par cons\u00e9quent\",\"breadcrumb\":{\"@id\":\"https:\/\/www.pressenza.com\/fr\/2021\/09\/onzieme-manifestation-anti-pass-sanitaire\/#breadcrumb\"},\"inLanguage\":\"fr-FR\",\"potentialAction\":[{\"@type\":\"ReadAction\",\"target\":[\"https:\/\/www.pressenza.com\/fr\/2021\/09\/onzieme-manifestation-anti-pass-sanitaire\/\"]}]},{\"@type\":\"ImageObject\",\"inLanguage\":\"fr-FR\",\"@id\":\"https:\/\/www.pressenza.com\/fr\/2021\/09\/onzieme-manifestation-anti-pass-sanitaire\/#primaryimage\",\"url\":\"https:\/\/www.pressenza.com\/wp-content\/uploads\/2021\/09\/DSCN5746.jpg\",\"contentUrl\":\"https:\/\/www.pressenza.com\/wp-content\/uploads\/2021\/09\/DSCN5746.jpg\",\"width\":960,\"height\":720},{\"@type\":\"BreadcrumbList\",\"@id\":\"https:\/\/www.pressenza.com\/fr\/2021\/09\/onzieme-manifestation-anti-pass-sanitaire\/#breadcrumb\",\"itemListElement\":[{\"@type\":\"ListItem\",\"position\":1,\"name\":\"Accueil\",\"item\":\"https:\/\/www.pressenza.com\/fr\/\"},{\"@type\":\"ListItem\",\"position\":2,\"name\":\"Onzi\u00e8me manifestation anti pass sanitaire\"}]},{\"@type\":\"WebSite\",\"@id\":\"https:\/\/www.pressenza.com\/fr\/#website\",\"url\":\"https:\/\/www.pressenza.com\/fr\/\",\"name\":\"Pressenza\",\"description\":\"International Press Agency\",\"publisher\":{\"@id\":\"https:\/\/www.pressenza.com\/fr\/#organization\"},\"potentialAction\":[{\"@type\":\"SearchAction\",\"target\":{\"@type\":\"EntryPoint\",\"urlTemplate\":\"https:\/\/www.pressenza.com\/fr\/?s={search_term_string}\"},\"query-input\":{\"@type\":\"PropertyValueSpecification\",\"valueRequired\":true,\"valueName\":\"search_term_string\"}}],\"inLanguage\":\"fr-FR\"},{\"@type\":\"Organization\",\"@id\":\"https:\/\/www.pressenza.com\/fr\/#organization\",\"name\":\"Pressenza\",\"url\":\"https:\/\/www.pressenza.com\/fr\/\",\"logo\":{\"@type\":\"ImageObject\",\"inLanguage\":\"fr-FR\",\"@id\":\"https:\/\/www.pressenza.com\/fr\/#\/schema\/logo\/image\/\",\"url\":\"https:\/\/www.pressenza.com\/wp-content\/uploads\/2022\/10\/pressenza_logo_200x200.jpg\",\"contentUrl\":\"https:\/\/www.pressenza.com\/wp-content\/uploads\/2022\/10\/pressenza_logo_200x200.jpg\",\"width\":200,\"height\":200,\"caption\":\"Pressenza\"},\"image\":{\"@id\":\"https:\/\/www.pressenza.com\/fr\/#\/schema\/logo\/image\/\"},\"sameAs\":[\"https:\/\/www.facebook.com\/PressenzaItalia\",\"https:\/\/x.com\/PressenzaIPA\"]},{\"@type\":\"Person\",\"@id\":\"https:\/\/www.pressenza.com\/fr\/#\/schema\/person\/602645a77d2912fc1013c3f8ff496e97\",\"name\":\"Brigitte Cano\",\"url\":\"https:\/\/www.pressenza.com\/fr\/author\/brigittecano\/\"}]}<\/script>\n<!-- \/ Yoast SEO plugin. -->","yoast_head_json":{"title":"Onzi\u00e8me manifestation anti pass sanitaire","description":"Cette onzi\u00e8me manifestation contre le pass sanitaire marque le soutien envers les personnels soignants qui refusent le vaccin et sont par cons\u00e9quent","robots":{"index":"index","follow":"follow","max-snippet":"max-snippet:-1","max-image-preview":"max-image-preview:large","max-video-preview":"max-video-preview:-1"},"canonical":"https:\/\/www.pressenza.com\/fr\/2021\/09\/onzieme-manifestation-anti-pass-sanitaire\/","og_locale":"fr_FR","og_type":"article","og_title":"Onzi\u00e8me manifestation anti pass sanitaire","og_description":"Cette onzi\u00e8me manifestation contre le pass sanitaire marque le soutien envers les personnels soignants qui refusent le vaccin et sont par cons\u00e9quent","og_url":"https:\/\/www.pressenza.com\/fr\/2021\/09\/onzieme-manifestation-anti-pass-sanitaire\/","og_site_name":"Pressenza","article_publisher":"https:\/\/www.facebook.com\/PressenzaItalia","article_published_time":"2021-09-26T05:00:47+00:00","article_modified_time":"2021-09-26T19:34:14+00:00","og_image":[{"width":960,"height":720,"url":"https:\/\/www.pressenza.com\/wp-content\/uploads\/2021\/09\/DSCN5746.jpg","type":"image\/jpeg"}],"author":"Brigitte Cano","twitter_card":"summary_large_image","twitter_creator":"@PressenzaIPA","twitter_site":"@PressenzaIPA","twitter_misc":{"\u00c9crit par":"Brigitte Cano","Dur\u00e9e de lecture estim\u00e9e":"1 minute"},"schema":{"@context":"https:\/\/schema.org","@graph":[{"@type":"Article","@id":"https:\/\/www.pressenza.com\/fr\/2021\/09\/onzieme-manifestation-anti-pass-sanitaire\/#article","isPartOf":{"@id":"https:\/\/www.pressenza.com\/fr\/2021\/09\/onzieme-manifestation-anti-pass-sanitaire\/"},"author":{"name":"Brigitte Cano","@id":"https:\/\/www.pressenza.com\/fr\/#\/schema\/person\/602645a77d2912fc1013c3f8ff496e97"},"headline":"Onzi\u00e8me manifestation anti pass sanitaire","datePublished":"2021-09-26T05:00:47+00:00","dateModified":"2021-09-26T19:34:14+00:00","mainEntityOfPage":{"@id":"https:\/\/www.pressenza.com\/fr\/2021\/09\/onzieme-manifestation-anti-pass-sanitaire\/"},"wordCount":159,"publisher":{"@id":"https:\/\/www.pressenza.com\/fr\/#organization"},"image":{"@id":"https:\/\/www.pressenza.com\/fr\/2021\/09\/onzieme-manifestation-anti-pass-sanitaire\/#primaryimage"},"thumbnailUrl":"https:\/\/www.pressenza.com\/wp-content\/uploads\/2021\/09\/DSCN5746.jpg","keywords":["manifestation","manifestation anti pass sanitaire","pass sanitaire"],"articleSection":["Droits humains","Europe","International","Reportages photo"],"inLanguage":"fr-FR"},{"@type":"WebPage","@id":"https:\/\/www.pressenza.com\/fr\/2021\/09\/onzieme-manifestation-anti-pass-sanitaire\/","url":"https:\/\/www.pressenza.com\/fr\/2021\/09\/onzieme-manifestation-anti-pass-sanitaire\/","name":"Onzi\u00e8me manifestation anti pass sanitaire","isPartOf":{"@id":"https:\/\/www.pressenza.com\/fr\/#website"},"primaryImageOfPage":{"@id":"https:\/\/www.pressenza.com\/fr\/2021\/09\/onzieme-manifestation-anti-pass-sanitaire\/#primaryimage"},"image":{"@id":"https:\/\/www.pressenza.com\/fr\/2021\/09\/onzieme-manifestation-anti-pass-sanitaire\/#primaryimage"},"thumbnailUrl":"https:\/\/www.pressenza.com\/wp-content\/uploads\/2021\/09\/DSCN5746.jpg","datePublished":"2021-09-26T05:00:47+00:00","dateModified":"2021-09-26T19:34:14+00:00","description":"Cette onzi\u00e8me manifestation contre le pass sanitaire marque le soutien envers les personnels soignants qui refusent le vaccin et sont par cons\u00e9quent","breadcrumb":{"@id":"https:\/\/www.pressenza.com\/fr\/2021\/09\/onzieme-manifestation-anti-pass-sanitaire\/#breadcrumb"},"inLanguage":"fr-FR","potentialAction":[{"@type":"ReadAction","target":["https:\/\/www.pressenza.com\/fr\/2021\/09\/onzieme-manifestation-anti-pass-sanitaire\/"]}]},{"@type":"ImageObject","inLanguage":"fr-FR","@id":"https:\/\/www.pressenza.com\/fr\/2021\/09\/onzieme-manifestation-anti-pass-sanitaire\/#primaryimage","url":"https:\/\/www.pressenza.com\/wp-content\/uploads\/2021\/09\/DSCN5746.jpg","contentUrl":"https:\/\/www.pressenza.com\/wp-content\/uploads\/2021\/09\/DSCN5746.jpg","width":960,"height":720},{"@type":"BreadcrumbList","@id":"https:\/\/www.pressenza.com\/fr\/2021\/09\/onzieme-manifestation-anti-pass-sanitaire\/#breadcrumb","itemListElement":[{"@type":"ListItem","position":1,"name":"Accueil","item":"https:\/\/www.pressenza.com\/fr\/"},{"@type":"ListItem","position":2,"name":"Onzi\u00e8me manifestation anti pass sanitaire"}]},{"@type":"WebSite","@id":"https:\/\/www.pressenza.com\/fr\/#website","url":"https:\/\/www.pressenza.com\/fr\/","name":"Pressenza","description":"International Press Agency","publisher":{"@id":"https:\/\/www.pressenza.com\/fr\/#organization"},"potentialAction":[{"@type":"SearchAction","target":{"@type":"EntryPoint","urlTemplate":"https:\/\/www.pressenza.com\/fr\/?s={search_term_string}"},"query-input":{"@type":"PropertyValueSpecification","valueRequired":true,"valueName":"search_term_string"}}],"inLanguage":"fr-FR"},{"@type":"Organization","@id":"https:\/\/www.pressenza.com\/fr\/#organization","name":"Pressenza","url":"https:\/\/www.pressenza.com\/fr\/","logo":{"@type":"ImageObject","inLanguage":"fr-FR","@id":"https:\/\/www.pressenza.com\/fr\/#\/schema\/logo\/image\/","url":"https:\/\/www.pressenza.com\/wp-content\/uploads\/2022\/10\/pressenza_logo_200x200.jpg","contentUrl":"https:\/\/www.pressenza.com\/wp-content\/uploads\/2022\/10\/pressenza_logo_200x200.jpg","width":200,"height":200,"caption":"Pressenza"},"image":{"@id":"https:\/\/www.pressenza.com\/fr\/#\/schema\/logo\/image\/"},"sameAs":["https:\/\/www.facebook.com\/PressenzaItalia","https:\/\/x.com\/PressenzaIPA"]},{"@type":"Person","@id":"https:\/\/www.pressenza.com\/fr\/#\/schema\/person\/602645a77d2912fc1013c3f8ff496e97","name":"Brigitte Cano","url":"https:\/\/www.pressenza.com\/fr\/author\/brigittecano\/"}]}},"place":"","original_article_url":"","_links":{"self":[{"href":"https:\/\/www.pressenza.com\/fr\/wp-json\/wp\/v2\/posts\/1437593","targetHints":{"allow":["GET"]}}],"collection":[{"href":"https:\/\/www.pressenza.com\/fr\/wp-json\/wp\/v2\/posts"}],"about":[{"href":"https:\/\/www.pressenza.com\/fr\/wp-json\/wp\/v2\/types\/post"}],"author":[{"embeddable":true,"href":"https:\/\/www.pressenza.com\/fr\/wp-json\/wp\/v2\/users\/1215"}],"replies":[{"embeddable":true,"href":"https:\/\/www.pressenza.com\/fr\/wp-json\/wp\/v2\/comments?post=1437593"}],"version-history":[{"count":0,"href":"https:\/\/www.pressenza.com\/fr\/wp-json\/wp\/v2\/posts\/1437593\/revisions"}],"wp:featuredmedia":[{"embeddable":true,"href":"https:\/\/www.pressenza.com\/fr\/wp-json\/wp\/v2\/media\/1437543"}],"wp:attachment":[{"href":"https:\/\/www.pressenza.com\/fr\/wp-json\/wp\/v2\/media?parent=1437593"}],"wp:term":[{"taxonomy":"category","embeddable":true,"href":"https:\/\/www.pressenza.com\/fr\/wp-json\/wp\/v2\/categories?post=1437593"},{"taxonomy":"post_tag","embeddable":true,"href":"https:\/\/www.pressenza.com\/fr\/wp-json\/wp\/v2\/tags?post=1437593"}],"curies":[{"name":"wp","href":"https:\/\/api.w.org\/{rel}","templated":true}]}}