{"id":1431444,"date":"2021-09-17T15:43:17","date_gmt":"2021-09-17T14:43:17","guid":{"rendered":"https:\/\/www.pressenza.com\/?p=1431444"},"modified":"2021-09-17T15:44:42","modified_gmt":"2021-09-17T14:44:42","slug":"face-2-face-avec-dre-natasha-gordon-chipembere","status":"publish","type":"post","link":"https:\/\/www.pressenza.com\/fr\/2021\/09\/face-2-face-avec-dre-natasha-gordon-chipembere\/","title":{"rendered":"Face 2 Face avec Dre Natasha Gordon-Chipembere"},"content":{"rendered":"<p>Dans cette \u00e9mission, nous parlons avec la Dre Natasha Gordon-Chipembere de la discrimination structurelle ancr\u00e9e dans la soci\u00e9t\u00e9 am\u00e9ricaine, une question qui a refait surface avec le meurtre de George Floyd par la police. \u00ab\u00a0Les noirs et les indig\u00e8nes disent essentiellement que nous n&rsquo;avons jamais, depuis le moment de la colonisation, \u00e9t\u00e9 capables d&rsquo;acc\u00e9der \u00e0 la pleine int\u00e9grit\u00e9 de notre humanit\u00e9 et d&rsquo;obtenir tous nos droits humains\u00a0\u00bb, explique Natasha. Natasha est une autrice qui \u00e9crit actuellement un roman de fiction historique sur la Madone noire (LA Negrita) dont l&rsquo;action se d\u00e9roule en 1634 au Costa Rica.<\/p>\n<p>Voir aussi : <a href=\"https:\/\/indisunflower.wixsite.com\/natasha-g-chipembere\">https:\/\/indisunflower.wixsite.com\/natasha-g-chipembere<\/a><\/p>\n<p><em>Pour voir la vid\u00e9o avec les sous-titres en fran\u00e7ais sur un ordinateur : <strong>1.<\/strong>\u00a0Cliquez sur l\u2019ic\u00f4ne\u00a0<strong>Sous-titres\u00a0<\/strong>(rectangle blanc en bas \u00e0 droite de la fen\u00eatre du lecteur vid\u00e9o<\/em><em>).\u00a0 \u00a0<strong>2.<\/strong>\u00a0<\/em><em>Cliquez sur l\u2019ic\u00f4ne\u00a0<strong>Param\u00e8tres\u00a0<\/strong>(roue dent\u00e9e\u00a0en bas \u00e0 droite<\/em><em>), puis cliquez\u00a0<\/em><em>successivement sur\u00a0<strong>Sous-titres<\/strong>, puis sur\u00a0<strong>Traduire automatiquement<\/strong>.\u00a0\u00a0\u00a0\u00a0<strong>3.<\/strong>\u00a0Dans la fen\u00eatre qui s\u2019ouvre, faites d\u00e9filer la liste des langues et cliquez sur\u00a0<strong>Fran\u00e7ais<\/strong>.<\/em><\/p>\n<p><iframe loading=\"lazy\" src=\"https:\/\/www.youtube.com\/embed\/zWDmvh4bTZ8\" width=\"560\" height=\"315\" frameborder=\"0\" allowfullscreen=\"allowfullscreen\" data-mce-fragment=\"1\"><\/iframe><\/p>\n","protected":false},"excerpt":{"rendered":"<p>Dans cette \u00e9mission, nous parlons avec la Dre Natasha Gordon-Chipembere de la discrimination structurelle ancr\u00e9e dans la soci\u00e9t\u00e9 am\u00e9ricaine, une question qui a refait surface avec le meurtre de George Floyd par la police. \u00ab\u00a0Les noirs et les indig\u00e8nes disent&hellip;<\/p>\n","protected":false},"author":1126,"featured_media":1136004,"comment_status":"closed","ping_status":"closed","sticky":false,"template":"","format":"standard","meta":{"footnotes":""},"categories":[87,11386,98,156,27989],"tags":[76906,77153,296,1002,312,94939,76696],"class_list":["post-1431444","post","type-post","status-publish","format-standard","has-post-thumbnail","hentry","category-amerique-du-nord","category-contenu-original","category-droits-de-lhomme","category-interview-fr","category-video-fr","tag-blacklivesmatter-fr","tag-blm-fr","tag-discrimination","tag-droits-humains","tag-etats-unis","tag-f2fshow-fr","tag-george-floyd-fr"],"yoast_head":"<!-- This site is optimized with the Yoast SEO plugin v27.1.1 - https:\/\/yoast.com\/product\/yoast-seo-wordpress\/ -->\n<title>Face 2 Face avec Dre Natasha Gordon-Chipembere<\/title>\n<meta name=\"description\" content=\"Dans cette \u00e9mission, nous parlons avec la Dre Natasha Gordon-Chipembere de la discrimination structurelle ancr\u00e9e dans la soci\u00e9t\u00e9 am\u00e9ricaine, une question\" \/>\n<meta name=\"robots\" content=\"index, follow, max-snippet:-1, max-image-preview:large, max-video-preview:-1\" \/>\n<link rel=\"canonical\" href=\"https:\/\/www.pressenza.com\/fr\/2021\/09\/face-2-face-avec-dre-natasha-gordon-chipembere\/\" \/>\n<meta property=\"og:locale\" content=\"fr_FR\" \/>\n<meta property=\"og:type\" content=\"article\" \/>\n<meta property=\"og:title\" content=\"Face 2 Face avec Dre Natasha Gordon-Chipembere\" \/>\n<meta property=\"og:description\" content=\"Dans cette \u00e9mission, nous parlons avec la Dre Natasha Gordon-Chipembere de la discrimination structurelle ancr\u00e9e dans la soci\u00e9t\u00e9 am\u00e9ricaine, une question\" \/>\n<meta property=\"og:url\" content=\"https:\/\/www.pressenza.com\/fr\/2021\/09\/face-2-face-avec-dre-natasha-gordon-chipembere\/\" \/>\n<meta property=\"og:site_name\" content=\"Pressenza\" \/>\n<meta property=\"article:publisher\" content=\"https:\/\/www.facebook.com\/PressenzaItalia\" \/>\n<meta property=\"article:author\" content=\"https:\/\/www.facebook.com\/PressenzaEnglish\/\" \/>\n<meta property=\"article:published_time\" content=\"2021-09-17T14:43:17+00:00\" \/>\n<meta property=\"article:modified_time\" content=\"2021-09-17T14:44:42+00:00\" \/>\n<meta property=\"og:image\" content=\"https:\/\/www.pressenza.com\/wp-content\/uploads\/2020\/06\/Face2FaceShowNumber97-06152020.jpg\" \/>\n\t<meta property=\"og:image:width\" content=\"1920\" \/>\n\t<meta property=\"og:image:height\" content=\"1125\" \/>\n\t<meta property=\"og:image:type\" content=\"image\/jpeg\" \/>\n<meta name=\"author\" content=\"Pressenza New York\" \/>\n<meta name=\"twitter:card\" content=\"summary_large_image\" \/>\n<meta name=\"twitter:creator\" content=\"@PressenzaIPA\" \/>\n<meta name=\"twitter:site\" content=\"@PressenzaIPA\" \/>\n<meta name=\"twitter:label1\" content=\"\u00c9crit par\" \/>\n\t<meta name=\"twitter:data1\" content=\"Pressenza New York\" \/>\n\t<meta name=\"twitter:label2\" content=\"Dur\u00e9e de lecture estim\u00e9e\" \/>\n\t<meta name=\"twitter:data2\" content=\"1 minute\" \/>\n<script type=\"application\/ld+json\" class=\"yoast-schema-graph\">{\"@context\":\"https:\/\/schema.org\",\"@graph\":[{\"@type\":\"Article\",\"@id\":\"https:\/\/www.pressenza.com\/fr\/2021\/09\/face-2-face-avec-dre-natasha-gordon-chipembere\/#article\",\"isPartOf\":{\"@id\":\"https:\/\/www.pressenza.com\/fr\/2021\/09\/face-2-face-avec-dre-natasha-gordon-chipembere\/\"},\"author\":{\"name\":\"Pressenza New York\",\"@id\":\"https:\/\/www.pressenza.com\/fr\/#\/schema\/person\/75ff8ec4b4b03f1d2da977bba83672b3\"},\"headline\":\"Face 2 Face avec Dre Natasha Gordon-Chipembere\",\"datePublished\":\"2021-09-17T14:43:17+00:00\",\"dateModified\":\"2021-09-17T14:44:42+00:00\",\"mainEntityOfPage\":{\"@id\":\"https:\/\/www.pressenza.com\/fr\/2021\/09\/face-2-face-avec-dre-natasha-gordon-chipembere\/\"},\"wordCount\":192,\"publisher\":{\"@id\":\"https:\/\/www.pressenza.com\/fr\/#organization\"},\"image\":{\"@id\":\"https:\/\/www.pressenza.com\/fr\/2021\/09\/face-2-face-avec-dre-natasha-gordon-chipembere\/#primaryimage\"},\"thumbnailUrl\":\"https:\/\/www.pressenza.com\/wp-content\/uploads\/2020\/06\/Face2FaceShowNumber97-06152020.jpg\",\"keywords\":[\"BlackLivesMatter\",\"BLM\",\"discrimination\",\"Droits humains\",\"\u00c9tats-Unis\",\"f2fshow\",\"George Floyd\"],\"articleSection\":[\"Am\u00e9rique du Nord\",\"Contenu Original\",\"Droits humains\",\"Interviews\",\"Video\"],\"inLanguage\":\"fr-FR\"},{\"@type\":\"WebPage\",\"@id\":\"https:\/\/www.pressenza.com\/fr\/2021\/09\/face-2-face-avec-dre-natasha-gordon-chipembere\/\",\"url\":\"https:\/\/www.pressenza.com\/fr\/2021\/09\/face-2-face-avec-dre-natasha-gordon-chipembere\/\",\"name\":\"Face 2 Face avec Dre Natasha Gordon-Chipembere\",\"isPartOf\":{\"@id\":\"https:\/\/www.pressenza.com\/fr\/#website\"},\"primaryImageOfPage\":{\"@id\":\"https:\/\/www.pressenza.com\/fr\/2021\/09\/face-2-face-avec-dre-natasha-gordon-chipembere\/#primaryimage\"},\"image\":{\"@id\":\"https:\/\/www.pressenza.com\/fr\/2021\/09\/face-2-face-avec-dre-natasha-gordon-chipembere\/#primaryimage\"},\"thumbnailUrl\":\"https:\/\/www.pressenza.com\/wp-content\/uploads\/2020\/06\/Face2FaceShowNumber97-06152020.jpg\",\"datePublished\":\"2021-09-17T14:43:17+00:00\",\"dateModified\":\"2021-09-17T14:44:42+00:00\",\"description\":\"Dans cette \u00e9mission, nous parlons avec la Dre Natasha Gordon-Chipembere de la discrimination structurelle ancr\u00e9e dans la soci\u00e9t\u00e9 am\u00e9ricaine, une question\",\"breadcrumb\":{\"@id\":\"https:\/\/www.pressenza.com\/fr\/2021\/09\/face-2-face-avec-dre-natasha-gordon-chipembere\/#breadcrumb\"},\"inLanguage\":\"fr-FR\",\"potentialAction\":[{\"@type\":\"ReadAction\",\"target\":[\"https:\/\/www.pressenza.com\/fr\/2021\/09\/face-2-face-avec-dre-natasha-gordon-chipembere\/\"]}]},{\"@type\":\"ImageObject\",\"inLanguage\":\"fr-FR\",\"@id\":\"https:\/\/www.pressenza.com\/fr\/2021\/09\/face-2-face-avec-dre-natasha-gordon-chipembere\/#primaryimage\",\"url\":\"https:\/\/www.pressenza.com\/wp-content\/uploads\/2020\/06\/Face2FaceShowNumber97-06152020.jpg\",\"contentUrl\":\"https:\/\/www.pressenza.com\/wp-content\/uploads\/2020\/06\/Face2FaceShowNumber97-06152020.jpg\",\"width\":1920,\"height\":1125},{\"@type\":\"BreadcrumbList\",\"@id\":\"https:\/\/www.pressenza.com\/fr\/2021\/09\/face-2-face-avec-dre-natasha-gordon-chipembere\/#breadcrumb\",\"itemListElement\":[{\"@type\":\"ListItem\",\"position\":1,\"name\":\"Accueil\",\"item\":\"https:\/\/www.pressenza.com\/fr\/\"},{\"@type\":\"ListItem\",\"position\":2,\"name\":\"Face 2 Face avec Dre Natasha Gordon-Chipembere\"}]},{\"@type\":\"WebSite\",\"@id\":\"https:\/\/www.pressenza.com\/fr\/#website\",\"url\":\"https:\/\/www.pressenza.com\/fr\/\",\"name\":\"Pressenza\",\"description\":\"International Press Agency\",\"publisher\":{\"@id\":\"https:\/\/www.pressenza.com\/fr\/#organization\"},\"potentialAction\":[{\"@type\":\"SearchAction\",\"target\":{\"@type\":\"EntryPoint\",\"urlTemplate\":\"https:\/\/www.pressenza.com\/fr\/?s={search_term_string}\"},\"query-input\":{\"@type\":\"PropertyValueSpecification\",\"valueRequired\":true,\"valueName\":\"search_term_string\"}}],\"inLanguage\":\"fr-FR\"},{\"@type\":\"Organization\",\"@id\":\"https:\/\/www.pressenza.com\/fr\/#organization\",\"name\":\"Pressenza\",\"url\":\"https:\/\/www.pressenza.com\/fr\/\",\"logo\":{\"@type\":\"ImageObject\",\"inLanguage\":\"fr-FR\",\"@id\":\"https:\/\/www.pressenza.com\/fr\/#\/schema\/logo\/image\/\",\"url\":\"https:\/\/www.pressenza.com\/wp-content\/uploads\/2022\/10\/pressenza_logo_200x200.jpg\",\"contentUrl\":\"https:\/\/www.pressenza.com\/wp-content\/uploads\/2022\/10\/pressenza_logo_200x200.jpg\",\"width\":200,\"height\":200,\"caption\":\"Pressenza\"},\"image\":{\"@id\":\"https:\/\/www.pressenza.com\/fr\/#\/schema\/logo\/image\/\"},\"sameAs\":[\"https:\/\/www.facebook.com\/PressenzaItalia\",\"https:\/\/x.com\/PressenzaIPA\"]},{\"@type\":\"Person\",\"@id\":\"https:\/\/www.pressenza.com\/fr\/#\/schema\/person\/75ff8ec4b4b03f1d2da977bba83672b3\",\"name\":\"Pressenza New York\",\"description\":\"News from the Pressenza Bureau in New York, United States\",\"sameAs\":[\"https:\/\/www.facebook.com\/PressenzaEnglish\/\",\"https:\/\/x.com\/PressenzaIPA\"],\"url\":\"https:\/\/www.pressenza.com\/fr\/author\/pressenza-new-york\/\"}]}<\/script>\n<!-- \/ Yoast SEO plugin. -->","yoast_head_json":{"title":"Face 2 Face avec Dre Natasha Gordon-Chipembere","description":"Dans cette \u00e9mission, nous parlons avec la Dre Natasha Gordon-Chipembere de la discrimination structurelle ancr\u00e9e dans la soci\u00e9t\u00e9 am\u00e9ricaine, une question","robots":{"index":"index","follow":"follow","max-snippet":"max-snippet:-1","max-image-preview":"max-image-preview:large","max-video-preview":"max-video-preview:-1"},"canonical":"https:\/\/www.pressenza.com\/fr\/2021\/09\/face-2-face-avec-dre-natasha-gordon-chipembere\/","og_locale":"fr_FR","og_type":"article","og_title":"Face 2 Face avec Dre Natasha Gordon-Chipembere","og_description":"Dans cette \u00e9mission, nous parlons avec la Dre Natasha Gordon-Chipembere de la discrimination structurelle ancr\u00e9e dans la soci\u00e9t\u00e9 am\u00e9ricaine, une question","og_url":"https:\/\/www.pressenza.com\/fr\/2021\/09\/face-2-face-avec-dre-natasha-gordon-chipembere\/","og_site_name":"Pressenza","article_publisher":"https:\/\/www.facebook.com\/PressenzaItalia","article_author":"https:\/\/www.facebook.com\/PressenzaEnglish\/","article_published_time":"2021-09-17T14:43:17+00:00","article_modified_time":"2021-09-17T14:44:42+00:00","og_image":[{"width":1920,"height":1125,"url":"https:\/\/www.pressenza.com\/wp-content\/uploads\/2020\/06\/Face2FaceShowNumber97-06152020.jpg","type":"image\/jpeg"}],"author":"Pressenza New York","twitter_card":"summary_large_image","twitter_creator":"@PressenzaIPA","twitter_site":"@PressenzaIPA","twitter_misc":{"\u00c9crit par":"Pressenza New York","Dur\u00e9e de lecture estim\u00e9e":"1 minute"},"schema":{"@context":"https:\/\/schema.org","@graph":[{"@type":"Article","@id":"https:\/\/www.pressenza.com\/fr\/2021\/09\/face-2-face-avec-dre-natasha-gordon-chipembere\/#article","isPartOf":{"@id":"https:\/\/www.pressenza.com\/fr\/2021\/09\/face-2-face-avec-dre-natasha-gordon-chipembere\/"},"author":{"name":"Pressenza New York","@id":"https:\/\/www.pressenza.com\/fr\/#\/schema\/person\/75ff8ec4b4b03f1d2da977bba83672b3"},"headline":"Face 2 Face avec Dre Natasha Gordon-Chipembere","datePublished":"2021-09-17T14:43:17+00:00","dateModified":"2021-09-17T14:44:42+00:00","mainEntityOfPage":{"@id":"https:\/\/www.pressenza.com\/fr\/2021\/09\/face-2-face-avec-dre-natasha-gordon-chipembere\/"},"wordCount":192,"publisher":{"@id":"https:\/\/www.pressenza.com\/fr\/#organization"},"image":{"@id":"https:\/\/www.pressenza.com\/fr\/2021\/09\/face-2-face-avec-dre-natasha-gordon-chipembere\/#primaryimage"},"thumbnailUrl":"https:\/\/www.pressenza.com\/wp-content\/uploads\/2020\/06\/Face2FaceShowNumber97-06152020.jpg","keywords":["BlackLivesMatter","BLM","discrimination","Droits humains","\u00c9tats-Unis","f2fshow","George Floyd"],"articleSection":["Am\u00e9rique du Nord","Contenu Original","Droits humains","Interviews","Video"],"inLanguage":"fr-FR"},{"@type":"WebPage","@id":"https:\/\/www.pressenza.com\/fr\/2021\/09\/face-2-face-avec-dre-natasha-gordon-chipembere\/","url":"https:\/\/www.pressenza.com\/fr\/2021\/09\/face-2-face-avec-dre-natasha-gordon-chipembere\/","name":"Face 2 Face avec Dre Natasha Gordon-Chipembere","isPartOf":{"@id":"https:\/\/www.pressenza.com\/fr\/#website"},"primaryImageOfPage":{"@id":"https:\/\/www.pressenza.com\/fr\/2021\/09\/face-2-face-avec-dre-natasha-gordon-chipembere\/#primaryimage"},"image":{"@id":"https:\/\/www.pressenza.com\/fr\/2021\/09\/face-2-face-avec-dre-natasha-gordon-chipembere\/#primaryimage"},"thumbnailUrl":"https:\/\/www.pressenza.com\/wp-content\/uploads\/2020\/06\/Face2FaceShowNumber97-06152020.jpg","datePublished":"2021-09-17T14:43:17+00:00","dateModified":"2021-09-17T14:44:42+00:00","description":"Dans cette \u00e9mission, nous parlons avec la Dre Natasha Gordon-Chipembere de la discrimination structurelle ancr\u00e9e dans la soci\u00e9t\u00e9 am\u00e9ricaine, une question","breadcrumb":{"@id":"https:\/\/www.pressenza.com\/fr\/2021\/09\/face-2-face-avec-dre-natasha-gordon-chipembere\/#breadcrumb"},"inLanguage":"fr-FR","potentialAction":[{"@type":"ReadAction","target":["https:\/\/www.pressenza.com\/fr\/2021\/09\/face-2-face-avec-dre-natasha-gordon-chipembere\/"]}]},{"@type":"ImageObject","inLanguage":"fr-FR","@id":"https:\/\/www.pressenza.com\/fr\/2021\/09\/face-2-face-avec-dre-natasha-gordon-chipembere\/#primaryimage","url":"https:\/\/www.pressenza.com\/wp-content\/uploads\/2020\/06\/Face2FaceShowNumber97-06152020.jpg","contentUrl":"https:\/\/www.pressenza.com\/wp-content\/uploads\/2020\/06\/Face2FaceShowNumber97-06152020.jpg","width":1920,"height":1125},{"@type":"BreadcrumbList","@id":"https:\/\/www.pressenza.com\/fr\/2021\/09\/face-2-face-avec-dre-natasha-gordon-chipembere\/#breadcrumb","itemListElement":[{"@type":"ListItem","position":1,"name":"Accueil","item":"https:\/\/www.pressenza.com\/fr\/"},{"@type":"ListItem","position":2,"name":"Face 2 Face avec Dre Natasha Gordon-Chipembere"}]},{"@type":"WebSite","@id":"https:\/\/www.pressenza.com\/fr\/#website","url":"https:\/\/www.pressenza.com\/fr\/","name":"Pressenza","description":"International Press Agency","publisher":{"@id":"https:\/\/www.pressenza.com\/fr\/#organization"},"potentialAction":[{"@type":"SearchAction","target":{"@type":"EntryPoint","urlTemplate":"https:\/\/www.pressenza.com\/fr\/?s={search_term_string}"},"query-input":{"@type":"PropertyValueSpecification","valueRequired":true,"valueName":"search_term_string"}}],"inLanguage":"fr-FR"},{"@type":"Organization","@id":"https:\/\/www.pressenza.com\/fr\/#organization","name":"Pressenza","url":"https:\/\/www.pressenza.com\/fr\/","logo":{"@type":"ImageObject","inLanguage":"fr-FR","@id":"https:\/\/www.pressenza.com\/fr\/#\/schema\/logo\/image\/","url":"https:\/\/www.pressenza.com\/wp-content\/uploads\/2022\/10\/pressenza_logo_200x200.jpg","contentUrl":"https:\/\/www.pressenza.com\/wp-content\/uploads\/2022\/10\/pressenza_logo_200x200.jpg","width":200,"height":200,"caption":"Pressenza"},"image":{"@id":"https:\/\/www.pressenza.com\/fr\/#\/schema\/logo\/image\/"},"sameAs":["https:\/\/www.facebook.com\/PressenzaItalia","https:\/\/x.com\/PressenzaIPA"]},{"@type":"Person","@id":"https:\/\/www.pressenza.com\/fr\/#\/schema\/person\/75ff8ec4b4b03f1d2da977bba83672b3","name":"Pressenza New York","description":"News from the Pressenza Bureau in New York, United States","sameAs":["https:\/\/www.facebook.com\/PressenzaEnglish\/","https:\/\/x.com\/PressenzaIPA"],"url":"https:\/\/www.pressenza.com\/fr\/author\/pressenza-new-york\/"}]}},"place":"New York, \u00c9tats-Unis","original_article_url":"","_links":{"self":[{"href":"https:\/\/www.pressenza.com\/fr\/wp-json\/wp\/v2\/posts\/1431444","targetHints":{"allow":["GET"]}}],"collection":[{"href":"https:\/\/www.pressenza.com\/fr\/wp-json\/wp\/v2\/posts"}],"about":[{"href":"https:\/\/www.pressenza.com\/fr\/wp-json\/wp\/v2\/types\/post"}],"author":[{"embeddable":true,"href":"https:\/\/www.pressenza.com\/fr\/wp-json\/wp\/v2\/users\/1126"}],"replies":[{"embeddable":true,"href":"https:\/\/www.pressenza.com\/fr\/wp-json\/wp\/v2\/comments?post=1431444"}],"version-history":[{"count":0,"href":"https:\/\/www.pressenza.com\/fr\/wp-json\/wp\/v2\/posts\/1431444\/revisions"}],"wp:featuredmedia":[{"embeddable":true,"href":"https:\/\/www.pressenza.com\/fr\/wp-json\/wp\/v2\/media\/1136004"}],"wp:attachment":[{"href":"https:\/\/www.pressenza.com\/fr\/wp-json\/wp\/v2\/media?parent=1431444"}],"wp:term":[{"taxonomy":"category","embeddable":true,"href":"https:\/\/www.pressenza.com\/fr\/wp-json\/wp\/v2\/categories?post=1431444"},{"taxonomy":"post_tag","embeddable":true,"href":"https:\/\/www.pressenza.com\/fr\/wp-json\/wp\/v2\/tags?post=1431444"}],"curies":[{"name":"wp","href":"https:\/\/api.w.org\/{rel}","templated":true}]}}