{"id":1419633,"date":"2021-08-26T15:58:06","date_gmt":"2021-08-26T14:58:06","guid":{"rendered":"https:\/\/www.pressenza.com\/?p=1419633"},"modified":"2021-08-26T15:58:06","modified_gmt":"2021-08-26T14:58:06","slug":"la-force-sociale-et-interne-de-la-non-violence","status":"publish","type":"post","link":"https:\/\/www.pressenza.com\/fr\/2021\/08\/la-force-sociale-et-interne-de-la-non-violence\/","title":{"rendered":"La force sociale et interne de la non-violence"},"content":{"rendered":"<p><em>Int\u00e9ress\u00e9s par les situations d&rsquo;agitation sociale qui se produisent dans diff\u00e9rentes villes du monde, nous nous sommes r\u00e9unis avec certains de nos amis pour r\u00e9fl\u00e9chir \u00e0 des actions non-violentes.<\/em><\/p>\n<p>Nous avons abord\u00e9 le sujet en identifiant les situations dans lesquelles nous nous sentons violents ; nous avons \u00e9chang\u00e9 sur les racines profondes de la violence ; nous avons fait la diff\u00e9rence entre la violence personnelle et la violence sociale et avons essay\u00e9 de donner des r\u00e9ponses sur les actions qui peuvent permettre de faire progresser la non-violence au niveau social et de surmonter la violence personnelle.<\/p>\n<p>Les diff\u00e9rents bouleversements sociaux qui ont eu lieu r\u00e9cemment dans diverses parties du monde nous alertent sur l&rsquo;avanc\u00e9e de cette tendance. Bien qu&rsquo;\u00e0 chaque fois les protestations aient eu leurs propres caract\u00e9ristiques, la situation qui a conduit \u00e0 ces contestations est partout similaire. La population a d\u00e9montr\u00e9 son rejet d&rsquo;un syst\u00e8me marqu\u00e9 par l&rsquo;in\u00e9galit\u00e9, l&rsquo;injustice, l&rsquo;exclusion et l&rsquo;abus de pouvoir d&rsquo;une \u00e9lite qui exclut une grande partie de la population des besoins fondamentaux tels que l&rsquo;\u00e9ducation, la sant\u00e9, et le logement. Un syst\u00e8me qui a g\u00e9n\u00e9r\u00e9 tellement de violence dans les communaut\u00e9s que les gens ont r\u00e9pondu par des manifestations de masse, parfois par des actes violents, mais dans la plupart des cas par des actions non-violentes.<\/p>\n<p><strong>Nous nous sommes demand\u00e9 : quelle a \u00e9t\u00e9 la force motrice qui a pouss\u00e9 de nombreux collectifs \u00e0 donner une r\u00e9ponse non-violente ? Et quelle est la r\u00e9ponse non-violente que nous pouvons donner dans ce moment historique ?<\/strong><\/p>\n<p>L&rsquo;\u00e9change a commenc\u00e9 par un dialogue sur les situations qui nous violentent \u00e0 un niveau personnel. Nous reconnaissons une violence interne, caus\u00e9e par une violence externe qui provient d&rsquo;un syst\u00e8me injuste, discriminant et qui exclut, qui r\u00e9duit nos droits fondamentaux, et nous soumet \u00e0 des situations de forte pression.<\/p>\n<p>Il s&rsquo;agit d&rsquo;un syst\u00e8me qui, d\u00e8s ses origines, a d\u00e9j\u00e0 implant\u00e9 la violence comme r\u00e9ponse aux situations d&rsquo;instabilit\u00e9. Une r\u00e9ponse qui conduit \u00e0 la vengeance et au ressentiment. Nous sommes conscients de vouloir un changement dans cette fa\u00e7on d&rsquo;agir si profond\u00e9ment ancr\u00e9e, h\u00e9rit\u00e9e d&rsquo;un pass\u00e9 qui n&rsquo;a plus rien \u00e0 voir avec le monde auquel nous aspirons.<\/p>\n<p>Nous voyons \u00e9galement comment des mouvements spontan\u00e9s, certains organis\u00e9s, d&rsquo;autres pas, d\u00e9cident d&rsquo;arr\u00eater les situations de violence par des r\u00e9ponses qui l&#8217;emp\u00eachent de progresser. Nous voulons nous placer dans cette optique, renforcer et diffuser ce type de r\u00e9ponse. C&rsquo;est la raison qui nous rassemble, pour sortir plus forts dans le monde et proposer une action non-violente.<\/p>\n<p>Nous reconnaissons que pour surmonter ce qui nous fait violence, surtout sur le plan personnel, il existe des outils de travail interne qui nous aident \u00e0 le faire. Donner une r\u00e9ponse individuelle non-violente \u00e0 ces situations est possible \u00e0 partir d&rsquo;un \u00e9tat de conscience plus lucide, plus \u00e9veill\u00e9. Dans la mesure o\u00f9 nous sommes attentifs, nous pouvons diff\u00e9rer la r\u00e9ponse et ainsi donner une r\u00e9ponse non-violente. En d&rsquo;autres termes, cette attitude de r\u00e9ponse non-violente d\u00e9coule de quelque chose d&rsquo;interne, de quelque chose de profond, ce n&rsquo;est pas seulement une forme de lutte, ce n&rsquo;est pas seulement une question morale, la non-violence est un mode de vie.<\/p>\n<p>Dans ce sens, un ami fait remarquer que l&rsquo;attitude non-violente est un mode de vie, il faut \u00eatre tr\u00e8s connect\u00e9 \u00e0 quelque chose de profond pour avoir une attitude non-violente dans sa vie. Une autre amie fait remarquer que vaincre la violence signifie surmonter le ressentiment et le d\u00e9sir de vengeance, tant sur le plan personnel que social. Quelqu&rsquo;un d&rsquo;autre indique que la poursuite des d\u00e9sirs est une source de souffrance et de violence.<\/p>\n<p><strong>Mais quelles r\u00e9ponses communes pouvons-nous donner \u00e0 la violence d&rsquo;un syst\u00e8me injuste et discriminant ?<\/strong><\/p>\n<p>Ignorer la violence ou la taire, c&rsquo;est agir avec une r\u00e9ponse violente, note une commentatrice. Au contraire, la d\u00e9noncer, la prendre en charge ou lui donner une issue, serait une action non-violente.<\/p>\n<p>De ce point de vue, beaucoup de nos actions quotidiennes peuvent \u00eatre d\u00e9finies comme des actions non-violentes. Lorsque je d\u00e9nonce une situation discriminante en \u00e9crivant un article, ou lorsque je m&rsquo;oppose \u00e0 une situation d&rsquo;abus, ou lorsque je m&rsquo;exprime pacifiquement contre l&rsquo;injustice, ou lorsque je m&rsquo;oppose de mani\u00e8re non-violente \u00e0 l&rsquo;application d&rsquo;une loi injuste, lorsque je me joins \u00e0 d&rsquo;autres pour faire progresser notre croissance personnelle, ou pour nous connecter \u00e0 notre moi int\u00e9rieur, lorsque je traite les autres comme j&rsquo;aimerais \u00eatre trait\u00e9, j\u2019accomplis des actions non-violentes et je r\u00e9ponds \u00e0 un syst\u00e8me violent.<\/p>\n<p>&nbsp;<\/p>\n<p>\u2014Cet \u00a0article a \u00e9t\u00e9 publi\u00e9 sur Pressenza le 10-12-2019<\/p>\n<p>Traduction de l&rsquo;espagnol : Ginette Baudelet<\/p>\n","protected":false},"excerpt":{"rendered":"<p>Int\u00e9ress\u00e9s par les situations d&rsquo;agitation sociale qui se produisent dans diff\u00e9rentes villes du monde, nous nous sommes r\u00e9unis avec certains de nos amis pour r\u00e9fl\u00e9chir \u00e0 des actions non-violentes. Nous avons abord\u00e9 le sujet en identifiant les situations dans lesquelles&hellip;<\/p>\n","protected":false},"author":1691,"featured_media":1411141,"comment_status":"closed","ping_status":"closed","sticky":false,"template":"","format":"standard","meta":{"footnotes":""},"categories":[11386,1246,163],"tags":[80373,28903],"class_list":["post-1419633","post","type-post","status-publish","format-standard","has-post-thumbnail","hentry","category-contenu-original","category-humanisme-spiritualite","category-opinion-fr","tag-methodologie-de-la-non-violence-active","tag-non-violence"],"yoast_head":"<!-- This site is optimized with the Yoast SEO plugin v27.1.1 - https:\/\/yoast.com\/product\/yoast-seo-wordpress\/ -->\n<title>La force sociale et interne de la non-violence<\/title>\n<meta name=\"description\" content=\"Int\u00e9ress\u00e9s par les situations d&#039;agitation sociale qui se produisent dans diff\u00e9rentes villes du monde, nous nous sommes r\u00e9unis avec certains de nos amis\" \/>\n<meta name=\"robots\" content=\"index, follow, max-snippet:-1, max-image-preview:large, max-video-preview:-1\" \/>\n<link rel=\"canonical\" href=\"https:\/\/www.pressenza.com\/fr\/2021\/08\/la-force-sociale-et-interne-de-la-non-violence\/\" \/>\n<meta property=\"og:locale\" content=\"fr_FR\" \/>\n<meta property=\"og:type\" content=\"article\" \/>\n<meta property=\"og:title\" content=\"La force sociale et interne de la non-violence\" \/>\n<meta property=\"og:description\" content=\"Int\u00e9ress\u00e9s par les situations d&#039;agitation sociale qui se produisent dans diff\u00e9rentes villes du monde, nous nous sommes r\u00e9unis avec certains de nos amis\" \/>\n<meta property=\"og:url\" content=\"https:\/\/www.pressenza.com\/fr\/2021\/08\/la-force-sociale-et-interne-de-la-non-violence\/\" \/>\n<meta property=\"og:site_name\" content=\"Pressenza\" \/>\n<meta property=\"article:publisher\" content=\"https:\/\/www.facebook.com\/PressenzaItalia\" \/>\n<meta property=\"article:published_time\" content=\"2021-08-26T14:58:06+00:00\" \/>\n<meta property=\"og:image\" content=\"https:\/\/www.pressenza.com\/wp-content\/uploads\/2021\/08\/D42A81C2-45EA-46CE-84C0-9F43F3FC602C.jpeg\" \/>\n\t<meta property=\"og:image:width\" content=\"1000\" \/>\n\t<meta property=\"og:image:height\" content=\"750\" \/>\n\t<meta property=\"og:image:type\" content=\"image\/jpeg\" \/>\n<meta name=\"author\" content=\"\u00c0gora Humanista\" \/>\n<meta name=\"twitter:card\" content=\"summary_large_image\" \/>\n<meta name=\"twitter:creator\" content=\"@PressenzaIPA\" \/>\n<meta name=\"twitter:site\" content=\"@PressenzaIPA\" \/>\n<meta name=\"twitter:label1\" content=\"\u00c9crit par\" \/>\n\t<meta name=\"twitter:data1\" content=\"\u00c0gora Humanista\" \/>\n\t<meta name=\"twitter:label2\" content=\"Dur\u00e9e de lecture estim\u00e9e\" \/>\n\t<meta name=\"twitter:data2\" content=\"4 minutes\" \/>\n<script type=\"application\/ld+json\" class=\"yoast-schema-graph\">{\"@context\":\"https:\/\/schema.org\",\"@graph\":[{\"@type\":\"Article\",\"@id\":\"https:\/\/www.pressenza.com\/fr\/2021\/08\/la-force-sociale-et-interne-de-la-non-violence\/#article\",\"isPartOf\":{\"@id\":\"https:\/\/www.pressenza.com\/fr\/2021\/08\/la-force-sociale-et-interne-de-la-non-violence\/\"},\"author\":{\"name\":\"\u00c0gora Humanista\",\"@id\":\"https:\/\/www.pressenza.com\/fr\/#\/schema\/person\/0148578445cadbbd1d1adc35f7ab4f96\"},\"headline\":\"La force sociale et interne de la non-violence\",\"datePublished\":\"2021-08-26T14:58:06+00:00\",\"mainEntityOfPage\":{\"@id\":\"https:\/\/www.pressenza.com\/fr\/2021\/08\/la-force-sociale-et-interne-de-la-non-violence\/\"},\"wordCount\":838,\"publisher\":{\"@id\":\"https:\/\/www.pressenza.com\/fr\/#organization\"},\"image\":{\"@id\":\"https:\/\/www.pressenza.com\/fr\/2021\/08\/la-force-sociale-et-interne-de-la-non-violence\/#primaryimage\"},\"thumbnailUrl\":\"https:\/\/www.pressenza.com\/wp-content\/uploads\/2021\/08\/D42A81C2-45EA-46CE-84C0-9F43F3FC602C.jpeg\",\"keywords\":[\"M\u00e9thodologie de la non-violence active\",\"non-violence\"],\"articleSection\":[\"Contenu Original\",\"Humanisme et Spiritualit\u00e9\",\"Opinion\"],\"inLanguage\":\"fr-FR\"},{\"@type\":\"WebPage\",\"@id\":\"https:\/\/www.pressenza.com\/fr\/2021\/08\/la-force-sociale-et-interne-de-la-non-violence\/\",\"url\":\"https:\/\/www.pressenza.com\/fr\/2021\/08\/la-force-sociale-et-interne-de-la-non-violence\/\",\"name\":\"La force sociale et interne de la non-violence\",\"isPartOf\":{\"@id\":\"https:\/\/www.pressenza.com\/fr\/#website\"},\"primaryImageOfPage\":{\"@id\":\"https:\/\/www.pressenza.com\/fr\/2021\/08\/la-force-sociale-et-interne-de-la-non-violence\/#primaryimage\"},\"image\":{\"@id\":\"https:\/\/www.pressenza.com\/fr\/2021\/08\/la-force-sociale-et-interne-de-la-non-violence\/#primaryimage\"},\"thumbnailUrl\":\"https:\/\/www.pressenza.com\/wp-content\/uploads\/2021\/08\/D42A81C2-45EA-46CE-84C0-9F43F3FC602C.jpeg\",\"datePublished\":\"2021-08-26T14:58:06+00:00\",\"description\":\"Int\u00e9ress\u00e9s par les situations d'agitation sociale qui se produisent dans diff\u00e9rentes villes du monde, nous nous sommes r\u00e9unis avec certains de nos amis\",\"breadcrumb\":{\"@id\":\"https:\/\/www.pressenza.com\/fr\/2021\/08\/la-force-sociale-et-interne-de-la-non-violence\/#breadcrumb\"},\"inLanguage\":\"fr-FR\",\"potentialAction\":[{\"@type\":\"ReadAction\",\"target\":[\"https:\/\/www.pressenza.com\/fr\/2021\/08\/la-force-sociale-et-interne-de-la-non-violence\/\"]}]},{\"@type\":\"ImageObject\",\"inLanguage\":\"fr-FR\",\"@id\":\"https:\/\/www.pressenza.com\/fr\/2021\/08\/la-force-sociale-et-interne-de-la-non-violence\/#primaryimage\",\"url\":\"https:\/\/www.pressenza.com\/wp-content\/uploads\/2021\/08\/D42A81C2-45EA-46CE-84C0-9F43F3FC602C.jpeg\",\"contentUrl\":\"https:\/\/www.pressenza.com\/wp-content\/uploads\/2021\/08\/D42A81C2-45EA-46CE-84C0-9F43F3FC602C.jpeg\",\"width\":1000,\"height\":750,\"caption\":\"Image de Flower Thrower par Banksy\"},{\"@type\":\"BreadcrumbList\",\"@id\":\"https:\/\/www.pressenza.com\/fr\/2021\/08\/la-force-sociale-et-interne-de-la-non-violence\/#breadcrumb\",\"itemListElement\":[{\"@type\":\"ListItem\",\"position\":1,\"name\":\"Accueil\",\"item\":\"https:\/\/www.pressenza.com\/fr\/\"},{\"@type\":\"ListItem\",\"position\":2,\"name\":\"La force sociale et interne de la non-violence\"}]},{\"@type\":\"WebSite\",\"@id\":\"https:\/\/www.pressenza.com\/fr\/#website\",\"url\":\"https:\/\/www.pressenza.com\/fr\/\",\"name\":\"Pressenza\",\"description\":\"International Press Agency\",\"publisher\":{\"@id\":\"https:\/\/www.pressenza.com\/fr\/#organization\"},\"potentialAction\":[{\"@type\":\"SearchAction\",\"target\":{\"@type\":\"EntryPoint\",\"urlTemplate\":\"https:\/\/www.pressenza.com\/fr\/?s={search_term_string}\"},\"query-input\":{\"@type\":\"PropertyValueSpecification\",\"valueRequired\":true,\"valueName\":\"search_term_string\"}}],\"inLanguage\":\"fr-FR\"},{\"@type\":\"Organization\",\"@id\":\"https:\/\/www.pressenza.com\/fr\/#organization\",\"name\":\"Pressenza\",\"url\":\"https:\/\/www.pressenza.com\/fr\/\",\"logo\":{\"@type\":\"ImageObject\",\"inLanguage\":\"fr-FR\",\"@id\":\"https:\/\/www.pressenza.com\/fr\/#\/schema\/logo\/image\/\",\"url\":\"https:\/\/www.pressenza.com\/wp-content\/uploads\/2022\/10\/pressenza_logo_200x200.jpg\",\"contentUrl\":\"https:\/\/www.pressenza.com\/wp-content\/uploads\/2022\/10\/pressenza_logo_200x200.jpg\",\"width\":200,\"height\":200,\"caption\":\"Pressenza\"},\"image\":{\"@id\":\"https:\/\/www.pressenza.com\/fr\/#\/schema\/logo\/image\/\"},\"sameAs\":[\"https:\/\/www.facebook.com\/PressenzaItalia\",\"https:\/\/x.com\/PressenzaIPA\"]},{\"@type\":\"Person\",\"@id\":\"https:\/\/www.pressenza.com\/fr\/#\/schema\/person\/0148578445cadbbd1d1adc35f7ab4f96\",\"name\":\"\u00c0gora Humanista\",\"description\":\"\u00c0gora Humanista es un centro socio-cultural ubicado en Barcelona, que abri\u00f3 sus puertas en 2007. Sus promotores se han inspirado en las propuestas del Nuevo Humanismo Universalista. Partiendo de la convicci\u00f3n de que el conjunto mejora al individuo, se organizan encuentros abiertos peri\u00f3dicos para intercambiar sobre temas propuestos por los participantes, en torno a tem\u00e1ticas acordes con el cambio personal y social, la evoluci\u00f3n de la conciencia, los procesos hist\u00f3ricos y la espiritualidad; en estos debates, se intenta profundizar a partir de experiencias personales, adem\u00e1s de los aportes te\u00f3ricos de los participantes. http:\/\/agora9b.blogspot.com\/\",\"sameAs\":[\"http:\/\/agora9b.blogspot.com\/\"],\"url\":\"https:\/\/www.pressenza.com\/fr\/author\/agora-humanista\/\"}]}<\/script>\n<!-- \/ Yoast SEO plugin. -->","yoast_head_json":{"title":"La force sociale et interne de la non-violence","description":"Int\u00e9ress\u00e9s par les situations d'agitation sociale qui se produisent dans diff\u00e9rentes villes du monde, nous nous sommes r\u00e9unis avec certains de nos amis","robots":{"index":"index","follow":"follow","max-snippet":"max-snippet:-1","max-image-preview":"max-image-preview:large","max-video-preview":"max-video-preview:-1"},"canonical":"https:\/\/www.pressenza.com\/fr\/2021\/08\/la-force-sociale-et-interne-de-la-non-violence\/","og_locale":"fr_FR","og_type":"article","og_title":"La force sociale et interne de la non-violence","og_description":"Int\u00e9ress\u00e9s par les situations d'agitation sociale qui se produisent dans diff\u00e9rentes villes du monde, nous nous sommes r\u00e9unis avec certains de nos amis","og_url":"https:\/\/www.pressenza.com\/fr\/2021\/08\/la-force-sociale-et-interne-de-la-non-violence\/","og_site_name":"Pressenza","article_publisher":"https:\/\/www.facebook.com\/PressenzaItalia","article_published_time":"2021-08-26T14:58:06+00:00","og_image":[{"width":1000,"height":750,"url":"https:\/\/www.pressenza.com\/wp-content\/uploads\/2021\/08\/D42A81C2-45EA-46CE-84C0-9F43F3FC602C.jpeg","type":"image\/jpeg"}],"author":"\u00c0gora Humanista","twitter_card":"summary_large_image","twitter_creator":"@PressenzaIPA","twitter_site":"@PressenzaIPA","twitter_misc":{"\u00c9crit par":"\u00c0gora Humanista","Dur\u00e9e de lecture estim\u00e9e":"4 minutes"},"schema":{"@context":"https:\/\/schema.org","@graph":[{"@type":"Article","@id":"https:\/\/www.pressenza.com\/fr\/2021\/08\/la-force-sociale-et-interne-de-la-non-violence\/#article","isPartOf":{"@id":"https:\/\/www.pressenza.com\/fr\/2021\/08\/la-force-sociale-et-interne-de-la-non-violence\/"},"author":{"name":"\u00c0gora Humanista","@id":"https:\/\/www.pressenza.com\/fr\/#\/schema\/person\/0148578445cadbbd1d1adc35f7ab4f96"},"headline":"La force sociale et interne de la non-violence","datePublished":"2021-08-26T14:58:06+00:00","mainEntityOfPage":{"@id":"https:\/\/www.pressenza.com\/fr\/2021\/08\/la-force-sociale-et-interne-de-la-non-violence\/"},"wordCount":838,"publisher":{"@id":"https:\/\/www.pressenza.com\/fr\/#organization"},"image":{"@id":"https:\/\/www.pressenza.com\/fr\/2021\/08\/la-force-sociale-et-interne-de-la-non-violence\/#primaryimage"},"thumbnailUrl":"https:\/\/www.pressenza.com\/wp-content\/uploads\/2021\/08\/D42A81C2-45EA-46CE-84C0-9F43F3FC602C.jpeg","keywords":["M\u00e9thodologie de la non-violence active","non-violence"],"articleSection":["Contenu Original","Humanisme et Spiritualit\u00e9","Opinion"],"inLanguage":"fr-FR"},{"@type":"WebPage","@id":"https:\/\/www.pressenza.com\/fr\/2021\/08\/la-force-sociale-et-interne-de-la-non-violence\/","url":"https:\/\/www.pressenza.com\/fr\/2021\/08\/la-force-sociale-et-interne-de-la-non-violence\/","name":"La force sociale et interne de la non-violence","isPartOf":{"@id":"https:\/\/www.pressenza.com\/fr\/#website"},"primaryImageOfPage":{"@id":"https:\/\/www.pressenza.com\/fr\/2021\/08\/la-force-sociale-et-interne-de-la-non-violence\/#primaryimage"},"image":{"@id":"https:\/\/www.pressenza.com\/fr\/2021\/08\/la-force-sociale-et-interne-de-la-non-violence\/#primaryimage"},"thumbnailUrl":"https:\/\/www.pressenza.com\/wp-content\/uploads\/2021\/08\/D42A81C2-45EA-46CE-84C0-9F43F3FC602C.jpeg","datePublished":"2021-08-26T14:58:06+00:00","description":"Int\u00e9ress\u00e9s par les situations d'agitation sociale qui se produisent dans diff\u00e9rentes villes du monde, nous nous sommes r\u00e9unis avec certains de nos amis","breadcrumb":{"@id":"https:\/\/www.pressenza.com\/fr\/2021\/08\/la-force-sociale-et-interne-de-la-non-violence\/#breadcrumb"},"inLanguage":"fr-FR","potentialAction":[{"@type":"ReadAction","target":["https:\/\/www.pressenza.com\/fr\/2021\/08\/la-force-sociale-et-interne-de-la-non-violence\/"]}]},{"@type":"ImageObject","inLanguage":"fr-FR","@id":"https:\/\/www.pressenza.com\/fr\/2021\/08\/la-force-sociale-et-interne-de-la-non-violence\/#primaryimage","url":"https:\/\/www.pressenza.com\/wp-content\/uploads\/2021\/08\/D42A81C2-45EA-46CE-84C0-9F43F3FC602C.jpeg","contentUrl":"https:\/\/www.pressenza.com\/wp-content\/uploads\/2021\/08\/D42A81C2-45EA-46CE-84C0-9F43F3FC602C.jpeg","width":1000,"height":750,"caption":"Image de Flower Thrower par Banksy"},{"@type":"BreadcrumbList","@id":"https:\/\/www.pressenza.com\/fr\/2021\/08\/la-force-sociale-et-interne-de-la-non-violence\/#breadcrumb","itemListElement":[{"@type":"ListItem","position":1,"name":"Accueil","item":"https:\/\/www.pressenza.com\/fr\/"},{"@type":"ListItem","position":2,"name":"La force sociale et interne de la non-violence"}]},{"@type":"WebSite","@id":"https:\/\/www.pressenza.com\/fr\/#website","url":"https:\/\/www.pressenza.com\/fr\/","name":"Pressenza","description":"International Press Agency","publisher":{"@id":"https:\/\/www.pressenza.com\/fr\/#organization"},"potentialAction":[{"@type":"SearchAction","target":{"@type":"EntryPoint","urlTemplate":"https:\/\/www.pressenza.com\/fr\/?s={search_term_string}"},"query-input":{"@type":"PropertyValueSpecification","valueRequired":true,"valueName":"search_term_string"}}],"inLanguage":"fr-FR"},{"@type":"Organization","@id":"https:\/\/www.pressenza.com\/fr\/#organization","name":"Pressenza","url":"https:\/\/www.pressenza.com\/fr\/","logo":{"@type":"ImageObject","inLanguage":"fr-FR","@id":"https:\/\/www.pressenza.com\/fr\/#\/schema\/logo\/image\/","url":"https:\/\/www.pressenza.com\/wp-content\/uploads\/2022\/10\/pressenza_logo_200x200.jpg","contentUrl":"https:\/\/www.pressenza.com\/wp-content\/uploads\/2022\/10\/pressenza_logo_200x200.jpg","width":200,"height":200,"caption":"Pressenza"},"image":{"@id":"https:\/\/www.pressenza.com\/fr\/#\/schema\/logo\/image\/"},"sameAs":["https:\/\/www.facebook.com\/PressenzaItalia","https:\/\/x.com\/PressenzaIPA"]},{"@type":"Person","@id":"https:\/\/www.pressenza.com\/fr\/#\/schema\/person\/0148578445cadbbd1d1adc35f7ab4f96","name":"\u00c0gora Humanista","description":"\u00c0gora Humanista es un centro socio-cultural ubicado en Barcelona, que abri\u00f3 sus puertas en 2007. Sus promotores se han inspirado en las propuestas del Nuevo Humanismo Universalista. Partiendo de la convicci\u00f3n de que el conjunto mejora al individuo, se organizan encuentros abiertos peri\u00f3dicos para intercambiar sobre temas propuestos por los participantes, en torno a tem\u00e1ticas acordes con el cambio personal y social, la evoluci\u00f3n de la conciencia, los procesos hist\u00f3ricos y la espiritualidad; en estos debates, se intenta profundizar a partir de experiencias personales, adem\u00e1s de los aportes te\u00f3ricos de los participantes. http:\/\/agora9b.blogspot.com\/","sameAs":["http:\/\/agora9b.blogspot.com\/"],"url":"https:\/\/www.pressenza.com\/fr\/author\/agora-humanista\/"}]}},"place":"","original_article_url":"","_links":{"self":[{"href":"https:\/\/www.pressenza.com\/fr\/wp-json\/wp\/v2\/posts\/1419633","targetHints":{"allow":["GET"]}}],"collection":[{"href":"https:\/\/www.pressenza.com\/fr\/wp-json\/wp\/v2\/posts"}],"about":[{"href":"https:\/\/www.pressenza.com\/fr\/wp-json\/wp\/v2\/types\/post"}],"author":[{"embeddable":true,"href":"https:\/\/www.pressenza.com\/fr\/wp-json\/wp\/v2\/users\/1691"}],"replies":[{"embeddable":true,"href":"https:\/\/www.pressenza.com\/fr\/wp-json\/wp\/v2\/comments?post=1419633"}],"version-history":[{"count":0,"href":"https:\/\/www.pressenza.com\/fr\/wp-json\/wp\/v2\/posts\/1419633\/revisions"}],"wp:featuredmedia":[{"embeddable":true,"href":"https:\/\/www.pressenza.com\/fr\/wp-json\/wp\/v2\/media\/1411141"}],"wp:attachment":[{"href":"https:\/\/www.pressenza.com\/fr\/wp-json\/wp\/v2\/media?parent=1419633"}],"wp:term":[{"taxonomy":"category","embeddable":true,"href":"https:\/\/www.pressenza.com\/fr\/wp-json\/wp\/v2\/categories?post=1419633"},{"taxonomy":"post_tag","embeddable":true,"href":"https:\/\/www.pressenza.com\/fr\/wp-json\/wp\/v2\/tags?post=1419633"}],"curies":[{"name":"wp","href":"https:\/\/api.w.org\/{rel}","templated":true}]}}