{"id":141827,"date":"2014-10-22T20:33:53","date_gmt":"2014-10-22T19:33:53","guid":{"rendered":"http:\/\/www.pressenza.com\/?p=141827"},"modified":"2016-03-30T18:49:33","modified_gmt":"2016-03-30T17:49:33","slug":"decouverte-lhumain-du-monde-ce-etabli-vers-celui-liberte","status":"publish","type":"post","link":"https:\/\/www.pressenza.com\/fr\/2014\/10\/decouverte-lhumain-du-monde-ce-etabli-vers-celui-liberte\/","title":{"rendered":"\u201cA la d\u00e9couverte de l\u2019Humain &#8211; du monde de ce qui est \u00e9tabli vers celui de la libert\u00e9\u201d"},"content":{"rendered":"<p><b>\u201cA la d\u00e9couverte de l\u2019Humain &#8211; du monde de ce qui est \u00e9tabli vers celui de la libert\u00e9\u201d est une invitation \u00e0 rendre possible un nouveau regard sur l\u2019\u00eatre humain. <\/b><\/p>\n<p><b>C\u2019est aussi le th\u00e8me du IV\u00e8me symposium du Centre Mondial d\u2019\u00c9tudes humanistes.<\/b><\/p>\n<p><b>Dit autrement, cette rencontre se veut \u00eatre un moment d\u2019\u00e9change et d\u2019exp\u00e9rience sur une Humanit\u00e9 qui commence \u00e0 se d\u00e9couvrir elle-m\u00eame et avance sur les nouveaux chemins de sa lib\u00e9ration.<\/b><\/p>\n<p>&nbsp;<\/p>\n<p>Pour le Centre Mondial d\u2019\u00c9tudes Humanistes\u00a0 (CMEH) organiser des symposiums internationaux sur des th\u00e9matiques novatrices est dans s\u2019inscrit dans son histoire.<br \/>\nCitons pour m\u00e9moire les sujets des rencontres pr\u00e9c\u00e9dentes : \u00ab\u00a0L&rsquo;\u00e9thique dans la Connaissance\u00a0\u00bb, ou \u201cFondements de la Nouvelle Civilisation\u201d et enfin \u00ab\u00a0D\u2019Einstein \u00e0 Magritte\u00a0: au-del\u00e0 de nos v\u00e9rit\u00e9s\u00a0\u00bb concernant celui qui s\u2019est d\u00e9roul\u00e9 \u00e0 Paris en d\u00e9cembre 2013.<\/p>\n<p>&nbsp;<\/p>\n<p>Il faut rappeler que le Centre Mondial d\u2019\u00c9tudes Humanistes se d\u00e9die \u00e0 l&rsquo;\u00e9tude, la recherche et la diffusion de la pens\u00e9e et de la vision de l&rsquo;Humanisme Universaliste et son application aux probl\u00e8mes de la soci\u00e9t\u00e9 et de la science actuelle.<\/p>\n<p>Il promeut le d\u00e9veloppement de la connaissance au-del\u00e0 des limites impos\u00e9es au savoir par des pr\u00e9jug\u00e9s admis comme v\u00e9rit\u00e9s absolues, ainsi que la pens\u00e9e structurelle, dynamique, relationnelle et critique.<\/p>\n<p>&nbsp;<\/p>\n<p>Ces \u00e9tudes et recherches ayant pour vocation d\u2019\u00eatre partag\u00e9es, rien d\u2019\u00e9tonnant donc qu\u2019un autre symposium s\u2019annonce, portant la th\u00e9matique \u201cA la d\u00e9couverte de l\u2019Humain &#8211; du monde de ce qui est \u00e9tabli vers celui de la libert\u00e9\u201d.<\/p>\n<p>Celui-ci se d\u00e9roulera les 1er et 2 novembre prochain au Parc d\u2019\u00c9tude et de R\u00e9flexion d\u2019 Attiligano, pr\u00e8s de Rome en Italie et simultan\u00e9ment au Parc d\u2019\u00c9tude et de R\u00e9flexion de Manantiales non loin de Santiago au Chili et s\u2019articulera autour de conf\u00e9rences et de tables rondes faisant \u00e9cho au th\u00e8me choisi.<\/p>\n<p>Arguant que ce qui a \u00e9t\u00e9 \u00e9tabli ne fonctionne plus et que ce qui adviendra n\u2019est pas encore d\u00e9fini, les intervenants s\u2019attacheront \u00e0 d\u00e9montrer avec leurs expos\u00e9s que des changements intentionnels et profonds sont en train d\u2019\u00e9merger.<\/p>\n<p>&nbsp;<\/p>\n<p>L\u2019objectif de ce symposium est bien de poser un nouveau regard sur l\u2019\u00eatre humain.<\/p>\n<p>Un regard qui tienne compte de sa capacit\u00e9 \u00e0 sortir des d\u00e9terminismes, qui affirme sa dynamique sociale et historique, qui connecte ses potentialit\u00e9s avec ce qui est transcendant.<br \/>\nQuel nouvel \u00eatre humain pourrait surgir si celui-ci devient la valeur et la pr\u00e9occupation centrale et que tout son potentiel s\u2019exprime enfin ?<\/p>\n<p>Comment la soci\u00e9t\u00e9 peut-elle \u00e9voluer, si le meilleur de l\u2019\u00eatre humain se manifeste avec une attitude intentionnelle de non-violence active ?<\/p>\n<p>Quels nouveaux mod\u00e8les d\u2019organisation sociale pourraient surgir gr\u00e2ce \u00e0 ce nouveau regard qui part de la vie m\u00eame ?<\/p>\n<p>La proposition est bien de r\u00e9pondre \u00e0 ces interrogations en participant \u00e0 une r\u00e9flexion collective.<\/p>\n<p>&nbsp;<\/p>\n<p>Des conf\u00e9renciers de plusieurs nationalit\u00e9s interviendront dont un fran\u00e7ais,\u00a0invit\u00e9 par le Centre d\u2019\u00c9tudes Humanistes de Paris, Robert Nageli, illustrateur-graphiste. Son expos\u00e9 s\u2019intitule : \u201cL&rsquo;imagination cr\u00e9atrice, une arme de construction massive\u201d.<\/p>\n<p>Pour participer \u00a0et rester inform\u00e9 :<\/p>\n<p>http:\/\/europa2014.worldsymposium.org<\/p>\n<p>https:\/\/www.facebook.com\/humanistworldsymposium?ref=hl<\/p>\n","protected":false},"excerpt":{"rendered":"<p>\u201cA la d\u00e9couverte de l\u2019Humain &#8211; du monde de ce qui est \u00e9tabli vers celui de la libert\u00e9\u201d est une invitation \u00e0 rendre possible un nouveau regard sur l\u2019\u00eatre humain. C\u2019est aussi le th\u00e8me du IV\u00e8me symposium du Centre Mondial&hellip;<\/p>\n","protected":false},"author":1058,"featured_media":141829,"comment_status":"closed","ping_status":"open","sticky":false,"template":"","format":"standard","meta":{"footnotes":""},"categories":[86,151,85,1248],"tags":[1349,12964,8258,458,12965,12966,7634],"class_list":["post-141827","post","type-post","status-publish","format-standard","has-post-thumbnail","hentry","category-amerique-du-sud","category-communique-de-presse","category-europe-fr","category-nonviolence-sujet","tag-centre-detudes-humanistes","tag-intentionalite","tag-liberte","tag-nonviolence-en","tag-nouveau-regard","tag-nouvel-etre-humain","tag-symposium-en"],"yoast_head":"<!-- This site is optimized with the Yoast SEO plugin v27.1.1 - https:\/\/yoast.com\/product\/yoast-seo-wordpress\/ -->\n<title>\u201cA la d\u00e9couverte de l\u2019Humain - du monde de ce qui est \u00e9tabli vers celui de la libert\u00e9\u201d<\/title>\n<meta name=\"description\" content=\"\u201cA la d\u00e9couverte de l\u2019Humain - du monde de ce qui est \u00e9tabli vers celui de la libert\u00e9\u201d est une invitation \u00e0 rendre possible un nouveau regard sur l\u2019\u00eatre\" \/>\n<meta name=\"robots\" content=\"index, follow, max-snippet:-1, max-image-preview:large, max-video-preview:-1\" \/>\n<link rel=\"canonical\" href=\"https:\/\/www.pressenza.com\/fr\/2014\/10\/decouverte-lhumain-du-monde-ce-etabli-vers-celui-liberte\/\" \/>\n<meta property=\"og:locale\" content=\"fr_FR\" \/>\n<meta property=\"og:type\" content=\"article\" \/>\n<meta property=\"og:title\" content=\"\u201cA la d\u00e9couverte de l\u2019Humain - du monde de ce qui est \u00e9tabli vers celui de la libert\u00e9\u201d\" \/>\n<meta property=\"og:description\" content=\"\u201cA la d\u00e9couverte de l\u2019Humain - du monde de ce qui est \u00e9tabli vers celui de la libert\u00e9\u201d est une invitation \u00e0 rendre possible un nouveau regard sur l\u2019\u00eatre\" \/>\n<meta property=\"og:url\" content=\"https:\/\/www.pressenza.com\/fr\/2014\/10\/decouverte-lhumain-du-monde-ce-etabli-vers-celui-liberte\/\" \/>\n<meta property=\"og:site_name\" content=\"Pressenza\" \/>\n<meta property=\"article:publisher\" content=\"https:\/\/www.facebook.com\/PressenzaItalia\" \/>\n<meta property=\"article:published_time\" content=\"2014-10-22T19:33:53+00:00\" \/>\n<meta property=\"article:modified_time\" content=\"2016-03-30T17:49:33+00:00\" \/>\n<meta property=\"og:image\" content=\"https:\/\/www.pressenza.com\/wp-content\/uploads\/2014\/10\/402639_10151078375833737_2007842305_n.png\" \/>\n\t<meta property=\"og:image:width\" content=\"386\" \/>\n\t<meta property=\"og:image:height\" content=\"420\" \/>\n\t<meta property=\"og:image:type\" content=\"image\/png\" \/>\n<meta name=\"author\" content=\"Marie-Laurence Chanut Sapin\" \/>\n<meta name=\"twitter:card\" content=\"summary_large_image\" \/>\n<meta name=\"twitter:creator\" content=\"@PressenzaIPA\" \/>\n<meta name=\"twitter:site\" content=\"@PressenzaIPA\" \/>\n<meta name=\"twitter:label1\" content=\"\u00c9crit par\" \/>\n\t<meta name=\"twitter:data1\" content=\"Marie-Laurence Chanut Sapin\" \/>\n\t<meta name=\"twitter:label2\" content=\"Dur\u00e9e de lecture estim\u00e9e\" \/>\n\t<meta name=\"twitter:data2\" content=\"3 minutes\" \/>\n<script type=\"application\/ld+json\" class=\"yoast-schema-graph\">{\"@context\":\"https:\/\/schema.org\",\"@graph\":[{\"@type\":\"Article\",\"@id\":\"https:\/\/www.pressenza.com\/fr\/2014\/10\/decouverte-lhumain-du-monde-ce-etabli-vers-celui-liberte\/#article\",\"isPartOf\":{\"@id\":\"https:\/\/www.pressenza.com\/fr\/2014\/10\/decouverte-lhumain-du-monde-ce-etabli-vers-celui-liberte\/\"},\"author\":{\"name\":\"Marie-Laurence Chanut Sapin\",\"@id\":\"https:\/\/www.pressenza.com\/fr\/#\/schema\/person\/64f784d43bc67ab952783d2fa5aeb2ce\"},\"headline\":\"\u201cA la d\u00e9couverte de l\u2019Humain &#8211; du monde de ce qui est \u00e9tabli vers celui de la libert\u00e9\u201d\",\"datePublished\":\"2014-10-22T19:33:53+00:00\",\"dateModified\":\"2016-03-30T17:49:33+00:00\",\"mainEntityOfPage\":{\"@id\":\"https:\/\/www.pressenza.com\/fr\/2014\/10\/decouverte-lhumain-du-monde-ce-etabli-vers-celui-liberte\/\"},\"wordCount\":587,\"publisher\":{\"@id\":\"https:\/\/www.pressenza.com\/fr\/#organization\"},\"image\":{\"@id\":\"https:\/\/www.pressenza.com\/fr\/2014\/10\/decouverte-lhumain-du-monde-ce-etabli-vers-celui-liberte\/#primaryimage\"},\"thumbnailUrl\":\"https:\/\/www.pressenza.com\/wp-content\/uploads\/2014\/10\/402639_10151078375833737_2007842305_n.png\",\"keywords\":[\"centre d'Etudes humanistes\",\"intentionalit\u00e9\",\"libert\u00e9\",\"Nonviolence\",\"nouveau regard\",\"Nouvel \u00eatre humain\",\"symposium\"],\"articleSection\":[\"Am\u00e9rique du Sud\",\"Communiqu\u00e9s de Presse\",\"Europe\",\"Non-violence\"],\"inLanguage\":\"fr-FR\"},{\"@type\":\"WebPage\",\"@id\":\"https:\/\/www.pressenza.com\/fr\/2014\/10\/decouverte-lhumain-du-monde-ce-etabli-vers-celui-liberte\/\",\"url\":\"https:\/\/www.pressenza.com\/fr\/2014\/10\/decouverte-lhumain-du-monde-ce-etabli-vers-celui-liberte\/\",\"name\":\"\u201cA la d\u00e9couverte de l\u2019Humain - du monde de ce qui est \u00e9tabli vers celui de la libert\u00e9\u201d\",\"isPartOf\":{\"@id\":\"https:\/\/www.pressenza.com\/fr\/#website\"},\"primaryImageOfPage\":{\"@id\":\"https:\/\/www.pressenza.com\/fr\/2014\/10\/decouverte-lhumain-du-monde-ce-etabli-vers-celui-liberte\/#primaryimage\"},\"image\":{\"@id\":\"https:\/\/www.pressenza.com\/fr\/2014\/10\/decouverte-lhumain-du-monde-ce-etabli-vers-celui-liberte\/#primaryimage\"},\"thumbnailUrl\":\"https:\/\/www.pressenza.com\/wp-content\/uploads\/2014\/10\/402639_10151078375833737_2007842305_n.png\",\"datePublished\":\"2014-10-22T19:33:53+00:00\",\"dateModified\":\"2016-03-30T17:49:33+00:00\",\"description\":\"\u201cA la d\u00e9couverte de l\u2019Humain - du monde de ce qui est \u00e9tabli vers celui de la libert\u00e9\u201d est une invitation \u00e0 rendre possible un nouveau regard sur l\u2019\u00eatre\",\"breadcrumb\":{\"@id\":\"https:\/\/www.pressenza.com\/fr\/2014\/10\/decouverte-lhumain-du-monde-ce-etabli-vers-celui-liberte\/#breadcrumb\"},\"inLanguage\":\"fr-FR\",\"potentialAction\":[{\"@type\":\"ReadAction\",\"target\":[\"https:\/\/www.pressenza.com\/fr\/2014\/10\/decouverte-lhumain-du-monde-ce-etabli-vers-celui-liberte\/\"]}]},{\"@type\":\"ImageObject\",\"inLanguage\":\"fr-FR\",\"@id\":\"https:\/\/www.pressenza.com\/fr\/2014\/10\/decouverte-lhumain-du-monde-ce-etabli-vers-celui-liberte\/#primaryimage\",\"url\":\"https:\/\/www.pressenza.com\/wp-content\/uploads\/2014\/10\/402639_10151078375833737_2007842305_n.png\",\"contentUrl\":\"https:\/\/www.pressenza.com\/wp-content\/uploads\/2014\/10\/402639_10151078375833737_2007842305_n.png\",\"width\":386,\"height\":420},{\"@type\":\"BreadcrumbList\",\"@id\":\"https:\/\/www.pressenza.com\/fr\/2014\/10\/decouverte-lhumain-du-monde-ce-etabli-vers-celui-liberte\/#breadcrumb\",\"itemListElement\":[{\"@type\":\"ListItem\",\"position\":1,\"name\":\"Accueil\",\"item\":\"https:\/\/www.pressenza.com\/fr\/\"},{\"@type\":\"ListItem\",\"position\":2,\"name\":\"\u201cA la d\u00e9couverte de l\u2019Humain &#8211; du monde de ce qui est \u00e9tabli vers celui de la libert\u00e9\u201d\"}]},{\"@type\":\"WebSite\",\"@id\":\"https:\/\/www.pressenza.com\/fr\/#website\",\"url\":\"https:\/\/www.pressenza.com\/fr\/\",\"name\":\"Pressenza\",\"description\":\"International Press Agency\",\"publisher\":{\"@id\":\"https:\/\/www.pressenza.com\/fr\/#organization\"},\"potentialAction\":[{\"@type\":\"SearchAction\",\"target\":{\"@type\":\"EntryPoint\",\"urlTemplate\":\"https:\/\/www.pressenza.com\/fr\/?s={search_term_string}\"},\"query-input\":{\"@type\":\"PropertyValueSpecification\",\"valueRequired\":true,\"valueName\":\"search_term_string\"}}],\"inLanguage\":\"fr-FR\"},{\"@type\":\"Organization\",\"@id\":\"https:\/\/www.pressenza.com\/fr\/#organization\",\"name\":\"Pressenza\",\"url\":\"https:\/\/www.pressenza.com\/fr\/\",\"logo\":{\"@type\":\"ImageObject\",\"inLanguage\":\"fr-FR\",\"@id\":\"https:\/\/www.pressenza.com\/fr\/#\/schema\/logo\/image\/\",\"url\":\"https:\/\/www.pressenza.com\/wp-content\/uploads\/2022\/10\/pressenza_logo_200x200.jpg\",\"contentUrl\":\"https:\/\/www.pressenza.com\/wp-content\/uploads\/2022\/10\/pressenza_logo_200x200.jpg\",\"width\":200,\"height\":200,\"caption\":\"Pressenza\"},\"image\":{\"@id\":\"https:\/\/www.pressenza.com\/fr\/#\/schema\/logo\/image\/\"},\"sameAs\":[\"https:\/\/www.facebook.com\/PressenzaItalia\",\"https:\/\/x.com\/PressenzaIPA\"]},{\"@type\":\"Person\",\"@id\":\"https:\/\/www.pressenza.com\/fr\/#\/schema\/person\/64f784d43bc67ab952783d2fa5aeb2ce\",\"name\":\"Marie-Laurence Chanut Sapin\",\"description\":\"Marie-Laurence Chanut Sapin est engag\u00e9e depuis plus de 30 ans sur les th\u00e9matiques de non-violence, de d\u00e9mocratie participative et des droits humains au travers d\u2019actions locales (coordination d\u2019un mensuel de quartier) politiques et de solidarit\u00e9 internationale (d\u00e9veloppement de r\u00e9seaux de formateurs \u00e0 la non-violence). Par ailleurs en tant que professionnelle de la mode, elle milite pour la mise en place solutions alternatives respectueuses des hommes et femmes et de l\u2019environnement.\",\"url\":\"https:\/\/www.pressenza.com\/fr\/author\/marie-laurence-chanut\/\"}]}<\/script>\n<!-- \/ Yoast SEO plugin. -->","yoast_head_json":{"title":"\u201cA la d\u00e9couverte de l\u2019Humain - du monde de ce qui est \u00e9tabli vers celui de la libert\u00e9\u201d","description":"\u201cA la d\u00e9couverte de l\u2019Humain - du monde de ce qui est \u00e9tabli vers celui de la libert\u00e9\u201d est une invitation \u00e0 rendre possible un nouveau regard sur l\u2019\u00eatre","robots":{"index":"index","follow":"follow","max-snippet":"max-snippet:-1","max-image-preview":"max-image-preview:large","max-video-preview":"max-video-preview:-1"},"canonical":"https:\/\/www.pressenza.com\/fr\/2014\/10\/decouverte-lhumain-du-monde-ce-etabli-vers-celui-liberte\/","og_locale":"fr_FR","og_type":"article","og_title":"\u201cA la d\u00e9couverte de l\u2019Humain - du monde de ce qui est \u00e9tabli vers celui de la libert\u00e9\u201d","og_description":"\u201cA la d\u00e9couverte de l\u2019Humain - du monde de ce qui est \u00e9tabli vers celui de la libert\u00e9\u201d est une invitation \u00e0 rendre possible un nouveau regard sur l\u2019\u00eatre","og_url":"https:\/\/www.pressenza.com\/fr\/2014\/10\/decouverte-lhumain-du-monde-ce-etabli-vers-celui-liberte\/","og_site_name":"Pressenza","article_publisher":"https:\/\/www.facebook.com\/PressenzaItalia","article_published_time":"2014-10-22T19:33:53+00:00","article_modified_time":"2016-03-30T17:49:33+00:00","og_image":[{"width":386,"height":420,"url":"https:\/\/www.pressenza.com\/wp-content\/uploads\/2014\/10\/402639_10151078375833737_2007842305_n.png","type":"image\/png"}],"author":"Marie-Laurence Chanut Sapin","twitter_card":"summary_large_image","twitter_creator":"@PressenzaIPA","twitter_site":"@PressenzaIPA","twitter_misc":{"\u00c9crit par":"Marie-Laurence Chanut Sapin","Dur\u00e9e de lecture estim\u00e9e":"3 minutes"},"schema":{"@context":"https:\/\/schema.org","@graph":[{"@type":"Article","@id":"https:\/\/www.pressenza.com\/fr\/2014\/10\/decouverte-lhumain-du-monde-ce-etabli-vers-celui-liberte\/#article","isPartOf":{"@id":"https:\/\/www.pressenza.com\/fr\/2014\/10\/decouverte-lhumain-du-monde-ce-etabli-vers-celui-liberte\/"},"author":{"name":"Marie-Laurence Chanut Sapin","@id":"https:\/\/www.pressenza.com\/fr\/#\/schema\/person\/64f784d43bc67ab952783d2fa5aeb2ce"},"headline":"\u201cA la d\u00e9couverte de l\u2019Humain &#8211; du monde de ce qui est \u00e9tabli vers celui de la libert\u00e9\u201d","datePublished":"2014-10-22T19:33:53+00:00","dateModified":"2016-03-30T17:49:33+00:00","mainEntityOfPage":{"@id":"https:\/\/www.pressenza.com\/fr\/2014\/10\/decouverte-lhumain-du-monde-ce-etabli-vers-celui-liberte\/"},"wordCount":587,"publisher":{"@id":"https:\/\/www.pressenza.com\/fr\/#organization"},"image":{"@id":"https:\/\/www.pressenza.com\/fr\/2014\/10\/decouverte-lhumain-du-monde-ce-etabli-vers-celui-liberte\/#primaryimage"},"thumbnailUrl":"https:\/\/www.pressenza.com\/wp-content\/uploads\/2014\/10\/402639_10151078375833737_2007842305_n.png","keywords":["centre d'Etudes humanistes","intentionalit\u00e9","libert\u00e9","Nonviolence","nouveau regard","Nouvel \u00eatre humain","symposium"],"articleSection":["Am\u00e9rique du Sud","Communiqu\u00e9s de Presse","Europe","Non-violence"],"inLanguage":"fr-FR"},{"@type":"WebPage","@id":"https:\/\/www.pressenza.com\/fr\/2014\/10\/decouverte-lhumain-du-monde-ce-etabli-vers-celui-liberte\/","url":"https:\/\/www.pressenza.com\/fr\/2014\/10\/decouverte-lhumain-du-monde-ce-etabli-vers-celui-liberte\/","name":"\u201cA la d\u00e9couverte de l\u2019Humain - du monde de ce qui est \u00e9tabli vers celui de la libert\u00e9\u201d","isPartOf":{"@id":"https:\/\/www.pressenza.com\/fr\/#website"},"primaryImageOfPage":{"@id":"https:\/\/www.pressenza.com\/fr\/2014\/10\/decouverte-lhumain-du-monde-ce-etabli-vers-celui-liberte\/#primaryimage"},"image":{"@id":"https:\/\/www.pressenza.com\/fr\/2014\/10\/decouverte-lhumain-du-monde-ce-etabli-vers-celui-liberte\/#primaryimage"},"thumbnailUrl":"https:\/\/www.pressenza.com\/wp-content\/uploads\/2014\/10\/402639_10151078375833737_2007842305_n.png","datePublished":"2014-10-22T19:33:53+00:00","dateModified":"2016-03-30T17:49:33+00:00","description":"\u201cA la d\u00e9couverte de l\u2019Humain - du monde de ce qui est \u00e9tabli vers celui de la libert\u00e9\u201d est une invitation \u00e0 rendre possible un nouveau regard sur l\u2019\u00eatre","breadcrumb":{"@id":"https:\/\/www.pressenza.com\/fr\/2014\/10\/decouverte-lhumain-du-monde-ce-etabli-vers-celui-liberte\/#breadcrumb"},"inLanguage":"fr-FR","potentialAction":[{"@type":"ReadAction","target":["https:\/\/www.pressenza.com\/fr\/2014\/10\/decouverte-lhumain-du-monde-ce-etabli-vers-celui-liberte\/"]}]},{"@type":"ImageObject","inLanguage":"fr-FR","@id":"https:\/\/www.pressenza.com\/fr\/2014\/10\/decouverte-lhumain-du-monde-ce-etabli-vers-celui-liberte\/#primaryimage","url":"https:\/\/www.pressenza.com\/wp-content\/uploads\/2014\/10\/402639_10151078375833737_2007842305_n.png","contentUrl":"https:\/\/www.pressenza.com\/wp-content\/uploads\/2014\/10\/402639_10151078375833737_2007842305_n.png","width":386,"height":420},{"@type":"BreadcrumbList","@id":"https:\/\/www.pressenza.com\/fr\/2014\/10\/decouverte-lhumain-du-monde-ce-etabli-vers-celui-liberte\/#breadcrumb","itemListElement":[{"@type":"ListItem","position":1,"name":"Accueil","item":"https:\/\/www.pressenza.com\/fr\/"},{"@type":"ListItem","position":2,"name":"\u201cA la d\u00e9couverte de l\u2019Humain &#8211; du monde de ce qui est \u00e9tabli vers celui de la libert\u00e9\u201d"}]},{"@type":"WebSite","@id":"https:\/\/www.pressenza.com\/fr\/#website","url":"https:\/\/www.pressenza.com\/fr\/","name":"Pressenza","description":"International Press Agency","publisher":{"@id":"https:\/\/www.pressenza.com\/fr\/#organization"},"potentialAction":[{"@type":"SearchAction","target":{"@type":"EntryPoint","urlTemplate":"https:\/\/www.pressenza.com\/fr\/?s={search_term_string}"},"query-input":{"@type":"PropertyValueSpecification","valueRequired":true,"valueName":"search_term_string"}}],"inLanguage":"fr-FR"},{"@type":"Organization","@id":"https:\/\/www.pressenza.com\/fr\/#organization","name":"Pressenza","url":"https:\/\/www.pressenza.com\/fr\/","logo":{"@type":"ImageObject","inLanguage":"fr-FR","@id":"https:\/\/www.pressenza.com\/fr\/#\/schema\/logo\/image\/","url":"https:\/\/www.pressenza.com\/wp-content\/uploads\/2022\/10\/pressenza_logo_200x200.jpg","contentUrl":"https:\/\/www.pressenza.com\/wp-content\/uploads\/2022\/10\/pressenza_logo_200x200.jpg","width":200,"height":200,"caption":"Pressenza"},"image":{"@id":"https:\/\/www.pressenza.com\/fr\/#\/schema\/logo\/image\/"},"sameAs":["https:\/\/www.facebook.com\/PressenzaItalia","https:\/\/x.com\/PressenzaIPA"]},{"@type":"Person","@id":"https:\/\/www.pressenza.com\/fr\/#\/schema\/person\/64f784d43bc67ab952783d2fa5aeb2ce","name":"Marie-Laurence Chanut Sapin","description":"Marie-Laurence Chanut Sapin est engag\u00e9e depuis plus de 30 ans sur les th\u00e9matiques de non-violence, de d\u00e9mocratie participative et des droits humains au travers d\u2019actions locales (coordination d\u2019un mensuel de quartier) politiques et de solidarit\u00e9 internationale (d\u00e9veloppement de r\u00e9seaux de formateurs \u00e0 la non-violence). Par ailleurs en tant que professionnelle de la mode, elle milite pour la mise en place solutions alternatives respectueuses des hommes et femmes et de l\u2019environnement.","url":"https:\/\/www.pressenza.com\/fr\/author\/marie-laurence-chanut\/"}]}},"place":"","original_article_url":"","_links":{"self":[{"href":"https:\/\/www.pressenza.com\/fr\/wp-json\/wp\/v2\/posts\/141827","targetHints":{"allow":["GET"]}}],"collection":[{"href":"https:\/\/www.pressenza.com\/fr\/wp-json\/wp\/v2\/posts"}],"about":[{"href":"https:\/\/www.pressenza.com\/fr\/wp-json\/wp\/v2\/types\/post"}],"author":[{"embeddable":true,"href":"https:\/\/www.pressenza.com\/fr\/wp-json\/wp\/v2\/users\/1058"}],"replies":[{"embeddable":true,"href":"https:\/\/www.pressenza.com\/fr\/wp-json\/wp\/v2\/comments?post=141827"}],"version-history":[{"count":0,"href":"https:\/\/www.pressenza.com\/fr\/wp-json\/wp\/v2\/posts\/141827\/revisions"}],"wp:featuredmedia":[{"embeddable":true,"href":"https:\/\/www.pressenza.com\/fr\/wp-json\/wp\/v2\/media\/141829"}],"wp:attachment":[{"href":"https:\/\/www.pressenza.com\/fr\/wp-json\/wp\/v2\/media?parent=141827"}],"wp:term":[{"taxonomy":"category","embeddable":true,"href":"https:\/\/www.pressenza.com\/fr\/wp-json\/wp\/v2\/categories?post=141827"},{"taxonomy":"post_tag","embeddable":true,"href":"https:\/\/www.pressenza.com\/fr\/wp-json\/wp\/v2\/tags?post=141827"}],"curies":[{"name":"wp","href":"https:\/\/api.w.org\/{rel}","templated":true}]}}