{"id":1409347,"date":"2021-08-03T21:37:12","date_gmt":"2021-08-03T20:37:12","guid":{"rendered":"https:\/\/www.pressenza.com\/?p=1409347"},"modified":"2021-08-04T08:47:17","modified_gmt":"2021-08-04T07:47:17","slug":"bresil-ici-et-maintenant-non-pas-lui","status":"publish","type":"post","link":"https:\/\/www.pressenza.com\/fr\/2021\/08\/bresil-ici-et-maintenant-non-pas-lui\/","title":{"rendered":"Br\u00e9sil : Ici et maintenant : Non, pas lui !"},"content":{"rendered":"<p><strong><em>Par Paolo D\u2019Aprile, Guilherme Maia e Rodrigo Cosenza <\/em><\/strong><\/p>\n<p>De grandes manifestations populaires secouent le pays. Les r\u00e9v\u00e9lations de la Commission parlementaire, qui enqu\u00eate sur la gestion de la pand\u00e9mie, et les raisons pour lesquelles 550 000 personnes sont mortes, ont montr\u00e9 une histoire de terreur, avec des hommes d&rsquo;\u00c9tat, des ministres et des g\u00e9n\u00e9raux de haut rang pratiquant sciemment, sous la direction strat\u00e9gique de la pr\u00e9sidence de la R\u00e9publique, un boycott syst\u00e9matique des mesures de pr\u00e9vention y compris d&rsquo;aide aux communaut\u00e9s les plus touch\u00e9es. Les gens disent que s&rsquo;ils descendent dans la rue pendant la pand\u00e9mie, cela signifie que le gouvernement est plus dangereux que le virus. C&rsquo;est peut-\u00eatre vrai. Le fait est que le virus a trouv\u00e9 ses plus grands alli\u00e9s dans le gouvernement, dans ses hommes les plus \u00e9minents, notamment dans la personne du pr\u00e9sident de la R\u00e9publique, Jair Bolsonaro.<\/p>\n<p><em>\u00ab\u00a0Non, pas lui !<\/em>\u00a0\u00bb C&rsquo;\u00e9tait le cri des femmes br\u00e9siliennes peu avant les \u00e9lections de 2018. Elles exprimaient ainsi leur d\u00e9sapprobation envers un candidat qui, en plus de repr\u00e9senter les int\u00e9r\u00eats des oligarchies de toujours, m\u00e9prisait les minorit\u00e9s, insultait les femmes, et faisait l&rsquo;\u00e9loge de la pratique de la torture. <em>\u00ab\u00a0Non, pas lui, Non pas lui !\u00a0\u00bb<\/em> est devenu le cri commun qui secoue aujourd&rsquo;hui le Br\u00e9sil.<\/p>\n<p><strong>Guilherme Maia<\/strong> et <strong>Rodrigo Cosenza<\/strong>, musiciens, compositeurs et agitateurs culturels de la ville de Teres\u00f3polis, ont ressenti le devoir civique d&rsquo;\u00e9crire une chanson pour encourager la (re) vie avec toute la force, la fiert\u00e9 et la t\u00e9nacit\u00e9 possibles. Une invitation \u00e0 r\u00e9agir et \u00e0 agir \u00e0 travers l&rsquo;art : <em>\u00ab\u00a0R\u00e9veillons-nous pour vivre un jour nouveau et conqu\u00e9rir notre libert\u00e9. Prenons soin de notre avenir pour aller de l&rsquo;avant. Ce virus de la haine ne m&rsquo;affectera pas. Cette propagande ne m&rsquo;aveuglera pas. Je marcherai sur les eaux, \u00e9clair\u00e9 par le soleil de la libert\u00e9 pour retrouver la voix de notre nation. \u00ab Ele n\u00e3o! Ele n\u00e3o! (Non, pas lui )\u00bb !<\/em><\/p>\n<p>&nbsp;<\/p>\n<p><iframe loading=\"lazy\" title=\"Ele N\u00e3o   (Guilherme Maia e Josu\u00e9 Oliver)\" width=\"500\" height=\"281\" src=\"https:\/\/www.youtube.com\/embed\/XdAu8CHsRkg?feature=oembed\" frameborder=\"0\" allow=\"accelerometer; autoplay; clipboard-write; encrypted-media; gyroscope; picture-in-picture; web-share\" referrerpolicy=\"strict-origin-when-cross-origin\" allowfullscreen><\/iframe><\/p>\n<p>Nous sommes dans une p\u00e9riode de r\u00e9v\u00e9lations, d&rsquo;exposition de douleurs enracin\u00e9es dans nos pens\u00e9es et nos actions collectives. Ceci en relation avec les innombrables pr\u00e9jug\u00e9s et pratiques de violence directe et symbolique pratiqu\u00e9s par les propri\u00e9taires surann\u00e9s du pouvoir au Br\u00e9sil, par la classe dirigeante de notre pays.<\/p>\n<p>Le Br\u00e9sil \u00e9tait-il un pays o\u00f9 le racisme n&rsquo;existait pas ? Il a \u00e9t\u00e9 constat\u00e9 que non. Le Br\u00e9sil avait-il une convivialit\u00e9 ind\u00e9l\u00e9bile qui compensait les in\u00e9galit\u00e9s et la concentration des ressources ? Il \u00e9tait \u00e9galement clair pour tous qu&rsquo;il s&rsquo;agit d&rsquo;une absurdit\u00e9 qui servait plut\u00f4t \u00e0 \u00e9viter les plaintes et les manifestations de la population face \u00e0 l&rsquo;exploitation dont elle fait l&rsquo;objet.<\/p>\n<p>Le fait qu&rsquo;il n&rsquo;y ait pas eu de rupture strat\u00e9gique avec les groupes de pouvoir qui structuraient la dictature militaire &#8211; que ce soit en raison des conditions ou des possibilit\u00e9s offertes \u00e0 l&rsquo;\u00e9poque &#8211; a permis \u00e0 l&rsquo;\u0153uf du serpent d&rsquo;\u00e9clore librement dans tout le pays pendant deux d\u00e9cennies, dans la pr\u00e9tendue \u00ab\u00a0Nouvelle R\u00e9publique\u00a0\u00bb.<\/p>\n<p>Dans l&rsquo;histoire du Br\u00e9sil, la r\u00e9sistance culturelle a toujours \u00e9t\u00e9 importante, un v\u00e9ritable foss\u00e9 form\u00e9 par les artistes et les intellectuels organiques des g\u00e9n\u00e9rations pass\u00e9es, luttant \u00e0 travers l&rsquo;esth\u00e9tique et les paroles, comme une mani\u00e8re de critiquer et d&rsquo;indiquer les perspectives d&rsquo;une coexistence plus libre et plus juste, d\u00e9passant une r\u00e9alit\u00e9 de pauvret\u00e9 et d&rsquo;exploitation, mais aussi capables de promouvoir la mobilisation face \u00e0 la conjoncture extr\u00eamement d\u00e9favorable qui se pr\u00e9sentait.<\/p>\n<p>Les forces progressistes et r\u00e9actionnaires ont toujours lutt\u00e9 pour que les r\u00e8gles soient \u00e9tablies, et il y a parfois eu des aper\u00e7us de progr\u00e8s (toujours \u00e0 grands frais et avec des r\u00e9actions rapides et pr\u00eates \u00e0 appliquer le droit) comme la cr\u00e9ation et l&rsquo;installation du syst\u00e8me de sant\u00e9 unifi\u00e9 (SUS), qui fut l&rsquo;avanc\u00e9e principale des communistes br\u00e9siliens. Nous nous souvenons de la formation du Statut des Villes ou du Syst\u00e8me Unifi\u00e9 d&rsquo;Assistance Sociale (SUAS), tous de grands progr\u00e8s dans notre\u00a0 collectivit\u00e9 citoyenne, mais toujours bombard\u00e9s de restrictions budg\u00e9taires et de propagande id\u00e9ologique pour les discr\u00e9diter, cherchant leur privatisation totale. C&rsquo;est l\u00e0 que se situe la lutte, qui a toujours exist\u00e9.<\/p>\n<p>Nous sommes victimes d&rsquo;un projet de domination qui passe par l&rsquo;abrutissement de la conscience collective et la manipulation de la mobilisation, qui a brouill\u00e9 le sentiment d&rsquo;appartenance \u00e0 une nation dans un chauvinisme qui culmine avec la mont\u00e9e d&rsquo;un fasciste aux couleurs verd\u00e2tres.<\/p>\n<p>Faux patriotisme, car ce que nous avons en r\u00e9alit\u00e9, c&rsquo;est le d\u00e9mant\u00e8lement de l&rsquo;\u00c9tat,\u00a0 des biens et services publics. Ainsi, nous voyons l&rsquo;impossibilit\u00e9 de former une identit\u00e9 nationale r\u00e9elle et ouverte ou m\u00eame une mondialisation participative entre les cultures ; ce que nous avons, c&rsquo;est le d\u00e9mant\u00e8lement de la culture populaire m\u00eame dans ses sentiments les plus profond\u00e9ment enracin\u00e9s !<\/p>\n<p>La classe dirigeante br\u00e9silienne, qui favorise l&rsquo;\u00e9tat actuel des choses, est pr\u00e9datrice.\u00a0 Elle impose et jouit d&rsquo;une concentration obsc\u00e8ne de revenus et de richesses, toujours nostalgique de l&rsquo;Ancienne R\u00e9publique, peut-\u00eatre de l&rsquo;esclavage du temps de l&rsquo;Empire. Afin de garantir son pouvoir, cette \u00e9lite m\u00e8ne \u00e0 bien le projet autoritaire actuel.<\/p>\n<p>La falsification des sens, en tant que machine d&rsquo;ali\u00e9nation massive, pose cette d\u00e9sorientation comme un acte politique, et \u00e7a c&rsquo;est une production culturelle, m\u00eame si elle est la part du c\u00f4t\u00e9 obscur.<\/p>\n<p>C&rsquo;est, en effet une production culturelle, car elle renverse la compr\u00e9hension des productions de r\u00e9alit\u00e9s esth\u00e9tiques, qu&rsquo;il s&rsquo;agisse de rh\u00e9torique, de diagramme de m\u00e8mes et ainsi de suite. C&rsquo;est une contre-culture, un contre- art. C&rsquo;est la pens\u00e9e de ceux qui dominent les conditions mat\u00e9rielles et politiques en devenant h\u00e9g\u00e9moniques dans l&rsquo;art, dans la culture, dans les diverses formes d&rsquo;expression.<\/p>\n<p>C&rsquo;est pourquoi l&rsquo;organisation antifasciste et d\u00e9mocratique doit produire de la culture et manifester la beaut\u00e9 de la cr\u00e9ation artistique avec les revendications politiques de libert\u00e9, de diversit\u00e9 et de d\u00e9passement de l&rsquo;exploitation. De l&rsquo;art le plus simple aux \u00e9laborations les plus sophistiqu\u00e9es, il est n\u00e9cessaire d&rsquo;\u00eatre orient\u00e9 vers l&rsquo;\u00e9mancipation humaine. Suivre et avancer sur le chemin de personnes comme Caryb\u00e9, Portinari, Jorge Amado, Chico Science, Gonzaguinha et tant d&rsquo;autres.<\/p>\n<p>Ici, nous avons apport\u00e9 notre petite contribution. Nous avons compos\u00e9 la chanson <em>\u00ab\u00a0Non, pas lui\u00a0\u00bb (Ele N\u00e3o)\u00a0<\/em> pour marquer l&rsquo;\u00e9poque dans laquelle\u00a0 nous vivons, car nous devons produire et participer \u00e0 notre temps, pour \u00eatre \u00e9panouis dans nos vies ! <em>\u00ab Nous allons nous r\u00e9veiller et vivre un jour nouveau, conqu\u00e9rir notre libert\u00e9 \u00bb c<\/em>hante la chanson avant le climax.<\/p>\n<p>Ce que nous savons d\u00e9j\u00e0 c\u2019est <em>\u00ab\u00a0Non, pas lui\u00a0\u00bb<\/em> ! Il nous reste maintenant \u00e0 la chanter, la dessiner, la mettre en sc\u00e8ne pour marquer notre \u00e9poque, ou encore \u00e0 combattre avec les m\u00eames armes la production d&rsquo;ali\u00e9nation de masse par la propagande id\u00e9ologique du n\u00e9o- fascisme. La libert\u00e9 et la fraternit\u00e9 d&rsquo;une humanit\u00e9 \u00e9mancip\u00e9e est notre \u00e9lan\u00a0!<\/p>\n<p>Traduction de l&rsquo;espagnol : Ginette Baudelet<\/p>\n<p><img loading=\"lazy\" decoding=\"async\" class=\"alignnone wp-image-1405513 size-large\" src=\"https:\/\/www.pressenza.com\/wp-content\/uploads\/2021\/07\/WhatsApp-Image-2021-07-24-at-20.34.02-723x1024.jpeg\" alt=\"\" width=\"723\" height=\"1024\" srcset=\"https:\/\/www.pressenza.com\/wp-content\/uploads\/2021\/07\/WhatsApp-Image-2021-07-24-at-20.34.02-723x1024.jpeg 723w, https:\/\/www.pressenza.com\/wp-content\/uploads\/2021\/07\/WhatsApp-Image-2021-07-24-at-20.34.02-212x300.jpeg 212w, https:\/\/www.pressenza.com\/wp-content\/uploads\/2021\/07\/WhatsApp-Image-2021-07-24-at-20.34.02.jpeg 904w\" sizes=\"auto, (max-width: 723px) 100vw, 723px\" \/><\/p>\n<p>&nbsp;<\/p>\n<p>&nbsp;<\/p>\n","protected":false},"excerpt":{"rendered":"<p>Par Paolo D\u2019Aprile, Guilherme Maia e Rodrigo Cosenza De grandes manifestations populaires secouent le pays. Les r\u00e9v\u00e9lations de la Commission parlementaire, qui enqu\u00eate sur la gestion de la pand\u00e9mie, et les raisons pour lesquelles 550 000 personnes sont mortes, ont&hellip;<\/p>\n","protected":false},"author":1685,"featured_media":1405523,"comment_status":"closed","ping_status":"closed","sticky":false,"template":"","format":"standard","meta":{"footnotes":""},"categories":[11386,94],"tags":[58690,3166,93633,72611],"class_list":["post-1409347","post","type-post","status-publish","format-standard","has-post-thumbnail","hentry","category-contenu-original","category-culture-fr","tag-bolsonaro-fr","tag-bresil","tag-ele-nao-fr","tag-pandemie-fr"],"yoast_head":"<!-- This site is optimized with the Yoast SEO plugin v27.1.1 - https:\/\/yoast.com\/product\/yoast-seo-wordpress\/ -->\n<title>Br\u00e9sil : Ici et maintenant : Non, pas lui !<\/title>\n<meta name=\"description\" content=\"Par Paolo D\u2019Aprile, Guilherme Maia e Rodrigo Cosenza De grandes manifestations populaires secouent le pays. Les r\u00e9v\u00e9lations de la Commission\" \/>\n<meta name=\"robots\" content=\"index, follow, max-snippet:-1, max-image-preview:large, max-video-preview:-1\" \/>\n<link rel=\"canonical\" href=\"https:\/\/www.pressenza.com\/fr\/2021\/08\/bresil-ici-et-maintenant-non-pas-lui\/\" \/>\n<meta property=\"og:locale\" content=\"fr_FR\" \/>\n<meta property=\"og:type\" content=\"article\" \/>\n<meta property=\"og:title\" content=\"Br\u00e9sil : Ici et maintenant : Non, pas lui !\" \/>\n<meta property=\"og:description\" content=\"Par Paolo D\u2019Aprile, Guilherme Maia e Rodrigo Cosenza De grandes manifestations populaires secouent le pays. Les r\u00e9v\u00e9lations de la Commission\" \/>\n<meta property=\"og:url\" content=\"https:\/\/www.pressenza.com\/fr\/2021\/08\/bresil-ici-et-maintenant-non-pas-lui\/\" \/>\n<meta property=\"og:site_name\" content=\"Pressenza\" \/>\n<meta property=\"article:publisher\" content=\"https:\/\/www.facebook.com\/PressenzaItalia\" \/>\n<meta property=\"article:published_time\" content=\"2021-08-03T20:37:12+00:00\" \/>\n<meta property=\"article:modified_time\" content=\"2021-08-04T07:47:17+00:00\" \/>\n<meta property=\"og:image\" content=\"https:\/\/www.pressenza.com\/wp-content\/uploads\/2021\/07\/Ele-Nao.jpg\" \/>\n\t<meta property=\"og:image:width\" content=\"1920\" \/>\n\t<meta property=\"og:image:height\" content=\"1080\" \/>\n\t<meta property=\"og:image:type\" content=\"image\/jpeg\" \/>\n<meta name=\"author\" content=\"Reda\u00e7\u00e3o Rio de Janeiro\" \/>\n<meta name=\"twitter:card\" content=\"summary_large_image\" \/>\n<meta name=\"twitter:creator\" content=\"@PressenzaIPA\" \/>\n<meta name=\"twitter:site\" content=\"@PressenzaIPA\" \/>\n<meta name=\"twitter:label1\" content=\"\u00c9crit par\" \/>\n\t<meta name=\"twitter:data1\" content=\"Reda\u00e7\u00e3o Rio de Janeiro\" \/>\n\t<meta name=\"twitter:label2\" content=\"Dur\u00e9e de lecture estim\u00e9e\" \/>\n\t<meta name=\"twitter:data2\" content=\"6 minutes\" \/>\n<script type=\"application\/ld+json\" class=\"yoast-schema-graph\">{\"@context\":\"https:\/\/schema.org\",\"@graph\":[{\"@type\":\"Article\",\"@id\":\"https:\/\/www.pressenza.com\/fr\/2021\/08\/bresil-ici-et-maintenant-non-pas-lui\/#article\",\"isPartOf\":{\"@id\":\"https:\/\/www.pressenza.com\/fr\/2021\/08\/bresil-ici-et-maintenant-non-pas-lui\/\"},\"author\":{\"name\":\"Reda\u00e7\u00e3o Rio de Janeiro\",\"@id\":\"https:\/\/www.pressenza.com\/fr\/#\/schema\/person\/6925e927f8ff3a0cdb838320c5d12259\"},\"headline\":\"Br\u00e9sil : Ici et maintenant : Non, pas lui !\",\"datePublished\":\"2021-08-03T20:37:12+00:00\",\"dateModified\":\"2021-08-04T07:47:17+00:00\",\"mainEntityOfPage\":{\"@id\":\"https:\/\/www.pressenza.com\/fr\/2021\/08\/bresil-ici-et-maintenant-non-pas-lui\/\"},\"wordCount\":1290,\"publisher\":{\"@id\":\"https:\/\/www.pressenza.com\/fr\/#organization\"},\"image\":{\"@id\":\"https:\/\/www.pressenza.com\/fr\/2021\/08\/bresil-ici-et-maintenant-non-pas-lui\/#primaryimage\"},\"thumbnailUrl\":\"https:\/\/www.pressenza.com\/wp-content\/uploads\/2021\/07\/Ele-Nao.jpg\",\"keywords\":[\"bolsonaro\",\"Br\u00e9sil\",\"Ele nao\",\"pand\u00e9mie\"],\"articleSection\":[\"Contenu Original\",\"Culture et M\u00e9dias\"],\"inLanguage\":\"fr-FR\"},{\"@type\":\"WebPage\",\"@id\":\"https:\/\/www.pressenza.com\/fr\/2021\/08\/bresil-ici-et-maintenant-non-pas-lui\/\",\"url\":\"https:\/\/www.pressenza.com\/fr\/2021\/08\/bresil-ici-et-maintenant-non-pas-lui\/\",\"name\":\"Br\u00e9sil : Ici et maintenant : Non, pas lui !\",\"isPartOf\":{\"@id\":\"https:\/\/www.pressenza.com\/fr\/#website\"},\"primaryImageOfPage\":{\"@id\":\"https:\/\/www.pressenza.com\/fr\/2021\/08\/bresil-ici-et-maintenant-non-pas-lui\/#primaryimage\"},\"image\":{\"@id\":\"https:\/\/www.pressenza.com\/fr\/2021\/08\/bresil-ici-et-maintenant-non-pas-lui\/#primaryimage\"},\"thumbnailUrl\":\"https:\/\/www.pressenza.com\/wp-content\/uploads\/2021\/07\/Ele-Nao.jpg\",\"datePublished\":\"2021-08-03T20:37:12+00:00\",\"dateModified\":\"2021-08-04T07:47:17+00:00\",\"description\":\"Par Paolo D\u2019Aprile, Guilherme Maia e Rodrigo Cosenza De grandes manifestations populaires secouent le pays. Les r\u00e9v\u00e9lations de la Commission\",\"breadcrumb\":{\"@id\":\"https:\/\/www.pressenza.com\/fr\/2021\/08\/bresil-ici-et-maintenant-non-pas-lui\/#breadcrumb\"},\"inLanguage\":\"fr-FR\",\"potentialAction\":[{\"@type\":\"ReadAction\",\"target\":[\"https:\/\/www.pressenza.com\/fr\/2021\/08\/bresil-ici-et-maintenant-non-pas-lui\/\"]}]},{\"@type\":\"ImageObject\",\"inLanguage\":\"fr-FR\",\"@id\":\"https:\/\/www.pressenza.com\/fr\/2021\/08\/bresil-ici-et-maintenant-non-pas-lui\/#primaryimage\",\"url\":\"https:\/\/www.pressenza.com\/wp-content\/uploads\/2021\/07\/Ele-Nao.jpg\",\"contentUrl\":\"https:\/\/www.pressenza.com\/wp-content\/uploads\/2021\/07\/Ele-Nao.jpg\",\"width\":1920,\"height\":1080},{\"@type\":\"BreadcrumbList\",\"@id\":\"https:\/\/www.pressenza.com\/fr\/2021\/08\/bresil-ici-et-maintenant-non-pas-lui\/#breadcrumb\",\"itemListElement\":[{\"@type\":\"ListItem\",\"position\":1,\"name\":\"Accueil\",\"item\":\"https:\/\/www.pressenza.com\/fr\/\"},{\"@type\":\"ListItem\",\"position\":2,\"name\":\"Br\u00e9sil : Ici et maintenant : Non, pas lui !\"}]},{\"@type\":\"WebSite\",\"@id\":\"https:\/\/www.pressenza.com\/fr\/#website\",\"url\":\"https:\/\/www.pressenza.com\/fr\/\",\"name\":\"Pressenza\",\"description\":\"International Press Agency\",\"publisher\":{\"@id\":\"https:\/\/www.pressenza.com\/fr\/#organization\"},\"potentialAction\":[{\"@type\":\"SearchAction\",\"target\":{\"@type\":\"EntryPoint\",\"urlTemplate\":\"https:\/\/www.pressenza.com\/fr\/?s={search_term_string}\"},\"query-input\":{\"@type\":\"PropertyValueSpecification\",\"valueRequired\":true,\"valueName\":\"search_term_string\"}}],\"inLanguage\":\"fr-FR\"},{\"@type\":\"Organization\",\"@id\":\"https:\/\/www.pressenza.com\/fr\/#organization\",\"name\":\"Pressenza\",\"url\":\"https:\/\/www.pressenza.com\/fr\/\",\"logo\":{\"@type\":\"ImageObject\",\"inLanguage\":\"fr-FR\",\"@id\":\"https:\/\/www.pressenza.com\/fr\/#\/schema\/logo\/image\/\",\"url\":\"https:\/\/www.pressenza.com\/wp-content\/uploads\/2022\/10\/pressenza_logo_200x200.jpg\",\"contentUrl\":\"https:\/\/www.pressenza.com\/wp-content\/uploads\/2022\/10\/pressenza_logo_200x200.jpg\",\"width\":200,\"height\":200,\"caption\":\"Pressenza\"},\"image\":{\"@id\":\"https:\/\/www.pressenza.com\/fr\/#\/schema\/logo\/image\/\"},\"sameAs\":[\"https:\/\/www.facebook.com\/PressenzaItalia\",\"https:\/\/x.com\/PressenzaIPA\"]},{\"@type\":\"Person\",\"@id\":\"https:\/\/www.pressenza.com\/fr\/#\/schema\/person\/6925e927f8ff3a0cdb838320c5d12259\",\"name\":\"Reda\u00e7\u00e3o Rio de Janeiro\",\"description\":\"News published by the Pressenza bureau in Rio de Janeiro, Brazil\",\"url\":\"https:\/\/www.pressenza.com\/fr\/author\/redacao-rio-de-janeiro\/\"}]}<\/script>\n<!-- \/ Yoast SEO plugin. -->","yoast_head_json":{"title":"Br\u00e9sil : Ici et maintenant : Non, pas lui !","description":"Par Paolo D\u2019Aprile, Guilherme Maia e Rodrigo Cosenza De grandes manifestations populaires secouent le pays. Les r\u00e9v\u00e9lations de la Commission","robots":{"index":"index","follow":"follow","max-snippet":"max-snippet:-1","max-image-preview":"max-image-preview:large","max-video-preview":"max-video-preview:-1"},"canonical":"https:\/\/www.pressenza.com\/fr\/2021\/08\/bresil-ici-et-maintenant-non-pas-lui\/","og_locale":"fr_FR","og_type":"article","og_title":"Br\u00e9sil : Ici et maintenant : Non, pas lui !","og_description":"Par Paolo D\u2019Aprile, Guilherme Maia e Rodrigo Cosenza De grandes manifestations populaires secouent le pays. Les r\u00e9v\u00e9lations de la Commission","og_url":"https:\/\/www.pressenza.com\/fr\/2021\/08\/bresil-ici-et-maintenant-non-pas-lui\/","og_site_name":"Pressenza","article_publisher":"https:\/\/www.facebook.com\/PressenzaItalia","article_published_time":"2021-08-03T20:37:12+00:00","article_modified_time":"2021-08-04T07:47:17+00:00","og_image":[{"width":1920,"height":1080,"url":"https:\/\/www.pressenza.com\/wp-content\/uploads\/2021\/07\/Ele-Nao.jpg","type":"image\/jpeg"}],"author":"Reda\u00e7\u00e3o Rio de Janeiro","twitter_card":"summary_large_image","twitter_creator":"@PressenzaIPA","twitter_site":"@PressenzaIPA","twitter_misc":{"\u00c9crit par":"Reda\u00e7\u00e3o Rio de Janeiro","Dur\u00e9e de lecture estim\u00e9e":"6 minutes"},"schema":{"@context":"https:\/\/schema.org","@graph":[{"@type":"Article","@id":"https:\/\/www.pressenza.com\/fr\/2021\/08\/bresil-ici-et-maintenant-non-pas-lui\/#article","isPartOf":{"@id":"https:\/\/www.pressenza.com\/fr\/2021\/08\/bresil-ici-et-maintenant-non-pas-lui\/"},"author":{"name":"Reda\u00e7\u00e3o Rio de Janeiro","@id":"https:\/\/www.pressenza.com\/fr\/#\/schema\/person\/6925e927f8ff3a0cdb838320c5d12259"},"headline":"Br\u00e9sil : Ici et maintenant : Non, pas lui !","datePublished":"2021-08-03T20:37:12+00:00","dateModified":"2021-08-04T07:47:17+00:00","mainEntityOfPage":{"@id":"https:\/\/www.pressenza.com\/fr\/2021\/08\/bresil-ici-et-maintenant-non-pas-lui\/"},"wordCount":1290,"publisher":{"@id":"https:\/\/www.pressenza.com\/fr\/#organization"},"image":{"@id":"https:\/\/www.pressenza.com\/fr\/2021\/08\/bresil-ici-et-maintenant-non-pas-lui\/#primaryimage"},"thumbnailUrl":"https:\/\/www.pressenza.com\/wp-content\/uploads\/2021\/07\/Ele-Nao.jpg","keywords":["bolsonaro","Br\u00e9sil","Ele nao","pand\u00e9mie"],"articleSection":["Contenu Original","Culture et M\u00e9dias"],"inLanguage":"fr-FR"},{"@type":"WebPage","@id":"https:\/\/www.pressenza.com\/fr\/2021\/08\/bresil-ici-et-maintenant-non-pas-lui\/","url":"https:\/\/www.pressenza.com\/fr\/2021\/08\/bresil-ici-et-maintenant-non-pas-lui\/","name":"Br\u00e9sil : Ici et maintenant : Non, pas lui !","isPartOf":{"@id":"https:\/\/www.pressenza.com\/fr\/#website"},"primaryImageOfPage":{"@id":"https:\/\/www.pressenza.com\/fr\/2021\/08\/bresil-ici-et-maintenant-non-pas-lui\/#primaryimage"},"image":{"@id":"https:\/\/www.pressenza.com\/fr\/2021\/08\/bresil-ici-et-maintenant-non-pas-lui\/#primaryimage"},"thumbnailUrl":"https:\/\/www.pressenza.com\/wp-content\/uploads\/2021\/07\/Ele-Nao.jpg","datePublished":"2021-08-03T20:37:12+00:00","dateModified":"2021-08-04T07:47:17+00:00","description":"Par Paolo D\u2019Aprile, Guilherme Maia e Rodrigo Cosenza De grandes manifestations populaires secouent le pays. Les r\u00e9v\u00e9lations de la Commission","breadcrumb":{"@id":"https:\/\/www.pressenza.com\/fr\/2021\/08\/bresil-ici-et-maintenant-non-pas-lui\/#breadcrumb"},"inLanguage":"fr-FR","potentialAction":[{"@type":"ReadAction","target":["https:\/\/www.pressenza.com\/fr\/2021\/08\/bresil-ici-et-maintenant-non-pas-lui\/"]}]},{"@type":"ImageObject","inLanguage":"fr-FR","@id":"https:\/\/www.pressenza.com\/fr\/2021\/08\/bresil-ici-et-maintenant-non-pas-lui\/#primaryimage","url":"https:\/\/www.pressenza.com\/wp-content\/uploads\/2021\/07\/Ele-Nao.jpg","contentUrl":"https:\/\/www.pressenza.com\/wp-content\/uploads\/2021\/07\/Ele-Nao.jpg","width":1920,"height":1080},{"@type":"BreadcrumbList","@id":"https:\/\/www.pressenza.com\/fr\/2021\/08\/bresil-ici-et-maintenant-non-pas-lui\/#breadcrumb","itemListElement":[{"@type":"ListItem","position":1,"name":"Accueil","item":"https:\/\/www.pressenza.com\/fr\/"},{"@type":"ListItem","position":2,"name":"Br\u00e9sil : Ici et maintenant : Non, pas lui !"}]},{"@type":"WebSite","@id":"https:\/\/www.pressenza.com\/fr\/#website","url":"https:\/\/www.pressenza.com\/fr\/","name":"Pressenza","description":"International Press Agency","publisher":{"@id":"https:\/\/www.pressenza.com\/fr\/#organization"},"potentialAction":[{"@type":"SearchAction","target":{"@type":"EntryPoint","urlTemplate":"https:\/\/www.pressenza.com\/fr\/?s={search_term_string}"},"query-input":{"@type":"PropertyValueSpecification","valueRequired":true,"valueName":"search_term_string"}}],"inLanguage":"fr-FR"},{"@type":"Organization","@id":"https:\/\/www.pressenza.com\/fr\/#organization","name":"Pressenza","url":"https:\/\/www.pressenza.com\/fr\/","logo":{"@type":"ImageObject","inLanguage":"fr-FR","@id":"https:\/\/www.pressenza.com\/fr\/#\/schema\/logo\/image\/","url":"https:\/\/www.pressenza.com\/wp-content\/uploads\/2022\/10\/pressenza_logo_200x200.jpg","contentUrl":"https:\/\/www.pressenza.com\/wp-content\/uploads\/2022\/10\/pressenza_logo_200x200.jpg","width":200,"height":200,"caption":"Pressenza"},"image":{"@id":"https:\/\/www.pressenza.com\/fr\/#\/schema\/logo\/image\/"},"sameAs":["https:\/\/www.facebook.com\/PressenzaItalia","https:\/\/x.com\/PressenzaIPA"]},{"@type":"Person","@id":"https:\/\/www.pressenza.com\/fr\/#\/schema\/person\/6925e927f8ff3a0cdb838320c5d12259","name":"Reda\u00e7\u00e3o Rio de Janeiro","description":"News published by the Pressenza bureau in Rio de Janeiro, Brazil","url":"https:\/\/www.pressenza.com\/fr\/author\/redacao-rio-de-janeiro\/"}]}},"place":"Br\u00e9sil - Rio de Janeiro","original_article_url":"","_links":{"self":[{"href":"https:\/\/www.pressenza.com\/fr\/wp-json\/wp\/v2\/posts\/1409347","targetHints":{"allow":["GET"]}}],"collection":[{"href":"https:\/\/www.pressenza.com\/fr\/wp-json\/wp\/v2\/posts"}],"about":[{"href":"https:\/\/www.pressenza.com\/fr\/wp-json\/wp\/v2\/types\/post"}],"author":[{"embeddable":true,"href":"https:\/\/www.pressenza.com\/fr\/wp-json\/wp\/v2\/users\/1685"}],"replies":[{"embeddable":true,"href":"https:\/\/www.pressenza.com\/fr\/wp-json\/wp\/v2\/comments?post=1409347"}],"version-history":[{"count":0,"href":"https:\/\/www.pressenza.com\/fr\/wp-json\/wp\/v2\/posts\/1409347\/revisions"}],"wp:featuredmedia":[{"embeddable":true,"href":"https:\/\/www.pressenza.com\/fr\/wp-json\/wp\/v2\/media\/1405523"}],"wp:attachment":[{"href":"https:\/\/www.pressenza.com\/fr\/wp-json\/wp\/v2\/media?parent=1409347"}],"wp:term":[{"taxonomy":"category","embeddable":true,"href":"https:\/\/www.pressenza.com\/fr\/wp-json\/wp\/v2\/categories?post=1409347"},{"taxonomy":"post_tag","embeddable":true,"href":"https:\/\/www.pressenza.com\/fr\/wp-json\/wp\/v2\/tags?post=1409347"}],"curies":[{"name":"wp","href":"https:\/\/api.w.org\/{rel}","templated":true}]}}