{"id":1408722,"date":"2021-08-01T15:49:52","date_gmt":"2021-08-01T14:49:52","guid":{"rendered":"https:\/\/www.pressenza.com\/?p=1408722"},"modified":"2021-08-05T06:02:49","modified_gmt":"2021-08-05T05:02:49","slug":"de-la-prehistoire-aux-temps-modernes-un-voyage-essentiel-pour-mieux-comprendre-notre-avenir","status":"publish","type":"post","link":"https:\/\/www.pressenza.com\/fr\/2021\/08\/de-la-prehistoire-aux-temps-modernes-un-voyage-essentiel-pour-mieux-comprendre-notre-avenir\/","title":{"rendered":"De la pr\u00e9histoire aux temps modernes : un voyage essentiel pour mieux comprendre notre avenir"},"content":{"rendered":"<p><em>Des taux de 415 ppm de dioxyde de carbone et 1892 ppb de m\u00e9thane dans l&rsquo;atmosph\u00e8re : ces chiffres n\u2019ont aucune signification pour n\u2019importe quel lecteur lambda qui peut justement se demander pourquoi \u00eatre inquiet de la hausse exponentielle de ces gaz dans l\u2019air. En effet, ces derniers ont toujours exist\u00e9 et la Terre a d\u00e9j\u00e0 connu de telles valeurs. Il est donc n\u00e9cessaire, \u00e0 mon avis, de conna\u00eetre notre pass\u00e9 pour mieux appr\u00e9hender la gravit\u00e9 de la crise climatique et \u00e9cologique.<\/em><\/p>\n<p><em>\u00c0 travers cet article, je vous propose un retour en arri\u00e8re afin de mettre en perspective les crises actuelles qui affectent l\u2019\u00eatre humain et de saisir davantage le r\u00f4le jou\u00e9 par les gaz \u00e0 effet de serre dans la r\u00e9gulation du climat mondial.<\/em><\/p>\n<p><strong>Alors, \u00eates-vous pr\u00eats ?<\/strong><\/p>\n<p>Remontons dans le temps, il y a 12 000 ans, lors de l\u2019ach\u00e8vement de la derni\u00e8re p\u00e9riode glaciaire : les hommes commenc\u00e8rent petit \u00e0 petit \u00e0 s\u00e9lectionner les plantes comestibles, \u00e0 d\u00e9velopper l\u2019agriculture, puis \u00e0 construire des villes et multiplier les cultures. Ce fut la naissance de ce que nous appelons aujourd\u2019hui la \u00ab\u00a0civilisation\u00a0\u00bb.<\/p>\n<p>Cette \u00e9poque, allant de la derni\u00e8re glaciation \u00e0 aujourd\u2019hui est appel\u00e9e <strong>l\u2019Holoc\u00e8ne <\/strong>et se caract\u00e9rise par<strong> un climat mondial essentiellement stable et pr\u00e9visible<\/strong>. Ce sont ces deux \u00e9l\u00e9ments qui ont permis \u00e0 notre esp\u00e8ce de prosp\u00e9rer, de grandir et de s&rsquo;\u00e9tendre sur une grande partie de la Terre.<\/p>\n<p>N\u00e9anmoins, le climat de notre plan\u00e8te n\u2019a pas toujours \u00e9t\u00e9 indulgent. En r\u00e9alit\u00e9, les p\u00e9riodes glaciaires \u00e9taient assez brutales pour la vie sur Terre, y compris pour les humains. L\u2019une de ces p\u00e9riodes nous a d\u2019ailleurs presque conduits \u00e0 l\u2019extinction.<\/p>\n<p>L\u2019\u00e2ge de l\u2019Homo Sapiens, et donc de notre esp\u00e8ce est environ de 250 000 ans. Nous sommes \u00e0 un stade avanc\u00e9 de l\u2019\u00e8re quaternaire, une \u00e9poque o\u00f9 notre plan\u00e8te oscille entre des p\u00e9riodes glaciaires et des p\u00e9riodes interglaciaires plus cl\u00e9mentes, dont la plus r\u00e9cente est l\u2019Holoc\u00e8ne.<\/p>\n<p>Nous allons maintenant remonter un peu plus loin dans le temps, il y a environ 3 millions d\u2019ann\u00e9es, quand la Terre se trouvait \u00e0 l\u2019\u00e9tage g\u00e9ologique appel\u00e9 <strong>Plaisancien<\/strong> (<em>nom d\u00e9riv\u00e9 de la ville de Plaisance situ\u00e9e en Italie<\/em>), \u00e0 la fin du Plioc\u00e8ne et lorsque la plan\u00e8te avait un aspect tr\u00e8s diff\u00e9rent de celui que nous observons aujourd\u2019hui. <a href=\"https:\/\/www.pnas.org\/content\/115\/52\/13288\">Les temp\u00e9ratures \u00e9taient de 3\u00b0 plus chaudes et le niveau de la mer \u00e9tait de 20 m\u00e8tres plus \u00e9lev\u00e9.<\/a><\/p>\n<p>De nouvelles recherches men\u00e9es par la revue scientifique <a href=\"https:\/\/www.nature.com\/articles\/s41598-020-67154-8\">Nature<\/a> et diff\u00e9rentes \u00e9tudes\u00a0 pal\u00e9oclimatologiques r\u00e9alis\u00e9es en pr\u00e9levant notamment des carottes de glace et des \u00e9chantillons d\u2019anciens fonds lagunaires, ont montr\u00e9 que les concentrations de CO2 dans l\u2019atmosph\u00e8re du <strong>Plaisancien<\/strong> \u00e9taient \u201cseulement\u201d de 360 ppm.\u00a0 Quand je suis n\u00e9 en 1994, le taux de dioxyde de carbone dans l\u2019air \u00e9tait de 358.24. Tandis que j\u2019\u00e9cris cet article, les ppm de dioxyde de carbone sont de 418.91. En moins de 30 ans, nous avons ajout\u00e9 60 ppm de CO2 alors que les valeurs pr\u00e9industrielles &#8211; il y a un peu moins de 300 ans &#8211; \u00e9taient de 280 ppm. Il faut bien comprendre qu\u2019il ne s\u2019agit pas d\u2019un pass\u00e9 lointain, que notre esp\u00e8ce n\u2019a jamais connu ; c\u2019est aussi notre futur et celui de nos enfants car l\u2019horloge de la terre recule, dans un pass\u00e9 tr\u00e8s profond et inconnu et parce que <strong>nous modifions notre climat \u00e0 une vitesse jamais atteinte auparavant sur Terre.<\/strong><\/p>\n<p><img decoding=\"async\" src=\"https:\/\/extinctionrebellion.it\/assets\/post-img\/co2-graph-051619.jpg\" alt=\"\" \/><\/p>\n<p>Source:\u00a0<a href=\"https:\/\/climate.nasa.gov\/climate_resources\/24\/graphic-the-relentless-rise-of-carbon-dioxide\/\">NASA<\/a><\/p>\n<p><em>(NDT : les sources sont des documents en anglais)\u00a0<\/em><\/p>\n<p>Les <a href=\"https:\/\/climate.nasa.gov\/causes\/\">gaz \u00e0 effet de serre<\/a>, \u00e0 commencer par le dioxyde de carbone et le m\u00e9thane ont toujours \u00e9t\u00e9 les r\u00e9gulateurs du climat, c\u2019est-\u00e0-dire les facteurs qui d\u00e9cident de la hausse ou de la baisse des temp\u00e9ratures et qui r\u00e9gulent le r\u00e9gime pluviom\u00e9trique. Se pose alors la question de savoir pourquoi nous devrions \u00eatre inquiets de l\u2019augmentation exponentielle actuelle des niveaux de gaz \u00e0 effet de serre et pourquoi nous ne regardons pas la plan\u00e8te telle qu\u2019elle \u00e9tait au Plioc\u00e8ne.<\/p>\n<p>Un article r\u00e9cent paru dans <strong>Nature<\/strong> propose l\u2019explication suivante : <em>\u00ab\u00a0La raison pour laquelle nous n&rsquo;observons pas de nos jours des temp\u00e9ratures et des niveaux de la mer semblables \u00e0 ceux du Plioc\u00e8ne, est qu\u2019il faut un certain temps au climat de la Terre afin de se r\u00e9\u00e9quilibrer compl\u00e8tement \u00e0 des niveaux de CO2 plus \u00e9lev\u00e9s et compte tenu des \u00e9missions humaines, les niveaux de CO2 continuent de monter\u00a0\u00bb<\/em>. Pour donner un exemple plus concret, si vous allumez votre four \u00e0 200\u00b0C, la temp\u00e9rature \u00e0 l&rsquo;int\u00e9rieur ne fera pas un bond instantan\u00e9 \u00e0 cette valeur. C\u2019est l&rsquo;explication grossi\u00e8re de la sensibilit\u00e9 climatique.<\/p>\n<p>Autrement dit, il faut un certain temps pour ressentir les pleins effets des \u00e9missions actuelles, \u00e0 savoir quelques ann\u00e9es pour les temp\u00e9ratures et quelques si\u00e8cles pour le niveau de la mer, mais la situation s\u2019aggrave chaque ann\u00e9e. D\u2019une part, nous avons quitt\u00e9 la p\u00e9riode cl\u00e9mente appel\u00e9e Holoc\u00e8ne. D\u2019autre part, les \u00e9missions continuent d\u2019augmenter et nous n\u2019avons aucune garantie que l\u2019agriculture et la soci\u00e9t\u00e9 dont nous d\u00e9pendons puissent survivre \u00e0 de tels d\u00e9s\u00e9quilibres.<\/p>\n<p>L\u2019\u00e9tude publi\u00e9e par <strong>Nature<\/strong> estime que si nous ne changeons rien \u00e0 l\u2019\u00e9tat actuel des choses, d\u2019ici 2025 les \u00e9missions atteindront des niveaux encore plus critiques, jamais enregistr\u00e9s au cours des 15 derniers millions d\u2019ann\u00e9es. <em>\u00ab En d\u00e9passant les niveaux de CO2 du Plioc\u00e8ne en 2025, il est peu probable que les niveaux de CO2 \u00e0 venir aient \u00e9t\u00e9 exp\u00e9riment\u00e9s sur Terre durant les 15 millions d\u2019ann\u00e9es pass\u00e9s, depuis le Mioc\u00e8ne, une p\u00e9riode de chaleur sup\u00e9rieure \u00e0 celle du Plioc\u00e8ne \u00bb<\/em> explique <a href=\"https:\/\/www.southampton.ac.uk\/news\/2020\/07\/co2-levels-rise-2025.page\">Dr de la Vega<\/a>, auteur de cette \u00e9tude. En d\u2019autres termes, nous entrons en terrain inconnu : aucun \u00eatre humain n\u2019a v\u00e9cu dans un tel contexte jusqu\u2019\u00e0 pr\u00e9sent et la situation se d\u00e9t\u00e9riore. Les niveaux de gaz \u00e0 effet de serre augmentent si rapidement que les esp\u00e8ces v\u00e9g\u00e9tales et animales <em>(y compris les humains) <\/em>n\u2019ont pas le temps de s\u2019adapter. Par cons\u00e9quent, les \u00e9cosyst\u00e8mes et les cultures dont nous sommes d\u00e9pendants sont d\u00e9truits par des ph\u00e9nom\u00e8nes m\u00e9t\u00e9orologiques extr\u00eames comme les vagues de chaleur, les s\u00e9cheresses permanentes, les inondations, les vagues de froid soudaines et bien d\u2019autres.<\/p>\n<p><strong>QUELLES MESURES POUR NOUS ASSURER UN AVENIR VIVABLE ?<\/strong><\/p>\n<p>Tout d\u2019abord, il est important de bien comprendre que les crises que nous traversons sont <strong>terribles, profondes et d\u00e9vastatrices<\/strong> mais nous sommes encore en mesure d\u2019\u00e9viter les r\u00e9percussions les plus atroces. Les pertes humaines seront effroyables et sans pr\u00e9c\u00e9dent. En effet, il est inimaginable que les \u00e9cosyst\u00e8mes et les \u00eatres vivants puissent en l\u2019espace de quelques d\u00e9cennies s&rsquo;adapter \u00e0 des millions d\u2019ann\u00e9es de changement climatique. Les circonstances actuelles nous ont d\u2019ores et d\u00e9j\u00e0 projet\u00e9s dans la sixi\u00e8me extinction de masse, d\u00e9truisant des millions d\u2019ann\u00e9es d\u2019\u00e9volution du vivant, sans compter les milliards de d\u00e9g\u00e2ts caus\u00e9s par la crise climatique.<\/p>\n<p>La situation est particuli\u00e8rement dramatique, y compris pour ceux qui en sont le moins responsables, c\u2019est-\u00e0-dire les pays du sud et de fa\u00e7on plus g\u00e9n\u00e9rale les personnes appartenant \u00e0 la classe pauvre ou moyenne. <a href=\"https:\/\/slate.com\/technology\/2018\/10\/who-is-we-causing-climate-change.html\">Il convient de pr\u00e9ciser que tout le monde n\u2019est pas complice du changement climatique<\/a> et de l\u2019extinction massive. La plupart du temps, les d\u00e9cisions sont impos\u00e9es par les gouvernements et les politiciens sans consultation pr\u00e9alable des experts ou des citoyens. La grande majorit\u00e9 de la population se retrouve enferm\u00e9e dans un syst\u00e8me toxique qui la conduira dans un avenir proche de conflits et de destructions.<\/p>\n<p><strong>LA REBELLION NON-VIOLENTE COMME R\u00c9ACTION FACE \u00c0 L\u2019INACTION<\/strong><\/p>\n<p>Outre le fait que nous soyons entr\u00e9s dans la sixi\u00e8me extinction de masse et dans la crise climatique, sans compter les d\u00e9cennies de COP, les sommets sur le climat et la biodiversit\u00e9, les poign\u00e9es de main, le greenwashing et les vaines promesses, tout cela a prouv\u00e9 une chose : les gouvernements n\u2019ont aucune intention r\u00e9elle d\u2019agir afin d\u2019assurer un avenir vivable \u00e0 leurs citoyens. Les ann\u00e9es de gr\u00e8ves pour le climat ainsi que les manifestations et les p\u00e9titions n\u2019auront pas servi \u00e0 grand-chose.<\/p>\n<p>Le mouvement international <strong>Extinction Rebellion<\/strong> vise \u00e0 apprendre des erreurs du pass\u00e9 et met en \u0153uvre une <strong>strat\u00e9gie de d\u00e9sob\u00e9issance civile non violente<\/strong> qui s\u2019inspire des enseignements de <strong>Martin Luther King,<\/strong> de <strong>Gandhi<\/strong> et d\u2019autres grands hommes dont les actions ont chang\u00e9 favorablement le cours de l\u2019histoire. <a href=\"https:\/\/extinctionrebellion.it\/xr-magazine\/2020\/04\/18\/la-regola-del-3-5-come-una-piccola-minoranza-puo-cambiare-il-mondo\/\">Des \u00e9tudes montrent que la non-violence a plus de chances d\u2019aboutir qu&rsquo;une r\u00e9volution sanglante<\/a> et que la mobilisation de seulement 3,5% de la population est suffisante pour provoquer un effet boule de neige, capable de d\u00e9clencher un v\u00e9ritable changement.<\/p>\n<p>La r\u00e9bellion est la r\u00e9ponse \u00e9vidente contre l\u2019inaction et la complicit\u00e9 des gouvernements. Ainsi, il ne reste plus qu\u2019\u00e0 nous soulever, avec col\u00e8re, mais de mani\u00e8re pacifiste, inclusive et non violente, conscients que nous nous rapprochons de plus en plus de l\u2019objectif des 3,5% qui nous semblait \u00eatre un obstacle insurmontable il y a encore quelques ann\u00e9es.<\/p>\n<p><em>L&rsquo;auteur de cet article est Domenico Barbato, jeune militant et \u00e9crivain de 26 ans, passionn\u00e9 par la communication scientifique.\u00a0\u00a0 <\/em><\/p>\n<p><strong>Contact<\/strong>: <a href=\"mailto:domenicobar345@protonmail.com\">domenicobar345@protonmail.com<\/a><\/p>\n<p>Traduit de l&rsquo;italien par Cl\u00e9mence Berger, clemenceberger@hotmail.fr<\/p>\n<p><em>NdT : les liens repris concernent des sources en italien.\u00a0\u00a0<\/em><\/p>\n<p>&nbsp;<\/p>\n<p><em>\u00a0<\/em><\/p>\n","protected":false},"excerpt":{"rendered":"<p>Des taux de 415 ppm de dioxyde de carbone et 1892 ppb de m\u00e9thane dans l&rsquo;atmosph\u00e8re : ces chiffres n\u2019ont aucune signification pour n\u2019importe quel lecteur lambda qui peut justement se demander pourquoi \u00eatre inquiet de la hausse exponentielle de&hellip;<\/p>\n","protected":false},"author":1696,"featured_media":1387971,"comment_status":"closed","ping_status":"closed","sticky":false,"template":"","format":"standard","meta":{"footnotes":""},"categories":[97,163],"tags":[6939,14732,93581],"class_list":["post-1408722","post","type-post","status-publish","format-standard","has-post-thumbnail","hentry","category-environnement-et-ecologie","category-opinion-fr","tag-changement-climatique","tag-co2-fr","tag-effet-de-serre"],"yoast_head":"<!-- This site is optimized with the Yoast SEO plugin v27.1.1 - https:\/\/yoast.com\/product\/yoast-seo-wordpress\/ -->\n<title>De la pr\u00e9histoire aux temps modernes : un voyage essentiel pour mieux comprendre notre avenir<\/title>\n<meta name=\"description\" content=\"Des taux de 415 ppm de dioxyde de carbone et 1892 ppb de m\u00e9thane dans l&#039;atmosph\u00e8re : ces chiffres n\u2019ont aucune signification pour n\u2019importe quel lecteur\" \/>\n<meta name=\"robots\" content=\"index, follow, max-snippet:-1, max-image-preview:large, max-video-preview:-1\" \/>\n<link rel=\"canonical\" href=\"https:\/\/www.pressenza.com\/fr\/2021\/08\/de-la-prehistoire-aux-temps-modernes-un-voyage-essentiel-pour-mieux-comprendre-notre-avenir\/\" \/>\n<meta property=\"og:locale\" content=\"fr_FR\" \/>\n<meta property=\"og:type\" content=\"article\" \/>\n<meta property=\"og:title\" content=\"De la pr\u00e9histoire aux temps modernes : un voyage essentiel pour mieux comprendre notre avenir\" \/>\n<meta property=\"og:description\" content=\"Des taux de 415 ppm de dioxyde de carbone et 1892 ppb de m\u00e9thane dans l&#039;atmosph\u00e8re : ces chiffres n\u2019ont aucune signification pour n\u2019importe quel lecteur\" \/>\n<meta property=\"og:url\" content=\"https:\/\/www.pressenza.com\/fr\/2021\/08\/de-la-prehistoire-aux-temps-modernes-un-voyage-essentiel-pour-mieux-comprendre-notre-avenir\/\" \/>\n<meta property=\"og:site_name\" content=\"Pressenza\" \/>\n<meta property=\"article:publisher\" content=\"https:\/\/www.facebook.com\/PressenzaItalia\" \/>\n<meta property=\"article:published_time\" content=\"2021-08-01T14:49:52+00:00\" \/>\n<meta property=\"article:modified_time\" content=\"2021-08-05T05:02:49+00:00\" \/>\n<meta property=\"og:image\" content=\"https:\/\/www.pressenza.com\/wp-content\/uploads\/2021\/06\/viaggio-nel-passato-Carlotta-Artioli.png\" \/>\n\t<meta property=\"og:image:width\" content=\"1920\" \/>\n\t<meta property=\"og:image:height\" content=\"1357\" \/>\n\t<meta property=\"og:image:type\" content=\"image\/png\" \/>\n<meta name=\"author\" content=\"Extinction Rebellion\" \/>\n<meta name=\"twitter:card\" content=\"summary_large_image\" \/>\n<meta name=\"twitter:creator\" content=\"@PressenzaIPA\" \/>\n<meta name=\"twitter:site\" content=\"@PressenzaIPA\" \/>\n<meta name=\"twitter:label1\" content=\"\u00c9crit par\" \/>\n\t<meta name=\"twitter:data1\" content=\"Extinction Rebellion\" \/>\n\t<meta name=\"twitter:label2\" content=\"Dur\u00e9e de lecture estim\u00e9e\" \/>\n\t<meta name=\"twitter:data2\" content=\"8 minutes\" \/>\n<script type=\"application\/ld+json\" class=\"yoast-schema-graph\">{\"@context\":\"https:\/\/schema.org\",\"@graph\":[{\"@type\":\"Article\",\"@id\":\"https:\/\/www.pressenza.com\/fr\/2021\/08\/de-la-prehistoire-aux-temps-modernes-un-voyage-essentiel-pour-mieux-comprendre-notre-avenir\/#article\",\"isPartOf\":{\"@id\":\"https:\/\/www.pressenza.com\/fr\/2021\/08\/de-la-prehistoire-aux-temps-modernes-un-voyage-essentiel-pour-mieux-comprendre-notre-avenir\/\"},\"author\":{\"name\":\"Extinction Rebellion\",\"@id\":\"https:\/\/www.pressenza.com\/fr\/#\/schema\/person\/469654e5f261458f78054b73ca6931aa\"},\"headline\":\"De la pr\u00e9histoire aux temps modernes : un voyage essentiel pour mieux comprendre notre avenir\",\"datePublished\":\"2021-08-01T14:49:52+00:00\",\"dateModified\":\"2021-08-05T05:02:49+00:00\",\"mainEntityOfPage\":{\"@id\":\"https:\/\/www.pressenza.com\/fr\/2021\/08\/de-la-prehistoire-aux-temps-modernes-un-voyage-essentiel-pour-mieux-comprendre-notre-avenir\/\"},\"wordCount\":1672,\"publisher\":{\"@id\":\"https:\/\/www.pressenza.com\/fr\/#organization\"},\"image\":{\"@id\":\"https:\/\/www.pressenza.com\/fr\/2021\/08\/de-la-prehistoire-aux-temps-modernes-un-voyage-essentiel-pour-mieux-comprendre-notre-avenir\/#primaryimage\"},\"thumbnailUrl\":\"https:\/\/www.pressenza.com\/wp-content\/uploads\/2021\/06\/viaggio-nel-passato-Carlotta-Artioli.png\",\"keywords\":[\"changement climatique\",\"CO2\",\"Effet de Serre\"],\"articleSection\":[\"Ecologie et Environnement\",\"Opinion\"],\"inLanguage\":\"fr-FR\"},{\"@type\":\"WebPage\",\"@id\":\"https:\/\/www.pressenza.com\/fr\/2021\/08\/de-la-prehistoire-aux-temps-modernes-un-voyage-essentiel-pour-mieux-comprendre-notre-avenir\/\",\"url\":\"https:\/\/www.pressenza.com\/fr\/2021\/08\/de-la-prehistoire-aux-temps-modernes-un-voyage-essentiel-pour-mieux-comprendre-notre-avenir\/\",\"name\":\"De la pr\u00e9histoire aux temps modernes : un voyage essentiel pour mieux comprendre notre avenir\",\"isPartOf\":{\"@id\":\"https:\/\/www.pressenza.com\/fr\/#website\"},\"primaryImageOfPage\":{\"@id\":\"https:\/\/www.pressenza.com\/fr\/2021\/08\/de-la-prehistoire-aux-temps-modernes-un-voyage-essentiel-pour-mieux-comprendre-notre-avenir\/#primaryimage\"},\"image\":{\"@id\":\"https:\/\/www.pressenza.com\/fr\/2021\/08\/de-la-prehistoire-aux-temps-modernes-un-voyage-essentiel-pour-mieux-comprendre-notre-avenir\/#primaryimage\"},\"thumbnailUrl\":\"https:\/\/www.pressenza.com\/wp-content\/uploads\/2021\/06\/viaggio-nel-passato-Carlotta-Artioli.png\",\"datePublished\":\"2021-08-01T14:49:52+00:00\",\"dateModified\":\"2021-08-05T05:02:49+00:00\",\"description\":\"Des taux de 415 ppm de dioxyde de carbone et 1892 ppb de m\u00e9thane dans l'atmosph\u00e8re : ces chiffres n\u2019ont aucune signification pour n\u2019importe quel lecteur\",\"breadcrumb\":{\"@id\":\"https:\/\/www.pressenza.com\/fr\/2021\/08\/de-la-prehistoire-aux-temps-modernes-un-voyage-essentiel-pour-mieux-comprendre-notre-avenir\/#breadcrumb\"},\"inLanguage\":\"fr-FR\",\"potentialAction\":[{\"@type\":\"ReadAction\",\"target\":[\"https:\/\/www.pressenza.com\/fr\/2021\/08\/de-la-prehistoire-aux-temps-modernes-un-voyage-essentiel-pour-mieux-comprendre-notre-avenir\/\"]}]},{\"@type\":\"ImageObject\",\"inLanguage\":\"fr-FR\",\"@id\":\"https:\/\/www.pressenza.com\/fr\/2021\/08\/de-la-prehistoire-aux-temps-modernes-un-voyage-essentiel-pour-mieux-comprendre-notre-avenir\/#primaryimage\",\"url\":\"https:\/\/www.pressenza.com\/wp-content\/uploads\/2021\/06\/viaggio-nel-passato-Carlotta-Artioli.png\",\"contentUrl\":\"https:\/\/www.pressenza.com\/wp-content\/uploads\/2021\/06\/viaggio-nel-passato-Carlotta-Artioli.png\",\"width\":1920,\"height\":1357,\"caption\":\"Voyage dans le Pass\u00e9\"},{\"@type\":\"BreadcrumbList\",\"@id\":\"https:\/\/www.pressenza.com\/fr\/2021\/08\/de-la-prehistoire-aux-temps-modernes-un-voyage-essentiel-pour-mieux-comprendre-notre-avenir\/#breadcrumb\",\"itemListElement\":[{\"@type\":\"ListItem\",\"position\":1,\"name\":\"Accueil\",\"item\":\"https:\/\/www.pressenza.com\/fr\/\"},{\"@type\":\"ListItem\",\"position\":2,\"name\":\"De la pr\u00e9histoire aux temps modernes : un voyage essentiel pour mieux comprendre notre avenir\"}]},{\"@type\":\"WebSite\",\"@id\":\"https:\/\/www.pressenza.com\/fr\/#website\",\"url\":\"https:\/\/www.pressenza.com\/fr\/\",\"name\":\"Pressenza\",\"description\":\"International Press Agency\",\"publisher\":{\"@id\":\"https:\/\/www.pressenza.com\/fr\/#organization\"},\"potentialAction\":[{\"@type\":\"SearchAction\",\"target\":{\"@type\":\"EntryPoint\",\"urlTemplate\":\"https:\/\/www.pressenza.com\/fr\/?s={search_term_string}\"},\"query-input\":{\"@type\":\"PropertyValueSpecification\",\"valueRequired\":true,\"valueName\":\"search_term_string\"}}],\"inLanguage\":\"fr-FR\"},{\"@type\":\"Organization\",\"@id\":\"https:\/\/www.pressenza.com\/fr\/#organization\",\"name\":\"Pressenza\",\"url\":\"https:\/\/www.pressenza.com\/fr\/\",\"logo\":{\"@type\":\"ImageObject\",\"inLanguage\":\"fr-FR\",\"@id\":\"https:\/\/www.pressenza.com\/fr\/#\/schema\/logo\/image\/\",\"url\":\"https:\/\/www.pressenza.com\/wp-content\/uploads\/2022\/10\/pressenza_logo_200x200.jpg\",\"contentUrl\":\"https:\/\/www.pressenza.com\/wp-content\/uploads\/2022\/10\/pressenza_logo_200x200.jpg\",\"width\":200,\"height\":200,\"caption\":\"Pressenza\"},\"image\":{\"@id\":\"https:\/\/www.pressenza.com\/fr\/#\/schema\/logo\/image\/\"},\"sameAs\":[\"https:\/\/www.facebook.com\/PressenzaItalia\",\"https:\/\/x.com\/PressenzaIPA\"]},{\"@type\":\"Person\",\"@id\":\"https:\/\/www.pressenza.com\/fr\/#\/schema\/person\/469654e5f261458f78054b73ca6931aa\",\"name\":\"Extinction Rebellion\",\"description\":\"Extinction Rebellion (XR) \u00e8 un movimento internazionale \u201cdal basso\u201d, nonviolento, fondato in Inghilterra in risposta alla devastazione ambientale causata dalle attivit\u00e0 umane. La sua ragione d\u2019essere si basa sui risultati scientifici.\",\"sameAs\":[\"https:\/\/rebellion.earth\/\"],\"url\":\"https:\/\/www.pressenza.com\/fr\/author\/extinction-rebellion\/\"}]}<\/script>\n<!-- \/ Yoast SEO plugin. -->","yoast_head_json":{"title":"De la pr\u00e9histoire aux temps modernes : un voyage essentiel pour mieux comprendre notre avenir","description":"Des taux de 415 ppm de dioxyde de carbone et 1892 ppb de m\u00e9thane dans l'atmosph\u00e8re : ces chiffres n\u2019ont aucune signification pour n\u2019importe quel lecteur","robots":{"index":"index","follow":"follow","max-snippet":"max-snippet:-1","max-image-preview":"max-image-preview:large","max-video-preview":"max-video-preview:-1"},"canonical":"https:\/\/www.pressenza.com\/fr\/2021\/08\/de-la-prehistoire-aux-temps-modernes-un-voyage-essentiel-pour-mieux-comprendre-notre-avenir\/","og_locale":"fr_FR","og_type":"article","og_title":"De la pr\u00e9histoire aux temps modernes : un voyage essentiel pour mieux comprendre notre avenir","og_description":"Des taux de 415 ppm de dioxyde de carbone et 1892 ppb de m\u00e9thane dans l'atmosph\u00e8re : ces chiffres n\u2019ont aucune signification pour n\u2019importe quel lecteur","og_url":"https:\/\/www.pressenza.com\/fr\/2021\/08\/de-la-prehistoire-aux-temps-modernes-un-voyage-essentiel-pour-mieux-comprendre-notre-avenir\/","og_site_name":"Pressenza","article_publisher":"https:\/\/www.facebook.com\/PressenzaItalia","article_published_time":"2021-08-01T14:49:52+00:00","article_modified_time":"2021-08-05T05:02:49+00:00","og_image":[{"width":1920,"height":1357,"url":"https:\/\/www.pressenza.com\/wp-content\/uploads\/2021\/06\/viaggio-nel-passato-Carlotta-Artioli.png","type":"image\/png"}],"author":"Extinction Rebellion","twitter_card":"summary_large_image","twitter_creator":"@PressenzaIPA","twitter_site":"@PressenzaIPA","twitter_misc":{"\u00c9crit par":"Extinction Rebellion","Dur\u00e9e de lecture estim\u00e9e":"8 minutes"},"schema":{"@context":"https:\/\/schema.org","@graph":[{"@type":"Article","@id":"https:\/\/www.pressenza.com\/fr\/2021\/08\/de-la-prehistoire-aux-temps-modernes-un-voyage-essentiel-pour-mieux-comprendre-notre-avenir\/#article","isPartOf":{"@id":"https:\/\/www.pressenza.com\/fr\/2021\/08\/de-la-prehistoire-aux-temps-modernes-un-voyage-essentiel-pour-mieux-comprendre-notre-avenir\/"},"author":{"name":"Extinction Rebellion","@id":"https:\/\/www.pressenza.com\/fr\/#\/schema\/person\/469654e5f261458f78054b73ca6931aa"},"headline":"De la pr\u00e9histoire aux temps modernes : un voyage essentiel pour mieux comprendre notre avenir","datePublished":"2021-08-01T14:49:52+00:00","dateModified":"2021-08-05T05:02:49+00:00","mainEntityOfPage":{"@id":"https:\/\/www.pressenza.com\/fr\/2021\/08\/de-la-prehistoire-aux-temps-modernes-un-voyage-essentiel-pour-mieux-comprendre-notre-avenir\/"},"wordCount":1672,"publisher":{"@id":"https:\/\/www.pressenza.com\/fr\/#organization"},"image":{"@id":"https:\/\/www.pressenza.com\/fr\/2021\/08\/de-la-prehistoire-aux-temps-modernes-un-voyage-essentiel-pour-mieux-comprendre-notre-avenir\/#primaryimage"},"thumbnailUrl":"https:\/\/www.pressenza.com\/wp-content\/uploads\/2021\/06\/viaggio-nel-passato-Carlotta-Artioli.png","keywords":["changement climatique","CO2","Effet de Serre"],"articleSection":["Ecologie et Environnement","Opinion"],"inLanguage":"fr-FR"},{"@type":"WebPage","@id":"https:\/\/www.pressenza.com\/fr\/2021\/08\/de-la-prehistoire-aux-temps-modernes-un-voyage-essentiel-pour-mieux-comprendre-notre-avenir\/","url":"https:\/\/www.pressenza.com\/fr\/2021\/08\/de-la-prehistoire-aux-temps-modernes-un-voyage-essentiel-pour-mieux-comprendre-notre-avenir\/","name":"De la pr\u00e9histoire aux temps modernes : un voyage essentiel pour mieux comprendre notre avenir","isPartOf":{"@id":"https:\/\/www.pressenza.com\/fr\/#website"},"primaryImageOfPage":{"@id":"https:\/\/www.pressenza.com\/fr\/2021\/08\/de-la-prehistoire-aux-temps-modernes-un-voyage-essentiel-pour-mieux-comprendre-notre-avenir\/#primaryimage"},"image":{"@id":"https:\/\/www.pressenza.com\/fr\/2021\/08\/de-la-prehistoire-aux-temps-modernes-un-voyage-essentiel-pour-mieux-comprendre-notre-avenir\/#primaryimage"},"thumbnailUrl":"https:\/\/www.pressenza.com\/wp-content\/uploads\/2021\/06\/viaggio-nel-passato-Carlotta-Artioli.png","datePublished":"2021-08-01T14:49:52+00:00","dateModified":"2021-08-05T05:02:49+00:00","description":"Des taux de 415 ppm de dioxyde de carbone et 1892 ppb de m\u00e9thane dans l'atmosph\u00e8re : ces chiffres n\u2019ont aucune signification pour n\u2019importe quel lecteur","breadcrumb":{"@id":"https:\/\/www.pressenza.com\/fr\/2021\/08\/de-la-prehistoire-aux-temps-modernes-un-voyage-essentiel-pour-mieux-comprendre-notre-avenir\/#breadcrumb"},"inLanguage":"fr-FR","potentialAction":[{"@type":"ReadAction","target":["https:\/\/www.pressenza.com\/fr\/2021\/08\/de-la-prehistoire-aux-temps-modernes-un-voyage-essentiel-pour-mieux-comprendre-notre-avenir\/"]}]},{"@type":"ImageObject","inLanguage":"fr-FR","@id":"https:\/\/www.pressenza.com\/fr\/2021\/08\/de-la-prehistoire-aux-temps-modernes-un-voyage-essentiel-pour-mieux-comprendre-notre-avenir\/#primaryimage","url":"https:\/\/www.pressenza.com\/wp-content\/uploads\/2021\/06\/viaggio-nel-passato-Carlotta-Artioli.png","contentUrl":"https:\/\/www.pressenza.com\/wp-content\/uploads\/2021\/06\/viaggio-nel-passato-Carlotta-Artioli.png","width":1920,"height":1357,"caption":"Voyage dans le Pass\u00e9"},{"@type":"BreadcrumbList","@id":"https:\/\/www.pressenza.com\/fr\/2021\/08\/de-la-prehistoire-aux-temps-modernes-un-voyage-essentiel-pour-mieux-comprendre-notre-avenir\/#breadcrumb","itemListElement":[{"@type":"ListItem","position":1,"name":"Accueil","item":"https:\/\/www.pressenza.com\/fr\/"},{"@type":"ListItem","position":2,"name":"De la pr\u00e9histoire aux temps modernes : un voyage essentiel pour mieux comprendre notre avenir"}]},{"@type":"WebSite","@id":"https:\/\/www.pressenza.com\/fr\/#website","url":"https:\/\/www.pressenza.com\/fr\/","name":"Pressenza","description":"International Press Agency","publisher":{"@id":"https:\/\/www.pressenza.com\/fr\/#organization"},"potentialAction":[{"@type":"SearchAction","target":{"@type":"EntryPoint","urlTemplate":"https:\/\/www.pressenza.com\/fr\/?s={search_term_string}"},"query-input":{"@type":"PropertyValueSpecification","valueRequired":true,"valueName":"search_term_string"}}],"inLanguage":"fr-FR"},{"@type":"Organization","@id":"https:\/\/www.pressenza.com\/fr\/#organization","name":"Pressenza","url":"https:\/\/www.pressenza.com\/fr\/","logo":{"@type":"ImageObject","inLanguage":"fr-FR","@id":"https:\/\/www.pressenza.com\/fr\/#\/schema\/logo\/image\/","url":"https:\/\/www.pressenza.com\/wp-content\/uploads\/2022\/10\/pressenza_logo_200x200.jpg","contentUrl":"https:\/\/www.pressenza.com\/wp-content\/uploads\/2022\/10\/pressenza_logo_200x200.jpg","width":200,"height":200,"caption":"Pressenza"},"image":{"@id":"https:\/\/www.pressenza.com\/fr\/#\/schema\/logo\/image\/"},"sameAs":["https:\/\/www.facebook.com\/PressenzaItalia","https:\/\/x.com\/PressenzaIPA"]},{"@type":"Person","@id":"https:\/\/www.pressenza.com\/fr\/#\/schema\/person\/469654e5f261458f78054b73ca6931aa","name":"Extinction Rebellion","description":"Extinction Rebellion (XR) \u00e8 un movimento internazionale \u201cdal basso\u201d, nonviolento, fondato in Inghilterra in risposta alla devastazione ambientale causata dalle attivit\u00e0 umane. La sua ragione d\u2019essere si basa sui risultati scientifici.","sameAs":["https:\/\/rebellion.earth\/"],"url":"https:\/\/www.pressenza.com\/fr\/author\/extinction-rebellion\/"}]}},"place":"Italie","original_article_url":"","_links":{"self":[{"href":"https:\/\/www.pressenza.com\/fr\/wp-json\/wp\/v2\/posts\/1408722","targetHints":{"allow":["GET"]}}],"collection":[{"href":"https:\/\/www.pressenza.com\/fr\/wp-json\/wp\/v2\/posts"}],"about":[{"href":"https:\/\/www.pressenza.com\/fr\/wp-json\/wp\/v2\/types\/post"}],"author":[{"embeddable":true,"href":"https:\/\/www.pressenza.com\/fr\/wp-json\/wp\/v2\/users\/1696"}],"replies":[{"embeddable":true,"href":"https:\/\/www.pressenza.com\/fr\/wp-json\/wp\/v2\/comments?post=1408722"}],"version-history":[{"count":0,"href":"https:\/\/www.pressenza.com\/fr\/wp-json\/wp\/v2\/posts\/1408722\/revisions"}],"wp:featuredmedia":[{"embeddable":true,"href":"https:\/\/www.pressenza.com\/fr\/wp-json\/wp\/v2\/media\/1387971"}],"wp:attachment":[{"href":"https:\/\/www.pressenza.com\/fr\/wp-json\/wp\/v2\/media?parent=1408722"}],"wp:term":[{"taxonomy":"category","embeddable":true,"href":"https:\/\/www.pressenza.com\/fr\/wp-json\/wp\/v2\/categories?post=1408722"},{"taxonomy":"post_tag","embeddable":true,"href":"https:\/\/www.pressenza.com\/fr\/wp-json\/wp\/v2\/tags?post=1408722"}],"curies":[{"name":"wp","href":"https:\/\/api.w.org\/{rel}","templated":true}]}}