{"id":1407965,"date":"2021-07-31T07:32:36","date_gmt":"2021-07-31T06:32:36","guid":{"rendered":"https:\/\/www.pressenza.com\/?p=1407965"},"modified":"2021-08-03T18:06:51","modified_gmt":"2021-08-03T17:06:51","slug":"le-president-peruvien-debute-avec-un-discours-pour-le-moins-critiquable","status":"publish","type":"post","link":"https:\/\/www.pressenza.com\/fr\/2021\/07\/le-president-peruvien-debute-avec-un-discours-pour-le-moins-critiquable\/","title":{"rendered":"Le Pr\u00e9sident p\u00e9ruvien d\u00e9bute avec un discours pour le moins critiquable"},"content":{"rendered":"<p><em>Nous sommes dans la deuxi\u00e8me d\u00e9cennie du XXIe si\u00e8cle et la communaut\u00e9 internationale a d\u00e9j\u00e0 ratifi\u00e9 le Trait\u00e9 d&rsquo;interdiction des armes nucl\u00e9aires au sein des Nations Unies. Nous nous dirigeons vers un monde qui s&rsquo;\u00e9loigne de plus en plus des interventions arm\u00e9es et o\u00f9 l&rsquo;usage non seulement des arm\u00e9es mais aussi des armes devrait devenir obsol\u00e8te.\u00a0En effet, de nombreuses propositions circulent pour d\u00e9tourner les budgets de guerre vers les besoins de reboisement, de r\u00e9cup\u00e9ration d&rsquo;animaux en danger d&rsquo;extinction et de r\u00e9paration de l&rsquo;environnement ainsi endommag\u00e9, afin d&rsquo;\u00e9viter les dangers du changement climatique dans les dix prochaines ann\u00e9es.<\/em><\/p>\n<p>Cependant, dans son premier discours apr\u00e8s avoir pris ses fonctions de pr\u00e9sident du P\u00e9rou, <strong>Pedro Castillo<\/strong> a \u00e9voqu\u00e9 devant le Congr\u00e8s le service militaire obligatoire pour les jeunes.\u00a0Il venait de pr\u00eater serment en tant que premier pr\u00e9sident en disant : <em>\u00ab Je jure par Dieu, par ma famille, par les paysans, par les indig\u00e8nes, par les ronderos, p\u00eacheurs, professionnels, enfants, adolescents, que j&rsquo;exercerai la fonction de Pr\u00e9sident de la R\u00e9publique pour la p\u00e9riode 2021-2026. Je jure par les peuples du P\u00e9rou, pour un pays sans corruption et pour une nouvelle Constitution\u00a0\u00bb<\/em>.<\/p>\n<p>Aussit\u00f4t, Castillo a annonc\u00e9 une mesure controvers\u00e9e et r\u00e9trograde qu&rsquo;il entend mettre en \u0153uvre dans son gouvernement : les jeunes devront d\u00e9sormais faire leur service militaire s&rsquo;ils ne travaillent pas ou n&rsquo;\u00e9tudient pas. Il s&rsquo;agit uniquement des hommes car la parit\u00e9 hommes-femmes ne semble pas \u00eatre prise en compte par le nouveau dirigeant.<\/p>\n<p><em>\u00ab\u00a0Les jeunes qui n&rsquo;\u00e9tudient ni ne travaillent devraient faire leur service militaire\u00a0\u00bb<\/em>, a d\u00e9clar\u00e9 l&rsquo;actuel pr\u00e9sident du P\u00e9rou.\u00a0Il a \u00e9galement d\u00e9clar\u00e9 que <em>\u00ab\u00a0les criminels \u00e9trangers auront 72 heures \u00e0 compter de la date pour quitter le pays\u00a0\u00bb<\/em> et que les m\u00e9dias devraient \u00eatre <em>\u00ab\u00a0mieux r\u00e9glement\u00e9s <\/em>\u00ab\u00a0.<\/p>\n<p>Les commentaires ont d\u00e9clench\u00e9 une vague de r\u00e9actions de rejet retentissant de la part des r\u00e9seaux sociaux, notamment de la part de la nouvelle g\u00e9n\u00e9ration p\u00e9ruvienne.<\/p>\n<p>Traduction de l&rsquo;espagnol : Tatiana De Barelli<\/p>\n<p>&nbsp;<\/p>\n","protected":false},"excerpt":{"rendered":"<p>Nous sommes dans la deuxi\u00e8me d\u00e9cennie du XXIe si\u00e8cle et la communaut\u00e9 internationale a d\u00e9j\u00e0 ratifi\u00e9 le Trait\u00e9 d&rsquo;interdiction des armes nucl\u00e9aires au sein des Nations Unies. Nous nous dirigeons vers un monde qui s&rsquo;\u00e9loigne de plus en plus des&hellip;<\/p>\n","protected":false},"author":831,"featured_media":1407968,"comment_status":"closed","ping_status":"closed","sticky":false,"template":"","format":"standard","meta":{"footnotes":""},"categories":[86,11386,46977],"tags":[93540,7269],"class_list":["post-1407965","post","type-post","status-publish","format-standard","has-post-thumbnail","hentry","category-amerique-du-sud","category-contenu-original","category-jeunes","tag-pedro-castillo-fr","tag-perou"],"yoast_head":"<!-- This site is optimized with the Yoast SEO plugin v27.1.1 - https:\/\/yoast.com\/product\/yoast-seo-wordpress\/ -->\n<title>Le Pr\u00e9sident p\u00e9ruvien d\u00e9bute avec un discours pour le moins critiquable<\/title>\n<meta name=\"description\" content=\"Nous sommes dans la deuxi\u00e8me d\u00e9cennie du XXIe si\u00e8cle et la communaut\u00e9 internationale a d\u00e9j\u00e0 ratifi\u00e9 le Trait\u00e9 d&#039;interdiction des armes nucl\u00e9aires au sein\" \/>\n<meta name=\"robots\" content=\"index, follow, max-snippet:-1, max-image-preview:large, max-video-preview:-1\" \/>\n<link rel=\"canonical\" href=\"https:\/\/www.pressenza.com\/fr\/2021\/07\/le-president-peruvien-debute-avec-un-discours-pour-le-moins-critiquable\/\" \/>\n<meta property=\"og:locale\" content=\"fr_FR\" \/>\n<meta property=\"og:type\" content=\"article\" \/>\n<meta property=\"og:title\" content=\"Le Pr\u00e9sident p\u00e9ruvien d\u00e9bute avec un discours pour le moins critiquable\" \/>\n<meta property=\"og:description\" content=\"Nous sommes dans la deuxi\u00e8me d\u00e9cennie du XXIe si\u00e8cle et la communaut\u00e9 internationale a d\u00e9j\u00e0 ratifi\u00e9 le Trait\u00e9 d&#039;interdiction des armes nucl\u00e9aires au sein\" \/>\n<meta property=\"og:url\" content=\"https:\/\/www.pressenza.com\/fr\/2021\/07\/le-president-peruvien-debute-avec-un-discours-pour-le-moins-critiquable\/\" \/>\n<meta property=\"og:site_name\" content=\"Pressenza\" \/>\n<meta property=\"article:publisher\" content=\"https:\/\/www.facebook.com\/PressenzaItalia\" \/>\n<meta property=\"article:published_time\" content=\"2021-07-31T06:32:36+00:00\" \/>\n<meta property=\"article:modified_time\" content=\"2021-08-03T17:06:51+00:00\" \/>\n<meta property=\"og:image\" content=\"https:\/\/www.pressenza.com\/wp-content\/uploads\/2021\/07\/Pedro-Castillo.jpg\" \/>\n\t<meta property=\"og:image:width\" content=\"748\" \/>\n\t<meta property=\"og:image:height\" content=\"498\" \/>\n\t<meta property=\"og:image:type\" content=\"image\/jpeg\" \/>\n<meta name=\"author\" content=\"Redacci\u00f3n Per\u00fa\" \/>\n<meta name=\"twitter:card\" content=\"summary_large_image\" \/>\n<meta name=\"twitter:creator\" content=\"@PressenzaIPA\" \/>\n<meta name=\"twitter:site\" content=\"@PressenzaIPA\" \/>\n<meta name=\"twitter:label1\" content=\"\u00c9crit par\" \/>\n\t<meta name=\"twitter:data1\" content=\"Redacci\u00f3n Per\u00fa\" \/>\n\t<meta name=\"twitter:label2\" content=\"Dur\u00e9e de lecture estim\u00e9e\" \/>\n\t<meta name=\"twitter:data2\" content=\"2 minutes\" \/>\n<script type=\"application\/ld+json\" class=\"yoast-schema-graph\">{\"@context\":\"https:\/\/schema.org\",\"@graph\":[{\"@type\":\"Article\",\"@id\":\"https:\/\/www.pressenza.com\/fr\/2021\/07\/le-president-peruvien-debute-avec-un-discours-pour-le-moins-critiquable\/#article\",\"isPartOf\":{\"@id\":\"https:\/\/www.pressenza.com\/fr\/2021\/07\/le-president-peruvien-debute-avec-un-discours-pour-le-moins-critiquable\/\"},\"author\":{\"name\":\"Redacci\u00f3n Per\u00fa\",\"@id\":\"https:\/\/www.pressenza.com\/fr\/#\/schema\/person\/e86c29a41185b85084a478822f5de81b\"},\"headline\":\"Le Pr\u00e9sident p\u00e9ruvien d\u00e9bute avec un discours pour le moins critiquable\",\"datePublished\":\"2021-07-31T06:32:36+00:00\",\"dateModified\":\"2021-08-03T17:06:51+00:00\",\"mainEntityOfPage\":{\"@id\":\"https:\/\/www.pressenza.com\/fr\/2021\/07\/le-president-peruvien-debute-avec-un-discours-pour-le-moins-critiquable\/\"},\"wordCount\":388,\"publisher\":{\"@id\":\"https:\/\/www.pressenza.com\/fr\/#organization\"},\"image\":{\"@id\":\"https:\/\/www.pressenza.com\/fr\/2021\/07\/le-president-peruvien-debute-avec-un-discours-pour-le-moins-critiquable\/#primaryimage\"},\"thumbnailUrl\":\"https:\/\/www.pressenza.com\/wp-content\/uploads\/2021\/07\/Pedro-Castillo.jpg\",\"keywords\":[\"Pedro Castillo\",\"Perou\"],\"articleSection\":[\"Am\u00e9rique du Sud\",\"Contenu Original\",\"Jeunes\"],\"inLanguage\":\"fr-FR\"},{\"@type\":\"WebPage\",\"@id\":\"https:\/\/www.pressenza.com\/fr\/2021\/07\/le-president-peruvien-debute-avec-un-discours-pour-le-moins-critiquable\/\",\"url\":\"https:\/\/www.pressenza.com\/fr\/2021\/07\/le-president-peruvien-debute-avec-un-discours-pour-le-moins-critiquable\/\",\"name\":\"Le Pr\u00e9sident p\u00e9ruvien d\u00e9bute avec un discours pour le moins critiquable\",\"isPartOf\":{\"@id\":\"https:\/\/www.pressenza.com\/fr\/#website\"},\"primaryImageOfPage\":{\"@id\":\"https:\/\/www.pressenza.com\/fr\/2021\/07\/le-president-peruvien-debute-avec-un-discours-pour-le-moins-critiquable\/#primaryimage\"},\"image\":{\"@id\":\"https:\/\/www.pressenza.com\/fr\/2021\/07\/le-president-peruvien-debute-avec-un-discours-pour-le-moins-critiquable\/#primaryimage\"},\"thumbnailUrl\":\"https:\/\/www.pressenza.com\/wp-content\/uploads\/2021\/07\/Pedro-Castillo.jpg\",\"datePublished\":\"2021-07-31T06:32:36+00:00\",\"dateModified\":\"2021-08-03T17:06:51+00:00\",\"description\":\"Nous sommes dans la deuxi\u00e8me d\u00e9cennie du XXIe si\u00e8cle et la communaut\u00e9 internationale a d\u00e9j\u00e0 ratifi\u00e9 le Trait\u00e9 d'interdiction des armes nucl\u00e9aires au sein\",\"breadcrumb\":{\"@id\":\"https:\/\/www.pressenza.com\/fr\/2021\/07\/le-president-peruvien-debute-avec-un-discours-pour-le-moins-critiquable\/#breadcrumb\"},\"inLanguage\":\"fr-FR\",\"potentialAction\":[{\"@type\":\"ReadAction\",\"target\":[\"https:\/\/www.pressenza.com\/fr\/2021\/07\/le-president-peruvien-debute-avec-un-discours-pour-le-moins-critiquable\/\"]}]},{\"@type\":\"ImageObject\",\"inLanguage\":\"fr-FR\",\"@id\":\"https:\/\/www.pressenza.com\/fr\/2021\/07\/le-president-peruvien-debute-avec-un-discours-pour-le-moins-critiquable\/#primaryimage\",\"url\":\"https:\/\/www.pressenza.com\/wp-content\/uploads\/2021\/07\/Pedro-Castillo.jpg\",\"contentUrl\":\"https:\/\/www.pressenza.com\/wp-content\/uploads\/2021\/07\/Pedro-Castillo.jpg\",\"width\":748,\"height\":498},{\"@type\":\"BreadcrumbList\",\"@id\":\"https:\/\/www.pressenza.com\/fr\/2021\/07\/le-president-peruvien-debute-avec-un-discours-pour-le-moins-critiquable\/#breadcrumb\",\"itemListElement\":[{\"@type\":\"ListItem\",\"position\":1,\"name\":\"Accueil\",\"item\":\"https:\/\/www.pressenza.com\/fr\/\"},{\"@type\":\"ListItem\",\"position\":2,\"name\":\"Le Pr\u00e9sident p\u00e9ruvien d\u00e9bute avec un discours pour le moins critiquable\"}]},{\"@type\":\"WebSite\",\"@id\":\"https:\/\/www.pressenza.com\/fr\/#website\",\"url\":\"https:\/\/www.pressenza.com\/fr\/\",\"name\":\"Pressenza\",\"description\":\"International Press Agency\",\"publisher\":{\"@id\":\"https:\/\/www.pressenza.com\/fr\/#organization\"},\"potentialAction\":[{\"@type\":\"SearchAction\",\"target\":{\"@type\":\"EntryPoint\",\"urlTemplate\":\"https:\/\/www.pressenza.com\/fr\/?s={search_term_string}\"},\"query-input\":{\"@type\":\"PropertyValueSpecification\",\"valueRequired\":true,\"valueName\":\"search_term_string\"}}],\"inLanguage\":\"fr-FR\"},{\"@type\":\"Organization\",\"@id\":\"https:\/\/www.pressenza.com\/fr\/#organization\",\"name\":\"Pressenza\",\"url\":\"https:\/\/www.pressenza.com\/fr\/\",\"logo\":{\"@type\":\"ImageObject\",\"inLanguage\":\"fr-FR\",\"@id\":\"https:\/\/www.pressenza.com\/fr\/#\/schema\/logo\/image\/\",\"url\":\"https:\/\/www.pressenza.com\/wp-content\/uploads\/2022\/10\/pressenza_logo_200x200.jpg\",\"contentUrl\":\"https:\/\/www.pressenza.com\/wp-content\/uploads\/2022\/10\/pressenza_logo_200x200.jpg\",\"width\":200,\"height\":200,\"caption\":\"Pressenza\"},\"image\":{\"@id\":\"https:\/\/www.pressenza.com\/fr\/#\/schema\/logo\/image\/\"},\"sameAs\":[\"https:\/\/www.facebook.com\/PressenzaItalia\",\"https:\/\/x.com\/PressenzaIPA\"]},{\"@type\":\"Person\",\"@id\":\"https:\/\/www.pressenza.com\/fr\/#\/schema\/person\/e86c29a41185b85084a478822f5de81b\",\"name\":\"Redacci\u00f3n Per\u00fa\",\"description\":\"News published by the Pressenza bureau in Peru\",\"url\":\"https:\/\/www.pressenza.com\/fr\/author\/redaccion-peru\/\"}]}<\/script>\n<!-- \/ Yoast SEO plugin. -->","yoast_head_json":{"title":"Le Pr\u00e9sident p\u00e9ruvien d\u00e9bute avec un discours pour le moins critiquable","description":"Nous sommes dans la deuxi\u00e8me d\u00e9cennie du XXIe si\u00e8cle et la communaut\u00e9 internationale a d\u00e9j\u00e0 ratifi\u00e9 le Trait\u00e9 d'interdiction des armes nucl\u00e9aires au sein","robots":{"index":"index","follow":"follow","max-snippet":"max-snippet:-1","max-image-preview":"max-image-preview:large","max-video-preview":"max-video-preview:-1"},"canonical":"https:\/\/www.pressenza.com\/fr\/2021\/07\/le-president-peruvien-debute-avec-un-discours-pour-le-moins-critiquable\/","og_locale":"fr_FR","og_type":"article","og_title":"Le Pr\u00e9sident p\u00e9ruvien d\u00e9bute avec un discours pour le moins critiquable","og_description":"Nous sommes dans la deuxi\u00e8me d\u00e9cennie du XXIe si\u00e8cle et la communaut\u00e9 internationale a d\u00e9j\u00e0 ratifi\u00e9 le Trait\u00e9 d'interdiction des armes nucl\u00e9aires au sein","og_url":"https:\/\/www.pressenza.com\/fr\/2021\/07\/le-president-peruvien-debute-avec-un-discours-pour-le-moins-critiquable\/","og_site_name":"Pressenza","article_publisher":"https:\/\/www.facebook.com\/PressenzaItalia","article_published_time":"2021-07-31T06:32:36+00:00","article_modified_time":"2021-08-03T17:06:51+00:00","og_image":[{"width":748,"height":498,"url":"https:\/\/www.pressenza.com\/wp-content\/uploads\/2021\/07\/Pedro-Castillo.jpg","type":"image\/jpeg"}],"author":"Redacci\u00f3n Per\u00fa","twitter_card":"summary_large_image","twitter_creator":"@PressenzaIPA","twitter_site":"@PressenzaIPA","twitter_misc":{"\u00c9crit par":"Redacci\u00f3n Per\u00fa","Dur\u00e9e de lecture estim\u00e9e":"2 minutes"},"schema":{"@context":"https:\/\/schema.org","@graph":[{"@type":"Article","@id":"https:\/\/www.pressenza.com\/fr\/2021\/07\/le-president-peruvien-debute-avec-un-discours-pour-le-moins-critiquable\/#article","isPartOf":{"@id":"https:\/\/www.pressenza.com\/fr\/2021\/07\/le-president-peruvien-debute-avec-un-discours-pour-le-moins-critiquable\/"},"author":{"name":"Redacci\u00f3n Per\u00fa","@id":"https:\/\/www.pressenza.com\/fr\/#\/schema\/person\/e86c29a41185b85084a478822f5de81b"},"headline":"Le Pr\u00e9sident p\u00e9ruvien d\u00e9bute avec un discours pour le moins critiquable","datePublished":"2021-07-31T06:32:36+00:00","dateModified":"2021-08-03T17:06:51+00:00","mainEntityOfPage":{"@id":"https:\/\/www.pressenza.com\/fr\/2021\/07\/le-president-peruvien-debute-avec-un-discours-pour-le-moins-critiquable\/"},"wordCount":388,"publisher":{"@id":"https:\/\/www.pressenza.com\/fr\/#organization"},"image":{"@id":"https:\/\/www.pressenza.com\/fr\/2021\/07\/le-president-peruvien-debute-avec-un-discours-pour-le-moins-critiquable\/#primaryimage"},"thumbnailUrl":"https:\/\/www.pressenza.com\/wp-content\/uploads\/2021\/07\/Pedro-Castillo.jpg","keywords":["Pedro Castillo","Perou"],"articleSection":["Am\u00e9rique du Sud","Contenu Original","Jeunes"],"inLanguage":"fr-FR"},{"@type":"WebPage","@id":"https:\/\/www.pressenza.com\/fr\/2021\/07\/le-president-peruvien-debute-avec-un-discours-pour-le-moins-critiquable\/","url":"https:\/\/www.pressenza.com\/fr\/2021\/07\/le-president-peruvien-debute-avec-un-discours-pour-le-moins-critiquable\/","name":"Le Pr\u00e9sident p\u00e9ruvien d\u00e9bute avec un discours pour le moins critiquable","isPartOf":{"@id":"https:\/\/www.pressenza.com\/fr\/#website"},"primaryImageOfPage":{"@id":"https:\/\/www.pressenza.com\/fr\/2021\/07\/le-president-peruvien-debute-avec-un-discours-pour-le-moins-critiquable\/#primaryimage"},"image":{"@id":"https:\/\/www.pressenza.com\/fr\/2021\/07\/le-president-peruvien-debute-avec-un-discours-pour-le-moins-critiquable\/#primaryimage"},"thumbnailUrl":"https:\/\/www.pressenza.com\/wp-content\/uploads\/2021\/07\/Pedro-Castillo.jpg","datePublished":"2021-07-31T06:32:36+00:00","dateModified":"2021-08-03T17:06:51+00:00","description":"Nous sommes dans la deuxi\u00e8me d\u00e9cennie du XXIe si\u00e8cle et la communaut\u00e9 internationale a d\u00e9j\u00e0 ratifi\u00e9 le Trait\u00e9 d'interdiction des armes nucl\u00e9aires au sein","breadcrumb":{"@id":"https:\/\/www.pressenza.com\/fr\/2021\/07\/le-president-peruvien-debute-avec-un-discours-pour-le-moins-critiquable\/#breadcrumb"},"inLanguage":"fr-FR","potentialAction":[{"@type":"ReadAction","target":["https:\/\/www.pressenza.com\/fr\/2021\/07\/le-president-peruvien-debute-avec-un-discours-pour-le-moins-critiquable\/"]}]},{"@type":"ImageObject","inLanguage":"fr-FR","@id":"https:\/\/www.pressenza.com\/fr\/2021\/07\/le-president-peruvien-debute-avec-un-discours-pour-le-moins-critiquable\/#primaryimage","url":"https:\/\/www.pressenza.com\/wp-content\/uploads\/2021\/07\/Pedro-Castillo.jpg","contentUrl":"https:\/\/www.pressenza.com\/wp-content\/uploads\/2021\/07\/Pedro-Castillo.jpg","width":748,"height":498},{"@type":"BreadcrumbList","@id":"https:\/\/www.pressenza.com\/fr\/2021\/07\/le-president-peruvien-debute-avec-un-discours-pour-le-moins-critiquable\/#breadcrumb","itemListElement":[{"@type":"ListItem","position":1,"name":"Accueil","item":"https:\/\/www.pressenza.com\/fr\/"},{"@type":"ListItem","position":2,"name":"Le Pr\u00e9sident p\u00e9ruvien d\u00e9bute avec un discours pour le moins critiquable"}]},{"@type":"WebSite","@id":"https:\/\/www.pressenza.com\/fr\/#website","url":"https:\/\/www.pressenza.com\/fr\/","name":"Pressenza","description":"International Press Agency","publisher":{"@id":"https:\/\/www.pressenza.com\/fr\/#organization"},"potentialAction":[{"@type":"SearchAction","target":{"@type":"EntryPoint","urlTemplate":"https:\/\/www.pressenza.com\/fr\/?s={search_term_string}"},"query-input":{"@type":"PropertyValueSpecification","valueRequired":true,"valueName":"search_term_string"}}],"inLanguage":"fr-FR"},{"@type":"Organization","@id":"https:\/\/www.pressenza.com\/fr\/#organization","name":"Pressenza","url":"https:\/\/www.pressenza.com\/fr\/","logo":{"@type":"ImageObject","inLanguage":"fr-FR","@id":"https:\/\/www.pressenza.com\/fr\/#\/schema\/logo\/image\/","url":"https:\/\/www.pressenza.com\/wp-content\/uploads\/2022\/10\/pressenza_logo_200x200.jpg","contentUrl":"https:\/\/www.pressenza.com\/wp-content\/uploads\/2022\/10\/pressenza_logo_200x200.jpg","width":200,"height":200,"caption":"Pressenza"},"image":{"@id":"https:\/\/www.pressenza.com\/fr\/#\/schema\/logo\/image\/"},"sameAs":["https:\/\/www.facebook.com\/PressenzaItalia","https:\/\/x.com\/PressenzaIPA"]},{"@type":"Person","@id":"https:\/\/www.pressenza.com\/fr\/#\/schema\/person\/e86c29a41185b85084a478822f5de81b","name":"Redacci\u00f3n Per\u00fa","description":"News published by the Pressenza bureau in Peru","url":"https:\/\/www.pressenza.com\/fr\/author\/redaccion-peru\/"}]}},"place":"Lima-P\u00e9rou","original_article_url":"","_links":{"self":[{"href":"https:\/\/www.pressenza.com\/fr\/wp-json\/wp\/v2\/posts\/1407965","targetHints":{"allow":["GET"]}}],"collection":[{"href":"https:\/\/www.pressenza.com\/fr\/wp-json\/wp\/v2\/posts"}],"about":[{"href":"https:\/\/www.pressenza.com\/fr\/wp-json\/wp\/v2\/types\/post"}],"author":[{"embeddable":true,"href":"https:\/\/www.pressenza.com\/fr\/wp-json\/wp\/v2\/users\/831"}],"replies":[{"embeddable":true,"href":"https:\/\/www.pressenza.com\/fr\/wp-json\/wp\/v2\/comments?post=1407965"}],"version-history":[{"count":0,"href":"https:\/\/www.pressenza.com\/fr\/wp-json\/wp\/v2\/posts\/1407965\/revisions"}],"wp:featuredmedia":[{"embeddable":true,"href":"https:\/\/www.pressenza.com\/fr\/wp-json\/wp\/v2\/media\/1407968"}],"wp:attachment":[{"href":"https:\/\/www.pressenza.com\/fr\/wp-json\/wp\/v2\/media?parent=1407965"}],"wp:term":[{"taxonomy":"category","embeddable":true,"href":"https:\/\/www.pressenza.com\/fr\/wp-json\/wp\/v2\/categories?post=1407965"},{"taxonomy":"post_tag","embeddable":true,"href":"https:\/\/www.pressenza.com\/fr\/wp-json\/wp\/v2\/tags?post=1407965"}],"curies":[{"name":"wp","href":"https:\/\/api.w.org\/{rel}","templated":true}]}}