{"id":1400433,"date":"2021-07-02T00:45:02","date_gmt":"2021-07-01T23:45:02","guid":{"rendered":"https:\/\/www.pressenza.com\/2021\/07\/alemania-congela-la-ayuda-de-mas-de-1-000-millones-de-dolares-a-marruecos-por-la-cuestion-del-sahara-occidental\/"},"modified":"2021-07-16T20:19:48","modified_gmt":"2021-07-16T19:19:48","slug":"lallemagne-gele-plus-dun-milliard-de-dollars-daide-au-maroc-sur-la-question-du-sahara-occidentalalemania-congela-la-ayuda-de-mas-de-1-000-millones-de-dolares-a-marruecos-por-la-cuestion-del-saha","status":"publish","type":"post","link":"https:\/\/www.pressenza.com\/fr\/2021\/07\/lallemagne-gele-plus-dun-milliard-de-dollars-daide-au-maroc-sur-la-question-du-sahara-occidentalalemania-congela-la-ayuda-de-mas-de-1-000-millones-de-dolares-a-marruecos-por-la-cuestion-del-saha\/","title":{"rendered":"L&rsquo;Allemagne g\u00e8le plus d&rsquo;un milliard de dollars d&rsquo;aide au Maroc sur la question du Sahara occidental"},"content":{"rendered":"<p>L&rsquo;Allemagne a annonc\u00e9 qu&rsquo;elle allait geler une aide de plus d&rsquo;un milliard de dollars sous forme de projets de d\u00e9veloppement au Maroc, dans un contexte de tensions diplomatiques croissantes entre les deux pays, qui ont culmin\u00e9 avec la suspension par Rabat de ses liens avec l&rsquo;ambassade d&rsquo;Allemagne en mars, et le retrait de son ambassadeur \u00e0 Berlin le mois dernier.<\/p>\n<p>Cependant, cette d\u00e9cision a affect\u00e9 l&rsquo;aide allemande, en particulier celle de la Soci\u00e9t\u00e9 allemande pour la coop\u00e9ration internationale ,et de la Banque allemande de d\u00e9veloppement, ce qui a \u00e9t\u00e9 confirm\u00e9 par un porte-parole du minist\u00e8re allemand des affaires \u00e9trang\u00e8res, soulignant que certains projets avaient \u00e9t\u00e9 \u00ab\u00a0compl\u00e8tement suspendus\u00a0\u00bb et \u00e9taient \u00ab\u00a0affect\u00e9s par la politique unilat\u00e9rale du Maroc\u00a0\u00bb.<\/p>\n<p>Parmi les projets cl\u00e9s suspendus figure un accord sign\u00e9 par les deux pays l&rsquo;ann\u00e9e derni\u00e8re pour la production et la recherche d&rsquo;hydrog\u00e8ne vert, pr\u00e9sent\u00e9 comme une alternative importante aux combustibles fossiles par l&rsquo;UE.<\/p>\n<p>Selon sa d\u00e9claration annon\u00e7ant le retrait de Zohour Alaoui, son ambassadeur \u00e0 Berlin, le Maroc a cit\u00e9 trois griefs qu&rsquo;il avait avec l&rsquo;Allemagne, le principal \u00e9tant la position du pays de l&rsquo;UE sur le territoire contest\u00e9 du Sahara Occidental, qui a \u00e9t\u00e9 reconnu par l&rsquo;administration de l&rsquo;ancien pr\u00e9sident am\u00e9ricain Donald Trump l&rsquo;ann\u00e9e derni\u00e8re comme une souverainet\u00e9 marocaine. En contrepartie, Rabat a accept\u00e9 de renouer des liens diplomatiques avec Isra\u00ebl.<\/p>\n<p>Le minist\u00e8re marocain des affaires \u00e9trang\u00e8res a accus\u00e9 l&rsquo;Allemagne d'\u00a0\u00bbactivisme antagoniste\u00a0\u00bb en d\u00e9pit de la \u00ab\u00a0proclamation pr\u00e9sidentielle am\u00e9ricaine reconnaissant la souverainet\u00e9 du Maroc sur son Sahara\u00a0\u00bb.<\/p>\n<p>Rabat a \u00e9galement critiqu\u00e9 l&rsquo;Allemagne pour sa \u00ab\u00a0complicit\u00e9\u00a0\u00bb \u00e0 l&rsquo;\u00e9gard d&rsquo;un individu non identifi\u00e9 \u00ab\u00a0pr\u00e9c\u00e9demment condamn\u00e9 pour des actes de terrorisme\u00a0\u00bb.<\/p>\n<p>Le gouvernement marocain a \u00e9galement d\u00e9sapprouv\u00e9 la \u00ab\u00a0d\u00e9termination continue de Berlin \u00e0 contrer l&rsquo;influence du Maroc, notamment sur la question libyenne\u00a0\u00bb.<\/p>\n<p>Le minist\u00e8re allemand des affaires \u00e9trang\u00e8res a r\u00e9agi \u00e0 l&rsquo;\u00e9poque en se disant \u00ab\u00a0surpris\u00a0\u00bb par cette d\u00e9cision, mais a demand\u00e9 \u00e0 travailler avec le royaume \u00ab\u00a0de mani\u00e8re constructive pour r\u00e9soudre cette crise\u00a0\u00bb.<\/p>\n<p>En 2019, le Maroc s&rsquo;est class\u00e9 troisi\u00e8me parmi les pays africains ayant re\u00e7u le plus d&rsquo;aide de coop\u00e9ration au d\u00e9veloppement de la part de l&rsquo;Allemagne, apr\u00e8s l&rsquo;\u00c9gypte et la Tunisie, selon les donn\u00e9es du minist\u00e8re f\u00e9d\u00e9ral allemand de la Coop\u00e9ration \u00e9conomique et du D\u00e9veloppement (BMZ).<\/p>\n<p>Le Maroc entretient un conflit avec le groupe s\u00e9paratiste Polisario, soutenu par l&rsquo;Alg\u00e9rie, au sujet du Sahara occidental depuis 1975, apr\u00e8s la fin de l&rsquo;occupation espagnole. Il s&rsquo;est transform\u00e9 en une confrontation arm\u00e9e qui a dur\u00e9 jusqu&rsquo;en 1991 et s&rsquo;est termin\u00e9e par la signature d&rsquo;un accord de cessez-le-feu.<\/p>\n<p>Rabat insiste sur son droit \u00e0 gouverner la r\u00e9gion, et a propos\u00e9 un gouvernement autonome au Sahara occidental sous sa souverainet\u00e9, mais le Front Polisario veut un r\u00e9f\u00e9rendum pour que le peuple d\u00e9termine l&rsquo;avenir de la r\u00e9gion. L&rsquo;Alg\u00e9rie a soutenu la proposition du Front et accueille les r\u00e9fugi\u00e9s de la r\u00e9gion.<\/p>\n<p>Le cessez-le-feu de 1991 a pris fin l&rsquo;ann\u00e9e derni\u00e8re apr\u00e8s que le Maroc ait repris les op\u00e9rations militaires dans le col d&rsquo;El Guergarat, une zone tampon entre le territoire revendiqu\u00e9 par l&rsquo;\u00c9tat marocain et la R\u00e9publique arabe sahraouie d\u00e9mocratique autoproclam\u00e9e, ce que le Polisario a qualifi\u00e9 de provocation.<\/p>\n<p>En lan\u00e7ant l&rsquo;op\u00e9ration, le Maroc \u00ab\u00a0a s\u00e9rieusement compromis non seulement le cessez-le-feu et les accords militaires y aff\u00e9rents, mais aussi toute possibilit\u00e9 de parvenir \u00e0 une solution pacifique et durable sur la question de la d\u00e9colonisation du Sahara occidental\u00a0\u00bb, a d\u00e9clar\u00e9 le chef du Front Polisario, Brahim Ghali, dans une lettre adress\u00e9e \u00e0 l&rsquo;ONU.<\/p>\n","protected":false},"excerpt":{"rendered":"<p>L&rsquo;Allemagne a annonc\u00e9 qu&rsquo;elle allait geler une aide de plus d&rsquo;un milliard de dollars sous forme de projets de d\u00e9veloppement au Maroc, dans un contexte de tensions diplomatiques croissantes entre les deux pays, qui ont culmin\u00e9 avec la suspension par&hellip;<\/p>\n","protected":false},"author":1227,"featured_media":1390827,"comment_status":"closed","ping_status":"closed","sticky":false,"template":"","format":"standard","meta":{"footnotes":""},"categories":[83,85,1250,93],"tags":[2638,93104,93116,93106,93114],"class_list":["post-1400433","post","type-post","status-publish","format-standard","has-post-thumbnail","hentry","category-africa-fr","category-europe-fr","category-paix-desarmement","category-politique","tag-allemagne","tag-frente-polisario-fr","tag-marueco-fr","tag-pueblo-saharaui-fr","tag-sahara-occidental-fr-2"],"yoast_head":"<!-- This site is optimized with the Yoast SEO plugin v27.1.1 - https:\/\/yoast.com\/product\/yoast-seo-wordpress\/ -->\n<title>L&#039;Allemagne g\u00e8le plus d&#039;un milliard de dollars d&#039;aide au Maroc sur la question du Sahara occidental<\/title>\n<meta name=\"description\" content=\"L&#039;Allemagne a annonc\u00e9 qu&#039;elle allait geler une aide de plus d&#039;un milliard de dollars sous forme de projets de d\u00e9veloppement au Maroc, dans un contexte de\" \/>\n<meta name=\"robots\" content=\"index, follow, max-snippet:-1, max-image-preview:large, max-video-preview:-1\" \/>\n<link rel=\"canonical\" href=\"https:\/\/www.pressenza.com\/fr\/2021\/07\/lallemagne-gele-plus-dun-milliard-de-dollars-daide-au-maroc-sur-la-question-du-sahara-occidentalalemania-congela-la-ayuda-de-mas-de-1-000-millones-de-dolares-a-marruecos-por-la-cuestion-del-saha\/\" \/>\n<meta property=\"og:locale\" content=\"fr_FR\" \/>\n<meta property=\"og:type\" content=\"article\" \/>\n<meta property=\"og:title\" content=\"L&#039;Allemagne g\u00e8le plus d&#039;un milliard de dollars d&#039;aide au Maroc sur la question du Sahara occidental\" \/>\n<meta property=\"og:description\" content=\"L&#039;Allemagne a annonc\u00e9 qu&#039;elle allait geler une aide de plus d&#039;un milliard de dollars sous forme de projets de d\u00e9veloppement au Maroc, dans un contexte de\" \/>\n<meta property=\"og:url\" content=\"https:\/\/www.pressenza.com\/fr\/2021\/07\/lallemagne-gele-plus-dun-milliard-de-dollars-daide-au-maroc-sur-la-question-du-sahara-occidentalalemania-congela-la-ayuda-de-mas-de-1-000-millones-de-dolares-a-marruecos-por-la-cuestion-del-saha\/\" \/>\n<meta property=\"og:site_name\" content=\"Pressenza\" \/>\n<meta property=\"article:publisher\" content=\"https:\/\/www.facebook.com\/PressenzaItalia\" \/>\n<meta property=\"article:author\" content=\"https:\/\/www.facebook.com\/middleeastmonitor\" \/>\n<meta property=\"article:published_time\" content=\"2021-07-01T23:45:02+00:00\" \/>\n<meta property=\"article:modified_time\" content=\"2021-07-16T19:19:48+00:00\" \/>\n<meta property=\"og:image\" content=\"https:\/\/www.pressenza.com\/wp-content\/uploads\/2021\/07\/Madrid-marcha-por-la-libertad-del-pblo-saharaui-190621.jpg\" \/>\n\t<meta property=\"og:image:width\" content=\"1024\" \/>\n\t<meta property=\"og:image:height\" content=\"576\" \/>\n\t<meta property=\"og:image:type\" content=\"image\/jpeg\" \/>\n<meta name=\"author\" content=\"Middle East Monitor\" \/>\n<meta name=\"twitter:card\" content=\"summary_large_image\" \/>\n<meta name=\"twitter:creator\" content=\"@MiddleEastMnt\" \/>\n<meta name=\"twitter:site\" content=\"@PressenzaIPA\" \/>\n<meta name=\"twitter:label1\" content=\"\u00c9crit par\" \/>\n\t<meta name=\"twitter:data1\" content=\"Middle East Monitor\" \/>\n\t<meta name=\"twitter:label2\" content=\"Dur\u00e9e de lecture estim\u00e9e\" \/>\n\t<meta name=\"twitter:data2\" content=\"3 minutes\" \/>\n<script type=\"application\/ld+json\" class=\"yoast-schema-graph\">{\"@context\":\"https:\/\/schema.org\",\"@graph\":[{\"@type\":\"Article\",\"@id\":\"https:\/\/www.pressenza.com\/fr\/2021\/07\/lallemagne-gele-plus-dun-milliard-de-dollars-daide-au-maroc-sur-la-question-du-sahara-occidentalalemania-congela-la-ayuda-de-mas-de-1-000-millones-de-dolares-a-marruecos-por-la-cuestion-del-saha\/#article\",\"isPartOf\":{\"@id\":\"https:\/\/www.pressenza.com\/fr\/2021\/07\/lallemagne-gele-plus-dun-milliard-de-dollars-daide-au-maroc-sur-la-question-du-sahara-occidentalalemania-congela-la-ayuda-de-mas-de-1-000-millones-de-dolares-a-marruecos-por-la-cuestion-del-saha\/\"},\"author\":{\"name\":\"Middle East Monitor\",\"@id\":\"https:\/\/www.pressenza.com\/fr\/#\/schema\/person\/5be8c119e0585c2a04b59d233a6a1daf\"},\"headline\":\"L&rsquo;Allemagne g\u00e8le plus d&rsquo;un milliard de dollars d&rsquo;aide au Maroc sur la question du Sahara occidental\",\"datePublished\":\"2021-07-01T23:45:02+00:00\",\"dateModified\":\"2021-07-16T19:19:48+00:00\",\"mainEntityOfPage\":{\"@id\":\"https:\/\/www.pressenza.com\/fr\/2021\/07\/lallemagne-gele-plus-dun-milliard-de-dollars-daide-au-maroc-sur-la-question-du-sahara-occidentalalemania-congela-la-ayuda-de-mas-de-1-000-millones-de-dolares-a-marruecos-por-la-cuestion-del-saha\/\"},\"wordCount\":686,\"publisher\":{\"@id\":\"https:\/\/www.pressenza.com\/fr\/#organization\"},\"image\":{\"@id\":\"https:\/\/www.pressenza.com\/fr\/2021\/07\/lallemagne-gele-plus-dun-milliard-de-dollars-daide-au-maroc-sur-la-question-du-sahara-occidentalalemania-congela-la-ayuda-de-mas-de-1-000-millones-de-dolares-a-marruecos-por-la-cuestion-del-saha\/#primaryimage\"},\"thumbnailUrl\":\"https:\/\/www.pressenza.com\/wp-content\/uploads\/2021\/07\/Madrid-marcha-por-la-libertad-del-pblo-saharaui-190621.jpg\",\"keywords\":[\"Allemagne\",\"Frente Polisario\",\"Marueco\",\"Pueblo saharaui\",\"Sahara Occidental\"],\"articleSection\":[\"Afrique\",\"Europe\",\"Paix et D\u00e9sarmement\",\"Politique\"],\"inLanguage\":\"fr-FR\"},{\"@type\":\"WebPage\",\"@id\":\"https:\/\/www.pressenza.com\/fr\/2021\/07\/lallemagne-gele-plus-dun-milliard-de-dollars-daide-au-maroc-sur-la-question-du-sahara-occidentalalemania-congela-la-ayuda-de-mas-de-1-000-millones-de-dolares-a-marruecos-por-la-cuestion-del-saha\/\",\"url\":\"https:\/\/www.pressenza.com\/fr\/2021\/07\/lallemagne-gele-plus-dun-milliard-de-dollars-daide-au-maroc-sur-la-question-du-sahara-occidentalalemania-congela-la-ayuda-de-mas-de-1-000-millones-de-dolares-a-marruecos-por-la-cuestion-del-saha\/\",\"name\":\"L'Allemagne g\u00e8le plus d'un milliard de dollars d'aide au Maroc sur la question du Sahara occidental\",\"isPartOf\":{\"@id\":\"https:\/\/www.pressenza.com\/fr\/#website\"},\"primaryImageOfPage\":{\"@id\":\"https:\/\/www.pressenza.com\/fr\/2021\/07\/lallemagne-gele-plus-dun-milliard-de-dollars-daide-au-maroc-sur-la-question-du-sahara-occidentalalemania-congela-la-ayuda-de-mas-de-1-000-millones-de-dolares-a-marruecos-por-la-cuestion-del-saha\/#primaryimage\"},\"image\":{\"@id\":\"https:\/\/www.pressenza.com\/fr\/2021\/07\/lallemagne-gele-plus-dun-milliard-de-dollars-daide-au-maroc-sur-la-question-du-sahara-occidentalalemania-congela-la-ayuda-de-mas-de-1-000-millones-de-dolares-a-marruecos-por-la-cuestion-del-saha\/#primaryimage\"},\"thumbnailUrl\":\"https:\/\/www.pressenza.com\/wp-content\/uploads\/2021\/07\/Madrid-marcha-por-la-libertad-del-pblo-saharaui-190621.jpg\",\"datePublished\":\"2021-07-01T23:45:02+00:00\",\"dateModified\":\"2021-07-16T19:19:48+00:00\",\"description\":\"L'Allemagne a annonc\u00e9 qu'elle allait geler une aide de plus d'un milliard de dollars sous forme de projets de d\u00e9veloppement au Maroc, dans un contexte de\",\"breadcrumb\":{\"@id\":\"https:\/\/www.pressenza.com\/fr\/2021\/07\/lallemagne-gele-plus-dun-milliard-de-dollars-daide-au-maroc-sur-la-question-du-sahara-occidentalalemania-congela-la-ayuda-de-mas-de-1-000-millones-de-dolares-a-marruecos-por-la-cuestion-del-saha\/#breadcrumb\"},\"inLanguage\":\"fr-FR\",\"potentialAction\":[{\"@type\":\"ReadAction\",\"target\":[\"https:\/\/www.pressenza.com\/fr\/2021\/07\/lallemagne-gele-plus-dun-milliard-de-dollars-daide-au-maroc-sur-la-question-du-sahara-occidentalalemania-congela-la-ayuda-de-mas-de-1-000-millones-de-dolares-a-marruecos-por-la-cuestion-del-saha\/\"]}]},{\"@type\":\"ImageObject\",\"inLanguage\":\"fr-FR\",\"@id\":\"https:\/\/www.pressenza.com\/fr\/2021\/07\/lallemagne-gele-plus-dun-milliard-de-dollars-daide-au-maroc-sur-la-question-du-sahara-occidentalalemania-congela-la-ayuda-de-mas-de-1-000-millones-de-dolares-a-marruecos-por-la-cuestion-del-saha\/#primaryimage\",\"url\":\"https:\/\/www.pressenza.com\/wp-content\/uploads\/2021\/07\/Madrid-marcha-por-la-libertad-del-pblo-saharaui-190621.jpg\",\"contentUrl\":\"https:\/\/www.pressenza.com\/wp-content\/uploads\/2021\/07\/Madrid-marcha-por-la-libertad-del-pblo-saharaui-190621.jpg\",\"width\":1024,\"height\":576},{\"@type\":\"BreadcrumbList\",\"@id\":\"https:\/\/www.pressenza.com\/fr\/2021\/07\/lallemagne-gele-plus-dun-milliard-de-dollars-daide-au-maroc-sur-la-question-du-sahara-occidentalalemania-congela-la-ayuda-de-mas-de-1-000-millones-de-dolares-a-marruecos-por-la-cuestion-del-saha\/#breadcrumb\",\"itemListElement\":[{\"@type\":\"ListItem\",\"position\":1,\"name\":\"Accueil\",\"item\":\"https:\/\/www.pressenza.com\/fr\/\"},{\"@type\":\"ListItem\",\"position\":2,\"name\":\"L&rsquo;Allemagne g\u00e8le plus d&rsquo;un milliard de dollars d&rsquo;aide au Maroc sur la question du Sahara occidental\"}]},{\"@type\":\"WebSite\",\"@id\":\"https:\/\/www.pressenza.com\/fr\/#website\",\"url\":\"https:\/\/www.pressenza.com\/fr\/\",\"name\":\"Pressenza\",\"description\":\"International Press Agency\",\"publisher\":{\"@id\":\"https:\/\/www.pressenza.com\/fr\/#organization\"},\"potentialAction\":[{\"@type\":\"SearchAction\",\"target\":{\"@type\":\"EntryPoint\",\"urlTemplate\":\"https:\/\/www.pressenza.com\/fr\/?s={search_term_string}\"},\"query-input\":{\"@type\":\"PropertyValueSpecification\",\"valueRequired\":true,\"valueName\":\"search_term_string\"}}],\"inLanguage\":\"fr-FR\"},{\"@type\":\"Organization\",\"@id\":\"https:\/\/www.pressenza.com\/fr\/#organization\",\"name\":\"Pressenza\",\"url\":\"https:\/\/www.pressenza.com\/fr\/\",\"logo\":{\"@type\":\"ImageObject\",\"inLanguage\":\"fr-FR\",\"@id\":\"https:\/\/www.pressenza.com\/fr\/#\/schema\/logo\/image\/\",\"url\":\"https:\/\/www.pressenza.com\/wp-content\/uploads\/2022\/10\/pressenza_logo_200x200.jpg\",\"contentUrl\":\"https:\/\/www.pressenza.com\/wp-content\/uploads\/2022\/10\/pressenza_logo_200x200.jpg\",\"width\":200,\"height\":200,\"caption\":\"Pressenza\"},\"image\":{\"@id\":\"https:\/\/www.pressenza.com\/fr\/#\/schema\/logo\/image\/\"},\"sameAs\":[\"https:\/\/www.facebook.com\/PressenzaItalia\",\"https:\/\/x.com\/PressenzaIPA\"]},{\"@type\":\"Person\",\"@id\":\"https:\/\/www.pressenza.com\/fr\/#\/schema\/person\/5be8c119e0585c2a04b59d233a6a1daf\",\"name\":\"Middle East Monitor\",\"description\":\"The use or misuse of information is central to the conflict in the Middle East. There has been a growing need for supporters of, in particular, the Palestinian cause, to master the art of information gathering, analysis and dissemination. This requires well organised, focused and targeted operations. Such initiatives are virtually non-existent in the West today. The Middle East Monitor (MEMO) was established to fill this gap. www.middleeastmonitor.com\",\"sameAs\":[\"https:\/\/www.facebook.com\/middleeastmonitor\",\"https:\/\/x.com\/MiddleEastMnt\"],\"url\":\"https:\/\/www.pressenza.com\/fr\/author\/middle-east-monitor\/\"}]}<\/script>\n<!-- \/ Yoast SEO plugin. -->","yoast_head_json":{"title":"L'Allemagne g\u00e8le plus d'un milliard de dollars d'aide au Maroc sur la question du Sahara occidental","description":"L'Allemagne a annonc\u00e9 qu'elle allait geler une aide de plus d'un milliard de dollars sous forme de projets de d\u00e9veloppement au Maroc, dans un contexte de","robots":{"index":"index","follow":"follow","max-snippet":"max-snippet:-1","max-image-preview":"max-image-preview:large","max-video-preview":"max-video-preview:-1"},"canonical":"https:\/\/www.pressenza.com\/fr\/2021\/07\/lallemagne-gele-plus-dun-milliard-de-dollars-daide-au-maroc-sur-la-question-du-sahara-occidentalalemania-congela-la-ayuda-de-mas-de-1-000-millones-de-dolares-a-marruecos-por-la-cuestion-del-saha\/","og_locale":"fr_FR","og_type":"article","og_title":"L'Allemagne g\u00e8le plus d'un milliard de dollars d'aide au Maroc sur la question du Sahara occidental","og_description":"L'Allemagne a annonc\u00e9 qu'elle allait geler une aide de plus d'un milliard de dollars sous forme de projets de d\u00e9veloppement au Maroc, dans un contexte de","og_url":"https:\/\/www.pressenza.com\/fr\/2021\/07\/lallemagne-gele-plus-dun-milliard-de-dollars-daide-au-maroc-sur-la-question-du-sahara-occidentalalemania-congela-la-ayuda-de-mas-de-1-000-millones-de-dolares-a-marruecos-por-la-cuestion-del-saha\/","og_site_name":"Pressenza","article_publisher":"https:\/\/www.facebook.com\/PressenzaItalia","article_author":"https:\/\/www.facebook.com\/middleeastmonitor","article_published_time":"2021-07-01T23:45:02+00:00","article_modified_time":"2021-07-16T19:19:48+00:00","og_image":[{"width":1024,"height":576,"url":"https:\/\/www.pressenza.com\/wp-content\/uploads\/2021\/07\/Madrid-marcha-por-la-libertad-del-pblo-saharaui-190621.jpg","type":"image\/jpeg"}],"author":"Middle East Monitor","twitter_card":"summary_large_image","twitter_creator":"@MiddleEastMnt","twitter_site":"@PressenzaIPA","twitter_misc":{"\u00c9crit par":"Middle East Monitor","Dur\u00e9e de lecture estim\u00e9e":"3 minutes"},"schema":{"@context":"https:\/\/schema.org","@graph":[{"@type":"Article","@id":"https:\/\/www.pressenza.com\/fr\/2021\/07\/lallemagne-gele-plus-dun-milliard-de-dollars-daide-au-maroc-sur-la-question-du-sahara-occidentalalemania-congela-la-ayuda-de-mas-de-1-000-millones-de-dolares-a-marruecos-por-la-cuestion-del-saha\/#article","isPartOf":{"@id":"https:\/\/www.pressenza.com\/fr\/2021\/07\/lallemagne-gele-plus-dun-milliard-de-dollars-daide-au-maroc-sur-la-question-du-sahara-occidentalalemania-congela-la-ayuda-de-mas-de-1-000-millones-de-dolares-a-marruecos-por-la-cuestion-del-saha\/"},"author":{"name":"Middle East Monitor","@id":"https:\/\/www.pressenza.com\/fr\/#\/schema\/person\/5be8c119e0585c2a04b59d233a6a1daf"},"headline":"L&rsquo;Allemagne g\u00e8le plus d&rsquo;un milliard de dollars d&rsquo;aide au Maroc sur la question du Sahara occidental","datePublished":"2021-07-01T23:45:02+00:00","dateModified":"2021-07-16T19:19:48+00:00","mainEntityOfPage":{"@id":"https:\/\/www.pressenza.com\/fr\/2021\/07\/lallemagne-gele-plus-dun-milliard-de-dollars-daide-au-maroc-sur-la-question-du-sahara-occidentalalemania-congela-la-ayuda-de-mas-de-1-000-millones-de-dolares-a-marruecos-por-la-cuestion-del-saha\/"},"wordCount":686,"publisher":{"@id":"https:\/\/www.pressenza.com\/fr\/#organization"},"image":{"@id":"https:\/\/www.pressenza.com\/fr\/2021\/07\/lallemagne-gele-plus-dun-milliard-de-dollars-daide-au-maroc-sur-la-question-du-sahara-occidentalalemania-congela-la-ayuda-de-mas-de-1-000-millones-de-dolares-a-marruecos-por-la-cuestion-del-saha\/#primaryimage"},"thumbnailUrl":"https:\/\/www.pressenza.com\/wp-content\/uploads\/2021\/07\/Madrid-marcha-por-la-libertad-del-pblo-saharaui-190621.jpg","keywords":["Allemagne","Frente Polisario","Marueco","Pueblo saharaui","Sahara Occidental"],"articleSection":["Afrique","Europe","Paix et D\u00e9sarmement","Politique"],"inLanguage":"fr-FR"},{"@type":"WebPage","@id":"https:\/\/www.pressenza.com\/fr\/2021\/07\/lallemagne-gele-plus-dun-milliard-de-dollars-daide-au-maroc-sur-la-question-du-sahara-occidentalalemania-congela-la-ayuda-de-mas-de-1-000-millones-de-dolares-a-marruecos-por-la-cuestion-del-saha\/","url":"https:\/\/www.pressenza.com\/fr\/2021\/07\/lallemagne-gele-plus-dun-milliard-de-dollars-daide-au-maroc-sur-la-question-du-sahara-occidentalalemania-congela-la-ayuda-de-mas-de-1-000-millones-de-dolares-a-marruecos-por-la-cuestion-del-saha\/","name":"L'Allemagne g\u00e8le plus d'un milliard de dollars d'aide au Maroc sur la question du Sahara occidental","isPartOf":{"@id":"https:\/\/www.pressenza.com\/fr\/#website"},"primaryImageOfPage":{"@id":"https:\/\/www.pressenza.com\/fr\/2021\/07\/lallemagne-gele-plus-dun-milliard-de-dollars-daide-au-maroc-sur-la-question-du-sahara-occidentalalemania-congela-la-ayuda-de-mas-de-1-000-millones-de-dolares-a-marruecos-por-la-cuestion-del-saha\/#primaryimage"},"image":{"@id":"https:\/\/www.pressenza.com\/fr\/2021\/07\/lallemagne-gele-plus-dun-milliard-de-dollars-daide-au-maroc-sur-la-question-du-sahara-occidentalalemania-congela-la-ayuda-de-mas-de-1-000-millones-de-dolares-a-marruecos-por-la-cuestion-del-saha\/#primaryimage"},"thumbnailUrl":"https:\/\/www.pressenza.com\/wp-content\/uploads\/2021\/07\/Madrid-marcha-por-la-libertad-del-pblo-saharaui-190621.jpg","datePublished":"2021-07-01T23:45:02+00:00","dateModified":"2021-07-16T19:19:48+00:00","description":"L'Allemagne a annonc\u00e9 qu'elle allait geler une aide de plus d'un milliard de dollars sous forme de projets de d\u00e9veloppement au Maroc, dans un contexte de","breadcrumb":{"@id":"https:\/\/www.pressenza.com\/fr\/2021\/07\/lallemagne-gele-plus-dun-milliard-de-dollars-daide-au-maroc-sur-la-question-du-sahara-occidentalalemania-congela-la-ayuda-de-mas-de-1-000-millones-de-dolares-a-marruecos-por-la-cuestion-del-saha\/#breadcrumb"},"inLanguage":"fr-FR","potentialAction":[{"@type":"ReadAction","target":["https:\/\/www.pressenza.com\/fr\/2021\/07\/lallemagne-gele-plus-dun-milliard-de-dollars-daide-au-maroc-sur-la-question-du-sahara-occidentalalemania-congela-la-ayuda-de-mas-de-1-000-millones-de-dolares-a-marruecos-por-la-cuestion-del-saha\/"]}]},{"@type":"ImageObject","inLanguage":"fr-FR","@id":"https:\/\/www.pressenza.com\/fr\/2021\/07\/lallemagne-gele-plus-dun-milliard-de-dollars-daide-au-maroc-sur-la-question-du-sahara-occidentalalemania-congela-la-ayuda-de-mas-de-1-000-millones-de-dolares-a-marruecos-por-la-cuestion-del-saha\/#primaryimage","url":"https:\/\/www.pressenza.com\/wp-content\/uploads\/2021\/07\/Madrid-marcha-por-la-libertad-del-pblo-saharaui-190621.jpg","contentUrl":"https:\/\/www.pressenza.com\/wp-content\/uploads\/2021\/07\/Madrid-marcha-por-la-libertad-del-pblo-saharaui-190621.jpg","width":1024,"height":576},{"@type":"BreadcrumbList","@id":"https:\/\/www.pressenza.com\/fr\/2021\/07\/lallemagne-gele-plus-dun-milliard-de-dollars-daide-au-maroc-sur-la-question-du-sahara-occidentalalemania-congela-la-ayuda-de-mas-de-1-000-millones-de-dolares-a-marruecos-por-la-cuestion-del-saha\/#breadcrumb","itemListElement":[{"@type":"ListItem","position":1,"name":"Accueil","item":"https:\/\/www.pressenza.com\/fr\/"},{"@type":"ListItem","position":2,"name":"L&rsquo;Allemagne g\u00e8le plus d&rsquo;un milliard de dollars d&rsquo;aide au Maroc sur la question du Sahara occidental"}]},{"@type":"WebSite","@id":"https:\/\/www.pressenza.com\/fr\/#website","url":"https:\/\/www.pressenza.com\/fr\/","name":"Pressenza","description":"International Press Agency","publisher":{"@id":"https:\/\/www.pressenza.com\/fr\/#organization"},"potentialAction":[{"@type":"SearchAction","target":{"@type":"EntryPoint","urlTemplate":"https:\/\/www.pressenza.com\/fr\/?s={search_term_string}"},"query-input":{"@type":"PropertyValueSpecification","valueRequired":true,"valueName":"search_term_string"}}],"inLanguage":"fr-FR"},{"@type":"Organization","@id":"https:\/\/www.pressenza.com\/fr\/#organization","name":"Pressenza","url":"https:\/\/www.pressenza.com\/fr\/","logo":{"@type":"ImageObject","inLanguage":"fr-FR","@id":"https:\/\/www.pressenza.com\/fr\/#\/schema\/logo\/image\/","url":"https:\/\/www.pressenza.com\/wp-content\/uploads\/2022\/10\/pressenza_logo_200x200.jpg","contentUrl":"https:\/\/www.pressenza.com\/wp-content\/uploads\/2022\/10\/pressenza_logo_200x200.jpg","width":200,"height":200,"caption":"Pressenza"},"image":{"@id":"https:\/\/www.pressenza.com\/fr\/#\/schema\/logo\/image\/"},"sameAs":["https:\/\/www.facebook.com\/PressenzaItalia","https:\/\/x.com\/PressenzaIPA"]},{"@type":"Person","@id":"https:\/\/www.pressenza.com\/fr\/#\/schema\/person\/5be8c119e0585c2a04b59d233a6a1daf","name":"Middle East Monitor","description":"The use or misuse of information is central to the conflict in the Middle East. There has been a growing need for supporters of, in particular, the Palestinian cause, to master the art of information gathering, analysis and dissemination. This requires well organised, focused and targeted operations. Such initiatives are virtually non-existent in the West today. The Middle East Monitor (MEMO) was established to fill this gap. www.middleeastmonitor.com","sameAs":["https:\/\/www.facebook.com\/middleeastmonitor","https:\/\/x.com\/MiddleEastMnt"],"url":"https:\/\/www.pressenza.com\/fr\/author\/middle-east-monitor\/"}]}},"place":"","original_article_url":"https:\/\/www.monitordeoriente.com\/20210622-alemania-congela-la-ayuda-de-mas-de-1-000-millones-de-dolares-a-marruecos-por-la-cuestion-del-sahara-occidental\/","_links":{"self":[{"href":"https:\/\/www.pressenza.com\/fr\/wp-json\/wp\/v2\/posts\/1400433","targetHints":{"allow":["GET"]}}],"collection":[{"href":"https:\/\/www.pressenza.com\/fr\/wp-json\/wp\/v2\/posts"}],"about":[{"href":"https:\/\/www.pressenza.com\/fr\/wp-json\/wp\/v2\/types\/post"}],"author":[{"embeddable":true,"href":"https:\/\/www.pressenza.com\/fr\/wp-json\/wp\/v2\/users\/1227"}],"replies":[{"embeddable":true,"href":"https:\/\/www.pressenza.com\/fr\/wp-json\/wp\/v2\/comments?post=1400433"}],"version-history":[{"count":0,"href":"https:\/\/www.pressenza.com\/fr\/wp-json\/wp\/v2\/posts\/1400433\/revisions"}],"wp:featuredmedia":[{"embeddable":true,"href":"https:\/\/www.pressenza.com\/fr\/wp-json\/wp\/v2\/media\/1390827"}],"wp:attachment":[{"href":"https:\/\/www.pressenza.com\/fr\/wp-json\/wp\/v2\/media?parent=1400433"}],"wp:term":[{"taxonomy":"category","embeddable":true,"href":"https:\/\/www.pressenza.com\/fr\/wp-json\/wp\/v2\/categories?post=1400433"},{"taxonomy":"post_tag","embeddable":true,"href":"https:\/\/www.pressenza.com\/fr\/wp-json\/wp\/v2\/tags?post=1400433"}],"curies":[{"name":"wp","href":"https:\/\/api.w.org\/{rel}","templated":true}]}}