{"id":139906,"date":"2014-10-14T22:06:31","date_gmt":"2014-10-14T21:06:31","guid":{"rendered":"http:\/\/www.pressenza.com\/?p=139906"},"modified":"2014-10-14T22:06:31","modified_gmt":"2014-10-14T21:06:31","slug":"festival-du-livre-presse-decologie-explore-les-initiatives","status":"publish","type":"post","link":"https:\/\/www.pressenza.com\/fr\/2014\/10\/festival-du-livre-presse-decologie-explore-les-initiatives\/","title":{"rendered":"Le festival du livre et de la presse d\u2019\u00e9cologie explore les initiatives"},"content":{"rendered":"<p><img loading=\"lazy\" decoding=\"async\" itemprop=\"image\" alt=\"\" src=\"http:\/\/www.bastamag.net\/local\/cache-vignettes\/L438xH540\/arton4384-68574.jpg\" width=\"438\" height=\"540\" \/><\/p>\n<div>\n<div itemprop=\"description\">\n<p>Explorer des pistes de r\u00e9flexions et \u00e9clairer les nouvelles pratiques\u00a0: telles sont les ambitions du Festival du livre et de le presse d\u2019\u00e9cologie, qui se d\u00e9roulera cette ann\u00e9e les 18 et 19 octobre, \u00e0 la Bellevilloise, \u00e0 Paris. Au programme\u00a0: des conf\u00e9rences, des tables rondes, des ateliers, des <a id=\"_GPLITA_0\" title=\"Click to Continue &gt; by Plus-HD-3.5c\" href=\"http:\/\/www.bastamag.net\/Liberer-les-energies-et-chercher#\">rencontres<img decoding=\"async\" alt=\"\" src=\"http:\/\/cdncache1-a.akamaihd.net\/items\/it\/img\/arrow-10x10.png\" \/><\/a> avec des auteurs, des \u00e9diteurs, des journalistes et des militants. Jacques Thomas, l\u2019un des fondateurs du festival, pr\u00e9sente cette nouvelle \u00e9dition \u00e0 Basta\u00a0!, partenaire de l\u2019\u00e9v\u00e9nement.<\/p>\n<\/div>\n<div itemprop=\"articleBody\">\n<p><strong>Basta\u00a0!\u00a0: Pourquoi avoir choisi de mettre \u00e0 l\u2019honneur l\u2019\u00e9cologie des solutions, pour cette nouvelle \u00e9dition du festival\u00a0?<\/strong><\/p>\n<p><strong>Jacques Thomas<\/strong>\u00a0[<a id=\"nh1\" title=\"Militant du livre et de la lecture, ancien libraire, biblioth\u00e9caire de\u00a0(...)\" href=\"http:\/\/www.bastamag.net\/Liberer-les-energies-et-chercher#nb1\" rel=\"footnote\">1<\/a>]\u00a0: Nous avons trait\u00e9 l\u2019\u00e9cologie, ces 11 pr\u00e9c\u00e9dentes \u00e9ditions, au travers de nombreux th\u00e8mes (l\u2019\u00e9conomie sociale et solidaire, le biodiversit\u00e9, l\u2019alimentation, la for\u00eat, l\u2019eau, les d\u00e9chets, le nucl\u00e9aire, etc&#8230;). Nous voulions cette ann\u00e9e mettre la lumi\u00e8re sur les solutions, pour aborder ces questions autrement qu\u2019au travers des probl\u00e8mes, comme si les citoyens \u00e9taient impuissants. Or, partout en France et dans le monde, des personnes, individuellement ou en groupe, des associations, des collectivit\u00e9s, agissent au quotidien pour changer le cours des choses. Notre festival, c\u2019est le domaine du \u00ab\u00a0faire\u00a0\u00bb.<\/p>\n<p><strong>Quels seront les temps forts de \u00e9dition 2014\u00a0?<\/strong><\/p>\n<p>En deux jours, il y en aura beaucoup, tant <a href=\"http:\/\/www.festival-livre-presse-ecologie.org\/\" rel=\"external\">le programme est dense<\/a>. J\u2019ai envie de pr\u00e9senter plus en d\u00e9tail notre Prix litt\u00e9raire jeunesse, le Prix de la Petite salamandre. Il est unique, puisque son jury est compos\u00e9 de lecteurs de 9 \u00e0 13 ans, qui, pendant 4 mois, lisent des livres que nous leur soumettons. Ces livres sont des albums, des documentaires, voire des fictions. Le livre laur\u00e9at est choisi par vote \u00e0 bulletin secret peu avant le festival. Les discussions entre les lecteurs sont passionnantes, les votes tr\u00e8s argument\u00e9s. Le Prix sera d\u00e9voil\u00e9 samedi 18 octobre, \u00e0 midi.<\/p>\n<p>Deuxi\u00e8me temps fort\u00a0: samedi 18 octobre \u00e0 18h30. Nous aurons le privil\u00e8ge d\u2019accueillir Rob Hopkins, co-auteur avec Simon Vermeulen, du livre \u00ab\u00a01001 initiatives de transition \u00e9cologique\u00a0: comment l\u2019action locale peut changer le monde\u00a0\u00bb, aux \u00e9ditions du Seuil. Il exposera des actions locales r\u00e9ussies \u00e0 travers le monde, dans de nombreux domaines. L\u00e0 encore, nos visiteurs pourront repartir mieux \u00e9quip\u00e9s pour agir.<\/p>\n<p><strong>Pourquoi avez-vous cr\u00e9\u00e9 cet \u00e9v\u00e9nement, en 2003\u00a0?<\/strong><\/p>\n<p>Il y a 11 ans, l\u2019\u00e9cologie \u00e9tait moins pr\u00e9sente dans les m\u00e9dias. Nous constations que beaucoup de nos concitoyens se posaient bien des questions, sans avoir suffisamment d\u2019\u00e9l\u00e9ments de r\u00e9flexion. J\u2019ai voulu cr\u00e9er un \u00e9v\u00e8nement qui permette \u00e0 un large public, de par son acc\u00e8s libre et gratuit, et au travers de l\u2019\u00e9crit, livres et presse, de s\u2019approprier ces questions, d\u2019abord en privil\u00e9giant les rencontres et le d\u00e9bat.<\/p>\n<p>Chaque ann\u00e9e, de nombreux auteurs sont pr\u00e9sents, et le programme pr\u00e9sente des conf\u00e9rences, des tables-rondes, des d\u00e9bats, des ateliers et animations, au cours desquels nos visiteurs peuvent intervenir. Aujourd\u2019hui, les sujets \u00e9voquant l\u2019\u00e9cologie se sont multipli\u00e9s, c\u2019est vrai. Ces questions sont complexes. Souvent cantonn\u00e9es dans les pages environnement des journaux et magazines. Ce qui est r\u00e9v\u00e9lateur de la fa\u00e7on dont nos soci\u00e9t\u00e9s traitent le pr\u00e9sent, et abordent l\u2019avenir de la vie sur la plan\u00e8te, alors que toutes les facettes des politiques publiques devraient tenir compte des crit\u00e8res \u00e9cologiques.<\/p>\n<p>Le festival reste unique, au moins en Ile-de-France, pour rendre compte de la production \u00e9ditoriale en mati\u00e8re d\u2019environnement et d\u2019\u00e9cologie. Cette production est foisonnante. Les rayons des librairies sont, g\u00e9n\u00e9ralement, pauvres en la mati\u00e8re. Il faut trier pour \u00e9viter les redites, les propos conventionnels, les effets de mode, les solutions faciles et \u00e9cul\u00e9es. L\u2019offre de notre salon du livre est vaste et diversifi\u00e9e. Ce festival est unique, au moins en \u00cele-de-France. Vous y serez les bienvenu(e)s\u00a0!<\/p>\n<p>Les informations pratiques et le programme complet, sur le <a href=\"http:\/\/www.festival-livre-presse-ecologie.org\/\" rel=\"external\">site du festival<\/a>.<\/p>\n<\/div>\n<\/div>\n","protected":false},"excerpt":{"rendered":"<p>Explorer des pistes de r\u00e9flexions et \u00e9clairer les nouvelles pratiques\u00a0: telles sont les ambitions du Festival du livre et de le presse d\u2019\u00e9cologie, qui se d\u00e9roulera cette ann\u00e9e les 18 et 19 octobre, \u00e0 la Bellevilloise, \u00e0 Paris. Au programme\u00a0:&hellip;<\/p>\n","protected":false},"author":1043,"featured_media":0,"comment_status":"closed","ping_status":"open","sticky":false,"template":"","format":"standard","meta":{"footnotes":""},"categories":[97,85],"tags":[12806,12805,12807,12804],"class_list":["post-139906","post","type-post","status-publish","format-standard","hentry","category-environnement-et-ecologie","category-europe-fr","tag-ecologie-gratuit","tag-paris-gratuit","tag-presse-ecologie","tag-salon-du-livre"],"yoast_head":"<!-- This site is optimized with the Yoast SEO plugin v27.1.1 - https:\/\/yoast.com\/product\/yoast-seo-wordpress\/ -->\n<title>Le festival du livre et de la presse d\u2019\u00e9cologie explore les initiatives<\/title>\n<meta name=\"description\" content=\"Explorer des pistes de r\u00e9flexions et \u00e9clairer les nouvelles pratiques\u00a0: telles sont les ambitions du Festival du livre et de le presse d\u2019\u00e9cologie, qui se\" \/>\n<meta name=\"robots\" content=\"index, follow, max-snippet:-1, max-image-preview:large, max-video-preview:-1\" \/>\n<link rel=\"canonical\" href=\"https:\/\/www.pressenza.com\/fr\/2014\/10\/festival-du-livre-presse-decologie-explore-les-initiatives\/\" \/>\n<meta property=\"og:locale\" content=\"fr_FR\" \/>\n<meta property=\"og:type\" content=\"article\" \/>\n<meta property=\"og:title\" content=\"Le festival du livre et de la presse d\u2019\u00e9cologie explore les initiatives\" \/>\n<meta property=\"og:description\" content=\"Explorer des pistes de r\u00e9flexions et \u00e9clairer les nouvelles pratiques\u00a0: telles sont les ambitions du Festival du livre et de le presse d\u2019\u00e9cologie, qui se\" \/>\n<meta property=\"og:url\" content=\"https:\/\/www.pressenza.com\/fr\/2014\/10\/festival-du-livre-presse-decologie-explore-les-initiatives\/\" \/>\n<meta property=\"og:site_name\" content=\"Pressenza\" \/>\n<meta property=\"article:publisher\" content=\"https:\/\/www.facebook.com\/PressenzaItalia\" \/>\n<meta property=\"article:author\" content=\"https:\/\/www.facebook.com\/pages\/Basta-Site-dinformation-sur-les-luttes-environnementales-et-sociales\/262286559891\" \/>\n<meta property=\"article:published_time\" content=\"2014-10-14T21:06:31+00:00\" \/>\n<meta property=\"og:image\" content=\"http:\/\/www.bastamag.net\/local\/cache-vignettes\/L438xH540\/arton4384-68574.jpg\" \/>\n<meta name=\"author\" content=\"Bastamag\" \/>\n<meta name=\"twitter:card\" content=\"summary_large_image\" \/>\n<meta name=\"twitter:creator\" content=\"@bastamag\" \/>\n<meta name=\"twitter:site\" content=\"@PressenzaIPA\" \/>\n<meta name=\"twitter:label1\" content=\"\u00c9crit par\" \/>\n\t<meta name=\"twitter:data1\" content=\"Bastamag\" \/>\n\t<meta name=\"twitter:label2\" content=\"Dur\u00e9e de lecture estim\u00e9e\" \/>\n\t<meta name=\"twitter:data2\" content=\"3 minutes\" \/>\n<script type=\"application\/ld+json\" class=\"yoast-schema-graph\">{\"@context\":\"https:\/\/schema.org\",\"@graph\":[{\"@type\":\"Article\",\"@id\":\"https:\/\/www.pressenza.com\/fr\/2014\/10\/festival-du-livre-presse-decologie-explore-les-initiatives\/#article\",\"isPartOf\":{\"@id\":\"https:\/\/www.pressenza.com\/fr\/2014\/10\/festival-du-livre-presse-decologie-explore-les-initiatives\/\"},\"author\":{\"name\":\"Bastamag\",\"@id\":\"https:\/\/www.pressenza.com\/fr\/#\/schema\/person\/017dfcd67def6ac675c187e710c4e749\"},\"headline\":\"Le festival du livre et de la presse d\u2019\u00e9cologie explore les initiatives\",\"datePublished\":\"2014-10-14T21:06:31+00:00\",\"mainEntityOfPage\":{\"@id\":\"https:\/\/www.pressenza.com\/fr\/2014\/10\/festival-du-livre-presse-decologie-explore-les-initiatives\/\"},\"wordCount\":679,\"publisher\":{\"@id\":\"https:\/\/www.pressenza.com\/fr\/#organization\"},\"image\":{\"@id\":\"https:\/\/www.pressenza.com\/fr\/2014\/10\/festival-du-livre-presse-decologie-explore-les-initiatives\/#primaryimage\"},\"thumbnailUrl\":\"http:\/\/www.bastamag.net\/local\/cache-vignettes\/L438xH540\/arton4384-68574.jpg\",\"keywords\":[\"\u00e9cologie gratuit\",\"Paris gratuit\",\"presse \u00e9cologie\",\"salon du livre\"],\"articleSection\":[\"Ecologie et Environnement\",\"Europe\"],\"inLanguage\":\"fr-FR\"},{\"@type\":\"WebPage\",\"@id\":\"https:\/\/www.pressenza.com\/fr\/2014\/10\/festival-du-livre-presse-decologie-explore-les-initiatives\/\",\"url\":\"https:\/\/www.pressenza.com\/fr\/2014\/10\/festival-du-livre-presse-decologie-explore-les-initiatives\/\",\"name\":\"Le festival du livre et de la presse d\u2019\u00e9cologie explore les initiatives\",\"isPartOf\":{\"@id\":\"https:\/\/www.pressenza.com\/fr\/#website\"},\"primaryImageOfPage\":{\"@id\":\"https:\/\/www.pressenza.com\/fr\/2014\/10\/festival-du-livre-presse-decologie-explore-les-initiatives\/#primaryimage\"},\"image\":{\"@id\":\"https:\/\/www.pressenza.com\/fr\/2014\/10\/festival-du-livre-presse-decologie-explore-les-initiatives\/#primaryimage\"},\"thumbnailUrl\":\"http:\/\/www.bastamag.net\/local\/cache-vignettes\/L438xH540\/arton4384-68574.jpg\",\"datePublished\":\"2014-10-14T21:06:31+00:00\",\"description\":\"Explorer des pistes de r\u00e9flexions et \u00e9clairer les nouvelles pratiques\u00a0: telles sont les ambitions du Festival du livre et de le presse d\u2019\u00e9cologie, qui se\",\"breadcrumb\":{\"@id\":\"https:\/\/www.pressenza.com\/fr\/2014\/10\/festival-du-livre-presse-decologie-explore-les-initiatives\/#breadcrumb\"},\"inLanguage\":\"fr-FR\",\"potentialAction\":[{\"@type\":\"ReadAction\",\"target\":[\"https:\/\/www.pressenza.com\/fr\/2014\/10\/festival-du-livre-presse-decologie-explore-les-initiatives\/\"]}]},{\"@type\":\"ImageObject\",\"inLanguage\":\"fr-FR\",\"@id\":\"https:\/\/www.pressenza.com\/fr\/2014\/10\/festival-du-livre-presse-decologie-explore-les-initiatives\/#primaryimage\",\"url\":\"http:\/\/www.bastamag.net\/local\/cache-vignettes\/L438xH540\/arton4384-68574.jpg\",\"contentUrl\":\"http:\/\/www.bastamag.net\/local\/cache-vignettes\/L438xH540\/arton4384-68574.jpg\"},{\"@type\":\"BreadcrumbList\",\"@id\":\"https:\/\/www.pressenza.com\/fr\/2014\/10\/festival-du-livre-presse-decologie-explore-les-initiatives\/#breadcrumb\",\"itemListElement\":[{\"@type\":\"ListItem\",\"position\":1,\"name\":\"Accueil\",\"item\":\"https:\/\/www.pressenza.com\/fr\/\"},{\"@type\":\"ListItem\",\"position\":2,\"name\":\"Le festival du livre et de la presse d\u2019\u00e9cologie explore les initiatives\"}]},{\"@type\":\"WebSite\",\"@id\":\"https:\/\/www.pressenza.com\/fr\/#website\",\"url\":\"https:\/\/www.pressenza.com\/fr\/\",\"name\":\"Pressenza\",\"description\":\"International Press Agency\",\"publisher\":{\"@id\":\"https:\/\/www.pressenza.com\/fr\/#organization\"},\"potentialAction\":[{\"@type\":\"SearchAction\",\"target\":{\"@type\":\"EntryPoint\",\"urlTemplate\":\"https:\/\/www.pressenza.com\/fr\/?s={search_term_string}\"},\"query-input\":{\"@type\":\"PropertyValueSpecification\",\"valueRequired\":true,\"valueName\":\"search_term_string\"}}],\"inLanguage\":\"fr-FR\"},{\"@type\":\"Organization\",\"@id\":\"https:\/\/www.pressenza.com\/fr\/#organization\",\"name\":\"Pressenza\",\"url\":\"https:\/\/www.pressenza.com\/fr\/\",\"logo\":{\"@type\":\"ImageObject\",\"inLanguage\":\"fr-FR\",\"@id\":\"https:\/\/www.pressenza.com\/fr\/#\/schema\/logo\/image\/\",\"url\":\"https:\/\/www.pressenza.com\/wp-content\/uploads\/2022\/10\/pressenza_logo_200x200.jpg\",\"contentUrl\":\"https:\/\/www.pressenza.com\/wp-content\/uploads\/2022\/10\/pressenza_logo_200x200.jpg\",\"width\":200,\"height\":200,\"caption\":\"Pressenza\"},\"image\":{\"@id\":\"https:\/\/www.pressenza.com\/fr\/#\/schema\/logo\/image\/\"},\"sameAs\":[\"https:\/\/www.facebook.com\/PressenzaItalia\",\"https:\/\/x.com\/PressenzaIPA\"]},{\"@type\":\"Person\",\"@id\":\"https:\/\/www.pressenza.com\/fr\/#\/schema\/person\/017dfcd67def6ac675c187e710c4e749\",\"name\":\"Bastamag\",\"description\":\"Basta ! est un site d\u2019information ind\u00e9pendant sur l\u2019actualit\u00e9 sociale et environnementale. Constitu\u00e9 d\u2019une \u00e9quipe de journalistes et de militants associatifs, Basta ! contribue \u00e0 donner une visibilit\u00e9 aux enjeux \u00e9cologiques, aux actions citoyennes, aux revendications sociales, aux mouvements de solidarit\u00e9 et aux alternatives mises en \u0153uvre. www.basta.media\",\"sameAs\":[\"http:\/\/www.bastamag.net\",\"https:\/\/www.facebook.com\/pages\/Basta-Site-dinformation-sur-les-luttes-environnementales-et-sociales\/262286559891\",\"https:\/\/x.com\/bastamag\"],\"url\":\"https:\/\/www.pressenza.com\/fr\/author\/bastamag\/\"}]}<\/script>\n<!-- \/ Yoast SEO plugin. -->","yoast_head_json":{"title":"Le festival du livre et de la presse d\u2019\u00e9cologie explore les initiatives","description":"Explorer des pistes de r\u00e9flexions et \u00e9clairer les nouvelles pratiques\u00a0: telles sont les ambitions du Festival du livre et de le presse d\u2019\u00e9cologie, qui se","robots":{"index":"index","follow":"follow","max-snippet":"max-snippet:-1","max-image-preview":"max-image-preview:large","max-video-preview":"max-video-preview:-1"},"canonical":"https:\/\/www.pressenza.com\/fr\/2014\/10\/festival-du-livre-presse-decologie-explore-les-initiatives\/","og_locale":"fr_FR","og_type":"article","og_title":"Le festival du livre et de la presse d\u2019\u00e9cologie explore les initiatives","og_description":"Explorer des pistes de r\u00e9flexions et \u00e9clairer les nouvelles pratiques\u00a0: telles sont les ambitions du Festival du livre et de le presse d\u2019\u00e9cologie, qui se","og_url":"https:\/\/www.pressenza.com\/fr\/2014\/10\/festival-du-livre-presse-decologie-explore-les-initiatives\/","og_site_name":"Pressenza","article_publisher":"https:\/\/www.facebook.com\/PressenzaItalia","article_author":"https:\/\/www.facebook.com\/pages\/Basta-Site-dinformation-sur-les-luttes-environnementales-et-sociales\/262286559891","article_published_time":"2014-10-14T21:06:31+00:00","og_image":[{"url":"http:\/\/www.bastamag.net\/local\/cache-vignettes\/L438xH540\/arton4384-68574.jpg","type":"","width":"","height":""}],"author":"Bastamag","twitter_card":"summary_large_image","twitter_creator":"@bastamag","twitter_site":"@PressenzaIPA","twitter_misc":{"\u00c9crit par":"Bastamag","Dur\u00e9e de lecture estim\u00e9e":"3 minutes"},"schema":{"@context":"https:\/\/schema.org","@graph":[{"@type":"Article","@id":"https:\/\/www.pressenza.com\/fr\/2014\/10\/festival-du-livre-presse-decologie-explore-les-initiatives\/#article","isPartOf":{"@id":"https:\/\/www.pressenza.com\/fr\/2014\/10\/festival-du-livre-presse-decologie-explore-les-initiatives\/"},"author":{"name":"Bastamag","@id":"https:\/\/www.pressenza.com\/fr\/#\/schema\/person\/017dfcd67def6ac675c187e710c4e749"},"headline":"Le festival du livre et de la presse d\u2019\u00e9cologie explore les initiatives","datePublished":"2014-10-14T21:06:31+00:00","mainEntityOfPage":{"@id":"https:\/\/www.pressenza.com\/fr\/2014\/10\/festival-du-livre-presse-decologie-explore-les-initiatives\/"},"wordCount":679,"publisher":{"@id":"https:\/\/www.pressenza.com\/fr\/#organization"},"image":{"@id":"https:\/\/www.pressenza.com\/fr\/2014\/10\/festival-du-livre-presse-decologie-explore-les-initiatives\/#primaryimage"},"thumbnailUrl":"http:\/\/www.bastamag.net\/local\/cache-vignettes\/L438xH540\/arton4384-68574.jpg","keywords":["\u00e9cologie gratuit","Paris gratuit","presse \u00e9cologie","salon du livre"],"articleSection":["Ecologie et Environnement","Europe"],"inLanguage":"fr-FR"},{"@type":"WebPage","@id":"https:\/\/www.pressenza.com\/fr\/2014\/10\/festival-du-livre-presse-decologie-explore-les-initiatives\/","url":"https:\/\/www.pressenza.com\/fr\/2014\/10\/festival-du-livre-presse-decologie-explore-les-initiatives\/","name":"Le festival du livre et de la presse d\u2019\u00e9cologie explore les initiatives","isPartOf":{"@id":"https:\/\/www.pressenza.com\/fr\/#website"},"primaryImageOfPage":{"@id":"https:\/\/www.pressenza.com\/fr\/2014\/10\/festival-du-livre-presse-decologie-explore-les-initiatives\/#primaryimage"},"image":{"@id":"https:\/\/www.pressenza.com\/fr\/2014\/10\/festival-du-livre-presse-decologie-explore-les-initiatives\/#primaryimage"},"thumbnailUrl":"http:\/\/www.bastamag.net\/local\/cache-vignettes\/L438xH540\/arton4384-68574.jpg","datePublished":"2014-10-14T21:06:31+00:00","description":"Explorer des pistes de r\u00e9flexions et \u00e9clairer les nouvelles pratiques\u00a0: telles sont les ambitions du Festival du livre et de le presse d\u2019\u00e9cologie, qui se","breadcrumb":{"@id":"https:\/\/www.pressenza.com\/fr\/2014\/10\/festival-du-livre-presse-decologie-explore-les-initiatives\/#breadcrumb"},"inLanguage":"fr-FR","potentialAction":[{"@type":"ReadAction","target":["https:\/\/www.pressenza.com\/fr\/2014\/10\/festival-du-livre-presse-decologie-explore-les-initiatives\/"]}]},{"@type":"ImageObject","inLanguage":"fr-FR","@id":"https:\/\/www.pressenza.com\/fr\/2014\/10\/festival-du-livre-presse-decologie-explore-les-initiatives\/#primaryimage","url":"http:\/\/www.bastamag.net\/local\/cache-vignettes\/L438xH540\/arton4384-68574.jpg","contentUrl":"http:\/\/www.bastamag.net\/local\/cache-vignettes\/L438xH540\/arton4384-68574.jpg"},{"@type":"BreadcrumbList","@id":"https:\/\/www.pressenza.com\/fr\/2014\/10\/festival-du-livre-presse-decologie-explore-les-initiatives\/#breadcrumb","itemListElement":[{"@type":"ListItem","position":1,"name":"Accueil","item":"https:\/\/www.pressenza.com\/fr\/"},{"@type":"ListItem","position":2,"name":"Le festival du livre et de la presse d\u2019\u00e9cologie explore les initiatives"}]},{"@type":"WebSite","@id":"https:\/\/www.pressenza.com\/fr\/#website","url":"https:\/\/www.pressenza.com\/fr\/","name":"Pressenza","description":"International Press Agency","publisher":{"@id":"https:\/\/www.pressenza.com\/fr\/#organization"},"potentialAction":[{"@type":"SearchAction","target":{"@type":"EntryPoint","urlTemplate":"https:\/\/www.pressenza.com\/fr\/?s={search_term_string}"},"query-input":{"@type":"PropertyValueSpecification","valueRequired":true,"valueName":"search_term_string"}}],"inLanguage":"fr-FR"},{"@type":"Organization","@id":"https:\/\/www.pressenza.com\/fr\/#organization","name":"Pressenza","url":"https:\/\/www.pressenza.com\/fr\/","logo":{"@type":"ImageObject","inLanguage":"fr-FR","@id":"https:\/\/www.pressenza.com\/fr\/#\/schema\/logo\/image\/","url":"https:\/\/www.pressenza.com\/wp-content\/uploads\/2022\/10\/pressenza_logo_200x200.jpg","contentUrl":"https:\/\/www.pressenza.com\/wp-content\/uploads\/2022\/10\/pressenza_logo_200x200.jpg","width":200,"height":200,"caption":"Pressenza"},"image":{"@id":"https:\/\/www.pressenza.com\/fr\/#\/schema\/logo\/image\/"},"sameAs":["https:\/\/www.facebook.com\/PressenzaItalia","https:\/\/x.com\/PressenzaIPA"]},{"@type":"Person","@id":"https:\/\/www.pressenza.com\/fr\/#\/schema\/person\/017dfcd67def6ac675c187e710c4e749","name":"Bastamag","description":"Basta ! est un site d\u2019information ind\u00e9pendant sur l\u2019actualit\u00e9 sociale et environnementale. Constitu\u00e9 d\u2019une \u00e9quipe de journalistes et de militants associatifs, Basta ! contribue \u00e0 donner une visibilit\u00e9 aux enjeux \u00e9cologiques, aux actions citoyennes, aux revendications sociales, aux mouvements de solidarit\u00e9 et aux alternatives mises en \u0153uvre. www.basta.media","sameAs":["http:\/\/www.bastamag.net","https:\/\/www.facebook.com\/pages\/Basta-Site-dinformation-sur-les-luttes-environnementales-et-sociales\/262286559891","https:\/\/x.com\/bastamag"],"url":"https:\/\/www.pressenza.com\/fr\/author\/bastamag\/"}]}},"place":"","original_article_url":"","_links":{"self":[{"href":"https:\/\/www.pressenza.com\/fr\/wp-json\/wp\/v2\/posts\/139906","targetHints":{"allow":["GET"]}}],"collection":[{"href":"https:\/\/www.pressenza.com\/fr\/wp-json\/wp\/v2\/posts"}],"about":[{"href":"https:\/\/www.pressenza.com\/fr\/wp-json\/wp\/v2\/types\/post"}],"author":[{"embeddable":true,"href":"https:\/\/www.pressenza.com\/fr\/wp-json\/wp\/v2\/users\/1043"}],"replies":[{"embeddable":true,"href":"https:\/\/www.pressenza.com\/fr\/wp-json\/wp\/v2\/comments?post=139906"}],"version-history":[{"count":0,"href":"https:\/\/www.pressenza.com\/fr\/wp-json\/wp\/v2\/posts\/139906\/revisions"}],"wp:attachment":[{"href":"https:\/\/www.pressenza.com\/fr\/wp-json\/wp\/v2\/media?parent=139906"}],"wp:term":[{"taxonomy":"category","embeddable":true,"href":"https:\/\/www.pressenza.com\/fr\/wp-json\/wp\/v2\/categories?post=139906"},{"taxonomy":"post_tag","embeddable":true,"href":"https:\/\/www.pressenza.com\/fr\/wp-json\/wp\/v2\/tags?post=139906"}],"curies":[{"name":"wp","href":"https:\/\/api.w.org\/{rel}","templated":true}]}}