{"id":1398744,"date":"2021-07-14T17:57:39","date_gmt":"2021-07-14T16:57:39","guid":{"rendered":"https:\/\/www.pressenza.com\/?p=1398744"},"modified":"2021-07-14T18:02:18","modified_gmt":"2021-07-14T17:02:18","slug":"protestas-no-hay-orgullo-en-el-genocidio-reemplazan-celebraciones-del-dia-de-canada","status":"publish","type":"post","link":"https:\/\/www.pressenza.com\/fr\/2021\/07\/protestas-no-hay-orgullo-en-el-genocidio-reemplazan-celebraciones-del-dia-de-canada\/","title":{"rendered":"Des manifestations \u00ab\u00a0Pas de fiert\u00e9 dans le g\u00e9nocide\u00a0\u00bb remplacent les c\u00e9l\u00e9brations de la f\u00eate du Canada"},"content":{"rendered":"<p>Au Canada, des manifestations et des veill\u00e9es ont remplac\u00e9 bon nombre des festivit\u00e9s habituelles de la f\u00eate du Canada \u00e0 la suite de la d\u00e9couverte r\u00e9cente de tombes et de restes d&rsquo;enfants autochtones dans d&rsquo;anciens pensionnats g\u00e9r\u00e9s par le gouvernement. Dans la province de la Saskatchewan, les manifestants ont plac\u00e9 sur les marches du b\u00e2timent l\u00e9gislatif des sacs \u00e0 dos couverts d&#8217;empreintes de mains orange, repr\u00e9sentant les tombes non identifi\u00e9es de mineurs autochtones d\u00e9couvertes fin juin pr\u00e8s du site du pensionnat indien de Marieval.<\/p>\n<p>Les manifestants : \u00ab\u00a0Il n&rsquo;y a pas de fiert\u00e9 dans un g\u00e9nocide ! Il n&rsquo;y a pas de fiert\u00e9 dans un g\u00e9nocide !\u00a0\u00bb<\/p>\n<p>Dans la province du Manitoba, les manifestants ont fait tomber une statue de la reine Victoria devant le b\u00e2timent l\u00e9gislatif de la province. De nombreux peuples autochtones du Canada rejettent depuis longtemps la c\u00e9l\u00e9bration de la f\u00eate annuelle du 1er juillet. L&rsquo;avocate Lori Idlout a publi\u00e9 sur Twitter : \u00ab\u00a0Aujourd&rsquo;hui, je c\u00e9l\u00e8bre le fait que le Canada a \u00e9chou\u00e9 dans sa tentative d&rsquo;\u00e9radiquer totalement les peuples autochtones. Nous sommes l\u00e0, nous sommes forts\u00a0\u00bb.<\/p>\n<p>L\u2019article originel se trouve sur le site web de nos associ\u00e9s<\/p>\n","protected":false},"excerpt":{"rendered":"<p>Au Canada, des manifestations et des veill\u00e9es ont remplac\u00e9 bon nombre des festivit\u00e9s habituelles de la f\u00eate du Canada \u00e0 la suite de la d\u00e9couverte r\u00e9cente de tombes et de restes d&rsquo;enfants autochtones dans d&rsquo;anciens pensionnats g\u00e9r\u00e9s par le gouvernement.&hellip;<\/p>\n","protected":false},"author":77,"featured_media":1393638,"comment_status":"closed","ping_status":"closed","sticky":false,"template":"","format":"standard","meta":{"footnotes":""},"categories":[87,99],"tags":[2899,905],"class_list":["post-1398744","post","type-post","status-publish","format-standard","has-post-thumbnail","hentry","category-amerique-du-nord","category-peuples-autochtones","tag-canada-fr","tag-peuples-originaires"],"yoast_head":"<!-- This site is optimized with the Yoast SEO plugin v27.1.1 - https:\/\/yoast.com\/product\/yoast-seo-wordpress\/ -->\n<title>Des manifestations &quot;Pas de fiert\u00e9 dans le g\u00e9nocide&quot; remplacent les c\u00e9l\u00e9brations de la f\u00eate du Canada<\/title>\n<meta name=\"description\" content=\"Au Canada, des manifestations et des veill\u00e9es ont remplac\u00e9 bon nombre des festivit\u00e9s habituelles de la f\u00eate du Canada \u00e0 la suite de la d\u00e9couverte r\u00e9cente\" \/>\n<meta name=\"robots\" content=\"index, follow, max-snippet:-1, max-image-preview:large, max-video-preview:-1\" \/>\n<link rel=\"canonical\" href=\"https:\/\/www.pressenza.com\/fr\/2021\/07\/protestas-no-hay-orgullo-en-el-genocidio-reemplazan-celebraciones-del-dia-de-canada\/\" \/>\n<meta property=\"og:locale\" content=\"fr_FR\" \/>\n<meta property=\"og:type\" content=\"article\" \/>\n<meta property=\"og:title\" content=\"Des manifestations &quot;Pas de fiert\u00e9 dans le g\u00e9nocide&quot; remplacent les c\u00e9l\u00e9brations de la f\u00eate du Canada\" \/>\n<meta property=\"og:description\" content=\"Au Canada, des manifestations et des veill\u00e9es ont remplac\u00e9 bon nombre des festivit\u00e9s habituelles de la f\u00eate du Canada \u00e0 la suite de la d\u00e9couverte r\u00e9cente\" \/>\n<meta property=\"og:url\" content=\"https:\/\/www.pressenza.com\/fr\/2021\/07\/protestas-no-hay-orgullo-en-el-genocidio-reemplazan-celebraciones-del-dia-de-canada\/\" \/>\n<meta property=\"og:site_name\" content=\"Pressenza\" \/>\n<meta property=\"article:publisher\" content=\"https:\/\/www.facebook.com\/PressenzaItalia\" \/>\n<meta property=\"article:author\" content=\"https:\/\/www.facebook.com\/democracynow\/?fref=ts\" \/>\n<meta property=\"article:published_time\" content=\"2021-07-14T16:57:39+00:00\" \/>\n<meta property=\"article:modified_time\" content=\"2021-07-14T17:02:18+00:00\" \/>\n<meta property=\"og:image\" content=\"https:\/\/www.pressenza.com\/wp-content\/uploads\/2021\/07\/h13-canada-day-protest-genocide-indigenous-graves-residential-schools.jpg\" \/>\n\t<meta property=\"og:image:width\" content=\"960\" \/>\n\t<meta property=\"og:image:height\" content=\"540\" \/>\n\t<meta property=\"og:image:type\" content=\"image\/jpeg\" \/>\n<meta name=\"author\" content=\"Democracy Now!\" \/>\n<meta name=\"twitter:card\" content=\"summary_large_image\" \/>\n<meta name=\"twitter:creator\" content=\"@democracynow\" \/>\n<meta name=\"twitter:site\" content=\"@PressenzaIPA\" \/>\n<meta name=\"twitter:label1\" content=\"\u00c9crit par\" \/>\n\t<meta name=\"twitter:data1\" content=\"Democracy Now!\" \/>\n\t<meta name=\"twitter:label2\" content=\"Dur\u00e9e de lecture estim\u00e9e\" \/>\n\t<meta name=\"twitter:data2\" content=\"1 minute\" \/>\n<script type=\"application\/ld+json\" class=\"yoast-schema-graph\">{\"@context\":\"https:\/\/schema.org\",\"@graph\":[{\"@type\":\"Article\",\"@id\":\"https:\/\/www.pressenza.com\/fr\/2021\/07\/protestas-no-hay-orgullo-en-el-genocidio-reemplazan-celebraciones-del-dia-de-canada\/#article\",\"isPartOf\":{\"@id\":\"https:\/\/www.pressenza.com\/fr\/2021\/07\/protestas-no-hay-orgullo-en-el-genocidio-reemplazan-celebraciones-del-dia-de-canada\/\"},\"author\":{\"name\":\"Democracy Now!\",\"@id\":\"https:\/\/www.pressenza.com\/fr\/#\/schema\/person\/6dbfa31ebecf081166f6ed11c10f262c\"},\"headline\":\"Des manifestations \u00ab\u00a0Pas de fiert\u00e9 dans le g\u00e9nocide\u00a0\u00bb remplacent les c\u00e9l\u00e9brations de la f\u00eate du Canada\",\"datePublished\":\"2021-07-14T16:57:39+00:00\",\"dateModified\":\"2021-07-14T17:02:18+00:00\",\"mainEntityOfPage\":{\"@id\":\"https:\/\/www.pressenza.com\/fr\/2021\/07\/protestas-no-hay-orgullo-en-el-genocidio-reemplazan-celebraciones-del-dia-de-canada\/\"},\"wordCount\":237,\"publisher\":{\"@id\":\"https:\/\/www.pressenza.com\/fr\/#organization\"},\"image\":{\"@id\":\"https:\/\/www.pressenza.com\/fr\/2021\/07\/protestas-no-hay-orgullo-en-el-genocidio-reemplazan-celebraciones-del-dia-de-canada\/#primaryimage\"},\"thumbnailUrl\":\"https:\/\/www.pressenza.com\/wp-content\/uploads\/2021\/07\/h13-canada-day-protest-genocide-indigenous-graves-residential-schools.jpg\",\"keywords\":[\"Canada\",\"peuples originaires\"],\"articleSection\":[\"Am\u00e9rique du Nord\",\"Peuples originaires\"],\"inLanguage\":\"fr-FR\"},{\"@type\":\"WebPage\",\"@id\":\"https:\/\/www.pressenza.com\/fr\/2021\/07\/protestas-no-hay-orgullo-en-el-genocidio-reemplazan-celebraciones-del-dia-de-canada\/\",\"url\":\"https:\/\/www.pressenza.com\/fr\/2021\/07\/protestas-no-hay-orgullo-en-el-genocidio-reemplazan-celebraciones-del-dia-de-canada\/\",\"name\":\"Des manifestations \\\"Pas de fiert\u00e9 dans le g\u00e9nocide\\\" remplacent les c\u00e9l\u00e9brations de la f\u00eate du Canada\",\"isPartOf\":{\"@id\":\"https:\/\/www.pressenza.com\/fr\/#website\"},\"primaryImageOfPage\":{\"@id\":\"https:\/\/www.pressenza.com\/fr\/2021\/07\/protestas-no-hay-orgullo-en-el-genocidio-reemplazan-celebraciones-del-dia-de-canada\/#primaryimage\"},\"image\":{\"@id\":\"https:\/\/www.pressenza.com\/fr\/2021\/07\/protestas-no-hay-orgullo-en-el-genocidio-reemplazan-celebraciones-del-dia-de-canada\/#primaryimage\"},\"thumbnailUrl\":\"https:\/\/www.pressenza.com\/wp-content\/uploads\/2021\/07\/h13-canada-day-protest-genocide-indigenous-graves-residential-schools.jpg\",\"datePublished\":\"2021-07-14T16:57:39+00:00\",\"dateModified\":\"2021-07-14T17:02:18+00:00\",\"description\":\"Au Canada, des manifestations et des veill\u00e9es ont remplac\u00e9 bon nombre des festivit\u00e9s habituelles de la f\u00eate du Canada \u00e0 la suite de la d\u00e9couverte r\u00e9cente\",\"breadcrumb\":{\"@id\":\"https:\/\/www.pressenza.com\/fr\/2021\/07\/protestas-no-hay-orgullo-en-el-genocidio-reemplazan-celebraciones-del-dia-de-canada\/#breadcrumb\"},\"inLanguage\":\"fr-FR\",\"potentialAction\":[{\"@type\":\"ReadAction\",\"target\":[\"https:\/\/www.pressenza.com\/fr\/2021\/07\/protestas-no-hay-orgullo-en-el-genocidio-reemplazan-celebraciones-del-dia-de-canada\/\"]}]},{\"@type\":\"ImageObject\",\"inLanguage\":\"fr-FR\",\"@id\":\"https:\/\/www.pressenza.com\/fr\/2021\/07\/protestas-no-hay-orgullo-en-el-genocidio-reemplazan-celebraciones-del-dia-de-canada\/#primaryimage\",\"url\":\"https:\/\/www.pressenza.com\/wp-content\/uploads\/2021\/07\/h13-canada-day-protest-genocide-indigenous-graves-residential-schools.jpg\",\"contentUrl\":\"https:\/\/www.pressenza.com\/wp-content\/uploads\/2021\/07\/h13-canada-day-protest-genocide-indigenous-graves-residential-schools.jpg\",\"width\":960,\"height\":540,\"caption\":\"(Democracy Now!)\"},{\"@type\":\"BreadcrumbList\",\"@id\":\"https:\/\/www.pressenza.com\/fr\/2021\/07\/protestas-no-hay-orgullo-en-el-genocidio-reemplazan-celebraciones-del-dia-de-canada\/#breadcrumb\",\"itemListElement\":[{\"@type\":\"ListItem\",\"position\":1,\"name\":\"Accueil\",\"item\":\"https:\/\/www.pressenza.com\/fr\/\"},{\"@type\":\"ListItem\",\"position\":2,\"name\":\"Des manifestations \u00ab\u00a0Pas de fiert\u00e9 dans le g\u00e9nocide\u00a0\u00bb remplacent les c\u00e9l\u00e9brations de la f\u00eate du Canada\"}]},{\"@type\":\"WebSite\",\"@id\":\"https:\/\/www.pressenza.com\/fr\/#website\",\"url\":\"https:\/\/www.pressenza.com\/fr\/\",\"name\":\"Pressenza\",\"description\":\"International Press Agency\",\"publisher\":{\"@id\":\"https:\/\/www.pressenza.com\/fr\/#organization\"},\"potentialAction\":[{\"@type\":\"SearchAction\",\"target\":{\"@type\":\"EntryPoint\",\"urlTemplate\":\"https:\/\/www.pressenza.com\/fr\/?s={search_term_string}\"},\"query-input\":{\"@type\":\"PropertyValueSpecification\",\"valueRequired\":true,\"valueName\":\"search_term_string\"}}],\"inLanguage\":\"fr-FR\"},{\"@type\":\"Organization\",\"@id\":\"https:\/\/www.pressenza.com\/fr\/#organization\",\"name\":\"Pressenza\",\"url\":\"https:\/\/www.pressenza.com\/fr\/\",\"logo\":{\"@type\":\"ImageObject\",\"inLanguage\":\"fr-FR\",\"@id\":\"https:\/\/www.pressenza.com\/fr\/#\/schema\/logo\/image\/\",\"url\":\"https:\/\/www.pressenza.com\/wp-content\/uploads\/2022\/10\/pressenza_logo_200x200.jpg\",\"contentUrl\":\"https:\/\/www.pressenza.com\/wp-content\/uploads\/2022\/10\/pressenza_logo_200x200.jpg\",\"width\":200,\"height\":200,\"caption\":\"Pressenza\"},\"image\":{\"@id\":\"https:\/\/www.pressenza.com\/fr\/#\/schema\/logo\/image\/\"},\"sameAs\":[\"https:\/\/www.facebook.com\/PressenzaItalia\",\"https:\/\/x.com\/PressenzaIPA\"]},{\"@type\":\"Person\",\"@id\":\"https:\/\/www.pressenza.com\/fr\/#\/schema\/person\/6dbfa31ebecf081166f6ed11c10f262c\",\"name\":\"Democracy Now!\",\"description\":\"Democracy Now! is a national, daily, independent, award-winning news program hosted by journalists Amy Goodman and Juan Gonzalez. www.democracynow.org\",\"sameAs\":[\"http:\/\/www.democracynow.org\",\"https:\/\/www.facebook.com\/democracynow\/?fref=ts\",\"https:\/\/x.com\/democracynow\"],\"url\":\"https:\/\/www.pressenza.com\/fr\/author\/democracy-now\/\"}]}<\/script>\n<!-- \/ Yoast SEO plugin. -->","yoast_head_json":{"title":"Des manifestations \"Pas de fiert\u00e9 dans le g\u00e9nocide\" remplacent les c\u00e9l\u00e9brations de la f\u00eate du Canada","description":"Au Canada, des manifestations et des veill\u00e9es ont remplac\u00e9 bon nombre des festivit\u00e9s habituelles de la f\u00eate du Canada \u00e0 la suite de la d\u00e9couverte r\u00e9cente","robots":{"index":"index","follow":"follow","max-snippet":"max-snippet:-1","max-image-preview":"max-image-preview:large","max-video-preview":"max-video-preview:-1"},"canonical":"https:\/\/www.pressenza.com\/fr\/2021\/07\/protestas-no-hay-orgullo-en-el-genocidio-reemplazan-celebraciones-del-dia-de-canada\/","og_locale":"fr_FR","og_type":"article","og_title":"Des manifestations \"Pas de fiert\u00e9 dans le g\u00e9nocide\" remplacent les c\u00e9l\u00e9brations de la f\u00eate du Canada","og_description":"Au Canada, des manifestations et des veill\u00e9es ont remplac\u00e9 bon nombre des festivit\u00e9s habituelles de la f\u00eate du Canada \u00e0 la suite de la d\u00e9couverte r\u00e9cente","og_url":"https:\/\/www.pressenza.com\/fr\/2021\/07\/protestas-no-hay-orgullo-en-el-genocidio-reemplazan-celebraciones-del-dia-de-canada\/","og_site_name":"Pressenza","article_publisher":"https:\/\/www.facebook.com\/PressenzaItalia","article_author":"https:\/\/www.facebook.com\/democracynow\/?fref=ts","article_published_time":"2021-07-14T16:57:39+00:00","article_modified_time":"2021-07-14T17:02:18+00:00","og_image":[{"width":960,"height":540,"url":"https:\/\/www.pressenza.com\/wp-content\/uploads\/2021\/07\/h13-canada-day-protest-genocide-indigenous-graves-residential-schools.jpg","type":"image\/jpeg"}],"author":"Democracy Now!","twitter_card":"summary_large_image","twitter_creator":"@democracynow","twitter_site":"@PressenzaIPA","twitter_misc":{"\u00c9crit par":"Democracy Now!","Dur\u00e9e de lecture estim\u00e9e":"1 minute"},"schema":{"@context":"https:\/\/schema.org","@graph":[{"@type":"Article","@id":"https:\/\/www.pressenza.com\/fr\/2021\/07\/protestas-no-hay-orgullo-en-el-genocidio-reemplazan-celebraciones-del-dia-de-canada\/#article","isPartOf":{"@id":"https:\/\/www.pressenza.com\/fr\/2021\/07\/protestas-no-hay-orgullo-en-el-genocidio-reemplazan-celebraciones-del-dia-de-canada\/"},"author":{"name":"Democracy Now!","@id":"https:\/\/www.pressenza.com\/fr\/#\/schema\/person\/6dbfa31ebecf081166f6ed11c10f262c"},"headline":"Des manifestations \u00ab\u00a0Pas de fiert\u00e9 dans le g\u00e9nocide\u00a0\u00bb remplacent les c\u00e9l\u00e9brations de la f\u00eate du Canada","datePublished":"2021-07-14T16:57:39+00:00","dateModified":"2021-07-14T17:02:18+00:00","mainEntityOfPage":{"@id":"https:\/\/www.pressenza.com\/fr\/2021\/07\/protestas-no-hay-orgullo-en-el-genocidio-reemplazan-celebraciones-del-dia-de-canada\/"},"wordCount":237,"publisher":{"@id":"https:\/\/www.pressenza.com\/fr\/#organization"},"image":{"@id":"https:\/\/www.pressenza.com\/fr\/2021\/07\/protestas-no-hay-orgullo-en-el-genocidio-reemplazan-celebraciones-del-dia-de-canada\/#primaryimage"},"thumbnailUrl":"https:\/\/www.pressenza.com\/wp-content\/uploads\/2021\/07\/h13-canada-day-protest-genocide-indigenous-graves-residential-schools.jpg","keywords":["Canada","peuples originaires"],"articleSection":["Am\u00e9rique du Nord","Peuples originaires"],"inLanguage":"fr-FR"},{"@type":"WebPage","@id":"https:\/\/www.pressenza.com\/fr\/2021\/07\/protestas-no-hay-orgullo-en-el-genocidio-reemplazan-celebraciones-del-dia-de-canada\/","url":"https:\/\/www.pressenza.com\/fr\/2021\/07\/protestas-no-hay-orgullo-en-el-genocidio-reemplazan-celebraciones-del-dia-de-canada\/","name":"Des manifestations \"Pas de fiert\u00e9 dans le g\u00e9nocide\" remplacent les c\u00e9l\u00e9brations de la f\u00eate du Canada","isPartOf":{"@id":"https:\/\/www.pressenza.com\/fr\/#website"},"primaryImageOfPage":{"@id":"https:\/\/www.pressenza.com\/fr\/2021\/07\/protestas-no-hay-orgullo-en-el-genocidio-reemplazan-celebraciones-del-dia-de-canada\/#primaryimage"},"image":{"@id":"https:\/\/www.pressenza.com\/fr\/2021\/07\/protestas-no-hay-orgullo-en-el-genocidio-reemplazan-celebraciones-del-dia-de-canada\/#primaryimage"},"thumbnailUrl":"https:\/\/www.pressenza.com\/wp-content\/uploads\/2021\/07\/h13-canada-day-protest-genocide-indigenous-graves-residential-schools.jpg","datePublished":"2021-07-14T16:57:39+00:00","dateModified":"2021-07-14T17:02:18+00:00","description":"Au Canada, des manifestations et des veill\u00e9es ont remplac\u00e9 bon nombre des festivit\u00e9s habituelles de la f\u00eate du Canada \u00e0 la suite de la d\u00e9couverte r\u00e9cente","breadcrumb":{"@id":"https:\/\/www.pressenza.com\/fr\/2021\/07\/protestas-no-hay-orgullo-en-el-genocidio-reemplazan-celebraciones-del-dia-de-canada\/#breadcrumb"},"inLanguage":"fr-FR","potentialAction":[{"@type":"ReadAction","target":["https:\/\/www.pressenza.com\/fr\/2021\/07\/protestas-no-hay-orgullo-en-el-genocidio-reemplazan-celebraciones-del-dia-de-canada\/"]}]},{"@type":"ImageObject","inLanguage":"fr-FR","@id":"https:\/\/www.pressenza.com\/fr\/2021\/07\/protestas-no-hay-orgullo-en-el-genocidio-reemplazan-celebraciones-del-dia-de-canada\/#primaryimage","url":"https:\/\/www.pressenza.com\/wp-content\/uploads\/2021\/07\/h13-canada-day-protest-genocide-indigenous-graves-residential-schools.jpg","contentUrl":"https:\/\/www.pressenza.com\/wp-content\/uploads\/2021\/07\/h13-canada-day-protest-genocide-indigenous-graves-residential-schools.jpg","width":960,"height":540,"caption":"(Democracy Now!)"},{"@type":"BreadcrumbList","@id":"https:\/\/www.pressenza.com\/fr\/2021\/07\/protestas-no-hay-orgullo-en-el-genocidio-reemplazan-celebraciones-del-dia-de-canada\/#breadcrumb","itemListElement":[{"@type":"ListItem","position":1,"name":"Accueil","item":"https:\/\/www.pressenza.com\/fr\/"},{"@type":"ListItem","position":2,"name":"Des manifestations \u00ab\u00a0Pas de fiert\u00e9 dans le g\u00e9nocide\u00a0\u00bb remplacent les c\u00e9l\u00e9brations de la f\u00eate du Canada"}]},{"@type":"WebSite","@id":"https:\/\/www.pressenza.com\/fr\/#website","url":"https:\/\/www.pressenza.com\/fr\/","name":"Pressenza","description":"International Press Agency","publisher":{"@id":"https:\/\/www.pressenza.com\/fr\/#organization"},"potentialAction":[{"@type":"SearchAction","target":{"@type":"EntryPoint","urlTemplate":"https:\/\/www.pressenza.com\/fr\/?s={search_term_string}"},"query-input":{"@type":"PropertyValueSpecification","valueRequired":true,"valueName":"search_term_string"}}],"inLanguage":"fr-FR"},{"@type":"Organization","@id":"https:\/\/www.pressenza.com\/fr\/#organization","name":"Pressenza","url":"https:\/\/www.pressenza.com\/fr\/","logo":{"@type":"ImageObject","inLanguage":"fr-FR","@id":"https:\/\/www.pressenza.com\/fr\/#\/schema\/logo\/image\/","url":"https:\/\/www.pressenza.com\/wp-content\/uploads\/2022\/10\/pressenza_logo_200x200.jpg","contentUrl":"https:\/\/www.pressenza.com\/wp-content\/uploads\/2022\/10\/pressenza_logo_200x200.jpg","width":200,"height":200,"caption":"Pressenza"},"image":{"@id":"https:\/\/www.pressenza.com\/fr\/#\/schema\/logo\/image\/"},"sameAs":["https:\/\/www.facebook.com\/PressenzaItalia","https:\/\/x.com\/PressenzaIPA"]},{"@type":"Person","@id":"https:\/\/www.pressenza.com\/fr\/#\/schema\/person\/6dbfa31ebecf081166f6ed11c10f262c","name":"Democracy Now!","description":"Democracy Now! is a national, daily, independent, award-winning news program hosted by journalists Amy Goodman and Juan Gonzalez. www.democracynow.org","sameAs":["http:\/\/www.democracynow.org","https:\/\/www.facebook.com\/democracynow\/?fref=ts","https:\/\/x.com\/democracynow"],"url":"https:\/\/www.pressenza.com\/fr\/author\/democracy-now\/"}]}},"place":"","original_article_url":"","_links":{"self":[{"href":"https:\/\/www.pressenza.com\/fr\/wp-json\/wp\/v2\/posts\/1398744","targetHints":{"allow":["GET"]}}],"collection":[{"href":"https:\/\/www.pressenza.com\/fr\/wp-json\/wp\/v2\/posts"}],"about":[{"href":"https:\/\/www.pressenza.com\/fr\/wp-json\/wp\/v2\/types\/post"}],"author":[{"embeddable":true,"href":"https:\/\/www.pressenza.com\/fr\/wp-json\/wp\/v2\/users\/77"}],"replies":[{"embeddable":true,"href":"https:\/\/www.pressenza.com\/fr\/wp-json\/wp\/v2\/comments?post=1398744"}],"version-history":[{"count":0,"href":"https:\/\/www.pressenza.com\/fr\/wp-json\/wp\/v2\/posts\/1398744\/revisions"}],"wp:featuredmedia":[{"embeddable":true,"href":"https:\/\/www.pressenza.com\/fr\/wp-json\/wp\/v2\/media\/1393638"}],"wp:attachment":[{"href":"https:\/\/www.pressenza.com\/fr\/wp-json\/wp\/v2\/media?parent=1398744"}],"wp:term":[{"taxonomy":"category","embeddable":true,"href":"https:\/\/www.pressenza.com\/fr\/wp-json\/wp\/v2\/categories?post=1398744"},{"taxonomy":"post_tag","embeddable":true,"href":"https:\/\/www.pressenza.com\/fr\/wp-json\/wp\/v2\/tags?post=1398744"}],"curies":[{"name":"wp","href":"https:\/\/api.w.org\/{rel}","templated":true}]}}