{"id":1391420,"date":"2021-07-03T12:43:58","date_gmt":"2021-07-03T11:43:58","guid":{"rendered":"https:\/\/www.pressenza.com\/?p=1391420"},"modified":"2021-07-03T12:43:58","modified_gmt":"2021-07-03T11:43:58","slug":"pourquoi-avez-vous-si-peur-dassange-manifestations-a-loccasion-de-son-50e-anniversaire","status":"publish","type":"post","link":"https:\/\/www.pressenza.com\/fr\/2021\/07\/pourquoi-avez-vous-si-peur-dassange-manifestations-a-loccasion-de-son-50e-anniversaire\/","title":{"rendered":"\u00ab\u00a0Pourquoi avez-vous si peur d&rsquo;Assange ?\u00a0\u00bb Manifestations \u00e0 l&rsquo;occasion de son 50e anniversaire"},"content":{"rendered":"<p>\u00c0 l&rsquo;occasion du 50e anniversaire de Julian Assange le 3 juillet, la campagne \u00ab\u00a0Pourquoi avez-vous si peur d&rsquo;Assange ?\u00a0\u00bb, une initiative conjointe de DiEM25 et DiEM Voice, vise \u00e0 sensibiliser l&rsquo;opinion publique au traitement inhumain et injuste de Julian Assange.<\/p>\n<p>Le samedi 3 juillet, jour o\u00f9 Julian Assange f\u00eate son 50e anniversaire, la campagne <a href=\"https:\/\/voice.diem25.org\/protest-action-why-are-you-so-afraid-of-julian-assange\/\">appelle<\/a> \u00e0 des manifestations dans les rues de villes europ\u00e9ennes telles que Berlin, Bruxelles et Londres, et en Gr\u00e8ce \u00e0 Ath\u00e8nes, Thessalonique, Corfou, Heraklion, Rhodes et Zakynthos, pour demander sa lib\u00e9ration.<\/p>\n<p>Le lundi 5 juillet \u00e0 21 heures, heure grecque, il y aura une <a href=\"https:\/\/internal.diem25.org\/en\/events\/1382\">\u00e9mission<\/a> sp\u00e9ciale exclusive de DiEM Voice TV, avec la participation des artistes Angela Richter et Davide Dormino, qui discuteront de la mani\u00e8re dont le fait de r\u00e9duire au silence les d\u00e9nonciateurs d&rsquo;int\u00e9r\u00eat public &#8211; notamment par la culture de la nullit\u00e9 &#8211; fait obstacle \u00e0 un changement progressif et de la mani\u00e8re dont l&rsquo;art peut contribuer \u00e0 la d\u00e9fense de la libert\u00e9 d&rsquo;expression.<\/p>\n<p>Julian Assange est d\u00e9tenu dans des prisons britanniques de haute s\u00e9curit\u00e9 depuis avril 2019 pour des accusations d&rsquo;espionnage am\u00e9ricain concernant des documents classifi\u00e9s publi\u00e9s par Wikileaks sur les crimes de guerre en Afghanistan et en Irak. Un tribunal britannique a refus\u00e9 d&rsquo;extrader Assange pour qu&rsquo;il soit jug\u00e9 aux \u00c9tats-Unis pour des raisons de sant\u00e9, mais il est toujours d\u00e9tenu alors que l&rsquo;administration Biden fait appel de cette d\u00e9cision.<\/p>\n<hr \/>\n<p><strong>Lire aussi :<br \/>\n<\/strong><\/p>\n<p><a href=\"https:\/\/www.pressenza.com\/fr\/2021\/06\/le-pere-et-le-frere-de-julian-assange-a-new-york-pour-reclamer-la-liberte-du-journaliste\/\">Le p\u00e8re et le fr\u00e8re de Julian Assange \u00e0 New York pour r\u00e9clamer la libert\u00e9 du journaliste<\/a><\/p>\n<p><a href=\"https:\/\/www.pressenza.com\/fr\/2021\/04\/crucifixion-collaterale-faire-pression-pour-la-liberation-de-julian-assange\/\">Crucifixion collat\u00e9rale \u2013 Faire pression pour la lib\u00e9ration de Julian Assange<\/a><\/p>\n<p><a href=\"https:\/\/www.pressenza.com\/fr\/2021\/01\/julian-assange-reste-en-detention-dans-le-guantanamo-britannique\/\">Julian Assange reste en d\u00e9tention dans le \u00ab Guant\u00e1namo britannique \u00bb<\/a><\/p>\n","protected":false},"excerpt":{"rendered":"<p>\u00c0 l&rsquo;occasion du 50e anniversaire de Julian Assange le 3 juillet, la campagne \u00ab\u00a0Pourquoi avez-vous si peur d&rsquo;Assange ?\u00a0\u00bb, une initiative conjointe de DiEM25 et DiEM Voice, vise \u00e0 sensibiliser l&rsquo;opinion publique au traitement inhumain et injuste de Julian Assange.&hellip;<\/p>\n","protected":false},"author":1220,"featured_media":1390940,"comment_status":"closed","ping_status":"closed","sticky":false,"template":"","format":"standard","meta":{"footnotes":""},"categories":[11386,98,85],"tags":[71382,3524,62746,3525],"class_list":["post-1391420","post","type-post","status-publish","format-standard","has-post-thumbnail","hentry","category-contenu-original","category-droits-de-lhomme","category-europe-fr","tag-diem25-fr","tag-julian-assange-fr","tag-protestations","tag-wikileaks-fr"],"yoast_head":"<!-- This site is optimized with the Yoast SEO plugin v27.1.1 - https:\/\/yoast.com\/product\/yoast-seo-wordpress\/ -->\n<title>&quot;Pourquoi avez-vous si peur d&#039;Assange ?&quot; Manifestations \u00e0 l&#039;occasion de son 50e anniversaire<\/title>\n<meta name=\"description\" content=\"\u00c0 l&#039;occasion du 50e anniversaire de Julian Assange le 3 juillet, la campagne &quot;Pourquoi avez-vous si peur d&#039;Assange ?&quot;, une initiative conjointe de DiEM25\" \/>\n<meta name=\"robots\" content=\"index, follow, max-snippet:-1, max-image-preview:large, max-video-preview:-1\" \/>\n<link rel=\"canonical\" href=\"https:\/\/www.pressenza.com\/fr\/2021\/07\/pourquoi-avez-vous-si-peur-dassange-manifestations-a-loccasion-de-son-50e-anniversaire\/\" \/>\n<meta property=\"og:locale\" content=\"fr_FR\" \/>\n<meta property=\"og:type\" content=\"article\" \/>\n<meta property=\"og:title\" content=\"&quot;Pourquoi avez-vous si peur d&#039;Assange ?&quot; Manifestations \u00e0 l&#039;occasion de son 50e anniversaire\" \/>\n<meta property=\"og:description\" content=\"\u00c0 l&#039;occasion du 50e anniversaire de Julian Assange le 3 juillet, la campagne &quot;Pourquoi avez-vous si peur d&#039;Assange ?&quot;, une initiative conjointe de DiEM25\" \/>\n<meta property=\"og:url\" content=\"https:\/\/www.pressenza.com\/fr\/2021\/07\/pourquoi-avez-vous-si-peur-dassange-manifestations-a-loccasion-de-son-50e-anniversaire\/\" \/>\n<meta property=\"og:site_name\" content=\"Pressenza\" \/>\n<meta property=\"article:publisher\" content=\"https:\/\/www.facebook.com\/PressenzaItalia\" \/>\n<meta property=\"article:author\" content=\"https:\/\/www.facebook.com\/pressenzagr\/\" \/>\n<meta property=\"article:published_time\" content=\"2021-07-03T11:43:58+00:00\" \/>\n<meta property=\"og:image\" content=\"https:\/\/www.pressenza.com\/wp-content\/uploads\/2021\/07\/Julian-Assange-DiEM25.png\" \/>\n\t<meta property=\"og:image:width\" content=\"577\" \/>\n\t<meta property=\"og:image:height\" content=\"601\" \/>\n\t<meta property=\"og:image:type\" content=\"image\/png\" \/>\n<meta name=\"author\" content=\"Pressenza Athens\" \/>\n<meta name=\"twitter:card\" content=\"summary_large_image\" \/>\n<meta name=\"twitter:creator\" content=\"@Pressenza_ath\" \/>\n<meta name=\"twitter:site\" content=\"@PressenzaIPA\" \/>\n<meta name=\"twitter:label1\" content=\"\u00c9crit par\" \/>\n\t<meta name=\"twitter:data1\" content=\"Pressenza Athens\" \/>\n\t<meta name=\"twitter:label2\" content=\"Dur\u00e9e de lecture estim\u00e9e\" \/>\n\t<meta name=\"twitter:data2\" content=\"1 minute\" \/>\n<script type=\"application\/ld+json\" class=\"yoast-schema-graph\">{\"@context\":\"https:\/\/schema.org\",\"@graph\":[{\"@type\":\"Article\",\"@id\":\"https:\/\/www.pressenza.com\/fr\/2021\/07\/pourquoi-avez-vous-si-peur-dassange-manifestations-a-loccasion-de-son-50e-anniversaire\/#article\",\"isPartOf\":{\"@id\":\"https:\/\/www.pressenza.com\/fr\/2021\/07\/pourquoi-avez-vous-si-peur-dassange-manifestations-a-loccasion-de-son-50e-anniversaire\/\"},\"author\":{\"name\":\"Pressenza Athens\",\"@id\":\"https:\/\/www.pressenza.com\/fr\/#\/schema\/person\/9eae8d7f0aad5ec6a7f6f21ec94480fb\"},\"headline\":\"\u00ab\u00a0Pourquoi avez-vous si peur d&rsquo;Assange ?\u00a0\u00bb Manifestations \u00e0 l&rsquo;occasion de son 50e anniversaire\",\"datePublished\":\"2021-07-03T11:43:58+00:00\",\"mainEntityOfPage\":{\"@id\":\"https:\/\/www.pressenza.com\/fr\/2021\/07\/pourquoi-avez-vous-si-peur-dassange-manifestations-a-loccasion-de-son-50e-anniversaire\/\"},\"wordCount\":303,\"publisher\":{\"@id\":\"https:\/\/www.pressenza.com\/fr\/#organization\"},\"image\":{\"@id\":\"https:\/\/www.pressenza.com\/fr\/2021\/07\/pourquoi-avez-vous-si-peur-dassange-manifestations-a-loccasion-de-son-50e-anniversaire\/#primaryimage\"},\"thumbnailUrl\":\"https:\/\/www.pressenza.com\/wp-content\/uploads\/2021\/07\/Julian-Assange-DiEM25.png\",\"keywords\":[\"DiEM25\",\"Julian Assange\",\"protestations\",\"Wikileaks\"],\"articleSection\":[\"Contenu Original\",\"Droits humains\",\"Europe\"],\"inLanguage\":\"fr-FR\"},{\"@type\":\"WebPage\",\"@id\":\"https:\/\/www.pressenza.com\/fr\/2021\/07\/pourquoi-avez-vous-si-peur-dassange-manifestations-a-loccasion-de-son-50e-anniversaire\/\",\"url\":\"https:\/\/www.pressenza.com\/fr\/2021\/07\/pourquoi-avez-vous-si-peur-dassange-manifestations-a-loccasion-de-son-50e-anniversaire\/\",\"name\":\"\\\"Pourquoi avez-vous si peur d'Assange ?\\\" Manifestations \u00e0 l'occasion de son 50e anniversaire\",\"isPartOf\":{\"@id\":\"https:\/\/www.pressenza.com\/fr\/#website\"},\"primaryImageOfPage\":{\"@id\":\"https:\/\/www.pressenza.com\/fr\/2021\/07\/pourquoi-avez-vous-si-peur-dassange-manifestations-a-loccasion-de-son-50e-anniversaire\/#primaryimage\"},\"image\":{\"@id\":\"https:\/\/www.pressenza.com\/fr\/2021\/07\/pourquoi-avez-vous-si-peur-dassange-manifestations-a-loccasion-de-son-50e-anniversaire\/#primaryimage\"},\"thumbnailUrl\":\"https:\/\/www.pressenza.com\/wp-content\/uploads\/2021\/07\/Julian-Assange-DiEM25.png\",\"datePublished\":\"2021-07-03T11:43:58+00:00\",\"description\":\"\u00c0 l'occasion du 50e anniversaire de Julian Assange le 3 juillet, la campagne \\\"Pourquoi avez-vous si peur d'Assange ?\\\", une initiative conjointe de DiEM25\",\"breadcrumb\":{\"@id\":\"https:\/\/www.pressenza.com\/fr\/2021\/07\/pourquoi-avez-vous-si-peur-dassange-manifestations-a-loccasion-de-son-50e-anniversaire\/#breadcrumb\"},\"inLanguage\":\"fr-FR\",\"potentialAction\":[{\"@type\":\"ReadAction\",\"target\":[\"https:\/\/www.pressenza.com\/fr\/2021\/07\/pourquoi-avez-vous-si-peur-dassange-manifestations-a-loccasion-de-son-50e-anniversaire\/\"]}]},{\"@type\":\"ImageObject\",\"inLanguage\":\"fr-FR\",\"@id\":\"https:\/\/www.pressenza.com\/fr\/2021\/07\/pourquoi-avez-vous-si-peur-dassange-manifestations-a-loccasion-de-son-50e-anniversaire\/#primaryimage\",\"url\":\"https:\/\/www.pressenza.com\/wp-content\/uploads\/2021\/07\/Julian-Assange-DiEM25.png\",\"contentUrl\":\"https:\/\/www.pressenza.com\/wp-content\/uploads\/2021\/07\/Julian-Assange-DiEM25.png\",\"width\":577,\"height\":601,\"caption\":\"\u00ab Pourquoi avez-vous si peur d\u2019Assange ? \u00bb Manifestations \u00e0 l\u2019occasion de son 50e anniversaire\"},{\"@type\":\"BreadcrumbList\",\"@id\":\"https:\/\/www.pressenza.com\/fr\/2021\/07\/pourquoi-avez-vous-si-peur-dassange-manifestations-a-loccasion-de-son-50e-anniversaire\/#breadcrumb\",\"itemListElement\":[{\"@type\":\"ListItem\",\"position\":1,\"name\":\"Accueil\",\"item\":\"https:\/\/www.pressenza.com\/fr\/\"},{\"@type\":\"ListItem\",\"position\":2,\"name\":\"\u00ab\u00a0Pourquoi avez-vous si peur d&rsquo;Assange ?\u00a0\u00bb Manifestations \u00e0 l&rsquo;occasion de son 50e anniversaire\"}]},{\"@type\":\"WebSite\",\"@id\":\"https:\/\/www.pressenza.com\/fr\/#website\",\"url\":\"https:\/\/www.pressenza.com\/fr\/\",\"name\":\"Pressenza\",\"description\":\"International Press Agency\",\"publisher\":{\"@id\":\"https:\/\/www.pressenza.com\/fr\/#organization\"},\"potentialAction\":[{\"@type\":\"SearchAction\",\"target\":{\"@type\":\"EntryPoint\",\"urlTemplate\":\"https:\/\/www.pressenza.com\/fr\/?s={search_term_string}\"},\"query-input\":{\"@type\":\"PropertyValueSpecification\",\"valueRequired\":true,\"valueName\":\"search_term_string\"}}],\"inLanguage\":\"fr-FR\"},{\"@type\":\"Organization\",\"@id\":\"https:\/\/www.pressenza.com\/fr\/#organization\",\"name\":\"Pressenza\",\"url\":\"https:\/\/www.pressenza.com\/fr\/\",\"logo\":{\"@type\":\"ImageObject\",\"inLanguage\":\"fr-FR\",\"@id\":\"https:\/\/www.pressenza.com\/fr\/#\/schema\/logo\/image\/\",\"url\":\"https:\/\/www.pressenza.com\/wp-content\/uploads\/2022\/10\/pressenza_logo_200x200.jpg\",\"contentUrl\":\"https:\/\/www.pressenza.com\/wp-content\/uploads\/2022\/10\/pressenza_logo_200x200.jpg\",\"width\":200,\"height\":200,\"caption\":\"Pressenza\"},\"image\":{\"@id\":\"https:\/\/www.pressenza.com\/fr\/#\/schema\/logo\/image\/\"},\"sameAs\":[\"https:\/\/www.facebook.com\/PressenzaItalia\",\"https:\/\/x.com\/PressenzaIPA\"]},{\"@type\":\"Person\",\"@id\":\"https:\/\/www.pressenza.com\/fr\/#\/schema\/person\/9eae8d7f0aad5ec6a7f6f21ec94480fb\",\"name\":\"Pressenza Athens\",\"description\":\"News from the Pressenza Bureau in Athens, Greece\",\"sameAs\":[\"https:\/\/www.facebook.com\/pressenzagr\/\",\"https:\/\/x.com\/Pressenza_ath\"],\"url\":\"https:\/\/www.pressenza.com\/fr\/author\/pressenza-athens\/\"}]}<\/script>\n<!-- \/ Yoast SEO plugin. -->","yoast_head_json":{"title":"\"Pourquoi avez-vous si peur d'Assange ?\" Manifestations \u00e0 l'occasion de son 50e anniversaire","description":"\u00c0 l'occasion du 50e anniversaire de Julian Assange le 3 juillet, la campagne \"Pourquoi avez-vous si peur d'Assange ?\", une initiative conjointe de DiEM25","robots":{"index":"index","follow":"follow","max-snippet":"max-snippet:-1","max-image-preview":"max-image-preview:large","max-video-preview":"max-video-preview:-1"},"canonical":"https:\/\/www.pressenza.com\/fr\/2021\/07\/pourquoi-avez-vous-si-peur-dassange-manifestations-a-loccasion-de-son-50e-anniversaire\/","og_locale":"fr_FR","og_type":"article","og_title":"\"Pourquoi avez-vous si peur d'Assange ?\" Manifestations \u00e0 l'occasion de son 50e anniversaire","og_description":"\u00c0 l'occasion du 50e anniversaire de Julian Assange le 3 juillet, la campagne \"Pourquoi avez-vous si peur d'Assange ?\", une initiative conjointe de DiEM25","og_url":"https:\/\/www.pressenza.com\/fr\/2021\/07\/pourquoi-avez-vous-si-peur-dassange-manifestations-a-loccasion-de-son-50e-anniversaire\/","og_site_name":"Pressenza","article_publisher":"https:\/\/www.facebook.com\/PressenzaItalia","article_author":"https:\/\/www.facebook.com\/pressenzagr\/","article_published_time":"2021-07-03T11:43:58+00:00","og_image":[{"width":577,"height":601,"url":"https:\/\/www.pressenza.com\/wp-content\/uploads\/2021\/07\/Julian-Assange-DiEM25.png","type":"image\/png"}],"author":"Pressenza Athens","twitter_card":"summary_large_image","twitter_creator":"@Pressenza_ath","twitter_site":"@PressenzaIPA","twitter_misc":{"\u00c9crit par":"Pressenza Athens","Dur\u00e9e de lecture estim\u00e9e":"1 minute"},"schema":{"@context":"https:\/\/schema.org","@graph":[{"@type":"Article","@id":"https:\/\/www.pressenza.com\/fr\/2021\/07\/pourquoi-avez-vous-si-peur-dassange-manifestations-a-loccasion-de-son-50e-anniversaire\/#article","isPartOf":{"@id":"https:\/\/www.pressenza.com\/fr\/2021\/07\/pourquoi-avez-vous-si-peur-dassange-manifestations-a-loccasion-de-son-50e-anniversaire\/"},"author":{"name":"Pressenza Athens","@id":"https:\/\/www.pressenza.com\/fr\/#\/schema\/person\/9eae8d7f0aad5ec6a7f6f21ec94480fb"},"headline":"\u00ab\u00a0Pourquoi avez-vous si peur d&rsquo;Assange ?\u00a0\u00bb Manifestations \u00e0 l&rsquo;occasion de son 50e anniversaire","datePublished":"2021-07-03T11:43:58+00:00","mainEntityOfPage":{"@id":"https:\/\/www.pressenza.com\/fr\/2021\/07\/pourquoi-avez-vous-si-peur-dassange-manifestations-a-loccasion-de-son-50e-anniversaire\/"},"wordCount":303,"publisher":{"@id":"https:\/\/www.pressenza.com\/fr\/#organization"},"image":{"@id":"https:\/\/www.pressenza.com\/fr\/2021\/07\/pourquoi-avez-vous-si-peur-dassange-manifestations-a-loccasion-de-son-50e-anniversaire\/#primaryimage"},"thumbnailUrl":"https:\/\/www.pressenza.com\/wp-content\/uploads\/2021\/07\/Julian-Assange-DiEM25.png","keywords":["DiEM25","Julian Assange","protestations","Wikileaks"],"articleSection":["Contenu Original","Droits humains","Europe"],"inLanguage":"fr-FR"},{"@type":"WebPage","@id":"https:\/\/www.pressenza.com\/fr\/2021\/07\/pourquoi-avez-vous-si-peur-dassange-manifestations-a-loccasion-de-son-50e-anniversaire\/","url":"https:\/\/www.pressenza.com\/fr\/2021\/07\/pourquoi-avez-vous-si-peur-dassange-manifestations-a-loccasion-de-son-50e-anniversaire\/","name":"\"Pourquoi avez-vous si peur d'Assange ?\" Manifestations \u00e0 l'occasion de son 50e anniversaire","isPartOf":{"@id":"https:\/\/www.pressenza.com\/fr\/#website"},"primaryImageOfPage":{"@id":"https:\/\/www.pressenza.com\/fr\/2021\/07\/pourquoi-avez-vous-si-peur-dassange-manifestations-a-loccasion-de-son-50e-anniversaire\/#primaryimage"},"image":{"@id":"https:\/\/www.pressenza.com\/fr\/2021\/07\/pourquoi-avez-vous-si-peur-dassange-manifestations-a-loccasion-de-son-50e-anniversaire\/#primaryimage"},"thumbnailUrl":"https:\/\/www.pressenza.com\/wp-content\/uploads\/2021\/07\/Julian-Assange-DiEM25.png","datePublished":"2021-07-03T11:43:58+00:00","description":"\u00c0 l'occasion du 50e anniversaire de Julian Assange le 3 juillet, la campagne \"Pourquoi avez-vous si peur d'Assange ?\", une initiative conjointe de DiEM25","breadcrumb":{"@id":"https:\/\/www.pressenza.com\/fr\/2021\/07\/pourquoi-avez-vous-si-peur-dassange-manifestations-a-loccasion-de-son-50e-anniversaire\/#breadcrumb"},"inLanguage":"fr-FR","potentialAction":[{"@type":"ReadAction","target":["https:\/\/www.pressenza.com\/fr\/2021\/07\/pourquoi-avez-vous-si-peur-dassange-manifestations-a-loccasion-de-son-50e-anniversaire\/"]}]},{"@type":"ImageObject","inLanguage":"fr-FR","@id":"https:\/\/www.pressenza.com\/fr\/2021\/07\/pourquoi-avez-vous-si-peur-dassange-manifestations-a-loccasion-de-son-50e-anniversaire\/#primaryimage","url":"https:\/\/www.pressenza.com\/wp-content\/uploads\/2021\/07\/Julian-Assange-DiEM25.png","contentUrl":"https:\/\/www.pressenza.com\/wp-content\/uploads\/2021\/07\/Julian-Assange-DiEM25.png","width":577,"height":601,"caption":"\u00ab Pourquoi avez-vous si peur d\u2019Assange ? \u00bb Manifestations \u00e0 l\u2019occasion de son 50e anniversaire"},{"@type":"BreadcrumbList","@id":"https:\/\/www.pressenza.com\/fr\/2021\/07\/pourquoi-avez-vous-si-peur-dassange-manifestations-a-loccasion-de-son-50e-anniversaire\/#breadcrumb","itemListElement":[{"@type":"ListItem","position":1,"name":"Accueil","item":"https:\/\/www.pressenza.com\/fr\/"},{"@type":"ListItem","position":2,"name":"\u00ab\u00a0Pourquoi avez-vous si peur d&rsquo;Assange ?\u00a0\u00bb Manifestations \u00e0 l&rsquo;occasion de son 50e anniversaire"}]},{"@type":"WebSite","@id":"https:\/\/www.pressenza.com\/fr\/#website","url":"https:\/\/www.pressenza.com\/fr\/","name":"Pressenza","description":"International Press Agency","publisher":{"@id":"https:\/\/www.pressenza.com\/fr\/#organization"},"potentialAction":[{"@type":"SearchAction","target":{"@type":"EntryPoint","urlTemplate":"https:\/\/www.pressenza.com\/fr\/?s={search_term_string}"},"query-input":{"@type":"PropertyValueSpecification","valueRequired":true,"valueName":"search_term_string"}}],"inLanguage":"fr-FR"},{"@type":"Organization","@id":"https:\/\/www.pressenza.com\/fr\/#organization","name":"Pressenza","url":"https:\/\/www.pressenza.com\/fr\/","logo":{"@type":"ImageObject","inLanguage":"fr-FR","@id":"https:\/\/www.pressenza.com\/fr\/#\/schema\/logo\/image\/","url":"https:\/\/www.pressenza.com\/wp-content\/uploads\/2022\/10\/pressenza_logo_200x200.jpg","contentUrl":"https:\/\/www.pressenza.com\/wp-content\/uploads\/2022\/10\/pressenza_logo_200x200.jpg","width":200,"height":200,"caption":"Pressenza"},"image":{"@id":"https:\/\/www.pressenza.com\/fr\/#\/schema\/logo\/image\/"},"sameAs":["https:\/\/www.facebook.com\/PressenzaItalia","https:\/\/x.com\/PressenzaIPA"]},{"@type":"Person","@id":"https:\/\/www.pressenza.com\/fr\/#\/schema\/person\/9eae8d7f0aad5ec6a7f6f21ec94480fb","name":"Pressenza Athens","description":"News from the Pressenza Bureau in Athens, Greece","sameAs":["https:\/\/www.facebook.com\/pressenzagr\/","https:\/\/x.com\/Pressenza_ath"],"url":"https:\/\/www.pressenza.com\/fr\/author\/pressenza-athens\/"}]}},"place":"","original_article_url":"","_links":{"self":[{"href":"https:\/\/www.pressenza.com\/fr\/wp-json\/wp\/v2\/posts\/1391420","targetHints":{"allow":["GET"]}}],"collection":[{"href":"https:\/\/www.pressenza.com\/fr\/wp-json\/wp\/v2\/posts"}],"about":[{"href":"https:\/\/www.pressenza.com\/fr\/wp-json\/wp\/v2\/types\/post"}],"author":[{"embeddable":true,"href":"https:\/\/www.pressenza.com\/fr\/wp-json\/wp\/v2\/users\/1220"}],"replies":[{"embeddable":true,"href":"https:\/\/www.pressenza.com\/fr\/wp-json\/wp\/v2\/comments?post=1391420"}],"version-history":[{"count":0,"href":"https:\/\/www.pressenza.com\/fr\/wp-json\/wp\/v2\/posts\/1391420\/revisions"}],"wp:featuredmedia":[{"embeddable":true,"href":"https:\/\/www.pressenza.com\/fr\/wp-json\/wp\/v2\/media\/1390940"}],"wp:attachment":[{"href":"https:\/\/www.pressenza.com\/fr\/wp-json\/wp\/v2\/media?parent=1391420"}],"wp:term":[{"taxonomy":"category","embeddable":true,"href":"https:\/\/www.pressenza.com\/fr\/wp-json\/wp\/v2\/categories?post=1391420"},{"taxonomy":"post_tag","embeddable":true,"href":"https:\/\/www.pressenza.com\/fr\/wp-json\/wp\/v2\/tags?post=1391420"}],"curies":[{"name":"wp","href":"https:\/\/api.w.org\/{rel}","templated":true}]}}