{"id":1386235,"date":"2021-06-26T00:15:54","date_gmt":"2021-06-25T23:15:54","guid":{"rendered":"https:\/\/www.pressenza.com\/?p=1386235"},"modified":"2021-06-26T00:17:23","modified_gmt":"2021-06-25T23:17:23","slug":"pierrelaye-un-homme-est-mort-arretez-les-expulsions","status":"publish","type":"post","link":"https:\/\/www.pressenza.com\/fr\/2021\/06\/pierrelaye-un-homme-est-mort-arretez-les-expulsions\/","title":{"rendered":"Pierrelaye : un homme est mort, arr\u00eatez les expulsions !"},"content":{"rendered":"<p>Communiqu\u00e9 de presse de Droit Au Logement<\/p>\n<p>Un rassemblement devant la pr\u00e9fecture de police de Paris a eu lieu jeudi 24 juin<\/p>\n<p>La mort d\u2019un locataire \u00e0 Pierrelaye dans le Val d\u2019Oise (95), tu\u00e9 d\u2019un coup de \u201ctaser\u201d au cours de son expulsion ce matin vient nous rappeler que l\u2019expulsion locative est un acte violent, pouvant donner lieu \u00e0 des actes de d\u00e9sespoir.<\/p>\n<p>Aujourd\u2019hui un homme en est mort, ce n\u2019est pas la premi\u00e8re fois\u00a0 :<br \/>\n\u2013 un p\u00e8re de famille \u00e0 Chamb\u00e9ry en juillet 2019, <a href=\"https:\/\/www.droitaulogement.org\/2019\/07\/chambery\/\">d\u00e9c\u00e8de d\u2019un arr\u00eat cardiaque aux mains de la police lors de son expulsion<\/a><br \/>\n\u2013 Un locataire \u00e0 la Rochelle en octobre 2014 se donne la mort ayant appris qu\u2019il devait \u00eatre expuls\u00e9,<br \/>\n\u2013 Un p\u00e8re de famille, locataire au Kremlin-Bic\u00eatre, s\u2019immole devant la sous pr\u00e9fecture de l\u2019Haye-les-Roses en juillet 2014,<br \/>\n\u2013 Sans compter tous les locataires\u00a0 expuls\u00e9s, abandonn\u00e9s sur le trottoir et morts de la rue apr\u00e8s des ann\u00e9es de d\u00e9ch\u00e9ance et de d\u00e9sesp\u00e9rance\u2026<\/p>\n<p><img loading=\"lazy\" decoding=\"async\" class=\"alignnone size-full wp-image-1386225\" src=\"https:\/\/www.pressenza.com\/wp-content\/uploads\/2021\/06\/DSC0395.jpg\" alt=\"\" width=\"1701\" height=\"1134\" srcset=\"https:\/\/www.pressenza.com\/wp-content\/uploads\/2021\/06\/DSC0395.jpg 1701w, https:\/\/www.pressenza.com\/wp-content\/uploads\/2021\/06\/DSC0395-300x200.jpg 300w, https:\/\/www.pressenza.com\/wp-content\/uploads\/2021\/06\/DSC0395-720x480.jpg 720w, https:\/\/www.pressenza.com\/wp-content\/uploads\/2021\/06\/DSC0395-768x512.jpg 768w, https:\/\/www.pressenza.com\/wp-content\/uploads\/2021\/06\/DSC0395-1536x1024.jpg 1536w\" sizes=\"auto, (max-width: 1701px) 100vw, 1701px\" \/><\/p>\n<p>Nous demandons une enqu\u00eate objective sur les circonstances de la mort de ce locataire et sommes pr\u00eats \u00e0 appuyer ses proches.<\/p>\n<p><strong>2021, une ann\u00e9e terrible s\u2019annonce en mati\u00e8re d\u2019expulsions<br \/>\n<\/strong>En 2019, 763 expulsions forc\u00e9es (avec CFP, concours de la force publique) ont \u00e9t\u00e9 men\u00e9es par la police dans ce d\u00e9partement, la plupart sans relogement ni h\u00e9bergement, ce qui a repr\u00e9sent\u00e9 4,6% des expulsions en France o\u00f9 16 700 expulsions forc\u00e9es ont \u00e9t\u00e9 men\u00e9es. Le Val d\u2019Oise est\u00a0 le 3e d\u00e9partement d\u2019Ile de France en nombre d\u2019expulsions et sans doute dans les 5 premiers en France.<\/p>\n<p>2021 et surtout cet \u00e9t\u00e9 s\u2019annonce terrible avec 30 000 expulsions annonc\u00e9es par le Gouvernement sur toute la France, ce qui repr\u00e9senterait 1 380 expulsions dans le Val d\u2019Oise (4,6% des expulsions\u2026) Il faut arr\u00eater le massacre !<\/p>\n<p><img loading=\"lazy\" decoding=\"async\" class=\"alignnone size-full wp-image-1386215\" src=\"https:\/\/www.pressenza.com\/wp-content\/uploads\/2021\/06\/DSC0391.jpg\" alt=\"\" width=\"1701\" height=\"1134\" srcset=\"https:\/\/www.pressenza.com\/wp-content\/uploads\/2021\/06\/DSC0391.jpg 1701w, https:\/\/www.pressenza.com\/wp-content\/uploads\/2021\/06\/DSC0391-300x200.jpg 300w, https:\/\/www.pressenza.com\/wp-content\/uploads\/2021\/06\/DSC0391-720x480.jpg 720w, https:\/\/www.pressenza.com\/wp-content\/uploads\/2021\/06\/DSC0391-768x512.jpg 768w, https:\/\/www.pressenza.com\/wp-content\/uploads\/2021\/06\/DSC0391-1536x1024.jpg 1536w\" sizes=\"auto, (max-width: 1701px) 100vw, 1701px\" \/><\/p>\n<p>L\u2019aggravation de la crise du logement, produite par la hausse des prix immobiliers, fonciers et locatifs, par la baisse de l&rsquo;Aide personnalis\u00e9e au logement APL, par la crise sanitaire a paup\u00e9ris\u00e9 de nombreux locataires.<br \/>\nLa circulaire d\u2019instruction Wargon\/Schiappa de fin avril demandant aux Pr\u00e9fets de mettre en place des solutions d\u2019h\u00e9bergement ou de relogement ne sont pour l\u2019instant que des paroles en l\u2019air.<\/p>\n<p><strong>Apr\u00e8s ce drame, il faut agir concr\u00e8tement :<\/strong><br \/>\n<strong>\u2013 Arr\u00eat des expulsions sans relogement<\/strong><br \/>\n<strong>\u2013 Effacement des dettes de loyers pour cause de pr\u00e9carit\u00e9<\/strong><br \/>\n<strong>\u2013 Rel\u00e8vement des APL et\u00a0 baisse des loyers<\/strong><br \/>\n<strong>\u2013 Mise en \u0153uvre du droit \u00e0 un logement d\u00e9cent, abordable, stable et accessible pour tou.te.s<\/strong><br \/>\n<strong>\u2013 Interdiction des tasers\u00a0<\/strong><\/p>\n<p><img loading=\"lazy\" decoding=\"async\" class=\"alignnone size-full wp-image-1386205\" src=\"https:\/\/www.pressenza.com\/wp-content\/uploads\/2021\/06\/DSC0383.jpg\" alt=\"\" width=\"1701\" height=\"1134\" srcset=\"https:\/\/www.pressenza.com\/wp-content\/uploads\/2021\/06\/DSC0383.jpg 1701w, https:\/\/www.pressenza.com\/wp-content\/uploads\/2021\/06\/DSC0383-300x200.jpg 300w, https:\/\/www.pressenza.com\/wp-content\/uploads\/2021\/06\/DSC0383-720x480.jpg 720w, https:\/\/www.pressenza.com\/wp-content\/uploads\/2021\/06\/DSC0383-768x512.jpg 768w, https:\/\/www.pressenza.com\/wp-content\/uploads\/2021\/06\/DSC0383-1536x1024.jpg 1536w\" sizes=\"auto, (max-width: 1701px) 100vw, 1701px\" \/><\/p>\n","protected":false},"excerpt":{"rendered":"<p>Communiqu\u00e9 de presse de Droit Au Logement Un rassemblement devant la pr\u00e9fecture de police de Paris a eu lieu jeudi 24 juin La mort d\u2019un locataire \u00e0 Pierrelaye dans le Val d\u2019Oise (95), tu\u00e9 d\u2019un coup de \u201ctaser\u201d au cours&hellip;<\/p>\n","protected":false},"author":1215,"featured_media":1386195,"comment_status":"closed","ping_status":"closed","sticky":false,"template":"","format":"standard","meta":{"footnotes":""},"categories":[151,98,85],"tags":[37152,1221,8400,2972,92322,987],"class_list":["post-1386235","post","type-post","status-publish","format-standard","has-post-thumbnail","hentry","category-communique-de-presse","category-droits-de-lhomme","category-europe-fr","tag-droit-au-logement","tag-expulsion","tag-immobilier","tag-logement","tag-taser-fr","tag-violence-policiere"],"yoast_head":"<!-- This site is optimized with the Yoast SEO plugin v27.1.1 - https:\/\/yoast.com\/product\/yoast-seo-wordpress\/ -->\n<title>Pierrelaye : un homme est mort, arr\u00eatez les expulsions !<\/title>\n<meta name=\"description\" content=\"Communiqu\u00e9 de presse de Droit Au Logement Un rassemblement devant la pr\u00e9fecture de police de Paris a eu lieu jeudi 24 juin La mort d\u2019un locataire \u00e0\" \/>\n<meta name=\"robots\" content=\"index, follow, max-snippet:-1, max-image-preview:large, max-video-preview:-1\" \/>\n<link rel=\"canonical\" href=\"https:\/\/www.pressenza.com\/fr\/2021\/06\/pierrelaye-un-homme-est-mort-arretez-les-expulsions\/\" \/>\n<meta property=\"og:locale\" content=\"fr_FR\" \/>\n<meta property=\"og:type\" content=\"article\" \/>\n<meta property=\"og:title\" content=\"Pierrelaye : un homme est mort, arr\u00eatez les expulsions !\" \/>\n<meta property=\"og:description\" content=\"Communiqu\u00e9 de presse de Droit Au Logement Un rassemblement devant la pr\u00e9fecture de police de Paris a eu lieu jeudi 24 juin La mort d\u2019un locataire \u00e0\" \/>\n<meta property=\"og:url\" content=\"https:\/\/www.pressenza.com\/fr\/2021\/06\/pierrelaye-un-homme-est-mort-arretez-les-expulsions\/\" \/>\n<meta property=\"og:site_name\" content=\"Pressenza\" \/>\n<meta property=\"article:publisher\" content=\"https:\/\/www.facebook.com\/PressenzaItalia\" \/>\n<meta property=\"article:published_time\" content=\"2021-06-25T23:15:54+00:00\" \/>\n<meta property=\"article:modified_time\" content=\"2021-06-25T23:17:23+00:00\" \/>\n<meta property=\"og:image\" content=\"https:\/\/www.pressenza.com\/wp-content\/uploads\/2021\/06\/DSC0359.jpg\" \/>\n\t<meta property=\"og:image:width\" content=\"1701\" \/>\n\t<meta property=\"og:image:height\" content=\"1134\" \/>\n\t<meta property=\"og:image:type\" content=\"image\/jpeg\" \/>\n<meta name=\"author\" content=\"Brigitte Cano\" \/>\n<meta name=\"twitter:card\" content=\"summary_large_image\" \/>\n<meta name=\"twitter:creator\" content=\"@PressenzaIPA\" \/>\n<meta name=\"twitter:site\" content=\"@PressenzaIPA\" \/>\n<meta name=\"twitter:label1\" content=\"\u00c9crit par\" \/>\n\t<meta name=\"twitter:data1\" content=\"Brigitte Cano\" \/>\n\t<meta name=\"twitter:label2\" content=\"Dur\u00e9e de lecture estim\u00e9e\" \/>\n\t<meta name=\"twitter:data2\" content=\"2 minutes\" \/>\n<script type=\"application\/ld+json\" class=\"yoast-schema-graph\">{\"@context\":\"https:\/\/schema.org\",\"@graph\":[{\"@type\":\"Article\",\"@id\":\"https:\/\/www.pressenza.com\/fr\/2021\/06\/pierrelaye-un-homme-est-mort-arretez-les-expulsions\/#article\",\"isPartOf\":{\"@id\":\"https:\/\/www.pressenza.com\/fr\/2021\/06\/pierrelaye-un-homme-est-mort-arretez-les-expulsions\/\"},\"author\":{\"name\":\"Brigitte Cano\",\"@id\":\"https:\/\/www.pressenza.com\/fr\/#\/schema\/person\/602645a77d2912fc1013c3f8ff496e97\"},\"headline\":\"Pierrelaye : un homme est mort, arr\u00eatez les expulsions !\",\"datePublished\":\"2021-06-25T23:15:54+00:00\",\"dateModified\":\"2021-06-25T23:17:23+00:00\",\"mainEntityOfPage\":{\"@id\":\"https:\/\/www.pressenza.com\/fr\/2021\/06\/pierrelaye-un-homme-est-mort-arretez-les-expulsions\/\"},\"wordCount\":451,\"publisher\":{\"@id\":\"https:\/\/www.pressenza.com\/fr\/#organization\"},\"image\":{\"@id\":\"https:\/\/www.pressenza.com\/fr\/2021\/06\/pierrelaye-un-homme-est-mort-arretez-les-expulsions\/#primaryimage\"},\"thumbnailUrl\":\"https:\/\/www.pressenza.com\/wp-content\/uploads\/2021\/06\/DSC0359.jpg\",\"keywords\":[\"droit au logement\",\"Expulsion\",\"immobilier\",\"logement\",\"taser\",\"violence polici\u00e8re\"],\"articleSection\":[\"Communiqu\u00e9s de Presse\",\"Droits humains\",\"Europe\"],\"inLanguage\":\"fr-FR\"},{\"@type\":\"WebPage\",\"@id\":\"https:\/\/www.pressenza.com\/fr\/2021\/06\/pierrelaye-un-homme-est-mort-arretez-les-expulsions\/\",\"url\":\"https:\/\/www.pressenza.com\/fr\/2021\/06\/pierrelaye-un-homme-est-mort-arretez-les-expulsions\/\",\"name\":\"Pierrelaye : un homme est mort, arr\u00eatez les expulsions !\",\"isPartOf\":{\"@id\":\"https:\/\/www.pressenza.com\/fr\/#website\"},\"primaryImageOfPage\":{\"@id\":\"https:\/\/www.pressenza.com\/fr\/2021\/06\/pierrelaye-un-homme-est-mort-arretez-les-expulsions\/#primaryimage\"},\"image\":{\"@id\":\"https:\/\/www.pressenza.com\/fr\/2021\/06\/pierrelaye-un-homme-est-mort-arretez-les-expulsions\/#primaryimage\"},\"thumbnailUrl\":\"https:\/\/www.pressenza.com\/wp-content\/uploads\/2021\/06\/DSC0359.jpg\",\"datePublished\":\"2021-06-25T23:15:54+00:00\",\"dateModified\":\"2021-06-25T23:17:23+00:00\",\"description\":\"Communiqu\u00e9 de presse de Droit Au Logement Un rassemblement devant la pr\u00e9fecture de police de Paris a eu lieu jeudi 24 juin La mort d\u2019un locataire \u00e0\",\"breadcrumb\":{\"@id\":\"https:\/\/www.pressenza.com\/fr\/2021\/06\/pierrelaye-un-homme-est-mort-arretez-les-expulsions\/#breadcrumb\"},\"inLanguage\":\"fr-FR\",\"potentialAction\":[{\"@type\":\"ReadAction\",\"target\":[\"https:\/\/www.pressenza.com\/fr\/2021\/06\/pierrelaye-un-homme-est-mort-arretez-les-expulsions\/\"]}]},{\"@type\":\"ImageObject\",\"inLanguage\":\"fr-FR\",\"@id\":\"https:\/\/www.pressenza.com\/fr\/2021\/06\/pierrelaye-un-homme-est-mort-arretez-les-expulsions\/#primaryimage\",\"url\":\"https:\/\/www.pressenza.com\/wp-content\/uploads\/2021\/06\/DSC0359.jpg\",\"contentUrl\":\"https:\/\/www.pressenza.com\/wp-content\/uploads\/2021\/06\/DSC0359.jpg\",\"width\":1701,\"height\":1134},{\"@type\":\"BreadcrumbList\",\"@id\":\"https:\/\/www.pressenza.com\/fr\/2021\/06\/pierrelaye-un-homme-est-mort-arretez-les-expulsions\/#breadcrumb\",\"itemListElement\":[{\"@type\":\"ListItem\",\"position\":1,\"name\":\"Accueil\",\"item\":\"https:\/\/www.pressenza.com\/fr\/\"},{\"@type\":\"ListItem\",\"position\":2,\"name\":\"Pierrelaye : un homme est mort, arr\u00eatez les expulsions !\"}]},{\"@type\":\"WebSite\",\"@id\":\"https:\/\/www.pressenza.com\/fr\/#website\",\"url\":\"https:\/\/www.pressenza.com\/fr\/\",\"name\":\"Pressenza\",\"description\":\"International Press Agency\",\"publisher\":{\"@id\":\"https:\/\/www.pressenza.com\/fr\/#organization\"},\"potentialAction\":[{\"@type\":\"SearchAction\",\"target\":{\"@type\":\"EntryPoint\",\"urlTemplate\":\"https:\/\/www.pressenza.com\/fr\/?s={search_term_string}\"},\"query-input\":{\"@type\":\"PropertyValueSpecification\",\"valueRequired\":true,\"valueName\":\"search_term_string\"}}],\"inLanguage\":\"fr-FR\"},{\"@type\":\"Organization\",\"@id\":\"https:\/\/www.pressenza.com\/fr\/#organization\",\"name\":\"Pressenza\",\"url\":\"https:\/\/www.pressenza.com\/fr\/\",\"logo\":{\"@type\":\"ImageObject\",\"inLanguage\":\"fr-FR\",\"@id\":\"https:\/\/www.pressenza.com\/fr\/#\/schema\/logo\/image\/\",\"url\":\"https:\/\/www.pressenza.com\/wp-content\/uploads\/2022\/10\/pressenza_logo_200x200.jpg\",\"contentUrl\":\"https:\/\/www.pressenza.com\/wp-content\/uploads\/2022\/10\/pressenza_logo_200x200.jpg\",\"width\":200,\"height\":200,\"caption\":\"Pressenza\"},\"image\":{\"@id\":\"https:\/\/www.pressenza.com\/fr\/#\/schema\/logo\/image\/\"},\"sameAs\":[\"https:\/\/www.facebook.com\/PressenzaItalia\",\"https:\/\/x.com\/PressenzaIPA\"]},{\"@type\":\"Person\",\"@id\":\"https:\/\/www.pressenza.com\/fr\/#\/schema\/person\/602645a77d2912fc1013c3f8ff496e97\",\"name\":\"Brigitte Cano\",\"url\":\"https:\/\/www.pressenza.com\/fr\/author\/brigittecano\/\"}]}<\/script>\n<!-- \/ Yoast SEO plugin. -->","yoast_head_json":{"title":"Pierrelaye : un homme est mort, arr\u00eatez les expulsions !","description":"Communiqu\u00e9 de presse de Droit Au Logement Un rassemblement devant la pr\u00e9fecture de police de Paris a eu lieu jeudi 24 juin La mort d\u2019un locataire \u00e0","robots":{"index":"index","follow":"follow","max-snippet":"max-snippet:-1","max-image-preview":"max-image-preview:large","max-video-preview":"max-video-preview:-1"},"canonical":"https:\/\/www.pressenza.com\/fr\/2021\/06\/pierrelaye-un-homme-est-mort-arretez-les-expulsions\/","og_locale":"fr_FR","og_type":"article","og_title":"Pierrelaye : un homme est mort, arr\u00eatez les expulsions !","og_description":"Communiqu\u00e9 de presse de Droit Au Logement Un rassemblement devant la pr\u00e9fecture de police de Paris a eu lieu jeudi 24 juin La mort d\u2019un locataire \u00e0","og_url":"https:\/\/www.pressenza.com\/fr\/2021\/06\/pierrelaye-un-homme-est-mort-arretez-les-expulsions\/","og_site_name":"Pressenza","article_publisher":"https:\/\/www.facebook.com\/PressenzaItalia","article_published_time":"2021-06-25T23:15:54+00:00","article_modified_time":"2021-06-25T23:17:23+00:00","og_image":[{"width":1701,"height":1134,"url":"https:\/\/www.pressenza.com\/wp-content\/uploads\/2021\/06\/DSC0359.jpg","type":"image\/jpeg"}],"author":"Brigitte Cano","twitter_card":"summary_large_image","twitter_creator":"@PressenzaIPA","twitter_site":"@PressenzaIPA","twitter_misc":{"\u00c9crit par":"Brigitte Cano","Dur\u00e9e de lecture estim\u00e9e":"2 minutes"},"schema":{"@context":"https:\/\/schema.org","@graph":[{"@type":"Article","@id":"https:\/\/www.pressenza.com\/fr\/2021\/06\/pierrelaye-un-homme-est-mort-arretez-les-expulsions\/#article","isPartOf":{"@id":"https:\/\/www.pressenza.com\/fr\/2021\/06\/pierrelaye-un-homme-est-mort-arretez-les-expulsions\/"},"author":{"name":"Brigitte Cano","@id":"https:\/\/www.pressenza.com\/fr\/#\/schema\/person\/602645a77d2912fc1013c3f8ff496e97"},"headline":"Pierrelaye : un homme est mort, arr\u00eatez les expulsions !","datePublished":"2021-06-25T23:15:54+00:00","dateModified":"2021-06-25T23:17:23+00:00","mainEntityOfPage":{"@id":"https:\/\/www.pressenza.com\/fr\/2021\/06\/pierrelaye-un-homme-est-mort-arretez-les-expulsions\/"},"wordCount":451,"publisher":{"@id":"https:\/\/www.pressenza.com\/fr\/#organization"},"image":{"@id":"https:\/\/www.pressenza.com\/fr\/2021\/06\/pierrelaye-un-homme-est-mort-arretez-les-expulsions\/#primaryimage"},"thumbnailUrl":"https:\/\/www.pressenza.com\/wp-content\/uploads\/2021\/06\/DSC0359.jpg","keywords":["droit au logement","Expulsion","immobilier","logement","taser","violence polici\u00e8re"],"articleSection":["Communiqu\u00e9s de Presse","Droits humains","Europe"],"inLanguage":"fr-FR"},{"@type":"WebPage","@id":"https:\/\/www.pressenza.com\/fr\/2021\/06\/pierrelaye-un-homme-est-mort-arretez-les-expulsions\/","url":"https:\/\/www.pressenza.com\/fr\/2021\/06\/pierrelaye-un-homme-est-mort-arretez-les-expulsions\/","name":"Pierrelaye : un homme est mort, arr\u00eatez les expulsions !","isPartOf":{"@id":"https:\/\/www.pressenza.com\/fr\/#website"},"primaryImageOfPage":{"@id":"https:\/\/www.pressenza.com\/fr\/2021\/06\/pierrelaye-un-homme-est-mort-arretez-les-expulsions\/#primaryimage"},"image":{"@id":"https:\/\/www.pressenza.com\/fr\/2021\/06\/pierrelaye-un-homme-est-mort-arretez-les-expulsions\/#primaryimage"},"thumbnailUrl":"https:\/\/www.pressenza.com\/wp-content\/uploads\/2021\/06\/DSC0359.jpg","datePublished":"2021-06-25T23:15:54+00:00","dateModified":"2021-06-25T23:17:23+00:00","description":"Communiqu\u00e9 de presse de Droit Au Logement Un rassemblement devant la pr\u00e9fecture de police de Paris a eu lieu jeudi 24 juin La mort d\u2019un locataire \u00e0","breadcrumb":{"@id":"https:\/\/www.pressenza.com\/fr\/2021\/06\/pierrelaye-un-homme-est-mort-arretez-les-expulsions\/#breadcrumb"},"inLanguage":"fr-FR","potentialAction":[{"@type":"ReadAction","target":["https:\/\/www.pressenza.com\/fr\/2021\/06\/pierrelaye-un-homme-est-mort-arretez-les-expulsions\/"]}]},{"@type":"ImageObject","inLanguage":"fr-FR","@id":"https:\/\/www.pressenza.com\/fr\/2021\/06\/pierrelaye-un-homme-est-mort-arretez-les-expulsions\/#primaryimage","url":"https:\/\/www.pressenza.com\/wp-content\/uploads\/2021\/06\/DSC0359.jpg","contentUrl":"https:\/\/www.pressenza.com\/wp-content\/uploads\/2021\/06\/DSC0359.jpg","width":1701,"height":1134},{"@type":"BreadcrumbList","@id":"https:\/\/www.pressenza.com\/fr\/2021\/06\/pierrelaye-un-homme-est-mort-arretez-les-expulsions\/#breadcrumb","itemListElement":[{"@type":"ListItem","position":1,"name":"Accueil","item":"https:\/\/www.pressenza.com\/fr\/"},{"@type":"ListItem","position":2,"name":"Pierrelaye : un homme est mort, arr\u00eatez les expulsions !"}]},{"@type":"WebSite","@id":"https:\/\/www.pressenza.com\/fr\/#website","url":"https:\/\/www.pressenza.com\/fr\/","name":"Pressenza","description":"International Press Agency","publisher":{"@id":"https:\/\/www.pressenza.com\/fr\/#organization"},"potentialAction":[{"@type":"SearchAction","target":{"@type":"EntryPoint","urlTemplate":"https:\/\/www.pressenza.com\/fr\/?s={search_term_string}"},"query-input":{"@type":"PropertyValueSpecification","valueRequired":true,"valueName":"search_term_string"}}],"inLanguage":"fr-FR"},{"@type":"Organization","@id":"https:\/\/www.pressenza.com\/fr\/#organization","name":"Pressenza","url":"https:\/\/www.pressenza.com\/fr\/","logo":{"@type":"ImageObject","inLanguage":"fr-FR","@id":"https:\/\/www.pressenza.com\/fr\/#\/schema\/logo\/image\/","url":"https:\/\/www.pressenza.com\/wp-content\/uploads\/2022\/10\/pressenza_logo_200x200.jpg","contentUrl":"https:\/\/www.pressenza.com\/wp-content\/uploads\/2022\/10\/pressenza_logo_200x200.jpg","width":200,"height":200,"caption":"Pressenza"},"image":{"@id":"https:\/\/www.pressenza.com\/fr\/#\/schema\/logo\/image\/"},"sameAs":["https:\/\/www.facebook.com\/PressenzaItalia","https:\/\/x.com\/PressenzaIPA"]},{"@type":"Person","@id":"https:\/\/www.pressenza.com\/fr\/#\/schema\/person\/602645a77d2912fc1013c3f8ff496e97","name":"Brigitte Cano","url":"https:\/\/www.pressenza.com\/fr\/author\/brigittecano\/"}]}},"place":"France","original_article_url":"","_links":{"self":[{"href":"https:\/\/www.pressenza.com\/fr\/wp-json\/wp\/v2\/posts\/1386235","targetHints":{"allow":["GET"]}}],"collection":[{"href":"https:\/\/www.pressenza.com\/fr\/wp-json\/wp\/v2\/posts"}],"about":[{"href":"https:\/\/www.pressenza.com\/fr\/wp-json\/wp\/v2\/types\/post"}],"author":[{"embeddable":true,"href":"https:\/\/www.pressenza.com\/fr\/wp-json\/wp\/v2\/users\/1215"}],"replies":[{"embeddable":true,"href":"https:\/\/www.pressenza.com\/fr\/wp-json\/wp\/v2\/comments?post=1386235"}],"version-history":[{"count":0,"href":"https:\/\/www.pressenza.com\/fr\/wp-json\/wp\/v2\/posts\/1386235\/revisions"}],"wp:featuredmedia":[{"embeddable":true,"href":"https:\/\/www.pressenza.com\/fr\/wp-json\/wp\/v2\/media\/1386195"}],"wp:attachment":[{"href":"https:\/\/www.pressenza.com\/fr\/wp-json\/wp\/v2\/media?parent=1386235"}],"wp:term":[{"taxonomy":"category","embeddable":true,"href":"https:\/\/www.pressenza.com\/fr\/wp-json\/wp\/v2\/categories?post=1386235"},{"taxonomy":"post_tag","embeddable":true,"href":"https:\/\/www.pressenza.com\/fr\/wp-json\/wp\/v2\/tags?post=1386235"}],"curies":[{"name":"wp","href":"https:\/\/api.w.org\/{rel}","templated":true}]}}