{"id":1382311,"date":"2021-06-18T19:38:18","date_gmt":"2021-06-18T18:38:18","guid":{"rendered":"https:\/\/www.pressenza.com\/?p=1382311"},"modified":"2021-06-18T19:46:13","modified_gmt":"2021-06-18T18:46:13","slug":"andrea-testa-parce-que-ce-ne-sont-pas-seulement-les-jeunes-femmes-daujourdhui-qui-sont-concernees-leurs-meres-et-leurs-grands-meres-etaient-aussi-filles-meres","status":"publish","type":"post","link":"https:\/\/www.pressenza.com\/fr\/2021\/06\/andrea-testa-parce-que-ce-ne-sont-pas-seulement-les-jeunes-femmes-daujourdhui-qui-sont-concernees-leurs-meres-et-leurs-grands-meres-etaient-aussi-filles-meres\/","title":{"rendered":"Andrea Testa : Parce que ce ne sont pas seulement les jeunes femmes d&rsquo;aujourd&rsquo;hui qui sont concern\u00e9es, leurs m\u00e8res et leurs grands-m\u00e8res \u00e9taient aussi filles m\u00e8res"},"content":{"rendered":"<p><strong>Par Flavia Estevan<\/strong><\/p>\n<p>En Am\u00e9rique latine, environ sept adolescentes sur cent \u00e2g\u00e9es de 15 \u00e0 19 ans deviennent m\u00e8res. Ce chiffre est beaucoup plus \u00e9lev\u00e9 si l&rsquo;on inclut les filles \u00e2g\u00e9es de 10 \u00e0 14 ans.<\/p>\n<p><strong><em>Ni\u00f1a Mam\u00e1 (<\/em><\/strong><strong>Fille M\u00e8re)<\/strong> est un film de la r\u00e9alisatrice Andrea Testa. Choquant, car \u00e0 partir de son th\u00e8me central, les grossesses dans l&rsquo;adolescence, elle nous rapproche des exp\u00e9riences r\u00e9elles des jeunes filles enceintes. Cette approche progressive, avec la cam\u00e9ra fix\u00e9e uniquement sur elles, sans distractions de couleurs ou de sons, nous met en contact avec leurs angoisses, leurs craintes, leurs doutes et leurs espoirs, au point que la fronti\u00e8re entre le spectateur et elles dispara\u00eet, nous faisant participer \u00e0 leurs parcours.<\/p>\n<p>Le film r\u00e9v\u00e8le un quotidien fait d&rsquo;injustices, d&rsquo;in\u00e9galit\u00e9s et de solitude pour celles qui vivent ces exp\u00e9riences et doivent prendre des d\u00e9cisions. Il invite \u00e0 un profond \u00e9tat d&#8217;empathie, de non-jugement, car on ressent la vuln\u00e9rabilit\u00e9 dans laquelle vivent ces filles. Il devrait \u00eatre vu par tout le monde.<\/p>\n<p>&nbsp;<\/p>\n<p><strong>Interview d\u2019Andrea Testa, r\u00e9alisatrice du film\u00a0<\/strong><\/p>\n<p><span style=\"font-weight: 400;\">\u00a0<\/span><\/p>\n<p><strong>REHUNO :<\/strong> \u00a0<strong>Bonjour Andrea, s\u2019il vous plait parlez-nous un peu du tournage de ce film Fille M\u00e8re.<\/strong><\/p>\n<p><strong>Andrea :<\/strong> Il s&rsquo;agit d&rsquo;un film documentaire tourn\u00e9 en 2018 dans deux h\u00f4pitaux publics de la banlieue de Buenos Aires. Il a \u00e9t\u00e9 r\u00e9alis\u00e9 avec le soutien de l&rsquo;Institut du Cin\u00e9 et des Arts Audiovisuels argentin. L&rsquo;ensemble du processus du film (d\u00e9veloppement, pr\u00e9- production, tournage et post-production) a dur\u00e9 environ trois ans. Il a \u00e9t\u00e9 pr\u00e9sent\u00e9 en premi\u00e8re mondiale au Festival international du film documentaire d\u2019Amsterdam IDFA, l&rsquo;un des plus importants festivals de films documentaires au monde, o\u00f9 le film a obtenu une mention sp\u00e9ciale du jury.<\/p>\n<p>Depuis sa cr\u00e9ation, le film a \u00e9t\u00e9 pr\u00e9sent\u00e9 dans des dizaines de festivals dans le monde entier et, malgr\u00e9 ce contexte d\u00e9favorable, il continue \u00e0 circuler, le plus souvent virtuellement. Pour donner des exemples, le film a \u00e9t\u00e9 pr\u00e9sent\u00e9 en premi\u00e8re dans des festivals de pays tels que le Canada, l&rsquo;Allemagne, l&rsquo;Espagne, la Norv\u00e8ge, la Croatie, le Br\u00e9sil, le Chili, l&rsquo;Uruguay, le Honduras, la Hollande, Hong Kong, la Gr\u00e8ce et le P\u00e9rou, entre autres.<\/p>\n<p>Ici, en Argentine, nous avons r\u00e9ussi \u00e0 le sortir l&rsquo;ann\u00e9e derni\u00e8re dans les salles de cin\u00e9ma, bien que tr\u00e8s vite nous ayons d\u00fb transposer \u00e0 la virtualit\u00e9 toutes les activit\u00e9s qui s&rsquo;ouvraient avec le film.<\/p>\n<p><strong>REHUNO : Qu&rsquo;est-ce qui a motiv\u00e9 le sujet abord\u00e9 dans le film Fille m\u00e8re ?<\/strong><\/p>\n<p><strong>Andrea :<\/strong> Je dis toujours qu&rsquo;il y a plusieurs commencements \u00e0 Fille M\u00e8re, car c&rsquo;est ainsi que je m\u00e8ne \u00e0 bien les processus cr\u00e9atifs de chaque film. Quelque chose jaillit au fond de moi, mais ce n&rsquo;est pas une id\u00e9e, c&rsquo;est \u00ab\u00a0quelque chose\u00a0\u00bb qui me fait r\u00e9unir les choses auxquelles j&rsquo;ai pens\u00e9. Un besoin, un sentiment, une image, un mot. Dans ce processus, ce qui m&rsquo;est apparu tr\u00e8s fort, fut de vouloir poursuivre quelque chose que j&rsquo;avais laiss\u00e9 en suspens lors d&rsquo;un pr\u00e9c\u00e9dent documentaire que j&rsquo;avais r\u00e9alis\u00e9.<\/p>\n<p><strong>REHUNO\u00a0: Quel fut le documentaire pr\u00e9c\u00e9dent, et quel en \u00e9tait le sujet ?<\/strong><\/p>\n<p><strong>Andrea :<\/strong> Il s&rsquo;intitule <em>Pibe Chorro<\/em> (Enfant Voleur) et traite de la violence syst\u00e9mique et syst\u00e9matique \u00e0 l&rsquo;encontre des jeunes pauvres, ceux qui sont stigmatis\u00e9s comme \u00e9tant \u00ab\u00a0les plus dangereux\u00a0\u00bb et qui finissent par mourir tr\u00e8s jeunes, principalement aux mains des forces r\u00e9pressives de l&rsquo;\u00c9tat.<\/p>\n<p>Et \u00e0 cause de l&rsquo;absence de politiques publiques qui prot\u00e8gent et garantissent leurs droits fondamentaux, ces jeunes gens, marqu\u00e9s par tant de violences, continuent de me toucher. Je suis indign\u00e9e et surtout je suis pein\u00e9e par ce monde et cette soci\u00e9t\u00e9 qui peuvent coexister avec tant de cruaut\u00e9.<\/p>\n<p><img loading=\"lazy\" decoding=\"async\" class=\"alignnone wp-image-1372933 size-large\" src=\"https:\/\/www.pressenza.com\/wp-content\/uploads\/2021\/06\/testa-20foto-20sandra-20cartasso-720x480.jpg\" alt=\"\" width=\"720\" height=\"480\" srcset=\"https:\/\/www.pressenza.com\/wp-content\/uploads\/2021\/06\/testa-20foto-20sandra-20cartasso-720x480.jpg 720w, https:\/\/www.pressenza.com\/wp-content\/uploads\/2021\/06\/testa-20foto-20sandra-20cartasso-300x200.jpg 300w, https:\/\/www.pressenza.com\/wp-content\/uploads\/2021\/06\/testa-20foto-20sandra-20cartasso-768x512.jpg 768w, https:\/\/www.pressenza.com\/wp-content\/uploads\/2021\/06\/testa-20foto-20sandra-20cartasso.jpg 960w\" sizes=\"auto, (max-width: 720px) 100vw, 720px\" \/><\/p>\n<h6><span style=\"color: #808080;\">Andrea Testa (Image de Sandra Cartasso)<\/span><\/h6>\n<p><strong>REHUNO\u00a0: Et c&rsquo;est de l\u00e0 que viennent les grossesses pr\u00e9coces&#8230;<\/strong><\/p>\n<p><strong>Andrea :<\/strong> La grossesse pr\u00e9coce (je ne connais pas le meilleur terme pour la d\u00e9signer, elle peut \u00eatre pr\u00e9coce, elle peut \u00eatre involontaire, elle peut \u00eatre seulement au d\u00e9but de l&rsquo;adolescence) est apparue d&rsquo;un seul coup, comme une r\u00e9alit\u00e9 qui se r\u00e9p\u00e8te de fa\u00e7on cyclique. Parce qu&rsquo;e ce ne sont pas seulement les jeunes femmes d&rsquo;aujourd&rsquo;hui, mais leurs m\u00e8res et leurs grands-m\u00e8res ont aussi \u00e9t\u00e9 des filles m\u00e8res. Dans ce parcours, et \u00e9veill\u00e9e aux mouvements f\u00e9ministes qui s&rsquo;intensifiaient et devenaient plus massifs, et en particulier en Argentine o\u00f9 la lutte pour la loi sur l&rsquo;interruption volontaire de grossesse a connu ses pics de popularit\u00e9 (jusqu&rsquo;\u00e0 ce que nous obtenions finalement l&rsquo;adoption de la loi), je ne pouvais m&#8217;emp\u00eacher de me demander pourquoi ? : Pourquoi y a-t-il des grossesses qui sont interrompues et d&rsquo;autres qui se poursuivent ? Et cette question m&rsquo;a paru travers\u00e9e par les conditionnements de classe, \u00e9videmment. Que se passe-t-il avec les avortements pratiqu\u00e9s dans les secteurs populaires ? Que se passe-t-il avec les adolescentes qui d\u00e9cident de poursuivre une grossesse dans ces m\u00eames secteurs ? Que se passe-t-il dans les classes moyennes ?<\/p>\n<p>Et j&rsquo;ai voulu me positionner dans cette urgence, dans les risques et les morts des femmes qui avortent clandestinement et de mani\u00e8re non s\u00e9curis\u00e9e (pas dans les avortements pratiqu\u00e9s clandestinement mais avec des mesures de s\u00e9curit\u00e9 bien meilleures, qui sont accessibles aux femmes ayant des ressources \u00e9conomiques).<\/p>\n<p>En outre, tout le d\u00e9bat sur les lois existantes sur les droits sexuels de procr\u00e9ation ou non, qui existent en Argentine, mais qui ne sont pas assez \u00e9tendues, ne sont pas r\u00e9alis\u00e9es. La vie des jeunes est en jeu et le r\u00f4le de l&rsquo;\u00c9tat qui, une fois de plus, ne garantit pas les droits humains, ne prot\u00e8ge pas ces jeunes. Dans les deux films, j&rsquo;ai l&rsquo;impression que c&rsquo;est ce qui est en jeu, les politiques et la vie (ou la mort) des jeunes.<\/p>\n<p>D&rsquo;un autre c\u00f4t\u00e9, r\u00e9aliser <em>Fille M\u00e8re<\/em> \u00e9tait aussi un besoin hautement personnel. A l\u2019adolescence, j&rsquo;ai fait pratiquer un avortement. Avec chacune des filles que j&rsquo;ai rencontr\u00e9es, j&rsquo;ai aussi appris quelque chose de moi, quelque chose de personnel. Ce film ne pouvait exister que par amour, par une persistance f\u00e9ministe \u00e0 accompagner, \u00e0 lutter contre ces sentiments de solitude. Je voulais que la cam\u00e9ra l&rsquo;image, soit une caresse : nous sommes l\u00e0, tu n&rsquo;es pas seule.<\/p>\n<p><strong>REHUNO : Le film a \u00e9t\u00e9 r\u00e9alis\u00e9 avant la l\u00e9galisation de l&rsquo;avortement en Argentine. Comment pensez-vous que ces situations se transforment avec le temps, une fois que beaucoup de filles dans le documentaire ne voient pas l&rsquo;avortement comme une possibilit\u00e9 dans leurs trajectoires pour des questions religieuses ou sociales ?<\/strong><\/p>\n<p><strong>Andrea : <\/strong>Il y a une transformation que nous vivons, la l\u00e9galit\u00e9 permet la s\u00e9curit\u00e9. Elle nous permet de combattre tant de peurs, m\u00eame si elles persistent s\u00fbrement, tout comme il y a aussi des peurs lorsqu&rsquo;on choisit de poursuivre une grossesse, de devenir m\u00e8re. Mais cela nous permet de pouvoir parler, de pouvoir approcher le syst\u00e8me de sant\u00e9, de conna\u00eetre nos droits. L&rsquo;avortement n&rsquo;est plus clandestin, m\u00eame si ces pratiques qui mettent la vie des femmes en danger perdurent, tout comme les secteurs les plus conservateurs des diff\u00e9rentes provinces, qui militent contre ces droits et en entravent l&rsquo;acc\u00e8s. Il y a encore des filles forc\u00e9es d&rsquo;accoucher. Mais la loi est un outil qui donne du pouvoir pour continuer la lutte.<\/p>\n<p>Je crois que beaucoup de femmes aujourd&rsquo;hui ont le sentiment qu&rsquo;elles peuvent faire plus de choix. C&rsquo;est pourquoi il est si important que l&rsquo;\u00c9tat m\u00e8ne de fortes campagnes d&rsquo;information qui touchent tout le monde et que des ressources soient allou\u00e9es \u00e0 la formation et \u00e0 la mise en \u0153uvre de cette loi, et de la loi sur l&rsquo;\u00e9ducation sexuelle compl\u00e8te. Il y a toujours plus \u00e0 faire.<\/p>\n<p>En particulier, avec le film, il nous est arriv\u00e9 que certaines des filles qui ont particip\u00e9 nous ont consult\u00e9s ensuite \u00e0 cause d&rsquo;interruptions, parce qu&rsquo;une amie en avait besoin ou pour des informations, parce qu&rsquo;elles voulaient savoir. Il me semble donc que nous gagnons lentement du terrain, mais c&rsquo;est encore gr\u00e2ce \u00e0 la force de tant de professionnelles et de militantes qui se jettent \u00e0 corps perdu dans ce combat.<\/p>\n<p>Partout dans le pays les r\u00e9alit\u00e9s sont diff\u00e9rentes, chaque h\u00f4pital est un monde. Il y a des endroits o\u00f9 la majorit\u00e9 des professionnels se proclament objecteurs de conscience, et peut-\u00eatre n&rsquo;y a-t-il qu&rsquo;un ou deux professionnels qui demandent des interruptions. C&rsquo;est une question tr\u00e8s complexe. Les violences institutionnelles au sein des h\u00f4pitaux continuent d&rsquo;exister.<\/p>\n<p><strong>REHUNO : Partant de la question de la grossesse chez les adolescentes, le film parvient \u00e0 approfondir une s\u00e9rie de situations qui soul\u00e8vent d&rsquo;autres questions li\u00e9es aux droits sexuels et \u00e0 la procr\u00e9ation, comme l&rsquo;acc\u00e8s aux m\u00e9thodes contraceptives et \u00e0 l&rsquo;avortement. \u00c9tait-ce intentionnel, c&rsquo;est-\u00e0-dire que vous aviez l&rsquo;intention de couvrir autant de sujets ou cela s&rsquo;est-il produit au cours du tournage ?<\/strong><\/p>\n<p><strong>Andrea <\/strong>: Le film est cette \u00e9coute de ce que propose l&rsquo;histoire de chaque jeune. Nous avons film\u00e9 la vie quotidienne dans les services sociaux de ces h\u00f4pitaux nous avons film\u00e9 les interventions des professionnels de sant\u00e9, avec leurs questions, leurs approches qui ont tout d\u00e9clench\u00e9. Parce qu&rsquo;il s&rsquo;agit d&rsquo;une vision int\u00e9grale de la sant\u00e9, ou d&rsquo;une vision de la sant\u00e9 int\u00e9grale, o\u00f9 les personnes ne sont pas consid\u00e9r\u00e9es comme des objets, mais comme des sujets de droits. Ainsi, ce temps, ce dialogue, cette histoire qui se tisse, nous am\u00e8ne \u00e0 participer \u00e0 une vie avec tout ce que cela signifie. Chacun d&rsquo;entre elles est la preuve de la diversit\u00e9, du pouvoir de l&rsquo;autonomie, de la complexit\u00e9 qui existe dans chacune de ces d\u00e9cisions.<\/p>\n<p>C&rsquo;est ce que permet le cin\u00e9ma, non ? conna\u00eetre d&rsquo;autres personnes et aussi se conna\u00eetre soi-m\u00eame en \u00e9coutant l&rsquo;un et l&rsquo;autre. S&rsquo;il y a de l&#8217;empathie, si cela nous blesse, si une question appara\u00eet, si quelque chose de ce que nous pensions avant a chang\u00e9, il y a l&rsquo;espoir que nous puissions transformer ce monde. Les v\u00e9rit\u00e9s se construisent collectivement.<\/p>\n<p><strong>REHUNO : Y a-t-il eu une sorte de sc\u00e9nario, ou bien le sc\u00e9nario a-t-il \u00e9t\u00e9 \u00e9labor\u00e9 \u00e0 partir du mat\u00e9riel recueilli ?<\/strong><\/p>\n<p><strong>Andrea<\/strong>\u00a0: Nous avons r\u00e9alis\u00e9 un script du projet apr\u00e8s une p\u00e9riode d&rsquo;observation dans les h\u00f4pitaux car nous en avions besoin pour le dossier de pr\u00e9sentation pour les fonds de subvention. Ce fut un outil qui nous a beaucoup servi pour exprimer ce que nous avions vu et ressenti.<\/p>\n<p>Pendant le tournage, nous n&rsquo;avons pas \u00e9t\u00e9 guid\u00e9s par ce qui \u00e9tait dans le sc\u00e9nario mais par tout le travail que nous avions fait. Nous savions d\u00e9j\u00e0 dans quels espaces nous voulions tourner, et nous concevions semaine apr\u00e8s semaine en fonction des horaires des bureaux ou des filles que nous rencontrions. Et nous \u00e9tions aussi tr\u00e8s pr\u00e9dispos\u00e9s envers les choses qui se passaient.<\/p>\n<p>Rien de ce qui est dans le film n&rsquo;est sc\u00e9naris\u00e9. Les questions qui apparaissent sont celles que les \u00e9quipes de sant\u00e9 posent tous les jours, surtout les assistantes sociales. Nous avons \u00e9galement pu c\u00f4toyer le travail d&rsquo;une p\u00e9diatre sp\u00e9cialiste de l&rsquo;adolescence, dans les \u00e9quipes des licenci\u00e9s en obst\u00e9trique, en poste. Mais le lien le plus fort a \u00e9t\u00e9 avec les services sociaux. Ce sont eux, ainsi que la p\u00e9diatre, qui nous ont ouvert des portes et ont fait confiance \u00e0 notre travail.<\/p>\n<p>Je peux aussi mentionner le fait que nous avons effectu\u00e9 un travail pr\u00e9alable avec les \u00e9quipes de sant\u00e9 pour r\u00e9fl\u00e9chir ensemble au dispositif de tournage du film, en lien avec les param\u00e8tres d&rsquo;autonomie, de consentement et de prise en charge des filles. Par cons\u00e9quent, on savait toujours quand on filmait et quand on coupait, il n&rsquo;y avait rien de cach\u00e9. Et s&rsquo;ils avaient besoin de poursuivre l&rsquo;entretien pour diverses raisons, nous quittions les lieux.<\/p>\n<p>Les filles savaient qu&rsquo;elles pouvaient \u00e9galement couper si elles ne se sentaient pas \u00e0 l&rsquo;aise, et nous leur demandions toujours \u00e0 la fin ce qu&rsquo;elles pensaient du tournage. Toutes les filles que nous avons film\u00e9es ont donn\u00e9 leur consentement pr\u00e9alable et celles qui ont finalement figur\u00e9 dans le film ont \u00e9galement pu le visionner pour reconfirmer \u00e0 nouveau leur participation.<\/p>\n<p><img loading=\"lazy\" decoding=\"async\" class=\"alignnone wp-image-1372944 size-large\" src=\"https:\/\/www.pressenza.com\/wp-content\/uploads\/2021\/06\/NM_STILL01-720x409.jpg\" alt=\"\" width=\"720\" height=\"409\" srcset=\"https:\/\/www.pressenza.com\/wp-content\/uploads\/2021\/06\/NM_STILL01-720x409.jpg 720w, https:\/\/www.pressenza.com\/wp-content\/uploads\/2021\/06\/NM_STILL01-300x170.jpg 300w, https:\/\/www.pressenza.com\/wp-content\/uploads\/2021\/06\/NM_STILL01-768x436.jpg 768w, https:\/\/www.pressenza.com\/wp-content\/uploads\/2021\/06\/NM_STILL01-1536x872.jpg 1536w, https:\/\/www.pressenza.com\/wp-content\/uploads\/2021\/06\/NM_STILL01.jpg 1920w\" sizes=\"auto, (max-width: 720px) 100vw, 720px\" \/><\/p>\n<h6><span style=\"color: #808080;\">(Image du film <em>Ni\u00f1a Mam\u00e1 (Fille M\u00e8re)<\/em>)<\/span><\/h6>\n<p><strong>REHUNO\u00a0: Quelle est, selon vous, la chose la plus importante qui a \u00e9t\u00e9 r\u00e9alis\u00e9e avec le film ?<\/strong><\/p>\n<p><strong>Andrea :<\/strong> Je ne sais pas encore, c&rsquo;est toujours une exp\u00e9rience, m\u00eame dans ce contexte si difficile. Je peux dire que le lien avec les protagonistes et avec les professionnels de sant\u00e9 continue de nous apporter des choses, de belles choses ou des choses dures, difficiles. Je sens que nous sommes quelque chose de plus depuis <em>Ni\u00f1a Mam\u00e1<\/em>.\u00a0 Un r\u00e9seau, un tissu, quelque chose qui a transform\u00e9 chacune des personnes qui ont particip\u00e9&#8230; et que quelque chose de cela se transmet \u00e0 travers l&rsquo;\u0153uvre, chez ceux qui la voient. Quelque chose se passe. Comme ce quelque chose qui s&rsquo;allume en moi \u00e0 chaque nouveau projet.<\/p>\n<p>C&rsquo;\u00e9tait aussi un d\u00e9fi d&rsquo;accompagner les jeunes femmes et les \u00e9quipes de sant\u00e9 dans cette pand\u00e9mie. Nous avons pu, avec les ressources g\u00e9n\u00e9r\u00e9es par le film, mettre \u00e0 disposition ce qui \u00e9tait n\u00e9cessaire. Une semaine apr\u00e8s la premi\u00e8re en Argentine les cin\u00e9mas \u00e9taient ferm\u00e9s et nous avons mis le film en location virtuelle\u00a0; de nombreuses personnes ont contribu\u00e9 et nous avons r\u00e9ussi \u00e0 apporter des dons aux h\u00f4pitaux, en alcool ou autres fournitures, ainsi que des couches. Cela ne change pas structurellement, mais c&rsquo;est ce que nous avions sous la main parce que nous ne pouvions pas passer \u00e0 c\u00f4t\u00e9. De m\u00eame avec les filles, nous continuons \u00e0 tisser une relation qui est difficile, souvent difficile, car la faim et les besoins existent au-del\u00e0 des 66 minutes que dure le documentaire.<\/p>\n<p><strong>REHUNO\u00a0:<\/strong> <strong>Jusqu&rsquo;o\u00f9 voulez-vous qu&rsquo;il se prolonge\u00a0?<\/strong><\/p>\n<p><strong>Andrea :<\/strong> Pour aller aussi loin que nous ne pouvons l&rsquo;imaginer. Le temps du cin\u00e9ma est \u00e9ternel et la force des protagonistes m\u00e9rite de continuer \u00e0 filmer.<\/p>\n<p><strong>REHUNO :\u00a0 Andrea, merci beaucoup ! \u00a0Et pour ceux qui veulent voir le film\u00a0?<\/strong><\/p>\n<p><strong>Andrea : <\/strong>Le film peut \u00eatre vu en Argentine \u00e0 l&rsquo;adresse suivante : <a href=\"https:\/\/www.comunidadcinefila.org\/ninamama\">Voir en Argentine<\/a> et au Canada : <a href=\"https:\/\/www.tenk.ca\/fr\/d\/festivals\/hot-docs\/nina-mama\">Voir au Canada<\/a>. Du 4 au 6 juin 2021, vous pouvez le voir depuis les \u00c9tats-Unis au festival : <a href=\"https:\/\/www.phlaff.org\/festival\/2021\/film-guide\/nia-mam-mother-child?rq=Ni\u00f1a%20mam\u00e1%20%28Mother-Child%29\">Festival Etats Unis<\/a>. Nos r\u00e9seaux sociaux pour accompagner le film :<\/p>\n<p><a href=\"https:\/\/www.instagram.com\/nmpelicula\/\">https:\/\/www.instagram.com\/nmpelicula\/<\/a>\u00a0 et <a href=\"https:\/\/www.facebook.com\/nmpelicula\">https:\/\/www.facebook.com\/nmpelicula<\/a><\/p>\n<p>&nbsp;<\/p>\n<p><strong>Qui est Andrea Testa<\/strong><\/p>\n<p>Andrea Testa (Buenos Aires, 1987). Elle a \u00e9tudi\u00e9 le cin\u00e9ma \u00e0 l\u2019Ecole Nationale d\u2019Exp\u00e9rimentation et de R\u00e9alisation Cin\u00e9matographique (ENERC) et obtenu le dipl\u00f4me de r\u00e9alisatrice cin\u00e9matographique. Elle a dirig\u00e9 le documentaire <em>Pibe Chorro (2016) <\/em>sur la stigmatisation dont souffrent les jeunes des quartiers populaires. Dans le domaine de la fiction, elle a \u00e9crit et dirig\u00e9 avec Francisco Marquez <em>la Larga noche <\/em>de Francisco Sanctis (2016) laur\u00e9ate de la comp\u00e9tition internationale au BAFICI, s\u00e9lectionn\u00e9e dans la section Un certain regard du Festival de Cannes et au Festival international du film de San Sebastian, parmi de nombreux festivals internationaux.<em> Ni\u00f1a mam\u00e1<\/em> (2019), son dernier film a \u00e9t\u00e9 en premi\u00e8re mondiale en IDFA o\u00f9 il a \u00e9t\u00e9 r\u00e9compens\u00e9 par une mention sp\u00e9ciale du jury. Il a \u00e9galement \u00e9t\u00e9 reconnu comme le meilleur moyen m\u00e9trage documentaire international \u00e0 HotDocs, le meilleur long m\u00e9trage documentaire international \u00e0 Doqumenta et le meilleur long m\u00e9trage jeunesse international \u00e0 FicValdivia. Elle est membre du collectif des cin\u00e9astes et membre fondatrice de la soci\u00e9t\u00e9 Penser avec les Mains.<\/p>\n<p>&nbsp;<\/p>\n<p><em>Traduction de l&rsquo;espagnol, Ginette Baudelet<\/em><\/p>\n","protected":false},"excerpt":{"rendered":"<p>Par Flavia Estevan En Am\u00e9rique latine, environ sept adolescentes sur cent \u00e2g\u00e9es de 15 \u00e0 19 ans deviennent m\u00e8res. Ce chiffre est beaucoup plus \u00e9lev\u00e9 si l&rsquo;on inclut les filles \u00e2g\u00e9es de 10 \u00e0 14 ans. Ni\u00f1a Mam\u00e1 (Fille M\u00e8re)&hellip;<\/p>\n","protected":false},"author":1680,"featured_media":1372917,"comment_status":"closed","ping_status":"closed","sticky":false,"template":"","format":"standard","meta":{"footnotes":""},"categories":[86,11386,98,54509,156,46977],"tags":[92075,56181,92074,3642,18879,92076],"class_list":["post-1382311","post","type-post","status-publish","format-standard","has-post-thumbnail","hentry","category-amerique-du-sud","category-contenu-original","category-droits-de-lhomme","category-genre-et-feminismes","category-interview-fr","category-jeunes","tag-andrea-testa-fr","tag-feminisme","tag-fille-maman","tag-filles","tag-grossesse","tag-rehuno-salud-fr"],"yoast_head":"<!-- This site is optimized with the Yoast SEO plugin v27.1.1 - https:\/\/yoast.com\/product\/yoast-seo-wordpress\/ -->\n<title>Andrea Testa : Parce que ce ne sont pas seulement les jeunes femmes d&#039;aujourd&#039;hui qui sont concern\u00e9es, leurs m\u00e8res et leurs grands-m\u00e8res \u00e9taient aussi filles m\u00e8res<\/title>\n<meta name=\"description\" content=\"Par Flavia Estevan En Am\u00e9rique latine, environ sept adolescentes sur cent \u00e2g\u00e9es de 15 \u00e0 19 ans deviennent m\u00e8res. Ce chiffre est beaucoup plus \u00e9lev\u00e9 si\" \/>\n<meta name=\"robots\" content=\"index, follow, max-snippet:-1, max-image-preview:large, max-video-preview:-1\" \/>\n<link rel=\"canonical\" href=\"https:\/\/www.pressenza.com\/fr\/2021\/06\/andrea-testa-parce-que-ce-ne-sont-pas-seulement-les-jeunes-femmes-daujourdhui-qui-sont-concernees-leurs-meres-et-leurs-grands-meres-etaient-aussi-filles-meres\/\" \/>\n<meta property=\"og:locale\" content=\"fr_FR\" \/>\n<meta property=\"og:type\" content=\"article\" \/>\n<meta property=\"og:title\" content=\"Andrea Testa : Parce que ce ne sont pas seulement les jeunes femmes d&#039;aujourd&#039;hui qui sont concern\u00e9es, leurs m\u00e8res et leurs grands-m\u00e8res \u00e9taient aussi filles m\u00e8res\" \/>\n<meta property=\"og:description\" content=\"Par Flavia Estevan En Am\u00e9rique latine, environ sept adolescentes sur cent \u00e2g\u00e9es de 15 \u00e0 19 ans deviennent m\u00e8res. Ce chiffre est beaucoup plus \u00e9lev\u00e9 si\" \/>\n<meta property=\"og:url\" content=\"https:\/\/www.pressenza.com\/fr\/2021\/06\/andrea-testa-parce-que-ce-ne-sont-pas-seulement-les-jeunes-femmes-daujourdhui-qui-sont-concernees-leurs-meres-et-leurs-grands-meres-etaient-aussi-filles-meres\/\" \/>\n<meta property=\"og:site_name\" content=\"Pressenza\" \/>\n<meta property=\"article:publisher\" content=\"https:\/\/www.facebook.com\/PressenzaItalia\" \/>\n<meta property=\"article:author\" content=\"https:\/\/www.facebook.com\/rehunosalud\/\" \/>\n<meta property=\"article:published_time\" content=\"2021-06-18T18:38:18+00:00\" \/>\n<meta property=\"article:modified_time\" content=\"2021-06-18T18:46:13+00:00\" \/>\n<meta property=\"og:image\" content=\"https:\/\/www.pressenza.com\/wp-content\/uploads\/2021\/06\/NM_STILL02.jpg\" \/>\n\t<meta property=\"og:image:width\" content=\"1920\" \/>\n\t<meta property=\"og:image:height\" content=\"1080\" \/>\n\t<meta property=\"og:image:type\" content=\"image\/jpeg\" \/>\n<meta name=\"author\" content=\"REHUNO - Red Humanista de Noticias en Salud\" \/>\n<meta name=\"twitter:card\" content=\"summary_large_image\" \/>\n<meta name=\"twitter:creator\" content=\"@PressenzaIPA\" \/>\n<meta name=\"twitter:site\" content=\"@PressenzaIPA\" \/>\n<meta name=\"twitter:label1\" content=\"\u00c9crit par\" \/>\n\t<meta name=\"twitter:data1\" content=\"REHUNO - Red Humanista de Noticias en Salud\" \/>\n\t<meta name=\"twitter:label2\" content=\"Dur\u00e9e de lecture estim\u00e9e\" \/>\n\t<meta name=\"twitter:data2\" content=\"13 minutes\" \/>\n<script type=\"application\/ld+json\" class=\"yoast-schema-graph\">{\"@context\":\"https:\/\/schema.org\",\"@graph\":[{\"@type\":\"Article\",\"@id\":\"https:\/\/www.pressenza.com\/fr\/2021\/06\/andrea-testa-parce-que-ce-ne-sont-pas-seulement-les-jeunes-femmes-daujourdhui-qui-sont-concernees-leurs-meres-et-leurs-grands-meres-etaient-aussi-filles-meres\/#article\",\"isPartOf\":{\"@id\":\"https:\/\/www.pressenza.com\/fr\/2021\/06\/andrea-testa-parce-que-ce-ne-sont-pas-seulement-les-jeunes-femmes-daujourdhui-qui-sont-concernees-leurs-meres-et-leurs-grands-meres-etaient-aussi-filles-meres\/\"},\"author\":{\"name\":\"REHUNO - Red Humanista de Noticias en Salud\",\"@id\":\"https:\/\/www.pressenza.com\/fr\/#\/schema\/person\/5162be2bf75419d7e91acfc2c50c3870\"},\"headline\":\"Andrea Testa : Parce que ce ne sont pas seulement les jeunes femmes d&rsquo;aujourd&rsquo;hui qui sont concern\u00e9es, leurs m\u00e8res et leurs grands-m\u00e8res \u00e9taient aussi filles m\u00e8res\",\"datePublished\":\"2021-06-18T18:38:18+00:00\",\"dateModified\":\"2021-06-18T18:46:13+00:00\",\"mainEntityOfPage\":{\"@id\":\"https:\/\/www.pressenza.com\/fr\/2021\/06\/andrea-testa-parce-que-ce-ne-sont-pas-seulement-les-jeunes-femmes-daujourdhui-qui-sont-concernees-leurs-meres-et-leurs-grands-meres-etaient-aussi-filles-meres\/\"},\"wordCount\":2797,\"publisher\":{\"@id\":\"https:\/\/www.pressenza.com\/fr\/#organization\"},\"image\":{\"@id\":\"https:\/\/www.pressenza.com\/fr\/2021\/06\/andrea-testa-parce-que-ce-ne-sont-pas-seulement-les-jeunes-femmes-daujourdhui-qui-sont-concernees-leurs-meres-et-leurs-grands-meres-etaient-aussi-filles-meres\/#primaryimage\"},\"thumbnailUrl\":\"https:\/\/www.pressenza.com\/wp-content\/uploads\/2021\/06\/NM_STILL02.jpg\",\"keywords\":[\"Andrea Testa\",\"f\u00e9minisme\",\"fille maman\",\"filles\",\"grossesse\",\"Rehuno Salud\"],\"articleSection\":[\"Am\u00e9rique du Sud\",\"Contenu Original\",\"Droits humains\",\"Genre et f\u00e9minismes\",\"Interviews\",\"Jeunes\"],\"inLanguage\":\"fr-FR\"},{\"@type\":\"WebPage\",\"@id\":\"https:\/\/www.pressenza.com\/fr\/2021\/06\/andrea-testa-parce-que-ce-ne-sont-pas-seulement-les-jeunes-femmes-daujourdhui-qui-sont-concernees-leurs-meres-et-leurs-grands-meres-etaient-aussi-filles-meres\/\",\"url\":\"https:\/\/www.pressenza.com\/fr\/2021\/06\/andrea-testa-parce-que-ce-ne-sont-pas-seulement-les-jeunes-femmes-daujourdhui-qui-sont-concernees-leurs-meres-et-leurs-grands-meres-etaient-aussi-filles-meres\/\",\"name\":\"Andrea Testa : Parce que ce ne sont pas seulement les jeunes femmes d'aujourd'hui qui sont concern\u00e9es, leurs m\u00e8res et leurs grands-m\u00e8res \u00e9taient aussi filles m\u00e8res\",\"isPartOf\":{\"@id\":\"https:\/\/www.pressenza.com\/fr\/#website\"},\"primaryImageOfPage\":{\"@id\":\"https:\/\/www.pressenza.com\/fr\/2021\/06\/andrea-testa-parce-que-ce-ne-sont-pas-seulement-les-jeunes-femmes-daujourdhui-qui-sont-concernees-leurs-meres-et-leurs-grands-meres-etaient-aussi-filles-meres\/#primaryimage\"},\"image\":{\"@id\":\"https:\/\/www.pressenza.com\/fr\/2021\/06\/andrea-testa-parce-que-ce-ne-sont-pas-seulement-les-jeunes-femmes-daujourdhui-qui-sont-concernees-leurs-meres-et-leurs-grands-meres-etaient-aussi-filles-meres\/#primaryimage\"},\"thumbnailUrl\":\"https:\/\/www.pressenza.com\/wp-content\/uploads\/2021\/06\/NM_STILL02.jpg\",\"datePublished\":\"2021-06-18T18:38:18+00:00\",\"dateModified\":\"2021-06-18T18:46:13+00:00\",\"description\":\"Par Flavia Estevan En Am\u00e9rique latine, environ sept adolescentes sur cent \u00e2g\u00e9es de 15 \u00e0 19 ans deviennent m\u00e8res. Ce chiffre est beaucoup plus \u00e9lev\u00e9 si\",\"breadcrumb\":{\"@id\":\"https:\/\/www.pressenza.com\/fr\/2021\/06\/andrea-testa-parce-que-ce-ne-sont-pas-seulement-les-jeunes-femmes-daujourdhui-qui-sont-concernees-leurs-meres-et-leurs-grands-meres-etaient-aussi-filles-meres\/#breadcrumb\"},\"inLanguage\":\"fr-FR\",\"potentialAction\":[{\"@type\":\"ReadAction\",\"target\":[\"https:\/\/www.pressenza.com\/fr\/2021\/06\/andrea-testa-parce-que-ce-ne-sont-pas-seulement-les-jeunes-femmes-daujourdhui-qui-sont-concernees-leurs-meres-et-leurs-grands-meres-etaient-aussi-filles-meres\/\"]}]},{\"@type\":\"ImageObject\",\"inLanguage\":\"fr-FR\",\"@id\":\"https:\/\/www.pressenza.com\/fr\/2021\/06\/andrea-testa-parce-que-ce-ne-sont-pas-seulement-les-jeunes-femmes-daujourdhui-qui-sont-concernees-leurs-meres-et-leurs-grands-meres-etaient-aussi-filles-meres\/#primaryimage\",\"url\":\"https:\/\/www.pressenza.com\/wp-content\/uploads\/2021\/06\/NM_STILL02.jpg\",\"contentUrl\":\"https:\/\/www.pressenza.com\/wp-content\/uploads\/2021\/06\/NM_STILL02.jpg\",\"width\":1920,\"height\":1080,\"caption\":\"Andrea Testa : Parce que ce ne sont pas seulement les jeunes femmes d'aujourd'hui qui sont concern\u00e9es, leurs m\u00e8res et leurs grands-m\u00e8res \u00e9taient aussi filles m\u00e8res\"},{\"@type\":\"BreadcrumbList\",\"@id\":\"https:\/\/www.pressenza.com\/fr\/2021\/06\/andrea-testa-parce-que-ce-ne-sont-pas-seulement-les-jeunes-femmes-daujourdhui-qui-sont-concernees-leurs-meres-et-leurs-grands-meres-etaient-aussi-filles-meres\/#breadcrumb\",\"itemListElement\":[{\"@type\":\"ListItem\",\"position\":1,\"name\":\"Accueil\",\"item\":\"https:\/\/www.pressenza.com\/fr\/\"},{\"@type\":\"ListItem\",\"position\":2,\"name\":\"Andrea Testa : Parce que ce ne sont pas seulement les jeunes femmes d&rsquo;aujourd&rsquo;hui qui sont concern\u00e9es, leurs m\u00e8res et leurs grands-m\u00e8res \u00e9taient aussi filles m\u00e8res\"}]},{\"@type\":\"WebSite\",\"@id\":\"https:\/\/www.pressenza.com\/fr\/#website\",\"url\":\"https:\/\/www.pressenza.com\/fr\/\",\"name\":\"Pressenza\",\"description\":\"International Press Agency\",\"publisher\":{\"@id\":\"https:\/\/www.pressenza.com\/fr\/#organization\"},\"potentialAction\":[{\"@type\":\"SearchAction\",\"target\":{\"@type\":\"EntryPoint\",\"urlTemplate\":\"https:\/\/www.pressenza.com\/fr\/?s={search_term_string}\"},\"query-input\":{\"@type\":\"PropertyValueSpecification\",\"valueRequired\":true,\"valueName\":\"search_term_string\"}}],\"inLanguage\":\"fr-FR\"},{\"@type\":\"Organization\",\"@id\":\"https:\/\/www.pressenza.com\/fr\/#organization\",\"name\":\"Pressenza\",\"url\":\"https:\/\/www.pressenza.com\/fr\/\",\"logo\":{\"@type\":\"ImageObject\",\"inLanguage\":\"fr-FR\",\"@id\":\"https:\/\/www.pressenza.com\/fr\/#\/schema\/logo\/image\/\",\"url\":\"https:\/\/www.pressenza.com\/wp-content\/uploads\/2022\/10\/pressenza_logo_200x200.jpg\",\"contentUrl\":\"https:\/\/www.pressenza.com\/wp-content\/uploads\/2022\/10\/pressenza_logo_200x200.jpg\",\"width\":200,\"height\":200,\"caption\":\"Pressenza\"},\"image\":{\"@id\":\"https:\/\/www.pressenza.com\/fr\/#\/schema\/logo\/image\/\"},\"sameAs\":[\"https:\/\/www.facebook.com\/PressenzaItalia\",\"https:\/\/x.com\/PressenzaIPA\"]},{\"@type\":\"Person\",\"@id\":\"https:\/\/www.pressenza.com\/fr\/#\/schema\/person\/5162be2bf75419d7e91acfc2c50c3870\",\"name\":\"REHUNO - Red Humanista de Noticias en Salud\",\"description\":\"REHUNO is a group of volunteers from different countries, health professionals and\/or users of health services, who want to give voice to a \\\"humanizing view\\\" of health systems from a broad and comprehensive perspective. REHUNO wants to put into words and images the positive news that needs to be highlighted and the negative news that needs to be denounced and happening on a daily basis.http:\/\/rehunosalud.org\/\",\"sameAs\":[\"http:\/\/rehunosalud.org\/\",\"https:\/\/www.facebook.com\/rehunosalud\/\"],\"url\":\"https:\/\/www.pressenza.com\/fr\/author\/rehuno\/\"}]}<\/script>\n<!-- \/ Yoast SEO plugin. -->","yoast_head_json":{"title":"Andrea Testa : Parce que ce ne sont pas seulement les jeunes femmes d'aujourd'hui qui sont concern\u00e9es, leurs m\u00e8res et leurs grands-m\u00e8res \u00e9taient aussi filles m\u00e8res","description":"Par Flavia Estevan En Am\u00e9rique latine, environ sept adolescentes sur cent \u00e2g\u00e9es de 15 \u00e0 19 ans deviennent m\u00e8res. Ce chiffre est beaucoup plus \u00e9lev\u00e9 si","robots":{"index":"index","follow":"follow","max-snippet":"max-snippet:-1","max-image-preview":"max-image-preview:large","max-video-preview":"max-video-preview:-1"},"canonical":"https:\/\/www.pressenza.com\/fr\/2021\/06\/andrea-testa-parce-que-ce-ne-sont-pas-seulement-les-jeunes-femmes-daujourdhui-qui-sont-concernees-leurs-meres-et-leurs-grands-meres-etaient-aussi-filles-meres\/","og_locale":"fr_FR","og_type":"article","og_title":"Andrea Testa : Parce que ce ne sont pas seulement les jeunes femmes d'aujourd'hui qui sont concern\u00e9es, leurs m\u00e8res et leurs grands-m\u00e8res \u00e9taient aussi filles m\u00e8res","og_description":"Par Flavia Estevan En Am\u00e9rique latine, environ sept adolescentes sur cent \u00e2g\u00e9es de 15 \u00e0 19 ans deviennent m\u00e8res. Ce chiffre est beaucoup plus \u00e9lev\u00e9 si","og_url":"https:\/\/www.pressenza.com\/fr\/2021\/06\/andrea-testa-parce-que-ce-ne-sont-pas-seulement-les-jeunes-femmes-daujourdhui-qui-sont-concernees-leurs-meres-et-leurs-grands-meres-etaient-aussi-filles-meres\/","og_site_name":"Pressenza","article_publisher":"https:\/\/www.facebook.com\/PressenzaItalia","article_author":"https:\/\/www.facebook.com\/rehunosalud\/","article_published_time":"2021-06-18T18:38:18+00:00","article_modified_time":"2021-06-18T18:46:13+00:00","og_image":[{"width":1920,"height":1080,"url":"https:\/\/www.pressenza.com\/wp-content\/uploads\/2021\/06\/NM_STILL02.jpg","type":"image\/jpeg"}],"author":"REHUNO - Red Humanista de Noticias en Salud","twitter_card":"summary_large_image","twitter_creator":"@PressenzaIPA","twitter_site":"@PressenzaIPA","twitter_misc":{"\u00c9crit par":"REHUNO - Red Humanista de Noticias en Salud","Dur\u00e9e de lecture estim\u00e9e":"13 minutes"},"schema":{"@context":"https:\/\/schema.org","@graph":[{"@type":"Article","@id":"https:\/\/www.pressenza.com\/fr\/2021\/06\/andrea-testa-parce-que-ce-ne-sont-pas-seulement-les-jeunes-femmes-daujourdhui-qui-sont-concernees-leurs-meres-et-leurs-grands-meres-etaient-aussi-filles-meres\/#article","isPartOf":{"@id":"https:\/\/www.pressenza.com\/fr\/2021\/06\/andrea-testa-parce-que-ce-ne-sont-pas-seulement-les-jeunes-femmes-daujourdhui-qui-sont-concernees-leurs-meres-et-leurs-grands-meres-etaient-aussi-filles-meres\/"},"author":{"name":"REHUNO - Red Humanista de Noticias en Salud","@id":"https:\/\/www.pressenza.com\/fr\/#\/schema\/person\/5162be2bf75419d7e91acfc2c50c3870"},"headline":"Andrea Testa : Parce que ce ne sont pas seulement les jeunes femmes d&rsquo;aujourd&rsquo;hui qui sont concern\u00e9es, leurs m\u00e8res et leurs grands-m\u00e8res \u00e9taient aussi filles m\u00e8res","datePublished":"2021-06-18T18:38:18+00:00","dateModified":"2021-06-18T18:46:13+00:00","mainEntityOfPage":{"@id":"https:\/\/www.pressenza.com\/fr\/2021\/06\/andrea-testa-parce-que-ce-ne-sont-pas-seulement-les-jeunes-femmes-daujourdhui-qui-sont-concernees-leurs-meres-et-leurs-grands-meres-etaient-aussi-filles-meres\/"},"wordCount":2797,"publisher":{"@id":"https:\/\/www.pressenza.com\/fr\/#organization"},"image":{"@id":"https:\/\/www.pressenza.com\/fr\/2021\/06\/andrea-testa-parce-que-ce-ne-sont-pas-seulement-les-jeunes-femmes-daujourdhui-qui-sont-concernees-leurs-meres-et-leurs-grands-meres-etaient-aussi-filles-meres\/#primaryimage"},"thumbnailUrl":"https:\/\/www.pressenza.com\/wp-content\/uploads\/2021\/06\/NM_STILL02.jpg","keywords":["Andrea Testa","f\u00e9minisme","fille maman","filles","grossesse","Rehuno Salud"],"articleSection":["Am\u00e9rique du Sud","Contenu Original","Droits humains","Genre et f\u00e9minismes","Interviews","Jeunes"],"inLanguage":"fr-FR"},{"@type":"WebPage","@id":"https:\/\/www.pressenza.com\/fr\/2021\/06\/andrea-testa-parce-que-ce-ne-sont-pas-seulement-les-jeunes-femmes-daujourdhui-qui-sont-concernees-leurs-meres-et-leurs-grands-meres-etaient-aussi-filles-meres\/","url":"https:\/\/www.pressenza.com\/fr\/2021\/06\/andrea-testa-parce-que-ce-ne-sont-pas-seulement-les-jeunes-femmes-daujourdhui-qui-sont-concernees-leurs-meres-et-leurs-grands-meres-etaient-aussi-filles-meres\/","name":"Andrea Testa : Parce que ce ne sont pas seulement les jeunes femmes d'aujourd'hui qui sont concern\u00e9es, leurs m\u00e8res et leurs grands-m\u00e8res \u00e9taient aussi filles m\u00e8res","isPartOf":{"@id":"https:\/\/www.pressenza.com\/fr\/#website"},"primaryImageOfPage":{"@id":"https:\/\/www.pressenza.com\/fr\/2021\/06\/andrea-testa-parce-que-ce-ne-sont-pas-seulement-les-jeunes-femmes-daujourdhui-qui-sont-concernees-leurs-meres-et-leurs-grands-meres-etaient-aussi-filles-meres\/#primaryimage"},"image":{"@id":"https:\/\/www.pressenza.com\/fr\/2021\/06\/andrea-testa-parce-que-ce-ne-sont-pas-seulement-les-jeunes-femmes-daujourdhui-qui-sont-concernees-leurs-meres-et-leurs-grands-meres-etaient-aussi-filles-meres\/#primaryimage"},"thumbnailUrl":"https:\/\/www.pressenza.com\/wp-content\/uploads\/2021\/06\/NM_STILL02.jpg","datePublished":"2021-06-18T18:38:18+00:00","dateModified":"2021-06-18T18:46:13+00:00","description":"Par Flavia Estevan En Am\u00e9rique latine, environ sept adolescentes sur cent \u00e2g\u00e9es de 15 \u00e0 19 ans deviennent m\u00e8res. Ce chiffre est beaucoup plus \u00e9lev\u00e9 si","breadcrumb":{"@id":"https:\/\/www.pressenza.com\/fr\/2021\/06\/andrea-testa-parce-que-ce-ne-sont-pas-seulement-les-jeunes-femmes-daujourdhui-qui-sont-concernees-leurs-meres-et-leurs-grands-meres-etaient-aussi-filles-meres\/#breadcrumb"},"inLanguage":"fr-FR","potentialAction":[{"@type":"ReadAction","target":["https:\/\/www.pressenza.com\/fr\/2021\/06\/andrea-testa-parce-que-ce-ne-sont-pas-seulement-les-jeunes-femmes-daujourdhui-qui-sont-concernees-leurs-meres-et-leurs-grands-meres-etaient-aussi-filles-meres\/"]}]},{"@type":"ImageObject","inLanguage":"fr-FR","@id":"https:\/\/www.pressenza.com\/fr\/2021\/06\/andrea-testa-parce-que-ce-ne-sont-pas-seulement-les-jeunes-femmes-daujourdhui-qui-sont-concernees-leurs-meres-et-leurs-grands-meres-etaient-aussi-filles-meres\/#primaryimage","url":"https:\/\/www.pressenza.com\/wp-content\/uploads\/2021\/06\/NM_STILL02.jpg","contentUrl":"https:\/\/www.pressenza.com\/wp-content\/uploads\/2021\/06\/NM_STILL02.jpg","width":1920,"height":1080,"caption":"Andrea Testa : Parce que ce ne sont pas seulement les jeunes femmes d'aujourd'hui qui sont concern\u00e9es, leurs m\u00e8res et leurs grands-m\u00e8res \u00e9taient aussi filles m\u00e8res"},{"@type":"BreadcrumbList","@id":"https:\/\/www.pressenza.com\/fr\/2021\/06\/andrea-testa-parce-que-ce-ne-sont-pas-seulement-les-jeunes-femmes-daujourdhui-qui-sont-concernees-leurs-meres-et-leurs-grands-meres-etaient-aussi-filles-meres\/#breadcrumb","itemListElement":[{"@type":"ListItem","position":1,"name":"Accueil","item":"https:\/\/www.pressenza.com\/fr\/"},{"@type":"ListItem","position":2,"name":"Andrea Testa : Parce que ce ne sont pas seulement les jeunes femmes d&rsquo;aujourd&rsquo;hui qui sont concern\u00e9es, leurs m\u00e8res et leurs grands-m\u00e8res \u00e9taient aussi filles m\u00e8res"}]},{"@type":"WebSite","@id":"https:\/\/www.pressenza.com\/fr\/#website","url":"https:\/\/www.pressenza.com\/fr\/","name":"Pressenza","description":"International Press Agency","publisher":{"@id":"https:\/\/www.pressenza.com\/fr\/#organization"},"potentialAction":[{"@type":"SearchAction","target":{"@type":"EntryPoint","urlTemplate":"https:\/\/www.pressenza.com\/fr\/?s={search_term_string}"},"query-input":{"@type":"PropertyValueSpecification","valueRequired":true,"valueName":"search_term_string"}}],"inLanguage":"fr-FR"},{"@type":"Organization","@id":"https:\/\/www.pressenza.com\/fr\/#organization","name":"Pressenza","url":"https:\/\/www.pressenza.com\/fr\/","logo":{"@type":"ImageObject","inLanguage":"fr-FR","@id":"https:\/\/www.pressenza.com\/fr\/#\/schema\/logo\/image\/","url":"https:\/\/www.pressenza.com\/wp-content\/uploads\/2022\/10\/pressenza_logo_200x200.jpg","contentUrl":"https:\/\/www.pressenza.com\/wp-content\/uploads\/2022\/10\/pressenza_logo_200x200.jpg","width":200,"height":200,"caption":"Pressenza"},"image":{"@id":"https:\/\/www.pressenza.com\/fr\/#\/schema\/logo\/image\/"},"sameAs":["https:\/\/www.facebook.com\/PressenzaItalia","https:\/\/x.com\/PressenzaIPA"]},{"@type":"Person","@id":"https:\/\/www.pressenza.com\/fr\/#\/schema\/person\/5162be2bf75419d7e91acfc2c50c3870","name":"REHUNO - Red Humanista de Noticias en Salud","description":"REHUNO is a group of volunteers from different countries, health professionals and\/or users of health services, who want to give voice to a \"humanizing view\" of health systems from a broad and comprehensive perspective. REHUNO wants to put into words and images the positive news that needs to be highlighted and the negative news that needs to be denounced and happening on a daily basis.http:\/\/rehunosalud.org\/","sameAs":["http:\/\/rehunosalud.org\/","https:\/\/www.facebook.com\/rehunosalud\/"],"url":"https:\/\/www.pressenza.com\/fr\/author\/rehuno\/"}]}},"place":"Sao Paulo, Br\u00e8sil","original_article_url":"","_links":{"self":[{"href":"https:\/\/www.pressenza.com\/fr\/wp-json\/wp\/v2\/posts\/1382311","targetHints":{"allow":["GET"]}}],"collection":[{"href":"https:\/\/www.pressenza.com\/fr\/wp-json\/wp\/v2\/posts"}],"about":[{"href":"https:\/\/www.pressenza.com\/fr\/wp-json\/wp\/v2\/types\/post"}],"author":[{"embeddable":true,"href":"https:\/\/www.pressenza.com\/fr\/wp-json\/wp\/v2\/users\/1680"}],"replies":[{"embeddable":true,"href":"https:\/\/www.pressenza.com\/fr\/wp-json\/wp\/v2\/comments?post=1382311"}],"version-history":[{"count":0,"href":"https:\/\/www.pressenza.com\/fr\/wp-json\/wp\/v2\/posts\/1382311\/revisions"}],"wp:featuredmedia":[{"embeddable":true,"href":"https:\/\/www.pressenza.com\/fr\/wp-json\/wp\/v2\/media\/1372917"}],"wp:attachment":[{"href":"https:\/\/www.pressenza.com\/fr\/wp-json\/wp\/v2\/media?parent=1382311"}],"wp:term":[{"taxonomy":"category","embeddable":true,"href":"https:\/\/www.pressenza.com\/fr\/wp-json\/wp\/v2\/categories?post=1382311"},{"taxonomy":"post_tag","embeddable":true,"href":"https:\/\/www.pressenza.com\/fr\/wp-json\/wp\/v2\/tags?post=1382311"}],"curies":[{"name":"wp","href":"https:\/\/api.w.org\/{rel}","templated":true}]}}