{"id":1377229,"date":"2021-06-10T06:12:43","date_gmt":"2021-06-10T05:12:43","guid":{"rendered":"https:\/\/www.pressenza.com\/?p=1377229"},"modified":"2021-06-10T06:12:43","modified_gmt":"2021-06-10T05:12:43","slug":"ratko-mladic-une-sentence-historique-pour-les-victimes-bosniaques","status":"publish","type":"post","link":"https:\/\/www.pressenza.com\/fr\/2021\/06\/ratko-mladic-une-sentence-historique-pour-les-victimes-bosniaques\/","title":{"rendered":"Ratko Mladic, une sentence historique pour les victimes bosniaques"},"content":{"rendered":"<div>\n<p>Le 8 juin, les juges du M\u00e9canisme r\u00e9siduel international pour les tribunaux p\u00e9naux ont prononc\u00e9 la sentence finale contre l&rsquo;ancien chef militaire des Serbes de Bosnie, Ratko Mladic, confirmant sa condamnation \u00e0 perp\u00e9tuit\u00e9 pour le g\u00e9nocide de Srebrenica en 1995.<\/p>\n<p>Mladic avait \u00e9t\u00e9 condamn\u00e9 en 2017 \u00e0 la prison \u00e0 vie pour sa responsabilit\u00e9 directe dans le meurtre de plus de 8 000 civils musulmans dans la ville de Srebrenica et pour des crimes de guerre et des crimes contre l&rsquo;humanit\u00e9 commis entre 1992 et 1995 pendant la guerre de Bosnie.<\/p>\n<\/div>\n<div><\/div>\n","protected":false},"excerpt":{"rendered":"<p>Le 8 juin, les juges du M\u00e9canisme r\u00e9siduel international pour les tribunaux p\u00e9naux ont prononc\u00e9 la sentence finale contre l&rsquo;ancien chef militaire des Serbes de Bosnie, Ratko Mladic, confirmant sa condamnation \u00e0 perp\u00e9tuit\u00e9 pour le g\u00e9nocide de Srebrenica en 1995.&hellip;<\/p>\n","protected":false},"author":1334,"featured_media":1376591,"comment_status":"closed","ping_status":"closed","sticky":false,"template":"","format":"standard","meta":{"footnotes":""},"categories":[11386,98,85],"tags":[9103,66245,91835,91836],"class_list":["post-1377229","post","type-post","status-publish","format-standard","has-post-thumbnail","hentry","category-contenu-original","category-droits-de-lhomme","category-europe-fr","tag-bosnie","tag-genocide-fr","tag-ratko-mladic-fr","tag-srebrenica-fr"],"yoast_head":"<!-- This site is optimized with the Yoast SEO plugin v27.1.1 - https:\/\/yoast.com\/product\/yoast-seo-wordpress\/ -->\n<title>Ratko Mladic, une sentence historique pour les victimes bosniaques<\/title>\n<meta name=\"description\" content=\"Le 8 juin, les juges du M\u00e9canisme r\u00e9siduel international pour les tribunaux p\u00e9naux ont prononc\u00e9 la sentence finale contre l&#039;ancien chef militaire des\" \/>\n<meta name=\"robots\" content=\"index, follow, max-snippet:-1, max-image-preview:large, max-video-preview:-1\" \/>\n<link rel=\"canonical\" href=\"https:\/\/www.pressenza.com\/fr\/2021\/06\/ratko-mladic-une-sentence-historique-pour-les-victimes-bosniaques\/\" \/>\n<meta property=\"og:locale\" content=\"fr_FR\" \/>\n<meta property=\"og:type\" content=\"article\" \/>\n<meta property=\"og:title\" content=\"Ratko Mladic, une sentence historique pour les victimes bosniaques\" \/>\n<meta property=\"og:description\" content=\"Le 8 juin, les juges du M\u00e9canisme r\u00e9siduel international pour les tribunaux p\u00e9naux ont prononc\u00e9 la sentence finale contre l&#039;ancien chef militaire des\" \/>\n<meta property=\"og:url\" content=\"https:\/\/www.pressenza.com\/fr\/2021\/06\/ratko-mladic-une-sentence-historique-pour-les-victimes-bosniaques\/\" \/>\n<meta property=\"og:site_name\" content=\"Pressenza\" \/>\n<meta property=\"article:publisher\" content=\"https:\/\/www.facebook.com\/PressenzaItalia\" \/>\n<meta property=\"article:author\" content=\"https:\/\/www.facebook.com\/p\/Riccardo-Noury-100041166531808\/\" \/>\n<meta property=\"article:published_time\" content=\"2021-06-10T05:12:43+00:00\" \/>\n<meta property=\"og:image\" content=\"https:\/\/www.pressenza.com\/wp-content\/uploads\/2021\/06\/Srebenica-AI-720x263.jpg\" \/>\n\t<meta property=\"og:image:width\" content=\"720\" \/>\n\t<meta property=\"og:image:height\" content=\"263\" \/>\n\t<meta property=\"og:image:type\" content=\"image\/jpeg\" \/>\n<meta name=\"author\" content=\"Riccardo Noury\" \/>\n<meta name=\"twitter:card\" content=\"summary_large_image\" \/>\n<meta name=\"twitter:creator\" content=\"@riccardonoury\" \/>\n<meta name=\"twitter:site\" content=\"@PressenzaIPA\" \/>\n<meta name=\"twitter:label1\" content=\"\u00c9crit par\" \/>\n\t<meta name=\"twitter:data1\" content=\"Riccardo Noury\" \/>\n<script type=\"application\/ld+json\" class=\"yoast-schema-graph\">{\"@context\":\"https:\/\/schema.org\",\"@graph\":[{\"@type\":\"Article\",\"@id\":\"https:\/\/www.pressenza.com\/fr\/2021\/06\/ratko-mladic-une-sentence-historique-pour-les-victimes-bosniaques\/#article\",\"isPartOf\":{\"@id\":\"https:\/\/www.pressenza.com\/fr\/2021\/06\/ratko-mladic-une-sentence-historique-pour-les-victimes-bosniaques\/\"},\"author\":{\"name\":\"Riccardo Noury\",\"@id\":\"https:\/\/www.pressenza.com\/fr\/#\/schema\/person\/8f342cd59f9d5aae911255240684f81e\"},\"headline\":\"Ratko Mladic, une sentence historique pour les victimes bosniaques\",\"datePublished\":\"2021-06-10T05:12:43+00:00\",\"mainEntityOfPage\":{\"@id\":\"https:\/\/www.pressenza.com\/fr\/2021\/06\/ratko-mladic-une-sentence-historique-pour-les-victimes-bosniaques\/\"},\"wordCount\":97,\"publisher\":{\"@id\":\"https:\/\/www.pressenza.com\/fr\/#organization\"},\"image\":{\"@id\":\"https:\/\/www.pressenza.com\/fr\/2021\/06\/ratko-mladic-une-sentence-historique-pour-les-victimes-bosniaques\/#primaryimage\"},\"thumbnailUrl\":\"https:\/\/www.pressenza.com\/wp-content\/uploads\/2021\/06\/Srebenica-AI.jpg\",\"keywords\":[\"Bosnie\",\"genocide\",\"Ratko Mladic\",\"Srebrenica\"],\"articleSection\":[\"Contenu Original\",\"Droits humains\",\"Europe\"],\"inLanguage\":\"fr-FR\"},{\"@type\":\"WebPage\",\"@id\":\"https:\/\/www.pressenza.com\/fr\/2021\/06\/ratko-mladic-une-sentence-historique-pour-les-victimes-bosniaques\/\",\"url\":\"https:\/\/www.pressenza.com\/fr\/2021\/06\/ratko-mladic-une-sentence-historique-pour-les-victimes-bosniaques\/\",\"name\":\"Ratko Mladic, une sentence historique pour les victimes bosniaques\",\"isPartOf\":{\"@id\":\"https:\/\/www.pressenza.com\/fr\/#website\"},\"primaryImageOfPage\":{\"@id\":\"https:\/\/www.pressenza.com\/fr\/2021\/06\/ratko-mladic-une-sentence-historique-pour-les-victimes-bosniaques\/#primaryimage\"},\"image\":{\"@id\":\"https:\/\/www.pressenza.com\/fr\/2021\/06\/ratko-mladic-une-sentence-historique-pour-les-victimes-bosniaques\/#primaryimage\"},\"thumbnailUrl\":\"https:\/\/www.pressenza.com\/wp-content\/uploads\/2021\/06\/Srebenica-AI.jpg\",\"datePublished\":\"2021-06-10T05:12:43+00:00\",\"description\":\"Le 8 juin, les juges du M\u00e9canisme r\u00e9siduel international pour les tribunaux p\u00e9naux ont prononc\u00e9 la sentence finale contre l'ancien chef militaire des\",\"breadcrumb\":{\"@id\":\"https:\/\/www.pressenza.com\/fr\/2021\/06\/ratko-mladic-une-sentence-historique-pour-les-victimes-bosniaques\/#breadcrumb\"},\"inLanguage\":\"fr-FR\",\"potentialAction\":[{\"@type\":\"ReadAction\",\"target\":[\"https:\/\/www.pressenza.com\/fr\/2021\/06\/ratko-mladic-une-sentence-historique-pour-les-victimes-bosniaques\/\"]}]},{\"@type\":\"ImageObject\",\"inLanguage\":\"fr-FR\",\"@id\":\"https:\/\/www.pressenza.com\/fr\/2021\/06\/ratko-mladic-une-sentence-historique-pour-les-victimes-bosniaques\/#primaryimage\",\"url\":\"https:\/\/www.pressenza.com\/wp-content\/uploads\/2021\/06\/Srebenica-AI.jpg\",\"contentUrl\":\"https:\/\/www.pressenza.com\/wp-content\/uploads\/2021\/06\/Srebenica-AI.jpg\",\"width\":1920,\"height\":700,\"caption\":\"(\u03a6\u03c9\u03c4\u03bf\u03b3\u03c1\u03b1\u03c6\u03af\u03b1: \u0394\u03b9\u03b5\u03b8\u03bd\u03ae\u03c2 \u0391\u03bc\u03bd\u03b7\u03c3\u03c4\u03af\u03b1)\"},{\"@type\":\"BreadcrumbList\",\"@id\":\"https:\/\/www.pressenza.com\/fr\/2021\/06\/ratko-mladic-une-sentence-historique-pour-les-victimes-bosniaques\/#breadcrumb\",\"itemListElement\":[{\"@type\":\"ListItem\",\"position\":1,\"name\":\"Accueil\",\"item\":\"https:\/\/www.pressenza.com\/fr\/\"},{\"@type\":\"ListItem\",\"position\":2,\"name\":\"Ratko Mladic, une sentence historique pour les victimes bosniaques\"}]},{\"@type\":\"WebSite\",\"@id\":\"https:\/\/www.pressenza.com\/fr\/#website\",\"url\":\"https:\/\/www.pressenza.com\/fr\/\",\"name\":\"Pressenza\",\"description\":\"International Press Agency\",\"publisher\":{\"@id\":\"https:\/\/www.pressenza.com\/fr\/#organization\"},\"potentialAction\":[{\"@type\":\"SearchAction\",\"target\":{\"@type\":\"EntryPoint\",\"urlTemplate\":\"https:\/\/www.pressenza.com\/fr\/?s={search_term_string}\"},\"query-input\":{\"@type\":\"PropertyValueSpecification\",\"valueRequired\":true,\"valueName\":\"search_term_string\"}}],\"inLanguage\":\"fr-FR\"},{\"@type\":\"Organization\",\"@id\":\"https:\/\/www.pressenza.com\/fr\/#organization\",\"name\":\"Pressenza\",\"url\":\"https:\/\/www.pressenza.com\/fr\/\",\"logo\":{\"@type\":\"ImageObject\",\"inLanguage\":\"fr-FR\",\"@id\":\"https:\/\/www.pressenza.com\/fr\/#\/schema\/logo\/image\/\",\"url\":\"https:\/\/www.pressenza.com\/wp-content\/uploads\/2022\/10\/pressenza_logo_200x200.jpg\",\"contentUrl\":\"https:\/\/www.pressenza.com\/wp-content\/uploads\/2022\/10\/pressenza_logo_200x200.jpg\",\"width\":200,\"height\":200,\"caption\":\"Pressenza\"},\"image\":{\"@id\":\"https:\/\/www.pressenza.com\/fr\/#\/schema\/logo\/image\/\"},\"sameAs\":[\"https:\/\/www.facebook.com\/PressenzaItalia\",\"https:\/\/x.com\/PressenzaIPA\"]},{\"@type\":\"Person\",\"@id\":\"https:\/\/www.pressenza.com\/fr\/#\/schema\/person\/8f342cd59f9d5aae911255240684f81e\",\"name\":\"Riccardo Noury\",\"sameAs\":[\"http:\/\/www.amnesty.it\/\",\"https:\/\/www.facebook.com\/p\/Riccardo-Noury-100041166531808\/\",\"https:\/\/www.instagram.com\/riccardonoury9241\",\"https:\/\/x.com\/riccardonoury\"],\"url\":\"https:\/\/www.pressenza.com\/fr\/author\/riccardo-noury\/\"}]}<\/script>\n<!-- \/ Yoast SEO plugin. -->","yoast_head_json":{"title":"Ratko Mladic, une sentence historique pour les victimes bosniaques","description":"Le 8 juin, les juges du M\u00e9canisme r\u00e9siduel international pour les tribunaux p\u00e9naux ont prononc\u00e9 la sentence finale contre l'ancien chef militaire des","robots":{"index":"index","follow":"follow","max-snippet":"max-snippet:-1","max-image-preview":"max-image-preview:large","max-video-preview":"max-video-preview:-1"},"canonical":"https:\/\/www.pressenza.com\/fr\/2021\/06\/ratko-mladic-une-sentence-historique-pour-les-victimes-bosniaques\/","og_locale":"fr_FR","og_type":"article","og_title":"Ratko Mladic, une sentence historique pour les victimes bosniaques","og_description":"Le 8 juin, les juges du M\u00e9canisme r\u00e9siduel international pour les tribunaux p\u00e9naux ont prononc\u00e9 la sentence finale contre l'ancien chef militaire des","og_url":"https:\/\/www.pressenza.com\/fr\/2021\/06\/ratko-mladic-une-sentence-historique-pour-les-victimes-bosniaques\/","og_site_name":"Pressenza","article_publisher":"https:\/\/www.facebook.com\/PressenzaItalia","article_author":"https:\/\/www.facebook.com\/p\/Riccardo-Noury-100041166531808\/","article_published_time":"2021-06-10T05:12:43+00:00","og_image":[{"width":720,"height":263,"url":"https:\/\/www.pressenza.com\/wp-content\/uploads\/2021\/06\/Srebenica-AI-720x263.jpg","type":"image\/jpeg"}],"author":"Riccardo Noury","twitter_card":"summary_large_image","twitter_creator":"@riccardonoury","twitter_site":"@PressenzaIPA","twitter_misc":{"\u00c9crit par":"Riccardo Noury"},"schema":{"@context":"https:\/\/schema.org","@graph":[{"@type":"Article","@id":"https:\/\/www.pressenza.com\/fr\/2021\/06\/ratko-mladic-une-sentence-historique-pour-les-victimes-bosniaques\/#article","isPartOf":{"@id":"https:\/\/www.pressenza.com\/fr\/2021\/06\/ratko-mladic-une-sentence-historique-pour-les-victimes-bosniaques\/"},"author":{"name":"Riccardo Noury","@id":"https:\/\/www.pressenza.com\/fr\/#\/schema\/person\/8f342cd59f9d5aae911255240684f81e"},"headline":"Ratko Mladic, une sentence historique pour les victimes bosniaques","datePublished":"2021-06-10T05:12:43+00:00","mainEntityOfPage":{"@id":"https:\/\/www.pressenza.com\/fr\/2021\/06\/ratko-mladic-une-sentence-historique-pour-les-victimes-bosniaques\/"},"wordCount":97,"publisher":{"@id":"https:\/\/www.pressenza.com\/fr\/#organization"},"image":{"@id":"https:\/\/www.pressenza.com\/fr\/2021\/06\/ratko-mladic-une-sentence-historique-pour-les-victimes-bosniaques\/#primaryimage"},"thumbnailUrl":"https:\/\/www.pressenza.com\/wp-content\/uploads\/2021\/06\/Srebenica-AI.jpg","keywords":["Bosnie","genocide","Ratko Mladic","Srebrenica"],"articleSection":["Contenu Original","Droits humains","Europe"],"inLanguage":"fr-FR"},{"@type":"WebPage","@id":"https:\/\/www.pressenza.com\/fr\/2021\/06\/ratko-mladic-une-sentence-historique-pour-les-victimes-bosniaques\/","url":"https:\/\/www.pressenza.com\/fr\/2021\/06\/ratko-mladic-une-sentence-historique-pour-les-victimes-bosniaques\/","name":"Ratko Mladic, une sentence historique pour les victimes bosniaques","isPartOf":{"@id":"https:\/\/www.pressenza.com\/fr\/#website"},"primaryImageOfPage":{"@id":"https:\/\/www.pressenza.com\/fr\/2021\/06\/ratko-mladic-une-sentence-historique-pour-les-victimes-bosniaques\/#primaryimage"},"image":{"@id":"https:\/\/www.pressenza.com\/fr\/2021\/06\/ratko-mladic-une-sentence-historique-pour-les-victimes-bosniaques\/#primaryimage"},"thumbnailUrl":"https:\/\/www.pressenza.com\/wp-content\/uploads\/2021\/06\/Srebenica-AI.jpg","datePublished":"2021-06-10T05:12:43+00:00","description":"Le 8 juin, les juges du M\u00e9canisme r\u00e9siduel international pour les tribunaux p\u00e9naux ont prononc\u00e9 la sentence finale contre l'ancien chef militaire des","breadcrumb":{"@id":"https:\/\/www.pressenza.com\/fr\/2021\/06\/ratko-mladic-une-sentence-historique-pour-les-victimes-bosniaques\/#breadcrumb"},"inLanguage":"fr-FR","potentialAction":[{"@type":"ReadAction","target":["https:\/\/www.pressenza.com\/fr\/2021\/06\/ratko-mladic-une-sentence-historique-pour-les-victimes-bosniaques\/"]}]},{"@type":"ImageObject","inLanguage":"fr-FR","@id":"https:\/\/www.pressenza.com\/fr\/2021\/06\/ratko-mladic-une-sentence-historique-pour-les-victimes-bosniaques\/#primaryimage","url":"https:\/\/www.pressenza.com\/wp-content\/uploads\/2021\/06\/Srebenica-AI.jpg","contentUrl":"https:\/\/www.pressenza.com\/wp-content\/uploads\/2021\/06\/Srebenica-AI.jpg","width":1920,"height":700,"caption":"(\u03a6\u03c9\u03c4\u03bf\u03b3\u03c1\u03b1\u03c6\u03af\u03b1: \u0394\u03b9\u03b5\u03b8\u03bd\u03ae\u03c2 \u0391\u03bc\u03bd\u03b7\u03c3\u03c4\u03af\u03b1)"},{"@type":"BreadcrumbList","@id":"https:\/\/www.pressenza.com\/fr\/2021\/06\/ratko-mladic-une-sentence-historique-pour-les-victimes-bosniaques\/#breadcrumb","itemListElement":[{"@type":"ListItem","position":1,"name":"Accueil","item":"https:\/\/www.pressenza.com\/fr\/"},{"@type":"ListItem","position":2,"name":"Ratko Mladic, une sentence historique pour les victimes bosniaques"}]},{"@type":"WebSite","@id":"https:\/\/www.pressenza.com\/fr\/#website","url":"https:\/\/www.pressenza.com\/fr\/","name":"Pressenza","description":"International Press Agency","publisher":{"@id":"https:\/\/www.pressenza.com\/fr\/#organization"},"potentialAction":[{"@type":"SearchAction","target":{"@type":"EntryPoint","urlTemplate":"https:\/\/www.pressenza.com\/fr\/?s={search_term_string}"},"query-input":{"@type":"PropertyValueSpecification","valueRequired":true,"valueName":"search_term_string"}}],"inLanguage":"fr-FR"},{"@type":"Organization","@id":"https:\/\/www.pressenza.com\/fr\/#organization","name":"Pressenza","url":"https:\/\/www.pressenza.com\/fr\/","logo":{"@type":"ImageObject","inLanguage":"fr-FR","@id":"https:\/\/www.pressenza.com\/fr\/#\/schema\/logo\/image\/","url":"https:\/\/www.pressenza.com\/wp-content\/uploads\/2022\/10\/pressenza_logo_200x200.jpg","contentUrl":"https:\/\/www.pressenza.com\/wp-content\/uploads\/2022\/10\/pressenza_logo_200x200.jpg","width":200,"height":200,"caption":"Pressenza"},"image":{"@id":"https:\/\/www.pressenza.com\/fr\/#\/schema\/logo\/image\/"},"sameAs":["https:\/\/www.facebook.com\/PressenzaItalia","https:\/\/x.com\/PressenzaIPA"]},{"@type":"Person","@id":"https:\/\/www.pressenza.com\/fr\/#\/schema\/person\/8f342cd59f9d5aae911255240684f81e","name":"Riccardo Noury","sameAs":["http:\/\/www.amnesty.it\/","https:\/\/www.facebook.com\/p\/Riccardo-Noury-100041166531808\/","https:\/\/www.instagram.com\/riccardonoury9241","https:\/\/x.com\/riccardonoury"],"url":"https:\/\/www.pressenza.com\/fr\/author\/riccardo-noury\/"}]}},"place":"","original_article_url":"","_links":{"self":[{"href":"https:\/\/www.pressenza.com\/fr\/wp-json\/wp\/v2\/posts\/1377229","targetHints":{"allow":["GET"]}}],"collection":[{"href":"https:\/\/www.pressenza.com\/fr\/wp-json\/wp\/v2\/posts"}],"about":[{"href":"https:\/\/www.pressenza.com\/fr\/wp-json\/wp\/v2\/types\/post"}],"author":[{"embeddable":true,"href":"https:\/\/www.pressenza.com\/fr\/wp-json\/wp\/v2\/users\/1334"}],"replies":[{"embeddable":true,"href":"https:\/\/www.pressenza.com\/fr\/wp-json\/wp\/v2\/comments?post=1377229"}],"version-history":[{"count":0,"href":"https:\/\/www.pressenza.com\/fr\/wp-json\/wp\/v2\/posts\/1377229\/revisions"}],"wp:featuredmedia":[{"embeddable":true,"href":"https:\/\/www.pressenza.com\/fr\/wp-json\/wp\/v2\/media\/1376591"}],"wp:attachment":[{"href":"https:\/\/www.pressenza.com\/fr\/wp-json\/wp\/v2\/media?parent=1377229"}],"wp:term":[{"taxonomy":"category","embeddable":true,"href":"https:\/\/www.pressenza.com\/fr\/wp-json\/wp\/v2\/categories?post=1377229"},{"taxonomy":"post_tag","embeddable":true,"href":"https:\/\/www.pressenza.com\/fr\/wp-json\/wp\/v2\/tags?post=1377229"}],"curies":[{"name":"wp","href":"https:\/\/api.w.org\/{rel}","templated":true}]}}