{"id":1365571,"date":"2021-05-21T20:52:17","date_gmt":"2021-05-21T19:52:17","guid":{"rendered":"https:\/\/www.pressenza.com\/?p=1365571"},"modified":"2021-05-21T21:16:04","modified_gmt":"2021-05-21T20:16:04","slug":"interview-a-manon-aubry-la-sante-mondiale-ne-peut-etre-consideree-comme-un-marche","status":"publish","type":"post","link":"https:\/\/www.pressenza.com\/fr\/2021\/05\/interview-a-manon-aubry-la-sante-mondiale-ne-peut-etre-consideree-comme-un-marche\/","title":{"rendered":"Interview de Manon Aubry : \u00ab\u00a0La sant\u00e9 mondiale ne peut \u00eatre consid\u00e9r\u00e9e comme un march\u00e9\u00a0\u00bb"},"content":{"rendered":"<p><em>Le Parlement europ\u00e9en a approuv\u00e9 par 293 voix contre 284 un amendement dans lequel \u00ab\u00a0l&rsquo;UE est invit\u00e9e \u00e0 soutenir l&rsquo;initiative pr\u00e9sent\u00e9e par l&rsquo;Inde et l&rsquo;Afrique du Sud \u00e0 l&rsquo;Organisation mondiale du commerce, qui demande une suspension temporaire des droits de propri\u00e9t\u00e9 intellectuelle relatifs aux vaccins, aux \u00e9quipements et aux th\u00e9rapies pour lutter contre le COVID-19.<\/em><br \/>\n<em>Nous en avons parl\u00e9 avec Manon Aubry, membre du groupe GUE\/NGL, qui se bat depuis longtemps pour la libert\u00e9 des vaccins au Parlement europ\u00e9en.<\/em><\/p>\n<p><b><span lang=\"FR\">La votation d&rsquo;hier a bris\u00e9 le front pro multinationales. Quel est ton avis et sentiment ?<\/span><\/b><u><\/u><u><\/u><\/p>\n<p><span lang=\"FR\">Le vote de notre amendement appelant clairement \u00e0 soutenir la proposition de l\u2019Inde et de l\u2019Afrique du sud \u00e0 l\u2019OMC est une magnifique victoire contre les lobbies des big pharmas. C\u2019est le r\u00e9sultat d\u2019un combat acharn\u00e9 que nous menons depuis des mois au Parlement europ\u00e9en (o\u00f9 nous \u00e9tions bien seuls initialement) aux c\u00f4t\u00e9s des ONG et des citoyens. Nous pouvons maintenant affirmer que le Parlement europ\u00e9en est officiellement dans le camp de la lev\u00e9e des brevets sur les vaccins : cela met une pression suppl\u00e9mentaire sur la Commission, le Conseil et les \u00c9tats membres. Ils ne pourront plus se d\u00e9fausser et devront assumer leurs responsabilit\u00e9s : veulent-ils \u00eatre les seuls au monde \u00e0 bloquer ce qui permettrait de sortir de la p\u00e9nurie et de\u00a0 vacciner la Plan\u00e8te enti\u00e8re pour prot\u00e9ger les profits de quelques actionnaires?<u><\/u><u><\/u><\/span><\/p>\n<p><span lang=\"FR\">\u00a0<\/span><b><span lang=\"FR\">Quels sont les prochains pas, au parlement et dehors ?<\/span><\/b><\/p>\n<p><span lang=\"FR\">Il y a beaucoup d\u2019hypocrisie au sein des institutions et des gouvernements europ\u00e9ens sur la question de la lev\u00e9e des brevets. Le revirement surprise de Biden a forc\u00e9 Macron \u00e0 r\u00e9trop\u00e9daler sur le sujet, s\u2019affirmant \u201ctr\u00e8s favorable\u201d alors qu\u2019il a toujours vot\u00e9 contre \u00e0 l\u2019OMC ainsi que son groupe \u00e0 l\u2019Assembl\u00e9e nationale et au Parlement europ\u00e9en. Mais Merkel a imm\u00e9diatement r\u00e9agi pour marquer son opposition ferme \u00e0 toute remise en cause des brevets et depuis, on ne sait plus trop quelle est la position de la France. Notre objectif est double aujourd\u2019hui. D\u2019abord, continuer \u00e0 mettre la pression au Parlement europ\u00e9en qui va voter une r\u00e9solution sp\u00e9cifique sur le sujet en juin pour forcer la Commission et le Conseil \u00e0 se positionner clairement lors des prochaines r\u00e9unions de l\u2019OMC. Et ensuite \u00e9largir le sujet pour que le d\u00e9bat sur les brevets des vaccins Covid fasse jurisprudence \u00e0 l\u2019avenir : la sant\u00e9 mondiale ne peut \u00eatre consid\u00e9r\u00e9e comme un march\u00e9 lorsque des millions de vies sont en jeu !<u><\/u><u><\/u><\/span><\/p>\n<p><span lang=\"FR\"><u><\/u>\u00a0<u><\/u><\/span><\/p>\n<p><b><span lang=\"FR\">A l&rsquo;interieur du mouvement <em>noprofitonpandemic<\/em> il y a eu des r\u00e9actions diff\u00e9rentes aux declarations de Biden. Quelle est ton sentiment a ce sujet ?<\/span><\/b><\/p>\n<p><span lang=\"FR\">Nous ne sommes pas dupes : Biden n\u2019est pas devenu du jour au lendemain un grand r\u00e9volutionnaire qui veut emp\u00eacher tout profit sur la pand\u00e9mie et cr\u00e9er des p\u00f4les publics du m\u00e9dicament ! Il faut voir le revirement de Biden comme une opportunit\u00e9 \u00e0 saisir et c\u2019est ce que nous avons fait avec succ\u00e8s au parlement europ\u00e9en. Cela n\u2019emp\u00eache pas de rester sur nos gardes : nous voulons une lev\u00e9e imm\u00e9diate, compl\u00e8te et durable des brevets sur les vaccins, pas un compromis au rabais. Et nous voulons aussi un partage \u00e9quitable des mati\u00e8res premi\u00e8res n\u00e9cessaires ainsi que des transferts de technologies et de savoir-faire obligatoires de la part des grands labos. Ces mesures ne s\u2019opposent pas comme le pr\u00e9tend l\u2019Union europ\u00e9enne : au contraire, elles se compl\u00e8tent ! C\u2019est ainsi que nous pourrons mobiliser toutes les capacit\u00e9s de production mondiales qui restent aujourd\u2019hui inutilis\u00e9es.<u><\/u><u><\/u><\/span><\/p>\n<p><span lang=\"FR\"><u><\/u>\u00a0<u><\/u><\/span><\/p>\n<p><b><span lang=\"FR\">Le temps passe. Nous esp\u00e9rons r\u00e9ussir \u00e0 rendre disponible les vaccins pour les pays qui en ont le plus besoin ?<\/span><\/b><\/p>\n<p><span lang=\"FR\">Un an a \u00e9t\u00e9 perdu en refusant de s\u2019organiser d\u00e8s le d\u00e9part pour penser la vaccination comme un enjeu mondial et le vaccin comme un bien commun de l\u2019humanit\u00e9. On en paie aujourd\u2019hui le prix fort avec des pays ravag\u00e9s par la pand\u00e9mie et\u00a0 l\u2019\u00e9mergence de nouveaux variants. L\u2019Union europ\u00e9enne est directement responsable de cette impasse et nous continuerons \u00e0 demander une Commission d\u2019enqu\u00eate pour que ses dirigeants rendent des comptes. Mais il n\u2019est pas trop tard pour r\u00e9agir et changer de politique. Si nous obtenons la lev\u00e9e des brevets et les transferts obligatoires de technologie, nous pouvons esp\u00e9rer des lignes de production nouvelles d\u2019ici quelques mois. Nous n\u2019avons plus une seconde \u00e0 perdre car l\u2019inaction tue. Il faut au minimum 15 \u00e0 20 milliards de doses l\u2019ann\u00e9e prochaine, peut-\u00eatre plus s\u2019il faut des rappels r\u00e9guliers ou adapt\u00e9s aux variants. C\u2019est encore possible de le faire mais il faut s\u2019y mettre d\u00e8s maintenant et arr\u00eater d\u2019attendre poliment que les big pharmas le fassent.\u00a0\u00a0<u><\/u><u><\/u><\/span><\/p>\n<p><span lang=\"FR\"><u><\/u>\u00a0<u><\/u><\/span><\/p>\n<p><b><span lang=\"FR\">La pand\u00e9mie est en train d&rsquo;\u00e9clipser beaucoup d&rsquo;autres urgences sociales. Sur quoi faut-il travailler dans les mois \u00e0 venir ?<\/span><\/b><\/p>\n<p><span lang=\"FR\">La pand\u00e9mie est une \u00e9v\u00e9nement sans pr\u00e9c\u00e9dent dans l\u2019Histoire r\u00e9cente et a pris tout le monde de court. Il est normal que la crise sanitaire ait occup\u00e9 le devant de l\u2019actualit\u00e9 pendant un an mais il est d\u00e9sormais temps de parler de la quatri\u00e8me vague qui est et sera sociale. La pauvret\u00e9 explose partout en Europe. Les jeunes font la queue dans les soupes populaires. Les ind\u00e9pendants ont accumul\u00e9 des dettes et risquent la faillite du jour au lendemain. La situation est extr\u00eamement grave et appelle \u00e0 des mesures d\u2019urgence imm\u00e9diates. Il faut d\u2019abord se redonner des marges de man\u0153uvres budg\u00e9taires : annuler les dettes publiques d\u00e9tenues par la banque centrale europ\u00e9enne et mettre en place des imp\u00f4ts sur les profiteurs de crise, milliardaires comme multinationales. Cela permettrait de financer le volet social du plan de relance, que l\u2019Union europ\u00e9enne a totalement ignor\u00e9 ! Si Biden peut le faire aux \u00c9tats-Unis, nous pouvons le faire en Europe.<\/span><u><\/u><u><\/u><\/p>\n<div class=\"yj6qo ajU\"><\/div>\n<p>&nbsp;<\/p>\n","protected":false},"excerpt":{"rendered":"<p>Le Parlement europ\u00e9en a approuv\u00e9 par 293 voix contre 284 un amendement dans lequel \u00ab\u00a0l&rsquo;UE est invit\u00e9e \u00e0 soutenir l&rsquo;initiative pr\u00e9sent\u00e9e par l&rsquo;Inde et l&rsquo;Afrique du Sud \u00e0 l&rsquo;Organisation mondiale du commerce, qui demande une suspension temporaire des droits de&hellip;<\/p>\n","protected":false},"author":10,"featured_media":1311833,"comment_status":"closed","ping_status":"closed","sticky":false,"template":"","format":"standard","meta":{"footnotes":""},"categories":[11386,85,156,93,1245],"tags":[82262,88225,17559,4715],"class_list":["post-1365571","post","type-post","status-publish","format-standard","has-post-thumbnail","hentry","category-contenu-original","category-europe-fr","category-interview-fr","category-politique","category-sante-sujet","tag-joe-biden-fr","tag-manon-aubry-fr","tag-parlement-europeen","tag-vaccins"],"yoast_head":"<!-- This site is optimized with the Yoast SEO plugin v27.1.1 - https:\/\/yoast.com\/product\/yoast-seo-wordpress\/ -->\n<title>Interview de Manon Aubry : &quot;La sant\u00e9 mondiale ne peut \u00eatre consid\u00e9r\u00e9e comme un march\u00e9&quot;<\/title>\n<meta name=\"description\" content=\"Le Parlement europ\u00e9en a approuv\u00e9 par 293 voix contre 284 un amendement dans lequel &quot;l&#039;UE est invit\u00e9e \u00e0 soutenir l&#039;initiative pr\u00e9sent\u00e9e par l&#039;Inde et\" \/>\n<meta name=\"robots\" content=\"index, follow, max-snippet:-1, max-image-preview:large, max-video-preview:-1\" \/>\n<link rel=\"canonical\" href=\"https:\/\/www.pressenza.com\/fr\/2021\/05\/interview-a-manon-aubry-la-sante-mondiale-ne-peut-etre-consideree-comme-un-marche\/\" \/>\n<meta property=\"og:locale\" content=\"fr_FR\" \/>\n<meta property=\"og:type\" content=\"article\" \/>\n<meta property=\"og:title\" content=\"Interview de Manon Aubry : &quot;La sant\u00e9 mondiale ne peut \u00eatre consid\u00e9r\u00e9e comme un march\u00e9&quot;\" \/>\n<meta property=\"og:description\" content=\"Le Parlement europ\u00e9en a approuv\u00e9 par 293 voix contre 284 un amendement dans lequel &quot;l&#039;UE est invit\u00e9e \u00e0 soutenir l&#039;initiative pr\u00e9sent\u00e9e par l&#039;Inde et\" \/>\n<meta property=\"og:url\" content=\"https:\/\/www.pressenza.com\/fr\/2021\/05\/interview-a-manon-aubry-la-sante-mondiale-ne-peut-etre-consideree-comme-un-marche\/\" \/>\n<meta property=\"og:site_name\" content=\"Pressenza\" \/>\n<meta property=\"article:publisher\" content=\"https:\/\/www.facebook.com\/PressenzaItalia\" \/>\n<meta property=\"article:published_time\" content=\"2021-05-21T19:52:17+00:00\" \/>\n<meta property=\"article:modified_time\" content=\"2021-05-21T20:16:04+00:00\" \/>\n<meta property=\"og:image\" content=\"https:\/\/www.pressenza.com\/wp-content\/uploads\/2021\/03\/manon-aubry.jpg\" \/>\n\t<meta property=\"og:image:width\" content=\"900\" \/>\n\t<meta property=\"og:image:height\" content=\"600\" \/>\n\t<meta property=\"og:image:type\" content=\"image\/jpeg\" \/>\n<meta name=\"author\" content=\"Olivier Turquet\" \/>\n<meta name=\"twitter:card\" content=\"summary_large_image\" \/>\n<meta name=\"twitter:creator\" content=\"@PressenzaIPA\" \/>\n<meta name=\"twitter:site\" content=\"@PressenzaIPA\" \/>\n<meta name=\"twitter:label1\" content=\"\u00c9crit par\" \/>\n\t<meta name=\"twitter:data1\" content=\"Olivier Turquet\" \/>\n\t<meta name=\"twitter:label2\" content=\"Dur\u00e9e de lecture estim\u00e9e\" \/>\n\t<meta name=\"twitter:data2\" content=\"5 minutes\" \/>\n<script type=\"application\/ld+json\" class=\"yoast-schema-graph\">{\"@context\":\"https:\/\/schema.org\",\"@graph\":[{\"@type\":\"Article\",\"@id\":\"https:\/\/www.pressenza.com\/fr\/2021\/05\/interview-a-manon-aubry-la-sante-mondiale-ne-peut-etre-consideree-comme-un-marche\/#article\",\"isPartOf\":{\"@id\":\"https:\/\/www.pressenza.com\/fr\/2021\/05\/interview-a-manon-aubry-la-sante-mondiale-ne-peut-etre-consideree-comme-un-marche\/\"},\"author\":{\"name\":\"Olivier Turquet\",\"@id\":\"https:\/\/www.pressenza.com\/fr\/#\/schema\/person\/636f8feb51f63f34e7378d5fcdd1de53\"},\"headline\":\"Interview de Manon Aubry : \u00ab\u00a0La sant\u00e9 mondiale ne peut \u00eatre consid\u00e9r\u00e9e comme un march\u00e9\u00a0\u00bb\",\"datePublished\":\"2021-05-21T19:52:17+00:00\",\"dateModified\":\"2021-05-21T20:16:04+00:00\",\"mainEntityOfPage\":{\"@id\":\"https:\/\/www.pressenza.com\/fr\/2021\/05\/interview-a-manon-aubry-la-sante-mondiale-ne-peut-etre-consideree-comme-un-marche\/\"},\"wordCount\":1058,\"publisher\":{\"@id\":\"https:\/\/www.pressenza.com\/fr\/#organization\"},\"image\":{\"@id\":\"https:\/\/www.pressenza.com\/fr\/2021\/05\/interview-a-manon-aubry-la-sante-mondiale-ne-peut-etre-consideree-comme-un-marche\/#primaryimage\"},\"thumbnailUrl\":\"https:\/\/www.pressenza.com\/wp-content\/uploads\/2021\/03\/manon-aubry.jpg\",\"keywords\":[\"Joe Biden\",\"Manon Aubry\",\"Parlement europ\u00e9en\",\"vaccins\"],\"articleSection\":[\"Contenu Original\",\"Europe\",\"Interviews\",\"Politique\",\"Sant\u00e9\"],\"inLanguage\":\"fr-FR\"},{\"@type\":\"WebPage\",\"@id\":\"https:\/\/www.pressenza.com\/fr\/2021\/05\/interview-a-manon-aubry-la-sante-mondiale-ne-peut-etre-consideree-comme-un-marche\/\",\"url\":\"https:\/\/www.pressenza.com\/fr\/2021\/05\/interview-a-manon-aubry-la-sante-mondiale-ne-peut-etre-consideree-comme-un-marche\/\",\"name\":\"Interview de Manon Aubry : \\\"La sant\u00e9 mondiale ne peut \u00eatre consid\u00e9r\u00e9e comme un march\u00e9\\\"\",\"isPartOf\":{\"@id\":\"https:\/\/www.pressenza.com\/fr\/#website\"},\"primaryImageOfPage\":{\"@id\":\"https:\/\/www.pressenza.com\/fr\/2021\/05\/interview-a-manon-aubry-la-sante-mondiale-ne-peut-etre-consideree-comme-un-marche\/#primaryimage\"},\"image\":{\"@id\":\"https:\/\/www.pressenza.com\/fr\/2021\/05\/interview-a-manon-aubry-la-sante-mondiale-ne-peut-etre-consideree-comme-un-marche\/#primaryimage\"},\"thumbnailUrl\":\"https:\/\/www.pressenza.com\/wp-content\/uploads\/2021\/03\/manon-aubry.jpg\",\"datePublished\":\"2021-05-21T19:52:17+00:00\",\"dateModified\":\"2021-05-21T20:16:04+00:00\",\"description\":\"Le Parlement europ\u00e9en a approuv\u00e9 par 293 voix contre 284 un amendement dans lequel \\\"l'UE est invit\u00e9e \u00e0 soutenir l'initiative pr\u00e9sent\u00e9e par l'Inde et\",\"breadcrumb\":{\"@id\":\"https:\/\/www.pressenza.com\/fr\/2021\/05\/interview-a-manon-aubry-la-sante-mondiale-ne-peut-etre-consideree-comme-un-marche\/#breadcrumb\"},\"inLanguage\":\"fr-FR\",\"potentialAction\":[{\"@type\":\"ReadAction\",\"target\":[\"https:\/\/www.pressenza.com\/fr\/2021\/05\/interview-a-manon-aubry-la-sante-mondiale-ne-peut-etre-consideree-comme-un-marche\/\"]}]},{\"@type\":\"ImageObject\",\"inLanguage\":\"fr-FR\",\"@id\":\"https:\/\/www.pressenza.com\/fr\/2021\/05\/interview-a-manon-aubry-la-sante-mondiale-ne-peut-etre-consideree-comme-un-marche\/#primaryimage\",\"url\":\"https:\/\/www.pressenza.com\/wp-content\/uploads\/2021\/03\/manon-aubry.jpg\",\"contentUrl\":\"https:\/\/www.pressenza.com\/wp-content\/uploads\/2021\/03\/manon-aubry.jpg\",\"width\":900,\"height\":600,\"caption\":\"Interview mit Manon Aubry: \\\"Globale Gesundheit ist kein Markt\\\"\"},{\"@type\":\"BreadcrumbList\",\"@id\":\"https:\/\/www.pressenza.com\/fr\/2021\/05\/interview-a-manon-aubry-la-sante-mondiale-ne-peut-etre-consideree-comme-un-marche\/#breadcrumb\",\"itemListElement\":[{\"@type\":\"ListItem\",\"position\":1,\"name\":\"Accueil\",\"item\":\"https:\/\/www.pressenza.com\/fr\/\"},{\"@type\":\"ListItem\",\"position\":2,\"name\":\"Interview de Manon Aubry : \u00ab\u00a0La sant\u00e9 mondiale ne peut \u00eatre consid\u00e9r\u00e9e comme un march\u00e9\u00a0\u00bb\"}]},{\"@type\":\"WebSite\",\"@id\":\"https:\/\/www.pressenza.com\/fr\/#website\",\"url\":\"https:\/\/www.pressenza.com\/fr\/\",\"name\":\"Pressenza\",\"description\":\"International Press Agency\",\"publisher\":{\"@id\":\"https:\/\/www.pressenza.com\/fr\/#organization\"},\"potentialAction\":[{\"@type\":\"SearchAction\",\"target\":{\"@type\":\"EntryPoint\",\"urlTemplate\":\"https:\/\/www.pressenza.com\/fr\/?s={search_term_string}\"},\"query-input\":{\"@type\":\"PropertyValueSpecification\",\"valueRequired\":true,\"valueName\":\"search_term_string\"}}],\"inLanguage\":\"fr-FR\"},{\"@type\":\"Organization\",\"@id\":\"https:\/\/www.pressenza.com\/fr\/#organization\",\"name\":\"Pressenza\",\"url\":\"https:\/\/www.pressenza.com\/fr\/\",\"logo\":{\"@type\":\"ImageObject\",\"inLanguage\":\"fr-FR\",\"@id\":\"https:\/\/www.pressenza.com\/fr\/#\/schema\/logo\/image\/\",\"url\":\"https:\/\/www.pressenza.com\/wp-content\/uploads\/2022\/10\/pressenza_logo_200x200.jpg\",\"contentUrl\":\"https:\/\/www.pressenza.com\/wp-content\/uploads\/2022\/10\/pressenza_logo_200x200.jpg\",\"width\":200,\"height\":200,\"caption\":\"Pressenza\"},\"image\":{\"@id\":\"https:\/\/www.pressenza.com\/fr\/#\/schema\/logo\/image\/\"},\"sameAs\":[\"https:\/\/www.facebook.com\/PressenzaItalia\",\"https:\/\/x.com\/PressenzaIPA\"]},{\"@type\":\"Person\",\"@id\":\"https:\/\/www.pressenza.com\/fr\/#\/schema\/person\/636f8feb51f63f34e7378d5fcdd1de53\",\"name\":\"Olivier Turquet\",\"description\":\"Takes care of writing to tell the reality for about 40 years. He has worked with paper publications, radio and electronic He founded the electronic news agency humanist Good News. He was press secretary to various events such as: the International Humanist, Florence Play, the World March for Peace and Nonviolence. Currently coordinates the Italian team of Pressenza. olivierturquet.wordpress.com\",\"sameAs\":[\"http:\/\/olivierturquet.wordpress.com\"],\"url\":\"https:\/\/www.pressenza.com\/fr\/author\/olivier-turquet\/\"}]}<\/script>\n<!-- \/ Yoast SEO plugin. -->","yoast_head_json":{"title":"Interview de Manon Aubry : \"La sant\u00e9 mondiale ne peut \u00eatre consid\u00e9r\u00e9e comme un march\u00e9\"","description":"Le Parlement europ\u00e9en a approuv\u00e9 par 293 voix contre 284 un amendement dans lequel \"l'UE est invit\u00e9e \u00e0 soutenir l'initiative pr\u00e9sent\u00e9e par l'Inde et","robots":{"index":"index","follow":"follow","max-snippet":"max-snippet:-1","max-image-preview":"max-image-preview:large","max-video-preview":"max-video-preview:-1"},"canonical":"https:\/\/www.pressenza.com\/fr\/2021\/05\/interview-a-manon-aubry-la-sante-mondiale-ne-peut-etre-consideree-comme-un-marche\/","og_locale":"fr_FR","og_type":"article","og_title":"Interview de Manon Aubry : \"La sant\u00e9 mondiale ne peut \u00eatre consid\u00e9r\u00e9e comme un march\u00e9\"","og_description":"Le Parlement europ\u00e9en a approuv\u00e9 par 293 voix contre 284 un amendement dans lequel \"l'UE est invit\u00e9e \u00e0 soutenir l'initiative pr\u00e9sent\u00e9e par l'Inde et","og_url":"https:\/\/www.pressenza.com\/fr\/2021\/05\/interview-a-manon-aubry-la-sante-mondiale-ne-peut-etre-consideree-comme-un-marche\/","og_site_name":"Pressenza","article_publisher":"https:\/\/www.facebook.com\/PressenzaItalia","article_published_time":"2021-05-21T19:52:17+00:00","article_modified_time":"2021-05-21T20:16:04+00:00","og_image":[{"width":900,"height":600,"url":"https:\/\/www.pressenza.com\/wp-content\/uploads\/2021\/03\/manon-aubry.jpg","type":"image\/jpeg"}],"author":"Olivier Turquet","twitter_card":"summary_large_image","twitter_creator":"@PressenzaIPA","twitter_site":"@PressenzaIPA","twitter_misc":{"\u00c9crit par":"Olivier Turquet","Dur\u00e9e de lecture estim\u00e9e":"5 minutes"},"schema":{"@context":"https:\/\/schema.org","@graph":[{"@type":"Article","@id":"https:\/\/www.pressenza.com\/fr\/2021\/05\/interview-a-manon-aubry-la-sante-mondiale-ne-peut-etre-consideree-comme-un-marche\/#article","isPartOf":{"@id":"https:\/\/www.pressenza.com\/fr\/2021\/05\/interview-a-manon-aubry-la-sante-mondiale-ne-peut-etre-consideree-comme-un-marche\/"},"author":{"name":"Olivier Turquet","@id":"https:\/\/www.pressenza.com\/fr\/#\/schema\/person\/636f8feb51f63f34e7378d5fcdd1de53"},"headline":"Interview de Manon Aubry : \u00ab\u00a0La sant\u00e9 mondiale ne peut \u00eatre consid\u00e9r\u00e9e comme un march\u00e9\u00a0\u00bb","datePublished":"2021-05-21T19:52:17+00:00","dateModified":"2021-05-21T20:16:04+00:00","mainEntityOfPage":{"@id":"https:\/\/www.pressenza.com\/fr\/2021\/05\/interview-a-manon-aubry-la-sante-mondiale-ne-peut-etre-consideree-comme-un-marche\/"},"wordCount":1058,"publisher":{"@id":"https:\/\/www.pressenza.com\/fr\/#organization"},"image":{"@id":"https:\/\/www.pressenza.com\/fr\/2021\/05\/interview-a-manon-aubry-la-sante-mondiale-ne-peut-etre-consideree-comme-un-marche\/#primaryimage"},"thumbnailUrl":"https:\/\/www.pressenza.com\/wp-content\/uploads\/2021\/03\/manon-aubry.jpg","keywords":["Joe Biden","Manon Aubry","Parlement europ\u00e9en","vaccins"],"articleSection":["Contenu Original","Europe","Interviews","Politique","Sant\u00e9"],"inLanguage":"fr-FR"},{"@type":"WebPage","@id":"https:\/\/www.pressenza.com\/fr\/2021\/05\/interview-a-manon-aubry-la-sante-mondiale-ne-peut-etre-consideree-comme-un-marche\/","url":"https:\/\/www.pressenza.com\/fr\/2021\/05\/interview-a-manon-aubry-la-sante-mondiale-ne-peut-etre-consideree-comme-un-marche\/","name":"Interview de Manon Aubry : \"La sant\u00e9 mondiale ne peut \u00eatre consid\u00e9r\u00e9e comme un march\u00e9\"","isPartOf":{"@id":"https:\/\/www.pressenza.com\/fr\/#website"},"primaryImageOfPage":{"@id":"https:\/\/www.pressenza.com\/fr\/2021\/05\/interview-a-manon-aubry-la-sante-mondiale-ne-peut-etre-consideree-comme-un-marche\/#primaryimage"},"image":{"@id":"https:\/\/www.pressenza.com\/fr\/2021\/05\/interview-a-manon-aubry-la-sante-mondiale-ne-peut-etre-consideree-comme-un-marche\/#primaryimage"},"thumbnailUrl":"https:\/\/www.pressenza.com\/wp-content\/uploads\/2021\/03\/manon-aubry.jpg","datePublished":"2021-05-21T19:52:17+00:00","dateModified":"2021-05-21T20:16:04+00:00","description":"Le Parlement europ\u00e9en a approuv\u00e9 par 293 voix contre 284 un amendement dans lequel \"l'UE est invit\u00e9e \u00e0 soutenir l'initiative pr\u00e9sent\u00e9e par l'Inde et","breadcrumb":{"@id":"https:\/\/www.pressenza.com\/fr\/2021\/05\/interview-a-manon-aubry-la-sante-mondiale-ne-peut-etre-consideree-comme-un-marche\/#breadcrumb"},"inLanguage":"fr-FR","potentialAction":[{"@type":"ReadAction","target":["https:\/\/www.pressenza.com\/fr\/2021\/05\/interview-a-manon-aubry-la-sante-mondiale-ne-peut-etre-consideree-comme-un-marche\/"]}]},{"@type":"ImageObject","inLanguage":"fr-FR","@id":"https:\/\/www.pressenza.com\/fr\/2021\/05\/interview-a-manon-aubry-la-sante-mondiale-ne-peut-etre-consideree-comme-un-marche\/#primaryimage","url":"https:\/\/www.pressenza.com\/wp-content\/uploads\/2021\/03\/manon-aubry.jpg","contentUrl":"https:\/\/www.pressenza.com\/wp-content\/uploads\/2021\/03\/manon-aubry.jpg","width":900,"height":600,"caption":"Interview mit Manon Aubry: \"Globale Gesundheit ist kein Markt\""},{"@type":"BreadcrumbList","@id":"https:\/\/www.pressenza.com\/fr\/2021\/05\/interview-a-manon-aubry-la-sante-mondiale-ne-peut-etre-consideree-comme-un-marche\/#breadcrumb","itemListElement":[{"@type":"ListItem","position":1,"name":"Accueil","item":"https:\/\/www.pressenza.com\/fr\/"},{"@type":"ListItem","position":2,"name":"Interview de Manon Aubry : \u00ab\u00a0La sant\u00e9 mondiale ne peut \u00eatre consid\u00e9r\u00e9e comme un march\u00e9\u00a0\u00bb"}]},{"@type":"WebSite","@id":"https:\/\/www.pressenza.com\/fr\/#website","url":"https:\/\/www.pressenza.com\/fr\/","name":"Pressenza","description":"International Press Agency","publisher":{"@id":"https:\/\/www.pressenza.com\/fr\/#organization"},"potentialAction":[{"@type":"SearchAction","target":{"@type":"EntryPoint","urlTemplate":"https:\/\/www.pressenza.com\/fr\/?s={search_term_string}"},"query-input":{"@type":"PropertyValueSpecification","valueRequired":true,"valueName":"search_term_string"}}],"inLanguage":"fr-FR"},{"@type":"Organization","@id":"https:\/\/www.pressenza.com\/fr\/#organization","name":"Pressenza","url":"https:\/\/www.pressenza.com\/fr\/","logo":{"@type":"ImageObject","inLanguage":"fr-FR","@id":"https:\/\/www.pressenza.com\/fr\/#\/schema\/logo\/image\/","url":"https:\/\/www.pressenza.com\/wp-content\/uploads\/2022\/10\/pressenza_logo_200x200.jpg","contentUrl":"https:\/\/www.pressenza.com\/wp-content\/uploads\/2022\/10\/pressenza_logo_200x200.jpg","width":200,"height":200,"caption":"Pressenza"},"image":{"@id":"https:\/\/www.pressenza.com\/fr\/#\/schema\/logo\/image\/"},"sameAs":["https:\/\/www.facebook.com\/PressenzaItalia","https:\/\/x.com\/PressenzaIPA"]},{"@type":"Person","@id":"https:\/\/www.pressenza.com\/fr\/#\/schema\/person\/636f8feb51f63f34e7378d5fcdd1de53","name":"Olivier Turquet","description":"Takes care of writing to tell the reality for about 40 years. He has worked with paper publications, radio and electronic He founded the electronic news agency humanist Good News. He was press secretary to various events such as: the International Humanist, Florence Play, the World March for Peace and Nonviolence. Currently coordinates the Italian team of Pressenza. olivierturquet.wordpress.com","sameAs":["http:\/\/olivierturquet.wordpress.com"],"url":"https:\/\/www.pressenza.com\/fr\/author\/olivier-turquet\/"}]}},"place":"","original_article_url":"","_links":{"self":[{"href":"https:\/\/www.pressenza.com\/fr\/wp-json\/wp\/v2\/posts\/1365571","targetHints":{"allow":["GET"]}}],"collection":[{"href":"https:\/\/www.pressenza.com\/fr\/wp-json\/wp\/v2\/posts"}],"about":[{"href":"https:\/\/www.pressenza.com\/fr\/wp-json\/wp\/v2\/types\/post"}],"author":[{"embeddable":true,"href":"https:\/\/www.pressenza.com\/fr\/wp-json\/wp\/v2\/users\/10"}],"replies":[{"embeddable":true,"href":"https:\/\/www.pressenza.com\/fr\/wp-json\/wp\/v2\/comments?post=1365571"}],"version-history":[{"count":0,"href":"https:\/\/www.pressenza.com\/fr\/wp-json\/wp\/v2\/posts\/1365571\/revisions"}],"wp:featuredmedia":[{"embeddable":true,"href":"https:\/\/www.pressenza.com\/fr\/wp-json\/wp\/v2\/media\/1311833"}],"wp:attachment":[{"href":"https:\/\/www.pressenza.com\/fr\/wp-json\/wp\/v2\/media?parent=1365571"}],"wp:term":[{"taxonomy":"category","embeddable":true,"href":"https:\/\/www.pressenza.com\/fr\/wp-json\/wp\/v2\/categories?post=1365571"},{"taxonomy":"post_tag","embeddable":true,"href":"https:\/\/www.pressenza.com\/fr\/wp-json\/wp\/v2\/tags?post=1365571"}],"curies":[{"name":"wp","href":"https:\/\/api.w.org\/{rel}","templated":true}]}}