{"id":1345513,"date":"2021-04-21T15:56:56","date_gmt":"2021-04-21T14:56:56","guid":{"rendered":"https:\/\/www.pressenza.com\/?p=1345513"},"modified":"2021-04-21T16:46:18","modified_gmt":"2021-04-21T15:46:18","slug":"initiatives-contre-lautoritarisme-en-grece","status":"publish","type":"post","link":"https:\/\/www.pressenza.com\/fr\/2021\/04\/initiatives-contre-lautoritarisme-en-grece\/","title":{"rendered":"Initiatives contre l&rsquo;autoritarisme en Gr\u00e8ce"},"content":{"rendered":"<div dir=\"ltr\">\n<p>Nous sommes des migrants de Gr\u00e8ce. Nous avons \u00e9t\u00e9 forc\u00e9s de quitter notre pays et nous ne pouvons pas y retourner, en raison des impacts de la crise financi\u00e8re et des accords conclus. Les d\u00e9veloppements politiques et l&rsquo;intensification de l&rsquo;autoritarisme, de la brutalit\u00e9 et de l&rsquo;oppression par l&rsquo;Etat grec et la police nous emplissent de rage.<\/p>\n<p>La gestion de la pand\u00e9mie de la Covid-19 par l&rsquo;Union Europ\u00e9enne a d\u00e9montr\u00e9 la faillite des politiques n\u00e9olib\u00e9rales appliqu\u00e9es en Europe. Les b\u00e9n\u00e9fices des soci\u00e9t\u00e9s pharmaceutiques sont prioritaires sur les besoins des gens pendant cette pand\u00e9mie. Cela inclut une augmentation des attaques contre tous les biens publics qui ont \u00e9t\u00e9 acquis lors\u00a0de mouvements sociaux. L&rsquo;Union Europ\u00e9enne a choisi de financer, sans aucune condition et en utilisant l&rsquo;argent public, des entreprises priv\u00e9es et leurs programmes de recherche sur les vaccins. Cela d\u00e9montre que la crise est utilis\u00e9e comme une opportunit\u00e9 de faire des b\u00e9n\u00e9fices. Utilisant la pand\u00e9mie comme excuse, les pays europ\u00e9ens ont intensifi\u00e9 l&rsquo;autoritarisme, ont r\u00e9duit au silence et opprim\u00e9 toute voix progressiste s&rsquo;opposant \u00e0 ces arguments et pratiques gouvernementales.<\/p>\n<p>En Gr\u00e8ce, la pand\u00e9mie se heurte \u00e0 un syst\u00e8me national de sant\u00e9 (ESY) priv\u00e9 et discr\u00e9dit\u00e9, cons\u00e9quence des mesures d&rsquo;aust\u00e9rit\u00e9 impos\u00e9es. Le gouvernement ne veut ni augmenter la capacit\u00e9 du syst\u00e8me de sant\u00e9, ni embaucher davantage de professionnels de sant\u00e9, ni fournir des fonds suppl\u00e9mentaires. Malgr\u00e9 les d\u00e9c\u00e8s de nombreux patients en raison du nombre insuffisant d&rsquo;unit\u00e9s de soins intensifs, le gouvernement n&rsquo;a toujours pas fait appel aux cliniques priv\u00e9es.<\/p>\n<p>Une s\u00e9rie de confinements a \u00e9t\u00e9 d\u00e9cr\u00e9t\u00e9e, mais les travailleurs se sont regroup\u00e9s sur leurs lieux de travail et ont pris les transports publics sans les mesures de protection ad\u00e9quates, mettant en \u00e9vidence une politique claire de lutte des classes.<\/p>\n<\/div>\n<p>Une autre r\u00e9ponse \u00e0 la pand\u00e9mie a \u00e9t\u00e9 d&rsquo;augmenter la capacit\u00e9 de la police en embauchant plus de policiers et en modernisant (rempla\u00e7ant) les \u00e9quipements utilis\u00e9s pour r\u00e9primer les manifestations. Les forces de police ont distribu\u00e9 un grande nombre d&rsquo;amendes de mani\u00e8re discriminatoire et abusive. Le montant de l&rsquo;amende est \u00e9quivalent \u00e0 60% du salaire minimum. La police est d\u00e9sormais pr\u00e9sente dans chaque quartier, opprimant et frappant les familles et leurs enfants lors de leurs promenades quotidiennes dans les parcs locaux. On signale de plus en plus de cas de brutalit\u00e9 polici\u00e8re : enl\u00e8vements de citoyens et tortures ciblant des individus d\u00e9fendant certaines id\u00e9ologies politiques, publication de donn\u00e9es personnelles dans le cadre de la propagande politique, invention d&rsquo;actes d&rsquo;accusation non fond\u00e9s par l&rsquo;unit\u00e9 du contre-terrorisme, etc. Tout cela se d\u00e9roule sous la direction des organes politiques en place. En parall\u00e8le, de nouvelles unit\u00e9s de police sont cr\u00e9\u00e9es, non seulement pour contr\u00f4ler les manifestations mais aussi pour r\u00e9primer le mouvement \u00e9tudiant. Le gouvernement s\u2019est retrouv\u00e9 \u00e0 deux doigts d&rsquo;assassiner par vengeance le prisonnier et gr\u00e9viste de la faim Dimitris Koufontinas, refusant de reconna\u00eetre ses demandes l\u00e9gitimes.<\/p>\n<div>En pleine pand\u00e9mie, alors que le droit de manifestation des citoyens est d\u00e9j\u00e0 bien limit\u00e9, une loi a \u00e9t\u00e9 vot\u00e9e pour restreindre encore davantage le droit de manifester. Dans le domaine de l&rsquo;\u00e9ducation a \u00e9galement \u00e9t\u00e9 vot\u00e9e une loi qui va mener \u00e0 la cr\u00e9ation et la mise en place d&rsquo;une police \u00e0 l\u2019Universit\u00e9. D&rsquo;autres lois sont en pr\u00e9paration, elles \u00e9craseront les droits des travailleurs.<\/div>\n<p>D\u00e8s le d\u00e9but, le gouvernement a investi dans son image, en allouant des sommes \u00e9normes aux m\u00e9dias syst\u00e9miques sp\u00e9cifiques mais aussi \u00e0 ses alli\u00e9s strat\u00e9giques comme l&rsquo;\u00c9glise Grecque. En plus de la propagande constante en faveur de la politique gouvernementale, les m\u00e9dias ont exclu les voix dissidentes et ont ouvertement couvert tout incident de violence polici\u00e8re et diffam\u00e9 les victimes. Toute critique du gouvernement est uniquement\u00a0exprim\u00e9e\u00a0sur les m\u00e9dias sociaux. M\u00eame l\u00e0, la censure et les efforts du gouvernement pour passer les \u00e9v\u00e9nements sous silence ont \u00e9t\u00e9 observ\u00e9s. Le gouvernement choisit d&rsquo;ignorer les foules dans les rues commer\u00e7antes et les \u00e9glises, mais il interdit rassemblements et protestations sous couvert de la propagation du coronavirus. Toute forme de mobilisation est r\u00e9prim\u00e9e par une violence ouverte, la pers\u00e9cution des militants et le licenciement des syndicalistes. Dans ce contexte, le droit \u00e0 la libre expression est de fait aboli.<\/p>\n<div>\n<p>En tant qu&rsquo;immigr\u00e9s, nous ne pouvons tol\u00e9rer la politique du gouvernement et de l&rsquo;U.E. envers les migrants en Gr\u00e8ce. Les personnes entass\u00e9es dans des tentes n\u2019ayant acc\u00e8s ni aux soins ni aux produits de premi\u00e8re n\u00e9cessit\u00e9 sont expos\u00e9es \u00e0 un certain nombre de maladies, dont le coronavirus. M\u00eame si elles parviennent \u00e0 survivre \u00e0 la travers\u00e9e vers la Gr\u00e8ce, les risques demeurent : les autorit\u00e9s portuaires cr\u00e8vent leurs bateaux, des fascistes tentent de les br\u00fbler vifs. Enfin l&rsquo;\u00e9tat psychologique dans lequel elles se trouvent, associ\u00e9 \u00e0 la paup\u00e9risation, les conduit dans certains cas au suicide. Nous refusons de nous habituer \u00e0 la barbarie.<\/p>\n<p>Nous savons que toute cette violence et cette r\u00e9pression sont le seul moyen pour le gouvernement de poursuivre les politiques du grand capital et son plan n\u00e9olib\u00e9ral. Nous condamnons toute forme de violence d&rsquo;\u00e9tat. Nous condamnons toute politique qui conduit les gens \u00e0 la pauvret\u00e9 alors m\u00eame que les \u00e9lites s&rsquo;enrichissent profitant de la pand\u00e9mie. Nous exprimons notre solidarit\u00e9 avec les personnes qui luttent et tentent de survivre et de r\u00e9sister aux politiques gouvernementales.<\/p>\n<\/div>\n<p><img loading=\"lazy\" decoding=\"async\" class=\"alignnone size-medium\" src=\"https:\/\/www.pressenza.com\/wp-content\/uploads\/2021\/04\/\u03b1\u03c6\u03af\u03c3\u03b1-\u03b4\u03b9\u03b7\u03bc\u03ad\u03c1\u03bf\u03c5.jpg\" width=\"1500\" height=\"2000\" \/><\/p>\n<p><span style=\"color: #808080;\"><em>Affiche par Jo Di<\/em><\/span><\/p>\n<p>Les manifestations grandioses contre la \u00ab\u00a0loi s\u00e9curit\u00e9\u00a0\u00bb en France, \u00ab\u00a0kill the bill\u00a0\u00bb au Royaume-Uni, les manifestations massives contre l&rsquo;autoritarisme et la r\u00e9sistance dans les universit\u00e9s grecques contre la cr\u00e9ation d&rsquo;une police universitaire, montrent la voie. La peur change de camp.<\/p>\n<p>Nous d\u00e9clarons notre pr\u00e9sence, notre soutien et notre solidarit\u00e9 \u00e0 ceux qui continuent \u00e0 lutter durement, en Gr\u00e8ce et en Europe. Notre objectif est de coordonner et de participer \u00e0 un champ d\u2019actions paneurop\u00e9ennes et mondiales plus large, allant dans le m\u00eame sens.<\/p>\n<p>Nous avons appel\u00e9 \u00e0 deux jours d&rsquo;actions paneurop\u00e9ennes et mondiales les 17 et 18 avril, \u00e0 14 heures, heure d&rsquo;Europe Centrale.<\/p>\n<p>&nbsp;<\/p>\n<p>Partagez la MAP LIVE des \u00e9v\u00e9nements sous <a href=\"https:\/\/j.mp\/3a7G9Ke?fbclid=IwAR1GjiwMKV36Q8GPy7lMtBqxRZqZ0_ufzOxxx0Wt0-6-cU0sMqCEm8eAb4s\"><em>https:\/\/j.mp\/3a7G9Ke<\/em><\/a><\/p>\n<p><span class=\"\">Sign\u00e9 par les collectifs: <\/span><\/p>\n<p><span class=\"\">Pays-Bas &#8211; REINFORM <\/span><br \/>\n<span class=\"\">Bruxelles &#8211; Grec.que.s solidaires de Belgique <\/span><br \/>\n<span class=\"\">Barcelone &#8211; GR Solidarity Initiative Barcelona <\/span><br \/>\n<span class=\"\">Birmingham &#8211; Birmingham r\u00e9sidents Mouvement contre l&rsquo;Etat policier <\/span><br \/>\n<span class=\"\">Paris &#8211; Initiative des travailleurs.euses et \u00e9tudiant.es grec.que.s \u00e0 Paris <\/span><br \/>\n<span class=\"\">\u00c9dimbourg &#8211; Initiative de solidarit\u00e9 pour les migrants grecs \u00c9cosse <\/span><br \/>\n<span class=\"\">\u00c9dimbourg &#8211; Real Democracy Now \u00c9dimbourg GR <\/span><br \/>\n<span class=\"\">\u00c9dimbourg &#8211; \u00abSolidarity @ Edinburgh, Solidary Edinburgh\u00bb <\/span><br \/>\n<span class=\"\">Oslo &#8211; IRANT <\/span><br \/>\n<span class=\"\">Irlande-Dublin &#8211; Greek Solidarity Ireland \/ Solidarity Without Borders <\/span><br \/>\n<span class=\"\">Greek <\/span><span class=\"\">Bristolirming Edin<\/span><span class=\"\">, Londres B, Newcastle, Brighton, Loughborough<\/span><br \/>\nInitiative R\u00e9sidents de Munich contre la r\u00e9pression \u00e9tatique en Gr\u00e8ce<br \/>\nSydney &#8211; Initiative grecque contre l&rsquo;impunit\u00e9 de la police<br \/>\nR\u00e9sidents de l&rsquo;Initiative Uppsala contre l&rsquo;\u00c9tat policier<br \/>\nLeg, Mouvement Grecs en Allemagne<br \/>\nInitiative R\u00e9sidents Danemark contre l&rsquo;autoritarisme et l&rsquo;\u00c9tat policier en Gr\u00e8ce<br \/>\nInitiative R\u00e9sidents de G\u00f6teborg contre l&rsquo;autoritarisme et l&rsquo;\u00c9tat policier en Gr\u00e8ce<br \/>\nBerlin &#8211; Reakt-Aktion contre la r\u00e9pression<\/p>\n<div>\u00c9v\u00e9nement Facebook:<\/div>\n<div dir=\"ltr\"><a href=\"https:\/\/translate.google.com\/website?sl=auto&amp;tl=fr&amp;ajax=1&amp;u=https:\/\/www.facebook.com\/events\/507644516923254\/?active_tab%3Ddiscussion\" target=\"_blank\" rel=\"noopener\" data-saferedirecturl=\"https:\/\/www.google.com\/url?q=https:\/\/www.facebook.com\/events\/507644516923254\/?active_tab%3Ddiscussion&amp;source=gmail&amp;ust=1618385767258000&amp;usg=AFQjCNGmGmjsBX01Ur_KJiuhhiGj3VAqPA\">Initiative contre l&rsquo;autoritarisme en Gr\u00e8ce | Facebook<\/a><\/div>\n<p>&nbsp;<\/p>\n<p><em>Traduction de l\u2019anglais, Fr\u00e9d\u00e9rique Drouet<\/em><\/p>\n","protected":false},"excerpt":{"rendered":"<p>Nous sommes des migrants de Gr\u00e8ce. Nous avons \u00e9t\u00e9 forc\u00e9s de quitter notre pays et nous ne pouvons pas y retourner, en raison des impacts de la crise financi\u00e8re et des accords conclus. Les d\u00e9veloppements politiques et l&rsquo;intensification de l&rsquo;autoritarisme,&hellip;<\/p>\n","protected":false},"author":1220,"featured_media":1340448,"comment_status":"closed","ping_status":"closed","sticky":false,"template":"","format":"standard","meta":{"footnotes":""},"categories":[151,98,85,93],"tags":[75787,434,3228,1492],"class_list":["post-1345513","post","type-post","status-publish","format-standard","has-post-thumbnail","hentry","category-communique-de-presse","category-droits-de-lhomme","category-europe-fr","category-politique","tag-autoritarisme","tag-grece","tag-solidarite","tag-union-europeenne"],"yoast_head":"<!-- This site is optimized with the Yoast SEO plugin v27.1.1 - https:\/\/yoast.com\/product\/yoast-seo-wordpress\/ -->\n<title>Initiatives contre l&#039;autoritarisme en Gr\u00e8ce<\/title>\n<meta name=\"description\" content=\"Nous sommes des migrants de Gr\u00e8ce. Nous avons \u00e9t\u00e9 forc\u00e9s de quitter notre pays et nous ne pouvons pas y retourner, en raison des impacts de la crise\" \/>\n<meta name=\"robots\" content=\"index, follow, max-snippet:-1, max-image-preview:large, max-video-preview:-1\" \/>\n<link rel=\"canonical\" href=\"https:\/\/www.pressenza.com\/fr\/2021\/04\/initiatives-contre-lautoritarisme-en-grece\/\" \/>\n<meta property=\"og:locale\" content=\"fr_FR\" \/>\n<meta property=\"og:type\" content=\"article\" \/>\n<meta property=\"og:title\" content=\"Initiatives contre l&#039;autoritarisme en Gr\u00e8ce\" \/>\n<meta property=\"og:description\" content=\"Nous sommes des migrants de Gr\u00e8ce. Nous avons \u00e9t\u00e9 forc\u00e9s de quitter notre pays et nous ne pouvons pas y retourner, en raison des impacts de la crise\" \/>\n<meta property=\"og:url\" content=\"https:\/\/www.pressenza.com\/fr\/2021\/04\/initiatives-contre-lautoritarisme-en-grece\/\" \/>\n<meta property=\"og:site_name\" content=\"Pressenza\" \/>\n<meta property=\"article:publisher\" content=\"https:\/\/www.facebook.com\/PressenzaItalia\" \/>\n<meta property=\"article:author\" content=\"https:\/\/www.facebook.com\/pressenzagr\/\" \/>\n<meta property=\"article:published_time\" content=\"2021-04-21T14:56:56+00:00\" \/>\n<meta property=\"article:modified_time\" content=\"2021-04-21T15:46:18+00:00\" \/>\n<meta property=\"og:image\" content=\"https:\/\/www.pressenza.com\/wp-content\/uploads\/2021\/04\/166583606_1451445291860024_5579077659240866610_n.jpg\" \/>\n\t<meta property=\"og:image:width\" content=\"720\" \/>\n\t<meta property=\"og:image:height\" content=\"480\" \/>\n\t<meta property=\"og:image:type\" content=\"image\/jpeg\" \/>\n<meta name=\"author\" content=\"Pressenza Athens\" \/>\n<meta name=\"twitter:card\" content=\"summary_large_image\" \/>\n<meta name=\"twitter:creator\" content=\"@Pressenza_ath\" \/>\n<meta name=\"twitter:site\" content=\"@PressenzaIPA\" \/>\n<meta name=\"twitter:label1\" content=\"\u00c9crit par\" \/>\n\t<meta name=\"twitter:data1\" content=\"Pressenza Athens\" \/>\n\t<meta name=\"twitter:label2\" content=\"Dur\u00e9e de lecture estim\u00e9e\" \/>\n\t<meta name=\"twitter:data2\" content=\"6 minutes\" \/>\n<script type=\"application\/ld+json\" class=\"yoast-schema-graph\">{\"@context\":\"https:\/\/schema.org\",\"@graph\":[{\"@type\":\"Article\",\"@id\":\"https:\/\/www.pressenza.com\/fr\/2021\/04\/initiatives-contre-lautoritarisme-en-grece\/#article\",\"isPartOf\":{\"@id\":\"https:\/\/www.pressenza.com\/fr\/2021\/04\/initiatives-contre-lautoritarisme-en-grece\/\"},\"author\":{\"name\":\"Pressenza Athens\",\"@id\":\"https:\/\/www.pressenza.com\/fr\/#\/schema\/person\/9eae8d7f0aad5ec6a7f6f21ec94480fb\"},\"headline\":\"Initiatives contre l&rsquo;autoritarisme en Gr\u00e8ce\",\"datePublished\":\"2021-04-21T14:56:56+00:00\",\"dateModified\":\"2021-04-21T15:46:18+00:00\",\"mainEntityOfPage\":{\"@id\":\"https:\/\/www.pressenza.com\/fr\/2021\/04\/initiatives-contre-lautoritarisme-en-grece\/\"},\"wordCount\":1305,\"publisher\":{\"@id\":\"https:\/\/www.pressenza.com\/fr\/#organization\"},\"image\":{\"@id\":\"https:\/\/www.pressenza.com\/fr\/2021\/04\/initiatives-contre-lautoritarisme-en-grece\/#primaryimage\"},\"thumbnailUrl\":\"https:\/\/www.pressenza.com\/wp-content\/uploads\/2021\/04\/166583606_1451445291860024_5579077659240866610_n.jpg\",\"keywords\":[\"autoritarisme\",\"Gr\u00e8ce\",\"solidarit\u00e9\",\"Union europ\u00e9enne\"],\"articleSection\":[\"Communiqu\u00e9s de Presse\",\"Droits humains\",\"Europe\",\"Politique\"],\"inLanguage\":\"fr-FR\"},{\"@type\":\"WebPage\",\"@id\":\"https:\/\/www.pressenza.com\/fr\/2021\/04\/initiatives-contre-lautoritarisme-en-grece\/\",\"url\":\"https:\/\/www.pressenza.com\/fr\/2021\/04\/initiatives-contre-lautoritarisme-en-grece\/\",\"name\":\"Initiatives contre l'autoritarisme en Gr\u00e8ce\",\"isPartOf\":{\"@id\":\"https:\/\/www.pressenza.com\/fr\/#website\"},\"primaryImageOfPage\":{\"@id\":\"https:\/\/www.pressenza.com\/fr\/2021\/04\/initiatives-contre-lautoritarisme-en-grece\/#primaryimage\"},\"image\":{\"@id\":\"https:\/\/www.pressenza.com\/fr\/2021\/04\/initiatives-contre-lautoritarisme-en-grece\/#primaryimage\"},\"thumbnailUrl\":\"https:\/\/www.pressenza.com\/wp-content\/uploads\/2021\/04\/166583606_1451445291860024_5579077659240866610_n.jpg\",\"datePublished\":\"2021-04-21T14:56:56+00:00\",\"dateModified\":\"2021-04-21T15:46:18+00:00\",\"description\":\"Nous sommes des migrants de Gr\u00e8ce. Nous avons \u00e9t\u00e9 forc\u00e9s de quitter notre pays et nous ne pouvons pas y retourner, en raison des impacts de la crise\",\"breadcrumb\":{\"@id\":\"https:\/\/www.pressenza.com\/fr\/2021\/04\/initiatives-contre-lautoritarisme-en-grece\/#breadcrumb\"},\"inLanguage\":\"fr-FR\",\"potentialAction\":[{\"@type\":\"ReadAction\",\"target\":[\"https:\/\/www.pressenza.com\/fr\/2021\/04\/initiatives-contre-lautoritarisme-en-grece\/\"]}]},{\"@type\":\"ImageObject\",\"inLanguage\":\"fr-FR\",\"@id\":\"https:\/\/www.pressenza.com\/fr\/2021\/04\/initiatives-contre-lautoritarisme-en-grece\/#primaryimage\",\"url\":\"https:\/\/www.pressenza.com\/wp-content\/uploads\/2021\/04\/166583606_1451445291860024_5579077659240866610_n.jpg\",\"contentUrl\":\"https:\/\/www.pressenza.com\/wp-content\/uploads\/2021\/04\/166583606_1451445291860024_5579077659240866610_n.jpg\",\"width\":720,\"height\":480,\"caption\":\"Initiatives contre l\u2019autoritarisme en Gr\u00e8ce \u2014 Brouillon\"},{\"@type\":\"BreadcrumbList\",\"@id\":\"https:\/\/www.pressenza.com\/fr\/2021\/04\/initiatives-contre-lautoritarisme-en-grece\/#breadcrumb\",\"itemListElement\":[{\"@type\":\"ListItem\",\"position\":1,\"name\":\"Accueil\",\"item\":\"https:\/\/www.pressenza.com\/fr\/\"},{\"@type\":\"ListItem\",\"position\":2,\"name\":\"Initiatives contre l&rsquo;autoritarisme en Gr\u00e8ce\"}]},{\"@type\":\"WebSite\",\"@id\":\"https:\/\/www.pressenza.com\/fr\/#website\",\"url\":\"https:\/\/www.pressenza.com\/fr\/\",\"name\":\"Pressenza\",\"description\":\"International Press Agency\",\"publisher\":{\"@id\":\"https:\/\/www.pressenza.com\/fr\/#organization\"},\"potentialAction\":[{\"@type\":\"SearchAction\",\"target\":{\"@type\":\"EntryPoint\",\"urlTemplate\":\"https:\/\/www.pressenza.com\/fr\/?s={search_term_string}\"},\"query-input\":{\"@type\":\"PropertyValueSpecification\",\"valueRequired\":true,\"valueName\":\"search_term_string\"}}],\"inLanguage\":\"fr-FR\"},{\"@type\":\"Organization\",\"@id\":\"https:\/\/www.pressenza.com\/fr\/#organization\",\"name\":\"Pressenza\",\"url\":\"https:\/\/www.pressenza.com\/fr\/\",\"logo\":{\"@type\":\"ImageObject\",\"inLanguage\":\"fr-FR\",\"@id\":\"https:\/\/www.pressenza.com\/fr\/#\/schema\/logo\/image\/\",\"url\":\"https:\/\/www.pressenza.com\/wp-content\/uploads\/2022\/10\/pressenza_logo_200x200.jpg\",\"contentUrl\":\"https:\/\/www.pressenza.com\/wp-content\/uploads\/2022\/10\/pressenza_logo_200x200.jpg\",\"width\":200,\"height\":200,\"caption\":\"Pressenza\"},\"image\":{\"@id\":\"https:\/\/www.pressenza.com\/fr\/#\/schema\/logo\/image\/\"},\"sameAs\":[\"https:\/\/www.facebook.com\/PressenzaItalia\",\"https:\/\/x.com\/PressenzaIPA\"]},{\"@type\":\"Person\",\"@id\":\"https:\/\/www.pressenza.com\/fr\/#\/schema\/person\/9eae8d7f0aad5ec6a7f6f21ec94480fb\",\"name\":\"Pressenza Athens\",\"description\":\"News from the Pressenza Bureau in Athens, Greece\",\"sameAs\":[\"https:\/\/www.facebook.com\/pressenzagr\/\",\"https:\/\/x.com\/Pressenza_ath\"],\"url\":\"https:\/\/www.pressenza.com\/fr\/author\/pressenza-athens\/\"}]}<\/script>\n<!-- \/ Yoast SEO plugin. -->","yoast_head_json":{"title":"Initiatives contre l'autoritarisme en Gr\u00e8ce","description":"Nous sommes des migrants de Gr\u00e8ce. Nous avons \u00e9t\u00e9 forc\u00e9s de quitter notre pays et nous ne pouvons pas y retourner, en raison des impacts de la crise","robots":{"index":"index","follow":"follow","max-snippet":"max-snippet:-1","max-image-preview":"max-image-preview:large","max-video-preview":"max-video-preview:-1"},"canonical":"https:\/\/www.pressenza.com\/fr\/2021\/04\/initiatives-contre-lautoritarisme-en-grece\/","og_locale":"fr_FR","og_type":"article","og_title":"Initiatives contre l'autoritarisme en Gr\u00e8ce","og_description":"Nous sommes des migrants de Gr\u00e8ce. Nous avons \u00e9t\u00e9 forc\u00e9s de quitter notre pays et nous ne pouvons pas y retourner, en raison des impacts de la crise","og_url":"https:\/\/www.pressenza.com\/fr\/2021\/04\/initiatives-contre-lautoritarisme-en-grece\/","og_site_name":"Pressenza","article_publisher":"https:\/\/www.facebook.com\/PressenzaItalia","article_author":"https:\/\/www.facebook.com\/pressenzagr\/","article_published_time":"2021-04-21T14:56:56+00:00","article_modified_time":"2021-04-21T15:46:18+00:00","og_image":[{"width":720,"height":480,"url":"https:\/\/www.pressenza.com\/wp-content\/uploads\/2021\/04\/166583606_1451445291860024_5579077659240866610_n.jpg","type":"image\/jpeg"}],"author":"Pressenza Athens","twitter_card":"summary_large_image","twitter_creator":"@Pressenza_ath","twitter_site":"@PressenzaIPA","twitter_misc":{"\u00c9crit par":"Pressenza Athens","Dur\u00e9e de lecture estim\u00e9e":"6 minutes"},"schema":{"@context":"https:\/\/schema.org","@graph":[{"@type":"Article","@id":"https:\/\/www.pressenza.com\/fr\/2021\/04\/initiatives-contre-lautoritarisme-en-grece\/#article","isPartOf":{"@id":"https:\/\/www.pressenza.com\/fr\/2021\/04\/initiatives-contre-lautoritarisme-en-grece\/"},"author":{"name":"Pressenza Athens","@id":"https:\/\/www.pressenza.com\/fr\/#\/schema\/person\/9eae8d7f0aad5ec6a7f6f21ec94480fb"},"headline":"Initiatives contre l&rsquo;autoritarisme en Gr\u00e8ce","datePublished":"2021-04-21T14:56:56+00:00","dateModified":"2021-04-21T15:46:18+00:00","mainEntityOfPage":{"@id":"https:\/\/www.pressenza.com\/fr\/2021\/04\/initiatives-contre-lautoritarisme-en-grece\/"},"wordCount":1305,"publisher":{"@id":"https:\/\/www.pressenza.com\/fr\/#organization"},"image":{"@id":"https:\/\/www.pressenza.com\/fr\/2021\/04\/initiatives-contre-lautoritarisme-en-grece\/#primaryimage"},"thumbnailUrl":"https:\/\/www.pressenza.com\/wp-content\/uploads\/2021\/04\/166583606_1451445291860024_5579077659240866610_n.jpg","keywords":["autoritarisme","Gr\u00e8ce","solidarit\u00e9","Union europ\u00e9enne"],"articleSection":["Communiqu\u00e9s de Presse","Droits humains","Europe","Politique"],"inLanguage":"fr-FR"},{"@type":"WebPage","@id":"https:\/\/www.pressenza.com\/fr\/2021\/04\/initiatives-contre-lautoritarisme-en-grece\/","url":"https:\/\/www.pressenza.com\/fr\/2021\/04\/initiatives-contre-lautoritarisme-en-grece\/","name":"Initiatives contre l'autoritarisme en Gr\u00e8ce","isPartOf":{"@id":"https:\/\/www.pressenza.com\/fr\/#website"},"primaryImageOfPage":{"@id":"https:\/\/www.pressenza.com\/fr\/2021\/04\/initiatives-contre-lautoritarisme-en-grece\/#primaryimage"},"image":{"@id":"https:\/\/www.pressenza.com\/fr\/2021\/04\/initiatives-contre-lautoritarisme-en-grece\/#primaryimage"},"thumbnailUrl":"https:\/\/www.pressenza.com\/wp-content\/uploads\/2021\/04\/166583606_1451445291860024_5579077659240866610_n.jpg","datePublished":"2021-04-21T14:56:56+00:00","dateModified":"2021-04-21T15:46:18+00:00","description":"Nous sommes des migrants de Gr\u00e8ce. Nous avons \u00e9t\u00e9 forc\u00e9s de quitter notre pays et nous ne pouvons pas y retourner, en raison des impacts de la crise","breadcrumb":{"@id":"https:\/\/www.pressenza.com\/fr\/2021\/04\/initiatives-contre-lautoritarisme-en-grece\/#breadcrumb"},"inLanguage":"fr-FR","potentialAction":[{"@type":"ReadAction","target":["https:\/\/www.pressenza.com\/fr\/2021\/04\/initiatives-contre-lautoritarisme-en-grece\/"]}]},{"@type":"ImageObject","inLanguage":"fr-FR","@id":"https:\/\/www.pressenza.com\/fr\/2021\/04\/initiatives-contre-lautoritarisme-en-grece\/#primaryimage","url":"https:\/\/www.pressenza.com\/wp-content\/uploads\/2021\/04\/166583606_1451445291860024_5579077659240866610_n.jpg","contentUrl":"https:\/\/www.pressenza.com\/wp-content\/uploads\/2021\/04\/166583606_1451445291860024_5579077659240866610_n.jpg","width":720,"height":480,"caption":"Initiatives contre l\u2019autoritarisme en Gr\u00e8ce \u2014 Brouillon"},{"@type":"BreadcrumbList","@id":"https:\/\/www.pressenza.com\/fr\/2021\/04\/initiatives-contre-lautoritarisme-en-grece\/#breadcrumb","itemListElement":[{"@type":"ListItem","position":1,"name":"Accueil","item":"https:\/\/www.pressenza.com\/fr\/"},{"@type":"ListItem","position":2,"name":"Initiatives contre l&rsquo;autoritarisme en Gr\u00e8ce"}]},{"@type":"WebSite","@id":"https:\/\/www.pressenza.com\/fr\/#website","url":"https:\/\/www.pressenza.com\/fr\/","name":"Pressenza","description":"International Press Agency","publisher":{"@id":"https:\/\/www.pressenza.com\/fr\/#organization"},"potentialAction":[{"@type":"SearchAction","target":{"@type":"EntryPoint","urlTemplate":"https:\/\/www.pressenza.com\/fr\/?s={search_term_string}"},"query-input":{"@type":"PropertyValueSpecification","valueRequired":true,"valueName":"search_term_string"}}],"inLanguage":"fr-FR"},{"@type":"Organization","@id":"https:\/\/www.pressenza.com\/fr\/#organization","name":"Pressenza","url":"https:\/\/www.pressenza.com\/fr\/","logo":{"@type":"ImageObject","inLanguage":"fr-FR","@id":"https:\/\/www.pressenza.com\/fr\/#\/schema\/logo\/image\/","url":"https:\/\/www.pressenza.com\/wp-content\/uploads\/2022\/10\/pressenza_logo_200x200.jpg","contentUrl":"https:\/\/www.pressenza.com\/wp-content\/uploads\/2022\/10\/pressenza_logo_200x200.jpg","width":200,"height":200,"caption":"Pressenza"},"image":{"@id":"https:\/\/www.pressenza.com\/fr\/#\/schema\/logo\/image\/"},"sameAs":["https:\/\/www.facebook.com\/PressenzaItalia","https:\/\/x.com\/PressenzaIPA"]},{"@type":"Person","@id":"https:\/\/www.pressenza.com\/fr\/#\/schema\/person\/9eae8d7f0aad5ec6a7f6f21ec94480fb","name":"Pressenza Athens","description":"News from the Pressenza Bureau in Athens, Greece","sameAs":["https:\/\/www.facebook.com\/pressenzagr\/","https:\/\/x.com\/Pressenza_ath"],"url":"https:\/\/www.pressenza.com\/fr\/author\/pressenza-athens\/"}]}},"place":"","original_article_url":"","_links":{"self":[{"href":"https:\/\/www.pressenza.com\/fr\/wp-json\/wp\/v2\/posts\/1345513","targetHints":{"allow":["GET"]}}],"collection":[{"href":"https:\/\/www.pressenza.com\/fr\/wp-json\/wp\/v2\/posts"}],"about":[{"href":"https:\/\/www.pressenza.com\/fr\/wp-json\/wp\/v2\/types\/post"}],"author":[{"embeddable":true,"href":"https:\/\/www.pressenza.com\/fr\/wp-json\/wp\/v2\/users\/1220"}],"replies":[{"embeddable":true,"href":"https:\/\/www.pressenza.com\/fr\/wp-json\/wp\/v2\/comments?post=1345513"}],"version-history":[{"count":0,"href":"https:\/\/www.pressenza.com\/fr\/wp-json\/wp\/v2\/posts\/1345513\/revisions"}],"wp:featuredmedia":[{"embeddable":true,"href":"https:\/\/www.pressenza.com\/fr\/wp-json\/wp\/v2\/media\/1340448"}],"wp:attachment":[{"href":"https:\/\/www.pressenza.com\/fr\/wp-json\/wp\/v2\/media?parent=1345513"}],"wp:term":[{"taxonomy":"category","embeddable":true,"href":"https:\/\/www.pressenza.com\/fr\/wp-json\/wp\/v2\/categories?post=1345513"},{"taxonomy":"post_tag","embeddable":true,"href":"https:\/\/www.pressenza.com\/fr\/wp-json\/wp\/v2\/tags?post=1345513"}],"curies":[{"name":"wp","href":"https:\/\/api.w.org\/{rel}","templated":true}]}}