{"id":1337851,"date":"2021-04-09T22:17:01","date_gmt":"2021-04-09T21:17:01","guid":{"rendered":"https:\/\/www.pressenza.com\/?p=1337851"},"modified":"2021-04-10T19:56:41","modified_gmt":"2021-04-10T18:56:41","slug":"le-vaccin-cubain-pret-en-juillet-entretien-avec-lambassadeur-de-cuba-en-republique-tcheque","status":"publish","type":"post","link":"https:\/\/www.pressenza.com\/fr\/2021\/04\/le-vaccin-cubain-pret-en-juillet-entretien-avec-lambassadeur-de-cuba-en-republique-tcheque\/","title":{"rendered":"Le vaccin cubain pr\u00eat en juillet. Entretien avec l&rsquo;ambassadeur de Cuba en R\u00e9publique tch\u00e8que"},"content":{"rendered":"<blockquote><p>Interview de Danilo Alonso Mederos, ambassadeur de Cuba \u00e0 Prague, sur la pand\u00e9mie de Covid 19, le vaccin et le droit \u00e0 la sant\u00e9<\/p><\/blockquote>\n<p><strong>Sur toute la plan\u00e8te, l&rsquo;heure est aujourd&rsquo;hui \u00e0 la lutte pour terrasser l&rsquo;\u00e9pid\u00e9mie de Covid 19. Il y a des avanc\u00e9es importantes, mais aussi, h\u00e9las, des contradictions et des retards dans la gestion de ce probl\u00e8me. Nous avons appris que Cuba travaille \u00e0 la fabrication d&rsquo;un vaccin contre la Covid 19. Quand pourrait-il \u00eatre pr\u00eat \u00e0 l&#8217;emploi ?<\/strong><\/p>\n<p>Les chercheurs cubains travaillent d&rsquo;arrache-pied depuis le d\u00e9but de la pand\u00e9mie de Covid 19 \u00e0 obtenir un vaccin contre cette maladie qui a caus\u00e9 tant de dommages \u00e0 l&rsquo;humanit\u00e9.<\/p>\n<p>Aujourd&rsquo;hui, le pays dispose de cinq candidats vaccins : Soberana 01, Soberana 02, Abdala, Mambisa et derni\u00e8rement Soberana Plus.<\/p>\n<p>La troisi\u00e8me phase de recherche sur le vaccin Soberana 02 a commenc\u00e9 au tout d\u00e9but mars de cette ann\u00e9e et il est pr\u00e9vu de la cl\u00f4turer en juin prochain. C&rsquo;est le premier vaccin latino- am\u00e9ricain \u00e0 avoir atteint cette phase de recherche. Si les avanc\u00e9es se poursuivent au m\u00eame rythme, cela signifie qu&rsquo;il sera pr\u00eat en juillet 2021.<\/p>\n<p><strong>Quel est le calendrier pr\u00e9vu pour vacciner tous les Cubains ?<\/strong><\/p>\n<p><strong><em>\u00a0<\/em><\/strong>Si la phase III du Soberana 02 est atteinte en juin, on peut envisager de commencer \u00e0 vacciner l&rsquo;ensemble de la population cubaine d\u00e8s juillet ; il y a une volont\u00e9 tout \u00e0 fait d\u00e9termin\u00e9e d&rsquo;immuniser toutes les Cubaines et tous les Cubains d&rsquo;ici \u00e0 la fin 2021.<\/p>\n<p>Le pays dispose des capacit\u00e9s de production n\u00e9cessaires pour fabriquer cette ann\u00e9e cent millions de doses de vaccin. Dans ces conditions, il est possible de garantir une vaccination \u00e0 100 % de la population dans son ensemble et d&rsquo;avoir une quantit\u00e9 suppl\u00e9mentaire susceptible de r\u00e9pondre \u00e0 la demande de diff\u00e9rents pays.<\/p>\n<p><strong>Que pensez-vous de cette id\u00e9e de renoncer aux brevets sur les vaccins contre le Covid 19, mise en avant par l&rsquo;Inde et l&rsquo;Afrique du Sud et soutenue par plus de cent pays ?<\/strong><\/p>\n<p><strong><em>\u00a0<\/em><\/strong>La question des brevets et de la commercialisation des productions scientifiques, \u00e0 mon avis personnel, exigerait une autre fa\u00e7on de voir.<\/p>\n<p>Bien que ce soit une proposition juste, je pense qu&rsquo;il sera extr\u00eamement difficile de l&rsquo;imposer, alors m\u00eame qu\u2019elle a le soutien de nombreux pays. Les int\u00e9r\u00eats \u00e9conomiques en jeu sont trop importants pour que les firmes pharmaceutiques transnationales et les grandes puissances \u00e9conomiques s&rsquo;y r\u00e9solvent.<\/p>\n<p>Il ne s&rsquo;agit pas seulement du Covid 19, la question des brevets inclut \u00e9galement toute la production scientifique dans les diff\u00e9rentes branches de la science ainsi que sa commercialisation.<\/p>\n<p>La science et les scientifiques pourraient construire un monde meilleur, fond\u00e9 sur la coop\u00e9ration internationale et qui verrait la solidarit\u00e9 triompher de l&rsquo;\u00e9go\u00efsme.<\/p>\n<p>S&rsquo;il y avait plus de collaboration et une meilleure r\u00e9partition des ressources dans le monde, on aurait les moyens d\u2019\u00e9radiquer la pauvret\u00e9, la mis\u00e8re et la faim, dont souffrent aujourd&rsquo;hui des millions de personnes.<\/p>\n<p><strong>L&rsquo;Europe a les plus grands doutes sur les capacit\u00e9s technologiques des autres pays et, par cons\u00e9quent, une certaine m\u00e9fiance vis-\u00e0-vis des vaccins qui ne sont pas produits \u00e0 l&rsquo;Ouest. Qu&rsquo;en pensez-vous ?<\/strong><\/p>\n<p><strong><em>\u00a0<\/em><\/strong>Ces doutes sont infond\u00e9s et n&rsquo;ont aucun fondement scientifique. Ce n&rsquo;est pas le cas seulement pour les vaccins, il en va de m\u00eame pour beaucoup de m\u00e9dicaments qui ne sont pas produits par des entreprises transnationales.<\/p>\n<p>Il pourrait y avoir un rapport avec le protectionnisme des firmes transnationales, qui favorisent la production de leurs vaccins, et avec les march\u00e9s qu&rsquo;elles risqueraient de perdre.<\/p>\n<p>Mais on ne peut pas non plus exclure le r\u00f4le que joue la pens\u00e9e n\u00e9ocoloniale \u2013 il y a tant de gens qui y sont soumis et qui n&rsquo;arrivent pas \u00e0 croire que des pays \u00e0 faibles ressources peuvent apporter une importante contribution \u00e0 la connaissance scientifique.<\/p>\n<p>Les mass m\u00e9dia jouent un r\u00f4le n\u00e9gatif dans cette d\u00e9fiance. Ils ne communiquent pas beaucoup sur ce qui se passe dans les pays qui appartiennent \u00e0 d&rsquo;autres zones g\u00e9ographiques, situ\u00e9es hors de l&rsquo;Ouest proprement dit.<\/p>\n<p>Quand on se penche un peu plus attentivement sur l&rsquo;origine des scientifiques qui travaillent dans des universit\u00e9s ou des centres de recherche \u00e0 l&rsquo;Ouest, on s\u2019aper\u00e7oit que nombre de personnalit\u00e9s reconnues dans les milieux scientifiques sont n\u00e9es sous d&rsquo;autres latitudes et qu\u2019elles ont \u00e9migr\u00e9 vers l&rsquo;Ouest pour des raisons \u00e9conomiques. Dans la plupart des cas, elles ont obtenu ces postes de haute lutte, mais parfois ce sont aussi des propositions mat\u00e9rielles int\u00e9ressantes qui les ont amen\u00e9es \u00e0 exercer leurs activit\u00e9s \u00e0 l&rsquo;Ouest. Ce ph\u00e9nom\u00e8ne est reconnu aujourd&rsquo;hui sous l&rsquo;expression de \u00ab fuite des cerveaux \u00bb.<\/p>\n<p><strong>Les donn\u00e9es montrent que les effets du coronavirus ont \u00e9t\u00e9 minimes \u00e0 Cuba [1]. Quelles mesures ont-elles \u00e9t\u00e9 prises pour limiter la contagiosit\u00e9 ?<\/strong><\/p>\n<p><strong><em>\u00a0<\/em><\/strong>Tout d&rsquo;abord, les services de sant\u00e9 constituent un droit pour tout(e) citoyen(ne) cubain(e), un droit ancr\u00e9 dans la Constitution. Cuba a un service public national de sant\u00e9 qui garantit \u00e0 tout(e) Cubain(e) sans aucune esp\u00e8ce de discrimination un syst\u00e8me de sant\u00e9 gratuit, quelles que soient ses capacit\u00e9s \u00e9conomiques, sa race, ses convictions religieuses et id\u00e9ologiques.<\/p>\n<p>Dans notre pays, la sant\u00e9 n&rsquo;est pas seulement un droit, c&rsquo;est une priorit\u00e9. Il n&rsquo;y a rien de plus important que la vie humaine. Sur la base de ce principe, on n&rsquo;\u00e9conomisera ni peines ni ressources pour pr\u00e9venir et traiter les maladies.<\/p>\n<p>Il est \u00e9vident que la pand\u00e9mie a aggrav\u00e9 la situation de Cuba car, outre le triple blocus commercial, \u00e9conomique et financier que le gouvernement des \u00c9tats Unis a impos\u00e9 \u00e0 notre pays depuis plus de 60 ans, nous avons subi les r\u00e9percussions d&rsquo;un gouvernement am\u00e9ricain extr\u00eamement agressif contre Cuba : l&rsquo;ann\u00e9e pass\u00e9e, il a pris 240 nouvelles mesures pour l&rsquo;\u00e9trangler et inciter les Cubain(e)s \u00e0 renoncer \u00e0 leurs acquis et \u00e0 leur souverainet\u00e9.<\/p>\n<p>A Cuba, le syst\u00e8me de sant\u00e9 vise non seulement \u00e0 garantir la sant\u00e9 des citoyen(ne)s par des traitements appropri\u00e9s, mais aussi \u00e0 assurer en temps et en heure la pr\u00e9vention sanitaire.<\/p>\n<p>De ce point de vue, nous avons fait plusieurs exp\u00e9riences positives.<\/p>\n<p>Il faut aussi rappeler que le nombre de m\u00e9decins pour 1 000 habitants est un des plus \u00e9lev\u00e9s au monde. Cuba a des indicateurs de sant\u00e9 \u00e9lev\u00e9s : un bon nombre d&rsquo;entre eux correspondent \u00e0 ceux des pays de l&rsquo;Ouest tandis que d&rsquo;autres sont sup\u00e9rieurs \u00e0 ceux de pays \u00e9conomiquement plus avanc\u00e9s. Font partie des indicateurs les plus importants le taux de mortalit\u00e9 infantile et l&rsquo;esp\u00e9rance de vie \u00e0 la naissance.<\/p>\n<p>Dans le contexte de la lutte contre la pand\u00e9mie du Covid 19, la recherche active est un \u00e9l\u00e9ment cl\u00e9. On entend par l\u00e0 la recherche de personnes pour lesquelles il existe un soup\u00e7on qu&rsquo;elles soient infect\u00e9es avant m\u00eame qu&rsquo;on ne rep\u00e8re chez elles le moindre sympt\u00f4me. A ce propos, il convient de remarquer que, \u00e0 Cuba, plus de 50 % des cas \u00e9taient asymptomatiques.<\/p>\n<p>Autre mesure importante, l&rsquo;hospitalisation pr\u00e9coce de toutes les personnes infect\u00e9es associ\u00e9e \u00e0 la mise en quarantaine \u00e0 domicile des personnes avec lesquelles elles auraient pu avoir des contacts jusqu&rsquo;\u00e0 ce qu&rsquo;on ait pu constater si, oui ou non, ces derni\u00e8res avaient \u00e9t\u00e9 elles-m\u00eames infect\u00e9es. Ce qui entrave la transmission de la maladie dans l&rsquo;environnement social.<\/p>\n<p>Des recherches sont conduites au niveau international aussi et on applique nombre des mesures dont l&rsquo;adoption a \u00e9t\u00e9 b\u00e9n\u00e9fique dans d&rsquo;autres pays ainsi que les recommandations de l&rsquo;Organisation mondiale de la sant\u00e9.<\/p>\n<p>De plus, on continue inlassablement \u00e0 d\u00e9velopper et \u00e0 affiner les protocoles d\u00e9di\u00e9s au traitement des malades et des patients en soins intensifs.<\/p>\n<p>En m\u00eame temps, on en vient \u00e0 utiliser des m\u00e9dicaments qui ont \u00e9t\u00e9 d\u00e9velopp\u00e9s dans l&rsquo;industrie biopharmaceutique cubaine et qui ont obtenu des r\u00e9sultats favorables dans des maladies comparables. De surcro\u00eet, des m\u00e9dicaments ont \u00e9t\u00e9 distribu\u00e9s aux gens en bonne sant\u00e9 de fa\u00e7on \u00e0 renforcer leurs d\u00e9fenses immunitaires, ce qui les rend plus aptes, s&rsquo;ils tombent malades, \u00e0 vaincre la maladie.<\/p>\n<p>A ce jour, ce sont plus de 90 % des Cubain(e)s qui se sont relev\u00e9(e)s de leur maladie et le taux de mortalit\u00e9 \u00e0 Cuba, avec 0,6 %, est l\u2019un des plus faibles de la plan\u00e8te.<\/p>\n<p><strong>L&rsquo;Europe manque cruellement de vaccins ; la R\u00e9publique tch\u00e8que vit un \u00c9tat d&rsquo;urgence, mais il est impossible de recourir pour l&rsquo;instant aux vaccins russe ou chinois. Que pensez-vous de cette situation, que je qualifierais de \u00ab\u00a0guerre froide des vaccins \u00a0\u00bb ?<\/strong><\/p>\n<p><strong><em>\u00a0<\/em><\/strong>La r\u00e9ponse \u00e0 cette question se trouve d\u00e9j\u00e0 au moins partiellement dans les th\u00e8mes que nous venons d&rsquo;aborder.<\/p>\n<p>Peut-\u00eatre conviendrait-il que les autorit\u00e9s et m\u00e9canismes de r\u00e9gulation soient plus rapides et en m\u00eame temps plus pr\u00e9cis et plus s\u00fbrs. D\u00e8s lors que ces vaccins ont fait la preuve de leur efficacit\u00e9, de leurs performances, en corr\u00e9lation avec les normes \u00e9tablies, il ne devrait y avoir aucune raison de ne pas les utiliser.<\/p>\n<p>La pand\u00e9mie n&rsquo;a pas d&rsquo;id\u00e9ologie, pas plus que les vaccins. Plus l&rsquo;immunisation vaccinale sera retard\u00e9e, plus le nombre de gens touch\u00e9s continuera \u00e0 augmenter et, ce qui est plus triste, plus de gens vont mourir.<\/p>\n<p><strong>L&rsquo;an dernier, le virus s&rsquo;est abattu soudainement sur l&rsquo;Italie, il l&rsquo;a d\u00e9vast\u00e9e. L&rsquo;aide lui est arriv\u00e9e de Chine, de Russie et d&rsquo;Albanie. Les Italiens ont \u00e9t\u00e9 \u00e9mus de voir arriver ces m\u00e9decins, ces infirmi\u00e8res et infirmiers de Cuba. Que pouvez-vous nous dire de ces missions de solidarit\u00e9 ?<\/strong><\/p>\n<p>La solidarit\u00e9 internationale est un principe qui caract\u00e9rise le peuple cubain. Pour nous, la solidarit\u00e9, ce n&rsquo;est pas donner ce que nous avons en trop, c&rsquo;est partager ce que nous avons.<\/p>\n<p>Notre peuple a toujours \u00e9t\u00e9 reconnaissant pour les nombreuses marques de solidarit\u00e9 que nous avons re\u00e7ues au cours de notre histoire et notre fa\u00e7on de manifester notre reconnaissance consiste \u00e0 offrir notre solidarit\u00e9 \u00e0 tous ceux qui en ont besoin.<\/p>\n<p>D\u00e8s les premi\u00e8res ann\u00e9es de la r\u00e9volution cubaine, des brigades m\u00e9dicales sont all\u00e9es de par le monde dans des pays qui nous avaient sollicit\u00e9s pour des catastrophes naturelles ou pour des besoins de sant\u00e9. Pour ne citer que quelques exemples, je pourrais mentionner les tremblements de terre au Pakistan ou \u00e0 Ha\u00efti et l&rsquo;\u00e9pid\u00e9mie d&rsquo;Ebola en Afrique. Les m\u00e9decins cubains se sont d\u00e9plac\u00e9s dans les endroits les plus isol\u00e9s du globe pour apporter leur aide aux gens dans le besoin.<\/p>\n<p>En 2005, apr\u00e8s les tornades qui se sont abattues sur l&rsquo;Am\u00e9rique centrale, a \u00e9t\u00e9 constitu\u00e9e la brigade Henry Reeves, un contingent de m\u00e9decins sp\u00e9cialis\u00e9s susceptible d&rsquo;\u00eatre d\u00e9ploy\u00e9 lors de catastrophes ou d&rsquo;\u00e9pid\u00e9mies importantes dans tout pays qui aurait besoin d&rsquo;aide.<\/p>\n<p>Au cours des quinze ans qui ont suivi sa cr\u00e9ation, cette brigade a laiss\u00e9 des traces dans le monde entier.<\/p>\n<p>La pand\u00e9mie de Covid 19 n\u2019a en rien constitu\u00e9 une exception et, au vu de la situation internationale et de la demande formul\u00e9e par de nombreux pays, la pr\u00e9sence des m\u00e9decins cubains ne s&rsquo;est pas faite longtemps attendre.<\/p>\n<p>Je peux vous dire qu&rsquo;en 2020 ils ont \u00e9t\u00e9 pr\u00e9sents dans 39 pays. Ils ont soign\u00e9 plus de 550 900 personnes et sauv\u00e9 12 488 vies humaines, ce qui repr\u00e9sente plus de 3 800 personnels de sant\u00e9, dont 61,2 % \u00e9taient des femmes.<\/p>\n<p>C&rsquo;est la premi\u00e8re fois que des pays europ\u00e9ens ont sollicit\u00e9 la pr\u00e9sence de ces brigades m\u00e9dicales cubaines, entre autres l&rsquo;Italie, dont le peuple a souhait\u00e9 la bienvenue \u00e0 nos m\u00e9decins ; leur travail quotidien et leur culture cubaine leur ont gagn\u00e9 la sympathie de la population.<\/p>\n<p>Les m\u00e9decins et personnels m\u00e9dicaux cubains sont toujours pr\u00eats \u00e0 offrir leur aide dans n&rsquo;importe quel pays du monde. C&rsquo;est pour cette raison que le contingent de m\u00e9decins cubains a \u00e9t\u00e9 nomin\u00e9 par de nombreuses personnalit\u00e9s et organisations pour le Prix Nobel de la paix 2021.<\/p>\n<p><strong>Sur quelle technologie repose le vaccin Soberana 02 ?<\/strong><\/p>\n<p><strong><em>\u00a0<\/em><\/strong>Le vaccin Soberana 02 est un vaccin combin\u00e9 : il contient un antig\u00e8ne qui est m\u00e9lang\u00e9 \u00e0 une mol\u00e9cule support pour renforcer sa stabilit\u00e9 et son effectivit\u00e9. Il dispose d&rsquo;une technologie tr\u00e8s s\u00fbre puisque la plate-forme technologique qu\u2019il utilise a d\u00e9j\u00e0 fait ses preuves \u00e0 Cuba avec d&rsquo;autres vaccins.<\/p>\n<p>Au cours de son d\u00e9veloppement, une toxine a \u00e9t\u00e9 attach\u00e9e \u00e0 la prot\u00e9ine qui fait adh\u00e9rer le virus \u00e0 la cellule. Son effet se base sur une esp\u00e8ce d&rsquo;antig\u00e8ne qui a recours \u00e0 l&rsquo;arrimage du virus qui constitue la cl\u00e9 avec laquelle l\u2019agent pathog\u00e8ne p\u00e9n\u00e8tre dans la cellule. Donc, si le virus essaie d&rsquo;entrer dans la cellule en s&rsquo;aidant de cette prot\u00e9ine, une immunor\u00e9action est d\u00e9clench\u00e9e contre la toxine qui porte la prot\u00e9ine et l&rsquo;entr\u00e9e dans la cellule est bloqu\u00e9e.<\/p>\n<p>Autre point important : Soberana se contente d&rsquo;une temp\u00e9rature comprise entre 8 et 2\u00b0C. \u00a0L&rsquo;antig\u00e8ne est s\u00fbr puisqu&rsquo;il contient non pas le virus vivant, mais seulement des parties de celui-ci, de sorte que, au dire des experts, il induit une immunit\u00e9 sans provoquer de r\u00e9actions trop importantes et il ne n\u00e9cessite pas une temp\u00e9rature extra-basse comme c&rsquo;est le cas pour d&rsquo;autres vaccins contre le covid qui ont \u00e9t\u00e9 d\u00e9velopp\u00e9s dans d&rsquo;autres laboratoires.<\/p>\n<p><strong>Y a-t-il des limites li\u00e9es \u00e0 l&rsquo;\u00e2ge pour l&rsquo;utiliser ? Notamment, peut-on l&rsquo;inoculer aux anciens ?<\/strong><\/p>\n<p><strong><em>\u00a0<\/em><\/strong>A ce jour, on n&rsquo;a pas constat\u00e9 la moindre restriction li\u00e9e \u00e0 l&rsquo;\u00e2ge. Cependant, dans le cadre de la phase III de test d&rsquo;effectivit\u00e9, il a \u00e9t\u00e9 d\u00e9cid\u00e9 de vacciner 44 000 personnes en 30 jours \u00e0 partir du 8 mars 2021 pour pouvoir achever ces \u00e9tudes d&rsquo;effectivit\u00e9.<\/p>\n<p>Pour cette phase III, on a s\u00e9lectionn\u00e9 des personnes entre 19 et 80 ans, mais d\u2019autres \u00e9tudes vont \u00eatre men\u00e9es avec d&rsquo;autres groupes d&rsquo;\u00e2ge, qui permettront de constater qu&rsquo;il n&rsquo;y a pas de limite d&rsquo;\u00e2ge.<\/p>\n<p>L&rsquo;\u00e9tude en phase III doit montrer que le candidat vaccin satisfait non seulement les attentes et exigences des autorit\u00e9s de tutelle nationales, mais aussi les autorit\u00e9s internationales.<\/p>\n<p><strong>D\u00e9livrera-t-on une ou deux doses ?<\/strong><\/p>\n<p><strong><em>\u00a0<\/em><\/strong>La d\u00e9cision d\u00e9finitive sur le nombre de doses d\u00e9pend des r\u00e9sultats de l&rsquo;\u00e9tude de phase III.<\/p>\n<p>Les \u00e9tudes de phase II ont montr\u00e9 que, apr\u00e8s deux doses, plus de 80 % des vaccin\u00e9s pr\u00e9sentent une r\u00e9ponse positive. Ce taux passe \u00e0 96 % apr\u00e8s une troisi\u00e8me dose.<\/p>\n<p>En phase III, on administrera deux doses \u00e0 un groupe de personnes que l&rsquo;on surveillera pendant trois mois. Un autre groupe recevra trois doses et sera lui aussi suivi trois mois durant avant de conclure l&rsquo;\u00e9tude et de mettre en route le sch\u00e9ma de vaccination.<\/p>\n<p><strong>Avez-vous des informations sur l&rsquo;effectivit\u00e9 par rapport aux nouvelles souches ou aux mutations du virus qui apparaissent ?<\/strong><\/p>\n<p><strong><em>\u00a0<\/em><\/strong>D&rsquo;apr\u00e8s les chercheurs cubains, avec deux doses, le Soberana 02 peut prot\u00e9ger contre les variants du virus qui ont fait leur apparition dans diff\u00e9rents pays. Une troisi\u00e8me dose de Soberana Plus est en exp\u00e9rimentation pour renforcer les r\u00e9actions de l&rsquo;anticorps au virus.<\/p>\n<p><strong><em>\u00a0<\/em><\/strong><\/p>\n<p><strong>Note<\/strong><\/p>\n<p><em><strong>[1]<\/strong> Depuis le d\u00e9but de la pand\u00e9mie au d\u00e9but mars de l&rsquo;ann\u00e9e derni\u00e8re, le pays enregistre au total \u00e0 ce jour (28 mars 2021) 72 503 patients qui ont \u00e9t\u00e9 diagnostiqu\u00e9s positifs, 69 499 sont gu\u00e9ris (94,5%), \u00e0 l&rsquo;heure actuelle, 3 533 personnes sont en traitement clinique, il y a eu en tout 415 morts. Samedi 27 mars, 919 nouveaux cas ont \u00e9t\u00e9 constat\u00e9s, une personne est d\u00e9c\u00e9d\u00e9e et 802 renvoy\u00e9es chez elles, gu\u00e9ries. Tout cela pour une population totale de pr\u00e8s de 11,5 millions de personnes.<\/em><\/p>\n<p><em>Source : <\/em><a href=\"http:\/\/www.cubadebate.cu\/noticias\/2021\/03\/28\/cuba-reporta-919-nuevos-casos-de-\"><em>http:\/\/www.cubadebate.cu\/noticias\/2021\/03\/28\/cuba-reporta-919-nuevos-casos-de-<\/em><\/a> <em><u>covid-19-un-fallecidos-y-802-altas-medicas\/<\/u><\/em><\/p>\n<p>&nbsp;<\/p>\n<p><em>Traduit de l&rsquo;allemand par Didier Aviat<\/em><\/p>\n","protected":false},"excerpt":{"rendered":"<p>Interview de Danilo Alonso Mederos, ambassadeur de Cuba \u00e0 Prague, sur la pand\u00e9mie de Covid 19, le vaccin et le droit \u00e0 la sant\u00e9 Sur toute la plan\u00e8te, l&rsquo;heure est aujourd&rsquo;hui \u00e0 la lutte pour terrasser l&rsquo;\u00e9pid\u00e9mie de Covid 19.&hellip;<\/p>\n","protected":false},"author":995,"featured_media":1326030,"comment_status":"closed","ping_status":"closed","sticky":false,"template":"","format":"standard","meta":{"footnotes":""},"categories":[11386,40,156,1245],"tags":[8989,70280,271,89610,4715],"class_list":["post-1337851","post","type-post","status-publish","format-standard","has-post-thumbnail","hentry","category-contenu-original","category-international-fr","category-interview-fr","category-sante-sujet","tag-brevets","tag-coronavirus-fr","tag-cuba","tag-guerre-froide-des-vaccins","tag-vaccins"],"yoast_head":"<!-- This site is optimized with the Yoast SEO plugin v27.1.1 - https:\/\/yoast.com\/product\/yoast-seo-wordpress\/ -->\n<title>Le vaccin cubain pr\u00eat en juillet. Entretien avec l&#039;ambassadeur de Cuba en R\u00e9publique tch\u00e8que<\/title>\n<meta name=\"description\" content=\"Interview de Danilo Alonso Mederos, ambassadeur de Cuba \u00e0 Prague, sur la pand\u00e9mie de Covid 19, le vaccin et le droit \u00e0 la sant\u00e9 Sur toute la plan\u00e8te,\" \/>\n<meta name=\"robots\" content=\"index, follow, max-snippet:-1, max-image-preview:large, max-video-preview:-1\" \/>\n<link rel=\"canonical\" href=\"https:\/\/www.pressenza.com\/fr\/2021\/04\/le-vaccin-cubain-pret-en-juillet-entretien-avec-lambassadeur-de-cuba-en-republique-tcheque\/\" \/>\n<meta property=\"og:locale\" content=\"fr_FR\" \/>\n<meta property=\"og:type\" content=\"article\" \/>\n<meta property=\"og:title\" content=\"Le vaccin cubain pr\u00eat en juillet. Entretien avec l&#039;ambassadeur de Cuba en R\u00e9publique tch\u00e8que\" \/>\n<meta property=\"og:description\" content=\"Interview de Danilo Alonso Mederos, ambassadeur de Cuba \u00e0 Prague, sur la pand\u00e9mie de Covid 19, le vaccin et le droit \u00e0 la sant\u00e9 Sur toute la plan\u00e8te,\" \/>\n<meta property=\"og:url\" content=\"https:\/\/www.pressenza.com\/fr\/2021\/04\/le-vaccin-cubain-pret-en-juillet-entretien-avec-lambassadeur-de-cuba-en-republique-tcheque\/\" \/>\n<meta property=\"og:site_name\" content=\"Pressenza\" \/>\n<meta property=\"article:publisher\" content=\"https:\/\/www.facebook.com\/PressenzaItalia\" \/>\n<meta property=\"article:published_time\" content=\"2021-04-09T21:17:01+00:00\" \/>\n<meta property=\"article:modified_time\" content=\"2021-04-10T18:56:41+00:00\" \/>\n<meta property=\"og:image\" content=\"https:\/\/www.pressenza.com\/wp-content\/uploads\/2021\/03\/Cuba_Vacuna_Soberana.jpg\" \/>\n\t<meta property=\"og:image:width\" content=\"1920\" \/>\n\t<meta property=\"og:image:height\" content=\"1056\" \/>\n\t<meta property=\"og:image:type\" content=\"image\/jpeg\" \/>\n<meta name=\"author\" content=\"Gerardo Femina\" \/>\n<meta name=\"twitter:card\" content=\"summary_large_image\" \/>\n<meta name=\"twitter:creator\" content=\"@PressenzaIPA\" \/>\n<meta name=\"twitter:site\" content=\"@PressenzaIPA\" \/>\n<meta name=\"twitter:label1\" content=\"\u00c9crit par\" \/>\n\t<meta name=\"twitter:data1\" content=\"Gerardo Femina\" \/>\n\t<meta name=\"twitter:label2\" content=\"Dur\u00e9e de lecture estim\u00e9e\" \/>\n\t<meta name=\"twitter:data2\" content=\"13 minutes\" \/>\n<script type=\"application\/ld+json\" class=\"yoast-schema-graph\">{\"@context\":\"https:\/\/schema.org\",\"@graph\":[{\"@type\":\"Article\",\"@id\":\"https:\/\/www.pressenza.com\/fr\/2021\/04\/le-vaccin-cubain-pret-en-juillet-entretien-avec-lambassadeur-de-cuba-en-republique-tcheque\/#article\",\"isPartOf\":{\"@id\":\"https:\/\/www.pressenza.com\/fr\/2021\/04\/le-vaccin-cubain-pret-en-juillet-entretien-avec-lambassadeur-de-cuba-en-republique-tcheque\/\"},\"author\":{\"name\":\"Gerardo Femina\",\"@id\":\"https:\/\/www.pressenza.com\/fr\/#\/schema\/person\/a960a95828df61811b50008db91df31a\"},\"headline\":\"Le vaccin cubain pr\u00eat en juillet. Entretien avec l&rsquo;ambassadeur de Cuba en R\u00e9publique tch\u00e8que\",\"datePublished\":\"2021-04-09T21:17:01+00:00\",\"dateModified\":\"2021-04-10T18:56:41+00:00\",\"mainEntityOfPage\":{\"@id\":\"https:\/\/www.pressenza.com\/fr\/2021\/04\/le-vaccin-cubain-pret-en-juillet-entretien-avec-lambassadeur-de-cuba-en-republique-tcheque\/\"},\"wordCount\":2774,\"publisher\":{\"@id\":\"https:\/\/www.pressenza.com\/fr\/#organization\"},\"image\":{\"@id\":\"https:\/\/www.pressenza.com\/fr\/2021\/04\/le-vaccin-cubain-pret-en-juillet-entretien-avec-lambassadeur-de-cuba-en-republique-tcheque\/#primaryimage\"},\"thumbnailUrl\":\"https:\/\/www.pressenza.com\/wp-content\/uploads\/2021\/03\/Cuba_Vacuna_Soberana.jpg\",\"keywords\":[\"brevets\",\"coronavirus\",\"Cuba\",\"guerre froide des vaccins\",\"vaccins\"],\"articleSection\":[\"Contenu Original\",\"International\",\"Interviews\",\"Sant\u00e9\"],\"inLanguage\":\"fr-FR\"},{\"@type\":\"WebPage\",\"@id\":\"https:\/\/www.pressenza.com\/fr\/2021\/04\/le-vaccin-cubain-pret-en-juillet-entretien-avec-lambassadeur-de-cuba-en-republique-tcheque\/\",\"url\":\"https:\/\/www.pressenza.com\/fr\/2021\/04\/le-vaccin-cubain-pret-en-juillet-entretien-avec-lambassadeur-de-cuba-en-republique-tcheque\/\",\"name\":\"Le vaccin cubain pr\u00eat en juillet. Entretien avec l'ambassadeur de Cuba en R\u00e9publique tch\u00e8que\",\"isPartOf\":{\"@id\":\"https:\/\/www.pressenza.com\/fr\/#website\"},\"primaryImageOfPage\":{\"@id\":\"https:\/\/www.pressenza.com\/fr\/2021\/04\/le-vaccin-cubain-pret-en-juillet-entretien-avec-lambassadeur-de-cuba-en-republique-tcheque\/#primaryimage\"},\"image\":{\"@id\":\"https:\/\/www.pressenza.com\/fr\/2021\/04\/le-vaccin-cubain-pret-en-juillet-entretien-avec-lambassadeur-de-cuba-en-republique-tcheque\/#primaryimage\"},\"thumbnailUrl\":\"https:\/\/www.pressenza.com\/wp-content\/uploads\/2021\/03\/Cuba_Vacuna_Soberana.jpg\",\"datePublished\":\"2021-04-09T21:17:01+00:00\",\"dateModified\":\"2021-04-10T18:56:41+00:00\",\"description\":\"Interview de Danilo Alonso Mederos, ambassadeur de Cuba \u00e0 Prague, sur la pand\u00e9mie de Covid 19, le vaccin et le droit \u00e0 la sant\u00e9 Sur toute la plan\u00e8te,\",\"breadcrumb\":{\"@id\":\"https:\/\/www.pressenza.com\/fr\/2021\/04\/le-vaccin-cubain-pret-en-juillet-entretien-avec-lambassadeur-de-cuba-en-republique-tcheque\/#breadcrumb\"},\"inLanguage\":\"fr-FR\",\"potentialAction\":[{\"@type\":\"ReadAction\",\"target\":[\"https:\/\/www.pressenza.com\/fr\/2021\/04\/le-vaccin-cubain-pret-en-juillet-entretien-avec-lambassadeur-de-cuba-en-republique-tcheque\/\"]}]},{\"@type\":\"ImageObject\",\"inLanguage\":\"fr-FR\",\"@id\":\"https:\/\/www.pressenza.com\/fr\/2021\/04\/le-vaccin-cubain-pret-en-juillet-entretien-avec-lambassadeur-de-cuba-en-republique-tcheque\/#primaryimage\",\"url\":\"https:\/\/www.pressenza.com\/wp-content\/uploads\/2021\/03\/Cuba_Vacuna_Soberana.jpg\",\"contentUrl\":\"https:\/\/www.pressenza.com\/wp-content\/uploads\/2021\/03\/Cuba_Vacuna_Soberana.jpg\",\"width\":1920,\"height\":1056,\"caption\":\"Le vaccin cubain pr\u00eat en juillet. Entretien avec l'ambassadeur de Cuba en R\u00e9publique tch\u00e8que\"},{\"@type\":\"BreadcrumbList\",\"@id\":\"https:\/\/www.pressenza.com\/fr\/2021\/04\/le-vaccin-cubain-pret-en-juillet-entretien-avec-lambassadeur-de-cuba-en-republique-tcheque\/#breadcrumb\",\"itemListElement\":[{\"@type\":\"ListItem\",\"position\":1,\"name\":\"Accueil\",\"item\":\"https:\/\/www.pressenza.com\/fr\/\"},{\"@type\":\"ListItem\",\"position\":2,\"name\":\"Le vaccin cubain pr\u00eat en juillet. Entretien avec l&rsquo;ambassadeur de Cuba en R\u00e9publique tch\u00e8que\"}]},{\"@type\":\"WebSite\",\"@id\":\"https:\/\/www.pressenza.com\/fr\/#website\",\"url\":\"https:\/\/www.pressenza.com\/fr\/\",\"name\":\"Pressenza\",\"description\":\"International Press Agency\",\"publisher\":{\"@id\":\"https:\/\/www.pressenza.com\/fr\/#organization\"},\"potentialAction\":[{\"@type\":\"SearchAction\",\"target\":{\"@type\":\"EntryPoint\",\"urlTemplate\":\"https:\/\/www.pressenza.com\/fr\/?s={search_term_string}\"},\"query-input\":{\"@type\":\"PropertyValueSpecification\",\"valueRequired\":true,\"valueName\":\"search_term_string\"}}],\"inLanguage\":\"fr-FR\"},{\"@type\":\"Organization\",\"@id\":\"https:\/\/www.pressenza.com\/fr\/#organization\",\"name\":\"Pressenza\",\"url\":\"https:\/\/www.pressenza.com\/fr\/\",\"logo\":{\"@type\":\"ImageObject\",\"inLanguage\":\"fr-FR\",\"@id\":\"https:\/\/www.pressenza.com\/fr\/#\/schema\/logo\/image\/\",\"url\":\"https:\/\/www.pressenza.com\/wp-content\/uploads\/2022\/10\/pressenza_logo_200x200.jpg\",\"contentUrl\":\"https:\/\/www.pressenza.com\/wp-content\/uploads\/2022\/10\/pressenza_logo_200x200.jpg\",\"width\":200,\"height\":200,\"caption\":\"Pressenza\"},\"image\":{\"@id\":\"https:\/\/www.pressenza.com\/fr\/#\/schema\/logo\/image\/\"},\"sameAs\":[\"https:\/\/www.facebook.com\/PressenzaItalia\",\"https:\/\/x.com\/PressenzaIPA\"]},{\"@type\":\"Person\",\"@id\":\"https:\/\/www.pressenza.com\/fr\/#\/schema\/person\/a960a95828df61811b50008db91df31a\",\"name\":\"Gerardo Femina\",\"description\":\"Former president of the Community for Human Development in Italy, engaged in social, political and cultural activity. For 20 years he has lived in Prague, where he was among the promoters of the campaign \\\"Europe for Peace\\\" and the protest against the so-called Missile Shield, that the United States wanted to install in the Czech Republic. He writes about politics and social matters. In recent years he has dedicated himself to the construction of the Park of Study and Reflection in the Czech Republic.\",\"url\":\"https:\/\/www.pressenza.com\/fr\/author\/gerardo-femina\/\"}]}<\/script>\n<!-- \/ Yoast SEO plugin. -->","yoast_head_json":{"title":"Le vaccin cubain pr\u00eat en juillet. Entretien avec l'ambassadeur de Cuba en R\u00e9publique tch\u00e8que","description":"Interview de Danilo Alonso Mederos, ambassadeur de Cuba \u00e0 Prague, sur la pand\u00e9mie de Covid 19, le vaccin et le droit \u00e0 la sant\u00e9 Sur toute la plan\u00e8te,","robots":{"index":"index","follow":"follow","max-snippet":"max-snippet:-1","max-image-preview":"max-image-preview:large","max-video-preview":"max-video-preview:-1"},"canonical":"https:\/\/www.pressenza.com\/fr\/2021\/04\/le-vaccin-cubain-pret-en-juillet-entretien-avec-lambassadeur-de-cuba-en-republique-tcheque\/","og_locale":"fr_FR","og_type":"article","og_title":"Le vaccin cubain pr\u00eat en juillet. Entretien avec l'ambassadeur de Cuba en R\u00e9publique tch\u00e8que","og_description":"Interview de Danilo Alonso Mederos, ambassadeur de Cuba \u00e0 Prague, sur la pand\u00e9mie de Covid 19, le vaccin et le droit \u00e0 la sant\u00e9 Sur toute la plan\u00e8te,","og_url":"https:\/\/www.pressenza.com\/fr\/2021\/04\/le-vaccin-cubain-pret-en-juillet-entretien-avec-lambassadeur-de-cuba-en-republique-tcheque\/","og_site_name":"Pressenza","article_publisher":"https:\/\/www.facebook.com\/PressenzaItalia","article_published_time":"2021-04-09T21:17:01+00:00","article_modified_time":"2021-04-10T18:56:41+00:00","og_image":[{"width":1920,"height":1056,"url":"https:\/\/www.pressenza.com\/wp-content\/uploads\/2021\/03\/Cuba_Vacuna_Soberana.jpg","type":"image\/jpeg"}],"author":"Gerardo Femina","twitter_card":"summary_large_image","twitter_creator":"@PressenzaIPA","twitter_site":"@PressenzaIPA","twitter_misc":{"\u00c9crit par":"Gerardo Femina","Dur\u00e9e de lecture estim\u00e9e":"13 minutes"},"schema":{"@context":"https:\/\/schema.org","@graph":[{"@type":"Article","@id":"https:\/\/www.pressenza.com\/fr\/2021\/04\/le-vaccin-cubain-pret-en-juillet-entretien-avec-lambassadeur-de-cuba-en-republique-tcheque\/#article","isPartOf":{"@id":"https:\/\/www.pressenza.com\/fr\/2021\/04\/le-vaccin-cubain-pret-en-juillet-entretien-avec-lambassadeur-de-cuba-en-republique-tcheque\/"},"author":{"name":"Gerardo Femina","@id":"https:\/\/www.pressenza.com\/fr\/#\/schema\/person\/a960a95828df61811b50008db91df31a"},"headline":"Le vaccin cubain pr\u00eat en juillet. Entretien avec l&rsquo;ambassadeur de Cuba en R\u00e9publique tch\u00e8que","datePublished":"2021-04-09T21:17:01+00:00","dateModified":"2021-04-10T18:56:41+00:00","mainEntityOfPage":{"@id":"https:\/\/www.pressenza.com\/fr\/2021\/04\/le-vaccin-cubain-pret-en-juillet-entretien-avec-lambassadeur-de-cuba-en-republique-tcheque\/"},"wordCount":2774,"publisher":{"@id":"https:\/\/www.pressenza.com\/fr\/#organization"},"image":{"@id":"https:\/\/www.pressenza.com\/fr\/2021\/04\/le-vaccin-cubain-pret-en-juillet-entretien-avec-lambassadeur-de-cuba-en-republique-tcheque\/#primaryimage"},"thumbnailUrl":"https:\/\/www.pressenza.com\/wp-content\/uploads\/2021\/03\/Cuba_Vacuna_Soberana.jpg","keywords":["brevets","coronavirus","Cuba","guerre froide des vaccins","vaccins"],"articleSection":["Contenu Original","International","Interviews","Sant\u00e9"],"inLanguage":"fr-FR"},{"@type":"WebPage","@id":"https:\/\/www.pressenza.com\/fr\/2021\/04\/le-vaccin-cubain-pret-en-juillet-entretien-avec-lambassadeur-de-cuba-en-republique-tcheque\/","url":"https:\/\/www.pressenza.com\/fr\/2021\/04\/le-vaccin-cubain-pret-en-juillet-entretien-avec-lambassadeur-de-cuba-en-republique-tcheque\/","name":"Le vaccin cubain pr\u00eat en juillet. Entretien avec l'ambassadeur de Cuba en R\u00e9publique tch\u00e8que","isPartOf":{"@id":"https:\/\/www.pressenza.com\/fr\/#website"},"primaryImageOfPage":{"@id":"https:\/\/www.pressenza.com\/fr\/2021\/04\/le-vaccin-cubain-pret-en-juillet-entretien-avec-lambassadeur-de-cuba-en-republique-tcheque\/#primaryimage"},"image":{"@id":"https:\/\/www.pressenza.com\/fr\/2021\/04\/le-vaccin-cubain-pret-en-juillet-entretien-avec-lambassadeur-de-cuba-en-republique-tcheque\/#primaryimage"},"thumbnailUrl":"https:\/\/www.pressenza.com\/wp-content\/uploads\/2021\/03\/Cuba_Vacuna_Soberana.jpg","datePublished":"2021-04-09T21:17:01+00:00","dateModified":"2021-04-10T18:56:41+00:00","description":"Interview de Danilo Alonso Mederos, ambassadeur de Cuba \u00e0 Prague, sur la pand\u00e9mie de Covid 19, le vaccin et le droit \u00e0 la sant\u00e9 Sur toute la plan\u00e8te,","breadcrumb":{"@id":"https:\/\/www.pressenza.com\/fr\/2021\/04\/le-vaccin-cubain-pret-en-juillet-entretien-avec-lambassadeur-de-cuba-en-republique-tcheque\/#breadcrumb"},"inLanguage":"fr-FR","potentialAction":[{"@type":"ReadAction","target":["https:\/\/www.pressenza.com\/fr\/2021\/04\/le-vaccin-cubain-pret-en-juillet-entretien-avec-lambassadeur-de-cuba-en-republique-tcheque\/"]}]},{"@type":"ImageObject","inLanguage":"fr-FR","@id":"https:\/\/www.pressenza.com\/fr\/2021\/04\/le-vaccin-cubain-pret-en-juillet-entretien-avec-lambassadeur-de-cuba-en-republique-tcheque\/#primaryimage","url":"https:\/\/www.pressenza.com\/wp-content\/uploads\/2021\/03\/Cuba_Vacuna_Soberana.jpg","contentUrl":"https:\/\/www.pressenza.com\/wp-content\/uploads\/2021\/03\/Cuba_Vacuna_Soberana.jpg","width":1920,"height":1056,"caption":"Le vaccin cubain pr\u00eat en juillet. Entretien avec l'ambassadeur de Cuba en R\u00e9publique tch\u00e8que"},{"@type":"BreadcrumbList","@id":"https:\/\/www.pressenza.com\/fr\/2021\/04\/le-vaccin-cubain-pret-en-juillet-entretien-avec-lambassadeur-de-cuba-en-republique-tcheque\/#breadcrumb","itemListElement":[{"@type":"ListItem","position":1,"name":"Accueil","item":"https:\/\/www.pressenza.com\/fr\/"},{"@type":"ListItem","position":2,"name":"Le vaccin cubain pr\u00eat en juillet. Entretien avec l&rsquo;ambassadeur de Cuba en R\u00e9publique tch\u00e8que"}]},{"@type":"WebSite","@id":"https:\/\/www.pressenza.com\/fr\/#website","url":"https:\/\/www.pressenza.com\/fr\/","name":"Pressenza","description":"International Press Agency","publisher":{"@id":"https:\/\/www.pressenza.com\/fr\/#organization"},"potentialAction":[{"@type":"SearchAction","target":{"@type":"EntryPoint","urlTemplate":"https:\/\/www.pressenza.com\/fr\/?s={search_term_string}"},"query-input":{"@type":"PropertyValueSpecification","valueRequired":true,"valueName":"search_term_string"}}],"inLanguage":"fr-FR"},{"@type":"Organization","@id":"https:\/\/www.pressenza.com\/fr\/#organization","name":"Pressenza","url":"https:\/\/www.pressenza.com\/fr\/","logo":{"@type":"ImageObject","inLanguage":"fr-FR","@id":"https:\/\/www.pressenza.com\/fr\/#\/schema\/logo\/image\/","url":"https:\/\/www.pressenza.com\/wp-content\/uploads\/2022\/10\/pressenza_logo_200x200.jpg","contentUrl":"https:\/\/www.pressenza.com\/wp-content\/uploads\/2022\/10\/pressenza_logo_200x200.jpg","width":200,"height":200,"caption":"Pressenza"},"image":{"@id":"https:\/\/www.pressenza.com\/fr\/#\/schema\/logo\/image\/"},"sameAs":["https:\/\/www.facebook.com\/PressenzaItalia","https:\/\/x.com\/PressenzaIPA"]},{"@type":"Person","@id":"https:\/\/www.pressenza.com\/fr\/#\/schema\/person\/a960a95828df61811b50008db91df31a","name":"Gerardo Femina","description":"Former president of the Community for Human Development in Italy, engaged in social, political and cultural activity. For 20 years he has lived in Prague, where he was among the promoters of the campaign \"Europe for Peace\" and the protest against the so-called Missile Shield, that the United States wanted to install in the Czech Republic. He writes about politics and social matters. In recent years he has dedicated himself to the construction of the Park of Study and Reflection in the Czech Republic.","url":"https:\/\/www.pressenza.com\/fr\/author\/gerardo-femina\/"}]}},"place":"Prague, R\u00e9publique tch\u00e8que","original_article_url":"","_links":{"self":[{"href":"https:\/\/www.pressenza.com\/fr\/wp-json\/wp\/v2\/posts\/1337851","targetHints":{"allow":["GET"]}}],"collection":[{"href":"https:\/\/www.pressenza.com\/fr\/wp-json\/wp\/v2\/posts"}],"about":[{"href":"https:\/\/www.pressenza.com\/fr\/wp-json\/wp\/v2\/types\/post"}],"author":[{"embeddable":true,"href":"https:\/\/www.pressenza.com\/fr\/wp-json\/wp\/v2\/users\/995"}],"replies":[{"embeddable":true,"href":"https:\/\/www.pressenza.com\/fr\/wp-json\/wp\/v2\/comments?post=1337851"}],"version-history":[{"count":0,"href":"https:\/\/www.pressenza.com\/fr\/wp-json\/wp\/v2\/posts\/1337851\/revisions"}],"wp:featuredmedia":[{"embeddable":true,"href":"https:\/\/www.pressenza.com\/fr\/wp-json\/wp\/v2\/media\/1326030"}],"wp:attachment":[{"href":"https:\/\/www.pressenza.com\/fr\/wp-json\/wp\/v2\/media?parent=1337851"}],"wp:term":[{"taxonomy":"category","embeddable":true,"href":"https:\/\/www.pressenza.com\/fr\/wp-json\/wp\/v2\/categories?post=1337851"},{"taxonomy":"post_tag","embeddable":true,"href":"https:\/\/www.pressenza.com\/fr\/wp-json\/wp\/v2\/tags?post=1337851"}],"curies":[{"name":"wp","href":"https:\/\/api.w.org\/{rel}","templated":true}]}}