{"id":133335,"date":"2014-09-21T19:24:16","date_gmt":"2014-09-21T18:24:16","guid":{"rendered":"http:\/\/www.pressenza.com\/?p=133335"},"modified":"2017-09-12T18:02:01","modified_gmt":"2017-09-12T17:02:01","slug":"mobilite-douce-en-avant-les-pedibus","status":"publish","type":"post","link":"https:\/\/www.pressenza.com\/fr\/2014\/09\/mobilite-douce-en-avant-les-pedibus\/","title":{"rendered":"Semaine Europ\u00e9enne de la Mobilit\u00e9 du 16 au 22 Septembre 2014"},"content":{"rendered":"<p><span style=\"color: #333300;\">\u00a0<\/span>Quand ?<\/p>\n<p>Cr\u00e9\u00e9e en 2002 \u00e0 l\u2019initiative de la Commission europ\u00e9enne, la Semaine Europ\u00e9enne de la Mobilit\u00e9 a lieu<br \/>\nchaque ann\u00e9e du 16 au 22 septembre. Pendant 7 jours, en Europe et dans toute la France, cet<br \/>\n\u00e9v\u00e9nement constitue une occasion id\u00e9ale de promouvoir des solutions de transports durables.<\/p>\n<p>Quoi ?<br \/>\nLa Semaine Europ\u00e9enne de la Mobilit\u00e9 est organis\u00e9e autour d\u2019un appel \u00e0 projets invitant les<br \/>\ncollectivit\u00e9s locales, les soci\u00e9t\u00e9s exploitant un r\u00e9seau de transport, les entreprises, les associations, les<br \/>\nservices publics et les \u00e9tablissements scolaires \u00e0 organiser des \u00e9v\u00e9nements relatifs \u00e0 la mobilit\u00e9<br \/>\ndouce.<\/p>\n<p><span style=\"color: #000000;\">Et vous, comment bougez-vous cette semaine ?\u00a0<\/span><\/p>\n<p><span style=\"color: #000000;\">Mobilit\u00e9 douce: en avant les pedibus\u00a0<\/span><\/p>\n<p>Renouer avec la marche \u00e0 pied pour aller \u00e0 l&rsquo;\u00e9cole, tel est l&rsquo;objectif des p\u00e9dibus mis en place dans plusieurs villes de France. Une fa\u00e7on plus saine et \u00e9cologique de se d\u00e9placer qui n\u00e9cessite un peu de courage et de confiance.<\/p>\n<div id=\"news_texte\">\n<p>Plus de 2.000 villes europ\u00e9ennes ont pr\u00e9vu de participer cette ann\u00e9e \u00e0 la\u00a0<a href=\"http:\/\/www.mobilityweek.eu\/http:\/\/www.mobilityweek.eu\/\" target=\"_blank\" rel=\"noopener noreferrer\">semaine europ\u00e9enne de la mobilit\u00e9<\/a>. Depuis mardi 16 septembre et jusqu&rsquo;au 22 septembre prochain, les promoteurs nationaux et locaux de la campagne organisent diverses manifestations.\u00a0En France par exemple, le 18 septembre sera consacr\u00e9 au\u00a0<a href=\"http:\/\/www.actu-environnement.com\/ae\/news\/covoiturage-domicile-travail-potentiel-solo-cgdd-22056.php4\" target=\"_blank\" rel=\"noopener noreferrer\">covoiturage<\/a>\u00a0et le 20 septembre aux\u00a0<a href=\"http:\/\/www.actu-environnement.com\/ae\/news\/transport-propre-durable-innovation-europeenne-21408.php4\" target=\"_blank\" rel=\"noopener noreferrer\">transports publics<\/a>.<\/p>\n<p><a href=\"http:\/\/www.actu-environnement.com\/ae\/news\/ligne-travers-bus-electrique-paris-19778.php4\" target=\"_blank\" rel=\"noopener noreferrer\">Bu<\/a>s, m\u00e9tro,\u00a0<a href=\"http:\/\/www.actu-environnement.com\/ae\/news\/plan-velo-mobilite-active-20978.php4\" target=\"_blank\" rel=\"noopener noreferrer\">v\u00e9lo<\/a>\u2026 Tous les transports alternatifs \u00e0 la voiture sont \u00e0 l&rsquo;honneur avec pour slogan cette ann\u00e9e \u00ab\u00a0Nos rues, notre choix\u00a0\u00bb.\u00a0<i>\u00ab\u00a0La semaine de la mobilit\u00e9 nous rappelle qu&rsquo;en mati\u00e8re de mobilit\u00e9 individuelle, nous avons r\u00e9ellement le choix, et les bons choix que nous posons ont des r\u00e9percussions tangibles sur notre sant\u00e9 et notre qualit\u00e9 de vie\u00a0\u00bb<\/i>, a d\u00e9clar\u00e9 Janez Poto\u010dnik, commissaire europ\u00e9en charg\u00e9 de l&rsquo;environnement.<\/p>\n<p><b>Se d\u00e9placer autrement m\u00eame vers l&rsquo;\u00e9cole<\/b><\/p>\n<p>42 minutes par jour : c&rsquo;est le temps de transport que les Europ\u00e9ens consacrent pour conduire leurs enfants a l&rsquo;\u00e9cole en voiture. Ce trajet, le plus souvent de moins de 1 km, est aussi le plus consommateur de carburant et le plus polluant. Cette\u00a0<a href=\"https:\/\/fr.wikipedia.org\/wiki\/Semaine_europ%C3%A9enne_de_la_mobilit%C3%A9\" target=\"_blank\" rel=\"noopener noreferrer\">semaine de la mobilit\u00e9<\/a>\u00a0est l&rsquo;occasion pour les parents de s&rsquo;interroger sur les modes de d\u00e9placements domicile-\u00e9cole et pourquoi pas de tenter le recours au p\u00e9dibus.<\/p>\n<p>Ce bus p\u00e9destre a tout d&rsquo;un bus traditionnel : une ligne d\u00e9finie, un ou plusieurs chauffeurs, des arr\u00eats\u2026 mais sans les nuisances sonores et olfactives. Le tout gratuitement ou presque : certains organisateurs, le plus souvent des associations de parents d&rsquo;\u00e9l\u00e8ves, demandent une participation de quelques euros pour couvrir les frais d&rsquo;assurance.<\/p>\n<p>Pour aller plus loin, l&rsquo;\u00e9cole elle-m\u00eame peut s&rsquo;interroger sur les d\u00e9placements de ses \u00e9l\u00e8ves via un Plan de d\u00e9placements \u00e9tablissement scolaire (PDES). Les p\u00e9dibus peuvent alors \u00eatre une solution \u00e0 mettre en place aux c\u00f4t\u00e9s des garages \u00e0 v\u00e9lo ou du covoiturage. L&rsquo;Agence de l&rsquo;environnement et de la ma\u00eetrise de l&rsquo;\u00e9nergie (Ademe), par l&rsquo;interm\u00e9diaire de ses directions r\u00e9gionales propose son expertise et son apport technique pour accompagner les PDES. Elle soutient financi\u00e8rement les projets qui s&rsquo;inscrivent dans cette d\u00e9marche.\u00a0<i>\u00ab\u00a0[le PDES] sert \u00e0 mettre en lumi\u00e8re les freins aux changements d&rsquo;habitudes et les opportunit\u00e9s li\u00e9es \u00e0 la configuration des lieux et aux \u00e9quipements existants qui peuvent favoriser une \u00e9volution des comportements\u00a0\u00bb,<\/i>\u00a0explique-t-elle.<\/p>\n<\/div>\n<p><a title=\"Baptiste Clarke: Reporter d'images\" href=\"http:\/\/www.actu-environnement.com\/contact\/baptiste-clarke\">Baptiste Clarke<\/a><\/p>\n","protected":false},"excerpt":{"rendered":"<p>\u00a0Quand ? Cr\u00e9\u00e9e en 2002 \u00e0 l\u2019initiative de la Commission europ\u00e9enne, la Semaine Europ\u00e9enne de la Mobilit\u00e9 a lieu chaque ann\u00e9e du 16 au 22 septembre. Pendant 7 jours, en Europe et dans toute la France, cet \u00e9v\u00e9nement constitue une&hellip;<\/p>\n","protected":false},"author":1123,"featured_media":0,"comment_status":"closed","ping_status":"open","sticky":false,"template":"","format":"standard","meta":{"footnotes":""},"categories":[97,1249,85,163,1245],"tags":[12389,12386,10259,12385,12387,11511,12388],"class_list":["post-133335","post","type-post","status-publish","format-standard","hentry","category-environnement-et-ecologie","category-education-sujet","category-europe-fr","category-opinion-fr","category-sante-sujet","tag-bus","tag-deplacement","tag-metro-fr","tag-mobilite","tag-pedibus","tag-transport-public","tag-velo"],"yoast_head":"<!-- This site is optimized with the Yoast SEO plugin v27.1.1 - https:\/\/yoast.com\/product\/yoast-seo-wordpress\/ -->\n<title>Semaine Europ\u00e9enne de la Mobilit\u00e9 du 16 au 22 Septembre 2014<\/title>\n<meta name=\"description\" content=\"\u00a0Quand ? Cr\u00e9\u00e9e en 2002 \u00e0 l\u2019initiative de la Commission europ\u00e9enne, la Semaine Europ\u00e9enne de la Mobilit\u00e9 a lieu chaque ann\u00e9e du 16 au 22 septembre. Pendant\" \/>\n<meta name=\"robots\" content=\"index, follow, max-snippet:-1, max-image-preview:large, max-video-preview:-1\" \/>\n<link rel=\"canonical\" href=\"https:\/\/www.pressenza.com\/fr\/2014\/09\/mobilite-douce-en-avant-les-pedibus\/\" \/>\n<meta property=\"og:locale\" content=\"fr_FR\" \/>\n<meta property=\"og:type\" content=\"article\" \/>\n<meta property=\"og:title\" content=\"Semaine Europ\u00e9enne de la Mobilit\u00e9 du 16 au 22 Septembre 2014\" \/>\n<meta property=\"og:description\" content=\"\u00a0Quand ? Cr\u00e9\u00e9e en 2002 \u00e0 l\u2019initiative de la Commission europ\u00e9enne, la Semaine Europ\u00e9enne de la Mobilit\u00e9 a lieu chaque ann\u00e9e du 16 au 22 septembre. Pendant\" \/>\n<meta property=\"og:url\" content=\"https:\/\/www.pressenza.com\/fr\/2014\/09\/mobilite-douce-en-avant-les-pedibus\/\" \/>\n<meta property=\"og:site_name\" content=\"Pressenza\" \/>\n<meta property=\"article:publisher\" content=\"https:\/\/www.facebook.com\/PressenzaItalia\" \/>\n<meta property=\"article:published_time\" content=\"2014-09-21T18:24:16+00:00\" \/>\n<meta property=\"article:modified_time\" content=\"2017-09-12T17:02:01+00:00\" \/>\n<meta name=\"author\" content=\"Elisabeth Batt Diaz\" \/>\n<meta name=\"twitter:card\" content=\"summary_large_image\" \/>\n<meta name=\"twitter:creator\" content=\"@PressenzaIPA\" \/>\n<meta name=\"twitter:site\" content=\"@PressenzaIPA\" \/>\n<meta name=\"twitter:label1\" content=\"\u00c9crit par\" \/>\n\t<meta name=\"twitter:data1\" content=\"Elisabeth Batt Diaz\" \/>\n\t<meta name=\"twitter:label2\" content=\"Dur\u00e9e de lecture estim\u00e9e\" \/>\n\t<meta name=\"twitter:data2\" content=\"3 minutes\" \/>\n<script type=\"application\/ld+json\" class=\"yoast-schema-graph\">{\"@context\":\"https:\/\/schema.org\",\"@graph\":[{\"@type\":\"Article\",\"@id\":\"https:\/\/www.pressenza.com\/fr\/2014\/09\/mobilite-douce-en-avant-les-pedibus\/#article\",\"isPartOf\":{\"@id\":\"https:\/\/www.pressenza.com\/fr\/2014\/09\/mobilite-douce-en-avant-les-pedibus\/\"},\"author\":{\"name\":\"Elisabeth Batt Diaz\",\"@id\":\"https:\/\/www.pressenza.com\/fr\/#\/schema\/person\/bfe3c9ba00e418820eb3fc234f212ee6\"},\"headline\":\"Semaine Europ\u00e9enne de la Mobilit\u00e9 du 16 au 22 Septembre 2014\",\"datePublished\":\"2014-09-21T18:24:16+00:00\",\"dateModified\":\"2017-09-12T17:02:01+00:00\",\"mainEntityOfPage\":{\"@id\":\"https:\/\/www.pressenza.com\/fr\/2014\/09\/mobilite-douce-en-avant-les-pedibus\/\"},\"wordCount\":573,\"publisher\":{\"@id\":\"https:\/\/www.pressenza.com\/fr\/#organization\"},\"keywords\":[\"bus\",\"d\u00e9placement\",\"m\u00e9tro\",\"mobilit\u00e9\",\"pedibus\",\"transport public\",\"v\u00e9lo\"],\"articleSection\":[\"Ecologie et Environnement\",\"Education\",\"Europe\",\"Opinion\",\"Sant\u00e9\"],\"inLanguage\":\"fr-FR\"},{\"@type\":\"WebPage\",\"@id\":\"https:\/\/www.pressenza.com\/fr\/2014\/09\/mobilite-douce-en-avant-les-pedibus\/\",\"url\":\"https:\/\/www.pressenza.com\/fr\/2014\/09\/mobilite-douce-en-avant-les-pedibus\/\",\"name\":\"Semaine Europ\u00e9enne de la Mobilit\u00e9 du 16 au 22 Septembre 2014\",\"isPartOf\":{\"@id\":\"https:\/\/www.pressenza.com\/fr\/#website\"},\"datePublished\":\"2014-09-21T18:24:16+00:00\",\"dateModified\":\"2017-09-12T17:02:01+00:00\",\"description\":\"\u00a0Quand ? Cr\u00e9\u00e9e en 2002 \u00e0 l\u2019initiative de la Commission europ\u00e9enne, la Semaine Europ\u00e9enne de la Mobilit\u00e9 a lieu chaque ann\u00e9e du 16 au 22 septembre. Pendant\",\"breadcrumb\":{\"@id\":\"https:\/\/www.pressenza.com\/fr\/2014\/09\/mobilite-douce-en-avant-les-pedibus\/#breadcrumb\"},\"inLanguage\":\"fr-FR\",\"potentialAction\":[{\"@type\":\"ReadAction\",\"target\":[\"https:\/\/www.pressenza.com\/fr\/2014\/09\/mobilite-douce-en-avant-les-pedibus\/\"]}]},{\"@type\":\"BreadcrumbList\",\"@id\":\"https:\/\/www.pressenza.com\/fr\/2014\/09\/mobilite-douce-en-avant-les-pedibus\/#breadcrumb\",\"itemListElement\":[{\"@type\":\"ListItem\",\"position\":1,\"name\":\"Accueil\",\"item\":\"https:\/\/www.pressenza.com\/fr\/\"},{\"@type\":\"ListItem\",\"position\":2,\"name\":\"Semaine Europ\u00e9enne de la Mobilit\u00e9 du 16 au 22 Septembre 2014\"}]},{\"@type\":\"WebSite\",\"@id\":\"https:\/\/www.pressenza.com\/fr\/#website\",\"url\":\"https:\/\/www.pressenza.com\/fr\/\",\"name\":\"Pressenza\",\"description\":\"International Press Agency\",\"publisher\":{\"@id\":\"https:\/\/www.pressenza.com\/fr\/#organization\"},\"potentialAction\":[{\"@type\":\"SearchAction\",\"target\":{\"@type\":\"EntryPoint\",\"urlTemplate\":\"https:\/\/www.pressenza.com\/fr\/?s={search_term_string}\"},\"query-input\":{\"@type\":\"PropertyValueSpecification\",\"valueRequired\":true,\"valueName\":\"search_term_string\"}}],\"inLanguage\":\"fr-FR\"},{\"@type\":\"Organization\",\"@id\":\"https:\/\/www.pressenza.com\/fr\/#organization\",\"name\":\"Pressenza\",\"url\":\"https:\/\/www.pressenza.com\/fr\/\",\"logo\":{\"@type\":\"ImageObject\",\"inLanguage\":\"fr-FR\",\"@id\":\"https:\/\/www.pressenza.com\/fr\/#\/schema\/logo\/image\/\",\"url\":\"https:\/\/www.pressenza.com\/wp-content\/uploads\/2022\/10\/pressenza_logo_200x200.jpg\",\"contentUrl\":\"https:\/\/www.pressenza.com\/wp-content\/uploads\/2022\/10\/pressenza_logo_200x200.jpg\",\"width\":200,\"height\":200,\"caption\":\"Pressenza\"},\"image\":{\"@id\":\"https:\/\/www.pressenza.com\/fr\/#\/schema\/logo\/image\/\"},\"sameAs\":[\"https:\/\/www.facebook.com\/PressenzaItalia\",\"https:\/\/x.com\/PressenzaIPA\"]},{\"@type\":\"Person\",\"@id\":\"https:\/\/www.pressenza.com\/fr\/#\/schema\/person\/bfe3c9ba00e418820eb3fc234f212ee6\",\"name\":\"Elisabeth Batt Diaz\",\"url\":\"https:\/\/www.pressenza.com\/fr\/author\/elisabeth-batt-diaz\/\"}]}<\/script>\n<!-- \/ Yoast SEO plugin. -->","yoast_head_json":{"title":"Semaine Europ\u00e9enne de la Mobilit\u00e9 du 16 au 22 Septembre 2014","description":"\u00a0Quand ? Cr\u00e9\u00e9e en 2002 \u00e0 l\u2019initiative de la Commission europ\u00e9enne, la Semaine Europ\u00e9enne de la Mobilit\u00e9 a lieu chaque ann\u00e9e du 16 au 22 septembre. Pendant","robots":{"index":"index","follow":"follow","max-snippet":"max-snippet:-1","max-image-preview":"max-image-preview:large","max-video-preview":"max-video-preview:-1"},"canonical":"https:\/\/www.pressenza.com\/fr\/2014\/09\/mobilite-douce-en-avant-les-pedibus\/","og_locale":"fr_FR","og_type":"article","og_title":"Semaine Europ\u00e9enne de la Mobilit\u00e9 du 16 au 22 Septembre 2014","og_description":"\u00a0Quand ? Cr\u00e9\u00e9e en 2002 \u00e0 l\u2019initiative de la Commission europ\u00e9enne, la Semaine Europ\u00e9enne de la Mobilit\u00e9 a lieu chaque ann\u00e9e du 16 au 22 septembre. Pendant","og_url":"https:\/\/www.pressenza.com\/fr\/2014\/09\/mobilite-douce-en-avant-les-pedibus\/","og_site_name":"Pressenza","article_publisher":"https:\/\/www.facebook.com\/PressenzaItalia","article_published_time":"2014-09-21T18:24:16+00:00","article_modified_time":"2017-09-12T17:02:01+00:00","author":"Elisabeth Batt Diaz","twitter_card":"summary_large_image","twitter_creator":"@PressenzaIPA","twitter_site":"@PressenzaIPA","twitter_misc":{"\u00c9crit par":"Elisabeth Batt Diaz","Dur\u00e9e de lecture estim\u00e9e":"3 minutes"},"schema":{"@context":"https:\/\/schema.org","@graph":[{"@type":"Article","@id":"https:\/\/www.pressenza.com\/fr\/2014\/09\/mobilite-douce-en-avant-les-pedibus\/#article","isPartOf":{"@id":"https:\/\/www.pressenza.com\/fr\/2014\/09\/mobilite-douce-en-avant-les-pedibus\/"},"author":{"name":"Elisabeth Batt Diaz","@id":"https:\/\/www.pressenza.com\/fr\/#\/schema\/person\/bfe3c9ba00e418820eb3fc234f212ee6"},"headline":"Semaine Europ\u00e9enne de la Mobilit\u00e9 du 16 au 22 Septembre 2014","datePublished":"2014-09-21T18:24:16+00:00","dateModified":"2017-09-12T17:02:01+00:00","mainEntityOfPage":{"@id":"https:\/\/www.pressenza.com\/fr\/2014\/09\/mobilite-douce-en-avant-les-pedibus\/"},"wordCount":573,"publisher":{"@id":"https:\/\/www.pressenza.com\/fr\/#organization"},"keywords":["bus","d\u00e9placement","m\u00e9tro","mobilit\u00e9","pedibus","transport public","v\u00e9lo"],"articleSection":["Ecologie et Environnement","Education","Europe","Opinion","Sant\u00e9"],"inLanguage":"fr-FR"},{"@type":"WebPage","@id":"https:\/\/www.pressenza.com\/fr\/2014\/09\/mobilite-douce-en-avant-les-pedibus\/","url":"https:\/\/www.pressenza.com\/fr\/2014\/09\/mobilite-douce-en-avant-les-pedibus\/","name":"Semaine Europ\u00e9enne de la Mobilit\u00e9 du 16 au 22 Septembre 2014","isPartOf":{"@id":"https:\/\/www.pressenza.com\/fr\/#website"},"datePublished":"2014-09-21T18:24:16+00:00","dateModified":"2017-09-12T17:02:01+00:00","description":"\u00a0Quand ? Cr\u00e9\u00e9e en 2002 \u00e0 l\u2019initiative de la Commission europ\u00e9enne, la Semaine Europ\u00e9enne de la Mobilit\u00e9 a lieu chaque ann\u00e9e du 16 au 22 septembre. Pendant","breadcrumb":{"@id":"https:\/\/www.pressenza.com\/fr\/2014\/09\/mobilite-douce-en-avant-les-pedibus\/#breadcrumb"},"inLanguage":"fr-FR","potentialAction":[{"@type":"ReadAction","target":["https:\/\/www.pressenza.com\/fr\/2014\/09\/mobilite-douce-en-avant-les-pedibus\/"]}]},{"@type":"BreadcrumbList","@id":"https:\/\/www.pressenza.com\/fr\/2014\/09\/mobilite-douce-en-avant-les-pedibus\/#breadcrumb","itemListElement":[{"@type":"ListItem","position":1,"name":"Accueil","item":"https:\/\/www.pressenza.com\/fr\/"},{"@type":"ListItem","position":2,"name":"Semaine Europ\u00e9enne de la Mobilit\u00e9 du 16 au 22 Septembre 2014"}]},{"@type":"WebSite","@id":"https:\/\/www.pressenza.com\/fr\/#website","url":"https:\/\/www.pressenza.com\/fr\/","name":"Pressenza","description":"International Press Agency","publisher":{"@id":"https:\/\/www.pressenza.com\/fr\/#organization"},"potentialAction":[{"@type":"SearchAction","target":{"@type":"EntryPoint","urlTemplate":"https:\/\/www.pressenza.com\/fr\/?s={search_term_string}"},"query-input":{"@type":"PropertyValueSpecification","valueRequired":true,"valueName":"search_term_string"}}],"inLanguage":"fr-FR"},{"@type":"Organization","@id":"https:\/\/www.pressenza.com\/fr\/#organization","name":"Pressenza","url":"https:\/\/www.pressenza.com\/fr\/","logo":{"@type":"ImageObject","inLanguage":"fr-FR","@id":"https:\/\/www.pressenza.com\/fr\/#\/schema\/logo\/image\/","url":"https:\/\/www.pressenza.com\/wp-content\/uploads\/2022\/10\/pressenza_logo_200x200.jpg","contentUrl":"https:\/\/www.pressenza.com\/wp-content\/uploads\/2022\/10\/pressenza_logo_200x200.jpg","width":200,"height":200,"caption":"Pressenza"},"image":{"@id":"https:\/\/www.pressenza.com\/fr\/#\/schema\/logo\/image\/"},"sameAs":["https:\/\/www.facebook.com\/PressenzaItalia","https:\/\/x.com\/PressenzaIPA"]},{"@type":"Person","@id":"https:\/\/www.pressenza.com\/fr\/#\/schema\/person\/bfe3c9ba00e418820eb3fc234f212ee6","name":"Elisabeth Batt Diaz","url":"https:\/\/www.pressenza.com\/fr\/author\/elisabeth-batt-diaz\/"}]}},"place":"","original_article_url":"","_links":{"self":[{"href":"https:\/\/www.pressenza.com\/fr\/wp-json\/wp\/v2\/posts\/133335","targetHints":{"allow":["GET"]}}],"collection":[{"href":"https:\/\/www.pressenza.com\/fr\/wp-json\/wp\/v2\/posts"}],"about":[{"href":"https:\/\/www.pressenza.com\/fr\/wp-json\/wp\/v2\/types\/post"}],"author":[{"embeddable":true,"href":"https:\/\/www.pressenza.com\/fr\/wp-json\/wp\/v2\/users\/1123"}],"replies":[{"embeddable":true,"href":"https:\/\/www.pressenza.com\/fr\/wp-json\/wp\/v2\/comments?post=133335"}],"version-history":[{"count":0,"href":"https:\/\/www.pressenza.com\/fr\/wp-json\/wp\/v2\/posts\/133335\/revisions"}],"wp:attachment":[{"href":"https:\/\/www.pressenza.com\/fr\/wp-json\/wp\/v2\/media?parent=133335"}],"wp:term":[{"taxonomy":"category","embeddable":true,"href":"https:\/\/www.pressenza.com\/fr\/wp-json\/wp\/v2\/categories?post=133335"},{"taxonomy":"post_tag","embeddable":true,"href":"https:\/\/www.pressenza.com\/fr\/wp-json\/wp\/v2\/tags?post=133335"}],"curies":[{"name":"wp","href":"https:\/\/api.w.org\/{rel}","templated":true}]}}