{"id":1328603,"date":"2021-03-26T23:24:41","date_gmt":"2021-03-26T23:24:41","guid":{"rendered":"https:\/\/www.pressenza.com\/?p=1328603"},"modified":"2021-03-26T23:27:39","modified_gmt":"2021-03-26T23:27:39","slug":"collectif-requisitions-occupation-de-la-place-de-la-republique","status":"publish","type":"post","link":"https:\/\/www.pressenza.com\/fr\/2021\/03\/collectif-requisitions-occupation-de-la-place-de-la-republique\/","title":{"rendered":"Collectif R\u00e9quisitions : Occupation de la place de la R\u00e9publique \u00e0 Paris"},"content":{"rendered":"<p>Communiqu\u00e9 de Droit Au Logement<\/p>\n<p>En cette nuit de la Solidarit\u00e9 &#8211; 25 mars -, le Collectif R\u00e9quisitions <strong>se rassemble place de la R\u00e9publique avec 300 femmes, hommes et enfants sans-abri pour demander leur\u00a0 h\u00e9bergement imm\u00e9diat, stable et d\u00e9cent.<\/strong><\/p>\n<p>Chaque soir, des milliers de personnes sans-abri sollicitent le 115 en vain. Beaucoup s\u2019adressent\u00a0 aux associations en qu\u00eate d\u2019une tente ou d\u2019un h\u00e9bergement, tandis que de nombreux\u00b7ses citoyen\u00b7ne\u00b7s leur ouvrent chaque soir leur porte. <strong>Ce n\u2019est pourtant pas aux associations ni aux habitant\u00b7e\u00b7s de mettre en place des h\u00e9bergements pour faire face \u00e0 l\u2019aggravation de la crise du logement, c\u2019est \u00e0 l\u2019\u00c9tat, car c\u2019est la Loi !<\/strong><\/p>\n<p><img loading=\"lazy\" decoding=\"async\" class=\"alignnone size-full wp-image-1328645\" src=\"https:\/\/www.pressenza.com\/wp-content\/uploads\/2021\/03\/DSC_1987.jpg\" alt=\"\" width=\"960\" height=\"640\" srcset=\"https:\/\/www.pressenza.com\/wp-content\/uploads\/2021\/03\/DSC_1987.jpg 960w, https:\/\/www.pressenza.com\/wp-content\/uploads\/2021\/03\/DSC_1987-300x200.jpg 300w, https:\/\/www.pressenza.com\/wp-content\/uploads\/2021\/03\/DSC_1987-720x480.jpg 720w, https:\/\/www.pressenza.com\/wp-content\/uploads\/2021\/03\/DSC_1987-768x512.jpg 768w\" sizes=\"auto, (max-width: 960px) 100vw, 960px\" \/><\/p>\n<p>En France, plus de 300 000 personnes sont sans-abri, plus de 750 000 personnes vivent dans des logements de fortune o\u00f9 sont h\u00e9berg\u00e9es contraintes chez des tiers (Fondation Abb\u00e9-Pierre). <strong>L\u2019INSEE a recens\u00e9 3 millions de logements vacants<\/strong> sans compter les bureaux et locaux vides, mais le gouvernement refuse de faire appliquer la loi de r\u00e9quisition.<\/p>\n<p><strong>Le collectif R\u00e9quisitions a d\u00e9pos\u00e9 412 demandes de r\u00e9quisition au pr\u00e9fet de Paris \u00cele-de-France le 11 d\u00e9cembre sur 7 immeubles vacants \u00e0 Paris.<\/strong> Suite \u00e0 ces demandes, nous avons occup\u00e9 le 24 janvier une \u00e9cole d\u00e9saffect\u00e9e jusqu\u2019\u00e0 la prise en charge de 170 personnes sans-abri par la Ville de Paris, puis par l\u2019\u00c9tat. \u00c0 nouveau le 13 f\u00e9vrier, nous \u00e9tions \u00e0 l\u2019h\u00f4pital H\u00f4tel-Dieu pour demander la mise \u00e0 l\u2019abri d\u2019une centaine de personnes, le plan Grand Froid \u00e9tant alors sous-dimensionn\u00e9 et dysfonctionnel.<\/p>\n<p><strong>La crise sanitaire et sociale aggrave la situation d\u2019un tr\u00e8s grand nombre de personnes et familles aux profils tr\u00e8s divers.<\/strong> Un logement d\u00e9cent, stable et abordable est une \u00e9tape indispensable pour sortir de la pr\u00e9carit\u00e9, de la rue, des h\u00e9bergements pr\u00e9caires, du surpeuplement, du logement cher\u2026<\/p>\n<p><strong>Le collectif restera pacifiquement sur place jusqu\u2019\u00e0 la mise \u00e0 l\u2019abri de toutes les personnes sans-abri pr\u00e9sentes.<\/strong><\/p>\n<p>\u00ab Est-ce qu\u2019on doit le faire [\u00e9vacuer violemment] tant que l\u2019on n\u2019a pas de solution d\u2019h\u00e9bergement d\u2019urgence, non. \u00bb<a href=\"https:\/\/youtu.be\/IvkewyupR_8?t=475\" target=\"_blank\" rel=\"noopener\"> Interview BRUT d\u2019Emmanuel Macron sur l\u2019\u00e9vacuation place de la R\u00e9publique le 23 novembre 2020..<\/a><\/p>\n<p><img loading=\"lazy\" decoding=\"async\" class=\"alignnone size-full wp-image-1328625\" src=\"https:\/\/www.pressenza.com\/wp-content\/uploads\/2021\/03\/DSC_1967.jpg\" alt=\"\" width=\"960\" height=\"640\" srcset=\"https:\/\/www.pressenza.com\/wp-content\/uploads\/2021\/03\/DSC_1967.jpg 960w, https:\/\/www.pressenza.com\/wp-content\/uploads\/2021\/03\/DSC_1967-300x200.jpg 300w, https:\/\/www.pressenza.com\/wp-content\/uploads\/2021\/03\/DSC_1967-720x480.jpg 720w, https:\/\/www.pressenza.com\/wp-content\/uploads\/2021\/03\/DSC_1967-768x512.jpg 768w\" sizes=\"auto, (max-width: 960px) 100vw, 960px\" \/><\/p>\n<p><strong>Parall\u00e8lement, nous demandons un changement des pratiques et le respect des lois en vigueur :<\/strong><\/p>\n<ul>\n<li>L\u2019h\u00e9bergement inconditionnel et digne jusqu\u2019au relogement, comme pr\u00e9vu par la loi, de toutes les personnes sans abri,<\/li>\n<li>L\u2019application de la loi de r\u00e9quisition des logements vides et b\u00e2timents appartenant \u00e0 de grands propri\u00e9taires (\u00c9tat, fonds de sp\u00e9culation\u2026) !<\/li>\n<li>L\u2019arr\u00eat des expulsions sans relogement, et l\u2019application de la loi DALO (droit au logement opposable).<\/li>\n<li>La fin des violences et discriminations d\u2019\u00c9tat en France et en Europe envers les personnes sans abri, populations exil\u00e9es, acteurs associatifs\u2026.<\/li>\n<li>Le respect des droits fondamentaux de chacun\u00b7e, dont le droit \u00e0 un logement d\u00e9cent, stable et abordable.<\/li>\n<\/ul>\n<p>&nbsp;<\/p>\n<p><strong>Compter c\u2019est bien, r\u00e9quisitionner c\u2019est mieux !<\/strong><\/p>\n<p><strong>Le Collectif R\u00e9quisitions r\u00e9unit des associations et collectifs de personnes mal-log\u00e9es, sans- abri, avec ou sans-papiers, des collectifs de personnes exil\u00e9es, de soutien :<\/strong> Collectif des jeunes tchadiens en France, Collectif La Vie l\u00e0, Copaf, CSP 75, CSP 20eme, DAL, Enfants d\u2019Afghanistan et d\u2019Ailleurs, Marche des Solidarit\u00e9s, Paris d\u2019Exil, Solidarit\u00e9 Migrants Wilson, Utopia 56.<\/p>\n<p>Avec le soutien de : <em>AFVS, Aitec, APLD 91, l\u2019Assiette migrante, ATMF, ATTAC France, Bagag\u00e9rue, BSP Paris Sud, BSP 20e, CGT UD75, CNAFAL, CNL, Collectif Logement Paris 14, Collectif \u00abPlus Jamais \u00e7a\u00bb Paris, collectif Sortir du silence, Collectif 93HB, EVTC St Denis, FASTI, FLC Adeic, la Gamelle de Jaur\u00e8s, Les \u00c9veill\u00e9s, MDM IdF, MARDI, MNCP, Pas Sans Nous, SNPES-PJJ\/FSU, Stop Pr\u00e9carit\u00e9, Union Syndicale Solidaire, Watizat \u2026<\/em><\/p>\n<div class=\"post-gallery\">\n\t\t\t<figure class=\"post-gallery-item\">\n\t\t\t\t<img decoding=\"async\" src=\"https:\/\/www.pressenza.com\/wp-content\/uploads\/2021\/03\/DSC_2046.jpg\" loading=\"lazy\">\n\t\t\t\t<figcaption>\n\t\t\t\t\t\n\t\t\t\t<\/figcaption>\n\t\t\t<\/figure>\n\t\t\t<figure class=\"post-gallery-item\">\n\t\t\t\t<img decoding=\"async\" src=\"https:\/\/www.pressenza.com\/wp-content\/uploads\/2021\/03\/DSC_2045.jpg\" loading=\"lazy\">\n\t\t\t\t<figcaption>\n\t\t\t\t\t\n\t\t\t\t<\/figcaption>\n\t\t\t<\/figure>\n\t\t\t<figure class=\"post-gallery-item\">\n\t\t\t\t<img decoding=\"async\" src=\"https:\/\/www.pressenza.com\/wp-content\/uploads\/2021\/03\/DSC_2040.jpg\" loading=\"lazy\">\n\t\t\t\t<figcaption>\n\t\t\t\t\t\n\t\t\t\t<\/figcaption>\n\t\t\t<\/figure>\n\t\t\t<figure class=\"post-gallery-item\">\n\t\t\t\t<img decoding=\"async\" src=\"https:\/\/www.pressenza.com\/wp-content\/uploads\/2021\/03\/DSC_1987-720x480.jpg\" loading=\"lazy\">\n\t\t\t\t<figcaption>\n\t\t\t\t\t\n\t\t\t\t<\/figcaption>\n\t\t\t<\/figure>\n\t\t\t<figure class=\"post-gallery-item\">\n\t\t\t\t<img decoding=\"async\" src=\"https:\/\/www.pressenza.com\/wp-content\/uploads\/2021\/03\/DSC_1963-720x480.jpg\" loading=\"lazy\">\n\t\t\t\t<figcaption>\n\t\t\t\t\t\n\t\t\t\t<\/figcaption>\n\t\t\t<\/figure>\n\t\t\t<figure class=\"post-gallery-item\">\n\t\t\t\t<img decoding=\"async\" src=\"https:\/\/www.pressenza.com\/wp-content\/uploads\/2021\/03\/DSC_1956-720x480.jpg\" loading=\"lazy\">\n\t\t\t\t<figcaption>\n\t\t\t\t\t\n\t\t\t\t<\/figcaption>\n\t\t\t<\/figure><\/div>\n","protected":false},"excerpt":{"rendered":"<p>Communiqu\u00e9 de Droit Au Logement En cette nuit de la Solidarit\u00e9 &#8211; 25 mars -, le Collectif R\u00e9quisitions se rassemble place de la R\u00e9publique avec 300 femmes, hommes et enfants sans-abri pour demander leur\u00a0 h\u00e9bergement imm\u00e9diat, stable et d\u00e9cent. Chaque&hellip;<\/p>\n","protected":false},"author":1215,"featured_media":1328695,"comment_status":"closed","ping_status":"closed","sticky":false,"template":"","format":"standard","meta":{"footnotes":""},"categories":[98,85,40],"tags":[89047,37152,1221,89049,89048,89050],"class_list":["post-1328603","post","type-post","status-publish","format-standard","has-post-thumbnail","hentry","category-droits-de-lhomme","category-europe-fr","category-international-fr","tag-dal","tag-droit-au-logement","tag-expulsion","tag-loi-dalo","tag-loi-de-requisition-des-logements","tag-personnes-sans-abri"],"yoast_head":"<!-- This site is optimized with the Yoast SEO plugin v27.1.1 - https:\/\/yoast.com\/product\/yoast-seo-wordpress\/ -->\n<title>Collectif R\u00e9quisitions : Occupation de la place de la R\u00e9publique \u00e0 Paris<\/title>\n<meta name=\"description\" content=\"Communiqu\u00e9 de Droit Au Logement En cette nuit de la Solidarit\u00e9 - 25 mars -, le Collectif R\u00e9quisitions se rassemble place de la R\u00e9publique avec 300 femmes,\" \/>\n<meta name=\"robots\" content=\"index, follow, max-snippet:-1, max-image-preview:large, max-video-preview:-1\" \/>\n<link rel=\"canonical\" href=\"https:\/\/www.pressenza.com\/fr\/2021\/03\/collectif-requisitions-occupation-de-la-place-de-la-republique\/\" \/>\n<meta property=\"og:locale\" content=\"fr_FR\" \/>\n<meta property=\"og:type\" content=\"article\" \/>\n<meta property=\"og:title\" content=\"Collectif R\u00e9quisitions : Occupation de la place de la R\u00e9publique \u00e0 Paris\" \/>\n<meta property=\"og:description\" content=\"Communiqu\u00e9 de Droit Au Logement En cette nuit de la Solidarit\u00e9 - 25 mars -, le Collectif R\u00e9quisitions se rassemble place de la R\u00e9publique avec 300 femmes,\" \/>\n<meta property=\"og:url\" content=\"https:\/\/www.pressenza.com\/fr\/2021\/03\/collectif-requisitions-occupation-de-la-place-de-la-republique\/\" \/>\n<meta property=\"og:site_name\" content=\"Pressenza\" \/>\n<meta property=\"article:publisher\" content=\"https:\/\/www.facebook.com\/PressenzaItalia\" \/>\n<meta property=\"article:published_time\" content=\"2021-03-26T23:24:41+00:00\" \/>\n<meta property=\"article:modified_time\" content=\"2021-03-26T23:27:39+00:00\" \/>\n<meta property=\"og:image\" content=\"https:\/\/www.pressenza.com\/wp-content\/uploads\/2021\/03\/DSC_2062.jpg\" \/>\n\t<meta property=\"og:image:width\" content=\"960\" \/>\n\t<meta property=\"og:image:height\" content=\"640\" \/>\n\t<meta property=\"og:image:type\" content=\"image\/jpeg\" \/>\n<meta name=\"author\" content=\"Brigitte Cano\" \/>\n<meta name=\"twitter:card\" content=\"summary_large_image\" \/>\n<meta name=\"twitter:creator\" content=\"@PressenzaIPA\" \/>\n<meta name=\"twitter:site\" content=\"@PressenzaIPA\" \/>\n<meta name=\"twitter:label1\" content=\"\u00c9crit par\" \/>\n\t<meta name=\"twitter:data1\" content=\"Brigitte Cano\" \/>\n\t<meta name=\"twitter:label2\" content=\"Dur\u00e9e de lecture estim\u00e9e\" \/>\n\t<meta name=\"twitter:data2\" content=\"3 minutes\" \/>\n<script type=\"application\/ld+json\" class=\"yoast-schema-graph\">{\"@context\":\"https:\/\/schema.org\",\"@graph\":[{\"@type\":\"Article\",\"@id\":\"https:\/\/www.pressenza.com\/fr\/2021\/03\/collectif-requisitions-occupation-de-la-place-de-la-republique\/#article\",\"isPartOf\":{\"@id\":\"https:\/\/www.pressenza.com\/fr\/2021\/03\/collectif-requisitions-occupation-de-la-place-de-la-republique\/\"},\"author\":{\"name\":\"Brigitte Cano\",\"@id\":\"https:\/\/www.pressenza.com\/fr\/#\/schema\/person\/602645a77d2912fc1013c3f8ff496e97\"},\"headline\":\"Collectif R\u00e9quisitions : Occupation de la place de la R\u00e9publique \u00e0 Paris\",\"datePublished\":\"2021-03-26T23:24:41+00:00\",\"dateModified\":\"2021-03-26T23:27:39+00:00\",\"mainEntityOfPage\":{\"@id\":\"https:\/\/www.pressenza.com\/fr\/2021\/03\/collectif-requisitions-occupation-de-la-place-de-la-republique\/\"},\"wordCount\":642,\"publisher\":{\"@id\":\"https:\/\/www.pressenza.com\/fr\/#organization\"},\"image\":{\"@id\":\"https:\/\/www.pressenza.com\/fr\/2021\/03\/collectif-requisitions-occupation-de-la-place-de-la-republique\/#primaryimage\"},\"thumbnailUrl\":\"https:\/\/www.pressenza.com\/wp-content\/uploads\/2021\/03\/DSC_2062.jpg\",\"keywords\":[\"DAL\",\"droit au logement\",\"Expulsion\",\"loi DALO\",\"loi de r\u00e9quisition des logements\",\"personnes sans abri\"],\"articleSection\":[\"Droits humains\",\"Europe\",\"International\"],\"inLanguage\":\"fr-FR\"},{\"@type\":\"WebPage\",\"@id\":\"https:\/\/www.pressenza.com\/fr\/2021\/03\/collectif-requisitions-occupation-de-la-place-de-la-republique\/\",\"url\":\"https:\/\/www.pressenza.com\/fr\/2021\/03\/collectif-requisitions-occupation-de-la-place-de-la-republique\/\",\"name\":\"Collectif R\u00e9quisitions : Occupation de la place de la R\u00e9publique \u00e0 Paris\",\"isPartOf\":{\"@id\":\"https:\/\/www.pressenza.com\/fr\/#website\"},\"primaryImageOfPage\":{\"@id\":\"https:\/\/www.pressenza.com\/fr\/2021\/03\/collectif-requisitions-occupation-de-la-place-de-la-republique\/#primaryimage\"},\"image\":{\"@id\":\"https:\/\/www.pressenza.com\/fr\/2021\/03\/collectif-requisitions-occupation-de-la-place-de-la-republique\/#primaryimage\"},\"thumbnailUrl\":\"https:\/\/www.pressenza.com\/wp-content\/uploads\/2021\/03\/DSC_2062.jpg\",\"datePublished\":\"2021-03-26T23:24:41+00:00\",\"dateModified\":\"2021-03-26T23:27:39+00:00\",\"description\":\"Communiqu\u00e9 de Droit Au Logement En cette nuit de la Solidarit\u00e9 - 25 mars -, le Collectif R\u00e9quisitions se rassemble place de la R\u00e9publique avec 300 femmes,\",\"breadcrumb\":{\"@id\":\"https:\/\/www.pressenza.com\/fr\/2021\/03\/collectif-requisitions-occupation-de-la-place-de-la-republique\/#breadcrumb\"},\"inLanguage\":\"fr-FR\",\"potentialAction\":[{\"@type\":\"ReadAction\",\"target\":[\"https:\/\/www.pressenza.com\/fr\/2021\/03\/collectif-requisitions-occupation-de-la-place-de-la-republique\/\"]}]},{\"@type\":\"ImageObject\",\"inLanguage\":\"fr-FR\",\"@id\":\"https:\/\/www.pressenza.com\/fr\/2021\/03\/collectif-requisitions-occupation-de-la-place-de-la-republique\/#primaryimage\",\"url\":\"https:\/\/www.pressenza.com\/wp-content\/uploads\/2021\/03\/DSC_2062.jpg\",\"contentUrl\":\"https:\/\/www.pressenza.com\/wp-content\/uploads\/2021\/03\/DSC_2062.jpg\",\"width\":960,\"height\":640},{\"@type\":\"BreadcrumbList\",\"@id\":\"https:\/\/www.pressenza.com\/fr\/2021\/03\/collectif-requisitions-occupation-de-la-place-de-la-republique\/#breadcrumb\",\"itemListElement\":[{\"@type\":\"ListItem\",\"position\":1,\"name\":\"Accueil\",\"item\":\"https:\/\/www.pressenza.com\/fr\/\"},{\"@type\":\"ListItem\",\"position\":2,\"name\":\"Collectif R\u00e9quisitions : Occupation de la place de la R\u00e9publique \u00e0 Paris\"}]},{\"@type\":\"WebSite\",\"@id\":\"https:\/\/www.pressenza.com\/fr\/#website\",\"url\":\"https:\/\/www.pressenza.com\/fr\/\",\"name\":\"Pressenza\",\"description\":\"International Press Agency\",\"publisher\":{\"@id\":\"https:\/\/www.pressenza.com\/fr\/#organization\"},\"potentialAction\":[{\"@type\":\"SearchAction\",\"target\":{\"@type\":\"EntryPoint\",\"urlTemplate\":\"https:\/\/www.pressenza.com\/fr\/?s={search_term_string}\"},\"query-input\":{\"@type\":\"PropertyValueSpecification\",\"valueRequired\":true,\"valueName\":\"search_term_string\"}}],\"inLanguage\":\"fr-FR\"},{\"@type\":\"Organization\",\"@id\":\"https:\/\/www.pressenza.com\/fr\/#organization\",\"name\":\"Pressenza\",\"url\":\"https:\/\/www.pressenza.com\/fr\/\",\"logo\":{\"@type\":\"ImageObject\",\"inLanguage\":\"fr-FR\",\"@id\":\"https:\/\/www.pressenza.com\/fr\/#\/schema\/logo\/image\/\",\"url\":\"https:\/\/www.pressenza.com\/wp-content\/uploads\/2022\/10\/pressenza_logo_200x200.jpg\",\"contentUrl\":\"https:\/\/www.pressenza.com\/wp-content\/uploads\/2022\/10\/pressenza_logo_200x200.jpg\",\"width\":200,\"height\":200,\"caption\":\"Pressenza\"},\"image\":{\"@id\":\"https:\/\/www.pressenza.com\/fr\/#\/schema\/logo\/image\/\"},\"sameAs\":[\"https:\/\/www.facebook.com\/PressenzaItalia\",\"https:\/\/x.com\/PressenzaIPA\"]},{\"@type\":\"Person\",\"@id\":\"https:\/\/www.pressenza.com\/fr\/#\/schema\/person\/602645a77d2912fc1013c3f8ff496e97\",\"name\":\"Brigitte Cano\",\"url\":\"https:\/\/www.pressenza.com\/fr\/author\/brigittecano\/\"}]}<\/script>\n<!-- \/ Yoast SEO plugin. -->","yoast_head_json":{"title":"Collectif R\u00e9quisitions : Occupation de la place de la R\u00e9publique \u00e0 Paris","description":"Communiqu\u00e9 de Droit Au Logement En cette nuit de la Solidarit\u00e9 - 25 mars -, le Collectif R\u00e9quisitions se rassemble place de la R\u00e9publique avec 300 femmes,","robots":{"index":"index","follow":"follow","max-snippet":"max-snippet:-1","max-image-preview":"max-image-preview:large","max-video-preview":"max-video-preview:-1"},"canonical":"https:\/\/www.pressenza.com\/fr\/2021\/03\/collectif-requisitions-occupation-de-la-place-de-la-republique\/","og_locale":"fr_FR","og_type":"article","og_title":"Collectif R\u00e9quisitions : Occupation de la place de la R\u00e9publique \u00e0 Paris","og_description":"Communiqu\u00e9 de Droit Au Logement En cette nuit de la Solidarit\u00e9 - 25 mars -, le Collectif R\u00e9quisitions se rassemble place de la R\u00e9publique avec 300 femmes,","og_url":"https:\/\/www.pressenza.com\/fr\/2021\/03\/collectif-requisitions-occupation-de-la-place-de-la-republique\/","og_site_name":"Pressenza","article_publisher":"https:\/\/www.facebook.com\/PressenzaItalia","article_published_time":"2021-03-26T23:24:41+00:00","article_modified_time":"2021-03-26T23:27:39+00:00","og_image":[{"width":960,"height":640,"url":"https:\/\/www.pressenza.com\/wp-content\/uploads\/2021\/03\/DSC_2062.jpg","type":"image\/jpeg"}],"author":"Brigitte Cano","twitter_card":"summary_large_image","twitter_creator":"@PressenzaIPA","twitter_site":"@PressenzaIPA","twitter_misc":{"\u00c9crit par":"Brigitte Cano","Dur\u00e9e de lecture estim\u00e9e":"3 minutes"},"schema":{"@context":"https:\/\/schema.org","@graph":[{"@type":"Article","@id":"https:\/\/www.pressenza.com\/fr\/2021\/03\/collectif-requisitions-occupation-de-la-place-de-la-republique\/#article","isPartOf":{"@id":"https:\/\/www.pressenza.com\/fr\/2021\/03\/collectif-requisitions-occupation-de-la-place-de-la-republique\/"},"author":{"name":"Brigitte Cano","@id":"https:\/\/www.pressenza.com\/fr\/#\/schema\/person\/602645a77d2912fc1013c3f8ff496e97"},"headline":"Collectif R\u00e9quisitions : Occupation de la place de la R\u00e9publique \u00e0 Paris","datePublished":"2021-03-26T23:24:41+00:00","dateModified":"2021-03-26T23:27:39+00:00","mainEntityOfPage":{"@id":"https:\/\/www.pressenza.com\/fr\/2021\/03\/collectif-requisitions-occupation-de-la-place-de-la-republique\/"},"wordCount":642,"publisher":{"@id":"https:\/\/www.pressenza.com\/fr\/#organization"},"image":{"@id":"https:\/\/www.pressenza.com\/fr\/2021\/03\/collectif-requisitions-occupation-de-la-place-de-la-republique\/#primaryimage"},"thumbnailUrl":"https:\/\/www.pressenza.com\/wp-content\/uploads\/2021\/03\/DSC_2062.jpg","keywords":["DAL","droit au logement","Expulsion","loi DALO","loi de r\u00e9quisition des logements","personnes sans abri"],"articleSection":["Droits humains","Europe","International"],"inLanguage":"fr-FR"},{"@type":"WebPage","@id":"https:\/\/www.pressenza.com\/fr\/2021\/03\/collectif-requisitions-occupation-de-la-place-de-la-republique\/","url":"https:\/\/www.pressenza.com\/fr\/2021\/03\/collectif-requisitions-occupation-de-la-place-de-la-republique\/","name":"Collectif R\u00e9quisitions : Occupation de la place de la R\u00e9publique \u00e0 Paris","isPartOf":{"@id":"https:\/\/www.pressenza.com\/fr\/#website"},"primaryImageOfPage":{"@id":"https:\/\/www.pressenza.com\/fr\/2021\/03\/collectif-requisitions-occupation-de-la-place-de-la-republique\/#primaryimage"},"image":{"@id":"https:\/\/www.pressenza.com\/fr\/2021\/03\/collectif-requisitions-occupation-de-la-place-de-la-republique\/#primaryimage"},"thumbnailUrl":"https:\/\/www.pressenza.com\/wp-content\/uploads\/2021\/03\/DSC_2062.jpg","datePublished":"2021-03-26T23:24:41+00:00","dateModified":"2021-03-26T23:27:39+00:00","description":"Communiqu\u00e9 de Droit Au Logement En cette nuit de la Solidarit\u00e9 - 25 mars -, le Collectif R\u00e9quisitions se rassemble place de la R\u00e9publique avec 300 femmes,","breadcrumb":{"@id":"https:\/\/www.pressenza.com\/fr\/2021\/03\/collectif-requisitions-occupation-de-la-place-de-la-republique\/#breadcrumb"},"inLanguage":"fr-FR","potentialAction":[{"@type":"ReadAction","target":["https:\/\/www.pressenza.com\/fr\/2021\/03\/collectif-requisitions-occupation-de-la-place-de-la-republique\/"]}]},{"@type":"ImageObject","inLanguage":"fr-FR","@id":"https:\/\/www.pressenza.com\/fr\/2021\/03\/collectif-requisitions-occupation-de-la-place-de-la-republique\/#primaryimage","url":"https:\/\/www.pressenza.com\/wp-content\/uploads\/2021\/03\/DSC_2062.jpg","contentUrl":"https:\/\/www.pressenza.com\/wp-content\/uploads\/2021\/03\/DSC_2062.jpg","width":960,"height":640},{"@type":"BreadcrumbList","@id":"https:\/\/www.pressenza.com\/fr\/2021\/03\/collectif-requisitions-occupation-de-la-place-de-la-republique\/#breadcrumb","itemListElement":[{"@type":"ListItem","position":1,"name":"Accueil","item":"https:\/\/www.pressenza.com\/fr\/"},{"@type":"ListItem","position":2,"name":"Collectif R\u00e9quisitions : Occupation de la place de la R\u00e9publique \u00e0 Paris"}]},{"@type":"WebSite","@id":"https:\/\/www.pressenza.com\/fr\/#website","url":"https:\/\/www.pressenza.com\/fr\/","name":"Pressenza","description":"International Press Agency","publisher":{"@id":"https:\/\/www.pressenza.com\/fr\/#organization"},"potentialAction":[{"@type":"SearchAction","target":{"@type":"EntryPoint","urlTemplate":"https:\/\/www.pressenza.com\/fr\/?s={search_term_string}"},"query-input":{"@type":"PropertyValueSpecification","valueRequired":true,"valueName":"search_term_string"}}],"inLanguage":"fr-FR"},{"@type":"Organization","@id":"https:\/\/www.pressenza.com\/fr\/#organization","name":"Pressenza","url":"https:\/\/www.pressenza.com\/fr\/","logo":{"@type":"ImageObject","inLanguage":"fr-FR","@id":"https:\/\/www.pressenza.com\/fr\/#\/schema\/logo\/image\/","url":"https:\/\/www.pressenza.com\/wp-content\/uploads\/2022\/10\/pressenza_logo_200x200.jpg","contentUrl":"https:\/\/www.pressenza.com\/wp-content\/uploads\/2022\/10\/pressenza_logo_200x200.jpg","width":200,"height":200,"caption":"Pressenza"},"image":{"@id":"https:\/\/www.pressenza.com\/fr\/#\/schema\/logo\/image\/"},"sameAs":["https:\/\/www.facebook.com\/PressenzaItalia","https:\/\/x.com\/PressenzaIPA"]},{"@type":"Person","@id":"https:\/\/www.pressenza.com\/fr\/#\/schema\/person\/602645a77d2912fc1013c3f8ff496e97","name":"Brigitte Cano","url":"https:\/\/www.pressenza.com\/fr\/author\/brigittecano\/"}]}},"place":"","original_article_url":"","_links":{"self":[{"href":"https:\/\/www.pressenza.com\/fr\/wp-json\/wp\/v2\/posts\/1328603","targetHints":{"allow":["GET"]}}],"collection":[{"href":"https:\/\/www.pressenza.com\/fr\/wp-json\/wp\/v2\/posts"}],"about":[{"href":"https:\/\/www.pressenza.com\/fr\/wp-json\/wp\/v2\/types\/post"}],"author":[{"embeddable":true,"href":"https:\/\/www.pressenza.com\/fr\/wp-json\/wp\/v2\/users\/1215"}],"replies":[{"embeddable":true,"href":"https:\/\/www.pressenza.com\/fr\/wp-json\/wp\/v2\/comments?post=1328603"}],"version-history":[{"count":0,"href":"https:\/\/www.pressenza.com\/fr\/wp-json\/wp\/v2\/posts\/1328603\/revisions"}],"wp:featuredmedia":[{"embeddable":true,"href":"https:\/\/www.pressenza.com\/fr\/wp-json\/wp\/v2\/media\/1328695"}],"wp:attachment":[{"href":"https:\/\/www.pressenza.com\/fr\/wp-json\/wp\/v2\/media?parent=1328603"}],"wp:term":[{"taxonomy":"category","embeddable":true,"href":"https:\/\/www.pressenza.com\/fr\/wp-json\/wp\/v2\/categories?post=1328603"},{"taxonomy":"post_tag","embeddable":true,"href":"https:\/\/www.pressenza.com\/fr\/wp-json\/wp\/v2\/tags?post=1328603"}],"curies":[{"name":"wp","href":"https:\/\/api.w.org\/{rel}","templated":true}]}}