{"id":132677,"date":"2014-09-16T22:04:53","date_gmt":"2014-09-16T21:04:53","guid":{"rendered":"http:\/\/www.pressenza.com\/?p=132677"},"modified":"2014-09-17T21:30:22","modified_gmt":"2014-09-17T20:30:22","slug":"temoignages-personnes-revenues-mort","status":"publish","type":"post","link":"https:\/\/www.pressenza.com\/fr\/2014\/09\/temoignages-personnes-revenues-mort\/","title":{"rendered":"T\u00e9moignages de personnes revenues\u2026 de la mort"},"content":{"rendered":"<p>Image : Vue d&rsquo;artiste d&rsquo;une exp\u00e9rience de mort imminente.<\/p>\n<p><strong>Par Aur\u00e9lie Caillard<\/strong><\/p>\n<div><strong>Selon plusieurs \u00e9tudes, en moyenne 4% de la population vivrait ce que l\u2019on appelle une exp\u00e9rience de mort imminente, soit 2,5 millions de personnes rien qu\u2019en France. Immersion dans un tunnel, rencontre avec des \u00eatres de lumi\u00e8re ou des proches disparus, sentiment d\u2019amour infini\u2026 De plus en plus de personnes n\u2019h\u00e9sitent plus \u00e0 s\u2019affranchir du regard des autres et \u00e0 partager leur exp\u00e9rience de \u00ab l\u2019au-del\u00e0 \u00bb.<\/strong><\/div>\n<div><\/div>\n<p>En 2003, Nicole Canivenq est au volant de sa voiture lorsqu\u2019elle percute violemment un arbre. <em>\u00ab Je me suis retrouv\u00e9e directement dans un autre lieu \u00bb<\/em> se souvient-elle. Puis, elle remarque que <em>\u00ab le ciel \u00e9tait en bas et la terre en haut \u00bb<\/em>. Elle essaie alors de se remettre dans la bonne position et constate qu\u2019elle n\u2019est <em>\u00ab plus dans son corps \u00bb<\/em>. De nombreux t\u00e9moignages font part de cette d\u00e9corporation. L\u2019espace de quelques instants, ces personnes observent leur corps, sur une table d\u2019op\u00e9ration ou dans une voiture accident\u00e9e\u2026 et sont capables, malgr\u00e9 un \u00e9tat d\u2019inconscience apparente ou de mort clinique, de voir et d\u2019entendre tout ce qu\u2019il se passe autour d\u2019eux juste avant d\u2019acc\u00e9der \u00e0 une autre r\u00e9alit\u00e9.<\/p>\n<p><strong>La rencontre avec des \u00eatres de lumi\u00e8re<\/strong><\/p>\n<p>Lors d\u2019une conf\u00e9rence organis\u00e9e par l\u2019INREES, Nicole Canivenq raconte qu\u2019elle s\u2019est retrouv\u00e9e dans <em>\u00ab une esp\u00e8ce de prairie avec une herbe tr\u00e8s verte \u00bb<\/em>, et explique que des \u00eatres de lumi\u00e8re sont venus \u00e0 sa rencontre. <em>\u00ab C\u2019\u00e9tait des \u00eatres blancs. Ils avaient une forme d\u2019apparence humaine, mais en m\u00eame temps, ils n\u2019avaient pas vraiment de visage, de bras et de jambes. J\u2019ai senti un amour extraordinaire. Ce n\u2019est pas \u00e9vident de parler de ce niveau d\u2019amour. C\u2019\u00e9tait plut\u00f4t comme une vibration d\u2019amour. Ces \u00eatres \u00e9taient anim\u00e9s d\u2019une grande joie. Leurs rires emplissaient tout l\u2019espace. C\u2019\u00e9tait comme des retrouvailles. \u00bb <\/em><\/p>\n<p><a href=\"http:\/\/www.inrees.com\/Conferences\/Les-EMI-par-ceux-qui-les-vivent\/\"><strong>D\u00e9couvrez la conf\u00e9rence : Les EMI par ceux qui les vivent<\/strong><\/a><\/p>\n<p>Cette autre r\u00e9alit\u00e9 est souvent associ\u00e9e \u00e0 \u00ab l\u2019au-del\u00e0 \u00bb, \u00e0 l\u2019existence d\u2019une autre forme de vie par ceux et celles qui la vivent, suscitant de nombreuses interrogations. Cet \u00ab au-del\u00e0 \u00bb existe-t-il vraiment ? Y aurait-il une vie apr\u00e8s la vie ? Si les questions demeurent, depuis une quarantaine d\u2019ann\u00e9es des milliers de t\u00e9moignages ont \u00e9t\u00e9 collect\u00e9s \u00e0 travers le monde et dans toutes les cultures, puis analys\u00e9s afin d\u2019observer leurs similitudes. D\u2019apr\u00e8s ces \u00e9tudes, les personnes qui vivent une exp\u00e9rience de mort imminente \u00e9voquent une succession d\u2019\u00e9tapes : le tunnel, la lumi\u00e8re, le sentiment de calme et de paix, la rencontre avec des \u00eatres chers d\u00e9c\u00e9d\u00e9s et\/ou avec des guides spirituels, la sensation de baigner dans un amour absolu, la vision de paysages magnifiques, le passage en revue de la vie. Chaque exp\u00e9rience est unique et ne comporte pas forc\u00e9ment l\u2019ensemble de ces diff\u00e9rentes \u00e9tapes. Ces diff\u00e9rents moments sont v\u00e9cus par la plupart comme une exp\u00e9rience \u00ab initiatrice \u00bb.<\/p>\n<p><strong>Un amour inconditionnel et infini<\/strong><\/p>\n<p>En 1968, \u00e2g\u00e9e de vingt-six ans, Nicole Dron a v\u00e9cu ce sentiment d\u2019Amour absolu. Elle partage son exp\u00e9rience dans le <a href=\"http:\/\/www.inrees.com\/boutique_articles.php?idProduit=49\" target=\"_blank\">magazine de l\u2019INREES n\u00b09<\/a>.<\/p>\n<p>Trois semaines apr\u00e8s l\u2019accouchement de son deuxi\u00e8me enfant, elle a fait deux h\u00e9morragies successives. Alors qu\u2019elle \u00e9tait en salle d\u2019op\u00e9ration, son c\u0153ur s&rsquo;est arr\u00eat\u00e9 de battre pendant 45 secondes, probablement les plus marquantes de son existence. Durant ce laps de temps, Nicole Dron raconte \u00eatre elle aussi sortie de son enveloppe physique, et avoir vu tout ce qu\u2019il se passait autour d\u2019elle. Elle s\u2019est ensuite retrouv\u00e9e dans <em>\u00ab un ab\u00eeme de t\u00e9n\u00e8bres, de silence \u00bb<\/em>. Affol\u00e9e, elle a d\u00e9cid\u00e9 d\u2019appeler \u00e0 l\u2019aide. <em>\u00ab Au loin, j\u2019ai vu une lumi\u00e8re. A partir de ce moment, je n\u2019\u00e9tais plus seule au monde. Surtout, une joie inou\u00efe s\u2019\u00e9levait dans mon c\u0153ur, mille fois plus grande que toutes les joies que j\u2019avais pu \u00e9prouver sur Terre. Et je suis rentr\u00e9e dans la Lumi\u00e8re. L\u00e0, il n\u2019y a plus de mots. J\u2019\u00e9tais immerg\u00e9e dans cet oc\u00e9an d\u2019amour, totalement comprise, combl\u00e9e et aim\u00e9e telle que j\u2019\u00e9tais, et si loin des soucis et des agitations de cette terre ! Je n\u2019avais plus conscience du temps et de l\u2019espace, mais d\u2019\u00eatre, d\u2019avoir toujours \u00e9t\u00e9. J\u2019ai compris que j\u2019\u00e9tais une partie de cette lumi\u00e8re, que j\u2019\u00e9tais \u00e9ternelle. \u00bb <\/em><\/p>\n<p><strong>Sentiment de paix et de pl\u00e9nitude<\/strong><\/p>\n<p>Et alors que la mort fait souvent peur, le sentiment de paix et de pl\u00e9nitude ressenti est souvent exprim\u00e9 dans les t\u00e9moignages. Hospitalis\u00e9 d\u2019urgence et op\u00e9r\u00e9 \u00e0 la suite d\u2019une erreur de manipulation lors d\u2019un examen m\u00e9dical, le P\u00e8re Patrice Gourrier s\u2019est senti mourir. <em>\u00ab Je me vois tr\u00e8s bien couch\u00e9 sur une barque avec des bords tr\u00e8s plats puisque je voyais la surface de l\u2019eau. Il y avait une l\u00e9g\u00e8re brume sur la surface de l\u2019eau et l\u00e0, j\u2019ai vu une ombre noire jeter l\u2019amarre. J\u2019avais conscience que je mourais. Ce moment \u00e9tait tr\u00e8s paisible. J\u2019\u00e9prouvais un sentiment de qui\u00e9tude, mais alors\u2026 que je n\u2019ai jamais retrouv\u00e9, ci ce n\u2019est quand je me rem\u00e9more ce moment, je revis ce moment de qui\u00e9tude. Et je partais doucement, doucement, vers une grande lumi\u00e8re blanche. \u00bb<\/em><br \/>\n<strong>La vision panoramique du pass\u00e9<\/strong><\/p>\n<p>Certaines personnes racontent avoir revu leur vie, comme si c\u2019\u00e9tait l\u2019occasion pour elles de comprendre certaines choses et de les mettre ensuite en application une fois revenues \u00e0 la vie. <em>\u00ab J\u2019ai rev\u00e9cu ma vie \u00e0 l\u2019envers, de mes 26 ans de l\u2019\u00e9poque jusqu\u2019\u00e0 ma naissance,<\/em> raconte Nicole Dron. <em>Pr\u00e8s de moi, il y avait un \u00eatre de lumi\u00e8re. Il m\u2019a demand\u00e9 :<\/em> \u00ab\u00a0Comment as-tu aim\u00e9 et qu\u2019as-tu fait pour les autres ?\u00a0\u00bb <em>J\u2019ai senti tout de suite l\u2019exigence de la question. C\u2019\u00e9tait troublant car, pendant le d\u00e9roulement de ce bilan, j\u2019\u00e9tais \u00e0 la fois celle qui revivait chaque situation avec toutes les \u00e9motions qui l\u2019accompagnaient, et l\u2019autre partie de moi, celle qui n\u2019\u00e9tait pas du tout affect\u00e9e par les \u00e9motions, qui \u00e9tait toute sagesse, connaissance, amour, et justice. Lorsque j\u2019avais accompli un acte de bont\u00e9, j\u2019\u00e9tais dans le c\u0153ur de la personne \u00e0 qui j\u2019avais fait du bien et je recevais le bien que je lui avais fait. Il en \u00e9tait de m\u00eame lorsque j\u2019avais \u00e9t\u00e9 d\u00e9sagr\u00e9able avec autrui. J\u2019\u00e9prouvais en moi-m\u00eame les souffrances que j\u2019avais inflig\u00e9es \u00e0 cette personne. \u00bb<\/em><\/p>\n<p><strong>Un autre regard sur la mort<\/strong><\/p>\n<p>Si les t\u00e9moignages diff\u00e8rent selon les personnes, ces exp\u00e9riences modifient \u00e0 la fois le regard sur la vie, la rendant plus pr\u00e9cieuse et sacr\u00e9e, mais aussi sur la mort. La plupart des personnes ayant v\u00e9cu cette exp\u00e9rience d\u00e9clarent ne plus avoir peur de la mort. A l\u2019image du P\u00e8re Patrice Gourrier. Il aime dire qu\u2019il a fait sa <em>\u00ab r\u00e9p\u00e9tition g\u00e9n\u00e9rale \u00bb<\/em> et explique : <em>\u00ab Je n\u2019ai vraiment plus peur de mourir parce que je sais que m\u00eame s\u2019il peut y avoir de la souffrance, \u00e0 un moment donn\u00e9, celle-ci dispara\u00eet et autre chose se met en place. \u00bb<\/em> Par ailleurs, il en retire un grand b\u00e9n\u00e9fice dans sa fonction de pr\u00eatre qui l\u2019am\u00e8ne souvent \u00e0 \u00eatre confront\u00e9 \u00e0 la mort. <em>\u00ab J\u2019ai v\u00e9cu la mort de beaucoup de proches. Je me rends compte que j\u2019\u00e9tais spectateur de tout cela. Ce moment m\u2019a pr\u00e9par\u00e9 \u00e0 ne plus l\u2019\u00eatre. \u00bb<\/em><br \/>\n<strong>La vision de situations ou d\u2019objets confirm\u00e9e par la suite<\/strong><\/p>\n<p>D\u2019autres t\u00e9moignages, rapportant certains \u00e9l\u00e9ments vus ou entendus pendant la sortie hors du corps et v\u00e9rifi\u00e9s par la suite, donnent du fil \u00e0 retordre aux plus sceptiques, rendant tout simplement impossible l\u2019hypoth\u00e8se de l\u2019hallucination. En 1949, \u00e0 l\u2019\u00e2ge de vingt ans, Jean Morzelle est \u00e0 l\u2019arm\u00e9e. Il re\u00e7oit par inadvertance une balle dans la poitrine lors d\u2019un exercice. Il arrive quelques heures plus tard \u00e0 l\u2019h\u00f4pital tr\u00e8s affaibli, et se sent rapidement tomber dans un trou noir avec une sensation de chute. Puis, il se r\u00e9veille et se trouve dans une pi\u00e8ce qu\u2019il ne conna\u00eet pas et dans laquelle est op\u00e9r\u00e9e une personne, en l\u2019occurrence lui. <em>\u00ab J\u2019\u00e9tais en l\u2019air, et regardais le spectacle, intrigu\u00e9, nullement inquiet, et curieux de voir dans quel \u00e9tat j\u2019\u00e9tais. \u00bb<\/em> se souvient Jean Morzelle plus de soixante ans apr\u00e8s les faits. Il souhaite se rapprocher de ce corps et se rend rapidement compte qu\u2019il peut se d\u00e9placer o\u00f9 il veut : <em>\u00ab C\u2019\u00e9tait ma pens\u00e9e qui dirigeait tout ce que je voulais faire. \u00bb<\/em>. Curieux, il d\u00e9cide de se promener dans l\u2019h\u00f4pital, traversant murs et vitres \u00e0 sa plus grande surprise. Revenu dans la salle o\u00f9 l\u2019\u00e9quipe m\u00e9dicale l\u2019op\u00e9rait, son attention se porte sur une plaque m\u00e9tallique situ\u00e9e sous la table d\u2019op\u00e9ration. Tr\u00e8s marqu\u00e9 par cette exp\u00e9rience, il revient voir son chirurgien quelques mois plus tard et lui parle de cette plaque. D\u2019abord dubitatif, celui-ci d\u00e9cide tout de m\u00eame d\u2019aller v\u00e9rifier et revient <em>\u00ab blanc comme un linge \u00bb<\/em>, confirmant la pr\u00e9sence de l\u2019objet. <em>\u00ab Cette plaque \u00e9tait sous un molleton recouvrant la table d\u2019op\u00e9ration \u00bb<\/em>, pr\u00e9cise Jean Morzelle, toujours aussi \u00e9tonn\u00e9 d\u2019avoir pu la voir.<\/p>\n<p>Souvent d\u00e9cri\u00e9s, ces r\u00e9cits d\u00e9fient la science et les conceptions actuelles au sujet de la conscience. R\u00e9cemment, le t\u00e9moignage du Dr Eben Alexander, c\u00e9l\u00e8bre neurochirurgien am\u00e9ricain, va sans doute modifier le regard actuel sur ces exp\u00e9riences et faire progresser la compr\u00e9hension scientifique de la conscience. En 2008, alors qu\u2019il ne croit absolument pas \u00e0 une vie apr\u00e8s la mort, une m\u00e9ningite foudroyante vient faire voler en \u00e9clat ses croyances. Apr\u00e8s avoir pass\u00e9 sept jours dans le coma avec un pronostic tr\u00e8s engag\u00e9, le Dr Eben Alexander a <em>\u00ab exp\u00e9riment\u00e9 quelque chose de si profond \u00bb<\/em> qu\u2019apr\u00e8s avoir \u00e9tudi\u00e9 son dossier m\u00e9dical et avoir fait de nombreuses recherches pendant pr\u00e8s de quatre ann\u00e9es, il d\u00e9clare avoir <em>\u00ab une raison scientifique de croire que la conscience survit apr\u00e8s la mort. \u00bb<\/em><\/p>\n<p>Retrouvez le portrait du Dr Eben Alexander dans <a href=\"http:\/\/www.inrees.com\/boutique_articles.php?idProduit=1483\" target=\"_blank\"><em>Inexplor\u00e9<\/em> n\u00b018<\/a>.<\/p>\n<p>Source : <a href=\"http:\/\/www.inrees.com\/articles\/Temoignages-de-personnes-revenues-de-la-mort\/\">http:\/\/www.inrees.com\/articles\/Temoignages-de-personnes-revenues-de-la-mort\/<\/a><\/p>\n","protected":false},"excerpt":{"rendered":"<p>Image : Vue d&rsquo;artiste d&rsquo;une exp\u00e9rience de mort imminente. Par Aur\u00e9lie Caillard Selon plusieurs \u00e9tudes, en moyenne 4% de la population vivrait ce que l\u2019on appelle une exp\u00e9rience de mort imminente, soit 2,5 millions de personnes rien qu\u2019en France. Immersion&hellip;<\/p>\n","protected":false},"author":1142,"featured_media":132691,"comment_status":"closed","ping_status":"open","sticky":false,"template":"","format":"standard","meta":{"footnotes":""},"categories":[1246,40,163],"tags":[12332,12331,3238,12330],"class_list":["post-132677","post","type-post","status-publish","format-standard","has-post-thumbnail","hentry","category-humanisme-spiritualite","category-international-fr","category-opinion-fr","tag-emi","tag-experience-de-mort-imminente","tag-mort","tag-temoignages"],"yoast_head":"<!-- This site is optimized with the Yoast SEO plugin v27.1.1 - https:\/\/yoast.com\/product\/yoast-seo-wordpress\/ -->\n<title>T\u00e9moignages de personnes revenues\u2026 de la mort<\/title>\n<meta name=\"description\" content=\"Image : Vue d&#039;artiste d&#039;une exp\u00e9rience de mort imminente. Par Aur\u00e9lie Caillard Selon plusieurs \u00e9tudes, en moyenne 4% de la population vivrait ce que l\u2019on\" \/>\n<meta name=\"robots\" content=\"index, follow, max-snippet:-1, max-image-preview:large, max-video-preview:-1\" \/>\n<link rel=\"canonical\" href=\"https:\/\/www.pressenza.com\/fr\/2014\/09\/temoignages-personnes-revenues-mort\/\" \/>\n<meta property=\"og:locale\" content=\"fr_FR\" \/>\n<meta property=\"og:type\" content=\"article\" \/>\n<meta property=\"og:title\" content=\"T\u00e9moignages de personnes revenues\u2026 de la mort\" \/>\n<meta property=\"og:description\" content=\"Image : Vue d&#039;artiste d&#039;une exp\u00e9rience de mort imminente. Par Aur\u00e9lie Caillard Selon plusieurs \u00e9tudes, en moyenne 4% de la population vivrait ce que l\u2019on\" \/>\n<meta property=\"og:url\" content=\"https:\/\/www.pressenza.com\/fr\/2014\/09\/temoignages-personnes-revenues-mort\/\" \/>\n<meta property=\"og:site_name\" content=\"Pressenza\" \/>\n<meta property=\"article:publisher\" content=\"https:\/\/www.facebook.com\/PressenzaItalia\" \/>\n<meta property=\"article:author\" content=\"https:\/\/www.facebook.com\/INREES-135097866516826\/\" \/>\n<meta property=\"article:published_time\" content=\"2014-09-16T21:04:53+00:00\" \/>\n<meta property=\"article:modified_time\" content=\"2014-09-17T20:30:22+00:00\" \/>\n<meta property=\"og:image\" content=\"https:\/\/www.pressenza.com\/wp-content\/uploads\/2014\/09\/T\u00e9moignages-de-personnes-revenues\u2026-de-la-mort-800px-Near-Death-Experience_Illustration.jpg\" \/>\n\t<meta property=\"og:image:width\" content=\"800\" \/>\n\t<meta property=\"og:image:height\" content=\"533\" \/>\n\t<meta property=\"og:image:type\" content=\"image\/jpeg\" \/>\n<meta name=\"author\" content=\"INREES - Institut de Recherche sur les Exp\u00e9riences Extraordinaires\" \/>\n<meta name=\"twitter:card\" content=\"summary_large_image\" \/>\n<meta name=\"twitter:creator\" content=\"@INREES\" \/>\n<meta name=\"twitter:site\" content=\"@PressenzaIPA\" \/>\n<meta name=\"twitter:label1\" content=\"\u00c9crit par\" \/>\n\t<meta name=\"twitter:data1\" content=\"INREES - Institut de Recherche sur les Exp\u00e9riences Extraordinaires\" \/>\n\t<meta name=\"twitter:label2\" content=\"Dur\u00e9e de lecture estim\u00e9e\" \/>\n\t<meta name=\"twitter:data2\" content=\"9 minutes\" \/>\n<script type=\"application\/ld+json\" class=\"yoast-schema-graph\">{\"@context\":\"https:\/\/schema.org\",\"@graph\":[{\"@type\":\"Article\",\"@id\":\"https:\/\/www.pressenza.com\/fr\/2014\/09\/temoignages-personnes-revenues-mort\/#article\",\"isPartOf\":{\"@id\":\"https:\/\/www.pressenza.com\/fr\/2014\/09\/temoignages-personnes-revenues-mort\/\"},\"author\":{\"name\":\"INREES - Institut de Recherche sur les Exp\u00e9riences Extraordinaires\",\"@id\":\"https:\/\/www.pressenza.com\/fr\/#\/schema\/person\/ed412555e0d02523a5d1502d2a3d47d6\"},\"headline\":\"T\u00e9moignages de personnes revenues\u2026 de la mort\",\"datePublished\":\"2014-09-16T21:04:53+00:00\",\"dateModified\":\"2014-09-17T20:30:22+00:00\",\"mainEntityOfPage\":{\"@id\":\"https:\/\/www.pressenza.com\/fr\/2014\/09\/temoignages-personnes-revenues-mort\/\"},\"wordCount\":1834,\"publisher\":{\"@id\":\"https:\/\/www.pressenza.com\/fr\/#organization\"},\"image\":{\"@id\":\"https:\/\/www.pressenza.com\/fr\/2014\/09\/temoignages-personnes-revenues-mort\/#primaryimage\"},\"thumbnailUrl\":\"https:\/\/www.pressenza.com\/wp-content\/uploads\/2014\/09\/T\u00e9moignages-de-personnes-revenues\u2026-de-la-mort-800px-Near-Death-Experience_Illustration.jpg\",\"keywords\":[\"EMI\",\"exp\u00e9rience de mort imminente\",\"mort\",\"T\u00e9moignages\"],\"articleSection\":[\"Humanisme et Spiritualit\u00e9\",\"International\",\"Opinion\"],\"inLanguage\":\"fr-FR\"},{\"@type\":\"WebPage\",\"@id\":\"https:\/\/www.pressenza.com\/fr\/2014\/09\/temoignages-personnes-revenues-mort\/\",\"url\":\"https:\/\/www.pressenza.com\/fr\/2014\/09\/temoignages-personnes-revenues-mort\/\",\"name\":\"T\u00e9moignages de personnes revenues\u2026 de la mort\",\"isPartOf\":{\"@id\":\"https:\/\/www.pressenza.com\/fr\/#website\"},\"primaryImageOfPage\":{\"@id\":\"https:\/\/www.pressenza.com\/fr\/2014\/09\/temoignages-personnes-revenues-mort\/#primaryimage\"},\"image\":{\"@id\":\"https:\/\/www.pressenza.com\/fr\/2014\/09\/temoignages-personnes-revenues-mort\/#primaryimage\"},\"thumbnailUrl\":\"https:\/\/www.pressenza.com\/wp-content\/uploads\/2014\/09\/T\u00e9moignages-de-personnes-revenues\u2026-de-la-mort-800px-Near-Death-Experience_Illustration.jpg\",\"datePublished\":\"2014-09-16T21:04:53+00:00\",\"dateModified\":\"2014-09-17T20:30:22+00:00\",\"description\":\"Image : Vue d'artiste d'une exp\u00e9rience de mort imminente. Par Aur\u00e9lie Caillard Selon plusieurs \u00e9tudes, en moyenne 4% de la population vivrait ce que l\u2019on\",\"breadcrumb\":{\"@id\":\"https:\/\/www.pressenza.com\/fr\/2014\/09\/temoignages-personnes-revenues-mort\/#breadcrumb\"},\"inLanguage\":\"fr-FR\",\"potentialAction\":[{\"@type\":\"ReadAction\",\"target\":[\"https:\/\/www.pressenza.com\/fr\/2014\/09\/temoignages-personnes-revenues-mort\/\"]}]},{\"@type\":\"ImageObject\",\"inLanguage\":\"fr-FR\",\"@id\":\"https:\/\/www.pressenza.com\/fr\/2014\/09\/temoignages-personnes-revenues-mort\/#primaryimage\",\"url\":\"https:\/\/www.pressenza.com\/wp-content\/uploads\/2014\/09\/T\u00e9moignages-de-personnes-revenues\u2026-de-la-mort-800px-Near-Death-Experience_Illustration.jpg\",\"contentUrl\":\"https:\/\/www.pressenza.com\/wp-content\/uploads\/2014\/09\/T\u00e9moignages-de-personnes-revenues\u2026-de-la-mort-800px-Near-Death-Experience_Illustration.jpg\",\"width\":800,\"height\":533},{\"@type\":\"BreadcrumbList\",\"@id\":\"https:\/\/www.pressenza.com\/fr\/2014\/09\/temoignages-personnes-revenues-mort\/#breadcrumb\",\"itemListElement\":[{\"@type\":\"ListItem\",\"position\":1,\"name\":\"Accueil\",\"item\":\"https:\/\/www.pressenza.com\/fr\/\"},{\"@type\":\"ListItem\",\"position\":2,\"name\":\"T\u00e9moignages de personnes revenues\u2026 de la mort\"}]},{\"@type\":\"WebSite\",\"@id\":\"https:\/\/www.pressenza.com\/fr\/#website\",\"url\":\"https:\/\/www.pressenza.com\/fr\/\",\"name\":\"Pressenza\",\"description\":\"International Press Agency\",\"publisher\":{\"@id\":\"https:\/\/www.pressenza.com\/fr\/#organization\"},\"potentialAction\":[{\"@type\":\"SearchAction\",\"target\":{\"@type\":\"EntryPoint\",\"urlTemplate\":\"https:\/\/www.pressenza.com\/fr\/?s={search_term_string}\"},\"query-input\":{\"@type\":\"PropertyValueSpecification\",\"valueRequired\":true,\"valueName\":\"search_term_string\"}}],\"inLanguage\":\"fr-FR\"},{\"@type\":\"Organization\",\"@id\":\"https:\/\/www.pressenza.com\/fr\/#organization\",\"name\":\"Pressenza\",\"url\":\"https:\/\/www.pressenza.com\/fr\/\",\"logo\":{\"@type\":\"ImageObject\",\"inLanguage\":\"fr-FR\",\"@id\":\"https:\/\/www.pressenza.com\/fr\/#\/schema\/logo\/image\/\",\"url\":\"https:\/\/www.pressenza.com\/wp-content\/uploads\/2022\/10\/pressenza_logo_200x200.jpg\",\"contentUrl\":\"https:\/\/www.pressenza.com\/wp-content\/uploads\/2022\/10\/pressenza_logo_200x200.jpg\",\"width\":200,\"height\":200,\"caption\":\"Pressenza\"},\"image\":{\"@id\":\"https:\/\/www.pressenza.com\/fr\/#\/schema\/logo\/image\/\"},\"sameAs\":[\"https:\/\/www.facebook.com\/PressenzaItalia\",\"https:\/\/x.com\/PressenzaIPA\"]},{\"@type\":\"Person\",\"@id\":\"https:\/\/www.pressenza.com\/fr\/#\/schema\/person\/ed412555e0d02523a5d1502d2a3d47d6\",\"name\":\"INREES - Institut de Recherche sur les Exp\u00e9riences Extraordinaires\",\"description\":\"L\u2019INREES - Institut de Recherche sur les Exp\u00e9riences Extraordinaires - est n\u00e9 du constat suivant : il est possible de s\u2019int\u00e9resser \u00e0 ces exp\u00e9riences que nous n\u2019arrivons pas \u00e0 expliquer et que nous qualifions d\u2019extraordinaires, voir de \u00ab surnaturelles \u00bb, tout en conservant les deux pieds sur terre. Pour cela l\u2019INREES s\u2019appuie sur un questionnement scientifique rigoureux tout en gardant \u00e0 l\u2019esprit, comme le soulignent d\u2019ailleurs les scientifiques eux-m\u00eames, que les connaissances que nous poss\u00e9dons sur la nature de la r\u00e9alit\u00e9 sont limit\u00e9es. www.inrees.com\",\"sameAs\":[\"https:\/\/www.inrees.com\/\",\"https:\/\/www.facebook.com\/INREES-135097866516826\/\",\"https:\/\/x.com\/INREES\"],\"url\":\"https:\/\/www.pressenza.com\/fr\/author\/inrees\/\"}]}<\/script>\n<!-- \/ Yoast SEO plugin. -->","yoast_head_json":{"title":"T\u00e9moignages de personnes revenues\u2026 de la mort","description":"Image : Vue d'artiste d'une exp\u00e9rience de mort imminente. Par Aur\u00e9lie Caillard Selon plusieurs \u00e9tudes, en moyenne 4% de la population vivrait ce que l\u2019on","robots":{"index":"index","follow":"follow","max-snippet":"max-snippet:-1","max-image-preview":"max-image-preview:large","max-video-preview":"max-video-preview:-1"},"canonical":"https:\/\/www.pressenza.com\/fr\/2014\/09\/temoignages-personnes-revenues-mort\/","og_locale":"fr_FR","og_type":"article","og_title":"T\u00e9moignages de personnes revenues\u2026 de la mort","og_description":"Image : Vue d'artiste d'une exp\u00e9rience de mort imminente. Par Aur\u00e9lie Caillard Selon plusieurs \u00e9tudes, en moyenne 4% de la population vivrait ce que l\u2019on","og_url":"https:\/\/www.pressenza.com\/fr\/2014\/09\/temoignages-personnes-revenues-mort\/","og_site_name":"Pressenza","article_publisher":"https:\/\/www.facebook.com\/PressenzaItalia","article_author":"https:\/\/www.facebook.com\/INREES-135097866516826\/","article_published_time":"2014-09-16T21:04:53+00:00","article_modified_time":"2014-09-17T20:30:22+00:00","og_image":[{"width":800,"height":533,"url":"https:\/\/www.pressenza.com\/wp-content\/uploads\/2014\/09\/T\u00e9moignages-de-personnes-revenues\u2026-de-la-mort-800px-Near-Death-Experience_Illustration.jpg","type":"image\/jpeg"}],"author":"INREES - Institut de Recherche sur les Exp\u00e9riences Extraordinaires","twitter_card":"summary_large_image","twitter_creator":"@INREES","twitter_site":"@PressenzaIPA","twitter_misc":{"\u00c9crit par":"INREES - Institut de Recherche sur les Exp\u00e9riences Extraordinaires","Dur\u00e9e de lecture estim\u00e9e":"9 minutes"},"schema":{"@context":"https:\/\/schema.org","@graph":[{"@type":"Article","@id":"https:\/\/www.pressenza.com\/fr\/2014\/09\/temoignages-personnes-revenues-mort\/#article","isPartOf":{"@id":"https:\/\/www.pressenza.com\/fr\/2014\/09\/temoignages-personnes-revenues-mort\/"},"author":{"name":"INREES - Institut de Recherche sur les Exp\u00e9riences Extraordinaires","@id":"https:\/\/www.pressenza.com\/fr\/#\/schema\/person\/ed412555e0d02523a5d1502d2a3d47d6"},"headline":"T\u00e9moignages de personnes revenues\u2026 de la mort","datePublished":"2014-09-16T21:04:53+00:00","dateModified":"2014-09-17T20:30:22+00:00","mainEntityOfPage":{"@id":"https:\/\/www.pressenza.com\/fr\/2014\/09\/temoignages-personnes-revenues-mort\/"},"wordCount":1834,"publisher":{"@id":"https:\/\/www.pressenza.com\/fr\/#organization"},"image":{"@id":"https:\/\/www.pressenza.com\/fr\/2014\/09\/temoignages-personnes-revenues-mort\/#primaryimage"},"thumbnailUrl":"https:\/\/www.pressenza.com\/wp-content\/uploads\/2014\/09\/T\u00e9moignages-de-personnes-revenues\u2026-de-la-mort-800px-Near-Death-Experience_Illustration.jpg","keywords":["EMI","exp\u00e9rience de mort imminente","mort","T\u00e9moignages"],"articleSection":["Humanisme et Spiritualit\u00e9","International","Opinion"],"inLanguage":"fr-FR"},{"@type":"WebPage","@id":"https:\/\/www.pressenza.com\/fr\/2014\/09\/temoignages-personnes-revenues-mort\/","url":"https:\/\/www.pressenza.com\/fr\/2014\/09\/temoignages-personnes-revenues-mort\/","name":"T\u00e9moignages de personnes revenues\u2026 de la mort","isPartOf":{"@id":"https:\/\/www.pressenza.com\/fr\/#website"},"primaryImageOfPage":{"@id":"https:\/\/www.pressenza.com\/fr\/2014\/09\/temoignages-personnes-revenues-mort\/#primaryimage"},"image":{"@id":"https:\/\/www.pressenza.com\/fr\/2014\/09\/temoignages-personnes-revenues-mort\/#primaryimage"},"thumbnailUrl":"https:\/\/www.pressenza.com\/wp-content\/uploads\/2014\/09\/T\u00e9moignages-de-personnes-revenues\u2026-de-la-mort-800px-Near-Death-Experience_Illustration.jpg","datePublished":"2014-09-16T21:04:53+00:00","dateModified":"2014-09-17T20:30:22+00:00","description":"Image : Vue d'artiste d'une exp\u00e9rience de mort imminente. Par Aur\u00e9lie Caillard Selon plusieurs \u00e9tudes, en moyenne 4% de la population vivrait ce que l\u2019on","breadcrumb":{"@id":"https:\/\/www.pressenza.com\/fr\/2014\/09\/temoignages-personnes-revenues-mort\/#breadcrumb"},"inLanguage":"fr-FR","potentialAction":[{"@type":"ReadAction","target":["https:\/\/www.pressenza.com\/fr\/2014\/09\/temoignages-personnes-revenues-mort\/"]}]},{"@type":"ImageObject","inLanguage":"fr-FR","@id":"https:\/\/www.pressenza.com\/fr\/2014\/09\/temoignages-personnes-revenues-mort\/#primaryimage","url":"https:\/\/www.pressenza.com\/wp-content\/uploads\/2014\/09\/T\u00e9moignages-de-personnes-revenues\u2026-de-la-mort-800px-Near-Death-Experience_Illustration.jpg","contentUrl":"https:\/\/www.pressenza.com\/wp-content\/uploads\/2014\/09\/T\u00e9moignages-de-personnes-revenues\u2026-de-la-mort-800px-Near-Death-Experience_Illustration.jpg","width":800,"height":533},{"@type":"BreadcrumbList","@id":"https:\/\/www.pressenza.com\/fr\/2014\/09\/temoignages-personnes-revenues-mort\/#breadcrumb","itemListElement":[{"@type":"ListItem","position":1,"name":"Accueil","item":"https:\/\/www.pressenza.com\/fr\/"},{"@type":"ListItem","position":2,"name":"T\u00e9moignages de personnes revenues\u2026 de la mort"}]},{"@type":"WebSite","@id":"https:\/\/www.pressenza.com\/fr\/#website","url":"https:\/\/www.pressenza.com\/fr\/","name":"Pressenza","description":"International Press Agency","publisher":{"@id":"https:\/\/www.pressenza.com\/fr\/#organization"},"potentialAction":[{"@type":"SearchAction","target":{"@type":"EntryPoint","urlTemplate":"https:\/\/www.pressenza.com\/fr\/?s={search_term_string}"},"query-input":{"@type":"PropertyValueSpecification","valueRequired":true,"valueName":"search_term_string"}}],"inLanguage":"fr-FR"},{"@type":"Organization","@id":"https:\/\/www.pressenza.com\/fr\/#organization","name":"Pressenza","url":"https:\/\/www.pressenza.com\/fr\/","logo":{"@type":"ImageObject","inLanguage":"fr-FR","@id":"https:\/\/www.pressenza.com\/fr\/#\/schema\/logo\/image\/","url":"https:\/\/www.pressenza.com\/wp-content\/uploads\/2022\/10\/pressenza_logo_200x200.jpg","contentUrl":"https:\/\/www.pressenza.com\/wp-content\/uploads\/2022\/10\/pressenza_logo_200x200.jpg","width":200,"height":200,"caption":"Pressenza"},"image":{"@id":"https:\/\/www.pressenza.com\/fr\/#\/schema\/logo\/image\/"},"sameAs":["https:\/\/www.facebook.com\/PressenzaItalia","https:\/\/x.com\/PressenzaIPA"]},{"@type":"Person","@id":"https:\/\/www.pressenza.com\/fr\/#\/schema\/person\/ed412555e0d02523a5d1502d2a3d47d6","name":"INREES - Institut de Recherche sur les Exp\u00e9riences Extraordinaires","description":"L\u2019INREES - Institut de Recherche sur les Exp\u00e9riences Extraordinaires - est n\u00e9 du constat suivant : il est possible de s\u2019int\u00e9resser \u00e0 ces exp\u00e9riences que nous n\u2019arrivons pas \u00e0 expliquer et que nous qualifions d\u2019extraordinaires, voir de \u00ab surnaturelles \u00bb, tout en conservant les deux pieds sur terre. Pour cela l\u2019INREES s\u2019appuie sur un questionnement scientifique rigoureux tout en gardant \u00e0 l\u2019esprit, comme le soulignent d\u2019ailleurs les scientifiques eux-m\u00eames, que les connaissances que nous poss\u00e9dons sur la nature de la r\u00e9alit\u00e9 sont limit\u00e9es. www.inrees.com","sameAs":["https:\/\/www.inrees.com\/","https:\/\/www.facebook.com\/INREES-135097866516826\/","https:\/\/x.com\/INREES"],"url":"https:\/\/www.pressenza.com\/fr\/author\/inrees\/"}]}},"place":"","original_article_url":"","_links":{"self":[{"href":"https:\/\/www.pressenza.com\/fr\/wp-json\/wp\/v2\/posts\/132677","targetHints":{"allow":["GET"]}}],"collection":[{"href":"https:\/\/www.pressenza.com\/fr\/wp-json\/wp\/v2\/posts"}],"about":[{"href":"https:\/\/www.pressenza.com\/fr\/wp-json\/wp\/v2\/types\/post"}],"author":[{"embeddable":true,"href":"https:\/\/www.pressenza.com\/fr\/wp-json\/wp\/v2\/users\/1142"}],"replies":[{"embeddable":true,"href":"https:\/\/www.pressenza.com\/fr\/wp-json\/wp\/v2\/comments?post=132677"}],"version-history":[{"count":0,"href":"https:\/\/www.pressenza.com\/fr\/wp-json\/wp\/v2\/posts\/132677\/revisions"}],"wp:featuredmedia":[{"embeddable":true,"href":"https:\/\/www.pressenza.com\/fr\/wp-json\/wp\/v2\/media\/132691"}],"wp:attachment":[{"href":"https:\/\/www.pressenza.com\/fr\/wp-json\/wp\/v2\/media?parent=132677"}],"wp:term":[{"taxonomy":"category","embeddable":true,"href":"https:\/\/www.pressenza.com\/fr\/wp-json\/wp\/v2\/categories?post=132677"},{"taxonomy":"post_tag","embeddable":true,"href":"https:\/\/www.pressenza.com\/fr\/wp-json\/wp\/v2\/tags?post=132677"}],"curies":[{"name":"wp","href":"https:\/\/api.w.org\/{rel}","templated":true}]}}