{"id":1318198,"date":"2021-03-13T14:30:12","date_gmt":"2021-03-13T14:30:12","guid":{"rendered":"https:\/\/www.pressenza.com\/?p=1318198"},"modified":"2021-03-13T14:30:12","modified_gmt":"2021-03-13T14:30:12","slug":"une-opportunite-presque-perdue","status":"publish","type":"post","link":"https:\/\/www.pressenza.com\/fr\/2021\/03\/une-opportunite-presque-perdue\/","title":{"rendered":"Une opportunit\u00e9 (presque) perdue"},"content":{"rendered":"<p>Par V\u00edctor Piccininni<\/p>\n<p>Nous sommes environ un an apr\u00e8s le d\u00e9but d&rsquo;un \u00e9v\u00e9nement mondial tragique : la pand\u00e9mie de Covid-19.<\/p>\n<p>Le monde s&rsquo;est retrouv\u00e9 dans le \u00ab\u00a0silence\u00a0\u00bb, des rues d\u00e9sol\u00e9es, des gouvernements d\u00e9sorient\u00e9s, des hommes et des femmes r\u00e9fugi\u00e9s dans leurs maisons, des puissants terroris\u00e9s, des \u00e9coles vides, des visages couverts, des h\u00f4pitaux d\u00e9bordants.<\/p>\n<p>La plan\u00e8te enti\u00e8re a \u00e9t\u00e9 assomm\u00e9e par un \u00e9v\u00e9nement qu&rsquo;elle n&rsquo;a pas pu (ne peut pas ?) comprendre en profondeur. Pour la premi\u00e8re fois, un probl\u00e8me mondial sp\u00e9cifique a touch\u00e9 tous les \u00eatres humains de la plan\u00e8te en m\u00eame temps, sans distinction de race, de pays, de puissance \u00e9conomique, de croyance, de position sociale ou culturelle. La nature, la vie (\u00e0 sa mani\u00e8re), nous a rappel\u00e9 qu&rsquo;aujourd&rsquo;hui nous sommes tous connect\u00e9s, que personne (aujourd&rsquo;hui) ne survit dans l&rsquo;isolement, que le bien-\u00eatre et la sant\u00e9 sont un bien commun qui doit atteindre toute l&rsquo;humanit\u00e9. Elle nous a dit (Elle nous dit) que quelque chose d&rsquo;essentiel dans la soci\u00e9t\u00e9 humaine devait (doit) \u00eatre transform\u00e9. Et il fallait que ce soit&#8230; \u00ab\u00a0maintenant\u00a0\u00bb !<\/p>\n<p>Une opportunit\u00e9 s&rsquo;ouvrait :<\/p>\n<p>L&rsquo;humanit\u00e9 serait-elle capable d&rsquo;\u00e9couter ce \u00ab\u00a0signal\u00a0\u00bb et de donner une r\u00e9ponse globale de solidarit\u00e9, de bont\u00e9, de compassion, sans discrimination ni violence ? Serait-elle capable d&rsquo;\u00e9couter ce besoin, cette \u00ab\u00a0clameur\u00a0\u00bb profonde qui r\u00e9clamait (r\u00e9clame) une transformation de son syst\u00e8me habituel de r\u00e9ponse bas\u00e9 sur le pouvoir \u00e9conomique, l&rsquo;individualisme et la violence ?&#8230; le d\u00e9fi \u00e9tait lanc\u00e9 !<\/p>\n<p>\u00ab\u00a0g\u00e9n\u00e9rer une r\u00e9ponse mondiale organis\u00e9e et \u00e9quitable qui atteigne simultan\u00e9ment tous les coins de la plan\u00e8te. Mettre la science au service de TOUTE l&rsquo;humanit\u00e9, sans discrimination, sans faire passer l&rsquo;argent avant la vie humaine, sans citoyens de premi\u00e8re, deuxi\u00e8me ou troisi\u00e8me classe\u00a0\u00bb.<\/p>\n<p>La science a commenc\u00e9 un d\u00e9ploiement rapide. Elle a trouv\u00e9 des r\u00e9ponses partielles au probl\u00e8me (vaccins). Aujourd&rsquo;hui, nous voyons comment le pouvoir \u00e9conomique (grands laboratoires li\u00e9s au pouvoir financier) et les gouvernements puissants s&#8217;emparent (\u00e0 nouveau) du d\u00e9veloppement scientifique et le distribuent selon la logique violente du \u00ab\u00a0chacun pour soi\u00a0\u00bb. Les organisations internationales (ONU, OMS) \u00e9l\u00e8vent des voix d\u00e9clamatoires sans avoir la capacit\u00e9 de transformer quoi que ce soit. Le pouvoir est ailleurs.<\/p>\n<p>Le d\u00e9fi semble \u00eatre oubli\u00e9. Les vaccins d\u00e9velopp\u00e9s sont distribu\u00e9s en fonction de la logique mercantile et du pouvoir politico-\u00e9conomique de chaque r\u00e9gion. Certaines tendances confirment cette douloureuse conclusion :<\/p>\n<p>Les pays puissants vaccinent \u00ab\u00a0une personne par seconde\u00a0\u00bb tandis que les pays les plus pauvres n&rsquo;ont encore administr\u00e9 aucune dose.<br \/>\nLes \u00c9tats-Unis, le Royaume-Uni et l&rsquo;Union europ\u00e9enne ont mis un frein \u00e0 tout programme men\u00e9 par l&rsquo;OMS pour stimuler la livraison de vaccins aux r\u00e9gions les plus pauvres (Afrique et certaines r\u00e9gions d&rsquo;Asie).<br \/>\nLe 75% des vaccins administr\u00e9s l&rsquo;ont \u00e9t\u00e9 dans seulement 10 pays. Plus de 130 pays n&rsquo;ont pas re\u00e7u une seule dose.<br \/>\nPlus de 100 pays recevront les premiers vaccins d&rsquo;ici la fin de 2021 ou en 2022. (Source : Oxfam &#8211; www.oxfam.org)<\/p>\n<p>Pour l&rsquo;instant, cette \u00ab\u00a0demande\u00a0\u00bb et cet appel \u00e0 l&rsquo;\u00e9galit\u00e9, \u00e0 la justice et \u00e0 la solidarit\u00e9 mondiale n&rsquo;a pas \u00e9t\u00e9 entendu ou n&rsquo;a pas \u00e9t\u00e9 assez fort.<\/p>\n<p>Une \u00ab\u00a0opportunit\u00e9\u00a0\u00bb pour l&rsquo;instant (presque) perdue.<\/p>\n","protected":false},"excerpt":{"rendered":"<p>Par V\u00edctor Piccininni Nous sommes environ un an apr\u00e8s le d\u00e9but d&rsquo;un \u00e9v\u00e9nement mondial tragique : la pand\u00e9mie de Covid-19. Le monde s&rsquo;est retrouv\u00e9 dans le \u00ab\u00a0silence\u00a0\u00bb, des rues d\u00e9sol\u00e9es, des gouvernements d\u00e9sorient\u00e9s, des hommes et des femmes r\u00e9fugi\u00e9s dans&hellip;<\/p>\n","protected":false},"author":1680,"featured_media":1317659,"comment_status":"closed","ping_status":"closed","sticky":false,"template":"","format":"standard","meta":{"footnotes":""},"categories":[11386,40,163,1245],"tags":[61113,70280,4715],"class_list":["post-1318198","post","type-post","status-publish","format-standard","has-post-thumbnail","hentry","category-contenu-original","category-international-fr","category-opinion-fr","category-sante-sujet","tag-rehuno-fr","tag-coronavirus-fr","tag-vaccins"],"yoast_head":"<!-- This site is optimized with the Yoast SEO plugin v27.1.1 - https:\/\/yoast.com\/product\/yoast-seo-wordpress\/ -->\n<title>Une opportunit\u00e9 (presque) perdue<\/title>\n<meta name=\"description\" content=\"Par V\u00edctor Piccininni Nous sommes environ un an apr\u00e8s le d\u00e9but d&#039;un \u00e9v\u00e9nement mondial tragique : la pand\u00e9mie de Covid-19. Le monde s&#039;est retrouv\u00e9 dans le\" \/>\n<meta name=\"robots\" content=\"index, follow, max-snippet:-1, max-image-preview:large, max-video-preview:-1\" \/>\n<link rel=\"canonical\" href=\"https:\/\/www.pressenza.com\/fr\/2021\/03\/une-opportunite-presque-perdue\/\" \/>\n<meta property=\"og:locale\" content=\"fr_FR\" \/>\n<meta property=\"og:type\" content=\"article\" \/>\n<meta property=\"og:title\" content=\"Une opportunit\u00e9 (presque) perdue\" \/>\n<meta property=\"og:description\" content=\"Par V\u00edctor Piccininni Nous sommes environ un an apr\u00e8s le d\u00e9but d&#039;un \u00e9v\u00e9nement mondial tragique : la pand\u00e9mie de Covid-19. Le monde s&#039;est retrouv\u00e9 dans le\" \/>\n<meta property=\"og:url\" content=\"https:\/\/www.pressenza.com\/fr\/2021\/03\/une-opportunite-presque-perdue\/\" \/>\n<meta property=\"og:site_name\" content=\"Pressenza\" \/>\n<meta property=\"article:publisher\" content=\"https:\/\/www.facebook.com\/PressenzaItalia\" \/>\n<meta property=\"article:author\" content=\"https:\/\/www.facebook.com\/rehunosalud\/\" \/>\n<meta property=\"article:published_time\" content=\"2021-03-13T14:30:12+00:00\" \/>\n<meta property=\"og:image\" content=\"https:\/\/www.pressenza.com\/wp-content\/uploads\/2021\/03\/human-rights-2962640.jpg\" \/>\n\t<meta property=\"og:image:width\" content=\"1920\" \/>\n\t<meta property=\"og:image:height\" content=\"1279\" \/>\n\t<meta property=\"og:image:type\" content=\"image\/jpeg\" \/>\n<meta name=\"author\" content=\"REHUNO - Red Humanista de Noticias en Salud\" \/>\n<meta name=\"twitter:card\" content=\"summary_large_image\" \/>\n<meta name=\"twitter:creator\" content=\"@PressenzaIPA\" \/>\n<meta name=\"twitter:site\" content=\"@PressenzaIPA\" \/>\n<meta name=\"twitter:label1\" content=\"\u00c9crit par\" \/>\n\t<meta name=\"twitter:data1\" content=\"REHUNO - Red Humanista de Noticias en Salud\" \/>\n\t<meta name=\"twitter:label2\" content=\"Dur\u00e9e de lecture estim\u00e9e\" \/>\n\t<meta name=\"twitter:data2\" content=\"3 minutes\" \/>\n<script type=\"application\/ld+json\" class=\"yoast-schema-graph\">{\"@context\":\"https:\/\/schema.org\",\"@graph\":[{\"@type\":\"Article\",\"@id\":\"https:\/\/www.pressenza.com\/fr\/2021\/03\/une-opportunite-presque-perdue\/#article\",\"isPartOf\":{\"@id\":\"https:\/\/www.pressenza.com\/fr\/2021\/03\/une-opportunite-presque-perdue\/\"},\"author\":{\"name\":\"REHUNO - Red Humanista de Noticias en Salud\",\"@id\":\"https:\/\/www.pressenza.com\/fr\/#\/schema\/person\/5162be2bf75419d7e91acfc2c50c3870\"},\"headline\":\"Une opportunit\u00e9 (presque) perdue\",\"datePublished\":\"2021-03-13T14:30:12+00:00\",\"mainEntityOfPage\":{\"@id\":\"https:\/\/www.pressenza.com\/fr\/2021\/03\/une-opportunite-presque-perdue\/\"},\"wordCount\":584,\"publisher\":{\"@id\":\"https:\/\/www.pressenza.com\/fr\/#organization\"},\"image\":{\"@id\":\"https:\/\/www.pressenza.com\/fr\/2021\/03\/une-opportunite-presque-perdue\/#primaryimage\"},\"thumbnailUrl\":\"https:\/\/www.pressenza.com\/wp-content\/uploads\/2021\/03\/human-rights-2962640.jpg\",\"keywords\":[\"#REHUNO\",\"coronavirus\",\"vaccins\"],\"articleSection\":[\"Contenu Original\",\"International\",\"Opinion\",\"Sant\u00e9\"],\"inLanguage\":\"fr-FR\"},{\"@type\":\"WebPage\",\"@id\":\"https:\/\/www.pressenza.com\/fr\/2021\/03\/une-opportunite-presque-perdue\/\",\"url\":\"https:\/\/www.pressenza.com\/fr\/2021\/03\/une-opportunite-presque-perdue\/\",\"name\":\"Une opportunit\u00e9 (presque) perdue\",\"isPartOf\":{\"@id\":\"https:\/\/www.pressenza.com\/fr\/#website\"},\"primaryImageOfPage\":{\"@id\":\"https:\/\/www.pressenza.com\/fr\/2021\/03\/une-opportunite-presque-perdue\/#primaryimage\"},\"image\":{\"@id\":\"https:\/\/www.pressenza.com\/fr\/2021\/03\/une-opportunite-presque-perdue\/#primaryimage\"},\"thumbnailUrl\":\"https:\/\/www.pressenza.com\/wp-content\/uploads\/2021\/03\/human-rights-2962640.jpg\",\"datePublished\":\"2021-03-13T14:30:12+00:00\",\"description\":\"Par V\u00edctor Piccininni Nous sommes environ un an apr\u00e8s le d\u00e9but d'un \u00e9v\u00e9nement mondial tragique : la pand\u00e9mie de Covid-19. Le monde s'est retrouv\u00e9 dans le\",\"breadcrumb\":{\"@id\":\"https:\/\/www.pressenza.com\/fr\/2021\/03\/une-opportunite-presque-perdue\/#breadcrumb\"},\"inLanguage\":\"fr-FR\",\"potentialAction\":[{\"@type\":\"ReadAction\",\"target\":[\"https:\/\/www.pressenza.com\/fr\/2021\/03\/une-opportunite-presque-perdue\/\"]}]},{\"@type\":\"ImageObject\",\"inLanguage\":\"fr-FR\",\"@id\":\"https:\/\/www.pressenza.com\/fr\/2021\/03\/une-opportunite-presque-perdue\/#primaryimage\",\"url\":\"https:\/\/www.pressenza.com\/wp-content\/uploads\/2021\/03\/human-rights-2962640.jpg\",\"contentUrl\":\"https:\/\/www.pressenza.com\/wp-content\/uploads\/2021\/03\/human-rights-2962640.jpg\",\"width\":1920,\"height\":1279,\"caption\":\"Une opportunit\u00e9 (presque) perdue\"},{\"@type\":\"BreadcrumbList\",\"@id\":\"https:\/\/www.pressenza.com\/fr\/2021\/03\/une-opportunite-presque-perdue\/#breadcrumb\",\"itemListElement\":[{\"@type\":\"ListItem\",\"position\":1,\"name\":\"Accueil\",\"item\":\"https:\/\/www.pressenza.com\/fr\/\"},{\"@type\":\"ListItem\",\"position\":2,\"name\":\"Une opportunit\u00e9 (presque) perdue\"}]},{\"@type\":\"WebSite\",\"@id\":\"https:\/\/www.pressenza.com\/fr\/#website\",\"url\":\"https:\/\/www.pressenza.com\/fr\/\",\"name\":\"Pressenza\",\"description\":\"International Press Agency\",\"publisher\":{\"@id\":\"https:\/\/www.pressenza.com\/fr\/#organization\"},\"potentialAction\":[{\"@type\":\"SearchAction\",\"target\":{\"@type\":\"EntryPoint\",\"urlTemplate\":\"https:\/\/www.pressenza.com\/fr\/?s={search_term_string}\"},\"query-input\":{\"@type\":\"PropertyValueSpecification\",\"valueRequired\":true,\"valueName\":\"search_term_string\"}}],\"inLanguage\":\"fr-FR\"},{\"@type\":\"Organization\",\"@id\":\"https:\/\/www.pressenza.com\/fr\/#organization\",\"name\":\"Pressenza\",\"url\":\"https:\/\/www.pressenza.com\/fr\/\",\"logo\":{\"@type\":\"ImageObject\",\"inLanguage\":\"fr-FR\",\"@id\":\"https:\/\/www.pressenza.com\/fr\/#\/schema\/logo\/image\/\",\"url\":\"https:\/\/www.pressenza.com\/wp-content\/uploads\/2022\/10\/pressenza_logo_200x200.jpg\",\"contentUrl\":\"https:\/\/www.pressenza.com\/wp-content\/uploads\/2022\/10\/pressenza_logo_200x200.jpg\",\"width\":200,\"height\":200,\"caption\":\"Pressenza\"},\"image\":{\"@id\":\"https:\/\/www.pressenza.com\/fr\/#\/schema\/logo\/image\/\"},\"sameAs\":[\"https:\/\/www.facebook.com\/PressenzaItalia\",\"https:\/\/x.com\/PressenzaIPA\"]},{\"@type\":\"Person\",\"@id\":\"https:\/\/www.pressenza.com\/fr\/#\/schema\/person\/5162be2bf75419d7e91acfc2c50c3870\",\"name\":\"REHUNO - Red Humanista de Noticias en Salud\",\"description\":\"REHUNO is a group of volunteers from different countries, health professionals and\/or users of health services, who want to give voice to a \\\"humanizing view\\\" of health systems from a broad and comprehensive perspective. REHUNO wants to put into words and images the positive news that needs to be highlighted and the negative news that needs to be denounced and happening on a daily basis.http:\/\/rehunosalud.org\/\",\"sameAs\":[\"http:\/\/rehunosalud.org\/\",\"https:\/\/www.facebook.com\/rehunosalud\/\"],\"url\":\"https:\/\/www.pressenza.com\/fr\/author\/rehuno\/\"}]}<\/script>\n<!-- \/ Yoast SEO plugin. -->","yoast_head_json":{"title":"Une opportunit\u00e9 (presque) perdue","description":"Par V\u00edctor Piccininni Nous sommes environ un an apr\u00e8s le d\u00e9but d'un \u00e9v\u00e9nement mondial tragique : la pand\u00e9mie de Covid-19. Le monde s'est retrouv\u00e9 dans le","robots":{"index":"index","follow":"follow","max-snippet":"max-snippet:-1","max-image-preview":"max-image-preview:large","max-video-preview":"max-video-preview:-1"},"canonical":"https:\/\/www.pressenza.com\/fr\/2021\/03\/une-opportunite-presque-perdue\/","og_locale":"fr_FR","og_type":"article","og_title":"Une opportunit\u00e9 (presque) perdue","og_description":"Par V\u00edctor Piccininni Nous sommes environ un an apr\u00e8s le d\u00e9but d'un \u00e9v\u00e9nement mondial tragique : la pand\u00e9mie de Covid-19. Le monde s'est retrouv\u00e9 dans le","og_url":"https:\/\/www.pressenza.com\/fr\/2021\/03\/une-opportunite-presque-perdue\/","og_site_name":"Pressenza","article_publisher":"https:\/\/www.facebook.com\/PressenzaItalia","article_author":"https:\/\/www.facebook.com\/rehunosalud\/","article_published_time":"2021-03-13T14:30:12+00:00","og_image":[{"width":1920,"height":1279,"url":"https:\/\/www.pressenza.com\/wp-content\/uploads\/2021\/03\/human-rights-2962640.jpg","type":"image\/jpeg"}],"author":"REHUNO - Red Humanista de Noticias en Salud","twitter_card":"summary_large_image","twitter_creator":"@PressenzaIPA","twitter_site":"@PressenzaIPA","twitter_misc":{"\u00c9crit par":"REHUNO - Red Humanista de Noticias en Salud","Dur\u00e9e de lecture estim\u00e9e":"3 minutes"},"schema":{"@context":"https:\/\/schema.org","@graph":[{"@type":"Article","@id":"https:\/\/www.pressenza.com\/fr\/2021\/03\/une-opportunite-presque-perdue\/#article","isPartOf":{"@id":"https:\/\/www.pressenza.com\/fr\/2021\/03\/une-opportunite-presque-perdue\/"},"author":{"name":"REHUNO - Red Humanista de Noticias en Salud","@id":"https:\/\/www.pressenza.com\/fr\/#\/schema\/person\/5162be2bf75419d7e91acfc2c50c3870"},"headline":"Une opportunit\u00e9 (presque) perdue","datePublished":"2021-03-13T14:30:12+00:00","mainEntityOfPage":{"@id":"https:\/\/www.pressenza.com\/fr\/2021\/03\/une-opportunite-presque-perdue\/"},"wordCount":584,"publisher":{"@id":"https:\/\/www.pressenza.com\/fr\/#organization"},"image":{"@id":"https:\/\/www.pressenza.com\/fr\/2021\/03\/une-opportunite-presque-perdue\/#primaryimage"},"thumbnailUrl":"https:\/\/www.pressenza.com\/wp-content\/uploads\/2021\/03\/human-rights-2962640.jpg","keywords":["#REHUNO","coronavirus","vaccins"],"articleSection":["Contenu Original","International","Opinion","Sant\u00e9"],"inLanguage":"fr-FR"},{"@type":"WebPage","@id":"https:\/\/www.pressenza.com\/fr\/2021\/03\/une-opportunite-presque-perdue\/","url":"https:\/\/www.pressenza.com\/fr\/2021\/03\/une-opportunite-presque-perdue\/","name":"Une opportunit\u00e9 (presque) perdue","isPartOf":{"@id":"https:\/\/www.pressenza.com\/fr\/#website"},"primaryImageOfPage":{"@id":"https:\/\/www.pressenza.com\/fr\/2021\/03\/une-opportunite-presque-perdue\/#primaryimage"},"image":{"@id":"https:\/\/www.pressenza.com\/fr\/2021\/03\/une-opportunite-presque-perdue\/#primaryimage"},"thumbnailUrl":"https:\/\/www.pressenza.com\/wp-content\/uploads\/2021\/03\/human-rights-2962640.jpg","datePublished":"2021-03-13T14:30:12+00:00","description":"Par V\u00edctor Piccininni Nous sommes environ un an apr\u00e8s le d\u00e9but d'un \u00e9v\u00e9nement mondial tragique : la pand\u00e9mie de Covid-19. Le monde s'est retrouv\u00e9 dans le","breadcrumb":{"@id":"https:\/\/www.pressenza.com\/fr\/2021\/03\/une-opportunite-presque-perdue\/#breadcrumb"},"inLanguage":"fr-FR","potentialAction":[{"@type":"ReadAction","target":["https:\/\/www.pressenza.com\/fr\/2021\/03\/une-opportunite-presque-perdue\/"]}]},{"@type":"ImageObject","inLanguage":"fr-FR","@id":"https:\/\/www.pressenza.com\/fr\/2021\/03\/une-opportunite-presque-perdue\/#primaryimage","url":"https:\/\/www.pressenza.com\/wp-content\/uploads\/2021\/03\/human-rights-2962640.jpg","contentUrl":"https:\/\/www.pressenza.com\/wp-content\/uploads\/2021\/03\/human-rights-2962640.jpg","width":1920,"height":1279,"caption":"Une opportunit\u00e9 (presque) perdue"},{"@type":"BreadcrumbList","@id":"https:\/\/www.pressenza.com\/fr\/2021\/03\/une-opportunite-presque-perdue\/#breadcrumb","itemListElement":[{"@type":"ListItem","position":1,"name":"Accueil","item":"https:\/\/www.pressenza.com\/fr\/"},{"@type":"ListItem","position":2,"name":"Une opportunit\u00e9 (presque) perdue"}]},{"@type":"WebSite","@id":"https:\/\/www.pressenza.com\/fr\/#website","url":"https:\/\/www.pressenza.com\/fr\/","name":"Pressenza","description":"International Press Agency","publisher":{"@id":"https:\/\/www.pressenza.com\/fr\/#organization"},"potentialAction":[{"@type":"SearchAction","target":{"@type":"EntryPoint","urlTemplate":"https:\/\/www.pressenza.com\/fr\/?s={search_term_string}"},"query-input":{"@type":"PropertyValueSpecification","valueRequired":true,"valueName":"search_term_string"}}],"inLanguage":"fr-FR"},{"@type":"Organization","@id":"https:\/\/www.pressenza.com\/fr\/#organization","name":"Pressenza","url":"https:\/\/www.pressenza.com\/fr\/","logo":{"@type":"ImageObject","inLanguage":"fr-FR","@id":"https:\/\/www.pressenza.com\/fr\/#\/schema\/logo\/image\/","url":"https:\/\/www.pressenza.com\/wp-content\/uploads\/2022\/10\/pressenza_logo_200x200.jpg","contentUrl":"https:\/\/www.pressenza.com\/wp-content\/uploads\/2022\/10\/pressenza_logo_200x200.jpg","width":200,"height":200,"caption":"Pressenza"},"image":{"@id":"https:\/\/www.pressenza.com\/fr\/#\/schema\/logo\/image\/"},"sameAs":["https:\/\/www.facebook.com\/PressenzaItalia","https:\/\/x.com\/PressenzaIPA"]},{"@type":"Person","@id":"https:\/\/www.pressenza.com\/fr\/#\/schema\/person\/5162be2bf75419d7e91acfc2c50c3870","name":"REHUNO - Red Humanista de Noticias en Salud","description":"REHUNO is a group of volunteers from different countries, health professionals and\/or users of health services, who want to give voice to a \"humanizing view\" of health systems from a broad and comprehensive perspective. REHUNO wants to put into words and images the positive news that needs to be highlighted and the negative news that needs to be denounced and happening on a daily basis.http:\/\/rehunosalud.org\/","sameAs":["http:\/\/rehunosalud.org\/","https:\/\/www.facebook.com\/rehunosalud\/"],"url":"https:\/\/www.pressenza.com\/fr\/author\/rehuno\/"}]}},"place":"Buenos Aires, Argentine","original_article_url":"","_links":{"self":[{"href":"https:\/\/www.pressenza.com\/fr\/wp-json\/wp\/v2\/posts\/1318198","targetHints":{"allow":["GET"]}}],"collection":[{"href":"https:\/\/www.pressenza.com\/fr\/wp-json\/wp\/v2\/posts"}],"about":[{"href":"https:\/\/www.pressenza.com\/fr\/wp-json\/wp\/v2\/types\/post"}],"author":[{"embeddable":true,"href":"https:\/\/www.pressenza.com\/fr\/wp-json\/wp\/v2\/users\/1680"}],"replies":[{"embeddable":true,"href":"https:\/\/www.pressenza.com\/fr\/wp-json\/wp\/v2\/comments?post=1318198"}],"version-history":[{"count":0,"href":"https:\/\/www.pressenza.com\/fr\/wp-json\/wp\/v2\/posts\/1318198\/revisions"}],"wp:featuredmedia":[{"embeddable":true,"href":"https:\/\/www.pressenza.com\/fr\/wp-json\/wp\/v2\/media\/1317659"}],"wp:attachment":[{"href":"https:\/\/www.pressenza.com\/fr\/wp-json\/wp\/v2\/media?parent=1318198"}],"wp:term":[{"taxonomy":"category","embeddable":true,"href":"https:\/\/www.pressenza.com\/fr\/wp-json\/wp\/v2\/categories?post=1318198"},{"taxonomy":"post_tag","embeddable":true,"href":"https:\/\/www.pressenza.com\/fr\/wp-json\/wp\/v2\/tags?post=1318198"}],"curies":[{"name":"wp","href":"https:\/\/api.w.org\/{rel}","templated":true}]}}