{"id":1316665,"date":"2021-03-11T19:37:58","date_gmt":"2021-03-11T19:37:58","guid":{"rendered":"https:\/\/www.pressenza.com\/?p=1316665"},"modified":"2021-04-10T15:23:58","modified_gmt":"2021-04-10T14:23:58","slug":"senegal-au-dela-de-toute-appartenance-letre-humain-dabord","status":"publish","type":"post","link":"https:\/\/www.pressenza.com\/fr\/2021\/03\/senegal-au-dela-de-toute-appartenance-letre-humain-dabord\/","title":{"rendered":"S\u00e9n\u00e9gal. Au-del\u00e0 de toute appartenance, l&rsquo;\u00eatre humain d&rsquo;abord"},"content":{"rendered":"<p>L\u2019actualit\u00e9 socio-politique du S\u00e9n\u00e9gal est marqu\u00e9e par des s\u00e9ries de contestations populaires et r\u00e9currentes, qui sont des manifestations de la crise d\u2019un Etat de droit.<\/p>\n<p>Depuis l\u2019arrestation du leader de l\u2019opposition, le S\u00e9n\u00e9gal est le th\u00e9\u00e2tre d\u2019affrontements entre jeunes et forces de s\u00e9curit\u00e9. Cette arrestation est consid\u00e9r\u00e9e comme la \u00e9ni\u00e8me des cabales politiques orchestr\u00e9es par l\u2019Etat du S\u00e9n\u00e9gal en l\u2019endroit de son redoutable adversaire Ousmane Sonko pour mettre en doute sa cr\u00e9dibilit\u00e9 face \u00e0 la population s\u00e9n\u00e9galaise.<\/p>\n<p>Le pays habituellement consid\u00e9r\u00e9 comme un \u00eelot de stabilit\u00e9 en Afrique de l\u2019Ouest est en train de sombrer dans la violence. Durant ces cinq derniers jours, en passant par Dakar, Saint-Louis, Ziguinchor, Kaolack, Louga, Diourbel, Tambacounda\u2026, on assiste \u00e0 des sc\u00e8nes des pillages, de saccages, la rue est en train de se d\u00e9chainer, le d\u00e9cor est inhabituel sur les places publiques, les jets de pierres surgissent de partout, des pneus brul\u00e9s, des maisons brul\u00e9es, des postes de polices et tribunaux brul\u00e9s, des kiosques d\u00e9mantel\u00e9s et des v\u00e9hicules caillass\u00e9s. Toute cette violence est caus\u00e9e par la violation de la d\u00e9mocratie et de la libert\u00e9 des citoyens.<\/p>\n<p>L\u2019Etat dans ses man\u0153uvres a proc\u00e9d\u00e9 \u00e0\u00a0:<\/p>\n<ul>\n<li>La restriction de l\u2019Internet et les r\u00e9seaux sociaux.<\/li>\n<li>La fermeture de deux chaines de t\u00e9l\u00e9vision SenTV et Walfadrji.<\/li>\n<li>L&rsquo;arrestation de beaucoup de manifestants et de leaders d\u2019opinions.<\/li>\n<\/ul>\n<p>Le S\u00e9n\u00e9gal va au-devant d\u2019une issue sans retour qui risque de plonger le pays dans un chaos total. En tant que jeune tr\u00e8s engag\u00e9 dans ma communaut\u00e9 je ne reconnais plus mon pays, c\u2019est regrettable pour une nation comme le S\u00e9n\u00e9gal qui a toujours connu paix, le pays de la <em>T\u00e9ranga<a href=\"#_ftn1\" name=\"_ftnref1\"><strong>[1]<\/strong><\/a><\/em> de l\u2019hospitalit\u00e9 et du <em>vivre ensemble<\/em>, de vivre une situation pareille.<\/p>\n<p>C\u2019est tr\u00e8s d\u00e9plorable dans un pays o\u00f9 il n\u2019y a m\u00eame pas trois mois des centaines de jeunes ont p\u00e9ri en mer en tentant l\u2019immigration \u00e0 cause de leur situation tr\u00e8s pr\u00e9caire, d&rsquo;autres jeunes tombent aujourd\u2019hui sous les balles des forces de l\u2019ordre (bavures polici\u00e8res). C\u2019est comme si la jeunesse ne repr\u00e9sente plus l\u2019espoir de ce pays, c\u2019est comme si la dignit\u00e9 humaine n\u2019a plus de valeur dans mon cher pays. Sur ce, je m\u2019incline devant la m\u00e9moire de toutes ces personnes tu\u00e9es injustement pour avoir voulu d\u00e9fendre un droit constitutionnel.<\/p>\n<ol>\n<li>Mansour Thiam\u00a0:<\/li>\n<li>BounamaSan\u00e9\u00a0:<\/li>\n<li>Modou Ndiaye\u00a0:<\/li>\n<li>Cheikh Coly\u00a0: 20 ans<\/li>\n<li>Sadio Camara\u00a0: 18 ans<\/li>\n<li>Moussa Dram\u00e9\u00a0: 35 ans<\/li>\n<li>Alassane Barry\u00a0: 17 ans<\/li>\n<li>Pape Sidy Mbaye\u00a0: 20 ans<\/li>\n<li>Famara Goudiaby\u00a0: 20 ans<\/li>\n<li>Baye Cheikh Diop\u00a0: 17 ans<\/li>\n<li>Cheikhna Ndiaye\u00a0: 21 ans<\/li>\n<\/ol>\n<p><em>Que le Tout puissant accueille vos \u00e2mes au paradis !<\/em><\/p>\n<p>Vu que le pouvoir religieux a une forte influence sur les d\u00e9cisions politiques du pays, plusieurs leviers de m\u00e9diation qui avait \u00e9t\u00e9 d\u00e9clench\u00e9s avant m\u00eame les manifestations par des guides religieux (Khalife g\u00e9n\u00e9ral des Mourides, Khalife g\u00e9n\u00e9ral de M\u00e9dina Baye) pour apaiser le probl\u00e8me sont rest\u00e9s vains. De m\u00eame, le bureau des Nations Unies (ONU), \u00e0 travers son secr\u00e9taire g\u00e9n\u00e9ral pour l\u2019Afrique de l\u2019Ouest et le Sahel, Mohamed Ibn Chamba s\u2019est prononc\u00e9 sur les s\u00e9ries de violences en appelant \u00e0 la retenue et en exhortant les autorit\u00e9s s\u00e9n\u00e9galaises de prendre leur responsabilit\u00e9 pour apaiser cette tension et assurer le droit constitutionnel de manifester pacifiquement. Et pourtant depuis des d\u00e9cennies, d\u2019honn\u00eates citoyens se sont battus pour la d\u00e9mocratie et l\u2019\u00e9tat de droit pour ma ch\u00e8re nation. D\u00e8s lors nous avons connu deux alternances avec de rudes batailles pour pr\u00e9server cette d\u00e9mocratie. Est-ce qu\u2019il est acceptable aujourd\u2019hui qu\u2019on croise les bras pour que cet acquis soit par terre, est-il normal qu\u2019on prive \u00e0 des citoyens leur droit de manifester pacifiquement, qui est un droit constitutionnel, c\u2019est inacceptable et c\u2019est ce qui arrive au S\u00e9n\u00e9gal avec ce r\u00e9gime pr\u00e9sidentiel.<\/p>\n<p>Moi Oumar Diallo, je condamne fermement les s\u00e9ries de violences qui ont \u00e9t\u00e9 orchestr\u00e9es \u00e0 l\u2019endroit de la jeunesse s\u00e9n\u00e9galaise. Pour la stabilit\u00e9 du pays et pour une paix sociale durable, l\u2019Etat doit obligatoirement passer par la lib\u00e9ration de tous les prisonniers politiques, d\u00e9tenus de mani\u00e8re ill\u00e9gale et arbitraire, r\u00e9tablir le signal des deux chaines de t\u00e9l\u00e9vision (Walfadjri et SenTv) accus\u00e9es d\u2019inciter \u00e0 la violence apr\u00e8s avoir diffus\u00e9 \u00ab\u00a0en boucle\u00a0\u00bb des images de la manifestation, et permettre \u00e0 la population de s\u2019exprimer librement et dans son droit de manifester d\u2019une mani\u00e8re pacifique.<\/p>\n<p>Bien vrai que la tension s\u2019est un peu dissip\u00e9e \u00e0 l\u2019heure o\u00f9 je vous parle mais les risques que le pays sombre encore dans des manifestations beaucoup plus violentes sont toujours l\u00e0.<\/p>\n<p>Il est av\u00e9r\u00e9 que dans les soci\u00e9t\u00e9s o\u00f9 l\u2019injustice est banalis\u00e9e, la violence y devient une monnaie courante mais on ne va jamais baisser les bras en regardant le S\u00e9n\u00e9gal devenir le terreau qui va revitaliser l\u2019arbre de la violence et de l\u2019injustice.<\/p>\n<p>Cependant, nous sommes conscients des d\u00e9fis du monde et de la communaut\u00e9 de responsabilit\u00e9 que nous partageons tous ensemble envers notre patrie, c\u2019est pour ces raisons que nous invitons instamment, les acteurs \u00e0 promouvoir le dialogue. Celui-ci devient un imp\u00e9ratif \u00e9thique pour tout citoyen aspirant la construction d\u2019une paix durable, tout en essayant de comprendre qu&rsquo;il n&rsquo;y a jamais eu de guerre qui s\u2019est termin\u00e9e sur un champ de bataille.<\/p>\n<p><strong>Ensemble pour une coexistence pacifique et d\u00e9mocratique.<\/strong><\/p>\n<p><strong>\u00a0<\/strong><\/p>\n<p><strong>Notes<\/strong><\/p>\n<p><a href=\"#_ftnref1\" name=\"_ftn1\">[1]<\/a> En wolof, Teranga vient de \u00ab\u00a0teer\/teerul\u00a0\u00bb qui signifie accueillir. Elle d\u00e9signe les valeurs d\u2019hospitalit\u00e9, de partage et de solidarit\u00e9 des S\u00e9n\u00e9galais<\/p>\n<p>&nbsp;<\/p>\n<p>&nbsp;<\/p>\n<p><a href=\"https:\/\/www.pressenza.com\/fr\/2021\/03\/senegal-au-dela-de-toute-appartenance-letre-humain-dabord\/oumar-diallo\/\" rel=\"attachment wp-att-1316667\"><img loading=\"lazy\" decoding=\"async\" class=\" wp-image-1316667 alignleft\" src=\"https:\/\/www.pressenza.com\/wp-content\/uploads\/2021\/03\/Oumar-DIALLO.png\" alt=\"Oumar DIALLO\" width=\"91\" height=\"103\" \/><\/a><\/p>\n<p>&nbsp;<\/p>\n<p>&nbsp;<\/p>\n<p><strong>Auteur : <\/strong><strong>Oumar DIALLO<\/strong><\/p>\n<p>Licenci\u00e9 en Sciences Sociales de Religions<\/p>\n<p>\u00c9tudiant en Socio-anthropologie \u00e0 l\u2019UGB (Saint-Louis)<\/p>\n<p>Membre de l\u2019organisation <strong>Monde <\/strong><strong>Sans Guerres et Sans Violence<\/strong><\/p>\n","protected":false},"excerpt":{"rendered":"<p>L\u2019actualit\u00e9 socio-politique du S\u00e9n\u00e9gal est marqu\u00e9e par des s\u00e9ries de contestations populaires et r\u00e9currentes, qui sont des manifestations de la crise d\u2019un Etat de droit. Depuis l\u2019arrestation du leader de l\u2019opposition, le S\u00e9n\u00e9gal est le th\u00e9\u00e2tre d\u2019affrontements entre jeunes et&hellip;<\/p>\n","protected":false},"author":784,"featured_media":1316706,"comment_status":"closed","ping_status":"closed","sticky":false,"template":"","format":"standard","meta":{"footnotes":""},"categories":[83,11386,98,93],"tags":[88337,88338,1074,269],"class_list":["post-1316665","post","type-post","status-publish","format-standard","has-post-thumbnail","hentry","category-africa-fr","category-contenu-original","category-droits-de-lhomme","category-politique","tag-affrontements","tag-crise-detat","tag-senegal","tag-violence"],"yoast_head":"<!-- This site is optimized with the Yoast SEO plugin v27.1.1 - https:\/\/yoast.com\/product\/yoast-seo-wordpress\/ -->\n<title>S\u00e9n\u00e9gal. Au-del\u00e0 de toute appartenance, l&#039;\u00eatre humain d&#039;abord<\/title>\n<meta name=\"description\" content=\"L\u2019actualit\u00e9 socio-politique du S\u00e9n\u00e9gal est marqu\u00e9e par des s\u00e9ries de contestations populaires et r\u00e9currentes, qui sont des manifestations de la crise d\u2019un\" \/>\n<meta name=\"robots\" content=\"index, follow, max-snippet:-1, max-image-preview:large, max-video-preview:-1\" \/>\n<link rel=\"canonical\" href=\"https:\/\/www.pressenza.com\/fr\/2021\/03\/senegal-au-dela-de-toute-appartenance-letre-humain-dabord\/\" \/>\n<meta property=\"og:locale\" content=\"fr_FR\" \/>\n<meta property=\"og:type\" content=\"article\" \/>\n<meta property=\"og:title\" content=\"S\u00e9n\u00e9gal. Au-del\u00e0 de toute appartenance, l&#039;\u00eatre humain d&#039;abord\" \/>\n<meta property=\"og:description\" content=\"L\u2019actualit\u00e9 socio-politique du S\u00e9n\u00e9gal est marqu\u00e9e par des s\u00e9ries de contestations populaires et r\u00e9currentes, qui sont des manifestations de la crise d\u2019un\" \/>\n<meta property=\"og:url\" content=\"https:\/\/www.pressenza.com\/fr\/2021\/03\/senegal-au-dela-de-toute-appartenance-letre-humain-dabord\/\" \/>\n<meta property=\"og:site_name\" content=\"Pressenza\" \/>\n<meta property=\"article:publisher\" content=\"https:\/\/www.facebook.com\/PressenzaItalia\" \/>\n<meta property=\"article:author\" content=\"https:\/\/www.facebook.com\/Monde-sans-Guerres-et-sans-Violence-138884989507069\/?fref=ts\" \/>\n<meta property=\"article:published_time\" content=\"2021-03-11T19:37:58+00:00\" \/>\n<meta property=\"article:modified_time\" content=\"2021-04-10T14:23:58+00:00\" \/>\n<meta property=\"og:image\" content=\"https:\/\/www.pressenza.com\/wp-content\/uploads\/2021\/03\/Senegal-crise-etat3.jpeg\" \/>\n\t<meta property=\"og:image:width\" content=\"750\" \/>\n\t<meta property=\"og:image:height\" content=\"415\" \/>\n\t<meta property=\"og:image:type\" content=\"image\/jpeg\" \/>\n<meta name=\"author\" content=\"Monde sans Guerres et sans Violence\" \/>\n<meta name=\"twitter:card\" content=\"summary_large_image\" \/>\n<meta name=\"twitter:creator\" content=\"@MSGySV\" \/>\n<meta name=\"twitter:site\" content=\"@PressenzaIPA\" \/>\n<meta name=\"twitter:label1\" content=\"\u00c9crit par\" \/>\n\t<meta name=\"twitter:data1\" content=\"Monde sans Guerres et sans Violence\" \/>\n\t<meta name=\"twitter:label2\" content=\"Dur\u00e9e de lecture estim\u00e9e\" \/>\n\t<meta name=\"twitter:data2\" content=\"5 minutes\" \/>\n<script type=\"application\/ld+json\" class=\"yoast-schema-graph\">{\"@context\":\"https:\/\/schema.org\",\"@graph\":[{\"@type\":\"Article\",\"@id\":\"https:\/\/www.pressenza.com\/fr\/2021\/03\/senegal-au-dela-de-toute-appartenance-letre-humain-dabord\/#article\",\"isPartOf\":{\"@id\":\"https:\/\/www.pressenza.com\/fr\/2021\/03\/senegal-au-dela-de-toute-appartenance-letre-humain-dabord\/\"},\"author\":{\"name\":\"Monde sans Guerres et sans Violence\",\"@id\":\"https:\/\/www.pressenza.com\/fr\/#\/schema\/person\/03e7b5a0d7b3b980c26f68dc547737a1\"},\"headline\":\"S\u00e9n\u00e9gal. Au-del\u00e0 de toute appartenance, l&rsquo;\u00eatre humain d&rsquo;abord\",\"datePublished\":\"2021-03-11T19:37:58+00:00\",\"dateModified\":\"2021-04-10T14:23:58+00:00\",\"mainEntityOfPage\":{\"@id\":\"https:\/\/www.pressenza.com\/fr\/2021\/03\/senegal-au-dela-de-toute-appartenance-letre-humain-dabord\/\"},\"wordCount\":1056,\"publisher\":{\"@id\":\"https:\/\/www.pressenza.com\/fr\/#organization\"},\"image\":{\"@id\":\"https:\/\/www.pressenza.com\/fr\/2021\/03\/senegal-au-dela-de-toute-appartenance-letre-humain-dabord\/#primaryimage\"},\"thumbnailUrl\":\"https:\/\/www.pressenza.com\/wp-content\/uploads\/2021\/03\/Senegal-crise-etat3.jpeg\",\"keywords\":[\"affrontements\",\"crise d'\u00e9tat\",\"S\u00e9n\u00e9gal\",\"violence\"],\"articleSection\":[\"Afrique\",\"Contenu Original\",\"Droits humains\",\"Politique\"],\"inLanguage\":\"fr-FR\"},{\"@type\":\"WebPage\",\"@id\":\"https:\/\/www.pressenza.com\/fr\/2021\/03\/senegal-au-dela-de-toute-appartenance-letre-humain-dabord\/\",\"url\":\"https:\/\/www.pressenza.com\/fr\/2021\/03\/senegal-au-dela-de-toute-appartenance-letre-humain-dabord\/\",\"name\":\"S\u00e9n\u00e9gal. Au-del\u00e0 de toute appartenance, l'\u00eatre humain d'abord\",\"isPartOf\":{\"@id\":\"https:\/\/www.pressenza.com\/fr\/#website\"},\"primaryImageOfPage\":{\"@id\":\"https:\/\/www.pressenza.com\/fr\/2021\/03\/senegal-au-dela-de-toute-appartenance-letre-humain-dabord\/#primaryimage\"},\"image\":{\"@id\":\"https:\/\/www.pressenza.com\/fr\/2021\/03\/senegal-au-dela-de-toute-appartenance-letre-humain-dabord\/#primaryimage\"},\"thumbnailUrl\":\"https:\/\/www.pressenza.com\/wp-content\/uploads\/2021\/03\/Senegal-crise-etat3.jpeg\",\"datePublished\":\"2021-03-11T19:37:58+00:00\",\"dateModified\":\"2021-04-10T14:23:58+00:00\",\"description\":\"L\u2019actualit\u00e9 socio-politique du S\u00e9n\u00e9gal est marqu\u00e9e par des s\u00e9ries de contestations populaires et r\u00e9currentes, qui sont des manifestations de la crise d\u2019un\",\"breadcrumb\":{\"@id\":\"https:\/\/www.pressenza.com\/fr\/2021\/03\/senegal-au-dela-de-toute-appartenance-letre-humain-dabord\/#breadcrumb\"},\"inLanguage\":\"fr-FR\",\"potentialAction\":[{\"@type\":\"ReadAction\",\"target\":[\"https:\/\/www.pressenza.com\/fr\/2021\/03\/senegal-au-dela-de-toute-appartenance-letre-humain-dabord\/\"]}]},{\"@type\":\"ImageObject\",\"inLanguage\":\"fr-FR\",\"@id\":\"https:\/\/www.pressenza.com\/fr\/2021\/03\/senegal-au-dela-de-toute-appartenance-letre-humain-dabord\/#primaryimage\",\"url\":\"https:\/\/www.pressenza.com\/wp-content\/uploads\/2021\/03\/Senegal-crise-etat3.jpeg\",\"contentUrl\":\"https:\/\/www.pressenza.com\/wp-content\/uploads\/2021\/03\/Senegal-crise-etat3.jpeg\",\"width\":750,\"height\":415},{\"@type\":\"BreadcrumbList\",\"@id\":\"https:\/\/www.pressenza.com\/fr\/2021\/03\/senegal-au-dela-de-toute-appartenance-letre-humain-dabord\/#breadcrumb\",\"itemListElement\":[{\"@type\":\"ListItem\",\"position\":1,\"name\":\"Accueil\",\"item\":\"https:\/\/www.pressenza.com\/fr\/\"},{\"@type\":\"ListItem\",\"position\":2,\"name\":\"S\u00e9n\u00e9gal. Au-del\u00e0 de toute appartenance, l&rsquo;\u00eatre humain d&rsquo;abord\"}]},{\"@type\":\"WebSite\",\"@id\":\"https:\/\/www.pressenza.com\/fr\/#website\",\"url\":\"https:\/\/www.pressenza.com\/fr\/\",\"name\":\"Pressenza\",\"description\":\"International Press Agency\",\"publisher\":{\"@id\":\"https:\/\/www.pressenza.com\/fr\/#organization\"},\"potentialAction\":[{\"@type\":\"SearchAction\",\"target\":{\"@type\":\"EntryPoint\",\"urlTemplate\":\"https:\/\/www.pressenza.com\/fr\/?s={search_term_string}\"},\"query-input\":{\"@type\":\"PropertyValueSpecification\",\"valueRequired\":true,\"valueName\":\"search_term_string\"}}],\"inLanguage\":\"fr-FR\"},{\"@type\":\"Organization\",\"@id\":\"https:\/\/www.pressenza.com\/fr\/#organization\",\"name\":\"Pressenza\",\"url\":\"https:\/\/www.pressenza.com\/fr\/\",\"logo\":{\"@type\":\"ImageObject\",\"inLanguage\":\"fr-FR\",\"@id\":\"https:\/\/www.pressenza.com\/fr\/#\/schema\/logo\/image\/\",\"url\":\"https:\/\/www.pressenza.com\/wp-content\/uploads\/2022\/10\/pressenza_logo_200x200.jpg\",\"contentUrl\":\"https:\/\/www.pressenza.com\/wp-content\/uploads\/2022\/10\/pressenza_logo_200x200.jpg\",\"width\":200,\"height\":200,\"caption\":\"Pressenza\"},\"image\":{\"@id\":\"https:\/\/www.pressenza.com\/fr\/#\/schema\/logo\/image\/\"},\"sameAs\":[\"https:\/\/www.facebook.com\/PressenzaItalia\",\"https:\/\/x.com\/PressenzaIPA\"]},{\"@type\":\"Person\",\"@id\":\"https:\/\/www.pressenza.com\/fr\/#\/schema\/person\/03e7b5a0d7b3b980c26f68dc547737a1\",\"name\":\"Monde sans Guerres et sans Violence\",\"description\":\"Monde sans Guerres et sans Violence est une association \u00e0 but non lucratif qui existe depuis plus de 20 ans. Elle ne per\u00e7oit aucun type de subventions. C\u2019est une organisation avec le statuts \u201cconsultatif sp\u00e9cial\u201d reconnu par le Conseil \u00e9conomique et social des Nations Unies (ECOSOC) https:\/\/en.theworldmarch.org\",\"sameAs\":[\"https:\/\/www.facebook.com\/Monde-sans-Guerres-et-sans-Violence-138884989507069\/?fref=ts\",\"https:\/\/x.com\/MSGySV\"],\"url\":\"https:\/\/www.pressenza.com\/fr\/author\/monde-sans-guerres-et-sans-violence\/\"}]}<\/script>\n<!-- \/ Yoast SEO plugin. -->","yoast_head_json":{"title":"S\u00e9n\u00e9gal. Au-del\u00e0 de toute appartenance, l'\u00eatre humain d'abord","description":"L\u2019actualit\u00e9 socio-politique du S\u00e9n\u00e9gal est marqu\u00e9e par des s\u00e9ries de contestations populaires et r\u00e9currentes, qui sont des manifestations de la crise d\u2019un","robots":{"index":"index","follow":"follow","max-snippet":"max-snippet:-1","max-image-preview":"max-image-preview:large","max-video-preview":"max-video-preview:-1"},"canonical":"https:\/\/www.pressenza.com\/fr\/2021\/03\/senegal-au-dela-de-toute-appartenance-letre-humain-dabord\/","og_locale":"fr_FR","og_type":"article","og_title":"S\u00e9n\u00e9gal. Au-del\u00e0 de toute appartenance, l'\u00eatre humain d'abord","og_description":"L\u2019actualit\u00e9 socio-politique du S\u00e9n\u00e9gal est marqu\u00e9e par des s\u00e9ries de contestations populaires et r\u00e9currentes, qui sont des manifestations de la crise d\u2019un","og_url":"https:\/\/www.pressenza.com\/fr\/2021\/03\/senegal-au-dela-de-toute-appartenance-letre-humain-dabord\/","og_site_name":"Pressenza","article_publisher":"https:\/\/www.facebook.com\/PressenzaItalia","article_author":"https:\/\/www.facebook.com\/Monde-sans-Guerres-et-sans-Violence-138884989507069\/?fref=ts","article_published_time":"2021-03-11T19:37:58+00:00","article_modified_time":"2021-04-10T14:23:58+00:00","og_image":[{"width":750,"height":415,"url":"https:\/\/www.pressenza.com\/wp-content\/uploads\/2021\/03\/Senegal-crise-etat3.jpeg","type":"image\/jpeg"}],"author":"Monde sans Guerres et sans Violence","twitter_card":"summary_large_image","twitter_creator":"@MSGySV","twitter_site":"@PressenzaIPA","twitter_misc":{"\u00c9crit par":"Monde sans Guerres et sans Violence","Dur\u00e9e de lecture estim\u00e9e":"5 minutes"},"schema":{"@context":"https:\/\/schema.org","@graph":[{"@type":"Article","@id":"https:\/\/www.pressenza.com\/fr\/2021\/03\/senegal-au-dela-de-toute-appartenance-letre-humain-dabord\/#article","isPartOf":{"@id":"https:\/\/www.pressenza.com\/fr\/2021\/03\/senegal-au-dela-de-toute-appartenance-letre-humain-dabord\/"},"author":{"name":"Monde sans Guerres et sans Violence","@id":"https:\/\/www.pressenza.com\/fr\/#\/schema\/person\/03e7b5a0d7b3b980c26f68dc547737a1"},"headline":"S\u00e9n\u00e9gal. Au-del\u00e0 de toute appartenance, l&rsquo;\u00eatre humain d&rsquo;abord","datePublished":"2021-03-11T19:37:58+00:00","dateModified":"2021-04-10T14:23:58+00:00","mainEntityOfPage":{"@id":"https:\/\/www.pressenza.com\/fr\/2021\/03\/senegal-au-dela-de-toute-appartenance-letre-humain-dabord\/"},"wordCount":1056,"publisher":{"@id":"https:\/\/www.pressenza.com\/fr\/#organization"},"image":{"@id":"https:\/\/www.pressenza.com\/fr\/2021\/03\/senegal-au-dela-de-toute-appartenance-letre-humain-dabord\/#primaryimage"},"thumbnailUrl":"https:\/\/www.pressenza.com\/wp-content\/uploads\/2021\/03\/Senegal-crise-etat3.jpeg","keywords":["affrontements","crise d'\u00e9tat","S\u00e9n\u00e9gal","violence"],"articleSection":["Afrique","Contenu Original","Droits humains","Politique"],"inLanguage":"fr-FR"},{"@type":"WebPage","@id":"https:\/\/www.pressenza.com\/fr\/2021\/03\/senegal-au-dela-de-toute-appartenance-letre-humain-dabord\/","url":"https:\/\/www.pressenza.com\/fr\/2021\/03\/senegal-au-dela-de-toute-appartenance-letre-humain-dabord\/","name":"S\u00e9n\u00e9gal. Au-del\u00e0 de toute appartenance, l'\u00eatre humain d'abord","isPartOf":{"@id":"https:\/\/www.pressenza.com\/fr\/#website"},"primaryImageOfPage":{"@id":"https:\/\/www.pressenza.com\/fr\/2021\/03\/senegal-au-dela-de-toute-appartenance-letre-humain-dabord\/#primaryimage"},"image":{"@id":"https:\/\/www.pressenza.com\/fr\/2021\/03\/senegal-au-dela-de-toute-appartenance-letre-humain-dabord\/#primaryimage"},"thumbnailUrl":"https:\/\/www.pressenza.com\/wp-content\/uploads\/2021\/03\/Senegal-crise-etat3.jpeg","datePublished":"2021-03-11T19:37:58+00:00","dateModified":"2021-04-10T14:23:58+00:00","description":"L\u2019actualit\u00e9 socio-politique du S\u00e9n\u00e9gal est marqu\u00e9e par des s\u00e9ries de contestations populaires et r\u00e9currentes, qui sont des manifestations de la crise d\u2019un","breadcrumb":{"@id":"https:\/\/www.pressenza.com\/fr\/2021\/03\/senegal-au-dela-de-toute-appartenance-letre-humain-dabord\/#breadcrumb"},"inLanguage":"fr-FR","potentialAction":[{"@type":"ReadAction","target":["https:\/\/www.pressenza.com\/fr\/2021\/03\/senegal-au-dela-de-toute-appartenance-letre-humain-dabord\/"]}]},{"@type":"ImageObject","inLanguage":"fr-FR","@id":"https:\/\/www.pressenza.com\/fr\/2021\/03\/senegal-au-dela-de-toute-appartenance-letre-humain-dabord\/#primaryimage","url":"https:\/\/www.pressenza.com\/wp-content\/uploads\/2021\/03\/Senegal-crise-etat3.jpeg","contentUrl":"https:\/\/www.pressenza.com\/wp-content\/uploads\/2021\/03\/Senegal-crise-etat3.jpeg","width":750,"height":415},{"@type":"BreadcrumbList","@id":"https:\/\/www.pressenza.com\/fr\/2021\/03\/senegal-au-dela-de-toute-appartenance-letre-humain-dabord\/#breadcrumb","itemListElement":[{"@type":"ListItem","position":1,"name":"Accueil","item":"https:\/\/www.pressenza.com\/fr\/"},{"@type":"ListItem","position":2,"name":"S\u00e9n\u00e9gal. Au-del\u00e0 de toute appartenance, l&rsquo;\u00eatre humain d&rsquo;abord"}]},{"@type":"WebSite","@id":"https:\/\/www.pressenza.com\/fr\/#website","url":"https:\/\/www.pressenza.com\/fr\/","name":"Pressenza","description":"International Press Agency","publisher":{"@id":"https:\/\/www.pressenza.com\/fr\/#organization"},"potentialAction":[{"@type":"SearchAction","target":{"@type":"EntryPoint","urlTemplate":"https:\/\/www.pressenza.com\/fr\/?s={search_term_string}"},"query-input":{"@type":"PropertyValueSpecification","valueRequired":true,"valueName":"search_term_string"}}],"inLanguage":"fr-FR"},{"@type":"Organization","@id":"https:\/\/www.pressenza.com\/fr\/#organization","name":"Pressenza","url":"https:\/\/www.pressenza.com\/fr\/","logo":{"@type":"ImageObject","inLanguage":"fr-FR","@id":"https:\/\/www.pressenza.com\/fr\/#\/schema\/logo\/image\/","url":"https:\/\/www.pressenza.com\/wp-content\/uploads\/2022\/10\/pressenza_logo_200x200.jpg","contentUrl":"https:\/\/www.pressenza.com\/wp-content\/uploads\/2022\/10\/pressenza_logo_200x200.jpg","width":200,"height":200,"caption":"Pressenza"},"image":{"@id":"https:\/\/www.pressenza.com\/fr\/#\/schema\/logo\/image\/"},"sameAs":["https:\/\/www.facebook.com\/PressenzaItalia","https:\/\/x.com\/PressenzaIPA"]},{"@type":"Person","@id":"https:\/\/www.pressenza.com\/fr\/#\/schema\/person\/03e7b5a0d7b3b980c26f68dc547737a1","name":"Monde sans Guerres et sans Violence","description":"Monde sans Guerres et sans Violence est une association \u00e0 but non lucratif qui existe depuis plus de 20 ans. Elle ne per\u00e7oit aucun type de subventions. C\u2019est une organisation avec le statuts \u201cconsultatif sp\u00e9cial\u201d reconnu par le Conseil \u00e9conomique et social des Nations Unies (ECOSOC) https:\/\/en.theworldmarch.org","sameAs":["https:\/\/www.facebook.com\/Monde-sans-Guerres-et-sans-Violence-138884989507069\/?fref=ts","https:\/\/x.com\/MSGySV"],"url":"https:\/\/www.pressenza.com\/fr\/author\/monde-sans-guerres-et-sans-violence\/"}]}},"place":"Saint-Louis, S\u00e9n\u00e9gal","original_article_url":"","_links":{"self":[{"href":"https:\/\/www.pressenza.com\/fr\/wp-json\/wp\/v2\/posts\/1316665","targetHints":{"allow":["GET"]}}],"collection":[{"href":"https:\/\/www.pressenza.com\/fr\/wp-json\/wp\/v2\/posts"}],"about":[{"href":"https:\/\/www.pressenza.com\/fr\/wp-json\/wp\/v2\/types\/post"}],"author":[{"embeddable":true,"href":"https:\/\/www.pressenza.com\/fr\/wp-json\/wp\/v2\/users\/784"}],"replies":[{"embeddable":true,"href":"https:\/\/www.pressenza.com\/fr\/wp-json\/wp\/v2\/comments?post=1316665"}],"version-history":[{"count":0,"href":"https:\/\/www.pressenza.com\/fr\/wp-json\/wp\/v2\/posts\/1316665\/revisions"}],"wp:featuredmedia":[{"embeddable":true,"href":"https:\/\/www.pressenza.com\/fr\/wp-json\/wp\/v2\/media\/1316706"}],"wp:attachment":[{"href":"https:\/\/www.pressenza.com\/fr\/wp-json\/wp\/v2\/media?parent=1316665"}],"wp:term":[{"taxonomy":"category","embeddable":true,"href":"https:\/\/www.pressenza.com\/fr\/wp-json\/wp\/v2\/categories?post=1316665"},{"taxonomy":"post_tag","embeddable":true,"href":"https:\/\/www.pressenza.com\/fr\/wp-json\/wp\/v2\/tags?post=1316665"}],"curies":[{"name":"wp","href":"https:\/\/api.w.org\/{rel}","templated":true}]}}