{"id":1307188,"date":"2021-03-01T07:24:13","date_gmt":"2021-03-01T07:24:13","guid":{"rendered":"https:\/\/www.pressenza.com\/?p=1307188"},"modified":"2021-03-01T07:24:13","modified_gmt":"2021-03-01T07:24:13","slug":"la-politique-de-la-sante-et-la-souverainete-du-peuple","status":"publish","type":"post","link":"https:\/\/www.pressenza.com\/fr\/2021\/03\/la-politique-de-la-sante-et-la-souverainete-du-peuple\/","title":{"rendered":"La politique de la sant\u00e9 et la souverainet\u00e9 du peuple"},"content":{"rendered":"<blockquote><p>Au nom de la s\u00e9curit\u00e9 sanitaire \u00ab\u00a0nationale\u00a0\u00bb, les groupes dominants ont pris des mesures contraires \u00e0 l&rsquo;objectif qu&rsquo;ils ont tant vant\u00e9 \u00ab\u00a0personne ne sera laiss\u00e9 pour compte\u00a0\u00bb. En r\u00e9alit\u00e9, le \u00ab\u00a0nationalisme vaccinal\u00a0\u00bb est un bon alibi, derri\u00e8re lequel agissent des oligarchies multinationales, mondiales, tr\u00e8s puissantes en termes \u00e9conomiques, industriels et financiers.<\/p><\/blockquote>\n<h3>L&rsquo;injustice l&#8217;emporte<\/h3>\n<p>Avant m\u00eame la commercialisation des vaccins dont les autorit\u00e9s m\u00e9dicales comp\u00e9tentes ont accord\u00e9 le droit exclusif de propri\u00e9t\u00e9 et d&rsquo;utilisation pendant 20 ans \u00e0 des entreprises priv\u00e9es poursuivant un but lucratif, les pouvoirs publics ont admis qu&rsquo;\u00e0 la fin de 2021, entre 70 et 80 % de la population mondiale resteraient en dehors de la vaccination. Le secr\u00e9taire g\u00e9n\u00e9ral des Nations unies, Antonio Guterres, a confirm\u00e9 le 17 f\u00e9vrier que 75 % de tous les vaccins disponibles n&rsquo;ont \u00e9t\u00e9 utilis\u00e9s que par 10 pays et 130 pays n&rsquo;ont pas re\u00e7u une seule dose de vaccin \u00e0 ce jour. Si tout va bien, ce qui n&rsquo;est pas garanti, il faudra attendre la fin de 2024 pour esp\u00e9rer que la population mondiale atteigne le minimum d&rsquo;immunit\u00e9 collective de s\u00e9curit\u00e9. En attendant, des dizaines de millions d&rsquo;\u00eatres humains auront disparus pr\u00e9matur\u00e9ment avec la b\u00e9n\u00e9diction des actionnaires des entreprises pharmaceutiques. En outre, quelques centaines de millions de personnes suppl\u00e9mentaires seront all\u00e9es gonfler l&rsquo;arm\u00e9e des appauvris et des travailleurs pauvres. Enfin, les vingt premiers milliardaires du monde auront vu leur richesse augmenter de plusieurs dizaines de milliards. (1)<\/p>\n<h3>La souverainet\u00e9 du peuple dans tout cela ?<\/h3>\n<p>Depuis les ann\u00e9es 70 et 80, parmi les processus les plus significatifs de d\u00e9molition de la d\u00e9mocratie, nous pouvons inclure, en plus de la traditionnelle opposition \u00e0 la d\u00e9mocratie des forces politiques et sociales conservatrices et r\u00e9actionnaires de la droite et de l&rsquo;extr\u00eame droite :<\/p>\n<ul>\n<li>l&rsquo;anti\u00e9tatisme li\u00e9, entre autres, \u00e0 l&rsquo;anticommunisme d&rsquo;importantes franges de mouvements associatifs, m\u00eame progressistes ;<\/li>\n<li>l&rsquo;int\u00e9r\u00eat pour \u00ab\u00a0les co\u00fbts de la politique\u00a0\u00bb. Au nom de l&rsquo;efficacit\u00e9 et de la r\u00e9duction des imp\u00f4ts directs, toute forme de choix politique a \u00e9t\u00e9 r\u00e9duite \u00e0 une question de gestion optimale des ressources limit\u00e9es disponibles et de r\u00e9duction des d\u00e9penses publiques (\u00e0 l&rsquo;exception des d\u00e9penses militaires) ;<\/li>\n<li>la promotion de la \u00ab\u00a0troisi\u00e8me voie\u00a0\u00bb au nom de \u00ab\u00a0au-del\u00e0 de l&rsquo;\u00c9tat et du march\u00e9\u00a0\u00bb. C&rsquo;est ce qui s&rsquo;est av\u00e9r\u00e9 \u00eatre en r\u00e9alit\u00e9, \u00e0 savoir \u00ab\u00a0beaucoup moins d&rsquo;\u00c9tat\u00a0\u00bb et \u00ab\u00a0beaucoup plus de march\u00e9\u00a0\u00bb. La \u00ab\u00a0troisi\u00e8me voie\u00a0\u00bb a \u00e9t\u00e9 le cheval de Troie par lequel la classe politique qui avait \u00e9t\u00e9 \u00e9lue pour promouvoir et d\u00e9fendre les droits universels, la justice sociale, les classes sociales les plus exploit\u00e9es et les plus marginalis\u00e9es, la lib\u00e9ration des abus des puissants, la paix (disons, pour simplifier, la social-d\u00e9mocratie occidentale) a litt\u00e9ralement abdiqu\u00e9, en se soumettant aux imp\u00e9ratifs de la mondialisation \u00e9conomique, efficiente, extractive et d\u00e9vastatrice de la nature et de la soci\u00e9t\u00e9. Des gens comme Blair et de nombreux autres dirigeants comme lui en Europe et ailleurs (sans parler des \u00ab\u00a0progressistes\u00a0\u00bb am\u00e9ricains qui pr\u00eachent le culte de la transition&#8230;) portent une grande responsabilit\u00e9 historique dans ce qui s&rsquo;est pass\u00e9 au cours des 40 derni\u00e8res ann\u00e9es.<\/li>\n<\/ul>\n<p>Je fais sp\u00e9cifiquement r\u00e9f\u00e9rence aux \u00ab\u00a0vagues mondiales\u00a0\u00bb de lib\u00e9ralisation, de d\u00e9r\u00e9glementation et de privatisation de toute forme d&rsquo;activit\u00e9 \u00e9conomique et en particulier de tout bien et service auparavant commun et public. Nous avons donc assist\u00e9 au remplacement de l&rsquo;\u00c9tat de droit, du gouvernement social et d\u00e9mocratique par un syst\u00e8me appel\u00e9 \u00ab\u00a0gouvernance \u00e9conomique mondiale\u00a0\u00bb, bas\u00e9 sur la concurrence\/exclusion, les \u00e9changes\/n\u00e9gociations\/conflits entre les parties prenantes. C&rsquo;est la fameuse \u00ab\u00a0gouvernance des porteurs d\u2019int\u00e9r\u00eat (les \u00ab <em>stakeholders<\/em> \u00bb) bas\u00e9e sur la marchandisation de tout bien essentiel et irrempla\u00e7able pour la vie ; sur la marginalisation des droits humains et sociaux ; sur la privatisation du pouvoir politique, comme le d\u00e9montre la puissance imp\u00e9riale des grands groupes \u00e9conomiques priv\u00e9s du monde tels que les GAFAM (Google-Apple-Facebook-Amazon-Microsoft), les Big Pharma,\u2026..<\/p>\n<p>Ces vagues ont \u00e9t\u00e9 facilit\u00e9es, sinon \u00ab\u00a0justifi\u00e9es\u00a0\u00bb selon les dominants, par la scientifisation et la technologisation croissantes de la vie, de plus en plus dissoci\u00e9es des valeurs du constitutionnalisme politique social-d\u00e9mocrate selon le mod\u00e8le scandinave.<\/p>\n<p>La domination des soi-disant \u00ab\u00a0raisons\u00a0\u00bb de la science et de la technologie en faveur d&rsquo;une utilisation mystifiante et utilitaire de la technoscience a jou\u00e9 un r\u00f4le pr\u00e9pond\u00e9rant dans les processus mentionn\u00e9s. Par deux modalit\u00e9s cl\u00e9. D&rsquo;une part, en permettant de balayer les limites temporelles (\u00ab\u00a0l&rsquo;\u00e9conomie instantan\u00e9e\u00a0\u00bb, les nanotechnologies, la finance au millioni\u00e8me de seconde&#8230;) et spatiales (les fronti\u00e8res biologiques entre les esp\u00e8ces ont saut\u00e9, \u00ab\u00a0l&rsquo;\u00e9conomie sans fronti\u00e8res\u00a0\u00bb). D&rsquo;autre part, pousser les pouvoirs publics locaux (nationaux) \u00e0 transf\u00e9rer le pouvoir de propri\u00e9t\u00e9, d&rsquo;utilisation et de contr\u00f4le et, par cons\u00e9quent, de r\u00e9gulation de la vie sur Terre, aux producteurs de nouveaux syst\u00e8mes et services \u00e0 forte intensit\u00e9 technologique organis\u00e9s au niveau mondial.<\/p>\n<h3>L&rsquo;\u00e9vaporation de la souverainet\u00e9 du peuple<\/h3>\n<p>Dans ce contexte, le r\u00f4le d\u00e9cisif des brevets sur les \u00eatres vivants et l&rsquo;intelligence artificielle accord\u00e9s \u00e0 des sujets priv\u00e9s dans un but lucratif appara\u00eet clairement. Les brevets sont la plus haute expression, avec la capitalisation boursi\u00e8re des entreprises, de la primaut\u00e9 du droit des int\u00e9r\u00eats priv\u00e9s \u00e0 gouverner le monde.<\/p>\n<p>Les brevets (industriels, commerciaux&#8230;), comme les droits d&rsquo;auteur, existent depuis longtemps. Mais les brevets sur les organismes vivants (cellules, mol\u00e9cules, g\u00e9nomes&#8230;. du monde v\u00e9g\u00e9tal, animal et humain) sont r\u00e9cents. Ils remontent \u00e0 1980, lorsque la Cour supr\u00eame des \u00c9tats-Unis a autoris\u00e9, pour la premi\u00e8re fois dans l&rsquo;histoire, une entreprise (la soci\u00e9t\u00e9 General Electric) \u00e0 breveter \u00e0 des fins lucratives une mol\u00e9cule qu&rsquo;elle avait \u00ab\u00a0d\u00e9couverte\u00a0\u00bb et qui pouvait promouvoir une action positive sur l&rsquo;environnement. Pour des \u00ab\u00a0raisons\u00a0\u00bb purement commerciales et \u00e9conomiques, l&rsquo;Union europ\u00e9enne a adopt\u00e9 en 1998 une directive sur la brevetabilit\u00e9 du vivant, \u00e0 l&rsquo;instar de celle des \u00c9tats-Unis, malgr\u00e9 la forte opposition de nombreux milieux scientifiques, politiques, culturels, sociaux, humains et religieux importants. Depuis lors, le fleuve des brevets (plus de 110 000 au total sur le vivant et l&rsquo;intelligence artificielle) a d\u00e9bord\u00e9 de toutes parts favorisant une appropriation priv\u00e9e rapide et g\u00e9n\u00e9ralis\u00e9e de la propri\u00e9t\u00e9 et de la gouvernance du vivant par les d\u00e9tenteurs de brevets (la grande majorit\u00e9 \u00e9tant constitu\u00e9e de soci\u00e9t\u00e9s priv\u00e9es \u00ab\u00a0mondiales\u00a0\u00bb).<\/p>\n<p>Le cas des brevets sur les vaccins anti-Covid19 est une confirmation malheureusement dramatique de l&rsquo;\u00e9vaporation de la souverainet\u00e9 du peuple. A trois niveaux.<\/p>\n<p><strong><em>Le niveau d\u00e9cisionnel<\/em><\/strong>. Il est rare que les institutions parlementaires nationales aient particip\u00e9 directement et de mani\u00e8re significative aux d\u00e9cisions relatives \u00e0 la promotion et au financement de la recherche et du d\u00e9veloppement des m\u00e9dicaments et \u00e0 leur production (par qui, o\u00f9, combien de doses, comment financer&#8230;). Tout a \u00e9t\u00e9 d\u00e9cid\u00e9 par des comit\u00e9s \u00ab\u00a0techniques\u00a0\u00bb, souvent mixtes (public et priv\u00e9), domin\u00e9s par des repr\u00e9sentants de l&rsquo;industrie pharmaceutique et du monde de la finance. Dans ce contexte, les scientifiques ont agi comme des serviteurs et les gouvernements comme des notaires de soutien, adoptant la l\u00e9gislation par des d\u00e9crets gouvernementaux, r\u00e9duisant ainsi le r\u00f4le des institutions parlementaires \u00e0 peu de choses, voire \u00e0 rien.<\/p>\n<p><strong><em>Le niveau de partage des connaissances et des informations<\/em><\/strong>. Non seulement les gens n&rsquo;ont pas particip\u00e9, mais ils ont \u00e9t\u00e9 syst\u00e9matiquement ignor\u00e9s et maintenus dans l&rsquo;ignorance. Le Parlement europ\u00e9en a d\u00fb taper du poing sur la table pour obtenir l&rsquo;acc\u00e8s aux contrats\/accords sign\u00e9s avec une poign\u00e9e de soci\u00e9t\u00e9s pharmaceutiques mondiales par les autorit\u00e9s publiques europ\u00e9ennes, au nom de 650 millions de citoyens. Et quand ils ont obtenu l&rsquo;acc\u00e8s au contrat avec Astra Zeneca (une multinationale anglo-su\u00e9doise), le texte a \u00e9t\u00e9 dissimul\u00e9, 90% du contrat rendu illisible. Le Parlement europ\u00e9en a \u00e9t\u00e9 ridiculis\u00e9 et la Commission est responsable de ce ridicule. Un scandale. La Commission europ\u00e9enne a fait valoir l&rsquo;obligation de secret impos\u00e9e par les entreprises et accept\u00e9e par les pouvoirs publics. Mais comment des repr\u00e9sentants nomm\u00e9s par les \u00e9lus du peuple peuvent-ils accorder le droit au secret aux entreprises et, d&rsquo;autre part, refuser l&rsquo;acc\u00e8s \u00e0 l&rsquo;information au peuple qui est \u00e0 la source de leur pouvoir ? Ce qui est encore plus grave, c&rsquo;est que ni les citoyens europ\u00e9ens ni la majorit\u00e9 des d\u00e9put\u00e9s europ\u00e9ens ne se sont battus pour d\u00e9fendre jusqu\u2019au bout le sacro-saint droit des peuples \u00e0 l&rsquo;information et \u00e0 la d\u00e9mocratie. (2)<\/p>\n<p>Nous ne savons toujours pas combien de milliards d&rsquo;euros ont \u00e9t\u00e9 accord\u00e9s aux entreprises priv\u00e9es par les pouvoirs publics. Certains chiffres parlent m\u00eame de 93 milliards. Ce que l&rsquo;on sait, c&rsquo;est qu&rsquo;aucune entreprise pharmaceutique occidentale n&rsquo;aurait commenc\u00e9 le d\u00e9veloppement et la production de vaccins s&rsquo;il n&rsquo;y avait pas eu de pouvoirs publics pour les financer. Le refus de partager les connaissances et de donner des informations pertinentes au peuple par l&rsquo;interm\u00e9diaire de ses repr\u00e9sentants est un acte de violence explicite fait au droit \u00e0 la connaissance. Comment le peuple, comment les citoyens peuvent-ils agir en toute libert\u00e9 et conscience s&rsquo;ils sont maintenus dans l&rsquo;ignorance ? Sur la base de quel principe de l\u00e9gitimit\u00e9 les gouvernements continuent-ils \u00e0 pr\u00e9tendre qu&rsquo;ils ne peuvent pas donner les informations pertinentes aux citoyens ?<\/p>\n<p>Dans un monde de plus en plus scientifique et technologique, le droit \u00e0 des connaissances pertinentes est tout aussi fondamental que le droit \u00e0 l&rsquo;eau potable et \u00e0 l&rsquo;air. Le choix fait par nos dirigeants est extr\u00eamement grave, d&rsquo;autant plus qu&rsquo;ils pr\u00e9tendent depuis longtemps que les gouvernements d\u00e9cident de la sant\u00e9 publique sur la base de ce que disent les scientifiques. Ce faisant, ils inculquent une conception de la politique, non seulement dans le domaine de la sant\u00e9 mais aussi dans celui de l&rsquo;\u00e9conomie en g\u00e9n\u00e9ral, o\u00f9 la principale \u00ab\u00a0raison\u00a0\u00bb d\u00e9terminant les choix politiques est la \u00ab\u00a0raison\u00a0\u00bb d&rsquo;un savoir non partag\u00e9, secret, r\u00e9serv\u00e9 aux initi\u00e9s (technocrates). Un savoir incompr\u00e9hensible pour presque toute la population mondiale et, de facto, le monopole imprenable des grands seigneurs de la technocratie financi\u00e8re. En d&rsquo;autres termes, les dirigeants admettent que la majorit\u00e9 des \u00eatres humains sont ignorants et doivent le rester, et que, comme dans le pass\u00e9 ils devaient essentiellement ob\u00e9ir \u00e0 la volont\u00e9 et aux raisons de Dieu, ils doivent aujourd&rsquo;hui ob\u00e9ir aux raisons de la science et de la technologie.<\/p>\n<p><em><strong>Le niveau de responsabilit\u00e9<\/strong><\/em>. Selon les entreprises priv\u00e9es, les autorit\u00e9s publiques ont accept\u00e9 que les entreprises ne soient pas tenues responsables des cons\u00e9quences n\u00e9gatives des vaccins et des \u00ab\u00a0accidents\u00a0\u00bb impr\u00e9visibles. Les \u00c9tats ont d\u00e9cid\u00e9 de prendre en charge une telle responsabilit\u00e9 ! Les peuples n&rsquo;ont m\u00eame pas \u00e9t\u00e9 avertis. Non seulement les personnes ne sont pas mises en mesure de participer aux d\u00e9cisions et d&rsquo;assumer leurs responsabilit\u00e9s en cons\u00e9quence, mais elles se voient confier de graves responsabilit\u00e9s \u00e0 leur insu et sans recours. La moquerie de la souverainet\u00e9 du peuple, faite au nom du r\u00e9gime actuel des brevets, ne pourrait pas \u00eatre plus d\u00e9courageante.<\/p>\n<h3>Une seule proposition. Adieu \u00e0 la souverainet\u00e9 du peuple ? Non.<\/h3>\n<p>Les groupes sociaux dominants dans les pays les plus puissants affirment que leurs d\u00e9cisions sont dict\u00e9es par des raisons scientifiques et techniques. La science, disent-ils, et avec elle la technologie, dicte les choix politiques. Ils pr\u00e9tendent que la souverainet\u00e9 du peuple appartient au peuple mais qu&rsquo;elle s&rsquo;exprime \u00e0 travers la classe des scientifiques et des technologues, en pratique \u00e0 travers la classe de leurs financiers et des <em>stakeholders<\/em>. Assurer le bon fonctionnement et la p\u00e9rennit\u00e9 de ce syst\u00e8me est la fonction des brevets r\u00e9glement\u00e9s par les trait\u00e9s ADPIC de l&rsquo;OMC. Le pouvoir de la science n&rsquo;est pas ouvert, transparent, partageable. Il est de plus en plus centralis\u00e9 et exclusif.<\/p>\n<p>Nous sommes confront\u00e9s \u00e0 un massacre de la d\u00e9mocratie. Bien entendu, les vaccins et les m\u00e9dicaments ne sont pas con\u00e7us ou fabriqu\u00e9s dans les salles parlementaires ou les bureaux minist\u00e9riels. Mais la politique de la science, de la sant\u00e9, oui. Cela ne se fait pas et ne devrait pas se faire dans les clubs de <em>stakeholders<\/em> au Forum \u00e9conomique mondial, dans les Bourses et dans les bureaux des actionnaires des soci\u00e9t\u00e9s pharmaceutiques et de l&rsquo;industrie du vivant, mais dans les \u00ab\u00a0maisons des citoyens\u00a0\u00bb, dans les d\u00e9bats publics ouverts, dans les comit\u00e9s de repr\u00e9sentants \u00e9lus du peuple, dans les r\u00e9f\u00e9rendums et les consultations populaires, les institutions d&rsquo;autogestion.<\/p>\n<p>Notre proposition est la suivante : la lutte contre la pand\u00e9mie de Covid19 et d&rsquo;autres maladies end\u00e9miques pour le droit universel \u00e0 la sant\u00e9, et en particulier pour l&rsquo;abolition des brevets, doit s&rsquo;inscrire dans une lutte claire et coh\u00e9rente, \u00e0 tous les niveaux, pour la lib\u00e9ration de l&rsquo;humanit\u00e9 et de la vie de la domination de la finance priv\u00e9e et de la technocratie asservissante aux mains des oligarchies mondiales. Leur domination est aliment\u00e9e et renforc\u00e9e par les processus de concentration de l&rsquo;appropriation priv\u00e9e du pouvoir scientifique et technologique (justement les brevets, entre autres outils). L&rsquo;heure n&rsquo;est pas \u00e0 la transition (\u00e9cologique, \u00e9nerg\u00e9tique, digitale ou autre) selon les r\u00e8gles du syst\u00e8me en place, mais \u00e0 la lib\u00e9ration de l&rsquo;humanit\u00e9 des \u00ab\u00a0seigneurs de la vie\u00a0\u00bb, et de leurs nouvelles formes de colonisation du monde, qui sont \u00e0 l&rsquo;origine des m\u00e9ga bouleversements et des crises actuelles.<\/p>\n<p>&nbsp;<\/p>\n<p><em>(1) <a href=\"https:\/\/europa.today.it\/attualita\/2020-anno-meraviglioso-uomini-ricchi.html\">https:\/\/europa.today.it\/attualita\/2020-anno-meraviglioso-uomini-ricchi.html<\/a>. Ensemble, les 20 personnes les plus riches du monde ont gagn\u00e9 environ 1,77 trillion de dollars, soit 1 440 milliards d&rsquo;euros de plus qu&rsquo;en 2019, et ont augment\u00e9 leur richesse de 24 % par rapport \u00e0 l&rsquo;ann\u00e9e pr\u00e9c\u00e9dente. 13 pays seulement dans le monde ont un PIB sup\u00e9rieur \u00e0 la richesse personnelle des 20 milliardaires les plus riches. Intol\u00e9rable. En haut de la liste, Jeff Bezos, 56 ans, le chef de Amazon, se vante d&rsquo;une valeur nette personnelle de 193,7 milliards de dollars en 2020, soit une hausse de 68,7 % par rapport \u00e0 2019. Seuls 52 pays dans le monde (sur pr\u00e8s de 190) enregistrent un PIB plus \u00e9lev\u00e9.<\/em><\/p>\n<p><em>(2) Le 18 f\u00e9vrier, gr\u00e2ce \u00e0 une fuite d&rsquo;une source inconnue, le programme t\u00e9l\u00e9vis\u00e9 Report a pu consulter le contrat avec Astra Zeneca sans suppression ni dissimulation. Cela a confirm\u00e9 la nette subordination des pouvoirs publics aux int\u00e9r\u00eats des entreprises. Voir <a href=\"https:\/\/www.rai.it\/programmi\/report\/news\/2021\/02\/Esclusiva-Report-Svelati-gli-omissis-del-contratto-AstraZeneca-5ba52de9-8612-49b2-86a0-bbecf0ba3640.html\">https:\/\/www.rai.it\/programmi\/report\/news\/2021\/02\/Esclusiva-Report-Svelati-gli-omissis-del-contratto-AstraZeneca-5ba52de9-8612-49b2-86a0-bbecf0ba3640.html<\/a><\/em><\/p>\n","protected":false},"excerpt":{"rendered":"<p>Au nom de la s\u00e9curit\u00e9 sanitaire \u00ab\u00a0nationale\u00a0\u00bb, les groupes dominants ont pris des mesures contraires \u00e0 l&rsquo;objectif qu&rsquo;ils ont tant vant\u00e9 \u00ab\u00a0personne ne sera laiss\u00e9 pour compte\u00a0\u00bb. En r\u00e9alit\u00e9, le \u00ab\u00a0nationalisme vaccinal\u00a0\u00bb est un bon alibi, derri\u00e8re lequel agissent des&hellip;<\/p>\n","protected":false},"author":1266,"featured_media":1058946,"comment_status":"closed","ping_status":"closed","sticky":false,"template":"","format":"standard","meta":{"footnotes":""},"categories":[11386,93],"tags":[8989,72182,2687,7178],"class_list":["post-1307188","post","type-post","status-publish","format-standard","has-post-thumbnail","hentry","category-contenu-original","category-politique","tag-brevets","tag-covid-19-fr","tag-sante-publique","tag-vaccin"],"yoast_head":"<!-- This site is optimized with the Yoast SEO plugin v27.1.1 - https:\/\/yoast.com\/product\/yoast-seo-wordpress\/ -->\n<title>La politique de la sant\u00e9 et la souverainet\u00e9 du peuple<\/title>\n<meta name=\"description\" content=\"Au nom de la s\u00e9curit\u00e9 sanitaire &quot;nationale&quot;, les groupes dominants ont pris des mesures contraires \u00e0 l&#039;objectif qu&#039;ils ont tant vant\u00e9 &quot;personne ne sera\" \/>\n<meta name=\"robots\" content=\"index, follow, max-snippet:-1, max-image-preview:large, max-video-preview:-1\" \/>\n<link rel=\"canonical\" href=\"https:\/\/www.pressenza.com\/fr\/2021\/03\/la-politique-de-la-sante-et-la-souverainete-du-peuple\/\" \/>\n<meta property=\"og:locale\" content=\"fr_FR\" \/>\n<meta property=\"og:type\" content=\"article\" \/>\n<meta property=\"og:title\" content=\"La politique de la sant\u00e9 et la souverainet\u00e9 du peuple\" \/>\n<meta property=\"og:description\" content=\"Au nom de la s\u00e9curit\u00e9 sanitaire &quot;nationale&quot;, les groupes dominants ont pris des mesures contraires \u00e0 l&#039;objectif qu&#039;ils ont tant vant\u00e9 &quot;personne ne sera\" \/>\n<meta property=\"og:url\" content=\"https:\/\/www.pressenza.com\/fr\/2021\/03\/la-politique-de-la-sante-et-la-souverainete-du-peuple\/\" \/>\n<meta property=\"og:site_name\" content=\"Pressenza\" \/>\n<meta property=\"article:publisher\" content=\"https:\/\/www.facebook.com\/PressenzaItalia\" \/>\n<meta property=\"article:published_time\" content=\"2021-03-01T07:24:13+00:00\" \/>\n<meta property=\"og:image\" content=\"https:\/\/www.pressenza.com\/wp-content\/uploads\/2020\/03\/Istituto-Superiore-Sanit\u00e0-coronavirus.jpg\" \/>\n\t<meta property=\"og:image:width\" content=\"1000\" \/>\n\t<meta property=\"og:image:height\" content=\"667\" \/>\n\t<meta property=\"og:image:type\" content=\"image\/jpeg\" \/>\n<meta name=\"author\" content=\"Riccardo Petrella\" \/>\n<meta name=\"twitter:card\" content=\"summary_large_image\" \/>\n<meta name=\"twitter:creator\" content=\"@PressenzaIPA\" \/>\n<meta name=\"twitter:site\" content=\"@PressenzaIPA\" \/>\n<meta name=\"twitter:label1\" content=\"\u00c9crit par\" \/>\n\t<meta name=\"twitter:data1\" content=\"Riccardo Petrella\" \/>\n\t<meta name=\"twitter:label2\" content=\"Dur\u00e9e de lecture estim\u00e9e\" \/>\n\t<meta name=\"twitter:data2\" content=\"12 minutes\" \/>\n<script type=\"application\/ld+json\" class=\"yoast-schema-graph\">{\"@context\":\"https:\/\/schema.org\",\"@graph\":[{\"@type\":\"Article\",\"@id\":\"https:\/\/www.pressenza.com\/fr\/2021\/03\/la-politique-de-la-sante-et-la-souverainete-du-peuple\/#article\",\"isPartOf\":{\"@id\":\"https:\/\/www.pressenza.com\/fr\/2021\/03\/la-politique-de-la-sante-et-la-souverainete-du-peuple\/\"},\"author\":{\"name\":\"Riccardo Petrella\",\"@id\":\"https:\/\/www.pressenza.com\/fr\/#\/schema\/person\/16ea2ff52e7bdf783c1b5242860fab9e\"},\"headline\":\"La politique de la sant\u00e9 et la souverainet\u00e9 du peuple\",\"datePublished\":\"2021-03-01T07:24:13+00:00\",\"mainEntityOfPage\":{\"@id\":\"https:\/\/www.pressenza.com\/fr\/2021\/03\/la-politique-de-la-sante-et-la-souverainete-du-peuple\/\"},\"wordCount\":2537,\"publisher\":{\"@id\":\"https:\/\/www.pressenza.com\/fr\/#organization\"},\"image\":{\"@id\":\"https:\/\/www.pressenza.com\/fr\/2021\/03\/la-politique-de-la-sante-et-la-souverainete-du-peuple\/#primaryimage\"},\"thumbnailUrl\":\"https:\/\/www.pressenza.com\/wp-content\/uploads\/2020\/03\/Istituto-Superiore-Sanit\u00e0-coronavirus.jpg\",\"keywords\":[\"brevets\",\"COVID-19\",\"sant\u00e9 publique\",\"vaccin\"],\"articleSection\":[\"Contenu Original\",\"Politique\"],\"inLanguage\":\"fr-FR\"},{\"@type\":\"WebPage\",\"@id\":\"https:\/\/www.pressenza.com\/fr\/2021\/03\/la-politique-de-la-sante-et-la-souverainete-du-peuple\/\",\"url\":\"https:\/\/www.pressenza.com\/fr\/2021\/03\/la-politique-de-la-sante-et-la-souverainete-du-peuple\/\",\"name\":\"La politique de la sant\u00e9 et la souverainet\u00e9 du peuple\",\"isPartOf\":{\"@id\":\"https:\/\/www.pressenza.com\/fr\/#website\"},\"primaryImageOfPage\":{\"@id\":\"https:\/\/www.pressenza.com\/fr\/2021\/03\/la-politique-de-la-sante-et-la-souverainete-du-peuple\/#primaryimage\"},\"image\":{\"@id\":\"https:\/\/www.pressenza.com\/fr\/2021\/03\/la-politique-de-la-sante-et-la-souverainete-du-peuple\/#primaryimage\"},\"thumbnailUrl\":\"https:\/\/www.pressenza.com\/wp-content\/uploads\/2020\/03\/Istituto-Superiore-Sanit\u00e0-coronavirus.jpg\",\"datePublished\":\"2021-03-01T07:24:13+00:00\",\"description\":\"Au nom de la s\u00e9curit\u00e9 sanitaire \\\"nationale\\\", les groupes dominants ont pris des mesures contraires \u00e0 l'objectif qu'ils ont tant vant\u00e9 \\\"personne ne sera\",\"breadcrumb\":{\"@id\":\"https:\/\/www.pressenza.com\/fr\/2021\/03\/la-politique-de-la-sante-et-la-souverainete-du-peuple\/#breadcrumb\"},\"inLanguage\":\"fr-FR\",\"potentialAction\":[{\"@type\":\"ReadAction\",\"target\":[\"https:\/\/www.pressenza.com\/fr\/2021\/03\/la-politique-de-la-sante-et-la-souverainete-du-peuple\/\"]}]},{\"@type\":\"ImageObject\",\"inLanguage\":\"fr-FR\",\"@id\":\"https:\/\/www.pressenza.com\/fr\/2021\/03\/la-politique-de-la-sante-et-la-souverainete-du-peuple\/#primaryimage\",\"url\":\"https:\/\/www.pressenza.com\/wp-content\/uploads\/2020\/03\/Istituto-Superiore-Sanit\u00e0-coronavirus.jpg\",\"contentUrl\":\"https:\/\/www.pressenza.com\/wp-content\/uploads\/2020\/03\/Istituto-Superiore-Sanit\u00e0-coronavirus.jpg\",\"width\":1000,\"height\":667,\"caption\":\"Istituto-Superiore-Sanit\u00e0-coronavirus\"},{\"@type\":\"BreadcrumbList\",\"@id\":\"https:\/\/www.pressenza.com\/fr\/2021\/03\/la-politique-de-la-sante-et-la-souverainete-du-peuple\/#breadcrumb\",\"itemListElement\":[{\"@type\":\"ListItem\",\"position\":1,\"name\":\"Accueil\",\"item\":\"https:\/\/www.pressenza.com\/fr\/\"},{\"@type\":\"ListItem\",\"position\":2,\"name\":\"La politique de la sant\u00e9 et la souverainet\u00e9 du peuple\"}]},{\"@type\":\"WebSite\",\"@id\":\"https:\/\/www.pressenza.com\/fr\/#website\",\"url\":\"https:\/\/www.pressenza.com\/fr\/\",\"name\":\"Pressenza\",\"description\":\"International Press Agency\",\"publisher\":{\"@id\":\"https:\/\/www.pressenza.com\/fr\/#organization\"},\"potentialAction\":[{\"@type\":\"SearchAction\",\"target\":{\"@type\":\"EntryPoint\",\"urlTemplate\":\"https:\/\/www.pressenza.com\/fr\/?s={search_term_string}\"},\"query-input\":{\"@type\":\"PropertyValueSpecification\",\"valueRequired\":true,\"valueName\":\"search_term_string\"}}],\"inLanguage\":\"fr-FR\"},{\"@type\":\"Organization\",\"@id\":\"https:\/\/www.pressenza.com\/fr\/#organization\",\"name\":\"Pressenza\",\"url\":\"https:\/\/www.pressenza.com\/fr\/\",\"logo\":{\"@type\":\"ImageObject\",\"inLanguage\":\"fr-FR\",\"@id\":\"https:\/\/www.pressenza.com\/fr\/#\/schema\/logo\/image\/\",\"url\":\"https:\/\/www.pressenza.com\/wp-content\/uploads\/2022\/10\/pressenza_logo_200x200.jpg\",\"contentUrl\":\"https:\/\/www.pressenza.com\/wp-content\/uploads\/2022\/10\/pressenza_logo_200x200.jpg\",\"width\":200,\"height\":200,\"caption\":\"Pressenza\"},\"image\":{\"@id\":\"https:\/\/www.pressenza.com\/fr\/#\/schema\/logo\/image\/\"},\"sameAs\":[\"https:\/\/www.facebook.com\/PressenzaItalia\",\"https:\/\/x.com\/PressenzaIPA\"]},{\"@type\":\"Person\",\"@id\":\"https:\/\/www.pressenza.com\/fr\/#\/schema\/person\/16ea2ff52e7bdf783c1b5242860fab9e\",\"name\":\"Riccardo Petrella\",\"description\":\"Doctor of Political and Social Sciences, honorary degree from eight universities: in Sweden, Denmark, Belgium (x2), Canada, France (x2), Argentina. Professor emeritus of the Catholic University of Louvain (Belgium); President of the Institut Europeen de Recherche sur la Politique de l'Eau (IERPE) in Brussels (www.ierpe.eu); President of the \\\"University of the Common Good\\\" (UBC), a non-profit association active in Antwerp (Belgium) and Sezano (VR-Italy) From 1978 to 1994 he headed the department FAST, Forecasting and Assessment in Science and Technology at the Commission of the European Communities in Brussels and in 2005-2006 he was President of the Apulian Aqueduct. He is the author of numerous books on economics and common goods.\",\"url\":\"https:\/\/www.pressenza.com\/fr\/author\/riccardo-petrella\/\"}]}<\/script>\n<!-- \/ Yoast SEO plugin. -->","yoast_head_json":{"title":"La politique de la sant\u00e9 et la souverainet\u00e9 du peuple","description":"Au nom de la s\u00e9curit\u00e9 sanitaire \"nationale\", les groupes dominants ont pris des mesures contraires \u00e0 l'objectif qu'ils ont tant vant\u00e9 \"personne ne sera","robots":{"index":"index","follow":"follow","max-snippet":"max-snippet:-1","max-image-preview":"max-image-preview:large","max-video-preview":"max-video-preview:-1"},"canonical":"https:\/\/www.pressenza.com\/fr\/2021\/03\/la-politique-de-la-sante-et-la-souverainete-du-peuple\/","og_locale":"fr_FR","og_type":"article","og_title":"La politique de la sant\u00e9 et la souverainet\u00e9 du peuple","og_description":"Au nom de la s\u00e9curit\u00e9 sanitaire \"nationale\", les groupes dominants ont pris des mesures contraires \u00e0 l'objectif qu'ils ont tant vant\u00e9 \"personne ne sera","og_url":"https:\/\/www.pressenza.com\/fr\/2021\/03\/la-politique-de-la-sante-et-la-souverainete-du-peuple\/","og_site_name":"Pressenza","article_publisher":"https:\/\/www.facebook.com\/PressenzaItalia","article_published_time":"2021-03-01T07:24:13+00:00","og_image":[{"width":1000,"height":667,"url":"https:\/\/www.pressenza.com\/wp-content\/uploads\/2020\/03\/Istituto-Superiore-Sanit\u00e0-coronavirus.jpg","type":"image\/jpeg"}],"author":"Riccardo Petrella","twitter_card":"summary_large_image","twitter_creator":"@PressenzaIPA","twitter_site":"@PressenzaIPA","twitter_misc":{"\u00c9crit par":"Riccardo Petrella","Dur\u00e9e de lecture estim\u00e9e":"12 minutes"},"schema":{"@context":"https:\/\/schema.org","@graph":[{"@type":"Article","@id":"https:\/\/www.pressenza.com\/fr\/2021\/03\/la-politique-de-la-sante-et-la-souverainete-du-peuple\/#article","isPartOf":{"@id":"https:\/\/www.pressenza.com\/fr\/2021\/03\/la-politique-de-la-sante-et-la-souverainete-du-peuple\/"},"author":{"name":"Riccardo Petrella","@id":"https:\/\/www.pressenza.com\/fr\/#\/schema\/person\/16ea2ff52e7bdf783c1b5242860fab9e"},"headline":"La politique de la sant\u00e9 et la souverainet\u00e9 du peuple","datePublished":"2021-03-01T07:24:13+00:00","mainEntityOfPage":{"@id":"https:\/\/www.pressenza.com\/fr\/2021\/03\/la-politique-de-la-sante-et-la-souverainete-du-peuple\/"},"wordCount":2537,"publisher":{"@id":"https:\/\/www.pressenza.com\/fr\/#organization"},"image":{"@id":"https:\/\/www.pressenza.com\/fr\/2021\/03\/la-politique-de-la-sante-et-la-souverainete-du-peuple\/#primaryimage"},"thumbnailUrl":"https:\/\/www.pressenza.com\/wp-content\/uploads\/2020\/03\/Istituto-Superiore-Sanit\u00e0-coronavirus.jpg","keywords":["brevets","COVID-19","sant\u00e9 publique","vaccin"],"articleSection":["Contenu Original","Politique"],"inLanguage":"fr-FR"},{"@type":"WebPage","@id":"https:\/\/www.pressenza.com\/fr\/2021\/03\/la-politique-de-la-sante-et-la-souverainete-du-peuple\/","url":"https:\/\/www.pressenza.com\/fr\/2021\/03\/la-politique-de-la-sante-et-la-souverainete-du-peuple\/","name":"La politique de la sant\u00e9 et la souverainet\u00e9 du peuple","isPartOf":{"@id":"https:\/\/www.pressenza.com\/fr\/#website"},"primaryImageOfPage":{"@id":"https:\/\/www.pressenza.com\/fr\/2021\/03\/la-politique-de-la-sante-et-la-souverainete-du-peuple\/#primaryimage"},"image":{"@id":"https:\/\/www.pressenza.com\/fr\/2021\/03\/la-politique-de-la-sante-et-la-souverainete-du-peuple\/#primaryimage"},"thumbnailUrl":"https:\/\/www.pressenza.com\/wp-content\/uploads\/2020\/03\/Istituto-Superiore-Sanit\u00e0-coronavirus.jpg","datePublished":"2021-03-01T07:24:13+00:00","description":"Au nom de la s\u00e9curit\u00e9 sanitaire \"nationale\", les groupes dominants ont pris des mesures contraires \u00e0 l'objectif qu'ils ont tant vant\u00e9 \"personne ne sera","breadcrumb":{"@id":"https:\/\/www.pressenza.com\/fr\/2021\/03\/la-politique-de-la-sante-et-la-souverainete-du-peuple\/#breadcrumb"},"inLanguage":"fr-FR","potentialAction":[{"@type":"ReadAction","target":["https:\/\/www.pressenza.com\/fr\/2021\/03\/la-politique-de-la-sante-et-la-souverainete-du-peuple\/"]}]},{"@type":"ImageObject","inLanguage":"fr-FR","@id":"https:\/\/www.pressenza.com\/fr\/2021\/03\/la-politique-de-la-sante-et-la-souverainete-du-peuple\/#primaryimage","url":"https:\/\/www.pressenza.com\/wp-content\/uploads\/2020\/03\/Istituto-Superiore-Sanit\u00e0-coronavirus.jpg","contentUrl":"https:\/\/www.pressenza.com\/wp-content\/uploads\/2020\/03\/Istituto-Superiore-Sanit\u00e0-coronavirus.jpg","width":1000,"height":667,"caption":"Istituto-Superiore-Sanit\u00e0-coronavirus"},{"@type":"BreadcrumbList","@id":"https:\/\/www.pressenza.com\/fr\/2021\/03\/la-politique-de-la-sante-et-la-souverainete-du-peuple\/#breadcrumb","itemListElement":[{"@type":"ListItem","position":1,"name":"Accueil","item":"https:\/\/www.pressenza.com\/fr\/"},{"@type":"ListItem","position":2,"name":"La politique de la sant\u00e9 et la souverainet\u00e9 du peuple"}]},{"@type":"WebSite","@id":"https:\/\/www.pressenza.com\/fr\/#website","url":"https:\/\/www.pressenza.com\/fr\/","name":"Pressenza","description":"International Press Agency","publisher":{"@id":"https:\/\/www.pressenza.com\/fr\/#organization"},"potentialAction":[{"@type":"SearchAction","target":{"@type":"EntryPoint","urlTemplate":"https:\/\/www.pressenza.com\/fr\/?s={search_term_string}"},"query-input":{"@type":"PropertyValueSpecification","valueRequired":true,"valueName":"search_term_string"}}],"inLanguage":"fr-FR"},{"@type":"Organization","@id":"https:\/\/www.pressenza.com\/fr\/#organization","name":"Pressenza","url":"https:\/\/www.pressenza.com\/fr\/","logo":{"@type":"ImageObject","inLanguage":"fr-FR","@id":"https:\/\/www.pressenza.com\/fr\/#\/schema\/logo\/image\/","url":"https:\/\/www.pressenza.com\/wp-content\/uploads\/2022\/10\/pressenza_logo_200x200.jpg","contentUrl":"https:\/\/www.pressenza.com\/wp-content\/uploads\/2022\/10\/pressenza_logo_200x200.jpg","width":200,"height":200,"caption":"Pressenza"},"image":{"@id":"https:\/\/www.pressenza.com\/fr\/#\/schema\/logo\/image\/"},"sameAs":["https:\/\/www.facebook.com\/PressenzaItalia","https:\/\/x.com\/PressenzaIPA"]},{"@type":"Person","@id":"https:\/\/www.pressenza.com\/fr\/#\/schema\/person\/16ea2ff52e7bdf783c1b5242860fab9e","name":"Riccardo Petrella","description":"Doctor of Political and Social Sciences, honorary degree from eight universities: in Sweden, Denmark, Belgium (x2), Canada, France (x2), Argentina. Professor emeritus of the Catholic University of Louvain (Belgium); President of the Institut Europeen de Recherche sur la Politique de l'Eau (IERPE) in Brussels (www.ierpe.eu); President of the \"University of the Common Good\" (UBC), a non-profit association active in Antwerp (Belgium) and Sezano (VR-Italy) From 1978 to 1994 he headed the department FAST, Forecasting and Assessment in Science and Technology at the Commission of the European Communities in Brussels and in 2005-2006 he was President of the Apulian Aqueduct. He is the author of numerous books on economics and common goods.","url":"https:\/\/www.pressenza.com\/fr\/author\/riccardo-petrella\/"}]}},"place":"Bruxelles","original_article_url":"","_links":{"self":[{"href":"https:\/\/www.pressenza.com\/fr\/wp-json\/wp\/v2\/posts\/1307188","targetHints":{"allow":["GET"]}}],"collection":[{"href":"https:\/\/www.pressenza.com\/fr\/wp-json\/wp\/v2\/posts"}],"about":[{"href":"https:\/\/www.pressenza.com\/fr\/wp-json\/wp\/v2\/types\/post"}],"author":[{"embeddable":true,"href":"https:\/\/www.pressenza.com\/fr\/wp-json\/wp\/v2\/users\/1266"}],"replies":[{"embeddable":true,"href":"https:\/\/www.pressenza.com\/fr\/wp-json\/wp\/v2\/comments?post=1307188"}],"version-history":[{"count":0,"href":"https:\/\/www.pressenza.com\/fr\/wp-json\/wp\/v2\/posts\/1307188\/revisions"}],"wp:featuredmedia":[{"embeddable":true,"href":"https:\/\/www.pressenza.com\/fr\/wp-json\/wp\/v2\/media\/1058946"}],"wp:attachment":[{"href":"https:\/\/www.pressenza.com\/fr\/wp-json\/wp\/v2\/media?parent=1307188"}],"wp:term":[{"taxonomy":"category","embeddable":true,"href":"https:\/\/www.pressenza.com\/fr\/wp-json\/wp\/v2\/categories?post=1307188"},{"taxonomy":"post_tag","embeddable":true,"href":"https:\/\/www.pressenza.com\/fr\/wp-json\/wp\/v2\/tags?post=1307188"}],"curies":[{"name":"wp","href":"https:\/\/api.w.org\/{rel}","templated":true}]}}