{"id":1299714,"date":"2021-02-18T10:48:27","date_gmt":"2021-02-18T10:48:27","guid":{"rendered":"https:\/\/www.pressenza.com\/?p=1299714"},"modified":"2021-02-18T10:48:27","modified_gmt":"2021-02-18T10:48:27","slug":"et-si-se-projeter-dans-le-futur-etait-un-acte-de-rebellion","status":"publish","type":"post","link":"https:\/\/www.pressenza.com\/fr\/2021\/02\/et-si-se-projeter-dans-le-futur-etait-un-acte-de-rebellion\/","title":{"rendered":"Et si se projeter dans le futur \u00e9tait un acte de r\u00e9bellion ?"},"content":{"rendered":"<p>En ces temps troubl\u00e9s, qu\u2019il est difficile de se projeter dans le futur\u00a0!<br \/>\nActuellement, nous assistons, chez une majorit\u00e9 de personnes \u00e0 une perte de projection de sa propre vie dans l\u2019avenir.<br \/>\nComme si tout le monde retenait sa respiration pour ne plus bouger !<br \/>\nPlus maltraitant que vivre masqu\u00e9, plus inqui\u00e9tant que la peur d&rsquo;\u00eatre ou de n&rsquo;\u00eatre pas vaccin\u00e9, l&rsquo;impossibilit\u00e9 de se projeter dans le futur rend le pr\u00e9sent plus \u00e9touffant et morbide que n&rsquo;importe quel masque ou n&rsquo;importe quel confinement.<br \/>\nCar l\u2019\u00eatre humain est ainsi fait, qu&rsquo;il est en permanence en train de se projeter dans le futur, quand bien m\u00eame il s&rsquo;y projetterait de mani\u00e8re n\u00e9gative ou souffrante.<br \/>\nMalgr\u00e9 cela depuis un certain temps, tout le monde tente de s\u2019adonner \u00e0 cette attitude morbide, \u00ab\u00a0surtout ne rien projeter pour l\u2019instant, attendons de voir\u00a0!\u00a0\u00bb.<\/p>\n<p>Cependant, faire l&rsquo;effort de se projeter dans le futur, voire dans un futur positif pour soi et pour les autres, ne rel\u00e8ve pas de la na\u00efvet\u00e9, ni m\u00eame de l&rsquo;utopie, mais devient presque un acte r\u00e9volutionnaire. Un acte de d\u00e9sob\u00e9issance civile.<\/p>\n<p>Pas se projeter dans 3 semaines ou dans 3 mois. Se projeter dans 5 ans, dans 10 ans !<br \/>\nPlus aucune entreprise ne se projette ainsi, ni m\u00eame un parti politique (faudrait-il avoir un projet de soci\u00e9t\u00e9 pour cela). Mais l\u2019\u00eatre humain n\u2019est ni une entreprise, ni parti politique\u00a0!<br \/>\nL\u2019\u00eatre humain sait qu\u2019il va pouvoir, devoir, vivre des dizaines et des dizaines d\u2019ann\u00e9es (pour la tr\u00e8s grande majorit\u00e9 en tout cas).<br \/>\nPersonne ne se marie pour se projeter dans trois mois, ni ne fait d\u2019enfants pour se projeter dans trois semaines\u00a0! Les enfants ne r\u00eavent pas d\u2019\u00eatre instituteur ou \u00ab\u00a0pompi\u00e8re\u00a0\u00bb, pour dans un an\u00a0! Les \u00e9tudiants ne s\u2019engagent pas dans plusieurs ann\u00e9es d\u2019\u00e9tude pour se projeter \u00e0 six mois\u00a0!<\/p>\n<p>Quand nous faisons tous ces projets, nous ne faisons pas uniquement des projets tangibles. Nous ne faisons pas qu\u2019un simple cr\u00e9dit, nous ne courrons pas uniquement apr\u00e8s un dipl\u00f4me, ou un mariage. Fondamentalement, en faisant cela, nous projetons avant tout l\u2019\u00e9tat int\u00e9rieur dans lequel nous aimerions vivre\u00a0; nous aspirons \u00e0 des d\u00e9sirs d\u2019\u00e9panouissement personnels, des d\u00e9sirs de s\u00e9r\u00e9nit\u00e9s, des d\u00e9sirs d\u2019\u00eatre plus cultiv\u00e9, des d\u00e9sirs d\u2019aventures humaines, des d\u00e9sirs d\u2019aimer et d\u2019\u00eatre aim\u00e9\u2026<br \/>\nLes projets de maison, d\u2019enfant, de mariage, de dipl\u00f4me, de travail, de voyage etc. ne sont que les moyens d\u2019atteindre ces d\u00e9sirs profonds et l\u00e9gitimes.<\/p>\n<p>Actuellement, il est vrai que certains moyens et certaines libert\u00e9s nous sont enlev\u00e9s. Mais ce qui nous \u00ab\u00a0tue\u00a0\u00bb v\u00e9ritablement, c\u2019est le fait que nous sommes persuad\u00e9s que l\u2019atteinte de nos d\u00e9sirs profonds est totalement associ\u00e9e \u00e0 ces moyens. Ainsi, nous laissons nos d\u00e9sirs et nos aspirations les plus profondes mourir avec la perte des moyens mat\u00e9riels.<\/p>\n<p>Ces d\u00e9sirs profonds et l\u00e9gitimes font partie de l\u2019humanit\u00e9 depuis la nuit des temps. Et l\u2019\u00eatre humain s\u2019est mis en marche vers son \u00e9panouissement personnel de mille mani\u00e8res diff\u00e9rentes, selon les \u00e9poques et les cultures. Et rien n\u2019arr\u00eatera cela.<\/p>\n<p>L\u2019\u00e9panouissement de ce qu\u2019il y a de plus important et de plus beau en chacun, n\u2019est pas contraint de s\u2019arr\u00eater avec le manque d\u2019objets, ou le manque d\u2019acc\u00e8s \u00e0 certaines possibilit\u00e9s. En revanche, il peut s\u2019arr\u00eater par le manque m\u00eame d\u2019aspirations profondes ou par le manque de questionnement sur qui je veux \u00caTRE et ce que je veux vivre et de ressentir EN MOI.<\/p>\n<p>Est-ce que ce que je veux \u00caTRE d\u00e9pend de mon travail ? de mon couple ? de mon compte en banque ?<br \/>\nDois-je arr\u00eater de projeter dans le futur les aspirations de la personne que je suis aujourd\u2019hui, parce qu\u2019actuellement je suis contrainte dans mon travail et mes heures de sortie\u00a0?<br \/>\nDois-je arr\u00eater mon processus int\u00e9rieur d\u2019\u00e9volution et de maturation pour des causes mat\u00e9rielles ext\u00e9rieures\u00a0?<\/p>\n<p>Bien s\u00fbr, nous le savons, le stress, la peur pour soi et ses \u00eatres chers, le manque d\u2019issues visibles emp\u00eachent de r\u00e9fl\u00e9chir. C\u2019est un fait aussi.<br \/>\nMais sur ce fait-l\u00e0, \u00ab\u00a0j\u2019ai la main\u00a0\u00bb\u00a0!<br \/>\nJe n\u2019ai \u00ab\u00a0la main\u00a0\u00bb ni sur les d\u00e9cisions politiques, ni sur les d\u00e9cisions de mon travail, des \u00e9coles\u2026<br \/>\nMais j\u2019ai le pouvoir de d\u00e9cision sur qui je suis aujourd\u2019hui et sur qui je serais demain et apr\u00e8s-demain. Cela est \u00e0 ma port\u00e9e.<\/p>\n<p>L\u2019un des plus grands actes de r\u00e9bellion actuels est de continuer \u00e0 se projeter dans le futur !<br \/>\nEt surtout, de se projeter vivant, heureux, aim\u00e9 et aimant, bienveillant et solidaire.<br \/>\nAlors\u2026 Est-ce que je me rebelle contre les conditions qui semblent s\u2019imposer \u00e0 moi, comme l\u2019a toujours fait l\u2019\u00eatre humain \u00e0 travers l\u2019histoire\u00a0? Ou est-ce que je me soumets aux conditions apparentes\u00a0?<\/p>\n<p>Il est temps de se demander \u00ab Que puisse-je faire aujourd\u2019hui, pour pouvoir projeter dans le futur la personne que je d\u00e9sire \u00eatre ? \u00bb<br \/>\n\u00ab\u00a0Maintenant que certains moyens mat\u00e9riels (qui je croyais) m\u2019auraient permis d\u2019arriver \u00e0 vivre mes d\u00e9sirs profonds me sont retir\u00e9s, quels nouveaux moyens je me donne pour vivre qui je suis et qui je veux \u00eatre\u00a0?\u00a0\u00bb<\/p>\n","protected":false},"excerpt":{"rendered":"<p>En ces temps troubl\u00e9s, qu\u2019il est difficile de se projeter dans le futur\u00a0! Actuellement, nous assistons, chez une majorit\u00e9 de personnes \u00e0 une perte de projection de sa propre vie dans l\u2019avenir. Comme si tout le monde retenait sa respiration&hellip;<\/p>\n","protected":false},"author":1983,"featured_media":1299765,"comment_status":"closed","ping_status":"closed","sticky":false,"template":"","format":"standard","meta":{"footnotes":""},"categories":[11386,85,1246],"tags":[87488,18974,28903,87487],"class_list":["post-1299714","post","type-post","status-publish","format-standard","has-post-thumbnail","hentry","category-contenu-original","category-europe-fr","category-humanisme-spiritualite","tag-acte-de-rebellion","tag-futur","tag-non-violence","tag-se-projeter"],"yoast_head":"<!-- This site is optimized with the Yoast SEO plugin v27.1.1 - https:\/\/yoast.com\/product\/yoast-seo-wordpress\/ -->\n<title>Et si se projeter dans le futur \u00e9tait un acte de r\u00e9bellion ?<\/title>\n<meta name=\"description\" content=\"En ces temps troubl\u00e9s, qu\u2019il est difficile de se projeter dans le futur\u00a0! Actuellement, nous assistons, chez une majorit\u00e9 de personnes \u00e0 une perte de\" \/>\n<meta name=\"robots\" content=\"index, follow, max-snippet:-1, max-image-preview:large, max-video-preview:-1\" \/>\n<link rel=\"canonical\" href=\"https:\/\/www.pressenza.com\/fr\/2021\/02\/et-si-se-projeter-dans-le-futur-etait-un-acte-de-rebellion\/\" \/>\n<meta property=\"og:locale\" content=\"fr_FR\" \/>\n<meta property=\"og:type\" content=\"article\" \/>\n<meta property=\"og:title\" content=\"Et si se projeter dans le futur \u00e9tait un acte de r\u00e9bellion ?\" \/>\n<meta property=\"og:description\" content=\"En ces temps troubl\u00e9s, qu\u2019il est difficile de se projeter dans le futur\u00a0! Actuellement, nous assistons, chez une majorit\u00e9 de personnes \u00e0 une perte de\" \/>\n<meta property=\"og:url\" content=\"https:\/\/www.pressenza.com\/fr\/2021\/02\/et-si-se-projeter-dans-le-futur-etait-un-acte-de-rebellion\/\" \/>\n<meta property=\"og:site_name\" content=\"Pressenza\" \/>\n<meta property=\"article:publisher\" content=\"https:\/\/www.facebook.com\/PressenzaItalia\" \/>\n<meta property=\"article:published_time\" content=\"2021-02-18T10:48:27+00:00\" \/>\n<meta property=\"og:image\" content=\"https:\/\/www.pressenza.com\/wp-content\/uploads\/2021\/02\/reflet-fontaine-se-projeter-acte-rebellion-1.jpg\" \/>\n\t<meta property=\"og:image:width\" content=\"750\" \/>\n\t<meta property=\"og:image:height\" content=\"415\" \/>\n\t<meta property=\"og:image:type\" content=\"image\/jpeg\" \/>\n<meta name=\"author\" content=\"Isabelle Montan\u00e9\" \/>\n<meta name=\"twitter:card\" content=\"summary_large_image\" \/>\n<meta name=\"twitter:creator\" content=\"@PressenzaIPA\" \/>\n<meta name=\"twitter:site\" content=\"@PressenzaIPA\" \/>\n<meta name=\"twitter:label1\" content=\"\u00c9crit par\" \/>\n\t<meta name=\"twitter:data1\" content=\"Isabelle Montan\u00e9\" \/>\n\t<meta name=\"twitter:label2\" content=\"Dur\u00e9e de lecture estim\u00e9e\" \/>\n\t<meta name=\"twitter:data2\" content=\"5 minutes\" \/>\n<script type=\"application\/ld+json\" class=\"yoast-schema-graph\">{\"@context\":\"https:\/\/schema.org\",\"@graph\":[{\"@type\":\"Article\",\"@id\":\"https:\/\/www.pressenza.com\/fr\/2021\/02\/et-si-se-projeter-dans-le-futur-etait-un-acte-de-rebellion\/#article\",\"isPartOf\":{\"@id\":\"https:\/\/www.pressenza.com\/fr\/2021\/02\/et-si-se-projeter-dans-le-futur-etait-un-acte-de-rebellion\/\"},\"author\":{\"name\":\"Isabelle Montan\u00e9\",\"@id\":\"https:\/\/www.pressenza.com\/fr\/#\/schema\/person\/e8a93c203ecf7ad79f0893bdf62520cf\"},\"headline\":\"Et si se projeter dans le futur \u00e9tait un acte de r\u00e9bellion ?\",\"datePublished\":\"2021-02-18T10:48:27+00:00\",\"mainEntityOfPage\":{\"@id\":\"https:\/\/www.pressenza.com\/fr\/2021\/02\/et-si-se-projeter-dans-le-futur-etait-un-acte-de-rebellion\/\"},\"wordCount\":941,\"publisher\":{\"@id\":\"https:\/\/www.pressenza.com\/fr\/#organization\"},\"image\":{\"@id\":\"https:\/\/www.pressenza.com\/fr\/2021\/02\/et-si-se-projeter-dans-le-futur-etait-un-acte-de-rebellion\/#primaryimage\"},\"thumbnailUrl\":\"https:\/\/www.pressenza.com\/wp-content\/uploads\/2021\/02\/reflet-fontaine-se-projeter-acte-rebellion-1.jpg\",\"keywords\":[\"acte de r\u00e9bellion\",\"futur\",\"non-violence\",\"se projeter\"],\"articleSection\":[\"Contenu Original\",\"Europe\",\"Humanisme et Spiritualit\u00e9\"],\"inLanguage\":\"fr-FR\"},{\"@type\":\"WebPage\",\"@id\":\"https:\/\/www.pressenza.com\/fr\/2021\/02\/et-si-se-projeter-dans-le-futur-etait-un-acte-de-rebellion\/\",\"url\":\"https:\/\/www.pressenza.com\/fr\/2021\/02\/et-si-se-projeter-dans-le-futur-etait-un-acte-de-rebellion\/\",\"name\":\"Et si se projeter dans le futur \u00e9tait un acte de r\u00e9bellion ?\",\"isPartOf\":{\"@id\":\"https:\/\/www.pressenza.com\/fr\/#website\"},\"primaryImageOfPage\":{\"@id\":\"https:\/\/www.pressenza.com\/fr\/2021\/02\/et-si-se-projeter-dans-le-futur-etait-un-acte-de-rebellion\/#primaryimage\"},\"image\":{\"@id\":\"https:\/\/www.pressenza.com\/fr\/2021\/02\/et-si-se-projeter-dans-le-futur-etait-un-acte-de-rebellion\/#primaryimage\"},\"thumbnailUrl\":\"https:\/\/www.pressenza.com\/wp-content\/uploads\/2021\/02\/reflet-fontaine-se-projeter-acte-rebellion-1.jpg\",\"datePublished\":\"2021-02-18T10:48:27+00:00\",\"description\":\"En ces temps troubl\u00e9s, qu\u2019il est difficile de se projeter dans le futur\u00a0! Actuellement, nous assistons, chez une majorit\u00e9 de personnes \u00e0 une perte de\",\"breadcrumb\":{\"@id\":\"https:\/\/www.pressenza.com\/fr\/2021\/02\/et-si-se-projeter-dans-le-futur-etait-un-acte-de-rebellion\/#breadcrumb\"},\"inLanguage\":\"fr-FR\",\"potentialAction\":[{\"@type\":\"ReadAction\",\"target\":[\"https:\/\/www.pressenza.com\/fr\/2021\/02\/et-si-se-projeter-dans-le-futur-etait-un-acte-de-rebellion\/\"]}]},{\"@type\":\"ImageObject\",\"inLanguage\":\"fr-FR\",\"@id\":\"https:\/\/www.pressenza.com\/fr\/2021\/02\/et-si-se-projeter-dans-le-futur-etait-un-acte-de-rebellion\/#primaryimage\",\"url\":\"https:\/\/www.pressenza.com\/wp-content\/uploads\/2021\/02\/reflet-fontaine-se-projeter-acte-rebellion-1.jpg\",\"contentUrl\":\"https:\/\/www.pressenza.com\/wp-content\/uploads\/2021\/02\/reflet-fontaine-se-projeter-acte-rebellion-1.jpg\",\"width\":750,\"height\":415,\"caption\":\"Et si se projeter dans le futur \u00e9tait un acte de r\u00e9bellion ?\"},{\"@type\":\"BreadcrumbList\",\"@id\":\"https:\/\/www.pressenza.com\/fr\/2021\/02\/et-si-se-projeter-dans-le-futur-etait-un-acte-de-rebellion\/#breadcrumb\",\"itemListElement\":[{\"@type\":\"ListItem\",\"position\":1,\"name\":\"Accueil\",\"item\":\"https:\/\/www.pressenza.com\/fr\/\"},{\"@type\":\"ListItem\",\"position\":2,\"name\":\"Et si se projeter dans le futur \u00e9tait un acte de r\u00e9bellion ?\"}]},{\"@type\":\"WebSite\",\"@id\":\"https:\/\/www.pressenza.com\/fr\/#website\",\"url\":\"https:\/\/www.pressenza.com\/fr\/\",\"name\":\"Pressenza\",\"description\":\"International Press Agency\",\"publisher\":{\"@id\":\"https:\/\/www.pressenza.com\/fr\/#organization\"},\"potentialAction\":[{\"@type\":\"SearchAction\",\"target\":{\"@type\":\"EntryPoint\",\"urlTemplate\":\"https:\/\/www.pressenza.com\/fr\/?s={search_term_string}\"},\"query-input\":{\"@type\":\"PropertyValueSpecification\",\"valueRequired\":true,\"valueName\":\"search_term_string\"}}],\"inLanguage\":\"fr-FR\"},{\"@type\":\"Organization\",\"@id\":\"https:\/\/www.pressenza.com\/fr\/#organization\",\"name\":\"Pressenza\",\"url\":\"https:\/\/www.pressenza.com\/fr\/\",\"logo\":{\"@type\":\"ImageObject\",\"inLanguage\":\"fr-FR\",\"@id\":\"https:\/\/www.pressenza.com\/fr\/#\/schema\/logo\/image\/\",\"url\":\"https:\/\/www.pressenza.com\/wp-content\/uploads\/2022\/10\/pressenza_logo_200x200.jpg\",\"contentUrl\":\"https:\/\/www.pressenza.com\/wp-content\/uploads\/2022\/10\/pressenza_logo_200x200.jpg\",\"width\":200,\"height\":200,\"caption\":\"Pressenza\"},\"image\":{\"@id\":\"https:\/\/www.pressenza.com\/fr\/#\/schema\/logo\/image\/\"},\"sameAs\":[\"https:\/\/www.facebook.com\/PressenzaItalia\",\"https:\/\/x.com\/PressenzaIPA\"]},{\"@type\":\"Person\",\"@id\":\"https:\/\/www.pressenza.com\/fr\/#\/schema\/person\/e8a93c203ecf7ad79f0893bdf62520cf\",\"name\":\"Isabelle Montan\u00e9\",\"description\":\"Humaniste et b\u00e9n\u00e9vole depuis 1987, actuellement Isabelle Montan\u00e9 anime le Laboratoire de la non-violence active dans sa ville depuis 2018. M\u00e8re de deux filles, professionnellement elle travaille en tant que consultante-formatrice en communication bienveillante, d\u00e9veloppement personnel et est facilitatrice en coh\u00e9sion d\u2019\u00e9quipe et intelligence collective. isamontane@gmail.com\",\"url\":\"https:\/\/www.pressenza.com\/fr\/author\/isabelle-montane\/\"}]}<\/script>\n<!-- \/ Yoast SEO plugin. -->","yoast_head_json":{"title":"Et si se projeter dans le futur \u00e9tait un acte de r\u00e9bellion ?","description":"En ces temps troubl\u00e9s, qu\u2019il est difficile de se projeter dans le futur\u00a0! Actuellement, nous assistons, chez une majorit\u00e9 de personnes \u00e0 une perte de","robots":{"index":"index","follow":"follow","max-snippet":"max-snippet:-1","max-image-preview":"max-image-preview:large","max-video-preview":"max-video-preview:-1"},"canonical":"https:\/\/www.pressenza.com\/fr\/2021\/02\/et-si-se-projeter-dans-le-futur-etait-un-acte-de-rebellion\/","og_locale":"fr_FR","og_type":"article","og_title":"Et si se projeter dans le futur \u00e9tait un acte de r\u00e9bellion ?","og_description":"En ces temps troubl\u00e9s, qu\u2019il est difficile de se projeter dans le futur\u00a0! Actuellement, nous assistons, chez une majorit\u00e9 de personnes \u00e0 une perte de","og_url":"https:\/\/www.pressenza.com\/fr\/2021\/02\/et-si-se-projeter-dans-le-futur-etait-un-acte-de-rebellion\/","og_site_name":"Pressenza","article_publisher":"https:\/\/www.facebook.com\/PressenzaItalia","article_published_time":"2021-02-18T10:48:27+00:00","og_image":[{"width":750,"height":415,"url":"https:\/\/www.pressenza.com\/wp-content\/uploads\/2021\/02\/reflet-fontaine-se-projeter-acte-rebellion-1.jpg","type":"image\/jpeg"}],"author":"Isabelle Montan\u00e9","twitter_card":"summary_large_image","twitter_creator":"@PressenzaIPA","twitter_site":"@PressenzaIPA","twitter_misc":{"\u00c9crit par":"Isabelle Montan\u00e9","Dur\u00e9e de lecture estim\u00e9e":"5 minutes"},"schema":{"@context":"https:\/\/schema.org","@graph":[{"@type":"Article","@id":"https:\/\/www.pressenza.com\/fr\/2021\/02\/et-si-se-projeter-dans-le-futur-etait-un-acte-de-rebellion\/#article","isPartOf":{"@id":"https:\/\/www.pressenza.com\/fr\/2021\/02\/et-si-se-projeter-dans-le-futur-etait-un-acte-de-rebellion\/"},"author":{"name":"Isabelle Montan\u00e9","@id":"https:\/\/www.pressenza.com\/fr\/#\/schema\/person\/e8a93c203ecf7ad79f0893bdf62520cf"},"headline":"Et si se projeter dans le futur \u00e9tait un acte de r\u00e9bellion ?","datePublished":"2021-02-18T10:48:27+00:00","mainEntityOfPage":{"@id":"https:\/\/www.pressenza.com\/fr\/2021\/02\/et-si-se-projeter-dans-le-futur-etait-un-acte-de-rebellion\/"},"wordCount":941,"publisher":{"@id":"https:\/\/www.pressenza.com\/fr\/#organization"},"image":{"@id":"https:\/\/www.pressenza.com\/fr\/2021\/02\/et-si-se-projeter-dans-le-futur-etait-un-acte-de-rebellion\/#primaryimage"},"thumbnailUrl":"https:\/\/www.pressenza.com\/wp-content\/uploads\/2021\/02\/reflet-fontaine-se-projeter-acte-rebellion-1.jpg","keywords":["acte de r\u00e9bellion","futur","non-violence","se projeter"],"articleSection":["Contenu Original","Europe","Humanisme et Spiritualit\u00e9"],"inLanguage":"fr-FR"},{"@type":"WebPage","@id":"https:\/\/www.pressenza.com\/fr\/2021\/02\/et-si-se-projeter-dans-le-futur-etait-un-acte-de-rebellion\/","url":"https:\/\/www.pressenza.com\/fr\/2021\/02\/et-si-se-projeter-dans-le-futur-etait-un-acte-de-rebellion\/","name":"Et si se projeter dans le futur \u00e9tait un acte de r\u00e9bellion ?","isPartOf":{"@id":"https:\/\/www.pressenza.com\/fr\/#website"},"primaryImageOfPage":{"@id":"https:\/\/www.pressenza.com\/fr\/2021\/02\/et-si-se-projeter-dans-le-futur-etait-un-acte-de-rebellion\/#primaryimage"},"image":{"@id":"https:\/\/www.pressenza.com\/fr\/2021\/02\/et-si-se-projeter-dans-le-futur-etait-un-acte-de-rebellion\/#primaryimage"},"thumbnailUrl":"https:\/\/www.pressenza.com\/wp-content\/uploads\/2021\/02\/reflet-fontaine-se-projeter-acte-rebellion-1.jpg","datePublished":"2021-02-18T10:48:27+00:00","description":"En ces temps troubl\u00e9s, qu\u2019il est difficile de se projeter dans le futur\u00a0! Actuellement, nous assistons, chez une majorit\u00e9 de personnes \u00e0 une perte de","breadcrumb":{"@id":"https:\/\/www.pressenza.com\/fr\/2021\/02\/et-si-se-projeter-dans-le-futur-etait-un-acte-de-rebellion\/#breadcrumb"},"inLanguage":"fr-FR","potentialAction":[{"@type":"ReadAction","target":["https:\/\/www.pressenza.com\/fr\/2021\/02\/et-si-se-projeter-dans-le-futur-etait-un-acte-de-rebellion\/"]}]},{"@type":"ImageObject","inLanguage":"fr-FR","@id":"https:\/\/www.pressenza.com\/fr\/2021\/02\/et-si-se-projeter-dans-le-futur-etait-un-acte-de-rebellion\/#primaryimage","url":"https:\/\/www.pressenza.com\/wp-content\/uploads\/2021\/02\/reflet-fontaine-se-projeter-acte-rebellion-1.jpg","contentUrl":"https:\/\/www.pressenza.com\/wp-content\/uploads\/2021\/02\/reflet-fontaine-se-projeter-acte-rebellion-1.jpg","width":750,"height":415,"caption":"Et si se projeter dans le futur \u00e9tait un acte de r\u00e9bellion ?"},{"@type":"BreadcrumbList","@id":"https:\/\/www.pressenza.com\/fr\/2021\/02\/et-si-se-projeter-dans-le-futur-etait-un-acte-de-rebellion\/#breadcrumb","itemListElement":[{"@type":"ListItem","position":1,"name":"Accueil","item":"https:\/\/www.pressenza.com\/fr\/"},{"@type":"ListItem","position":2,"name":"Et si se projeter dans le futur \u00e9tait un acte de r\u00e9bellion ?"}]},{"@type":"WebSite","@id":"https:\/\/www.pressenza.com\/fr\/#website","url":"https:\/\/www.pressenza.com\/fr\/","name":"Pressenza","description":"International Press Agency","publisher":{"@id":"https:\/\/www.pressenza.com\/fr\/#organization"},"potentialAction":[{"@type":"SearchAction","target":{"@type":"EntryPoint","urlTemplate":"https:\/\/www.pressenza.com\/fr\/?s={search_term_string}"},"query-input":{"@type":"PropertyValueSpecification","valueRequired":true,"valueName":"search_term_string"}}],"inLanguage":"fr-FR"},{"@type":"Organization","@id":"https:\/\/www.pressenza.com\/fr\/#organization","name":"Pressenza","url":"https:\/\/www.pressenza.com\/fr\/","logo":{"@type":"ImageObject","inLanguage":"fr-FR","@id":"https:\/\/www.pressenza.com\/fr\/#\/schema\/logo\/image\/","url":"https:\/\/www.pressenza.com\/wp-content\/uploads\/2022\/10\/pressenza_logo_200x200.jpg","contentUrl":"https:\/\/www.pressenza.com\/wp-content\/uploads\/2022\/10\/pressenza_logo_200x200.jpg","width":200,"height":200,"caption":"Pressenza"},"image":{"@id":"https:\/\/www.pressenza.com\/fr\/#\/schema\/logo\/image\/"},"sameAs":["https:\/\/www.facebook.com\/PressenzaItalia","https:\/\/x.com\/PressenzaIPA"]},{"@type":"Person","@id":"https:\/\/www.pressenza.com\/fr\/#\/schema\/person\/e8a93c203ecf7ad79f0893bdf62520cf","name":"Isabelle Montan\u00e9","description":"Humaniste et b\u00e9n\u00e9vole depuis 1987, actuellement Isabelle Montan\u00e9 anime le Laboratoire de la non-violence active dans sa ville depuis 2018. M\u00e8re de deux filles, professionnellement elle travaille en tant que consultante-formatrice en communication bienveillante, d\u00e9veloppement personnel et est facilitatrice en coh\u00e9sion d\u2019\u00e9quipe et intelligence collective. isamontane@gmail.com","url":"https:\/\/www.pressenza.com\/fr\/author\/isabelle-montane\/"}]}},"place":"Paris, France","original_article_url":"","_links":{"self":[{"href":"https:\/\/www.pressenza.com\/fr\/wp-json\/wp\/v2\/posts\/1299714","targetHints":{"allow":["GET"]}}],"collection":[{"href":"https:\/\/www.pressenza.com\/fr\/wp-json\/wp\/v2\/posts"}],"about":[{"href":"https:\/\/www.pressenza.com\/fr\/wp-json\/wp\/v2\/types\/post"}],"author":[{"embeddable":true,"href":"https:\/\/www.pressenza.com\/fr\/wp-json\/wp\/v2\/users\/1983"}],"replies":[{"embeddable":true,"href":"https:\/\/www.pressenza.com\/fr\/wp-json\/wp\/v2\/comments?post=1299714"}],"version-history":[{"count":0,"href":"https:\/\/www.pressenza.com\/fr\/wp-json\/wp\/v2\/posts\/1299714\/revisions"}],"wp:featuredmedia":[{"embeddable":true,"href":"https:\/\/www.pressenza.com\/fr\/wp-json\/wp\/v2\/media\/1299765"}],"wp:attachment":[{"href":"https:\/\/www.pressenza.com\/fr\/wp-json\/wp\/v2\/media?parent=1299714"}],"wp:term":[{"taxonomy":"category","embeddable":true,"href":"https:\/\/www.pressenza.com\/fr\/wp-json\/wp\/v2\/categories?post=1299714"},{"taxonomy":"post_tag","embeddable":true,"href":"https:\/\/www.pressenza.com\/fr\/wp-json\/wp\/v2\/tags?post=1299714"}],"curies":[{"name":"wp","href":"https:\/\/api.w.org\/{rel}","templated":true}]}}