{"id":1297098,"date":"2021-02-12T22:08:19","date_gmt":"2021-02-12T22:08:19","guid":{"rendered":"https:\/\/www.pressenza.com\/?p=1297098"},"modified":"2021-02-12T22:08:19","modified_gmt":"2021-02-12T22:08:19","slug":"le-gouvernement-conte-revoque-les-permis-dexportation-de-missiles-et-de-bombes-vers-larabie-saoudite-et-les-emirats-arabes-unis","status":"publish","type":"post","link":"https:\/\/www.pressenza.com\/fr\/2021\/02\/le-gouvernement-conte-revoque-les-permis-dexportation-de-missiles-et-de-bombes-vers-larabie-saoudite-et-les-emirats-arabes-unis\/","title":{"rendered":"Le gouvernement Conte r\u00e9voque les permis d&rsquo;exportation de missiles et de bombes vers l&rsquo;Arabie saoudite et les \u00c9mirats arabes unis"},"content":{"rendered":"<p>Par un acte d&rsquo;importance historique &#8211; qui a lieu pour la premi\u00e8re fois depuis l&rsquo;entr\u00e9e en vigueur de la loi 185 de 1990 sur les exportations d&rsquo;armes &#8211; le gouvernement Conte a d\u00e9cid\u00e9 de r\u00e9voquer, et donc de ne pas seulement suspendre, les autorisations en cours pour l&rsquo;exportation de missiles et de bombes a\u00e9riennes vers l&rsquo;Arabie Saoudite et les \u00c9mirats arabes unis. La suspension de l&rsquo;octroi de nouvelles licences pour les m\u00eames mat\u00e9riaux et les m\u00eames \u00c9tats reste \u00e9galement en vigueur.<\/p>\n<p>Selon ce qu&rsquo;a appris le R\u00e9seau italien pour la paix et le d\u00e9sarmement, la mesure concerne au moins six autorisations diff\u00e9rentes d\u00e9j\u00e0 suspendues par une d\u00e9cision prise en juillet 2019, dont la licence MAE 45560 d\u00e9cid\u00e9e \u00e0 l&rsquo;\u00e9gard de l&rsquo;Arabie saoudite en 2016 pendant le gouvernement Renzi ( relative \u00e0 pr\u00e8s de 20.000 bombes a\u00e9riennes de la s\u00e9rie Mk pour une valeur de plus de 411 millions d&rsquo;euros).<\/p>\n<p>Selon les explications du R\u00e9seau italien pour la paix et le d\u00e9sarmement et de l&rsquo;Observatoire permanent sur les armes l\u00e9g\u00e8res, la r\u00e9vocation d\u00e9cid\u00e9e par le gouvernement Conte pour cette seule licence annulera la fourniture de plus de 12 700 appareils.<\/p>\n<p>Amnesty International Italie, le Comit\u00e9 de Reconversion du RWM pour la Paix et le Travail Durable, M\u00e9decins sans Fronti\u00e8res, Oxfam Italie, le R\u00e9seau Italien pour la Paix et le D\u00e9sarmement et Save the Children Italie, ainsi que leurs partenaires internationaux le Centre Europ\u00e9en pour les Droits Constitutionnels et Humains et Mwatana pour les Droits Humains, ont exprim\u00e9 leur grande satisfaction quant \u00e0 ce r\u00e9sultat qu&rsquo;ils r\u00e9clament depuis longtemps.<\/p>\n","protected":false},"excerpt":{"rendered":"<p>Par un acte d&rsquo;importance historique &#8211; qui a lieu pour la premi\u00e8re fois depuis l&rsquo;entr\u00e9e en vigueur de la loi 185 de 1990 sur les exportations d&rsquo;armes &#8211; le gouvernement Conte a d\u00e9cid\u00e9 de r\u00e9voquer, et donc de ne pas&hellip;<\/p>\n","protected":false},"author":1334,"featured_media":1271150,"comment_status":"closed","ping_status":"closed","sticky":false,"template":"","format":"standard","meta":{"footnotes":""},"categories":[11386,85,1250,90],"tags":[3008,3431,87299,87300,1527],"class_list":["post-1297098","post","type-post","status-publish","format-standard","has-post-thumbnail","hentry","category-contenu-original","category-europe-fr","category-paix-desarmement","category-moyen-orient","tag-arabie-saoudite","tag-armes","tag-emirats-arabes-unis","tag-exportation","tag-italie"],"yoast_head":"<!-- This site is optimized with the Yoast SEO plugin v27.1.1 - https:\/\/yoast.com\/product\/yoast-seo-wordpress\/ -->\n<title>Le gouvernement Conte r\u00e9voque les permis d&#039;exportation de missiles et de bombes vers l&#039;Arabie saoudite et les \u00c9mirats arabes unis<\/title>\n<meta name=\"description\" content=\"Par un acte d&#039;importance historique - qui a lieu pour la premi\u00e8re fois depuis l&#039;entr\u00e9e en vigueur de la loi 185 de 1990 sur les exportations d&#039;armes - le\" \/>\n<meta name=\"robots\" content=\"index, follow, max-snippet:-1, max-image-preview:large, max-video-preview:-1\" \/>\n<link rel=\"canonical\" href=\"https:\/\/www.pressenza.com\/fr\/2021\/02\/le-gouvernement-conte-revoque-les-permis-dexportation-de-missiles-et-de-bombes-vers-larabie-saoudite-et-les-emirats-arabes-unis\/\" \/>\n<meta property=\"og:locale\" content=\"fr_FR\" \/>\n<meta property=\"og:type\" content=\"article\" \/>\n<meta property=\"og:title\" content=\"Le gouvernement Conte r\u00e9voque les permis d&#039;exportation de missiles et de bombes vers l&#039;Arabie saoudite et les \u00c9mirats arabes unis\" \/>\n<meta property=\"og:description\" content=\"Par un acte d&#039;importance historique - qui a lieu pour la premi\u00e8re fois depuis l&#039;entr\u00e9e en vigueur de la loi 185 de 1990 sur les exportations d&#039;armes - le\" \/>\n<meta property=\"og:url\" content=\"https:\/\/www.pressenza.com\/fr\/2021\/02\/le-gouvernement-conte-revoque-les-permis-dexportation-de-missiles-et-de-bombes-vers-larabie-saoudite-et-les-emirats-arabes-unis\/\" \/>\n<meta property=\"og:site_name\" content=\"Pressenza\" \/>\n<meta property=\"article:publisher\" content=\"https:\/\/www.facebook.com\/PressenzaItalia\" \/>\n<meta property=\"article:author\" content=\"https:\/\/www.facebook.com\/p\/Riccardo-Noury-100041166531808\/\" \/>\n<meta property=\"article:published_time\" content=\"2021-02-12T22:08:19+00:00\" \/>\n<meta property=\"og:image\" content=\"https:\/\/www.pressenza.com\/wp-content\/uploads\/2021\/01\/stop-RWM-domusnova.jpg\" \/>\n\t<meta property=\"og:image:width\" content=\"800\" \/>\n\t<meta property=\"og:image:height\" content=\"491\" \/>\n\t<meta property=\"og:image:type\" content=\"image\/jpeg\" \/>\n<meta name=\"author\" content=\"Riccardo Noury\" \/>\n<meta name=\"twitter:card\" content=\"summary_large_image\" \/>\n<meta name=\"twitter:creator\" content=\"@riccardonoury\" \/>\n<meta name=\"twitter:site\" content=\"@PressenzaIPA\" \/>\n<meta name=\"twitter:label1\" content=\"\u00c9crit par\" \/>\n\t<meta name=\"twitter:data1\" content=\"Riccardo Noury\" \/>\n\t<meta name=\"twitter:label2\" content=\"Dur\u00e9e de lecture estim\u00e9e\" \/>\n\t<meta name=\"twitter:data2\" content=\"1 minute\" \/>\n<script type=\"application\/ld+json\" class=\"yoast-schema-graph\">{\"@context\":\"https:\/\/schema.org\",\"@graph\":[{\"@type\":\"Article\",\"@id\":\"https:\/\/www.pressenza.com\/fr\/2021\/02\/le-gouvernement-conte-revoque-les-permis-dexportation-de-missiles-et-de-bombes-vers-larabie-saoudite-et-les-emirats-arabes-unis\/#article\",\"isPartOf\":{\"@id\":\"https:\/\/www.pressenza.com\/fr\/2021\/02\/le-gouvernement-conte-revoque-les-permis-dexportation-de-missiles-et-de-bombes-vers-larabie-saoudite-et-les-emirats-arabes-unis\/\"},\"author\":{\"name\":\"Riccardo Noury\",\"@id\":\"https:\/\/www.pressenza.com\/fr\/#\/schema\/person\/8f342cd59f9d5aae911255240684f81e\"},\"headline\":\"Le gouvernement Conte r\u00e9voque les permis d&rsquo;exportation de missiles et de bombes vers l&rsquo;Arabie saoudite et les \u00c9mirats arabes unis\",\"datePublished\":\"2021-02-12T22:08:19+00:00\",\"mainEntityOfPage\":{\"@id\":\"https:\/\/www.pressenza.com\/fr\/2021\/02\/le-gouvernement-conte-revoque-les-permis-dexportation-de-missiles-et-de-bombes-vers-larabie-saoudite-et-les-emirats-arabes-unis\/\"},\"wordCount\":311,\"publisher\":{\"@id\":\"https:\/\/www.pressenza.com\/fr\/#organization\"},\"image\":{\"@id\":\"https:\/\/www.pressenza.com\/fr\/2021\/02\/le-gouvernement-conte-revoque-les-permis-dexportation-de-missiles-et-de-bombes-vers-larabie-saoudite-et-les-emirats-arabes-unis\/#primaryimage\"},\"thumbnailUrl\":\"https:\/\/www.pressenza.com\/wp-content\/uploads\/2021\/01\/stop-RWM-domusnova.jpg\",\"keywords\":[\"Arabie Saoudite\",\"armes\",\"\u00c9mirats Arabes Unis\",\"exportation\",\"Italie\"],\"articleSection\":[\"Contenu Original\",\"Europe\",\"Paix et D\u00e9sarmement\",\"Proche et Moyen-Orient\"],\"inLanguage\":\"fr-FR\"},{\"@type\":\"WebPage\",\"@id\":\"https:\/\/www.pressenza.com\/fr\/2021\/02\/le-gouvernement-conte-revoque-les-permis-dexportation-de-missiles-et-de-bombes-vers-larabie-saoudite-et-les-emirats-arabes-unis\/\",\"url\":\"https:\/\/www.pressenza.com\/fr\/2021\/02\/le-gouvernement-conte-revoque-les-permis-dexportation-de-missiles-et-de-bombes-vers-larabie-saoudite-et-les-emirats-arabes-unis\/\",\"name\":\"Le gouvernement Conte r\u00e9voque les permis d'exportation de missiles et de bombes vers l'Arabie saoudite et les \u00c9mirats arabes unis\",\"isPartOf\":{\"@id\":\"https:\/\/www.pressenza.com\/fr\/#website\"},\"primaryImageOfPage\":{\"@id\":\"https:\/\/www.pressenza.com\/fr\/2021\/02\/le-gouvernement-conte-revoque-les-permis-dexportation-de-missiles-et-de-bombes-vers-larabie-saoudite-et-les-emirats-arabes-unis\/#primaryimage\"},\"image\":{\"@id\":\"https:\/\/www.pressenza.com\/fr\/2021\/02\/le-gouvernement-conte-revoque-les-permis-dexportation-de-missiles-et-de-bombes-vers-larabie-saoudite-et-les-emirats-arabes-unis\/#primaryimage\"},\"thumbnailUrl\":\"https:\/\/www.pressenza.com\/wp-content\/uploads\/2021\/01\/stop-RWM-domusnova.jpg\",\"datePublished\":\"2021-02-12T22:08:19+00:00\",\"description\":\"Par un acte d'importance historique - qui a lieu pour la premi\u00e8re fois depuis l'entr\u00e9e en vigueur de la loi 185 de 1990 sur les exportations d'armes - le\",\"breadcrumb\":{\"@id\":\"https:\/\/www.pressenza.com\/fr\/2021\/02\/le-gouvernement-conte-revoque-les-permis-dexportation-de-missiles-et-de-bombes-vers-larabie-saoudite-et-les-emirats-arabes-unis\/#breadcrumb\"},\"inLanguage\":\"fr-FR\",\"potentialAction\":[{\"@type\":\"ReadAction\",\"target\":[\"https:\/\/www.pressenza.com\/fr\/2021\/02\/le-gouvernement-conte-revoque-les-permis-dexportation-de-missiles-et-de-bombes-vers-larabie-saoudite-et-les-emirats-arabes-unis\/\"]}]},{\"@type\":\"ImageObject\",\"inLanguage\":\"fr-FR\",\"@id\":\"https:\/\/www.pressenza.com\/fr\/2021\/02\/le-gouvernement-conte-revoque-les-permis-dexportation-de-missiles-et-de-bombes-vers-larabie-saoudite-et-les-emirats-arabes-unis\/#primaryimage\",\"url\":\"https:\/\/www.pressenza.com\/wp-content\/uploads\/2021\/01\/stop-RWM-domusnova.jpg\",\"contentUrl\":\"https:\/\/www.pressenza.com\/wp-content\/uploads\/2021\/01\/stop-RWM-domusnova.jpg\",\"width\":800,\"height\":491,\"caption\":\"Un momento della nuova marcia degli antimilitaristi a Domusnovas, nel sud Sardegna, contro l'azienda tedesca Rwm, alle porte del paese del Sulcis Iglesiente, la \\\"fabbrica di bombe - denunciano - che devastano lo Yemen e tanti altri paesi per alcune centinaia di posti di lavoro e decine di milioni di euro di fatturato\\\". Domusnovas (Cagliari), 3 aprile 2017. ANSA\/ ROBERTO MURGIA\"},{\"@type\":\"BreadcrumbList\",\"@id\":\"https:\/\/www.pressenza.com\/fr\/2021\/02\/le-gouvernement-conte-revoque-les-permis-dexportation-de-missiles-et-de-bombes-vers-larabie-saoudite-et-les-emirats-arabes-unis\/#breadcrumb\",\"itemListElement\":[{\"@type\":\"ListItem\",\"position\":1,\"name\":\"Accueil\",\"item\":\"https:\/\/www.pressenza.com\/fr\/\"},{\"@type\":\"ListItem\",\"position\":2,\"name\":\"Le gouvernement Conte r\u00e9voque les permis d&rsquo;exportation de missiles et de bombes vers l&rsquo;Arabie saoudite et les \u00c9mirats arabes unis\"}]},{\"@type\":\"WebSite\",\"@id\":\"https:\/\/www.pressenza.com\/fr\/#website\",\"url\":\"https:\/\/www.pressenza.com\/fr\/\",\"name\":\"Pressenza\",\"description\":\"International Press Agency\",\"publisher\":{\"@id\":\"https:\/\/www.pressenza.com\/fr\/#organization\"},\"potentialAction\":[{\"@type\":\"SearchAction\",\"target\":{\"@type\":\"EntryPoint\",\"urlTemplate\":\"https:\/\/www.pressenza.com\/fr\/?s={search_term_string}\"},\"query-input\":{\"@type\":\"PropertyValueSpecification\",\"valueRequired\":true,\"valueName\":\"search_term_string\"}}],\"inLanguage\":\"fr-FR\"},{\"@type\":\"Organization\",\"@id\":\"https:\/\/www.pressenza.com\/fr\/#organization\",\"name\":\"Pressenza\",\"url\":\"https:\/\/www.pressenza.com\/fr\/\",\"logo\":{\"@type\":\"ImageObject\",\"inLanguage\":\"fr-FR\",\"@id\":\"https:\/\/www.pressenza.com\/fr\/#\/schema\/logo\/image\/\",\"url\":\"https:\/\/www.pressenza.com\/wp-content\/uploads\/2022\/10\/pressenza_logo_200x200.jpg\",\"contentUrl\":\"https:\/\/www.pressenza.com\/wp-content\/uploads\/2022\/10\/pressenza_logo_200x200.jpg\",\"width\":200,\"height\":200,\"caption\":\"Pressenza\"},\"image\":{\"@id\":\"https:\/\/www.pressenza.com\/fr\/#\/schema\/logo\/image\/\"},\"sameAs\":[\"https:\/\/www.facebook.com\/PressenzaItalia\",\"https:\/\/x.com\/PressenzaIPA\"]},{\"@type\":\"Person\",\"@id\":\"https:\/\/www.pressenza.com\/fr\/#\/schema\/person\/8f342cd59f9d5aae911255240684f81e\",\"name\":\"Riccardo Noury\",\"sameAs\":[\"http:\/\/www.amnesty.it\/\",\"https:\/\/www.facebook.com\/p\/Riccardo-Noury-100041166531808\/\",\"https:\/\/www.instagram.com\/riccardonoury9241\",\"https:\/\/x.com\/riccardonoury\"],\"url\":\"https:\/\/www.pressenza.com\/fr\/author\/riccardo-noury\/\"}]}<\/script>\n<!-- \/ Yoast SEO plugin. -->","yoast_head_json":{"title":"Le gouvernement Conte r\u00e9voque les permis d'exportation de missiles et de bombes vers l'Arabie saoudite et les \u00c9mirats arabes unis","description":"Par un acte d'importance historique - qui a lieu pour la premi\u00e8re fois depuis l'entr\u00e9e en vigueur de la loi 185 de 1990 sur les exportations d'armes - le","robots":{"index":"index","follow":"follow","max-snippet":"max-snippet:-1","max-image-preview":"max-image-preview:large","max-video-preview":"max-video-preview:-1"},"canonical":"https:\/\/www.pressenza.com\/fr\/2021\/02\/le-gouvernement-conte-revoque-les-permis-dexportation-de-missiles-et-de-bombes-vers-larabie-saoudite-et-les-emirats-arabes-unis\/","og_locale":"fr_FR","og_type":"article","og_title":"Le gouvernement Conte r\u00e9voque les permis d'exportation de missiles et de bombes vers l'Arabie saoudite et les \u00c9mirats arabes unis","og_description":"Par un acte d'importance historique - qui a lieu pour la premi\u00e8re fois depuis l'entr\u00e9e en vigueur de la loi 185 de 1990 sur les exportations d'armes - le","og_url":"https:\/\/www.pressenza.com\/fr\/2021\/02\/le-gouvernement-conte-revoque-les-permis-dexportation-de-missiles-et-de-bombes-vers-larabie-saoudite-et-les-emirats-arabes-unis\/","og_site_name":"Pressenza","article_publisher":"https:\/\/www.facebook.com\/PressenzaItalia","article_author":"https:\/\/www.facebook.com\/p\/Riccardo-Noury-100041166531808\/","article_published_time":"2021-02-12T22:08:19+00:00","og_image":[{"width":800,"height":491,"url":"https:\/\/www.pressenza.com\/wp-content\/uploads\/2021\/01\/stop-RWM-domusnova.jpg","type":"image\/jpeg"}],"author":"Riccardo Noury","twitter_card":"summary_large_image","twitter_creator":"@riccardonoury","twitter_site":"@PressenzaIPA","twitter_misc":{"\u00c9crit par":"Riccardo Noury","Dur\u00e9e de lecture estim\u00e9e":"1 minute"},"schema":{"@context":"https:\/\/schema.org","@graph":[{"@type":"Article","@id":"https:\/\/www.pressenza.com\/fr\/2021\/02\/le-gouvernement-conte-revoque-les-permis-dexportation-de-missiles-et-de-bombes-vers-larabie-saoudite-et-les-emirats-arabes-unis\/#article","isPartOf":{"@id":"https:\/\/www.pressenza.com\/fr\/2021\/02\/le-gouvernement-conte-revoque-les-permis-dexportation-de-missiles-et-de-bombes-vers-larabie-saoudite-et-les-emirats-arabes-unis\/"},"author":{"name":"Riccardo Noury","@id":"https:\/\/www.pressenza.com\/fr\/#\/schema\/person\/8f342cd59f9d5aae911255240684f81e"},"headline":"Le gouvernement Conte r\u00e9voque les permis d&rsquo;exportation de missiles et de bombes vers l&rsquo;Arabie saoudite et les \u00c9mirats arabes unis","datePublished":"2021-02-12T22:08:19+00:00","mainEntityOfPage":{"@id":"https:\/\/www.pressenza.com\/fr\/2021\/02\/le-gouvernement-conte-revoque-les-permis-dexportation-de-missiles-et-de-bombes-vers-larabie-saoudite-et-les-emirats-arabes-unis\/"},"wordCount":311,"publisher":{"@id":"https:\/\/www.pressenza.com\/fr\/#organization"},"image":{"@id":"https:\/\/www.pressenza.com\/fr\/2021\/02\/le-gouvernement-conte-revoque-les-permis-dexportation-de-missiles-et-de-bombes-vers-larabie-saoudite-et-les-emirats-arabes-unis\/#primaryimage"},"thumbnailUrl":"https:\/\/www.pressenza.com\/wp-content\/uploads\/2021\/01\/stop-RWM-domusnova.jpg","keywords":["Arabie Saoudite","armes","\u00c9mirats Arabes Unis","exportation","Italie"],"articleSection":["Contenu Original","Europe","Paix et D\u00e9sarmement","Proche et Moyen-Orient"],"inLanguage":"fr-FR"},{"@type":"WebPage","@id":"https:\/\/www.pressenza.com\/fr\/2021\/02\/le-gouvernement-conte-revoque-les-permis-dexportation-de-missiles-et-de-bombes-vers-larabie-saoudite-et-les-emirats-arabes-unis\/","url":"https:\/\/www.pressenza.com\/fr\/2021\/02\/le-gouvernement-conte-revoque-les-permis-dexportation-de-missiles-et-de-bombes-vers-larabie-saoudite-et-les-emirats-arabes-unis\/","name":"Le gouvernement Conte r\u00e9voque les permis d'exportation de missiles et de bombes vers l'Arabie saoudite et les \u00c9mirats arabes unis","isPartOf":{"@id":"https:\/\/www.pressenza.com\/fr\/#website"},"primaryImageOfPage":{"@id":"https:\/\/www.pressenza.com\/fr\/2021\/02\/le-gouvernement-conte-revoque-les-permis-dexportation-de-missiles-et-de-bombes-vers-larabie-saoudite-et-les-emirats-arabes-unis\/#primaryimage"},"image":{"@id":"https:\/\/www.pressenza.com\/fr\/2021\/02\/le-gouvernement-conte-revoque-les-permis-dexportation-de-missiles-et-de-bombes-vers-larabie-saoudite-et-les-emirats-arabes-unis\/#primaryimage"},"thumbnailUrl":"https:\/\/www.pressenza.com\/wp-content\/uploads\/2021\/01\/stop-RWM-domusnova.jpg","datePublished":"2021-02-12T22:08:19+00:00","description":"Par un acte d'importance historique - qui a lieu pour la premi\u00e8re fois depuis l'entr\u00e9e en vigueur de la loi 185 de 1990 sur les exportations d'armes - le","breadcrumb":{"@id":"https:\/\/www.pressenza.com\/fr\/2021\/02\/le-gouvernement-conte-revoque-les-permis-dexportation-de-missiles-et-de-bombes-vers-larabie-saoudite-et-les-emirats-arabes-unis\/#breadcrumb"},"inLanguage":"fr-FR","potentialAction":[{"@type":"ReadAction","target":["https:\/\/www.pressenza.com\/fr\/2021\/02\/le-gouvernement-conte-revoque-les-permis-dexportation-de-missiles-et-de-bombes-vers-larabie-saoudite-et-les-emirats-arabes-unis\/"]}]},{"@type":"ImageObject","inLanguage":"fr-FR","@id":"https:\/\/www.pressenza.com\/fr\/2021\/02\/le-gouvernement-conte-revoque-les-permis-dexportation-de-missiles-et-de-bombes-vers-larabie-saoudite-et-les-emirats-arabes-unis\/#primaryimage","url":"https:\/\/www.pressenza.com\/wp-content\/uploads\/2021\/01\/stop-RWM-domusnova.jpg","contentUrl":"https:\/\/www.pressenza.com\/wp-content\/uploads\/2021\/01\/stop-RWM-domusnova.jpg","width":800,"height":491,"caption":"Un momento della nuova marcia degli antimilitaristi a Domusnovas, nel sud Sardegna, contro l'azienda tedesca Rwm, alle porte del paese del Sulcis Iglesiente, la \"fabbrica di bombe - denunciano - che devastano lo Yemen e tanti altri paesi per alcune centinaia di posti di lavoro e decine di milioni di euro di fatturato\". Domusnovas (Cagliari), 3 aprile 2017. ANSA\/ ROBERTO MURGIA"},{"@type":"BreadcrumbList","@id":"https:\/\/www.pressenza.com\/fr\/2021\/02\/le-gouvernement-conte-revoque-les-permis-dexportation-de-missiles-et-de-bombes-vers-larabie-saoudite-et-les-emirats-arabes-unis\/#breadcrumb","itemListElement":[{"@type":"ListItem","position":1,"name":"Accueil","item":"https:\/\/www.pressenza.com\/fr\/"},{"@type":"ListItem","position":2,"name":"Le gouvernement Conte r\u00e9voque les permis d&rsquo;exportation de missiles et de bombes vers l&rsquo;Arabie saoudite et les \u00c9mirats arabes unis"}]},{"@type":"WebSite","@id":"https:\/\/www.pressenza.com\/fr\/#website","url":"https:\/\/www.pressenza.com\/fr\/","name":"Pressenza","description":"International Press Agency","publisher":{"@id":"https:\/\/www.pressenza.com\/fr\/#organization"},"potentialAction":[{"@type":"SearchAction","target":{"@type":"EntryPoint","urlTemplate":"https:\/\/www.pressenza.com\/fr\/?s={search_term_string}"},"query-input":{"@type":"PropertyValueSpecification","valueRequired":true,"valueName":"search_term_string"}}],"inLanguage":"fr-FR"},{"@type":"Organization","@id":"https:\/\/www.pressenza.com\/fr\/#organization","name":"Pressenza","url":"https:\/\/www.pressenza.com\/fr\/","logo":{"@type":"ImageObject","inLanguage":"fr-FR","@id":"https:\/\/www.pressenza.com\/fr\/#\/schema\/logo\/image\/","url":"https:\/\/www.pressenza.com\/wp-content\/uploads\/2022\/10\/pressenza_logo_200x200.jpg","contentUrl":"https:\/\/www.pressenza.com\/wp-content\/uploads\/2022\/10\/pressenza_logo_200x200.jpg","width":200,"height":200,"caption":"Pressenza"},"image":{"@id":"https:\/\/www.pressenza.com\/fr\/#\/schema\/logo\/image\/"},"sameAs":["https:\/\/www.facebook.com\/PressenzaItalia","https:\/\/x.com\/PressenzaIPA"]},{"@type":"Person","@id":"https:\/\/www.pressenza.com\/fr\/#\/schema\/person\/8f342cd59f9d5aae911255240684f81e","name":"Riccardo Noury","sameAs":["http:\/\/www.amnesty.it\/","https:\/\/www.facebook.com\/p\/Riccardo-Noury-100041166531808\/","https:\/\/www.instagram.com\/riccardonoury9241","https:\/\/x.com\/riccardonoury"],"url":"https:\/\/www.pressenza.com\/fr\/author\/riccardo-noury\/"}]}},"place":"","original_article_url":"","_links":{"self":[{"href":"https:\/\/www.pressenza.com\/fr\/wp-json\/wp\/v2\/posts\/1297098","targetHints":{"allow":["GET"]}}],"collection":[{"href":"https:\/\/www.pressenza.com\/fr\/wp-json\/wp\/v2\/posts"}],"about":[{"href":"https:\/\/www.pressenza.com\/fr\/wp-json\/wp\/v2\/types\/post"}],"author":[{"embeddable":true,"href":"https:\/\/www.pressenza.com\/fr\/wp-json\/wp\/v2\/users\/1334"}],"replies":[{"embeddable":true,"href":"https:\/\/www.pressenza.com\/fr\/wp-json\/wp\/v2\/comments?post=1297098"}],"version-history":[{"count":0,"href":"https:\/\/www.pressenza.com\/fr\/wp-json\/wp\/v2\/posts\/1297098\/revisions"}],"wp:featuredmedia":[{"embeddable":true,"href":"https:\/\/www.pressenza.com\/fr\/wp-json\/wp\/v2\/media\/1271150"}],"wp:attachment":[{"href":"https:\/\/www.pressenza.com\/fr\/wp-json\/wp\/v2\/media?parent=1297098"}],"wp:term":[{"taxonomy":"category","embeddable":true,"href":"https:\/\/www.pressenza.com\/fr\/wp-json\/wp\/v2\/categories?post=1297098"},{"taxonomy":"post_tag","embeddable":true,"href":"https:\/\/www.pressenza.com\/fr\/wp-json\/wp\/v2\/tags?post=1297098"}],"curies":[{"name":"wp","href":"https:\/\/api.w.org\/{rel}","templated":true}]}}