{"id":1271704,"date":"2021-01-02T23:29:11","date_gmt":"2021-01-02T23:29:11","guid":{"rendered":"https:\/\/www.pressenza.com\/?p=1271704"},"modified":"2021-01-02T23:33:33","modified_gmt":"2021-01-02T23:33:33","slug":"marche-des-requisitions","status":"publish","type":"post","link":"https:\/\/www.pressenza.com\/fr\/2021\/01\/marche-des-requisitions\/","title":{"rendered":"Marche des r\u00e9quisitions"},"content":{"rendered":"<p><strong>Communiqu\u00e9 de Droit au Logement <\/strong><\/p>\n<p><strong>La loi et les droits des personnes sans abris, avec ou sans papiers, viol\u00e9s !<\/strong><br \/>\nLaisser \u00e0 la rue une personne ou une famille qui appelle\u00a0 au secours est inhumain, alors que tant de logements sont vacants et que la loi permet de les r\u00e9quisitionner. L\u2019application de cette mesure par l\u2019\u00c9tat est d\u2019autant plus n\u00e9cessaire que ce dernier doit selon la loi h\u00e9berger toute personne, avec ou sans papiers, exil\u00e9e, fran\u00e7aise, en situation de d\u00e9tresse faisant appel au 115, jusqu\u2019\u00e0 un relogement ou un h\u00e9bergement stable !<\/p>\n<p>Les associations estiment que plus 300 000 personnes sont priv\u00e9es de logements stable et digne. Nous savons que des dizaines de milliers de personnes sont encore \u00e0 la rue ou dans des bidonvilles, tandis que des centaines de milliers vivent des conditions de logement indignes et d\u00e9gradantes, malgr\u00e9 les droits et les lois en leur faveur.<\/p>\n<p><img loading=\"lazy\" decoding=\"async\" class=\"alignnone size-full wp-image-1271706\" src=\"https:\/\/www.pressenza.com\/wp-content\/uploads\/2021\/01\/DSC_9473.jpg\" alt=\"\" width=\"960\" height=\"720\" srcset=\"https:\/\/www.pressenza.com\/wp-content\/uploads\/2021\/01\/DSC_9473.jpg 960w, https:\/\/www.pressenza.com\/wp-content\/uploads\/2021\/01\/DSC_9473-300x225.jpg 300w, https:\/\/www.pressenza.com\/wp-content\/uploads\/2021\/01\/DSC_9473-720x540.jpg 720w, https:\/\/www.pressenza.com\/wp-content\/uploads\/2021\/01\/DSC_9473-768x576.jpg 768w\" sizes=\"auto, (max-width: 960px) 100vw, 960px\" \/><\/p>\n<p><strong>Logements vacants, un triste record !<\/strong><br \/>\nL\u2019INSEE a recens\u00e9 3 millions de logements vacants en France, 400 000 en IIe-de-France, 117 000 \u00e0 Paris. Record de tous les temps battu ! De plus, avec la crise, le d\u00e9veloppement du t\u00e9l\u00e9travail, le coup de frein sur le tourisme de masse, le nombre de bureaux vacants et de logements d\u00e9di\u00e9s au tourisme, dont AirBnb &amp;Co, va aussi augmenter rapidement.<\/p>\n<p><strong>Z\u00e9ro r\u00e9quisitions depuis 25 ans !<\/strong><br \/>\nDepuis 1945, 3 proc\u00e9dures de r\u00e9quisitions de locaux vacants \u00e0 destination des sans logis ont \u00e9t\u00e9 institu\u00e9es. Celle issue de l\u2019ordonnance du 11 octobre 1945, a fait ses preuves puisqu\u2019elle a permis la r\u00e9quisition de plus de 100 000 logements jusque dans les ann\u00e9es 90, dont un millier en 1995-1996, sur ordre de Chirac, apr\u00e8s l\u2019occupation du 7 rue du Dragon en d\u00e9cembre 1994.<br \/>\nDepuis AUCUNE r\u00e9quisition n\u2019a \u00e9t\u00e9 prononc\u00e9 sur des biens appartenant \u00e0 de grands propri\u00e9taires priv\u00e9s, malgr\u00e9 l\u2019adoption en 1998 et 2018 \u00a0de 2 nouvelles proc\u00e9dures de r\u00e9quisition inefficaces et inapplicables.<\/p>\n<p><img loading=\"lazy\" decoding=\"async\" class=\"alignnone size-full wp-image-1271756\" src=\"https:\/\/www.pressenza.com\/wp-content\/uploads\/2021\/01\/DSC-9452.jpg\" alt=\"\" width=\"960\" height=\"720\" srcset=\"https:\/\/www.pressenza.com\/wp-content\/uploads\/2021\/01\/DSC-9452.jpg 960w, https:\/\/www.pressenza.com\/wp-content\/uploads\/2021\/01\/DSC-9452-300x225.jpg 300w, https:\/\/www.pressenza.com\/wp-content\/uploads\/2021\/01\/DSC-9452-720x540.jpg 720w, https:\/\/www.pressenza.com\/wp-content\/uploads\/2021\/01\/DSC-9452-768x576.jpg 768w\" sizes=\"auto, (max-width: 960px) 100vw, 960px\" \/><br \/>\n<strong><br \/>\nIls soutiennent les lobbys de l\u2019immobilier !<\/strong><br \/>\nLes ministres du logement qui se sont succ\u00e9d\u00e9 depuis ont fait le dos rond ou ont pr\u00e9tendu que les pr\u00e9fets jugeaient la r\u00e9quisition trop compliqu\u00e9e pour la mettre en \u0153uvre : c\u2019est \u00e9videmment\u00a0 un faux pr\u00e9texte pour ne rien faire et ne pas affronter les puissants lobbys de l\u2019immobilier qui tirent des profits extraordinaires de la sp\u00e9culation, du logement cher et de la crise du logement !<br \/>\n<strong><br \/>\nIls pr\u00e9f\u00e8rent nous matraquer nous r\u00e9primer plut\u00f4t que nous loger\u00a0!<\/strong><br \/>\nComme on l\u2019a vu \u00e0 Aubervilliers, St Denis et Place de la R\u00e9publique fin novembre, comme on le constate quotidiennement, il ne fait pas bon d\u2019\u00eatre sans abris en France. La hi\u00e9rarchie polici\u00e8re et politique nous assimile \u00e0 des d\u00e9linquants, ou tout au moins \u00e0 une question d\u2019ordre public.<\/p>\n<p>C\u2019est pourquoi, nous\u00a0 lan\u00e7ons tous ensemble et dans toute la France une campagne en direction du Gouvernement pour qu\u2019il applique la loi de r\u00e9quisition, car la\u00a0 crise du logement s\u2019aggrave\u00a0 comme jamais depuis un demi si\u00e8cle !<\/p>\n<p><img loading=\"lazy\" decoding=\"async\" class=\"alignnone size-full wp-image-1271746\" src=\"https:\/\/www.pressenza.com\/wp-content\/uploads\/2021\/01\/DSC_9641.jpg\" alt=\"\" width=\"960\" height=\"720\" srcset=\"https:\/\/www.pressenza.com\/wp-content\/uploads\/2021\/01\/DSC_9641.jpg 960w, https:\/\/www.pressenza.com\/wp-content\/uploads\/2021\/01\/DSC_9641-300x225.jpg 300w, https:\/\/www.pressenza.com\/wp-content\/uploads\/2021\/01\/DSC_9641-720x540.jpg 720w, https:\/\/www.pressenza.com\/wp-content\/uploads\/2021\/01\/DSC_9641-768x576.jpg 768w\" sizes=\"auto, (max-width: 960px) 100vw, 960px\" \/><br \/>\n<strong><br \/>\nNous voulons :<\/strong><br \/>\n\u2013 Qu\u2019il ordonne aux Pr\u00e9fets, sans faire semblant, de r\u00e9quisitionner dans toute la France des logements et des bureaux vacants pour les sans-abris et les tr\u00e8s mal-log\u00e9s. Plus personne \u00e0 la rue, plus personne dans des taudis et plus personnes dans des h\u00e9bergements indignes et pr\u00e9caires !<br \/>\n\u2013 Un recensement massif des logements et locaux vacants de grands propri\u00e9taires priv\u00e9s et publics<br \/>\n\u2013 Que les demandes\u00a0de r\u00e9quisitions d\u00e9pos\u00e9es en d\u00e9cembre \u00e0 la Pr\u00e9fecture de r\u00e9gion Ile-de-France soient examin\u00e9es et lanc\u00e9es<br \/>\n\u2013 Une v\u00e9ritable politique sociale du logement<\/p>\n<p><img loading=\"lazy\" decoding=\"async\" class=\"alignnone size-full wp-image-1271736\" src=\"https:\/\/www.pressenza.com\/wp-content\/uploads\/2021\/01\/DSC_9610.jpg\" alt=\"\" width=\"960\" height=\"720\" srcset=\"https:\/\/www.pressenza.com\/wp-content\/uploads\/2021\/01\/DSC_9610.jpg 960w, https:\/\/www.pressenza.com\/wp-content\/uploads\/2021\/01\/DSC_9610-300x225.jpg 300w, https:\/\/www.pressenza.com\/wp-content\/uploads\/2021\/01\/DSC_9610-720x540.jpg 720w, https:\/\/www.pressenza.com\/wp-content\/uploads\/2021\/01\/DSC_9610-768x576.jpg 768w\" sizes=\"auto, (max-width: 960px) 100vw, 960px\" \/><\/p>\n<p><em><strong>\u00c0 l\u2019appel du \u00ab Collectif r\u00e9quisition \u00bb 1ers signataires: <\/strong><\/em><em>Collectif des jeunes tchadiens en France, Collectif La Vie l\u00e0, Copaf, CSP 75, DAL, Marche des Solidarit\u00e9s, Solidarit\u00e9 Migrants Wilson, Utopia56 <\/em><strong><em>Ainsi que: <\/em><\/strong><em>AFVS, Aitec, ATMF, ATTAC France, Bagag\u00e9rue, BSP 20<sup>\u00e8me<\/sup>, CGT UD75, CNAFAL, CNL, Collectif Logement Paris 14, Collectif \u00abPlus Jamais \u00e7a\u00bb Paris, Collectif Sortir du silence, Collectif 93HB, Enfants d\u2019Afghanistan et d\u2019Ailleurs, EVTC St Denis, FASTI, FLC Ad\u00e9ic, Les \u00c9veill\u00e9s, MNCP, Paris d\u2019Exil, Pas Sans Nous, SNPES-PJJ\/FSU, Stop Pr\u00e9carit\u00e9, Union Syndicale Solidaires, United Migrants<\/em><\/p>\n","protected":false},"excerpt":{"rendered":"<p>Communiqu\u00e9 de Droit au Logement La loi et les droits des personnes sans abris, avec ou sans papiers, viol\u00e9s ! Laisser \u00e0 la rue une personne ou une famille qui appelle\u00a0 au secours est inhumain, alors que tant de logements&hellip;<\/p>\n","protected":false},"author":1215,"featured_media":1271716,"comment_status":"closed","ping_status":"closed","sticky":false,"template":"","format":"standard","meta":{"footnotes":""},"categories":[98,85,40],"tags":[37152,59357,85776],"class_list":["post-1271704","post","type-post","status-publish","format-standard","has-post-thumbnail","hentry","category-droits-de-lhomme","category-europe-fr","category-international-fr","tag-droit-au-logement","tag-precarite","tag-requisition-de-logement"],"yoast_head":"<!-- This site is optimized with the Yoast SEO plugin v27.1.1 - https:\/\/yoast.com\/product\/yoast-seo-wordpress\/ -->\n<title>Marche des r\u00e9quisitions<\/title>\n<meta name=\"description\" content=\"Communiqu\u00e9 de Droit au Logement La loi et les droits des personnes sans abris, avec ou sans papiers, viol\u00e9s ! Laisser \u00e0 la rue une personne ou une famille\" \/>\n<meta name=\"robots\" content=\"index, follow, max-snippet:-1, max-image-preview:large, max-video-preview:-1\" \/>\n<link rel=\"canonical\" href=\"https:\/\/www.pressenza.com\/fr\/2021\/01\/marche-des-requisitions\/\" \/>\n<meta property=\"og:locale\" content=\"fr_FR\" \/>\n<meta property=\"og:type\" content=\"article\" \/>\n<meta property=\"og:title\" content=\"Marche des r\u00e9quisitions\" \/>\n<meta property=\"og:description\" content=\"Communiqu\u00e9 de Droit au Logement La loi et les droits des personnes sans abris, avec ou sans papiers, viol\u00e9s ! Laisser \u00e0 la rue une personne ou une famille\" \/>\n<meta property=\"og:url\" content=\"https:\/\/www.pressenza.com\/fr\/2021\/01\/marche-des-requisitions\/\" \/>\n<meta property=\"og:site_name\" content=\"Pressenza\" \/>\n<meta property=\"article:publisher\" content=\"https:\/\/www.facebook.com\/PressenzaItalia\" \/>\n<meta property=\"article:published_time\" content=\"2021-01-02T23:29:11+00:00\" \/>\n<meta property=\"article:modified_time\" content=\"2021-01-02T23:33:33+00:00\" \/>\n<meta property=\"og:image\" content=\"https:\/\/www.pressenza.com\/wp-content\/uploads\/2021\/01\/DSC_9591.jpg\" \/>\n\t<meta property=\"og:image:width\" content=\"960\" \/>\n\t<meta property=\"og:image:height\" content=\"720\" \/>\n\t<meta property=\"og:image:type\" content=\"image\/jpeg\" \/>\n<meta name=\"author\" content=\"Brigitte Cano\" \/>\n<meta name=\"twitter:card\" content=\"summary_large_image\" \/>\n<meta name=\"twitter:creator\" content=\"@PressenzaIPA\" \/>\n<meta name=\"twitter:site\" content=\"@PressenzaIPA\" \/>\n<meta name=\"twitter:label1\" content=\"\u00c9crit par\" \/>\n\t<meta name=\"twitter:data1\" content=\"Brigitte Cano\" \/>\n\t<meta name=\"twitter:label2\" content=\"Dur\u00e9e de lecture estim\u00e9e\" \/>\n\t<meta name=\"twitter:data2\" content=\"4 minutes\" \/>\n<script type=\"application\/ld+json\" class=\"yoast-schema-graph\">{\"@context\":\"https:\/\/schema.org\",\"@graph\":[{\"@type\":\"Article\",\"@id\":\"https:\/\/www.pressenza.com\/fr\/2021\/01\/marche-des-requisitions\/#article\",\"isPartOf\":{\"@id\":\"https:\/\/www.pressenza.com\/fr\/2021\/01\/marche-des-requisitions\/\"},\"author\":{\"name\":\"Brigitte Cano\",\"@id\":\"https:\/\/www.pressenza.com\/fr\/#\/schema\/person\/602645a77d2912fc1013c3f8ff496e97\"},\"headline\":\"Marche des r\u00e9quisitions\",\"datePublished\":\"2021-01-02T23:29:11+00:00\",\"dateModified\":\"2021-01-02T23:33:33+00:00\",\"mainEntityOfPage\":{\"@id\":\"https:\/\/www.pressenza.com\/fr\/2021\/01\/marche-des-requisitions\/\"},\"wordCount\":709,\"publisher\":{\"@id\":\"https:\/\/www.pressenza.com\/fr\/#organization\"},\"image\":{\"@id\":\"https:\/\/www.pressenza.com\/fr\/2021\/01\/marche-des-requisitions\/#primaryimage\"},\"thumbnailUrl\":\"https:\/\/www.pressenza.com\/wp-content\/uploads\/2021\/01\/DSC_9591.jpg\",\"keywords\":[\"droit au logement\",\"precarit\u00e9\",\"r\u00e9quisition de logement\"],\"articleSection\":[\"Droits humains\",\"Europe\",\"International\"],\"inLanguage\":\"fr-FR\"},{\"@type\":\"WebPage\",\"@id\":\"https:\/\/www.pressenza.com\/fr\/2021\/01\/marche-des-requisitions\/\",\"url\":\"https:\/\/www.pressenza.com\/fr\/2021\/01\/marche-des-requisitions\/\",\"name\":\"Marche des r\u00e9quisitions\",\"isPartOf\":{\"@id\":\"https:\/\/www.pressenza.com\/fr\/#website\"},\"primaryImageOfPage\":{\"@id\":\"https:\/\/www.pressenza.com\/fr\/2021\/01\/marche-des-requisitions\/#primaryimage\"},\"image\":{\"@id\":\"https:\/\/www.pressenza.com\/fr\/2021\/01\/marche-des-requisitions\/#primaryimage\"},\"thumbnailUrl\":\"https:\/\/www.pressenza.com\/wp-content\/uploads\/2021\/01\/DSC_9591.jpg\",\"datePublished\":\"2021-01-02T23:29:11+00:00\",\"dateModified\":\"2021-01-02T23:33:33+00:00\",\"description\":\"Communiqu\u00e9 de Droit au Logement La loi et les droits des personnes sans abris, avec ou sans papiers, viol\u00e9s ! Laisser \u00e0 la rue une personne ou une famille\",\"breadcrumb\":{\"@id\":\"https:\/\/www.pressenza.com\/fr\/2021\/01\/marche-des-requisitions\/#breadcrumb\"},\"inLanguage\":\"fr-FR\",\"potentialAction\":[{\"@type\":\"ReadAction\",\"target\":[\"https:\/\/www.pressenza.com\/fr\/2021\/01\/marche-des-requisitions\/\"]}]},{\"@type\":\"ImageObject\",\"inLanguage\":\"fr-FR\",\"@id\":\"https:\/\/www.pressenza.com\/fr\/2021\/01\/marche-des-requisitions\/#primaryimage\",\"url\":\"https:\/\/www.pressenza.com\/wp-content\/uploads\/2021\/01\/DSC_9591.jpg\",\"contentUrl\":\"https:\/\/www.pressenza.com\/wp-content\/uploads\/2021\/01\/DSC_9591.jpg\",\"width\":960,\"height\":720,\"caption\":\"Marche des r\u00e9quisitions\"},{\"@type\":\"BreadcrumbList\",\"@id\":\"https:\/\/www.pressenza.com\/fr\/2021\/01\/marche-des-requisitions\/#breadcrumb\",\"itemListElement\":[{\"@type\":\"ListItem\",\"position\":1,\"name\":\"Accueil\",\"item\":\"https:\/\/www.pressenza.com\/fr\/\"},{\"@type\":\"ListItem\",\"position\":2,\"name\":\"Marche des r\u00e9quisitions\"}]},{\"@type\":\"WebSite\",\"@id\":\"https:\/\/www.pressenza.com\/fr\/#website\",\"url\":\"https:\/\/www.pressenza.com\/fr\/\",\"name\":\"Pressenza\",\"description\":\"International Press Agency\",\"publisher\":{\"@id\":\"https:\/\/www.pressenza.com\/fr\/#organization\"},\"potentialAction\":[{\"@type\":\"SearchAction\",\"target\":{\"@type\":\"EntryPoint\",\"urlTemplate\":\"https:\/\/www.pressenza.com\/fr\/?s={search_term_string}\"},\"query-input\":{\"@type\":\"PropertyValueSpecification\",\"valueRequired\":true,\"valueName\":\"search_term_string\"}}],\"inLanguage\":\"fr-FR\"},{\"@type\":\"Organization\",\"@id\":\"https:\/\/www.pressenza.com\/fr\/#organization\",\"name\":\"Pressenza\",\"url\":\"https:\/\/www.pressenza.com\/fr\/\",\"logo\":{\"@type\":\"ImageObject\",\"inLanguage\":\"fr-FR\",\"@id\":\"https:\/\/www.pressenza.com\/fr\/#\/schema\/logo\/image\/\",\"url\":\"https:\/\/www.pressenza.com\/wp-content\/uploads\/2022\/10\/pressenza_logo_200x200.jpg\",\"contentUrl\":\"https:\/\/www.pressenza.com\/wp-content\/uploads\/2022\/10\/pressenza_logo_200x200.jpg\",\"width\":200,\"height\":200,\"caption\":\"Pressenza\"},\"image\":{\"@id\":\"https:\/\/www.pressenza.com\/fr\/#\/schema\/logo\/image\/\"},\"sameAs\":[\"https:\/\/www.facebook.com\/PressenzaItalia\",\"https:\/\/x.com\/PressenzaIPA\"]},{\"@type\":\"Person\",\"@id\":\"https:\/\/www.pressenza.com\/fr\/#\/schema\/person\/602645a77d2912fc1013c3f8ff496e97\",\"name\":\"Brigitte Cano\",\"url\":\"https:\/\/www.pressenza.com\/fr\/author\/brigittecano\/\"}]}<\/script>\n<!-- \/ Yoast SEO plugin. -->","yoast_head_json":{"title":"Marche des r\u00e9quisitions","description":"Communiqu\u00e9 de Droit au Logement La loi et les droits des personnes sans abris, avec ou sans papiers, viol\u00e9s ! Laisser \u00e0 la rue une personne ou une famille","robots":{"index":"index","follow":"follow","max-snippet":"max-snippet:-1","max-image-preview":"max-image-preview:large","max-video-preview":"max-video-preview:-1"},"canonical":"https:\/\/www.pressenza.com\/fr\/2021\/01\/marche-des-requisitions\/","og_locale":"fr_FR","og_type":"article","og_title":"Marche des r\u00e9quisitions","og_description":"Communiqu\u00e9 de Droit au Logement La loi et les droits des personnes sans abris, avec ou sans papiers, viol\u00e9s ! Laisser \u00e0 la rue une personne ou une famille","og_url":"https:\/\/www.pressenza.com\/fr\/2021\/01\/marche-des-requisitions\/","og_site_name":"Pressenza","article_publisher":"https:\/\/www.facebook.com\/PressenzaItalia","article_published_time":"2021-01-02T23:29:11+00:00","article_modified_time":"2021-01-02T23:33:33+00:00","og_image":[{"width":960,"height":720,"url":"https:\/\/www.pressenza.com\/wp-content\/uploads\/2021\/01\/DSC_9591.jpg","type":"image\/jpeg"}],"author":"Brigitte Cano","twitter_card":"summary_large_image","twitter_creator":"@PressenzaIPA","twitter_site":"@PressenzaIPA","twitter_misc":{"\u00c9crit par":"Brigitte Cano","Dur\u00e9e de lecture estim\u00e9e":"4 minutes"},"schema":{"@context":"https:\/\/schema.org","@graph":[{"@type":"Article","@id":"https:\/\/www.pressenza.com\/fr\/2021\/01\/marche-des-requisitions\/#article","isPartOf":{"@id":"https:\/\/www.pressenza.com\/fr\/2021\/01\/marche-des-requisitions\/"},"author":{"name":"Brigitte Cano","@id":"https:\/\/www.pressenza.com\/fr\/#\/schema\/person\/602645a77d2912fc1013c3f8ff496e97"},"headline":"Marche des r\u00e9quisitions","datePublished":"2021-01-02T23:29:11+00:00","dateModified":"2021-01-02T23:33:33+00:00","mainEntityOfPage":{"@id":"https:\/\/www.pressenza.com\/fr\/2021\/01\/marche-des-requisitions\/"},"wordCount":709,"publisher":{"@id":"https:\/\/www.pressenza.com\/fr\/#organization"},"image":{"@id":"https:\/\/www.pressenza.com\/fr\/2021\/01\/marche-des-requisitions\/#primaryimage"},"thumbnailUrl":"https:\/\/www.pressenza.com\/wp-content\/uploads\/2021\/01\/DSC_9591.jpg","keywords":["droit au logement","precarit\u00e9","r\u00e9quisition de logement"],"articleSection":["Droits humains","Europe","International"],"inLanguage":"fr-FR"},{"@type":"WebPage","@id":"https:\/\/www.pressenza.com\/fr\/2021\/01\/marche-des-requisitions\/","url":"https:\/\/www.pressenza.com\/fr\/2021\/01\/marche-des-requisitions\/","name":"Marche des r\u00e9quisitions","isPartOf":{"@id":"https:\/\/www.pressenza.com\/fr\/#website"},"primaryImageOfPage":{"@id":"https:\/\/www.pressenza.com\/fr\/2021\/01\/marche-des-requisitions\/#primaryimage"},"image":{"@id":"https:\/\/www.pressenza.com\/fr\/2021\/01\/marche-des-requisitions\/#primaryimage"},"thumbnailUrl":"https:\/\/www.pressenza.com\/wp-content\/uploads\/2021\/01\/DSC_9591.jpg","datePublished":"2021-01-02T23:29:11+00:00","dateModified":"2021-01-02T23:33:33+00:00","description":"Communiqu\u00e9 de Droit au Logement La loi et les droits des personnes sans abris, avec ou sans papiers, viol\u00e9s ! Laisser \u00e0 la rue une personne ou une famille","breadcrumb":{"@id":"https:\/\/www.pressenza.com\/fr\/2021\/01\/marche-des-requisitions\/#breadcrumb"},"inLanguage":"fr-FR","potentialAction":[{"@type":"ReadAction","target":["https:\/\/www.pressenza.com\/fr\/2021\/01\/marche-des-requisitions\/"]}]},{"@type":"ImageObject","inLanguage":"fr-FR","@id":"https:\/\/www.pressenza.com\/fr\/2021\/01\/marche-des-requisitions\/#primaryimage","url":"https:\/\/www.pressenza.com\/wp-content\/uploads\/2021\/01\/DSC_9591.jpg","contentUrl":"https:\/\/www.pressenza.com\/wp-content\/uploads\/2021\/01\/DSC_9591.jpg","width":960,"height":720,"caption":"Marche des r\u00e9quisitions"},{"@type":"BreadcrumbList","@id":"https:\/\/www.pressenza.com\/fr\/2021\/01\/marche-des-requisitions\/#breadcrumb","itemListElement":[{"@type":"ListItem","position":1,"name":"Accueil","item":"https:\/\/www.pressenza.com\/fr\/"},{"@type":"ListItem","position":2,"name":"Marche des r\u00e9quisitions"}]},{"@type":"WebSite","@id":"https:\/\/www.pressenza.com\/fr\/#website","url":"https:\/\/www.pressenza.com\/fr\/","name":"Pressenza","description":"International Press Agency","publisher":{"@id":"https:\/\/www.pressenza.com\/fr\/#organization"},"potentialAction":[{"@type":"SearchAction","target":{"@type":"EntryPoint","urlTemplate":"https:\/\/www.pressenza.com\/fr\/?s={search_term_string}"},"query-input":{"@type":"PropertyValueSpecification","valueRequired":true,"valueName":"search_term_string"}}],"inLanguage":"fr-FR"},{"@type":"Organization","@id":"https:\/\/www.pressenza.com\/fr\/#organization","name":"Pressenza","url":"https:\/\/www.pressenza.com\/fr\/","logo":{"@type":"ImageObject","inLanguage":"fr-FR","@id":"https:\/\/www.pressenza.com\/fr\/#\/schema\/logo\/image\/","url":"https:\/\/www.pressenza.com\/wp-content\/uploads\/2022\/10\/pressenza_logo_200x200.jpg","contentUrl":"https:\/\/www.pressenza.com\/wp-content\/uploads\/2022\/10\/pressenza_logo_200x200.jpg","width":200,"height":200,"caption":"Pressenza"},"image":{"@id":"https:\/\/www.pressenza.com\/fr\/#\/schema\/logo\/image\/"},"sameAs":["https:\/\/www.facebook.com\/PressenzaItalia","https:\/\/x.com\/PressenzaIPA"]},{"@type":"Person","@id":"https:\/\/www.pressenza.com\/fr\/#\/schema\/person\/602645a77d2912fc1013c3f8ff496e97","name":"Brigitte Cano","url":"https:\/\/www.pressenza.com\/fr\/author\/brigittecano\/"}]}},"place":"Paris, France","original_article_url":"","_links":{"self":[{"href":"https:\/\/www.pressenza.com\/fr\/wp-json\/wp\/v2\/posts\/1271704","targetHints":{"allow":["GET"]}}],"collection":[{"href":"https:\/\/www.pressenza.com\/fr\/wp-json\/wp\/v2\/posts"}],"about":[{"href":"https:\/\/www.pressenza.com\/fr\/wp-json\/wp\/v2\/types\/post"}],"author":[{"embeddable":true,"href":"https:\/\/www.pressenza.com\/fr\/wp-json\/wp\/v2\/users\/1215"}],"replies":[{"embeddable":true,"href":"https:\/\/www.pressenza.com\/fr\/wp-json\/wp\/v2\/comments?post=1271704"}],"version-history":[{"count":0,"href":"https:\/\/www.pressenza.com\/fr\/wp-json\/wp\/v2\/posts\/1271704\/revisions"}],"wp:featuredmedia":[{"embeddable":true,"href":"https:\/\/www.pressenza.com\/fr\/wp-json\/wp\/v2\/media\/1271716"}],"wp:attachment":[{"href":"https:\/\/www.pressenza.com\/fr\/wp-json\/wp\/v2\/media?parent=1271704"}],"wp:term":[{"taxonomy":"category","embeddable":true,"href":"https:\/\/www.pressenza.com\/fr\/wp-json\/wp\/v2\/categories?post=1271704"},{"taxonomy":"post_tag","embeddable":true,"href":"https:\/\/www.pressenza.com\/fr\/wp-json\/wp\/v2\/tags?post=1271704"}],"curies":[{"name":"wp","href":"https:\/\/api.w.org\/{rel}","templated":true}]}}