{"id":126964,"date":"2014-08-20T00:08:44","date_gmt":"2014-08-19T23:08:44","guid":{"rendered":"http:\/\/www.pressenza.com\/?p=126964"},"modified":"2014-08-20T00:08:44","modified_gmt":"2014-08-19T23:08:44","slug":"virus-ebola-menace-se-propager-cameroun","status":"publish","type":"post","link":"https:\/\/www.pressenza.com\/fr\/2014\/08\/virus-ebola-menace-se-propager-cameroun\/","title":{"rendered":"Le virus Ebola menace de se propager sur le Cameroun"},"content":{"rendered":"<p><strong>Par Fran\u00e7ois Tekam &#8211; Pressenza Cameroun<\/strong><\/p>\n<p>C\u2019est \u00e0 bras le corps que les autorit\u00e9s camerounaises ont pris la lourde responsabilit\u00e9 de fermer les fronti\u00e8res avec les pays atteints par l\u2019\u00e9pid\u00e9mie, \u00e0 l\u2019instar du Nigeria. Tandis qu\u2019\u00e0 l\u2019int\u00e9rieur du pays une folle rumeur a r\u00e9cemment aliment\u00e9e les chaumi\u00e8res faisant \u00e9tat de la pr\u00e9sence des cas de malades d\u2019Ebola dans un h\u00f4pital de la capitale \u00e9conomique Douala. Souvent lent et absent au moment de la prise d\u2019importantes d\u00e9cisions, le Cameroun n\u2019a pas attendu enregistrer des cas de la maladie sur son sol pour intervenir.<\/p>\n<p>La flamb\u00e9e \u00e9pid\u00e9mique du virus Ebola fait perdre le sommeil aux pays de l\u2019Afrique subsaharienne en g\u00e9n\u00e9ral et du Cameroun en particulier. Les autorit\u00e9s de ce pays viennent de prendre une mesure forte pour barrer la route au virus Ebola sur leur territoire. C\u2019est \u00e0 travers un d\u00e9cret que les populations ont \u00e9t\u00e9 inform\u00e9es que jusqu\u2019\u00e0 nouvelle ordre, les fronti\u00e8res avec le Nigeria seront ferm\u00e9es. Contrairement aux autorit\u00e9s \u00e9quato-guin\u00e9ennes qui avaient fait autant sans en informer la partie camerounaise, le Cameroun a tenu \u00e0 pr\u00e9ciser son acte dans un communiqu\u00e9 sign\u00e9 le 14 ao\u00fbt dernier par le chef de l\u2019Etat.<\/p>\n<p>Apr\u00e8s avoir d\u00e9menti l&rsquo;apparition de la fi\u00e8vre Ebola \u00e0 Douala suite \u00e0 une rumeur, le Cameroun manifeste ainsi sa volont\u00e9 d\u2019emp\u00eacher ce virus de s\u2019introduire sur son territoire. Les fronti\u00e8res a\u00e9riennes, maritimes et terrestres du Cameroun avec le Nigeria sont ainsi ferm\u00e9es. Cette fermeture n\u2019\u00e9tant qu\u2019une mesure pr\u00e9ventive, elles seront aussit\u00f4t rouvertes lorsque l\u2019\u00e9pid\u00e9mie sera ma\u00eetris\u00e9e au Nigeria. Les vols vers et en provenance du Nigeria ont \u00e9t\u00e9 suspendus. Il en de m\u00eame du transport maritime et terrestre. Du coup les commer\u00e7ants paient de prix de cette lourde et difficile d\u00e9cision. Ils ont \u00e9t\u00e9 refoul\u00e9s pour la plupart des fronti\u00e8res par la douane camerounaise avec leurs marchandises.<\/p>\n<p>Les chiffres de l&rsquo;Organisation mondiale de la sant\u00e9 (OMS) sont effroyables\u00a0: en cinq mois seulement, l&rsquo;\u00e9pid\u00e9mie d&rsquo;Ebola a fait plus de 1.145 morts r\u00e9partis sur quatre pays \u00e0 savoir le Liberia, la Guin\u00e9e, la Sierra Leone et le Nigeria. L\u2019OMS qualifie cette \u00e9pid\u00e9mie comme \u00e9tant la plus grave depuis son apparition en 1976. La situation sanitaire du Cameroun n\u2019a \u00e9t\u00e9 gu\u00e8re reluisante ces derni\u00e8res ann\u00e9es. Le pays a \u00e9t\u00e9 menac\u00e9 par le polio virus sauvage et le cholera qui sont des maladies \u00e9pid\u00e9miologiques. Bien que ces maladies aient \u00e9t\u00e9 jusqu\u2019ici bien ma\u00eetris\u00e9es, le Cameroun a pr\u00e9f\u00e9r\u00e9 pr\u00e9venir que gu\u00e9rir face au virus Ebola.<\/p>\n<p>&nbsp;<\/p>\n<p>&nbsp;<\/p>\n","protected":false},"excerpt":{"rendered":"<p>Par Fran\u00e7ois Tekam &#8211; Pressenza Cameroun C\u2019est \u00e0 bras le corps que les autorit\u00e9s camerounaises ont pris la lourde responsabilit\u00e9 de fermer les fronti\u00e8res avec les pays atteints par l\u2019\u00e9pid\u00e9mie, \u00e0 l\u2019instar du Nigeria. Tandis qu\u2019\u00e0 l\u2019int\u00e9rieur du pays une&hellip;<\/p>\n","protected":false},"author":248,"featured_media":126967,"comment_status":"closed","ping_status":"open","sticky":false,"template":"","format":"standard","meta":{"footnotes":""},"categories":[83,11386,40,1245],"tags":[2612,11942,11943],"class_list":["post-126964","post","type-post","status-publish","format-standard","has-post-thumbnail","hentry","category-africa-fr","category-contenu-original","category-international-fr","category-sante-sujet","tag-cameroun","tag-ebola-fr","tag-virus"],"yoast_head":"<!-- This site is optimized with the Yoast SEO plugin v27.1.1 - https:\/\/yoast.com\/product\/yoast-seo-wordpress\/ -->\n<title>Le virus Ebola menace de se propager sur le Cameroun<\/title>\n<meta name=\"description\" content=\"Par Fran\u00e7ois Tekam - Pressenza Cameroun C\u2019est \u00e0 bras le corps que les autorit\u00e9s camerounaises ont pris la lourde responsabilit\u00e9 de fermer les fronti\u00e8res\" \/>\n<meta name=\"robots\" content=\"index, follow, max-snippet:-1, max-image-preview:large, max-video-preview:-1\" \/>\n<link rel=\"canonical\" href=\"https:\/\/www.pressenza.com\/fr\/2014\/08\/virus-ebola-menace-se-propager-cameroun\/\" \/>\n<meta property=\"og:locale\" content=\"fr_FR\" \/>\n<meta property=\"og:type\" content=\"article\" \/>\n<meta property=\"og:title\" content=\"Le virus Ebola menace de se propager sur le Cameroun\" \/>\n<meta property=\"og:description\" content=\"Par Fran\u00e7ois Tekam - Pressenza Cameroun C\u2019est \u00e0 bras le corps que les autorit\u00e9s camerounaises ont pris la lourde responsabilit\u00e9 de fermer les fronti\u00e8res\" \/>\n<meta property=\"og:url\" content=\"https:\/\/www.pressenza.com\/fr\/2014\/08\/virus-ebola-menace-se-propager-cameroun\/\" \/>\n<meta property=\"og:site_name\" content=\"Pressenza\" \/>\n<meta property=\"article:publisher\" content=\"https:\/\/www.facebook.com\/PressenzaItalia\" \/>\n<meta property=\"article:published_time\" content=\"2014-08-19T23:08:44+00:00\" \/>\n<meta property=\"og:image\" content=\"https:\/\/www.pressenza.com\/wp-content\/uploads\/2014\/08\/Ebola_Hemorrhagic_Fever_Distribution_Map-Le-virus-Ebola-menace-de-se-propager-sur-le-Cameroun.jpg\" \/>\n\t<meta property=\"og:image:width\" content=\"485\" \/>\n\t<meta property=\"og:image:height\" content=\"543\" \/>\n\t<meta property=\"og:image:type\" content=\"image\/jpeg\" \/>\n<meta name=\"author\" content=\"Fran\u00e7ois Tekam\" \/>\n<meta name=\"twitter:card\" content=\"summary_large_image\" \/>\n<meta name=\"twitter:creator\" content=\"@PressenzaIPA\" \/>\n<meta name=\"twitter:site\" content=\"@PressenzaIPA\" \/>\n<meta name=\"twitter:label1\" content=\"\u00c9crit par\" \/>\n\t<meta name=\"twitter:data1\" content=\"Fran\u00e7ois Tekam\" \/>\n\t<meta name=\"twitter:label2\" content=\"Dur\u00e9e de lecture estim\u00e9e\" \/>\n\t<meta name=\"twitter:data2\" content=\"2 minutes\" \/>\n<script type=\"application\/ld+json\" class=\"yoast-schema-graph\">{\"@context\":\"https:\/\/schema.org\",\"@graph\":[{\"@type\":\"Article\",\"@id\":\"https:\/\/www.pressenza.com\/fr\/2014\/08\/virus-ebola-menace-se-propager-cameroun\/#article\",\"isPartOf\":{\"@id\":\"https:\/\/www.pressenza.com\/fr\/2014\/08\/virus-ebola-menace-se-propager-cameroun\/\"},\"author\":{\"name\":\"Fran\u00e7ois Tekam\",\"@id\":\"https:\/\/www.pressenza.com\/fr\/#\/schema\/person\/9ae9dbeeba564284657be26a9456fbf8\"},\"headline\":\"Le virus Ebola menace de se propager sur le Cameroun\",\"datePublished\":\"2014-08-19T23:08:44+00:00\",\"mainEntityOfPage\":{\"@id\":\"https:\/\/www.pressenza.com\/fr\/2014\/08\/virus-ebola-menace-se-propager-cameroun\/\"},\"wordCount\":481,\"publisher\":{\"@id\":\"https:\/\/www.pressenza.com\/fr\/#organization\"},\"image\":{\"@id\":\"https:\/\/www.pressenza.com\/fr\/2014\/08\/virus-ebola-menace-se-propager-cameroun\/#primaryimage\"},\"thumbnailUrl\":\"https:\/\/www.pressenza.com\/wp-content\/uploads\/2014\/08\/Ebola_Hemorrhagic_Fever_Distribution_Map-Le-virus-Ebola-menace-de-se-propager-sur-le-Cameroun.jpg\",\"keywords\":[\"Cameroun\",\"Ebola\",\"virus\"],\"articleSection\":[\"Afrique\",\"Contenu Original\",\"International\",\"Sant\u00e9\"],\"inLanguage\":\"fr-FR\"},{\"@type\":\"WebPage\",\"@id\":\"https:\/\/www.pressenza.com\/fr\/2014\/08\/virus-ebola-menace-se-propager-cameroun\/\",\"url\":\"https:\/\/www.pressenza.com\/fr\/2014\/08\/virus-ebola-menace-se-propager-cameroun\/\",\"name\":\"Le virus Ebola menace de se propager sur le Cameroun\",\"isPartOf\":{\"@id\":\"https:\/\/www.pressenza.com\/fr\/#website\"},\"primaryImageOfPage\":{\"@id\":\"https:\/\/www.pressenza.com\/fr\/2014\/08\/virus-ebola-menace-se-propager-cameroun\/#primaryimage\"},\"image\":{\"@id\":\"https:\/\/www.pressenza.com\/fr\/2014\/08\/virus-ebola-menace-se-propager-cameroun\/#primaryimage\"},\"thumbnailUrl\":\"https:\/\/www.pressenza.com\/wp-content\/uploads\/2014\/08\/Ebola_Hemorrhagic_Fever_Distribution_Map-Le-virus-Ebola-menace-de-se-propager-sur-le-Cameroun.jpg\",\"datePublished\":\"2014-08-19T23:08:44+00:00\",\"description\":\"Par Fran\u00e7ois Tekam - Pressenza Cameroun C\u2019est \u00e0 bras le corps que les autorit\u00e9s camerounaises ont pris la lourde responsabilit\u00e9 de fermer les fronti\u00e8res\",\"breadcrumb\":{\"@id\":\"https:\/\/www.pressenza.com\/fr\/2014\/08\/virus-ebola-menace-se-propager-cameroun\/#breadcrumb\"},\"inLanguage\":\"fr-FR\",\"potentialAction\":[{\"@type\":\"ReadAction\",\"target\":[\"https:\/\/www.pressenza.com\/fr\/2014\/08\/virus-ebola-menace-se-propager-cameroun\/\"]}]},{\"@type\":\"ImageObject\",\"inLanguage\":\"fr-FR\",\"@id\":\"https:\/\/www.pressenza.com\/fr\/2014\/08\/virus-ebola-menace-se-propager-cameroun\/#primaryimage\",\"url\":\"https:\/\/www.pressenza.com\/wp-content\/uploads\/2014\/08\/Ebola_Hemorrhagic_Fever_Distribution_Map-Le-virus-Ebola-menace-de-se-propager-sur-le-Cameroun.jpg\",\"contentUrl\":\"https:\/\/www.pressenza.com\/wp-content\/uploads\/2014\/08\/Ebola_Hemorrhagic_Fever_Distribution_Map-Le-virus-Ebola-menace-de-se-propager-sur-le-Cameroun.jpg\",\"width\":485,\"height\":543},{\"@type\":\"BreadcrumbList\",\"@id\":\"https:\/\/www.pressenza.com\/fr\/2014\/08\/virus-ebola-menace-se-propager-cameroun\/#breadcrumb\",\"itemListElement\":[{\"@type\":\"ListItem\",\"position\":1,\"name\":\"Accueil\",\"item\":\"https:\/\/www.pressenza.com\/fr\/\"},{\"@type\":\"ListItem\",\"position\":2,\"name\":\"Le virus Ebola menace de se propager sur le Cameroun\"}]},{\"@type\":\"WebSite\",\"@id\":\"https:\/\/www.pressenza.com\/fr\/#website\",\"url\":\"https:\/\/www.pressenza.com\/fr\/\",\"name\":\"Pressenza\",\"description\":\"International Press Agency\",\"publisher\":{\"@id\":\"https:\/\/www.pressenza.com\/fr\/#organization\"},\"potentialAction\":[{\"@type\":\"SearchAction\",\"target\":{\"@type\":\"EntryPoint\",\"urlTemplate\":\"https:\/\/www.pressenza.com\/fr\/?s={search_term_string}\"},\"query-input\":{\"@type\":\"PropertyValueSpecification\",\"valueRequired\":true,\"valueName\":\"search_term_string\"}}],\"inLanguage\":\"fr-FR\"},{\"@type\":\"Organization\",\"@id\":\"https:\/\/www.pressenza.com\/fr\/#organization\",\"name\":\"Pressenza\",\"url\":\"https:\/\/www.pressenza.com\/fr\/\",\"logo\":{\"@type\":\"ImageObject\",\"inLanguage\":\"fr-FR\",\"@id\":\"https:\/\/www.pressenza.com\/fr\/#\/schema\/logo\/image\/\",\"url\":\"https:\/\/www.pressenza.com\/wp-content\/uploads\/2022\/10\/pressenza_logo_200x200.jpg\",\"contentUrl\":\"https:\/\/www.pressenza.com\/wp-content\/uploads\/2022\/10\/pressenza_logo_200x200.jpg\",\"width\":200,\"height\":200,\"caption\":\"Pressenza\"},\"image\":{\"@id\":\"https:\/\/www.pressenza.com\/fr\/#\/schema\/logo\/image\/\"},\"sameAs\":[\"https:\/\/www.facebook.com\/PressenzaItalia\",\"https:\/\/x.com\/PressenzaIPA\"]},{\"@type\":\"Person\",\"@id\":\"https:\/\/www.pressenza.com\/fr\/#\/schema\/person\/9ae9dbeeba564284657be26a9456fbf8\",\"name\":\"Fran\u00e7ois Tekam\",\"description\":\"Fran\u00e7ois Tekam, n\u00e9 le 18 juin 1971 dans la r\u00e9gion de l\u2019ouest Cameroun, a fait des \u00e9tudes de droit priv\u00e9, droit international de l\u2019environnement. Il a travaill\u00e9 pour plusieurs m\u00e9dias imprim\u00e9s et vit actuellement \u00e0 Yaound\u00e9. Fran\u00e7ois Tekam, born June 18th, 1971, in the west of Cameroon, studied civil law and international environmental law. He has worked for several print media and currently lives in Yaounde.\",\"url\":\"https:\/\/www.pressenza.com\/fr\/author\/francois-tekam\/\"}]}<\/script>\n<!-- \/ Yoast SEO plugin. -->","yoast_head_json":{"title":"Le virus Ebola menace de se propager sur le Cameroun","description":"Par Fran\u00e7ois Tekam - Pressenza Cameroun C\u2019est \u00e0 bras le corps que les autorit\u00e9s camerounaises ont pris la lourde responsabilit\u00e9 de fermer les fronti\u00e8res","robots":{"index":"index","follow":"follow","max-snippet":"max-snippet:-1","max-image-preview":"max-image-preview:large","max-video-preview":"max-video-preview:-1"},"canonical":"https:\/\/www.pressenza.com\/fr\/2014\/08\/virus-ebola-menace-se-propager-cameroun\/","og_locale":"fr_FR","og_type":"article","og_title":"Le virus Ebola menace de se propager sur le Cameroun","og_description":"Par Fran\u00e7ois Tekam - Pressenza Cameroun C\u2019est \u00e0 bras le corps que les autorit\u00e9s camerounaises ont pris la lourde responsabilit\u00e9 de fermer les fronti\u00e8res","og_url":"https:\/\/www.pressenza.com\/fr\/2014\/08\/virus-ebola-menace-se-propager-cameroun\/","og_site_name":"Pressenza","article_publisher":"https:\/\/www.facebook.com\/PressenzaItalia","article_published_time":"2014-08-19T23:08:44+00:00","og_image":[{"width":485,"height":543,"url":"https:\/\/www.pressenza.com\/wp-content\/uploads\/2014\/08\/Ebola_Hemorrhagic_Fever_Distribution_Map-Le-virus-Ebola-menace-de-se-propager-sur-le-Cameroun.jpg","type":"image\/jpeg"}],"author":"Fran\u00e7ois Tekam","twitter_card":"summary_large_image","twitter_creator":"@PressenzaIPA","twitter_site":"@PressenzaIPA","twitter_misc":{"\u00c9crit par":"Fran\u00e7ois Tekam","Dur\u00e9e de lecture estim\u00e9e":"2 minutes"},"schema":{"@context":"https:\/\/schema.org","@graph":[{"@type":"Article","@id":"https:\/\/www.pressenza.com\/fr\/2014\/08\/virus-ebola-menace-se-propager-cameroun\/#article","isPartOf":{"@id":"https:\/\/www.pressenza.com\/fr\/2014\/08\/virus-ebola-menace-se-propager-cameroun\/"},"author":{"name":"Fran\u00e7ois Tekam","@id":"https:\/\/www.pressenza.com\/fr\/#\/schema\/person\/9ae9dbeeba564284657be26a9456fbf8"},"headline":"Le virus Ebola menace de se propager sur le Cameroun","datePublished":"2014-08-19T23:08:44+00:00","mainEntityOfPage":{"@id":"https:\/\/www.pressenza.com\/fr\/2014\/08\/virus-ebola-menace-se-propager-cameroun\/"},"wordCount":481,"publisher":{"@id":"https:\/\/www.pressenza.com\/fr\/#organization"},"image":{"@id":"https:\/\/www.pressenza.com\/fr\/2014\/08\/virus-ebola-menace-se-propager-cameroun\/#primaryimage"},"thumbnailUrl":"https:\/\/www.pressenza.com\/wp-content\/uploads\/2014\/08\/Ebola_Hemorrhagic_Fever_Distribution_Map-Le-virus-Ebola-menace-de-se-propager-sur-le-Cameroun.jpg","keywords":["Cameroun","Ebola","virus"],"articleSection":["Afrique","Contenu Original","International","Sant\u00e9"],"inLanguage":"fr-FR"},{"@type":"WebPage","@id":"https:\/\/www.pressenza.com\/fr\/2014\/08\/virus-ebola-menace-se-propager-cameroun\/","url":"https:\/\/www.pressenza.com\/fr\/2014\/08\/virus-ebola-menace-se-propager-cameroun\/","name":"Le virus Ebola menace de se propager sur le Cameroun","isPartOf":{"@id":"https:\/\/www.pressenza.com\/fr\/#website"},"primaryImageOfPage":{"@id":"https:\/\/www.pressenza.com\/fr\/2014\/08\/virus-ebola-menace-se-propager-cameroun\/#primaryimage"},"image":{"@id":"https:\/\/www.pressenza.com\/fr\/2014\/08\/virus-ebola-menace-se-propager-cameroun\/#primaryimage"},"thumbnailUrl":"https:\/\/www.pressenza.com\/wp-content\/uploads\/2014\/08\/Ebola_Hemorrhagic_Fever_Distribution_Map-Le-virus-Ebola-menace-de-se-propager-sur-le-Cameroun.jpg","datePublished":"2014-08-19T23:08:44+00:00","description":"Par Fran\u00e7ois Tekam - Pressenza Cameroun C\u2019est \u00e0 bras le corps que les autorit\u00e9s camerounaises ont pris la lourde responsabilit\u00e9 de fermer les fronti\u00e8res","breadcrumb":{"@id":"https:\/\/www.pressenza.com\/fr\/2014\/08\/virus-ebola-menace-se-propager-cameroun\/#breadcrumb"},"inLanguage":"fr-FR","potentialAction":[{"@type":"ReadAction","target":["https:\/\/www.pressenza.com\/fr\/2014\/08\/virus-ebola-menace-se-propager-cameroun\/"]}]},{"@type":"ImageObject","inLanguage":"fr-FR","@id":"https:\/\/www.pressenza.com\/fr\/2014\/08\/virus-ebola-menace-se-propager-cameroun\/#primaryimage","url":"https:\/\/www.pressenza.com\/wp-content\/uploads\/2014\/08\/Ebola_Hemorrhagic_Fever_Distribution_Map-Le-virus-Ebola-menace-de-se-propager-sur-le-Cameroun.jpg","contentUrl":"https:\/\/www.pressenza.com\/wp-content\/uploads\/2014\/08\/Ebola_Hemorrhagic_Fever_Distribution_Map-Le-virus-Ebola-menace-de-se-propager-sur-le-Cameroun.jpg","width":485,"height":543},{"@type":"BreadcrumbList","@id":"https:\/\/www.pressenza.com\/fr\/2014\/08\/virus-ebola-menace-se-propager-cameroun\/#breadcrumb","itemListElement":[{"@type":"ListItem","position":1,"name":"Accueil","item":"https:\/\/www.pressenza.com\/fr\/"},{"@type":"ListItem","position":2,"name":"Le virus Ebola menace de se propager sur le Cameroun"}]},{"@type":"WebSite","@id":"https:\/\/www.pressenza.com\/fr\/#website","url":"https:\/\/www.pressenza.com\/fr\/","name":"Pressenza","description":"International Press Agency","publisher":{"@id":"https:\/\/www.pressenza.com\/fr\/#organization"},"potentialAction":[{"@type":"SearchAction","target":{"@type":"EntryPoint","urlTemplate":"https:\/\/www.pressenza.com\/fr\/?s={search_term_string}"},"query-input":{"@type":"PropertyValueSpecification","valueRequired":true,"valueName":"search_term_string"}}],"inLanguage":"fr-FR"},{"@type":"Organization","@id":"https:\/\/www.pressenza.com\/fr\/#organization","name":"Pressenza","url":"https:\/\/www.pressenza.com\/fr\/","logo":{"@type":"ImageObject","inLanguage":"fr-FR","@id":"https:\/\/www.pressenza.com\/fr\/#\/schema\/logo\/image\/","url":"https:\/\/www.pressenza.com\/wp-content\/uploads\/2022\/10\/pressenza_logo_200x200.jpg","contentUrl":"https:\/\/www.pressenza.com\/wp-content\/uploads\/2022\/10\/pressenza_logo_200x200.jpg","width":200,"height":200,"caption":"Pressenza"},"image":{"@id":"https:\/\/www.pressenza.com\/fr\/#\/schema\/logo\/image\/"},"sameAs":["https:\/\/www.facebook.com\/PressenzaItalia","https:\/\/x.com\/PressenzaIPA"]},{"@type":"Person","@id":"https:\/\/www.pressenza.com\/fr\/#\/schema\/person\/9ae9dbeeba564284657be26a9456fbf8","name":"Fran\u00e7ois Tekam","description":"Fran\u00e7ois Tekam, n\u00e9 le 18 juin 1971 dans la r\u00e9gion de l\u2019ouest Cameroun, a fait des \u00e9tudes de droit priv\u00e9, droit international de l\u2019environnement. Il a travaill\u00e9 pour plusieurs m\u00e9dias imprim\u00e9s et vit actuellement \u00e0 Yaound\u00e9. Fran\u00e7ois Tekam, born June 18th, 1971, in the west of Cameroon, studied civil law and international environmental law. He has worked for several print media and currently lives in Yaounde.","url":"https:\/\/www.pressenza.com\/fr\/author\/francois-tekam\/"}]}},"place":"Cameroun","original_article_url":"","_links":{"self":[{"href":"https:\/\/www.pressenza.com\/fr\/wp-json\/wp\/v2\/posts\/126964","targetHints":{"allow":["GET"]}}],"collection":[{"href":"https:\/\/www.pressenza.com\/fr\/wp-json\/wp\/v2\/posts"}],"about":[{"href":"https:\/\/www.pressenza.com\/fr\/wp-json\/wp\/v2\/types\/post"}],"author":[{"embeddable":true,"href":"https:\/\/www.pressenza.com\/fr\/wp-json\/wp\/v2\/users\/248"}],"replies":[{"embeddable":true,"href":"https:\/\/www.pressenza.com\/fr\/wp-json\/wp\/v2\/comments?post=126964"}],"version-history":[{"count":0,"href":"https:\/\/www.pressenza.com\/fr\/wp-json\/wp\/v2\/posts\/126964\/revisions"}],"wp:featuredmedia":[{"embeddable":true,"href":"https:\/\/www.pressenza.com\/fr\/wp-json\/wp\/v2\/media\/126967"}],"wp:attachment":[{"href":"https:\/\/www.pressenza.com\/fr\/wp-json\/wp\/v2\/media?parent=126964"}],"wp:term":[{"taxonomy":"category","embeddable":true,"href":"https:\/\/www.pressenza.com\/fr\/wp-json\/wp\/v2\/categories?post=126964"},{"taxonomy":"post_tag","embeddable":true,"href":"https:\/\/www.pressenza.com\/fr\/wp-json\/wp\/v2\/tags?post=126964"}],"curies":[{"name":"wp","href":"https:\/\/api.w.org\/{rel}","templated":true}]}}